{"id":997983,"date":"2019-12-17T16:12:18","date_gmt":"2019-12-17T16:12:18","guid":{"rendered":"https:\/\/www.pressenza.com\/?p=997983"},"modified":"2019-12-17T16:12:18","modified_gmt":"2019-12-17T16:12:18","slug":"nao-somos-contra-desenvolvimento-mas-esse-modelo-fracassou-diz-lider-indigena","status":"publish","type":"post","link":"https:\/\/www.pressenza.com\/pt-pt\/2019\/12\/nao-somos-contra-desenvolvimento-mas-esse-modelo-fracassou-diz-lider-indigena\/","title":{"rendered":"\u201cN\u00e3o somos contra desenvolvimento, mas esse modelo fracassou\u201d, diz l\u00edder ind\u00edgena"},"content":{"rendered":"<h4 class=\"subtitle col-xs-12\">Em entrevista exclusiva \u00e0 Di\u00e1logos do Sul durante a COP 25, Jos\u00e9 Greg\u00f3rio D\u00edaz fala sobre o assassinato dos povos origin\u00e1rios e a import\u00e2ncia do Papa Francisco<\/h4>\n<p>&nbsp;<\/p>\n<h5><a class=\"h4 bold text-uppercase\" href=\"https:\/\/dialogosdosul.operamundi.uol.com.br\/autores\/4139\/vanessa-martina-silva\">VANESSA MARTINA SILVA<\/a><\/h5>\n<p>&nbsp;<\/p>\n<p>\u201cEst\u00e1 sendo feita muita destrui\u00e7\u00e3o no territ\u00f3rio, mas infelizmente este modelo ainda conta com o apoio das empresas e dos grandes bancos do mundo, que ainda insistem nesse tipo neste modelo de desenvolvimento e neste modelo de desenvolvimento extrativo, de minera\u00e7\u00e3o que causa muitos danos aos territ\u00f3rios ind\u00edgenas\u201d, diz a lideran\u00e7a.<\/p>\n<p>Mas a participa\u00e7\u00e3o da COICA na confer\u00eancia n\u00e3o foi s\u00f3 de cr\u00edtica. D\u00edaz ressalta que a orgazaniza\u00e7\u00e3o levou casos concretos e bem-sucedidos, como a Rede nd\u00edgena Amaz\u00f4nica, chamada R\u00eda Uno, que est\u00e1 na reserva Amarakaeri da selva peruana, onde a popula\u00e7\u00e3o conseguiu frear a quest\u00e3o da minera\u00e7\u00e3o ilegal, o desmatamento e a polui\u00e7\u00e3o do territ\u00f3rio, o que foi feito pelos povos ind\u00edgenas e comunidades dessa \u00e1rea.<\/p>\n<p>A morte de l\u00edderes ind\u00edgenas foi um dos temas no cento do debate: \u201cestamos muito sentidos pelos assassinatos dos irm\u00e3os Guajajara. N\u00e3o est\u00e3o respeitando a situa\u00e7\u00e3o dos povos ind\u00edgenas\u201d e destaca que a persegui\u00e7\u00e3o,o processo de queimadas e o desmatamento no pa\u00eds se d\u00e3o para estender a fronteira agr\u00edcola at\u00e9 a floresta amaz\u00f4nica. Os criadores de gado e empres\u00e1rios \u201cacreditam que na selva n\u00e3o existe nada e n\u00e3o t\u00eam que pedir permiss\u00e3o para ningu\u00e9m\u201d.<\/p>\n<p>Sobre Greta Thunberg, a jovem ativista que tem tomado os holofotes da imprensa mundial no debate sobre mudan\u00e7as clim\u00e1ticas, D\u00edaz \u00e9 categ\u00f3rico ao dizer que ela gerou um importante movimento em todo o mundo \u201cmas ela luta h\u00e1 um ano \u2014 e que bom que ela mobilizou a fibra das emo\u00e7\u00f5es da humanidade, sobretudo nas crian\u00e7as e jovens, o que valorizamos \u2014, mas, por outro lado, n\u00f3s j\u00e1 temos mais de 50 anos lutando pelos direitos da natureza e da vida e, muitas vezes, isso n\u00e3o \u00e9 not\u00edcia\u201d.<\/p>\n<h4><strong>Assista a entrevista completa (ative a legenda em portugu\u00eas):<\/strong><\/h4>\n<p><iframe loading=\"lazy\" title=\"Entrevista exclusiva com Jos\u00e9 Greg\u00f3rio D\u00edaz, l\u00edder ind\u00edgena da Amaz\u00f4nia\" width=\"500\" height=\"281\" src=\"https:\/\/www.youtube.com\/embed\/nNJLg5rvF8s?feature=oembed\" frameborder=\"0\" allow=\"accelerometer; autoplay; clipboard-write; encrypted-media; gyroscope; picture-in-picture; web-share\" referrerpolicy=\"strict-origin-when-cross-origin\" allowfullscreen><\/iframe><\/p>\n<p>&nbsp;<\/p>\n","protected":false},"excerpt":{"rendered":"<p>Em entrevista exclusiva \u00e0 Di\u00e1logos do Sul durante a COP 25, Jos\u00e9 Greg\u00f3rio D\u00edaz fala sobre o assassinato dos povos origin\u00e1rios e a import\u00e2ncia do Papa Francisco &nbsp; VANESSA MARTINA SILVA &nbsp; \u201cEst\u00e1 sendo feita muita destrui\u00e7\u00e3o no territ\u00f3rio, mas&hellip;<\/p>\n","protected":false},"author":1360,"featured_media":997984,"comment_status":"closed","ping_status":"closed","sticky":false,"template":"","format":"standard","meta":{"footnotes":""},"categories":[104,117,116],"tags":[68474,56474,68473,54596,33011],"class_list":["post-997983","post","type-post","status-publish","format-standard","has-post-thumbnail","hentry","category-america-do-sul","category-povos-originarios","category-direitos-humanos","tag-cop-25-pt-pt","tag-greta-thunberg-pt-pt","tag-jose-gregorio-diaz-mirabal","tag-papa-francisco-pt-pt","tag-povos-originarios"],"yoast_head":"<!-- This site is optimized with the Yoast SEO plugin v27.1.1 - https:\/\/yoast.com\/product\/yoast-seo-wordpress\/ -->\n<title>\u201cN\u00e3o somos contra desenvolvimento, mas esse modelo fracassou\u201d, diz l\u00edder ind\u00edgena<\/title>\n<meta name=\"description\" content=\"Em entrevista exclusiva \u00e0 Di\u00e1logos do Sul durante a COP 25, Jos\u00e9 Greg\u00f3rio D\u00edaz fala sobre o assassinato dos povos origin\u00e1rios e a import\u00e2ncia do Papa\" \/>\n<meta name=\"robots\" content=\"index, follow, max-snippet:-1, max-image-preview:large, max-video-preview:-1\" \/>\n<link rel=\"canonical\" href=\"https:\/\/www.pressenza.com\/pt-pt\/2019\/12\/nao-somos-contra-desenvolvimento-mas-esse-modelo-fracassou-diz-lider-indigena\/\" \/>\n<meta property=\"og:locale\" content=\"pt_PT\" \/>\n<meta property=\"og:type\" content=\"article\" \/>\n<meta property=\"og:title\" content=\"\u201cN\u00e3o somos contra desenvolvimento, mas esse modelo fracassou\u201d, diz l\u00edder ind\u00edgena\" \/>\n<meta property=\"og:description\" content=\"Em entrevista exclusiva \u00e0 Di\u00e1logos do Sul durante a COP 25, Jos\u00e9 Greg\u00f3rio D\u00edaz fala sobre o assassinato dos povos origin\u00e1rios e a import\u00e2ncia do Papa\" \/>\n<meta property=\"og:url\" content=\"https:\/\/www.pressenza.com\/pt-pt\/2019\/12\/nao-somos-contra-desenvolvimento-mas-esse-modelo-fracassou-diz-lider-indigena\/\" \/>\n<meta property=\"og:site_name\" content=\"Pressenza\" \/>\n<meta property=\"article:publisher\" content=\"https:\/\/www.facebook.com\/PressenzaItalia\" \/>\n<meta property=\"article:published_time\" content=\"2019-12-17T16:12:18+00:00\" \/>\n<meta property=\"og:image\" content=\"https:\/\/www.pressenza.com\/wp-content\/uploads\/2019\/12\/MTg4YzRjNGY2YTY2ZWNhNjU2MGYwYzdlMGM4N2U1ZWJfNTAzN2UyNDNjYjBiZTVlMTI1NjRjZTVkNjQxNTE4Y2YucG5n.png\" \/>\n\t<meta property=\"og:image:width\" content=\"960\" \/>\n\t<meta property=\"og:image:height\" content=\"571\" \/>\n\t<meta property=\"og:image:type\" content=\"image\/png\" \/>\n<meta name=\"author\" content=\"Di\u00e1logos do Sul\" \/>\n<meta name=\"twitter:card\" content=\"summary_large_image\" \/>\n<meta name=\"twitter:creator\" content=\"@PressenzaIPA\" \/>\n<meta name=\"twitter:site\" content=\"@PressenzaIPA\" \/>\n<meta name=\"twitter:label1\" content=\"Escrito por\" \/>\n\t<meta name=\"twitter:data1\" content=\"Di\u00e1logos do Sul\" \/>\n\t<meta name=\"twitter:label2\" content=\"Tempo estimado de leitura\" \/>\n\t<meta name=\"twitter:data2\" content=\"2 minutos\" \/>\n<script type=\"application\/ld+json\" class=\"yoast-schema-graph\">{\"@context\":\"https:\/\/schema.org\",\"@graph\":[{\"@type\":\"Article\",\"@id\":\"https:\/\/www.pressenza.com\/pt-pt\/2019\/12\/nao-somos-contra-desenvolvimento-mas-esse-modelo-fracassou-diz-lider-indigena\/#article\",\"isPartOf\":{\"@id\":\"https:\/\/www.pressenza.com\/pt-pt\/2019\/12\/nao-somos-contra-desenvolvimento-mas-esse-modelo-fracassou-diz-lider-indigena\/\"},\"author\":{\"name\":\"Di\u00e1logos do Sul\",\"@id\":\"https:\/\/www.pressenza.com\/pt-pt\/#\/schema\/person\/f5db8b1901dd28f015f3b715b642b274\"},\"headline\":\"\u201cN\u00e3o somos contra desenvolvimento, mas esse modelo fracassou\u201d, diz l\u00edder ind\u00edgena\",\"datePublished\":\"2019-12-17T16:12:18+00:00\",\"mainEntityOfPage\":{\"@id\":\"https:\/\/www.pressenza.com\/pt-pt\/2019\/12\/nao-somos-contra-desenvolvimento-mas-esse-modelo-fracassou-diz-lider-indigena\/\"},\"wordCount\":389,\"publisher\":{\"@id\":\"https:\/\/www.pressenza.com\/pt-pt\/#organization\"},\"image\":{\"@id\":\"https:\/\/www.pressenza.com\/pt-pt\/2019\/12\/nao-somos-contra-desenvolvimento-mas-esse-modelo-fracassou-diz-lider-indigena\/#primaryimage\"},\"thumbnailUrl\":\"https:\/\/www.pressenza.com\/wp-content\/uploads\/2019\/12\/MTg4YzRjNGY2YTY2ZWNhNjU2MGYwYzdlMGM4N2U1ZWJfNTAzN2UyNDNjYjBiZTVlMTI1NjRjZTVkNjQxNTE4Y2YucG5n.png\",\"keywords\":[\"COP 25\",\"Greta Thunberg\",\"Jos\u00e9 Greg\u00f3rio D\u00edaz Mirabal\",\"Papa Francisco\",\"povos originarios\"],\"articleSection\":[\"\u00c1m\u00e9rica do Sul\",\"Assuntos ind\u00edgenas\",\"Direitos Humanos\"],\"inLanguage\":\"pt-PT\"},{\"@type\":\"WebPage\",\"@id\":\"https:\/\/www.pressenza.com\/pt-pt\/2019\/12\/nao-somos-contra-desenvolvimento-mas-esse-modelo-fracassou-diz-lider-indigena\/\",\"url\":\"https:\/\/www.pressenza.com\/pt-pt\/2019\/12\/nao-somos-contra-desenvolvimento-mas-esse-modelo-fracassou-diz-lider-indigena\/\",\"name\":\"\u201cN\u00e3o somos contra desenvolvimento, mas esse modelo fracassou\u201d, diz l\u00edder ind\u00edgena\",\"isPartOf\":{\"@id\":\"https:\/\/www.pressenza.com\/pt-pt\/#website\"},\"primaryImageOfPage\":{\"@id\":\"https:\/\/www.pressenza.com\/pt-pt\/2019\/12\/nao-somos-contra-desenvolvimento-mas-esse-modelo-fracassou-diz-lider-indigena\/#primaryimage\"},\"image\":{\"@id\":\"https:\/\/www.pressenza.com\/pt-pt\/2019\/12\/nao-somos-contra-desenvolvimento-mas-esse-modelo-fracassou-diz-lider-indigena\/#primaryimage\"},\"thumbnailUrl\":\"https:\/\/www.pressenza.com\/wp-content\/uploads\/2019\/12\/MTg4YzRjNGY2YTY2ZWNhNjU2MGYwYzdlMGM4N2U1ZWJfNTAzN2UyNDNjYjBiZTVlMTI1NjRjZTVkNjQxNTE4Y2YucG5n.png\",\"datePublished\":\"2019-12-17T16:12:18+00:00\",\"description\":\"Em entrevista exclusiva \u00e0 Di\u00e1logos do Sul durante a COP 25, Jos\u00e9 Greg\u00f3rio D\u00edaz fala sobre o assassinato dos povos origin\u00e1rios e a import\u00e2ncia do Papa\",\"breadcrumb\":{\"@id\":\"https:\/\/www.pressenza.com\/pt-pt\/2019\/12\/nao-somos-contra-desenvolvimento-mas-esse-modelo-fracassou-diz-lider-indigena\/#breadcrumb\"},\"inLanguage\":\"pt-PT\",\"potentialAction\":[{\"@type\":\"ReadAction\",\"target\":[\"https:\/\/www.pressenza.com\/pt-pt\/2019\/12\/nao-somos-contra-desenvolvimento-mas-esse-modelo-fracassou-diz-lider-indigena\/\"]}]},{\"@type\":\"ImageObject\",\"inLanguage\":\"pt-PT\",\"@id\":\"https:\/\/www.pressenza.com\/pt-pt\/2019\/12\/nao-somos-contra-desenvolvimento-mas-esse-modelo-fracassou-diz-lider-indigena\/#primaryimage\",\"url\":\"https:\/\/www.pressenza.com\/wp-content\/uploads\/2019\/12\/MTg4YzRjNGY2YTY2ZWNhNjU2MGYwYzdlMGM4N2U1ZWJfNTAzN2UyNDNjYjBiZTVlMTI1NjRjZTVkNjQxNTE4Y2YucG5n.png\",\"contentUrl\":\"https:\/\/www.pressenza.com\/wp-content\/uploads\/2019\/12\/MTg4YzRjNGY2YTY2ZWNhNjU2MGYwYzdlMGM4N2U1ZWJfNTAzN2UyNDNjYjBiZTVlMTI1NjRjZTVkNjQxNTE4Y2YucG5n.png\",\"width\":960,\"height\":571},{\"@type\":\"BreadcrumbList\",\"@id\":\"https:\/\/www.pressenza.com\/pt-pt\/2019\/12\/nao-somos-contra-desenvolvimento-mas-esse-modelo-fracassou-diz-lider-indigena\/#breadcrumb\",\"itemListElement\":[{\"@type\":\"ListItem\",\"position\":1,\"name\":\"Accueil\",\"item\":\"https:\/\/www.pressenza.com\/pt-pt\/\"},{\"@type\":\"ListItem\",\"position\":2,\"name\":\"\u201cN\u00e3o somos contra desenvolvimento, mas esse modelo fracassou\u201d, diz l\u00edder ind\u00edgena\"}]},{\"@type\":\"WebSite\",\"@id\":\"https:\/\/www.pressenza.com\/pt-pt\/#website\",\"url\":\"https:\/\/www.pressenza.com\/pt-pt\/\",\"name\":\"Pressenza\",\"description\":\"International Press Agency\",\"publisher\":{\"@id\":\"https:\/\/www.pressenza.com\/pt-pt\/#organization\"},\"potentialAction\":[{\"@type\":\"SearchAction\",\"target\":{\"@type\":\"EntryPoint\",\"urlTemplate\":\"https:\/\/www.pressenza.com\/pt-pt\/?s={search_term_string}\"},\"query-input\":{\"@type\":\"PropertyValueSpecification\",\"valueRequired\":true,\"valueName\":\"search_term_string\"}}],\"inLanguage\":\"pt-PT\"},{\"@type\":\"Organization\",\"@id\":\"https:\/\/www.pressenza.com\/pt-pt\/#organization\",\"name\":\"Pressenza\",\"url\":\"https:\/\/www.pressenza.com\/pt-pt\/\",\"logo\":{\"@type\":\"ImageObject\",\"inLanguage\":\"pt-PT\",\"@id\":\"https:\/\/www.pressenza.com\/pt-pt\/#\/schema\/logo\/image\/\",\"url\":\"https:\/\/www.pressenza.com\/wp-content\/uploads\/2022\/10\/pressenza_logo_200x200.jpg\",\"contentUrl\":\"https:\/\/www.pressenza.com\/wp-content\/uploads\/2022\/10\/pressenza_logo_200x200.jpg\",\"width\":200,\"height\":200,\"caption\":\"Pressenza\"},\"image\":{\"@id\":\"https:\/\/www.pressenza.com\/pt-pt\/#\/schema\/logo\/image\/\"},\"sameAs\":[\"https:\/\/www.facebook.com\/PressenzaItalia\",\"https:\/\/x.com\/PressenzaIPA\"]},{\"@type\":\"Person\",\"@id\":\"https:\/\/www.pressenza.com\/pt-pt\/#\/schema\/person\/f5db8b1901dd28f015f3b715b642b274\",\"name\":\"Di\u00e1logos do Sul\",\"sameAs\":[\"http:\/\/operamundi.uol.com.br\/dialogosdosul\"],\"url\":\"https:\/\/www.pressenza.com\/pt-pt\/author\/dialogos-do-sul\/\"}]}<\/script>\n<!-- \/ Yoast SEO plugin. -->","yoast_head_json":{"title":"\u201cN\u00e3o somos contra desenvolvimento, mas esse modelo fracassou\u201d, diz l\u00edder ind\u00edgena","description":"Em entrevista exclusiva \u00e0 Di\u00e1logos do Sul durante a COP 25, Jos\u00e9 Greg\u00f3rio D\u00edaz fala sobre o assassinato dos povos origin\u00e1rios e a import\u00e2ncia do Papa","robots":{"index":"index","follow":"follow","max-snippet":"max-snippet:-1","max-image-preview":"max-image-preview:large","max-video-preview":"max-video-preview:-1"},"canonical":"https:\/\/www.pressenza.com\/pt-pt\/2019\/12\/nao-somos-contra-desenvolvimento-mas-esse-modelo-fracassou-diz-lider-indigena\/","og_locale":"pt_PT","og_type":"article","og_title":"\u201cN\u00e3o somos contra desenvolvimento, mas esse modelo fracassou\u201d, diz l\u00edder ind\u00edgena","og_description":"Em entrevista exclusiva \u00e0 Di\u00e1logos do Sul durante a COP 25, Jos\u00e9 Greg\u00f3rio D\u00edaz fala sobre o assassinato dos povos origin\u00e1rios e a import\u00e2ncia do Papa","og_url":"https:\/\/www.pressenza.com\/pt-pt\/2019\/12\/nao-somos-contra-desenvolvimento-mas-esse-modelo-fracassou-diz-lider-indigena\/","og_site_name":"Pressenza","article_publisher":"https:\/\/www.facebook.com\/PressenzaItalia","article_published_time":"2019-12-17T16:12:18+00:00","og_image":[{"width":960,"height":571,"url":"https:\/\/www.pressenza.com\/wp-content\/uploads\/2019\/12\/MTg4YzRjNGY2YTY2ZWNhNjU2MGYwYzdlMGM4N2U1ZWJfNTAzN2UyNDNjYjBiZTVlMTI1NjRjZTVkNjQxNTE4Y2YucG5n.png","type":"image\/png"}],"author":"Di\u00e1logos do Sul","twitter_card":"summary_large_image","twitter_creator":"@PressenzaIPA","twitter_site":"@PressenzaIPA","twitter_misc":{"Escrito por":"Di\u00e1logos do Sul","Tempo estimado de leitura":"2 minutos"},"schema":{"@context":"https:\/\/schema.org","@graph":[{"@type":"Article","@id":"https:\/\/www.pressenza.com\/pt-pt\/2019\/12\/nao-somos-contra-desenvolvimento-mas-esse-modelo-fracassou-diz-lider-indigena\/#article","isPartOf":{"@id":"https:\/\/www.pressenza.com\/pt-pt\/2019\/12\/nao-somos-contra-desenvolvimento-mas-esse-modelo-fracassou-diz-lider-indigena\/"},"author":{"name":"Di\u00e1logos do Sul","@id":"https:\/\/www.pressenza.com\/pt-pt\/#\/schema\/person\/f5db8b1901dd28f015f3b715b642b274"},"headline":"\u201cN\u00e3o somos contra desenvolvimento, mas esse modelo fracassou\u201d, diz l\u00edder ind\u00edgena","datePublished":"2019-12-17T16:12:18+00:00","mainEntityOfPage":{"@id":"https:\/\/www.pressenza.com\/pt-pt\/2019\/12\/nao-somos-contra-desenvolvimento-mas-esse-modelo-fracassou-diz-lider-indigena\/"},"wordCount":389,"publisher":{"@id":"https:\/\/www.pressenza.com\/pt-pt\/#organization"},"image":{"@id":"https:\/\/www.pressenza.com\/pt-pt\/2019\/12\/nao-somos-contra-desenvolvimento-mas-esse-modelo-fracassou-diz-lider-indigena\/#primaryimage"},"thumbnailUrl":"https:\/\/www.pressenza.com\/wp-content\/uploads\/2019\/12\/MTg4YzRjNGY2YTY2ZWNhNjU2MGYwYzdlMGM4N2U1ZWJfNTAzN2UyNDNjYjBiZTVlMTI1NjRjZTVkNjQxNTE4Y2YucG5n.png","keywords":["COP 25","Greta Thunberg","Jos\u00e9 Greg\u00f3rio D\u00edaz Mirabal","Papa Francisco","povos originarios"],"articleSection":["\u00c1m\u00e9rica do Sul","Assuntos ind\u00edgenas","Direitos Humanos"],"inLanguage":"pt-PT"},{"@type":"WebPage","@id":"https:\/\/www.pressenza.com\/pt-pt\/2019\/12\/nao-somos-contra-desenvolvimento-mas-esse-modelo-fracassou-diz-lider-indigena\/","url":"https:\/\/www.pressenza.com\/pt-pt\/2019\/12\/nao-somos-contra-desenvolvimento-mas-esse-modelo-fracassou-diz-lider-indigena\/","name":"\u201cN\u00e3o somos contra desenvolvimento, mas esse modelo fracassou\u201d, diz l\u00edder ind\u00edgena","isPartOf":{"@id":"https:\/\/www.pressenza.com\/pt-pt\/#website"},"primaryImageOfPage":{"@id":"https:\/\/www.pressenza.com\/pt-pt\/2019\/12\/nao-somos-contra-desenvolvimento-mas-esse-modelo-fracassou-diz-lider-indigena\/#primaryimage"},"image":{"@id":"https:\/\/www.pressenza.com\/pt-pt\/2019\/12\/nao-somos-contra-desenvolvimento-mas-esse-modelo-fracassou-diz-lider-indigena\/#primaryimage"},"thumbnailUrl":"https:\/\/www.pressenza.com\/wp-content\/uploads\/2019\/12\/MTg4YzRjNGY2YTY2ZWNhNjU2MGYwYzdlMGM4N2U1ZWJfNTAzN2UyNDNjYjBiZTVlMTI1NjRjZTVkNjQxNTE4Y2YucG5n.png","datePublished":"2019-12-17T16:12:18+00:00","description":"Em entrevista exclusiva \u00e0 Di\u00e1logos do Sul durante a COP 25, Jos\u00e9 Greg\u00f3rio D\u00edaz fala sobre o assassinato dos povos origin\u00e1rios e a import\u00e2ncia do Papa","breadcrumb":{"@id":"https:\/\/www.pressenza.com\/pt-pt\/2019\/12\/nao-somos-contra-desenvolvimento-mas-esse-modelo-fracassou-diz-lider-indigena\/#breadcrumb"},"inLanguage":"pt-PT","potentialAction":[{"@type":"ReadAction","target":["https:\/\/www.pressenza.com\/pt-pt\/2019\/12\/nao-somos-contra-desenvolvimento-mas-esse-modelo-fracassou-diz-lider-indigena\/"]}]},{"@type":"ImageObject","inLanguage":"pt-PT","@id":"https:\/\/www.pressenza.com\/pt-pt\/2019\/12\/nao-somos-contra-desenvolvimento-mas-esse-modelo-fracassou-diz-lider-indigena\/#primaryimage","url":"https:\/\/www.pressenza.com\/wp-content\/uploads\/2019\/12\/MTg4YzRjNGY2YTY2ZWNhNjU2MGYwYzdlMGM4N2U1ZWJfNTAzN2UyNDNjYjBiZTVlMTI1NjRjZTVkNjQxNTE4Y2YucG5n.png","contentUrl":"https:\/\/www.pressenza.com\/wp-content\/uploads\/2019\/12\/MTg4YzRjNGY2YTY2ZWNhNjU2MGYwYzdlMGM4N2U1ZWJfNTAzN2UyNDNjYjBiZTVlMTI1NjRjZTVkNjQxNTE4Y2YucG5n.png","width":960,"height":571},{"@type":"BreadcrumbList","@id":"https:\/\/www.pressenza.com\/pt-pt\/2019\/12\/nao-somos-contra-desenvolvimento-mas-esse-modelo-fracassou-diz-lider-indigena\/#breadcrumb","itemListElement":[{"@type":"ListItem","position":1,"name":"Accueil","item":"https:\/\/www.pressenza.com\/pt-pt\/"},{"@type":"ListItem","position":2,"name":"\u201cN\u00e3o somos contra desenvolvimento, mas esse modelo fracassou\u201d, diz l\u00edder ind\u00edgena"}]},{"@type":"WebSite","@id":"https:\/\/www.pressenza.com\/pt-pt\/#website","url":"https:\/\/www.pressenza.com\/pt-pt\/","name":"Pressenza","description":"International Press Agency","publisher":{"@id":"https:\/\/www.pressenza.com\/pt-pt\/#organization"},"potentialAction":[{"@type":"SearchAction","target":{"@type":"EntryPoint","urlTemplate":"https:\/\/www.pressenza.com\/pt-pt\/?s={search_term_string}"},"query-input":{"@type":"PropertyValueSpecification","valueRequired":true,"valueName":"search_term_string"}}],"inLanguage":"pt-PT"},{"@type":"Organization","@id":"https:\/\/www.pressenza.com\/pt-pt\/#organization","name":"Pressenza","url":"https:\/\/www.pressenza.com\/pt-pt\/","logo":{"@type":"ImageObject","inLanguage":"pt-PT","@id":"https:\/\/www.pressenza.com\/pt-pt\/#\/schema\/logo\/image\/","url":"https:\/\/www.pressenza.com\/wp-content\/uploads\/2022\/10\/pressenza_logo_200x200.jpg","contentUrl":"https:\/\/www.pressenza.com\/wp-content\/uploads\/2022\/10\/pressenza_logo_200x200.jpg","width":200,"height":200,"caption":"Pressenza"},"image":{"@id":"https:\/\/www.pressenza.com\/pt-pt\/#\/schema\/logo\/image\/"},"sameAs":["https:\/\/www.facebook.com\/PressenzaItalia","https:\/\/x.com\/PressenzaIPA"]},{"@type":"Person","@id":"https:\/\/www.pressenza.com\/pt-pt\/#\/schema\/person\/f5db8b1901dd28f015f3b715b642b274","name":"Di\u00e1logos do Sul","sameAs":["http:\/\/operamundi.uol.com.br\/dialogosdosul"],"url":"https:\/\/www.pressenza.com\/pt-pt\/author\/dialogos-do-sul\/"}]}},"place":"S\u00e3o Paulo, Brasil","original_article_url":"https:\/\/dialogosdosul.operamundi.uol.com.br\/direitos-humanos\/62202\/nao-somos-contra-desenvolvimento-mas-esse-modelo-fracassou-diz-lider-indigena","_links":{"self":[{"href":"https:\/\/www.pressenza.com\/pt-pt\/wp-json\/wp\/v2\/posts\/997983","targetHints":{"allow":["GET"]}}],"collection":[{"href":"https:\/\/www.pressenza.com\/pt-pt\/wp-json\/wp\/v2\/posts"}],"about":[{"href":"https:\/\/www.pressenza.com\/pt-pt\/wp-json\/wp\/v2\/types\/post"}],"author":[{"embeddable":true,"href":"https:\/\/www.pressenza.com\/pt-pt\/wp-json\/wp\/v2\/users\/1360"}],"replies":[{"embeddable":true,"href":"https:\/\/www.pressenza.com\/pt-pt\/wp-json\/wp\/v2\/comments?post=997983"}],"version-history":[{"count":0,"href":"https:\/\/www.pressenza.com\/pt-pt\/wp-json\/wp\/v2\/posts\/997983\/revisions"}],"wp:featuredmedia":[{"embeddable":true,"href":"https:\/\/www.pressenza.com\/pt-pt\/wp-json\/wp\/v2\/media\/997984"}],"wp:attachment":[{"href":"https:\/\/www.pressenza.com\/pt-pt\/wp-json\/wp\/v2\/media?parent=997983"}],"wp:term":[{"taxonomy":"category","embeddable":true,"href":"https:\/\/www.pressenza.com\/pt-pt\/wp-json\/wp\/v2\/categories?post=997983"},{"taxonomy":"post_tag","embeddable":true,"href":"https:\/\/www.pressenza.com\/pt-pt\/wp-json\/wp\/v2\/tags?post=997983"}],"curies":[{"name":"wp","href":"https:\/\/api.w.org\/{rel}","templated":true}]}}