{"id":994643,"date":"2019-12-13T09:34:37","date_gmt":"2019-12-13T09:34:37","guid":{"rendered":"https:\/\/www.pressenza.com\/?p=994643"},"modified":"2019-12-13T09:34:37","modified_gmt":"2019-12-13T09:34:37","slug":"conservadores-vencem-no-reino-unido-e-boris-johnson-deve-seguir-primeiro-ministro","status":"publish","type":"post","link":"https:\/\/www.pressenza.com\/pt-pt\/2019\/12\/conservadores-vencem-no-reino-unido-e-boris-johnson-deve-seguir-primeiro-ministro\/","title":{"rendered":"Conservadores vencem no Reino Unido e Boris Johnson deve seguir primeiro-ministro"},"content":{"rendered":"<h4 class=\"subtitle col-xs-12\">Vit\u00f3ria deve efetivar Brexit, promessa de campanha feita pela direita brit\u00e2nica; chanceler \u00e9 conhecido por ser midi\u00e1tico e adepto das fake news<\/h4>\n<h4><a class=\"h4 bold text-uppercase\" href=\"https:\/\/dialogosdosul.operamundi.uol.com.br\/autores\/4501\/mariane-barbosa\">MARIANE BARBOSA<\/a><\/h4>\n<p dir=\"ltr\">O partido Conservador brit\u00e2nico garantiu mais uma vit\u00f3ria nas urnas nesta quinta-feira (12), o que indica que o projeto de sa\u00edda do Reino Unido, chamado de Brexit, deve se concretizar e o primeiro-ministro, Boris Johnson, seguir\u00e1 comandando o governo.<\/p>\n<p dir=\"ltr\">Os conservadores obtiveram 368 cadeiras contra 191 dos trabalhistas, como indica pesquisa de boca de urna divulgada no come\u00e7o da noite.<\/p>\n<p dir=\"ltr\">Na oposi\u00e7\u00e3o, o Partido Trabalhista, que faz oposi\u00e7\u00e3o a Johnson com o l\u00edder Jeremy Corbyn, j\u00e1 n\u00e3o havia conseguido um resultado satisfat\u00f3rio nas elei\u00e7\u00f5es europeias e locais em 2019 para retornar em maioria ao governo. A sigla se dividiu em 2016, quando\u00a0<a href=\"https:\/\/jornalistaslivres.org\/eleicao-o-reino-em-uma-encruzilhada\/\">metade de sua base votou no Brexit<\/a>.<\/p>\n<h4 dir=\"ltr\">Quando a ideologia bate \u00e0 porta do Brexit<\/h4>\n<p dir=\"ltr\"><a href=\"https:\/\/brasil.elpais.com\/internacional\/2019-12-12\/reino-unido-volta-as-urnas-com-vantagem-reduzida-de-johnson.html\">Segundo o jornal\u00a0El Pa\u00eds<\/a>, mesmo que as pesquisas j\u00e1 apontassem uma vantagem do Partido Conservador, grandes figuras como o\u00a0<a href=\"https:\/\/brasil.elpais.com\/brasil\/2019\/01\/18\/internacional\/1547824724_094806.html\">ex-ministro e l\u00edder trabalhista Tony Blair<\/a>\u00a0advertiram que \u201ctentar resolver o labirinto do Brexit com elei\u00e7\u00f5es gerais pode provocar uma confus\u00e3o ainda maior porque quest\u00f5es ideol\u00f3gicas e \u201cat\u00e9 sentimentais\u201d se misturariam com o assunto que dividiu o pa\u00eds nas \u00faltimas d\u00e9cadas.<\/p>\n<p>Um dos maiores debates sobre a sa\u00edda do pa\u00eds da UE s\u00e3o as pol\u00edticas de temas como imigra\u00e7\u00e3o, livre-com\u00e9rcio e globaliza\u00e7\u00e3o.<\/p>\n<p>Em 2016, um n\u00famero recorde de 46,5 milh\u00f5es de eleitores foram convocados para responder se o Reino Unido deveria ou n\u00e3o permanecer como membro da Uni\u00e3o Europeia. J\u00e1 naquele ano, a maioria optou por deixar o bloco econ\u00f4mico por mais de 1,2 milh\u00e3o de votos.<\/p>\n<p>Ainda durante o mandato da ex-primeira-ministra brit\u00e2nica Theresa May, em mar\u00e7o de 2017, a decis\u00e3o da sa\u00edda foi notificada ao bloco europeu, que segundo o Artigo 50 do Tratado de Lisboa, comunicou que o desmembramento se tornaria oficial ap\u00f3s o per\u00edodo de dois anos.<\/p>\n<p><a href=\"https:\/\/dialogosdosul.operamundi.uol.com.br\/mundo\/55335\/esta-achando-confuso-o-sai-nao-sai-do-brexit-voce-nao-esta-so\">Quando o tempo previsto para a sa\u00edda chegou, em mar\u00e7o de 2019<\/a>, a separa\u00e7\u00e3o n\u00e3o aconteceu, pois o acordo apresentado pela ex-primeira-ministra foi rejeitado pela terceira vez pela oposi\u00e7\u00e3o no Parlamento brit\u00e2nico, o que a levou a deixar o cargo em junho.<\/p>\n<h4 dir=\"ltr\">Elei\u00e7\u00f5es na era Boris Johnson<\/h4>\n<p>No lugar de Theresa May, foi eleito, em 23 de junho, o l\u00edder do Partido Conservador e ex-prefeito de Londres,\u00a0<a href=\"https:\/\/dialogosdosul.operamundi.uol.com.br\/mundo\/60161\/boris-johnson-o-brexit-e-a-farsa-liberal-por-que-o-neoliberalismo-leva-o-mundo-ao-fascismo\">Boris Johnson<\/a>, que ganhou muita for\u00e7a ao realizar sua campanha com a promessa de deixar a UE at\u00e9 31 de outubro\u00a0<a href=\"https:\/\/exame.abril.com.br\/economia\/como-um-brexit-sem-acordo-pode-se-tornar-um-problema-global\/\">\u201ccom ou sem acordo\u201d<\/a>.<\/p>\n<p><a href=\"https:\/\/dialogosdosul.operamundi.uol.com.br\/mundo\/60161\/boris-johnson-o-brexit-e-a-farsa-liberal-por-que-o-neoliberalismo-leva-o-mundo-ao-fascismo\">Conhecido por fazer lives em sua p\u00e1gina no Facebook<\/a>, seguindo a linha de Donald Trump e Jair Bolsonaro, o que preocupa a oposi\u00e7\u00e3o brit\u00e2nica \u00e9 o\u00a0<a href=\"http:\/\/www.rfi.fr\/br\/europa\/20190707-revista-francesa-traz-duas-paginas-de-mentiras-de-boris-johnson\">hist\u00f3rico de fake news<\/a>\u00a0espalhada pelo conservador, que j\u00e1 nos tempos de jornalista foi demitido depois de publicar uma cita\u00e7\u00e3o falsa na primeira p\u00e1gina da revista Times, em 1988.<\/p>\n<p>Recentemente, em compara\u00e7\u00e3o \u00e0 ex-primeira ministra, Johnson demonstrou um endurecimento ao dizer que o\u00a0<a href=\"https:\/\/www1.folha.uol.com.br\/mundo\/2019\/08\/reino-unido-diz-que-acabara-com-livre-circulacao-de-europeus-no-pais-apos-brexit.shtml\">Reino Unido acabar\u00e1 com a livre circula\u00e7\u00e3o dos europeus no pa\u00eds<\/a>. &#8220;A livre circula\u00e7\u00e3o, como existe atualmente, acabar\u00e1 quando o Reino Unido abandonar a Uni\u00e3o Europeia (UE)&#8221;, indicou uma porta-voz de Downing Street em agosto, ao citar tamb\u00e9m um projeto para atrair os \u201cmelhores c\u00e9rebros\u201d ao pa\u00eds.<\/p>\n<p>Contra a sa\u00edda inoportuna do Reino Unido,<a href=\"https:\/\/dialogosdosul.operamundi.uol.com.br\/mundo\/55335\/esta-achando-confuso-o-sai-nao-sai-do-brexit-voce-nao-esta-so\">\u00a0especialistas alertaram que o pa\u00eds pode se submergir em uma crise econ\u00f4mica e social<\/a>, devido n\u00e3o s\u00f3 \u00e0 escassez de rem\u00e9dios e alimentos que a atitude pode causar, mas tamb\u00e9m ao incremento do desemprego e ao aumento da infla\u00e7\u00e3o.<\/p>\n<p>Inclusive, o atual ministro da Economia, Philip Hammond, admitiu que um Brexit sem acordo provocar\u00e1 a curto e m\u00e9dio prazo uma redu\u00e7\u00e3o da capacidade produtiva do pa\u00eds.<\/p>\n<p>&nbsp;<\/p>\n<p>&nbsp;<\/p>\n<p>&nbsp;<\/p>\n","protected":false},"excerpt":{"rendered":"<p>Vit\u00f3ria deve efetivar Brexit, promessa de campanha feita pela direita brit\u00e2nica; chanceler \u00e9 conhecido por ser midi\u00e1tico e adepto das fake news MARIANE BARBOSA O partido Conservador brit\u00e2nico garantiu mais uma vit\u00f3ria nas urnas nesta quinta-feira (12), o que indica&hellip;<\/p>\n","protected":false},"author":1360,"featured_media":994644,"comment_status":"closed","ping_status":"closed","sticky":false,"template":"","format":"standard","meta":{"footnotes":""},"categories":[103,42,111],"tags":[59286,59055,6368,26198,8724],"class_list":["post-994643","post","type-post","status-publish","format-standard","has-post-thumbnail","hentry","category-europa-pt-pt","category-internacional-2","category-politica-pt-pt","tag-boris-johnson-pt-pt","tag-brexit-pt-pt","tag-eleicoes","tag-jeremy-corbyn-pt","tag-reino-unido-pt-pt"],"yoast_head":"<!-- This site is optimized with the Yoast SEO plugin v27.1.1 - https:\/\/yoast.com\/product\/yoast-seo-wordpress\/ -->\n<title>Conservadores vencem no Reino Unido e Boris Johnson deve seguir primeiro-ministro<\/title>\n<meta name=\"description\" content=\"Vit\u00f3ria deve efetivar Brexit, promessa de campanha feita pela direita brit\u00e2nica; chanceler \u00e9 conhecido por ser midi\u00e1tico e adepto das fake news MARIANE\" \/>\n<meta name=\"robots\" content=\"index, follow, max-snippet:-1, max-image-preview:large, max-video-preview:-1\" \/>\n<link rel=\"canonical\" href=\"https:\/\/www.pressenza.com\/pt-pt\/2019\/12\/conservadores-vencem-no-reino-unido-e-boris-johnson-deve-seguir-primeiro-ministro\/\" \/>\n<meta property=\"og:locale\" content=\"pt_PT\" \/>\n<meta property=\"og:type\" content=\"article\" \/>\n<meta property=\"og:title\" content=\"Conservadores vencem no Reino Unido e Boris Johnson deve seguir primeiro-ministro\" \/>\n<meta property=\"og:description\" content=\"Vit\u00f3ria deve efetivar Brexit, promessa de campanha feita pela direita brit\u00e2nica; chanceler \u00e9 conhecido por ser midi\u00e1tico e adepto das fake news MARIANE\" \/>\n<meta property=\"og:url\" content=\"https:\/\/www.pressenza.com\/pt-pt\/2019\/12\/conservadores-vencem-no-reino-unido-e-boris-johnson-deve-seguir-primeiro-ministro\/\" \/>\n<meta property=\"og:site_name\" content=\"Pressenza\" \/>\n<meta property=\"article:publisher\" content=\"https:\/\/www.facebook.com\/PressenzaItalia\" \/>\n<meta property=\"article:published_time\" content=\"2019-12-13T09:34:37+00:00\" \/>\n<meta property=\"og:image\" content=\"https:\/\/www.pressenza.com\/wp-content\/uploads\/2019\/12\/YjU3N2IyOTBlNmFmYmFlZTljODZjMDkzMWI1Y2ZjYTNfNDVmM2Y5ZTk2NjFjOTU2MjE3Y2VlNWViMzFhODM3MTQucG5n.png\" \/>\n\t<meta property=\"og:image:width\" content=\"860\" \/>\n\t<meta property=\"og:image:height\" content=\"512\" \/>\n\t<meta property=\"og:image:type\" content=\"image\/png\" \/>\n<meta name=\"author\" content=\"Di\u00e1logos do Sul\" \/>\n<meta name=\"twitter:card\" content=\"summary_large_image\" \/>\n<meta name=\"twitter:creator\" content=\"@PressenzaIPA\" \/>\n<meta name=\"twitter:site\" content=\"@PressenzaIPA\" \/>\n<meta name=\"twitter:label1\" content=\"Escrito por\" \/>\n\t<meta name=\"twitter:data1\" content=\"Di\u00e1logos do Sul\" \/>\n\t<meta name=\"twitter:label2\" content=\"Tempo estimado de leitura\" \/>\n\t<meta name=\"twitter:data2\" content=\"3 minutos\" \/>\n<script type=\"application\/ld+json\" class=\"yoast-schema-graph\">{\"@context\":\"https:\/\/schema.org\",\"@graph\":[{\"@type\":\"Article\",\"@id\":\"https:\/\/www.pressenza.com\/pt-pt\/2019\/12\/conservadores-vencem-no-reino-unido-e-boris-johnson-deve-seguir-primeiro-ministro\/#article\",\"isPartOf\":{\"@id\":\"https:\/\/www.pressenza.com\/pt-pt\/2019\/12\/conservadores-vencem-no-reino-unido-e-boris-johnson-deve-seguir-primeiro-ministro\/\"},\"author\":{\"name\":\"Di\u00e1logos do Sul\",\"@id\":\"https:\/\/www.pressenza.com\/pt-pt\/#\/schema\/person\/f5db8b1901dd28f015f3b715b642b274\"},\"headline\":\"Conservadores vencem no Reino Unido e Boris Johnson deve seguir primeiro-ministro\",\"datePublished\":\"2019-12-13T09:34:37+00:00\",\"mainEntityOfPage\":{\"@id\":\"https:\/\/www.pressenza.com\/pt-pt\/2019\/12\/conservadores-vencem-no-reino-unido-e-boris-johnson-deve-seguir-primeiro-ministro\/\"},\"wordCount\":661,\"publisher\":{\"@id\":\"https:\/\/www.pressenza.com\/pt-pt\/#organization\"},\"image\":{\"@id\":\"https:\/\/www.pressenza.com\/pt-pt\/2019\/12\/conservadores-vencem-no-reino-unido-e-boris-johnson-deve-seguir-primeiro-ministro\/#primaryimage\"},\"thumbnailUrl\":\"https:\/\/www.pressenza.com\/wp-content\/uploads\/2019\/12\/YjU3N2IyOTBlNmFmYmFlZTljODZjMDkzMWI1Y2ZjYTNfNDVmM2Y5ZTk2NjFjOTU2MjE3Y2VlNWViMzFhODM3MTQucG5n.png\",\"keywords\":[\"Boris Johnson\",\"Brexit\",\"elei\u00e7\u00f5es\",\"Jeremy Corbyn\",\"Reino Unido\"],\"articleSection\":[\"Europa\",\"Internacional\",\"Pol\u00edtica\"],\"inLanguage\":\"pt-PT\"},{\"@type\":\"WebPage\",\"@id\":\"https:\/\/www.pressenza.com\/pt-pt\/2019\/12\/conservadores-vencem-no-reino-unido-e-boris-johnson-deve-seguir-primeiro-ministro\/\",\"url\":\"https:\/\/www.pressenza.com\/pt-pt\/2019\/12\/conservadores-vencem-no-reino-unido-e-boris-johnson-deve-seguir-primeiro-ministro\/\",\"name\":\"Conservadores vencem no Reino Unido e Boris Johnson deve seguir primeiro-ministro\",\"isPartOf\":{\"@id\":\"https:\/\/www.pressenza.com\/pt-pt\/#website\"},\"primaryImageOfPage\":{\"@id\":\"https:\/\/www.pressenza.com\/pt-pt\/2019\/12\/conservadores-vencem-no-reino-unido-e-boris-johnson-deve-seguir-primeiro-ministro\/#primaryimage\"},\"image\":{\"@id\":\"https:\/\/www.pressenza.com\/pt-pt\/2019\/12\/conservadores-vencem-no-reino-unido-e-boris-johnson-deve-seguir-primeiro-ministro\/#primaryimage\"},\"thumbnailUrl\":\"https:\/\/www.pressenza.com\/wp-content\/uploads\/2019\/12\/YjU3N2IyOTBlNmFmYmFlZTljODZjMDkzMWI1Y2ZjYTNfNDVmM2Y5ZTk2NjFjOTU2MjE3Y2VlNWViMzFhODM3MTQucG5n.png\",\"datePublished\":\"2019-12-13T09:34:37+00:00\",\"description\":\"Vit\u00f3ria deve efetivar Brexit, promessa de campanha feita pela direita brit\u00e2nica; chanceler \u00e9 conhecido por ser midi\u00e1tico e adepto das fake news MARIANE\",\"breadcrumb\":{\"@id\":\"https:\/\/www.pressenza.com\/pt-pt\/2019\/12\/conservadores-vencem-no-reino-unido-e-boris-johnson-deve-seguir-primeiro-ministro\/#breadcrumb\"},\"inLanguage\":\"pt-PT\",\"potentialAction\":[{\"@type\":\"ReadAction\",\"target\":[\"https:\/\/www.pressenza.com\/pt-pt\/2019\/12\/conservadores-vencem-no-reino-unido-e-boris-johnson-deve-seguir-primeiro-ministro\/\"]}]},{\"@type\":\"ImageObject\",\"inLanguage\":\"pt-PT\",\"@id\":\"https:\/\/www.pressenza.com\/pt-pt\/2019\/12\/conservadores-vencem-no-reino-unido-e-boris-johnson-deve-seguir-primeiro-ministro\/#primaryimage\",\"url\":\"https:\/\/www.pressenza.com\/wp-content\/uploads\/2019\/12\/YjU3N2IyOTBlNmFmYmFlZTljODZjMDkzMWI1Y2ZjYTNfNDVmM2Y5ZTk2NjFjOTU2MjE3Y2VlNWViMzFhODM3MTQucG5n.png\",\"contentUrl\":\"https:\/\/www.pressenza.com\/wp-content\/uploads\/2019\/12\/YjU3N2IyOTBlNmFmYmFlZTljODZjMDkzMWI1Y2ZjYTNfNDVmM2Y5ZTk2NjFjOTU2MjE3Y2VlNWViMzFhODM3MTQucG5n.png\",\"width\":860,\"height\":512},{\"@type\":\"BreadcrumbList\",\"@id\":\"https:\/\/www.pressenza.com\/pt-pt\/2019\/12\/conservadores-vencem-no-reino-unido-e-boris-johnson-deve-seguir-primeiro-ministro\/#breadcrumb\",\"itemListElement\":[{\"@type\":\"ListItem\",\"position\":1,\"name\":\"Accueil\",\"item\":\"https:\/\/www.pressenza.com\/pt-pt\/\"},{\"@type\":\"ListItem\",\"position\":2,\"name\":\"Conservadores vencem no Reino Unido e Boris Johnson deve seguir primeiro-ministro\"}]},{\"@type\":\"WebSite\",\"@id\":\"https:\/\/www.pressenza.com\/pt-pt\/#website\",\"url\":\"https:\/\/www.pressenza.com\/pt-pt\/\",\"name\":\"Pressenza\",\"description\":\"International Press Agency\",\"publisher\":{\"@id\":\"https:\/\/www.pressenza.com\/pt-pt\/#organization\"},\"potentialAction\":[{\"@type\":\"SearchAction\",\"target\":{\"@type\":\"EntryPoint\",\"urlTemplate\":\"https:\/\/www.pressenza.com\/pt-pt\/?s={search_term_string}\"},\"query-input\":{\"@type\":\"PropertyValueSpecification\",\"valueRequired\":true,\"valueName\":\"search_term_string\"}}],\"inLanguage\":\"pt-PT\"},{\"@type\":\"Organization\",\"@id\":\"https:\/\/www.pressenza.com\/pt-pt\/#organization\",\"name\":\"Pressenza\",\"url\":\"https:\/\/www.pressenza.com\/pt-pt\/\",\"logo\":{\"@type\":\"ImageObject\",\"inLanguage\":\"pt-PT\",\"@id\":\"https:\/\/www.pressenza.com\/pt-pt\/#\/schema\/logo\/image\/\",\"url\":\"https:\/\/www.pressenza.com\/wp-content\/uploads\/2022\/10\/pressenza_logo_200x200.jpg\",\"contentUrl\":\"https:\/\/www.pressenza.com\/wp-content\/uploads\/2022\/10\/pressenza_logo_200x200.jpg\",\"width\":200,\"height\":200,\"caption\":\"Pressenza\"},\"image\":{\"@id\":\"https:\/\/www.pressenza.com\/pt-pt\/#\/schema\/logo\/image\/\"},\"sameAs\":[\"https:\/\/www.facebook.com\/PressenzaItalia\",\"https:\/\/x.com\/PressenzaIPA\"]},{\"@type\":\"Person\",\"@id\":\"https:\/\/www.pressenza.com\/pt-pt\/#\/schema\/person\/f5db8b1901dd28f015f3b715b642b274\",\"name\":\"Di\u00e1logos do Sul\",\"sameAs\":[\"http:\/\/operamundi.uol.com.br\/dialogosdosul\"],\"url\":\"https:\/\/www.pressenza.com\/pt-pt\/author\/dialogos-do-sul\/\"}]}<\/script>\n<!-- \/ Yoast SEO plugin. -->","yoast_head_json":{"title":"Conservadores vencem no Reino Unido e Boris Johnson deve seguir primeiro-ministro","description":"Vit\u00f3ria deve efetivar Brexit, promessa de campanha feita pela direita brit\u00e2nica; chanceler \u00e9 conhecido por ser midi\u00e1tico e adepto das fake news MARIANE","robots":{"index":"index","follow":"follow","max-snippet":"max-snippet:-1","max-image-preview":"max-image-preview:large","max-video-preview":"max-video-preview:-1"},"canonical":"https:\/\/www.pressenza.com\/pt-pt\/2019\/12\/conservadores-vencem-no-reino-unido-e-boris-johnson-deve-seguir-primeiro-ministro\/","og_locale":"pt_PT","og_type":"article","og_title":"Conservadores vencem no Reino Unido e Boris Johnson deve seguir primeiro-ministro","og_description":"Vit\u00f3ria deve efetivar Brexit, promessa de campanha feita pela direita brit\u00e2nica; chanceler \u00e9 conhecido por ser midi\u00e1tico e adepto das fake news MARIANE","og_url":"https:\/\/www.pressenza.com\/pt-pt\/2019\/12\/conservadores-vencem-no-reino-unido-e-boris-johnson-deve-seguir-primeiro-ministro\/","og_site_name":"Pressenza","article_publisher":"https:\/\/www.facebook.com\/PressenzaItalia","article_published_time":"2019-12-13T09:34:37+00:00","og_image":[{"width":860,"height":512,"url":"https:\/\/www.pressenza.com\/wp-content\/uploads\/2019\/12\/YjU3N2IyOTBlNmFmYmFlZTljODZjMDkzMWI1Y2ZjYTNfNDVmM2Y5ZTk2NjFjOTU2MjE3Y2VlNWViMzFhODM3MTQucG5n.png","type":"image\/png"}],"author":"Di\u00e1logos do Sul","twitter_card":"summary_large_image","twitter_creator":"@PressenzaIPA","twitter_site":"@PressenzaIPA","twitter_misc":{"Escrito por":"Di\u00e1logos do Sul","Tempo estimado de leitura":"3 minutos"},"schema":{"@context":"https:\/\/schema.org","@graph":[{"@type":"Article","@id":"https:\/\/www.pressenza.com\/pt-pt\/2019\/12\/conservadores-vencem-no-reino-unido-e-boris-johnson-deve-seguir-primeiro-ministro\/#article","isPartOf":{"@id":"https:\/\/www.pressenza.com\/pt-pt\/2019\/12\/conservadores-vencem-no-reino-unido-e-boris-johnson-deve-seguir-primeiro-ministro\/"},"author":{"name":"Di\u00e1logos do Sul","@id":"https:\/\/www.pressenza.com\/pt-pt\/#\/schema\/person\/f5db8b1901dd28f015f3b715b642b274"},"headline":"Conservadores vencem no Reino Unido e Boris Johnson deve seguir primeiro-ministro","datePublished":"2019-12-13T09:34:37+00:00","mainEntityOfPage":{"@id":"https:\/\/www.pressenza.com\/pt-pt\/2019\/12\/conservadores-vencem-no-reino-unido-e-boris-johnson-deve-seguir-primeiro-ministro\/"},"wordCount":661,"publisher":{"@id":"https:\/\/www.pressenza.com\/pt-pt\/#organization"},"image":{"@id":"https:\/\/www.pressenza.com\/pt-pt\/2019\/12\/conservadores-vencem-no-reino-unido-e-boris-johnson-deve-seguir-primeiro-ministro\/#primaryimage"},"thumbnailUrl":"https:\/\/www.pressenza.com\/wp-content\/uploads\/2019\/12\/YjU3N2IyOTBlNmFmYmFlZTljODZjMDkzMWI1Y2ZjYTNfNDVmM2Y5ZTk2NjFjOTU2MjE3Y2VlNWViMzFhODM3MTQucG5n.png","keywords":["Boris Johnson","Brexit","elei\u00e7\u00f5es","Jeremy Corbyn","Reino Unido"],"articleSection":["Europa","Internacional","Pol\u00edtica"],"inLanguage":"pt-PT"},{"@type":"WebPage","@id":"https:\/\/www.pressenza.com\/pt-pt\/2019\/12\/conservadores-vencem-no-reino-unido-e-boris-johnson-deve-seguir-primeiro-ministro\/","url":"https:\/\/www.pressenza.com\/pt-pt\/2019\/12\/conservadores-vencem-no-reino-unido-e-boris-johnson-deve-seguir-primeiro-ministro\/","name":"Conservadores vencem no Reino Unido e Boris Johnson deve seguir primeiro-ministro","isPartOf":{"@id":"https:\/\/www.pressenza.com\/pt-pt\/#website"},"primaryImageOfPage":{"@id":"https:\/\/www.pressenza.com\/pt-pt\/2019\/12\/conservadores-vencem-no-reino-unido-e-boris-johnson-deve-seguir-primeiro-ministro\/#primaryimage"},"image":{"@id":"https:\/\/www.pressenza.com\/pt-pt\/2019\/12\/conservadores-vencem-no-reino-unido-e-boris-johnson-deve-seguir-primeiro-ministro\/#primaryimage"},"thumbnailUrl":"https:\/\/www.pressenza.com\/wp-content\/uploads\/2019\/12\/YjU3N2IyOTBlNmFmYmFlZTljODZjMDkzMWI1Y2ZjYTNfNDVmM2Y5ZTk2NjFjOTU2MjE3Y2VlNWViMzFhODM3MTQucG5n.png","datePublished":"2019-12-13T09:34:37+00:00","description":"Vit\u00f3ria deve efetivar Brexit, promessa de campanha feita pela direita brit\u00e2nica; chanceler \u00e9 conhecido por ser midi\u00e1tico e adepto das fake news MARIANE","breadcrumb":{"@id":"https:\/\/www.pressenza.com\/pt-pt\/2019\/12\/conservadores-vencem-no-reino-unido-e-boris-johnson-deve-seguir-primeiro-ministro\/#breadcrumb"},"inLanguage":"pt-PT","potentialAction":[{"@type":"ReadAction","target":["https:\/\/www.pressenza.com\/pt-pt\/2019\/12\/conservadores-vencem-no-reino-unido-e-boris-johnson-deve-seguir-primeiro-ministro\/"]}]},{"@type":"ImageObject","inLanguage":"pt-PT","@id":"https:\/\/www.pressenza.com\/pt-pt\/2019\/12\/conservadores-vencem-no-reino-unido-e-boris-johnson-deve-seguir-primeiro-ministro\/#primaryimage","url":"https:\/\/www.pressenza.com\/wp-content\/uploads\/2019\/12\/YjU3N2IyOTBlNmFmYmFlZTljODZjMDkzMWI1Y2ZjYTNfNDVmM2Y5ZTk2NjFjOTU2MjE3Y2VlNWViMzFhODM3MTQucG5n.png","contentUrl":"https:\/\/www.pressenza.com\/wp-content\/uploads\/2019\/12\/YjU3N2IyOTBlNmFmYmFlZTljODZjMDkzMWI1Y2ZjYTNfNDVmM2Y5ZTk2NjFjOTU2MjE3Y2VlNWViMzFhODM3MTQucG5n.png","width":860,"height":512},{"@type":"BreadcrumbList","@id":"https:\/\/www.pressenza.com\/pt-pt\/2019\/12\/conservadores-vencem-no-reino-unido-e-boris-johnson-deve-seguir-primeiro-ministro\/#breadcrumb","itemListElement":[{"@type":"ListItem","position":1,"name":"Accueil","item":"https:\/\/www.pressenza.com\/pt-pt\/"},{"@type":"ListItem","position":2,"name":"Conservadores vencem no Reino Unido e Boris Johnson deve seguir primeiro-ministro"}]},{"@type":"WebSite","@id":"https:\/\/www.pressenza.com\/pt-pt\/#website","url":"https:\/\/www.pressenza.com\/pt-pt\/","name":"Pressenza","description":"International Press Agency","publisher":{"@id":"https:\/\/www.pressenza.com\/pt-pt\/#organization"},"potentialAction":[{"@type":"SearchAction","target":{"@type":"EntryPoint","urlTemplate":"https:\/\/www.pressenza.com\/pt-pt\/?s={search_term_string}"},"query-input":{"@type":"PropertyValueSpecification","valueRequired":true,"valueName":"search_term_string"}}],"inLanguage":"pt-PT"},{"@type":"Organization","@id":"https:\/\/www.pressenza.com\/pt-pt\/#organization","name":"Pressenza","url":"https:\/\/www.pressenza.com\/pt-pt\/","logo":{"@type":"ImageObject","inLanguage":"pt-PT","@id":"https:\/\/www.pressenza.com\/pt-pt\/#\/schema\/logo\/image\/","url":"https:\/\/www.pressenza.com\/wp-content\/uploads\/2022\/10\/pressenza_logo_200x200.jpg","contentUrl":"https:\/\/www.pressenza.com\/wp-content\/uploads\/2022\/10\/pressenza_logo_200x200.jpg","width":200,"height":200,"caption":"Pressenza"},"image":{"@id":"https:\/\/www.pressenza.com\/pt-pt\/#\/schema\/logo\/image\/"},"sameAs":["https:\/\/www.facebook.com\/PressenzaItalia","https:\/\/x.com\/PressenzaIPA"]},{"@type":"Person","@id":"https:\/\/www.pressenza.com\/pt-pt\/#\/schema\/person\/f5db8b1901dd28f015f3b715b642b274","name":"Di\u00e1logos do Sul","sameAs":["http:\/\/operamundi.uol.com.br\/dialogosdosul"],"url":"https:\/\/www.pressenza.com\/pt-pt\/author\/dialogos-do-sul\/"}]}},"place":"S\u00e3o Paulo","original_article_url":"https:\/\/dialogosdosul.operamundi.uol.com.br\/mundo\/62142\/conservadores-vencem-no-reino-unido-e-boris-johnson-deve-seguir-primeiro-ministro","_links":{"self":[{"href":"https:\/\/www.pressenza.com\/pt-pt\/wp-json\/wp\/v2\/posts\/994643","targetHints":{"allow":["GET"]}}],"collection":[{"href":"https:\/\/www.pressenza.com\/pt-pt\/wp-json\/wp\/v2\/posts"}],"about":[{"href":"https:\/\/www.pressenza.com\/pt-pt\/wp-json\/wp\/v2\/types\/post"}],"author":[{"embeddable":true,"href":"https:\/\/www.pressenza.com\/pt-pt\/wp-json\/wp\/v2\/users\/1360"}],"replies":[{"embeddable":true,"href":"https:\/\/www.pressenza.com\/pt-pt\/wp-json\/wp\/v2\/comments?post=994643"}],"version-history":[{"count":0,"href":"https:\/\/www.pressenza.com\/pt-pt\/wp-json\/wp\/v2\/posts\/994643\/revisions"}],"wp:featuredmedia":[{"embeddable":true,"href":"https:\/\/www.pressenza.com\/pt-pt\/wp-json\/wp\/v2\/media\/994644"}],"wp:attachment":[{"href":"https:\/\/www.pressenza.com\/pt-pt\/wp-json\/wp\/v2\/media?parent=994643"}],"wp:term":[{"taxonomy":"category","embeddable":true,"href":"https:\/\/www.pressenza.com\/pt-pt\/wp-json\/wp\/v2\/categories?post=994643"},{"taxonomy":"post_tag","embeddable":true,"href":"https:\/\/www.pressenza.com\/pt-pt\/wp-json\/wp\/v2\/tags?post=994643"}],"curies":[{"name":"wp","href":"https:\/\/api.w.org\/{rel}","templated":true}]}}