{"id":994117,"date":"2019-12-12T15:04:03","date_gmt":"2019-12-12T15:04:03","guid":{"rendered":"https:\/\/www.pressenza.com\/?p=994117"},"modified":"2019-12-12T16:11:53","modified_gmt":"2019-12-12T16:11:53","slug":"a-hora-e-a-vez-das-pirralhas","status":"publish","type":"post","link":"https:\/\/www.pressenza.com\/pt-pt\/2019\/12\/a-hora-e-a-vez-das-pirralhas\/","title":{"rendered":"A hora e a vez das pirralhas"},"content":{"rendered":"<p>Pela segunda vez em pouco tempo uma \u201cpirralha\u201d d\u00e1 li\u00e7\u00f5es para os pol\u00edticos e reacion\u00e1rios do mundo. No ano passado foi Malala Yousafzai, que por sua milit\u00e2ncia pelas meninas nos rinc\u00f5es do obscurantismo mu\u00e7ulmano recebeu o Pr\u00eamio Nobel da Paz. Este ano a prestigiosa revista Time entrega \u00e0 ativista sueca Greta Thunberg, de apenas 16 anos, o t\u00edtulo de Personalidade do Ano de 2019. S\u00e3o duas milit\u00e2ncias distintas, em realidades muito diferentes, mas fundamentais para o processo de evolu\u00e7\u00e3o da humanidade.<br \/>\nOs jovens v\u00e3o herdar o mundo que os velhos insistem em destruir. Um sistem\u00e1tico desmonte de milhares de anos de civiliza\u00e7\u00e3o e desenvolvimento da cultura, que desde o iluminismo vem mostrando que h\u00e1 vis\u00f5es e modelos de organiza\u00e7\u00e3o da sociedade capazes de elevar a humanidade a um patamar \u00e9tico e civilizat\u00f3rio melhor.<br \/>\nNas \u00faltimas d\u00e9cadas o desmonte do processo civilizat\u00f3rio tem sido expressivo, com o abandono de pol\u00edticas sociais, de redu\u00e7\u00e3o das desigualdades, de desagrega\u00e7\u00e3o da coes\u00e3o social e, principalmente, de ruptura de processos democr\u00e1ticos a partir de fundamentalismos religiosos e pol\u00edticos que fazem da mentira e da viol\u00eancia seus principais mantras.<br \/>\nOs modelos pol\u00edticos que emergiram da Revolu\u00e7\u00e3o Francesa e constru\u00edram as democracias modernas j\u00e1 n\u00e3o conseguem superar as barreiras impostas pelo desenvolvimento de novas tecnologias de conex\u00e3o, que criam bolhas de intera\u00e7\u00e3o desconectadas com a realidade. Em quase 10 bilh\u00f5es de habitantes no planeta Terra h\u00e1 opini\u00f5es para todos os gostos e isso fortalece a forma\u00e7\u00e3o de tribos que veem em suas pr\u00f3prias elucubra\u00e7\u00f5es valores maiores do que os da ci\u00eancia desenvolvida com dilig\u00eancia e m\u00e9todo por acad\u00eamicos e pesquisadores em todo o mundo.<br \/>\nPara estes \u201ciluminados\u201d a filosofia deixa de ser o aprofundamento do conhecimento do homem para ser uma s\u00e9rie de suposi\u00e7\u00f5es e ila\u00e7\u00f5es que v\u00e3o ao encontro do que cada grupo quer e deseja acreditar.<br \/>\nA humanidade que chega neste in\u00edcio de s\u00e9culo \u00e0 maturidade cronol\u00f3gica \u00e9, tamb\u00e9m, uma esp\u00e9cie que est\u00e1 se desconectando de sua descend\u00eancia ao entregar para as pr\u00f3ximas gera\u00e7\u00f5es um planeta degradado, polu\u00eddo por bilh\u00f5es de toneladas de pl\u00e1stico in\u00fatil, por modelos econ\u00f4micos de aprofundamento da desigualdade, e por atividades que impactam decisivamente nas mudan\u00e7as clim\u00e1ticas, com alto risco para as popula\u00e7\u00f5es mais pobres e desassistidas da Terra.<br \/>\nA lista de mazelas que entregaremos \u00e0s futuras gera\u00e7\u00f5es \u00e9 imensa e muitas com impactos de s\u00e9culos sobre a biodiversidade, sobre os ecossistemas e sobre as popula\u00e7\u00f5es.<br \/>\nChegamos a um ponto de inflex\u00e3o em que a transi\u00e7\u00e3o geracional \u00e9, tamb\u00e9m, uma passagem de bast\u00e3o de responsabilidades. N\u00e3o ser\u00e1 uma transi\u00e7\u00e3o tranquila, como ali\u00e1s j\u00e1 vem sendo mostrado nas ruas das grandes capitais do mundo, nas elei\u00e7\u00f5es inconclusas em pa\u00edses antes considerados modelos de democracia liberal, nas guerras impostas pelas pot\u00eancias para garantirem suas hegemonias pol\u00edticas e territoriais.<br \/>\nA gera\u00e7\u00e3o que tem em Greta e Malala alguns de seus expoentes mais vis\u00edveis, est\u00e1 ocupando espa\u00e7os cada vez mais importantes no debate e na a\u00e7\u00e3o pol\u00edtica ao redor do mundo. E essa a\u00e7\u00e3o est\u00e1 atraindo cada vez mais rea\u00e7\u00e3o de uma gera\u00e7\u00e3o ran\u00e7osa que n\u00e3o est\u00e1 disposta a abrir m\u00e3o de privil\u00e9gios e poder, mesmo \u00e0 custa de milhares ou milh\u00f5es de vidas, como \u00e9 o caso das guerras no Oriente M\u00e9dio, das hordas de refugiados, dos embates entre religi\u00f5es ultra ortodoxas e de grupos e partidos pol\u00edticos extremistas.<br \/>\nO movimento de transi\u00e7\u00e3o de responsabilidade est\u00e1 apenas come\u00e7ando!<\/p>\n<p>Fonte: Envolverde, por Dal Marcondes.<\/p>\n","protected":false},"excerpt":{"rendered":"<p>Pela segunda vez em pouco tempo uma \u201cpirralha\u201d d\u00e1 li\u00e7\u00f5es para os pol\u00edticos e reacion\u00e1rios do mundo. No ano passado foi Malala Yousafzai, que por sua milit\u00e2ncia pelas meninas nos rinc\u00f5es do obscurantismo mu\u00e7ulmano recebeu o Pr\u00eamio Nobel da Paz.&hellip;<\/p>\n","protected":false},"author":1177,"featured_media":994126,"comment_status":"closed","ping_status":"closed","sticky":false,"template":"","format":"standard","meta":{"footnotes":""},"categories":[42,46981,20610],"tags":[68253],"class_list":["post-994117","post","type-post","status-publish","format-standard","has-post-thumbnail","hentry","category-internacional-2","category-jovens","category-sem-categoria","tag-novas-geracoes"],"yoast_head":"<!-- This site is optimized with the Yoast SEO plugin v27.1.1 - https:\/\/yoast.com\/product\/yoast-seo-wordpress\/ -->\n<title>A hora e a vez das pirralhas<\/title>\n<meta name=\"description\" content=\"Pela segunda vez em pouco tempo uma \u201cpirralha\u201d d\u00e1 li\u00e7\u00f5es para os pol\u00edticos e reacion\u00e1rios do mundo. No ano passado foi Malala Yousafzai, que por sua\" \/>\n<meta name=\"robots\" content=\"index, follow, max-snippet:-1, max-image-preview:large, max-video-preview:-1\" \/>\n<link rel=\"canonical\" href=\"https:\/\/www.pressenza.com\/pt-pt\/2019\/12\/a-hora-e-a-vez-das-pirralhas\/\" \/>\n<meta property=\"og:locale\" content=\"pt_PT\" \/>\n<meta property=\"og:type\" content=\"article\" \/>\n<meta property=\"og:title\" content=\"A hora e a vez das pirralhas\" \/>\n<meta property=\"og:description\" content=\"Pela segunda vez em pouco tempo uma \u201cpirralha\u201d d\u00e1 li\u00e7\u00f5es para os pol\u00edticos e reacion\u00e1rios do mundo. No ano passado foi Malala Yousafzai, que por sua\" \/>\n<meta property=\"og:url\" content=\"https:\/\/www.pressenza.com\/pt-pt\/2019\/12\/a-hora-e-a-vez-das-pirralhas\/\" \/>\n<meta property=\"og:site_name\" content=\"Pressenza\" \/>\n<meta property=\"article:publisher\" content=\"https:\/\/www.facebook.com\/PressenzaItalia\" \/>\n<meta property=\"article:published_time\" content=\"2019-12-12T15:04:03+00:00\" \/>\n<meta property=\"article:modified_time\" content=\"2019-12-12T16:11:53+00:00\" \/>\n<meta property=\"og:image\" content=\"https:\/\/www.pressenza.com\/wp-content\/uploads\/2019\/12\/pirralhas.jpg\" \/>\n\t<meta property=\"og:image:width\" content=\"720\" \/>\n\t<meta property=\"og:image:height\" content=\"420\" \/>\n\t<meta property=\"og:image:type\" content=\"image\/jpeg\" \/>\n<meta name=\"author\" content=\"Fernanda Pereira Mendes\" \/>\n<meta name=\"twitter:card\" content=\"summary_large_image\" \/>\n<meta name=\"twitter:creator\" content=\"@PressenzaIPA\" \/>\n<meta name=\"twitter:site\" content=\"@PressenzaIPA\" \/>\n<meta name=\"twitter:label1\" content=\"Escrito por\" \/>\n\t<meta name=\"twitter:data1\" content=\"Fernanda Pereira Mendes\" \/>\n\t<meta name=\"twitter:label2\" content=\"Tempo estimado de leitura\" \/>\n\t<meta name=\"twitter:data2\" content=\"3 minutos\" \/>\n<script type=\"application\/ld+json\" class=\"yoast-schema-graph\">{\"@context\":\"https:\/\/schema.org\",\"@graph\":[{\"@type\":\"Article\",\"@id\":\"https:\/\/www.pressenza.com\/pt-pt\/2019\/12\/a-hora-e-a-vez-das-pirralhas\/#article\",\"isPartOf\":{\"@id\":\"https:\/\/www.pressenza.com\/pt-pt\/2019\/12\/a-hora-e-a-vez-das-pirralhas\/\"},\"author\":{\"name\":\"Fernanda Pereira Mendes\",\"@id\":\"https:\/\/www.pressenza.com\/pt-pt\/#\/schema\/person\/c10e72799b563a4d7202a591199631a6\"},\"headline\":\"A hora e a vez das pirralhas\",\"datePublished\":\"2019-12-12T15:04:03+00:00\",\"dateModified\":\"2019-12-12T16:11:53+00:00\",\"mainEntityOfPage\":{\"@id\":\"https:\/\/www.pressenza.com\/pt-pt\/2019\/12\/a-hora-e-a-vez-das-pirralhas\/\"},\"wordCount\":649,\"publisher\":{\"@id\":\"https:\/\/www.pressenza.com\/pt-pt\/#organization\"},\"image\":{\"@id\":\"https:\/\/www.pressenza.com\/pt-pt\/2019\/12\/a-hora-e-a-vez-das-pirralhas\/#primaryimage\"},\"thumbnailUrl\":\"https:\/\/www.pressenza.com\/wp-content\/uploads\/2019\/12\/pirralhas.jpg\",\"keywords\":[\"novas gera\u00e7\u00f5es\"],\"articleSection\":[\"Internacional\",\"Jovens\"],\"inLanguage\":\"pt-PT\"},{\"@type\":\"WebPage\",\"@id\":\"https:\/\/www.pressenza.com\/pt-pt\/2019\/12\/a-hora-e-a-vez-das-pirralhas\/\",\"url\":\"https:\/\/www.pressenza.com\/pt-pt\/2019\/12\/a-hora-e-a-vez-das-pirralhas\/\",\"name\":\"A hora e a vez das pirralhas\",\"isPartOf\":{\"@id\":\"https:\/\/www.pressenza.com\/pt-pt\/#website\"},\"primaryImageOfPage\":{\"@id\":\"https:\/\/www.pressenza.com\/pt-pt\/2019\/12\/a-hora-e-a-vez-das-pirralhas\/#primaryimage\"},\"image\":{\"@id\":\"https:\/\/www.pressenza.com\/pt-pt\/2019\/12\/a-hora-e-a-vez-das-pirralhas\/#primaryimage\"},\"thumbnailUrl\":\"https:\/\/www.pressenza.com\/wp-content\/uploads\/2019\/12\/pirralhas.jpg\",\"datePublished\":\"2019-12-12T15:04:03+00:00\",\"dateModified\":\"2019-12-12T16:11:53+00:00\",\"description\":\"Pela segunda vez em pouco tempo uma \u201cpirralha\u201d d\u00e1 li\u00e7\u00f5es para os pol\u00edticos e reacion\u00e1rios do mundo. No ano passado foi Malala Yousafzai, que por sua\",\"breadcrumb\":{\"@id\":\"https:\/\/www.pressenza.com\/pt-pt\/2019\/12\/a-hora-e-a-vez-das-pirralhas\/#breadcrumb\"},\"inLanguage\":\"pt-PT\",\"potentialAction\":[{\"@type\":\"ReadAction\",\"target\":[\"https:\/\/www.pressenza.com\/pt-pt\/2019\/12\/a-hora-e-a-vez-das-pirralhas\/\"]}]},{\"@type\":\"ImageObject\",\"inLanguage\":\"pt-PT\",\"@id\":\"https:\/\/www.pressenza.com\/pt-pt\/2019\/12\/a-hora-e-a-vez-das-pirralhas\/#primaryimage\",\"url\":\"https:\/\/www.pressenza.com\/wp-content\/uploads\/2019\/12\/pirralhas.jpg\",\"contentUrl\":\"https:\/\/www.pressenza.com\/wp-content\/uploads\/2019\/12\/pirralhas.jpg\",\"width\":720,\"height\":420},{\"@type\":\"BreadcrumbList\",\"@id\":\"https:\/\/www.pressenza.com\/pt-pt\/2019\/12\/a-hora-e-a-vez-das-pirralhas\/#breadcrumb\",\"itemListElement\":[{\"@type\":\"ListItem\",\"position\":1,\"name\":\"Accueil\",\"item\":\"https:\/\/www.pressenza.com\/pt-pt\/\"},{\"@type\":\"ListItem\",\"position\":2,\"name\":\"A hora e a vez das pirralhas\"}]},{\"@type\":\"WebSite\",\"@id\":\"https:\/\/www.pressenza.com\/pt-pt\/#website\",\"url\":\"https:\/\/www.pressenza.com\/pt-pt\/\",\"name\":\"Pressenza\",\"description\":\"International Press Agency\",\"publisher\":{\"@id\":\"https:\/\/www.pressenza.com\/pt-pt\/#organization\"},\"potentialAction\":[{\"@type\":\"SearchAction\",\"target\":{\"@type\":\"EntryPoint\",\"urlTemplate\":\"https:\/\/www.pressenza.com\/pt-pt\/?s={search_term_string}\"},\"query-input\":{\"@type\":\"PropertyValueSpecification\",\"valueRequired\":true,\"valueName\":\"search_term_string\"}}],\"inLanguage\":\"pt-PT\"},{\"@type\":\"Organization\",\"@id\":\"https:\/\/www.pressenza.com\/pt-pt\/#organization\",\"name\":\"Pressenza\",\"url\":\"https:\/\/www.pressenza.com\/pt-pt\/\",\"logo\":{\"@type\":\"ImageObject\",\"inLanguage\":\"pt-PT\",\"@id\":\"https:\/\/www.pressenza.com\/pt-pt\/#\/schema\/logo\/image\/\",\"url\":\"https:\/\/www.pressenza.com\/wp-content\/uploads\/2022\/10\/pressenza_logo_200x200.jpg\",\"contentUrl\":\"https:\/\/www.pressenza.com\/wp-content\/uploads\/2022\/10\/pressenza_logo_200x200.jpg\",\"width\":200,\"height\":200,\"caption\":\"Pressenza\"},\"image\":{\"@id\":\"https:\/\/www.pressenza.com\/pt-pt\/#\/schema\/logo\/image\/\"},\"sameAs\":[\"https:\/\/www.facebook.com\/PressenzaItalia\",\"https:\/\/x.com\/PressenzaIPA\"]},{\"@type\":\"Person\",\"@id\":\"https:\/\/www.pressenza.com\/pt-pt\/#\/schema\/person\/c10e72799b563a4d7202a591199631a6\",\"name\":\"Fernanda Pereira Mendes\",\"description\":\"Periodista y activista por la no violencia\",\"url\":\"https:\/\/www.pressenza.com\/pt-pt\/author\/fernanda-mendes\/\"}]}<\/script>\n<!-- \/ Yoast SEO plugin. -->","yoast_head_json":{"title":"A hora e a vez das pirralhas","description":"Pela segunda vez em pouco tempo uma \u201cpirralha\u201d d\u00e1 li\u00e7\u00f5es para os pol\u00edticos e reacion\u00e1rios do mundo. No ano passado foi Malala Yousafzai, que por sua","robots":{"index":"index","follow":"follow","max-snippet":"max-snippet:-1","max-image-preview":"max-image-preview:large","max-video-preview":"max-video-preview:-1"},"canonical":"https:\/\/www.pressenza.com\/pt-pt\/2019\/12\/a-hora-e-a-vez-das-pirralhas\/","og_locale":"pt_PT","og_type":"article","og_title":"A hora e a vez das pirralhas","og_description":"Pela segunda vez em pouco tempo uma \u201cpirralha\u201d d\u00e1 li\u00e7\u00f5es para os pol\u00edticos e reacion\u00e1rios do mundo. No ano passado foi Malala Yousafzai, que por sua","og_url":"https:\/\/www.pressenza.com\/pt-pt\/2019\/12\/a-hora-e-a-vez-das-pirralhas\/","og_site_name":"Pressenza","article_publisher":"https:\/\/www.facebook.com\/PressenzaItalia","article_published_time":"2019-12-12T15:04:03+00:00","article_modified_time":"2019-12-12T16:11:53+00:00","og_image":[{"width":720,"height":420,"url":"https:\/\/www.pressenza.com\/wp-content\/uploads\/2019\/12\/pirralhas.jpg","type":"image\/jpeg"}],"author":"Fernanda Pereira Mendes","twitter_card":"summary_large_image","twitter_creator":"@PressenzaIPA","twitter_site":"@PressenzaIPA","twitter_misc":{"Escrito por":"Fernanda Pereira Mendes","Tempo estimado de leitura":"3 minutos"},"schema":{"@context":"https:\/\/schema.org","@graph":[{"@type":"Article","@id":"https:\/\/www.pressenza.com\/pt-pt\/2019\/12\/a-hora-e-a-vez-das-pirralhas\/#article","isPartOf":{"@id":"https:\/\/www.pressenza.com\/pt-pt\/2019\/12\/a-hora-e-a-vez-das-pirralhas\/"},"author":{"name":"Fernanda Pereira Mendes","@id":"https:\/\/www.pressenza.com\/pt-pt\/#\/schema\/person\/c10e72799b563a4d7202a591199631a6"},"headline":"A hora e a vez das pirralhas","datePublished":"2019-12-12T15:04:03+00:00","dateModified":"2019-12-12T16:11:53+00:00","mainEntityOfPage":{"@id":"https:\/\/www.pressenza.com\/pt-pt\/2019\/12\/a-hora-e-a-vez-das-pirralhas\/"},"wordCount":649,"publisher":{"@id":"https:\/\/www.pressenza.com\/pt-pt\/#organization"},"image":{"@id":"https:\/\/www.pressenza.com\/pt-pt\/2019\/12\/a-hora-e-a-vez-das-pirralhas\/#primaryimage"},"thumbnailUrl":"https:\/\/www.pressenza.com\/wp-content\/uploads\/2019\/12\/pirralhas.jpg","keywords":["novas gera\u00e7\u00f5es"],"articleSection":["Internacional","Jovens"],"inLanguage":"pt-PT"},{"@type":"WebPage","@id":"https:\/\/www.pressenza.com\/pt-pt\/2019\/12\/a-hora-e-a-vez-das-pirralhas\/","url":"https:\/\/www.pressenza.com\/pt-pt\/2019\/12\/a-hora-e-a-vez-das-pirralhas\/","name":"A hora e a vez das pirralhas","isPartOf":{"@id":"https:\/\/www.pressenza.com\/pt-pt\/#website"},"primaryImageOfPage":{"@id":"https:\/\/www.pressenza.com\/pt-pt\/2019\/12\/a-hora-e-a-vez-das-pirralhas\/#primaryimage"},"image":{"@id":"https:\/\/www.pressenza.com\/pt-pt\/2019\/12\/a-hora-e-a-vez-das-pirralhas\/#primaryimage"},"thumbnailUrl":"https:\/\/www.pressenza.com\/wp-content\/uploads\/2019\/12\/pirralhas.jpg","datePublished":"2019-12-12T15:04:03+00:00","dateModified":"2019-12-12T16:11:53+00:00","description":"Pela segunda vez em pouco tempo uma \u201cpirralha\u201d d\u00e1 li\u00e7\u00f5es para os pol\u00edticos e reacion\u00e1rios do mundo. No ano passado foi Malala Yousafzai, que por sua","breadcrumb":{"@id":"https:\/\/www.pressenza.com\/pt-pt\/2019\/12\/a-hora-e-a-vez-das-pirralhas\/#breadcrumb"},"inLanguage":"pt-PT","potentialAction":[{"@type":"ReadAction","target":["https:\/\/www.pressenza.com\/pt-pt\/2019\/12\/a-hora-e-a-vez-das-pirralhas\/"]}]},{"@type":"ImageObject","inLanguage":"pt-PT","@id":"https:\/\/www.pressenza.com\/pt-pt\/2019\/12\/a-hora-e-a-vez-das-pirralhas\/#primaryimage","url":"https:\/\/www.pressenza.com\/wp-content\/uploads\/2019\/12\/pirralhas.jpg","contentUrl":"https:\/\/www.pressenza.com\/wp-content\/uploads\/2019\/12\/pirralhas.jpg","width":720,"height":420},{"@type":"BreadcrumbList","@id":"https:\/\/www.pressenza.com\/pt-pt\/2019\/12\/a-hora-e-a-vez-das-pirralhas\/#breadcrumb","itemListElement":[{"@type":"ListItem","position":1,"name":"Accueil","item":"https:\/\/www.pressenza.com\/pt-pt\/"},{"@type":"ListItem","position":2,"name":"A hora e a vez das pirralhas"}]},{"@type":"WebSite","@id":"https:\/\/www.pressenza.com\/pt-pt\/#website","url":"https:\/\/www.pressenza.com\/pt-pt\/","name":"Pressenza","description":"International Press Agency","publisher":{"@id":"https:\/\/www.pressenza.com\/pt-pt\/#organization"},"potentialAction":[{"@type":"SearchAction","target":{"@type":"EntryPoint","urlTemplate":"https:\/\/www.pressenza.com\/pt-pt\/?s={search_term_string}"},"query-input":{"@type":"PropertyValueSpecification","valueRequired":true,"valueName":"search_term_string"}}],"inLanguage":"pt-PT"},{"@type":"Organization","@id":"https:\/\/www.pressenza.com\/pt-pt\/#organization","name":"Pressenza","url":"https:\/\/www.pressenza.com\/pt-pt\/","logo":{"@type":"ImageObject","inLanguage":"pt-PT","@id":"https:\/\/www.pressenza.com\/pt-pt\/#\/schema\/logo\/image\/","url":"https:\/\/www.pressenza.com\/wp-content\/uploads\/2022\/10\/pressenza_logo_200x200.jpg","contentUrl":"https:\/\/www.pressenza.com\/wp-content\/uploads\/2022\/10\/pressenza_logo_200x200.jpg","width":200,"height":200,"caption":"Pressenza"},"image":{"@id":"https:\/\/www.pressenza.com\/pt-pt\/#\/schema\/logo\/image\/"},"sameAs":["https:\/\/www.facebook.com\/PressenzaItalia","https:\/\/x.com\/PressenzaIPA"]},{"@type":"Person","@id":"https:\/\/www.pressenza.com\/pt-pt\/#\/schema\/person\/c10e72799b563a4d7202a591199631a6","name":"Fernanda Pereira Mendes","description":"Periodista y activista por la no violencia","url":"https:\/\/www.pressenza.com\/pt-pt\/author\/fernanda-mendes\/"}]}},"place":"","original_article_url":"","_links":{"self":[{"href":"https:\/\/www.pressenza.com\/pt-pt\/wp-json\/wp\/v2\/posts\/994117","targetHints":{"allow":["GET"]}}],"collection":[{"href":"https:\/\/www.pressenza.com\/pt-pt\/wp-json\/wp\/v2\/posts"}],"about":[{"href":"https:\/\/www.pressenza.com\/pt-pt\/wp-json\/wp\/v2\/types\/post"}],"author":[{"embeddable":true,"href":"https:\/\/www.pressenza.com\/pt-pt\/wp-json\/wp\/v2\/users\/1177"}],"replies":[{"embeddable":true,"href":"https:\/\/www.pressenza.com\/pt-pt\/wp-json\/wp\/v2\/comments?post=994117"}],"version-history":[{"count":0,"href":"https:\/\/www.pressenza.com\/pt-pt\/wp-json\/wp\/v2\/posts\/994117\/revisions"}],"wp:featuredmedia":[{"embeddable":true,"href":"https:\/\/www.pressenza.com\/pt-pt\/wp-json\/wp\/v2\/media\/994126"}],"wp:attachment":[{"href":"https:\/\/www.pressenza.com\/pt-pt\/wp-json\/wp\/v2\/media?parent=994117"}],"wp:term":[{"taxonomy":"category","embeddable":true,"href":"https:\/\/www.pressenza.com\/pt-pt\/wp-json\/wp\/v2\/categories?post=994117"},{"taxonomy":"post_tag","embeddable":true,"href":"https:\/\/www.pressenza.com\/pt-pt\/wp-json\/wp\/v2\/tags?post=994117"}],"curies":[{"name":"wp","href":"https:\/\/api.w.org\/{rel}","templated":true}]}}