{"id":990690,"date":"2019-12-08T08:23:52","date_gmt":"2019-12-08T08:23:52","guid":{"rendered":"https:\/\/www.pressenza.com\/?p=990690"},"modified":"2019-12-08T08:23:52","modified_gmt":"2019-12-08T08:23:52","slug":"comissao-interamericana-de-direitos-humanos-condena-pm-por-massacre-de-paraisopolis","status":"publish","type":"post","link":"https:\/\/www.pressenza.com\/pt-pt\/2019\/12\/comissao-interamericana-de-direitos-humanos-condena-pm-por-massacre-de-paraisopolis\/","title":{"rendered":"Comiss\u00e3o Interamericana de Direitos Humanos condena PM por massacre de Parais\u00f3polis"},"content":{"rendered":"<h4 class=\"description\">O \u00f3rg\u00e3o tamb\u00e9m solicitou que o estado de S\u00e3o Paulo revise os seus protocolos de seguran\u00e7a<\/h4>\n<div class=\"author\">Caroline Oliveira<\/div>\n<div class=\"place-and-time\">\n<div class=\"place\">\n<p>Brasil de Fato<\/p>\n<p>A Comiss\u00e3o Interamericana de Direitos Humanos condenou a a\u00e7\u00e3o da Pol\u00edcia Militar de S\u00e3o Paulo que resultou na morte de nove jovens, na favela de Parais\u00f3polis, zona sul da capital paulista, na madrugada de domingo (1\u00ba). A CIDH tamb\u00e9m insistiu na necessidade do Estado brasileiro investigar imediata e imparcialmente o ocorrido, punir os respons\u00e1veis e reparar \u00e0s v\u00edtimas e os familiares.<\/p>\n<p>Em novembro de 2018, a comiss\u00e3o veio ao Brasil e identificou que as for\u00e7as de seguran\u00e7a realizam opera\u00e7\u00f5es em comunidades pobres e com alta concentra\u00e7\u00e3o de pessoas negras sem o devido respeito aos princ\u00edpios de excepcionalidade, necessidade, proporcionalidade e legalidade. Nesse sentido, a CIDH tamb\u00e9m solicitou que o Brasil revise os protocolos de seguran\u00e7a com uma an\u00e1lise focada em direitos humanos.<\/p>\n<p>O governador do estado, Jo\u00e3o Doria (PSDB), afirmou na segunda-feira (2)\u00a0que a PM n\u00e3o havia causado as mortes, durante coletiva de\u00a0imprensa.\u00a0Depois, mudou de tom, afirmando que ir\u00e1 rever os protocolos de a\u00e7\u00e3o da pol\u00edcia, em outra coletiva, na \u00faltima quinta-feira (5).<\/p>\n<p>Major Cibeli Marsolla \u2013 a porta-voz da corpora\u00e7\u00e3o \u2013\u00a0afirmou que as imagens feitas do massacre devem ser averiguadas para saber a veracidade dos documentos, em entrevista ao programa Encontro com F\u00e1tima Bernardes, da TV Globo, na \u00faltima ter\u00e7a-feira (3). Al\u00e9m disso, ela amenizou o ocorrido\u00a0dizendo que as pessoas v\u00e3o ao local \u201cpara roubar, cometer crimes\u201d.<\/p>\n<h4 class=\"ckeditor-subtitle\">Relembre o caso<\/h4>\n<p>Na madrugada do \u00faltimo domingo (1\u00ba), uma a\u00e7\u00e3o policial em um dos maiores bailes funk da cidade, o Baile da Dz7, em Parais\u00f3polis, que recebe em m\u00e9dia cinco mil pessoas. De acordo com\u00a0<a href=\"https:\/\/www.brasildefato.com.br\/2019\/12\/02\/paraisopolis-moradores-relatam-que-truculencia-da-policia-nao-e-novidade\/\">relatos de moradores<\/a>, os agentes invadiram o local atirando, o que deixou pelo menos 20 pessoas feridas e 12 hospitalizadas, segundo a Secretaria Municipal de Sa\u00fade de S\u00e3o Paulo.<\/p>\n<p>Durante a a\u00e7\u00e3o, um grupo grande de pessoas foi espancado e encurralado em uma viela, deixando nove pessoas mortas por pisoteamento, como v\u00eddeos divulgado pela Ponte Jornalismo. A PM nega.<\/p>\n<p>Em uma coletiva na tarde de domingo (1\u00ba), um outro\u00a0porta-voz da PM, tenente-coronel Emerson Masseira, disse que as imagens divulgadas nas redes sociais sobre a a\u00e7\u00e3o dos policiais \u201csugerem excessos\u201d. &#8220;Todas as imagens est\u00e3o inclu\u00eddas no inqu\u00e9rito policial militar para ser analisadas. (\u2026) O rigor da apura\u00e7\u00e3o vai responsabilizar quem eventualmente cometeu algum excesso, algum abuso&#8221;, acrescentou.<\/p>\n<h4 class=\"ckeditor-subtitle\">CIDH<\/h4>\n<p>A comiss\u00e3o \u00e9 um \u00f3rg\u00e3o independente da Organiza\u00e7\u00e3o dos Estados Americanos (OEA) e tem como fun\u00e7\u00e3o defender os direitos humanos. Sua composi\u00e7\u00e3o \u00e9 feita por sete membros independentes, que s\u00e3o eleitos pela Assembleia Geral da OEA, sem representarem seus pa\u00edses de origem.<\/p>\n<\/div>\n<\/div>\n","protected":false},"excerpt":{"rendered":"<p>O \u00f3rg\u00e3o tamb\u00e9m solicitou que o estado de S\u00e3o Paulo revise os seus protocolos de seguran\u00e7a Caroline Oliveira Brasil de Fato A Comiss\u00e3o Interamericana de Direitos Humanos condenou a a\u00e7\u00e3o da Pol\u00edcia Militar de S\u00e3o Paulo que resultou na morte&hellip;<\/p>\n","protected":false},"author":44,"featured_media":990691,"comment_status":"closed","ping_status":"closed","sticky":false,"template":"","format":"standard","meta":{"footnotes":""},"categories":[104,116],"tags":[54595,68027,56197,67823],"class_list":["post-990690","post","type-post","status-publish","format-standard","has-post-thumbnail","hentry","category-america-do-sul","category-direitos-humanos","tag-cidh-pt-pt","tag-comissao-interamericana-de-direitos-humanos","tag-oea-pt-pt-2","tag-paraisopolis"],"yoast_head":"<!-- This site is optimized with the Yoast SEO plugin v27.1.1 - https:\/\/yoast.com\/product\/yoast-seo-wordpress\/ -->\n<title>Comiss\u00e3o Interamericana de Direitos Humanos condena PM por massacre de Parais\u00f3polis<\/title>\n<meta name=\"description\" content=\"O \u00f3rg\u00e3o tamb\u00e9m solicitou que o estado de S\u00e3o Paulo revise os seus protocolos de seguran\u00e7a Caroline Oliveira Brasil de Fato A Comiss\u00e3o Interamericana de\" \/>\n<meta name=\"robots\" content=\"index, follow, max-snippet:-1, max-image-preview:large, max-video-preview:-1\" \/>\n<link rel=\"canonical\" href=\"https:\/\/www.pressenza.com\/pt-pt\/2019\/12\/comissao-interamericana-de-direitos-humanos-condena-pm-por-massacre-de-paraisopolis\/\" \/>\n<meta property=\"og:locale\" content=\"pt_PT\" \/>\n<meta property=\"og:type\" content=\"article\" \/>\n<meta property=\"og:title\" content=\"Comiss\u00e3o Interamericana de Direitos Humanos condena PM por massacre de Parais\u00f3polis\" \/>\n<meta property=\"og:description\" content=\"O \u00f3rg\u00e3o tamb\u00e9m solicitou que o estado de S\u00e3o Paulo revise os seus protocolos de seguran\u00e7a Caroline Oliveira Brasil de Fato A Comiss\u00e3o Interamericana de\" \/>\n<meta property=\"og:url\" content=\"https:\/\/www.pressenza.com\/pt-pt\/2019\/12\/comissao-interamericana-de-direitos-humanos-condena-pm-por-massacre-de-paraisopolis\/\" \/>\n<meta property=\"og:site_name\" content=\"Pressenza\" \/>\n<meta property=\"article:publisher\" content=\"https:\/\/www.facebook.com\/PressenzaItalia\" \/>\n<meta property=\"article:author\" content=\"https:\/\/www.facebook.com\/PressenzaPortugues\" \/>\n<meta property=\"article:published_time\" content=\"2019-12-08T08:23:52+00:00\" \/>\n<meta property=\"og:image\" content=\"https:\/\/www.pressenza.com\/wp-content\/uploads\/2019\/12\/49182066601_7fd4896390_z.jpg\" \/>\n\t<meta property=\"og:image:width\" content=\"640\" \/>\n\t<meta property=\"og:image:height\" content=\"426\" \/>\n\t<meta property=\"og:image:type\" content=\"image\/jpeg\" \/>\n<meta name=\"author\" content=\"Reda\u00e7\u00e3o S\u00e3o Paulo\" \/>\n<meta name=\"twitter:card\" content=\"summary_large_image\" \/>\n<meta name=\"twitter:creator\" content=\"@pressenza_pt\" \/>\n<meta name=\"twitter:site\" content=\"@PressenzaIPA\" \/>\n<meta name=\"twitter:label1\" content=\"Escrito por\" \/>\n\t<meta name=\"twitter:data1\" content=\"Reda\u00e7\u00e3o S\u00e3o Paulo\" \/>\n\t<meta name=\"twitter:label2\" content=\"Tempo estimado de leitura\" \/>\n\t<meta name=\"twitter:data2\" content=\"2 minutos\" \/>\n<script type=\"application\/ld+json\" class=\"yoast-schema-graph\">{\"@context\":\"https:\/\/schema.org\",\"@graph\":[{\"@type\":\"Article\",\"@id\":\"https:\/\/www.pressenza.com\/pt-pt\/2019\/12\/comissao-interamericana-de-direitos-humanos-condena-pm-por-massacre-de-paraisopolis\/#article\",\"isPartOf\":{\"@id\":\"https:\/\/www.pressenza.com\/pt-pt\/2019\/12\/comissao-interamericana-de-direitos-humanos-condena-pm-por-massacre-de-paraisopolis\/\"},\"author\":{\"name\":\"Reda\u00e7\u00e3o S\u00e3o Paulo\",\"@id\":\"https:\/\/www.pressenza.com\/pt-pt\/#\/schema\/person\/d171826afb7693cfc394da95892bfd93\"},\"headline\":\"Comiss\u00e3o Interamericana de Direitos Humanos condena PM por massacre de Parais\u00f3polis\",\"datePublished\":\"2019-12-08T08:23:52+00:00\",\"mainEntityOfPage\":{\"@id\":\"https:\/\/www.pressenza.com\/pt-pt\/2019\/12\/comissao-interamericana-de-direitos-humanos-condena-pm-por-massacre-de-paraisopolis\/\"},\"wordCount\":488,\"publisher\":{\"@id\":\"https:\/\/www.pressenza.com\/pt-pt\/#organization\"},\"image\":{\"@id\":\"https:\/\/www.pressenza.com\/pt-pt\/2019\/12\/comissao-interamericana-de-direitos-humanos-condena-pm-por-massacre-de-paraisopolis\/#primaryimage\"},\"thumbnailUrl\":\"https:\/\/www.pressenza.com\/wp-content\/uploads\/2019\/12\/49182066601_7fd4896390_z.jpg\",\"keywords\":[\"CIDH\",\"Comiss\u00e3o Interamericana de Direitos Humanos\",\"OEA\",\"Parais\u00f3polis\"],\"articleSection\":[\"\u00c1m\u00e9rica do Sul\",\"Direitos Humanos\"],\"inLanguage\":\"pt-PT\"},{\"@type\":\"WebPage\",\"@id\":\"https:\/\/www.pressenza.com\/pt-pt\/2019\/12\/comissao-interamericana-de-direitos-humanos-condena-pm-por-massacre-de-paraisopolis\/\",\"url\":\"https:\/\/www.pressenza.com\/pt-pt\/2019\/12\/comissao-interamericana-de-direitos-humanos-condena-pm-por-massacre-de-paraisopolis\/\",\"name\":\"Comiss\u00e3o Interamericana de Direitos Humanos condena PM por massacre de Parais\u00f3polis\",\"isPartOf\":{\"@id\":\"https:\/\/www.pressenza.com\/pt-pt\/#website\"},\"primaryImageOfPage\":{\"@id\":\"https:\/\/www.pressenza.com\/pt-pt\/2019\/12\/comissao-interamericana-de-direitos-humanos-condena-pm-por-massacre-de-paraisopolis\/#primaryimage\"},\"image\":{\"@id\":\"https:\/\/www.pressenza.com\/pt-pt\/2019\/12\/comissao-interamericana-de-direitos-humanos-condena-pm-por-massacre-de-paraisopolis\/#primaryimage\"},\"thumbnailUrl\":\"https:\/\/www.pressenza.com\/wp-content\/uploads\/2019\/12\/49182066601_7fd4896390_z.jpg\",\"datePublished\":\"2019-12-08T08:23:52+00:00\",\"description\":\"O \u00f3rg\u00e3o tamb\u00e9m solicitou que o estado de S\u00e3o Paulo revise os seus protocolos de seguran\u00e7a Caroline Oliveira Brasil de Fato A Comiss\u00e3o Interamericana de\",\"breadcrumb\":{\"@id\":\"https:\/\/www.pressenza.com\/pt-pt\/2019\/12\/comissao-interamericana-de-direitos-humanos-condena-pm-por-massacre-de-paraisopolis\/#breadcrumb\"},\"inLanguage\":\"pt-PT\",\"potentialAction\":[{\"@type\":\"ReadAction\",\"target\":[\"https:\/\/www.pressenza.com\/pt-pt\/2019\/12\/comissao-interamericana-de-direitos-humanos-condena-pm-por-massacre-de-paraisopolis\/\"]}]},{\"@type\":\"ImageObject\",\"inLanguage\":\"pt-PT\",\"@id\":\"https:\/\/www.pressenza.com\/pt-pt\/2019\/12\/comissao-interamericana-de-direitos-humanos-condena-pm-por-massacre-de-paraisopolis\/#primaryimage\",\"url\":\"https:\/\/www.pressenza.com\/wp-content\/uploads\/2019\/12\/49182066601_7fd4896390_z.jpg\",\"contentUrl\":\"https:\/\/www.pressenza.com\/wp-content\/uploads\/2019\/12\/49182066601_7fd4896390_z.jpg\",\"width\":640,\"height\":426},{\"@type\":\"BreadcrumbList\",\"@id\":\"https:\/\/www.pressenza.com\/pt-pt\/2019\/12\/comissao-interamericana-de-direitos-humanos-condena-pm-por-massacre-de-paraisopolis\/#breadcrumb\",\"itemListElement\":[{\"@type\":\"ListItem\",\"position\":1,\"name\":\"Accueil\",\"item\":\"https:\/\/www.pressenza.com\/pt-pt\/\"},{\"@type\":\"ListItem\",\"position\":2,\"name\":\"Comiss\u00e3o Interamericana de Direitos Humanos condena PM por massacre de Parais\u00f3polis\"}]},{\"@type\":\"WebSite\",\"@id\":\"https:\/\/www.pressenza.com\/pt-pt\/#website\",\"url\":\"https:\/\/www.pressenza.com\/pt-pt\/\",\"name\":\"Pressenza\",\"description\":\"International Press Agency\",\"publisher\":{\"@id\":\"https:\/\/www.pressenza.com\/pt-pt\/#organization\"},\"potentialAction\":[{\"@type\":\"SearchAction\",\"target\":{\"@type\":\"EntryPoint\",\"urlTemplate\":\"https:\/\/www.pressenza.com\/pt-pt\/?s={search_term_string}\"},\"query-input\":{\"@type\":\"PropertyValueSpecification\",\"valueRequired\":true,\"valueName\":\"search_term_string\"}}],\"inLanguage\":\"pt-PT\"},{\"@type\":\"Organization\",\"@id\":\"https:\/\/www.pressenza.com\/pt-pt\/#organization\",\"name\":\"Pressenza\",\"url\":\"https:\/\/www.pressenza.com\/pt-pt\/\",\"logo\":{\"@type\":\"ImageObject\",\"inLanguage\":\"pt-PT\",\"@id\":\"https:\/\/www.pressenza.com\/pt-pt\/#\/schema\/logo\/image\/\",\"url\":\"https:\/\/www.pressenza.com\/wp-content\/uploads\/2022\/10\/pressenza_logo_200x200.jpg\",\"contentUrl\":\"https:\/\/www.pressenza.com\/wp-content\/uploads\/2022\/10\/pressenza_logo_200x200.jpg\",\"width\":200,\"height\":200,\"caption\":\"Pressenza\"},\"image\":{\"@id\":\"https:\/\/www.pressenza.com\/pt-pt\/#\/schema\/logo\/image\/\"},\"sameAs\":[\"https:\/\/www.facebook.com\/PressenzaItalia\",\"https:\/\/x.com\/PressenzaIPA\"]},{\"@type\":\"Person\",\"@id\":\"https:\/\/www.pressenza.com\/pt-pt\/#\/schema\/person\/d171826afb7693cfc394da95892bfd93\",\"name\":\"Reda\u00e7\u00e3o S\u00e3o Paulo\",\"description\":\"News from the Pressenza bureau in Sao Paulo, Brazil\",\"sameAs\":[\"https:\/\/www.facebook.com\/PressenzaPortugues\",\"https:\/\/x.com\/pressenza_pt\"],\"url\":\"https:\/\/www.pressenza.com\/pt-pt\/author\/redaccao-sao-paulo\/\"}]}<\/script>\n<!-- \/ Yoast SEO plugin. -->","yoast_head_json":{"title":"Comiss\u00e3o Interamericana de Direitos Humanos condena PM por massacre de Parais\u00f3polis","description":"O \u00f3rg\u00e3o tamb\u00e9m solicitou que o estado de S\u00e3o Paulo revise os seus protocolos de seguran\u00e7a Caroline Oliveira Brasil de Fato A Comiss\u00e3o Interamericana de","robots":{"index":"index","follow":"follow","max-snippet":"max-snippet:-1","max-image-preview":"max-image-preview:large","max-video-preview":"max-video-preview:-1"},"canonical":"https:\/\/www.pressenza.com\/pt-pt\/2019\/12\/comissao-interamericana-de-direitos-humanos-condena-pm-por-massacre-de-paraisopolis\/","og_locale":"pt_PT","og_type":"article","og_title":"Comiss\u00e3o Interamericana de Direitos Humanos condena PM por massacre de Parais\u00f3polis","og_description":"O \u00f3rg\u00e3o tamb\u00e9m solicitou que o estado de S\u00e3o Paulo revise os seus protocolos de seguran\u00e7a Caroline Oliveira Brasil de Fato A Comiss\u00e3o Interamericana de","og_url":"https:\/\/www.pressenza.com\/pt-pt\/2019\/12\/comissao-interamericana-de-direitos-humanos-condena-pm-por-massacre-de-paraisopolis\/","og_site_name":"Pressenza","article_publisher":"https:\/\/www.facebook.com\/PressenzaItalia","article_author":"https:\/\/www.facebook.com\/PressenzaPortugues","article_published_time":"2019-12-08T08:23:52+00:00","og_image":[{"width":640,"height":426,"url":"https:\/\/www.pressenza.com\/wp-content\/uploads\/2019\/12\/49182066601_7fd4896390_z.jpg","type":"image\/jpeg"}],"author":"Reda\u00e7\u00e3o S\u00e3o Paulo","twitter_card":"summary_large_image","twitter_creator":"@pressenza_pt","twitter_site":"@PressenzaIPA","twitter_misc":{"Escrito por":"Reda\u00e7\u00e3o S\u00e3o Paulo","Tempo estimado de leitura":"2 minutos"},"schema":{"@context":"https:\/\/schema.org","@graph":[{"@type":"Article","@id":"https:\/\/www.pressenza.com\/pt-pt\/2019\/12\/comissao-interamericana-de-direitos-humanos-condena-pm-por-massacre-de-paraisopolis\/#article","isPartOf":{"@id":"https:\/\/www.pressenza.com\/pt-pt\/2019\/12\/comissao-interamericana-de-direitos-humanos-condena-pm-por-massacre-de-paraisopolis\/"},"author":{"name":"Reda\u00e7\u00e3o S\u00e3o Paulo","@id":"https:\/\/www.pressenza.com\/pt-pt\/#\/schema\/person\/d171826afb7693cfc394da95892bfd93"},"headline":"Comiss\u00e3o Interamericana de Direitos Humanos condena PM por massacre de Parais\u00f3polis","datePublished":"2019-12-08T08:23:52+00:00","mainEntityOfPage":{"@id":"https:\/\/www.pressenza.com\/pt-pt\/2019\/12\/comissao-interamericana-de-direitos-humanos-condena-pm-por-massacre-de-paraisopolis\/"},"wordCount":488,"publisher":{"@id":"https:\/\/www.pressenza.com\/pt-pt\/#organization"},"image":{"@id":"https:\/\/www.pressenza.com\/pt-pt\/2019\/12\/comissao-interamericana-de-direitos-humanos-condena-pm-por-massacre-de-paraisopolis\/#primaryimage"},"thumbnailUrl":"https:\/\/www.pressenza.com\/wp-content\/uploads\/2019\/12\/49182066601_7fd4896390_z.jpg","keywords":["CIDH","Comiss\u00e3o Interamericana de Direitos Humanos","OEA","Parais\u00f3polis"],"articleSection":["\u00c1m\u00e9rica do Sul","Direitos Humanos"],"inLanguage":"pt-PT"},{"@type":"WebPage","@id":"https:\/\/www.pressenza.com\/pt-pt\/2019\/12\/comissao-interamericana-de-direitos-humanos-condena-pm-por-massacre-de-paraisopolis\/","url":"https:\/\/www.pressenza.com\/pt-pt\/2019\/12\/comissao-interamericana-de-direitos-humanos-condena-pm-por-massacre-de-paraisopolis\/","name":"Comiss\u00e3o Interamericana de Direitos Humanos condena PM por massacre de Parais\u00f3polis","isPartOf":{"@id":"https:\/\/www.pressenza.com\/pt-pt\/#website"},"primaryImageOfPage":{"@id":"https:\/\/www.pressenza.com\/pt-pt\/2019\/12\/comissao-interamericana-de-direitos-humanos-condena-pm-por-massacre-de-paraisopolis\/#primaryimage"},"image":{"@id":"https:\/\/www.pressenza.com\/pt-pt\/2019\/12\/comissao-interamericana-de-direitos-humanos-condena-pm-por-massacre-de-paraisopolis\/#primaryimage"},"thumbnailUrl":"https:\/\/www.pressenza.com\/wp-content\/uploads\/2019\/12\/49182066601_7fd4896390_z.jpg","datePublished":"2019-12-08T08:23:52+00:00","description":"O \u00f3rg\u00e3o tamb\u00e9m solicitou que o estado de S\u00e3o Paulo revise os seus protocolos de seguran\u00e7a Caroline Oliveira Brasil de Fato A Comiss\u00e3o Interamericana de","breadcrumb":{"@id":"https:\/\/www.pressenza.com\/pt-pt\/2019\/12\/comissao-interamericana-de-direitos-humanos-condena-pm-por-massacre-de-paraisopolis\/#breadcrumb"},"inLanguage":"pt-PT","potentialAction":[{"@type":"ReadAction","target":["https:\/\/www.pressenza.com\/pt-pt\/2019\/12\/comissao-interamericana-de-direitos-humanos-condena-pm-por-massacre-de-paraisopolis\/"]}]},{"@type":"ImageObject","inLanguage":"pt-PT","@id":"https:\/\/www.pressenza.com\/pt-pt\/2019\/12\/comissao-interamericana-de-direitos-humanos-condena-pm-por-massacre-de-paraisopolis\/#primaryimage","url":"https:\/\/www.pressenza.com\/wp-content\/uploads\/2019\/12\/49182066601_7fd4896390_z.jpg","contentUrl":"https:\/\/www.pressenza.com\/wp-content\/uploads\/2019\/12\/49182066601_7fd4896390_z.jpg","width":640,"height":426},{"@type":"BreadcrumbList","@id":"https:\/\/www.pressenza.com\/pt-pt\/2019\/12\/comissao-interamericana-de-direitos-humanos-condena-pm-por-massacre-de-paraisopolis\/#breadcrumb","itemListElement":[{"@type":"ListItem","position":1,"name":"Accueil","item":"https:\/\/www.pressenza.com\/pt-pt\/"},{"@type":"ListItem","position":2,"name":"Comiss\u00e3o Interamericana de Direitos Humanos condena PM por massacre de Parais\u00f3polis"}]},{"@type":"WebSite","@id":"https:\/\/www.pressenza.com\/pt-pt\/#website","url":"https:\/\/www.pressenza.com\/pt-pt\/","name":"Pressenza","description":"International Press Agency","publisher":{"@id":"https:\/\/www.pressenza.com\/pt-pt\/#organization"},"potentialAction":[{"@type":"SearchAction","target":{"@type":"EntryPoint","urlTemplate":"https:\/\/www.pressenza.com\/pt-pt\/?s={search_term_string}"},"query-input":{"@type":"PropertyValueSpecification","valueRequired":true,"valueName":"search_term_string"}}],"inLanguage":"pt-PT"},{"@type":"Organization","@id":"https:\/\/www.pressenza.com\/pt-pt\/#organization","name":"Pressenza","url":"https:\/\/www.pressenza.com\/pt-pt\/","logo":{"@type":"ImageObject","inLanguage":"pt-PT","@id":"https:\/\/www.pressenza.com\/pt-pt\/#\/schema\/logo\/image\/","url":"https:\/\/www.pressenza.com\/wp-content\/uploads\/2022\/10\/pressenza_logo_200x200.jpg","contentUrl":"https:\/\/www.pressenza.com\/wp-content\/uploads\/2022\/10\/pressenza_logo_200x200.jpg","width":200,"height":200,"caption":"Pressenza"},"image":{"@id":"https:\/\/www.pressenza.com\/pt-pt\/#\/schema\/logo\/image\/"},"sameAs":["https:\/\/www.facebook.com\/PressenzaItalia","https:\/\/x.com\/PressenzaIPA"]},{"@type":"Person","@id":"https:\/\/www.pressenza.com\/pt-pt\/#\/schema\/person\/d171826afb7693cfc394da95892bfd93","name":"Reda\u00e7\u00e3o S\u00e3o Paulo","description":"News from the Pressenza bureau in Sao Paulo, Brazil","sameAs":["https:\/\/www.facebook.com\/PressenzaPortugues","https:\/\/x.com\/pressenza_pt"],"url":"https:\/\/www.pressenza.com\/pt-pt\/author\/redaccao-sao-paulo\/"}]}},"place":"S\u00e3o Paulo, Brasil","original_article_url":"https:\/\/www.brasildefato.com.br\/2019\/12\/07\/comissao-interamericana-de-direitos-humanos-condena-pm-por-massacre-de-paraisopolis\/","_links":{"self":[{"href":"https:\/\/www.pressenza.com\/pt-pt\/wp-json\/wp\/v2\/posts\/990690","targetHints":{"allow":["GET"]}}],"collection":[{"href":"https:\/\/www.pressenza.com\/pt-pt\/wp-json\/wp\/v2\/posts"}],"about":[{"href":"https:\/\/www.pressenza.com\/pt-pt\/wp-json\/wp\/v2\/types\/post"}],"author":[{"embeddable":true,"href":"https:\/\/www.pressenza.com\/pt-pt\/wp-json\/wp\/v2\/users\/44"}],"replies":[{"embeddable":true,"href":"https:\/\/www.pressenza.com\/pt-pt\/wp-json\/wp\/v2\/comments?post=990690"}],"version-history":[{"count":0,"href":"https:\/\/www.pressenza.com\/pt-pt\/wp-json\/wp\/v2\/posts\/990690\/revisions"}],"wp:featuredmedia":[{"embeddable":true,"href":"https:\/\/www.pressenza.com\/pt-pt\/wp-json\/wp\/v2\/media\/990691"}],"wp:attachment":[{"href":"https:\/\/www.pressenza.com\/pt-pt\/wp-json\/wp\/v2\/media?parent=990690"}],"wp:term":[{"taxonomy":"category","embeddable":true,"href":"https:\/\/www.pressenza.com\/pt-pt\/wp-json\/wp\/v2\/categories?post=990690"},{"taxonomy":"post_tag","embeddable":true,"href":"https:\/\/www.pressenza.com\/pt-pt\/wp-json\/wp\/v2\/tags?post=990690"}],"curies":[{"name":"wp","href":"https:\/\/api.w.org\/{rel}","templated":true}]}}