{"id":99044,"date":"2014-04-04T02:53:41","date_gmt":"2014-04-04T01:53:41","guid":{"rendered":"http:\/\/www.pressenza.com\/?p=99044"},"modified":"2014-04-04T02:58:56","modified_gmt":"2014-04-04T01:58:56","slug":"brasil-manifesto-das-favelas-complexo-alemao","status":"publish","type":"post","link":"https:\/\/www.pressenza.com\/pt-pt\/2014\/04\/brasil-manifesto-das-favelas-complexo-alemao\/","title":{"rendered":"Manifesto: Queremos ser felizes e andar tranquilamente na favela"},"content":{"rendered":"<p>Durante d\u00e9cadas o Estado n\u00e3o reconheceu a favela como parte integrante da cidade, negando aos seus moradores direitos b\u00e1sicos. Hoje depois de 3 anos de ocupa\u00e7\u00e3o da seguran\u00e7a p\u00fablica no Complexo do Alem\u00e3o, percebemos que ainda temos um longo caminho a seguir na garantia de direitos, uma vez que, o bra\u00e7o do Estado que mais entra na favela \u00e9 o bra\u00e7o armado. Sem \u00a0escola n\u00e3o h\u00e1 pacifica\u00e7\u00e3o, sem sa\u00fade n\u00e3o h\u00e1 pacifica\u00e7\u00e3o, sem saneamento b\u00e1sico n\u00e3o h\u00e1 pacifica\u00e7\u00e3o, sem lazer n\u00e3o h\u00e1 pacifica\u00e7\u00e3o. O s\u00edmbolo da paz no Rio de Janeiro \u00a0n\u00e3o podem ser as armas, a pistola, o fuzil e os blindados.<\/p>\n<p>Nas ultimas semanas, as manchetes dos jornais foram tomadas por mat\u00e9rias sobre os conflitos que acontecem cotidianamente nas favelas com a ocupa\u00e7\u00e3o policial \u2013 as UPP\u00b4s, sobretudo no Complexo do Alem\u00e3o. Junto com as manchetes veio as declara\u00e7\u00f5es do secret\u00e1rio de seguran\u00e7a p\u00fablica do Rio de Janeiro, Jos\u00e9 Mariano Beltrame, que apresentou a op\u00e7\u00e3o de ampliar a militariza\u00e7\u00e3o como poss\u00edvel solu\u00e7\u00e3o para os problemas. Parece que ao seu ver, toda solu\u00e7\u00e3o de conflito passa pela amplia\u00e7\u00e3o da presen\u00e7a da pol\u00edcia e de outras for\u00e7as militares no territ\u00f3rio.<\/p>\n<p>Entendemos que esta perspectiva precisa ser mudada, uma vez que, \u00a0\u00e9 poss\u00edvel perceber que \u00a0s\u00f3 a presen\u00e7a da pol\u00edcia nos territ\u00f3rios ocupados n\u00e3o tem trazido a paz. Existem v\u00e1rios casos, em favelas com UPP de abuso de poder, arbitrariedades e desaparecidos, como \u00e9 o caso do Amarildo , na Rocinha; e de jovens assassinados por policiais como : Andr\u00e9 de Lima Cardoso, 19 anos, Pav\u00e3o-Pav\u00e3ozinho; Jos\u00e9 Carlos Lopes J\u00fanior,19 anos, morador de Sao Joao; Thales Pereira Ribeiro D\u2019Adrea, 15 anos, Morro do Fogueteiro; Jackson Lessa dos Santos, 20 anos, Morro do Fogueteiro; Mateus Oliveira Cas\u00e9, 16 anos, Manguinhos; Paulo Henrique dos Santos, 25 anos, Cidade de Deus; Ali\u00e9lson Nogueira, 21 anos, Jacarezinho; La\u00e9rcio Hil\u00e1rio da Luz Neto, 17 anos, Morro do Alem\u00e3o e Israel Meneses, 23 anos, Jacarezinho. Nesta pol\u00edtica n\u00e3o podemos deixar de citar os policiais mortos na a\u00e7\u00e3o suicida do Estado. N\u00e3o aceitamos essas mortes, nenhuma vida vale mais que a outra e \u00e9 preciso que o Estado se responsabilize. Afinal qual \u00e9 a paz que queremos promover? A paz b\u00e9lica ? A paz militarizada?<\/p>\n<p>Nesse domingo, 16, a capa do jornal extra anunciava que os moradores de favela tinham ido as ruas se manifestar a mando do tr\u00e1fico e estariam recebendo dinheiro para isso. Mais uma vez a grande imprensa tem sido uma ferramenta de criminaliza\u00e7\u00e3o dos movimentos populares e da favela. Repudiamos totalmente a forma com que os meios de comunica\u00e7\u00e3o tem feito a cobertura da a\u00e7\u00e3o da pol\u00edcia no Complexo do Alem\u00e3o e em outras favelas. Entendemos que o morador de \u00a0favela n\u00e3o pode ser visto como um inimigo. O governo diz que as favelas est\u00e3o pacificadas, mas ent\u00e3o porque tanta arma ostentada pela pol\u00edcia? Queremos mais di\u00e1logo entre os moradores de favela e \u00a0a seguran\u00e7a no territ\u00f3rio, queremos a liberdade de ir e vir, queremos mais escolas, saneamento b\u00e1sico para morador ao inv\u00e9s de telef\u00e9rico para turista, queremos a garantia do direito de express\u00e3o onde o baile funk se insere, n\u00e3o queremos a viola\u00e7\u00e3o do domic\u00edlio sem mandato. Entender as demandas do Complexo \u00e9 simples, entender as demandas da favela \u00e9 simples , porque o papo \u00e9 reto.<\/p>\n<p>As \u00a0propostas de \u201cPAZ\u201d devem ser constru\u00eddas coletivamente com toda a favela. N\u00e3o se constr\u00f3i uma politica de paz, com o p\u00e9 na porta, agredindo gratuitamente seus moradores, n\u00e3o se constr\u00f3i paz com caveir\u00e3o. No atual modelo, \u201cindependente de quem manda\u201d, os moradores continuam sem ter sua voz ouvida.Temos a consci\u00eancia que o pobre tem seu lugar.<\/p>\n<p>publicado por <a href=\"http:\/\/www.anf.org.br\/\" target=\"_blank\">Ag\u00eancia de Not\u00edcias das Favelas<\/a><\/p>\n<p><strong>\u00a0<\/strong><\/p>\n<p>Institui\u00e7\u00f5es que j\u00e1 assinaram<\/p>\n<p>Ocupa Alem\u00e3o<\/p>\n<p>Instituto Ra\u00edzes em Movimento<\/p>\n<p>Alem\u00e3o de Not\u00edcias<\/p>\n<p>Complexo do Alem\u00e3o<\/p>\n<p>Educap<\/p>\n<p>Jornal Voz das Comunidades<\/p>\n<p>Pr\u00e9 vestibular comunit\u00e1rio Nova Bras\u00edlia<\/p>\n<p>Mulheres de Atitude -AMA<\/p>\n<p>Verdejar Socioambiental<\/p>\n<p>Descolando Ideias<\/p>\n<p>O Coletivo PACAL- PROTETORES DOS ANIMAIS DO COMPLEXO DO ALEM\u00c3O E ADJAC\u00caNCIAS<\/p>\n<p>Grupo Pensar<\/p>\n<p>Fase<\/p>\n<p>Fam\u00edlia de Jos\u00e9 Carlos Lopes J\u00fanior<\/p>\n<p>APAFUNK<\/p>\n<p>Porque eu quis<\/p>\n<p>Favela n\u00e3o se Cala<\/p>\n<p>IDDH<br \/>\nM\u00e3es de Maio<\/p>\n<p>Rede Universidade N\u00f4made<\/p>\n<p>O Cidad\u00e3o<\/p>\n<p>F\u00f3rum Social de Manguinhos<\/p>\n<p>F\u00f3rum Rede da Juventude<\/p>\n<p>Coletivo Mariachi<\/p>\n<p>Favela em Foco<\/p>\n<p>Norte Comum<\/p>\n<p>Observat\u00f3rio de Favelas<\/p>\n<p>Observat\u00f3rio de Conflitos Urbanos<\/p>\n<p>Ag\u00eancia de Redes para Juventude<\/p>\n<p>Ibase<\/p>\n<p>O Instituto de Forma\u00e7\u00e3o Humana e Educa\u00e7\u00e3o Popular\/ Cpo Gde<\/p>\n<p>Fala Ro\u00e7a<\/p>\n<p>Marcha Mundial das Mulheres -MMM<\/p>\n<p>N\u00facleo MMM<\/p>\n<p>Coletivo Rosa dos Ventos<\/p>\n<p>Comiss\u00e3o de Direitos Humanos da OAB<\/p>\n<p>Rede de Comunidades e Movimentos contra a Viol\u00eancia<\/p>\n<p>Biblioteca Chico Mendes<\/p>\n<p>Coletivo V\u00f4 Pix\u00e1 Pelada<\/p>\n<p>Coletivo Vinhetando<\/p>\n<p>Rio Na Rua<\/p>\n<p>Grupo Teatro da Laje<\/p>\n<p>N\u00facleo de Estudos da Cidadania, Conflito e Viol\u00eancia Urbana da UFRJ<\/p>\n<p>Surbanitas<\/p>\n<p>Coletivo Projeta\u00e7\u00e3o<\/p>\n<p>Rede Mapping the Commons<\/p>\n<p>Projeto Green Go<\/p>\n<p>Rede Contra Viol\u00eancia<\/p>\n<p>Pont\u00e3o Eco UFRJ<\/p>\n<p>MediaLab.UFRJ<\/p>\n<p>Justi\u00e7a Global<\/p>\n<p>M\u00eddia Ninja<\/p>\n<p>N\u00facleo Socialista da Tijuca<\/p>\n<p>Linhas de Fuga<\/p>\n<p>Cinem\u00e3o<\/p>\n<p>Coletivo PaguFunk<\/p>\n<p>Centro de M\u00eddia Indepente do Rio de Janeiro -CMI-Rio<\/p>\n<p>Comit\u00ea Contra o Genoc\u00eddio da Juventude Preta Pobre da Periferia da Grande S\u00e3o Paulo<\/p>\n<p>Tribunal Popular: o Estado Brasileiro no Banco dos R\u00e9us<\/p>\n<p>Movimento Parais\u00f3polis Exige Respeito<\/p>\n<p>F\u00f3rum Popular de Apoio M\u00fatuo<\/p>\n<p>Mandato Marcelo Freixo<br \/>\nCentro de Assessoria popular Mariana Criola<br \/>\nCEDECA-RJ Centro de Defesa da Crian\u00e7a e do Adolescente<br \/>\nGTNM-RJ Grupo Tortura nunca mais<br \/>\nPACS Instituto de Pol\u00edticas Alternativas para Cone Sul<br \/>\nDPQ \u2013 Movimento Direito pra quem<br \/>\nRAESP \u2013 Rede de Apoio a egressas e egressos do Sistema Prisional<\/p>\n<p>Coletivo Margaridas Ambulantes<\/p>\n<p>Centro de Estudos de Seguran\u00e7a e Cidadania da Universidade Candido Mendes<\/p>\n<p>Arteiras<\/p>\n<p>Rede de Institui\u00e7\u00f5es do Borel<br \/>\nOcupa Borel<br \/>\nComunidade Apost\u00f3lica Crist\u00e3 Gileade Tijuca<br \/>\nAdvogados ativistas de SP<\/p>\n<p>Fora do Eixo<\/p>\n<p>Coletivo SUBURBAGEM<\/p>\n<p>F\u00f3rum Comunit\u00e1rio do Porto<\/p>\n<p>Coletivo do Mov. Negro Antirracista e Anticapitalista C\u00edrculo Palmarino<\/p>\n<p>M\u00eddia Independente Coletiva, MIC<\/p>\n<p>Tem Morador<\/p>\n<p>Coletivo Das Lutas<\/p>\n<p>Coletivo Desentorpecendo a Raz\u00e3o<\/p>\n<p>N\u00facleo de Comunica\u00e7\u00e3o do Rap da Sa\u00fade<\/p>\n<p>Ag\u00eancia de Not\u00edcias das Favelas<\/p>\n","protected":false},"excerpt":{"rendered":"<p>Durante d\u00e9cadas o Estado n\u00e3o reconheceu a favela como parte integrante da cidade, negando aos seus moradores direitos b\u00e1sicos. Hoje depois de 3 anos de ocupa\u00e7\u00e3o da seguran\u00e7a p\u00fablica no Complexo do Alem\u00e3o, percebemos que ainda temos um longo caminho&hellip;<\/p>\n","protected":false},"author":44,"featured_media":99045,"comment_status":"closed","ping_status":"open","sticky":false,"template":"","format":"standard","meta":{"footnotes":""},"categories":[104,116,42,1256],"tags":[2744,9843,9842,9844],"class_list":["post-99044","post","type-post","status-publish","format-standard","has-post-thumbnail","hentry","category-america-do-sul","category-direitos-humanos","category-internacional-2","category-nao-violencia","tag-brasil","tag-complexo-do-alemao","tag-favela","tag-upp"],"yoast_head":"<!-- This site is optimized with the Yoast SEO plugin v27.1.1 - https:\/\/yoast.com\/product\/yoast-seo-wordpress\/ -->\n<title>Manifesto: Queremos ser felizes e andar tranquilamente na favela<\/title>\n<meta name=\"description\" content=\"Durante d\u00e9cadas o Estado n\u00e3o reconheceu a favela como parte integrante da cidade, negando aos seus moradores direitos b\u00e1sicos. Hoje depois de 3 anos de\" \/>\n<meta name=\"robots\" content=\"index, follow, max-snippet:-1, max-image-preview:large, max-video-preview:-1\" \/>\n<link rel=\"canonical\" href=\"https:\/\/www.pressenza.com\/pt-pt\/2014\/04\/brasil-manifesto-das-favelas-complexo-alemao\/\" \/>\n<meta property=\"og:locale\" content=\"pt_PT\" \/>\n<meta property=\"og:type\" content=\"article\" \/>\n<meta property=\"og:title\" content=\"Manifesto: Queremos ser felizes e andar tranquilamente na favela\" \/>\n<meta property=\"og:description\" content=\"Durante d\u00e9cadas o Estado n\u00e3o reconheceu a favela como parte integrante da cidade, negando aos seus moradores direitos b\u00e1sicos. Hoje depois de 3 anos de\" \/>\n<meta property=\"og:url\" content=\"https:\/\/www.pressenza.com\/pt-pt\/2014\/04\/brasil-manifesto-das-favelas-complexo-alemao\/\" \/>\n<meta property=\"og:site_name\" content=\"Pressenza\" \/>\n<meta property=\"article:publisher\" content=\"https:\/\/www.facebook.com\/PressenzaItalia\" \/>\n<meta property=\"article:author\" content=\"https:\/\/www.facebook.com\/PressenzaPortugues\" \/>\n<meta property=\"article:published_time\" content=\"2014-04-04T01:53:41+00:00\" \/>\n<meta property=\"article:modified_time\" content=\"2014-04-04T01:58:56+00:00\" \/>\n<meta property=\"og:image\" content=\"https:\/\/www.pressenza.com\/wp-content\/uploads\/2014\/04\/complexo-alemao-teleferico.jpg\" \/>\n\t<meta property=\"og:image:width\" content=\"600\" \/>\n\t<meta property=\"og:image:height\" content=\"400\" \/>\n\t<meta property=\"og:image:type\" content=\"image\/jpeg\" \/>\n<meta name=\"author\" content=\"Reda\u00e7\u00e3o S\u00e3o Paulo\" \/>\n<meta name=\"twitter:card\" content=\"summary_large_image\" \/>\n<meta name=\"twitter:creator\" content=\"@pressenza_pt\" \/>\n<meta name=\"twitter:site\" content=\"@PressenzaIPA\" \/>\n<meta name=\"twitter:label1\" content=\"Escrito por\" \/>\n\t<meta name=\"twitter:data1\" content=\"Reda\u00e7\u00e3o S\u00e3o Paulo\" \/>\n\t<meta name=\"twitter:label2\" content=\"Tempo estimado de leitura\" \/>\n\t<meta name=\"twitter:data2\" content=\"5 minutos\" \/>\n<script type=\"application\/ld+json\" class=\"yoast-schema-graph\">{\"@context\":\"https:\/\/schema.org\",\"@graph\":[{\"@type\":\"Article\",\"@id\":\"https:\/\/www.pressenza.com\/pt-pt\/2014\/04\/brasil-manifesto-das-favelas-complexo-alemao\/#article\",\"isPartOf\":{\"@id\":\"https:\/\/www.pressenza.com\/pt-pt\/2014\/04\/brasil-manifesto-das-favelas-complexo-alemao\/\"},\"author\":{\"name\":\"Reda\u00e7\u00e3o S\u00e3o Paulo\",\"@id\":\"https:\/\/www.pressenza.com\/pt-pt\/#\/schema\/person\/d171826afb7693cfc394da95892bfd93\"},\"headline\":\"Manifesto: Queremos ser felizes e andar tranquilamente na favela\",\"datePublished\":\"2014-04-04T01:53:41+00:00\",\"dateModified\":\"2014-04-04T01:58:56+00:00\",\"mainEntityOfPage\":{\"@id\":\"https:\/\/www.pressenza.com\/pt-pt\/2014\/04\/brasil-manifesto-das-favelas-complexo-alemao\/\"},\"wordCount\":1098,\"publisher\":{\"@id\":\"https:\/\/www.pressenza.com\/pt-pt\/#organization\"},\"image\":{\"@id\":\"https:\/\/www.pressenza.com\/pt-pt\/2014\/04\/brasil-manifesto-das-favelas-complexo-alemao\/#primaryimage\"},\"thumbnailUrl\":\"https:\/\/www.pressenza.com\/wp-content\/uploads\/2014\/04\/complexo-alemao-teleferico.jpg\",\"keywords\":[\"Brasil\",\"complexo do alemao\",\"favela\",\"UPP\"],\"articleSection\":[\"\u00c1m\u00e9rica do Sul\",\"Direitos Humanos\",\"Internacional\",\"N\u00e3o viol\u00eancia\"],\"inLanguage\":\"pt-PT\"},{\"@type\":\"WebPage\",\"@id\":\"https:\/\/www.pressenza.com\/pt-pt\/2014\/04\/brasil-manifesto-das-favelas-complexo-alemao\/\",\"url\":\"https:\/\/www.pressenza.com\/pt-pt\/2014\/04\/brasil-manifesto-das-favelas-complexo-alemao\/\",\"name\":\"Manifesto: Queremos ser felizes e andar tranquilamente na favela\",\"isPartOf\":{\"@id\":\"https:\/\/www.pressenza.com\/pt-pt\/#website\"},\"primaryImageOfPage\":{\"@id\":\"https:\/\/www.pressenza.com\/pt-pt\/2014\/04\/brasil-manifesto-das-favelas-complexo-alemao\/#primaryimage\"},\"image\":{\"@id\":\"https:\/\/www.pressenza.com\/pt-pt\/2014\/04\/brasil-manifesto-das-favelas-complexo-alemao\/#primaryimage\"},\"thumbnailUrl\":\"https:\/\/www.pressenza.com\/wp-content\/uploads\/2014\/04\/complexo-alemao-teleferico.jpg\",\"datePublished\":\"2014-04-04T01:53:41+00:00\",\"dateModified\":\"2014-04-04T01:58:56+00:00\",\"description\":\"Durante d\u00e9cadas o Estado n\u00e3o reconheceu a favela como parte integrante da cidade, negando aos seus moradores direitos b\u00e1sicos. Hoje depois de 3 anos de\",\"breadcrumb\":{\"@id\":\"https:\/\/www.pressenza.com\/pt-pt\/2014\/04\/brasil-manifesto-das-favelas-complexo-alemao\/#breadcrumb\"},\"inLanguage\":\"pt-PT\",\"potentialAction\":[{\"@type\":\"ReadAction\",\"target\":[\"https:\/\/www.pressenza.com\/pt-pt\/2014\/04\/brasil-manifesto-das-favelas-complexo-alemao\/\"]}]},{\"@type\":\"ImageObject\",\"inLanguage\":\"pt-PT\",\"@id\":\"https:\/\/www.pressenza.com\/pt-pt\/2014\/04\/brasil-manifesto-das-favelas-complexo-alemao\/#primaryimage\",\"url\":\"https:\/\/www.pressenza.com\/wp-content\/uploads\/2014\/04\/complexo-alemao-teleferico.jpg\",\"contentUrl\":\"https:\/\/www.pressenza.com\/wp-content\/uploads\/2014\/04\/complexo-alemao-teleferico.jpg\",\"width\":600,\"height\":400},{\"@type\":\"BreadcrumbList\",\"@id\":\"https:\/\/www.pressenza.com\/pt-pt\/2014\/04\/brasil-manifesto-das-favelas-complexo-alemao\/#breadcrumb\",\"itemListElement\":[{\"@type\":\"ListItem\",\"position\":1,\"name\":\"Accueil\",\"item\":\"https:\/\/www.pressenza.com\/pt-pt\/\"},{\"@type\":\"ListItem\",\"position\":2,\"name\":\"Manifesto: Queremos ser felizes e andar tranquilamente na favela\"}]},{\"@type\":\"WebSite\",\"@id\":\"https:\/\/www.pressenza.com\/pt-pt\/#website\",\"url\":\"https:\/\/www.pressenza.com\/pt-pt\/\",\"name\":\"Pressenza\",\"description\":\"International Press Agency\",\"publisher\":{\"@id\":\"https:\/\/www.pressenza.com\/pt-pt\/#organization\"},\"potentialAction\":[{\"@type\":\"SearchAction\",\"target\":{\"@type\":\"EntryPoint\",\"urlTemplate\":\"https:\/\/www.pressenza.com\/pt-pt\/?s={search_term_string}\"},\"query-input\":{\"@type\":\"PropertyValueSpecification\",\"valueRequired\":true,\"valueName\":\"search_term_string\"}}],\"inLanguage\":\"pt-PT\"},{\"@type\":\"Organization\",\"@id\":\"https:\/\/www.pressenza.com\/pt-pt\/#organization\",\"name\":\"Pressenza\",\"url\":\"https:\/\/www.pressenza.com\/pt-pt\/\",\"logo\":{\"@type\":\"ImageObject\",\"inLanguage\":\"pt-PT\",\"@id\":\"https:\/\/www.pressenza.com\/pt-pt\/#\/schema\/logo\/image\/\",\"url\":\"https:\/\/www.pressenza.com\/wp-content\/uploads\/2022\/10\/pressenza_logo_200x200.jpg\",\"contentUrl\":\"https:\/\/www.pressenza.com\/wp-content\/uploads\/2022\/10\/pressenza_logo_200x200.jpg\",\"width\":200,\"height\":200,\"caption\":\"Pressenza\"},\"image\":{\"@id\":\"https:\/\/www.pressenza.com\/pt-pt\/#\/schema\/logo\/image\/\"},\"sameAs\":[\"https:\/\/www.facebook.com\/PressenzaItalia\",\"https:\/\/x.com\/PressenzaIPA\"]},{\"@type\":\"Person\",\"@id\":\"https:\/\/www.pressenza.com\/pt-pt\/#\/schema\/person\/d171826afb7693cfc394da95892bfd93\",\"name\":\"Reda\u00e7\u00e3o S\u00e3o Paulo\",\"description\":\"News from the Pressenza bureau in Sao Paulo, Brazil\",\"sameAs\":[\"https:\/\/www.facebook.com\/PressenzaPortugues\",\"https:\/\/x.com\/pressenza_pt\"],\"url\":\"https:\/\/www.pressenza.com\/pt-pt\/author\/redaccao-sao-paulo\/\"}]}<\/script>\n<!-- \/ Yoast SEO plugin. -->","yoast_head_json":{"title":"Manifesto: Queremos ser felizes e andar tranquilamente na favela","description":"Durante d\u00e9cadas o Estado n\u00e3o reconheceu a favela como parte integrante da cidade, negando aos seus moradores direitos b\u00e1sicos. Hoje depois de 3 anos de","robots":{"index":"index","follow":"follow","max-snippet":"max-snippet:-1","max-image-preview":"max-image-preview:large","max-video-preview":"max-video-preview:-1"},"canonical":"https:\/\/www.pressenza.com\/pt-pt\/2014\/04\/brasil-manifesto-das-favelas-complexo-alemao\/","og_locale":"pt_PT","og_type":"article","og_title":"Manifesto: Queremos ser felizes e andar tranquilamente na favela","og_description":"Durante d\u00e9cadas o Estado n\u00e3o reconheceu a favela como parte integrante da cidade, negando aos seus moradores direitos b\u00e1sicos. Hoje depois de 3 anos de","og_url":"https:\/\/www.pressenza.com\/pt-pt\/2014\/04\/brasil-manifesto-das-favelas-complexo-alemao\/","og_site_name":"Pressenza","article_publisher":"https:\/\/www.facebook.com\/PressenzaItalia","article_author":"https:\/\/www.facebook.com\/PressenzaPortugues","article_published_time":"2014-04-04T01:53:41+00:00","article_modified_time":"2014-04-04T01:58:56+00:00","og_image":[{"width":600,"height":400,"url":"https:\/\/www.pressenza.com\/wp-content\/uploads\/2014\/04\/complexo-alemao-teleferico.jpg","type":"image\/jpeg"}],"author":"Reda\u00e7\u00e3o S\u00e3o Paulo","twitter_card":"summary_large_image","twitter_creator":"@pressenza_pt","twitter_site":"@PressenzaIPA","twitter_misc":{"Escrito por":"Reda\u00e7\u00e3o S\u00e3o Paulo","Tempo estimado de leitura":"5 minutos"},"schema":{"@context":"https:\/\/schema.org","@graph":[{"@type":"Article","@id":"https:\/\/www.pressenza.com\/pt-pt\/2014\/04\/brasil-manifesto-das-favelas-complexo-alemao\/#article","isPartOf":{"@id":"https:\/\/www.pressenza.com\/pt-pt\/2014\/04\/brasil-manifesto-das-favelas-complexo-alemao\/"},"author":{"name":"Reda\u00e7\u00e3o S\u00e3o Paulo","@id":"https:\/\/www.pressenza.com\/pt-pt\/#\/schema\/person\/d171826afb7693cfc394da95892bfd93"},"headline":"Manifesto: Queremos ser felizes e andar tranquilamente na favela","datePublished":"2014-04-04T01:53:41+00:00","dateModified":"2014-04-04T01:58:56+00:00","mainEntityOfPage":{"@id":"https:\/\/www.pressenza.com\/pt-pt\/2014\/04\/brasil-manifesto-das-favelas-complexo-alemao\/"},"wordCount":1098,"publisher":{"@id":"https:\/\/www.pressenza.com\/pt-pt\/#organization"},"image":{"@id":"https:\/\/www.pressenza.com\/pt-pt\/2014\/04\/brasil-manifesto-das-favelas-complexo-alemao\/#primaryimage"},"thumbnailUrl":"https:\/\/www.pressenza.com\/wp-content\/uploads\/2014\/04\/complexo-alemao-teleferico.jpg","keywords":["Brasil","complexo do alemao","favela","UPP"],"articleSection":["\u00c1m\u00e9rica do Sul","Direitos Humanos","Internacional","N\u00e3o viol\u00eancia"],"inLanguage":"pt-PT"},{"@type":"WebPage","@id":"https:\/\/www.pressenza.com\/pt-pt\/2014\/04\/brasil-manifesto-das-favelas-complexo-alemao\/","url":"https:\/\/www.pressenza.com\/pt-pt\/2014\/04\/brasil-manifesto-das-favelas-complexo-alemao\/","name":"Manifesto: Queremos ser felizes e andar tranquilamente na favela","isPartOf":{"@id":"https:\/\/www.pressenza.com\/pt-pt\/#website"},"primaryImageOfPage":{"@id":"https:\/\/www.pressenza.com\/pt-pt\/2014\/04\/brasil-manifesto-das-favelas-complexo-alemao\/#primaryimage"},"image":{"@id":"https:\/\/www.pressenza.com\/pt-pt\/2014\/04\/brasil-manifesto-das-favelas-complexo-alemao\/#primaryimage"},"thumbnailUrl":"https:\/\/www.pressenza.com\/wp-content\/uploads\/2014\/04\/complexo-alemao-teleferico.jpg","datePublished":"2014-04-04T01:53:41+00:00","dateModified":"2014-04-04T01:58:56+00:00","description":"Durante d\u00e9cadas o Estado n\u00e3o reconheceu a favela como parte integrante da cidade, negando aos seus moradores direitos b\u00e1sicos. Hoje depois de 3 anos de","breadcrumb":{"@id":"https:\/\/www.pressenza.com\/pt-pt\/2014\/04\/brasil-manifesto-das-favelas-complexo-alemao\/#breadcrumb"},"inLanguage":"pt-PT","potentialAction":[{"@type":"ReadAction","target":["https:\/\/www.pressenza.com\/pt-pt\/2014\/04\/brasil-manifesto-das-favelas-complexo-alemao\/"]}]},{"@type":"ImageObject","inLanguage":"pt-PT","@id":"https:\/\/www.pressenza.com\/pt-pt\/2014\/04\/brasil-manifesto-das-favelas-complexo-alemao\/#primaryimage","url":"https:\/\/www.pressenza.com\/wp-content\/uploads\/2014\/04\/complexo-alemao-teleferico.jpg","contentUrl":"https:\/\/www.pressenza.com\/wp-content\/uploads\/2014\/04\/complexo-alemao-teleferico.jpg","width":600,"height":400},{"@type":"BreadcrumbList","@id":"https:\/\/www.pressenza.com\/pt-pt\/2014\/04\/brasil-manifesto-das-favelas-complexo-alemao\/#breadcrumb","itemListElement":[{"@type":"ListItem","position":1,"name":"Accueil","item":"https:\/\/www.pressenza.com\/pt-pt\/"},{"@type":"ListItem","position":2,"name":"Manifesto: Queremos ser felizes e andar tranquilamente na favela"}]},{"@type":"WebSite","@id":"https:\/\/www.pressenza.com\/pt-pt\/#website","url":"https:\/\/www.pressenza.com\/pt-pt\/","name":"Pressenza","description":"International Press Agency","publisher":{"@id":"https:\/\/www.pressenza.com\/pt-pt\/#organization"},"potentialAction":[{"@type":"SearchAction","target":{"@type":"EntryPoint","urlTemplate":"https:\/\/www.pressenza.com\/pt-pt\/?s={search_term_string}"},"query-input":{"@type":"PropertyValueSpecification","valueRequired":true,"valueName":"search_term_string"}}],"inLanguage":"pt-PT"},{"@type":"Organization","@id":"https:\/\/www.pressenza.com\/pt-pt\/#organization","name":"Pressenza","url":"https:\/\/www.pressenza.com\/pt-pt\/","logo":{"@type":"ImageObject","inLanguage":"pt-PT","@id":"https:\/\/www.pressenza.com\/pt-pt\/#\/schema\/logo\/image\/","url":"https:\/\/www.pressenza.com\/wp-content\/uploads\/2022\/10\/pressenza_logo_200x200.jpg","contentUrl":"https:\/\/www.pressenza.com\/wp-content\/uploads\/2022\/10\/pressenza_logo_200x200.jpg","width":200,"height":200,"caption":"Pressenza"},"image":{"@id":"https:\/\/www.pressenza.com\/pt-pt\/#\/schema\/logo\/image\/"},"sameAs":["https:\/\/www.facebook.com\/PressenzaItalia","https:\/\/x.com\/PressenzaIPA"]},{"@type":"Person","@id":"https:\/\/www.pressenza.com\/pt-pt\/#\/schema\/person\/d171826afb7693cfc394da95892bfd93","name":"Reda\u00e7\u00e3o S\u00e3o Paulo","description":"News from the Pressenza bureau in Sao Paulo, Brazil","sameAs":["https:\/\/www.facebook.com\/PressenzaPortugues","https:\/\/x.com\/pressenza_pt"],"url":"https:\/\/www.pressenza.com\/pt-pt\/author\/redaccao-sao-paulo\/"}]}},"place":"","original_article_url":"","_links":{"self":[{"href":"https:\/\/www.pressenza.com\/pt-pt\/wp-json\/wp\/v2\/posts\/99044","targetHints":{"allow":["GET"]}}],"collection":[{"href":"https:\/\/www.pressenza.com\/pt-pt\/wp-json\/wp\/v2\/posts"}],"about":[{"href":"https:\/\/www.pressenza.com\/pt-pt\/wp-json\/wp\/v2\/types\/post"}],"author":[{"embeddable":true,"href":"https:\/\/www.pressenza.com\/pt-pt\/wp-json\/wp\/v2\/users\/44"}],"replies":[{"embeddable":true,"href":"https:\/\/www.pressenza.com\/pt-pt\/wp-json\/wp\/v2\/comments?post=99044"}],"version-history":[{"count":0,"href":"https:\/\/www.pressenza.com\/pt-pt\/wp-json\/wp\/v2\/posts\/99044\/revisions"}],"wp:featuredmedia":[{"embeddable":true,"href":"https:\/\/www.pressenza.com\/pt-pt\/wp-json\/wp\/v2\/media\/99045"}],"wp:attachment":[{"href":"https:\/\/www.pressenza.com\/pt-pt\/wp-json\/wp\/v2\/media?parent=99044"}],"wp:term":[{"taxonomy":"category","embeddable":true,"href":"https:\/\/www.pressenza.com\/pt-pt\/wp-json\/wp\/v2\/categories?post=99044"},{"taxonomy":"post_tag","embeddable":true,"href":"https:\/\/www.pressenza.com\/pt-pt\/wp-json\/wp\/v2\/tags?post=99044"}],"curies":[{"name":"wp","href":"https:\/\/api.w.org\/{rel}","templated":true}]}}