{"id":986090,"date":"2019-12-01T21:37:12","date_gmt":"2019-12-01T21:37:12","guid":{"rendered":"https:\/\/www.pressenza.com\/?p=986090"},"modified":"2019-12-01T21:37:12","modified_gmt":"2019-12-01T21:37:12","slug":"i-encontro-internacional-da-coalizao-negra-por-direitos-debate-representacao-politica","status":"publish","type":"post","link":"https:\/\/www.pressenza.com\/pt-pt\/2019\/12\/i-encontro-internacional-da-coalizao-negra-por-direitos-debate-representacao-politica\/","title":{"rendered":"I Encontro Internacional da Coaliz\u00e3o Negra Por Direitos debate representa\u00e7\u00e3o pol\u00edtica"},"content":{"rendered":"<p><em>Por<strong> Nara Lacerda\/Brasil de Fato<\/strong><\/em><\/p>\n<p><strong>Debate que encerrou o evento, nesse s\u00e1bado (30), em S\u00e3o Paulo, colocou a pol\u00edtica institucional no centro da discuss\u00e3o<\/strong><\/p>\n<p>\u201cSe n\u00e3o tivermos o olhar para o poder, n\u00f3s nunca vamos pautar. Para pautar tem que ter caneta, tem que ter voto!\u201d. Com essa frase, o vice-presidente nacional da Unegro, Edson Fran\u00e7a, abriu a \u00faltima mesa do <a href=\"https:\/\/www.brasildefato.com.br\/2019\/11\/29\/cem-movimentos-negros-se-articulam-para-resistir-a-retirada-de-direitos\/\" target=\"_blank\" rel=\"noopener\">I Encontro Internacional da Coaliz\u00e3o Negra por Direitos<\/a>.<\/p>\n<p>A partir do tema \u201cDisputa do poder institucional e incid\u00eancia pol\u00edtica\u201d, o debate alertou sobre a necessidade de que a representa\u00e7\u00e3o pol\u00edtica da comunidade preta seja pauta priorit\u00e1ria e processo cont\u00ednuo.<\/p>\n<p>A ativista do coletivo Luiza Mahin, <a href=\"https:\/\/www.brasildefato.com.br\/especiais\/vilma-reis-nos-mulheres-e-homens-negros-estamos-na-linha-de-tiro\/\" target=\"_blank\" rel=\"noopener\">Vilma Reis<\/a>, que neste ano <a href=\"https:\/\/www.almapreta.com\/editorias\/realidade\/com-trajetoria-no-movimento-negro-vilma-reis-anuncia-pre-candidata-a-prefeitura-de-salvador\" target=\"_blank\" rel=\"noopener\">lan\u00e7ou sua pr\u00e9-candidatura \u00e0 prefeitura para a elei\u00e7\u00e3o municipal de Salvador (BA)<\/a> em 2020, tamb\u00e9m esteve presente na mesa e fez uma exposi\u00e7\u00e3o incisiva, na qual demonstrou que o desenvolvimento pleno do Brasil passa necessariamente pela inclus\u00e3o pol\u00edtica da popula\u00e7\u00e3o negra.<\/p>\n<p>\u201cN\u00e3o \u00e9 poss\u00edvel se desenvolver deixando 110 milh\u00f5es para tr\u00e1s. O Brasil n\u00e3o vai sem n\u00f3s\u201d, afirmou. Vilma fez ainda um chamado \u00e0 milit\u00e2ncia de esquerda: \u201ca esquerda branca precisa parar de passar vergonha porque n\u00e3o enxerga em nenhum de n\u00f3s a possibilidade de governar (\u2026) Que os brancos antirracistas cumpram seu papel na hist\u00f3ria!\u201d, defendeu a militante.<\/p>\n<p>Ela ressaltou tamb\u00e9m que as disputas municipais do pr\u00f3ximo ano precisam representar avan\u00e7os no n\u00famero de candidaturas de pessoas negras e na articula\u00e7\u00e3o com o eleitorado, principalmente.<\/p>\n<p>\u201cSe queremos derrotar o horror que se instalou em Bras\u00edlia, precisamos come\u00e7ar pelas cidades. (\u2026) Como, em 2019, algu\u00e9m pode passar ao largo do terror racial que assola esse pa\u00eds?\u201d, questionou.<\/p>\n<p>O encontro reuniu tamb\u00e9m Dulce Pereira (Movimento Negro Unificado MNU &#8211; MG), Maurice Mitchell (Working Families Party &#8211; USA), Rose Torquato (Agentes de Pastoral Negros APNs &#8211; RJ), Sandra Maria (Coord. Nacional de Articula\u00e7\u00e3o das Comunidades Negras Rurais Quilombolas CONAQ-MG) e M\u00f4nica Oliveira (Articula\u00e7\u00e3o Negra do Pernambuco &#8211; PE).<\/p>\n<p>M\u00f4nica Oliveira cobrou <a href=\"https:\/\/www.brasildefato.com.br\/2019\/11\/28\/tivemos-politicas-com-recorte-racial-mas-insuficientes-diz-solange-rocha\/\" target=\"_blank\" rel=\"noopener\">conhecimento e articula\u00e7\u00e3o dos gestores p\u00fablicos para atender a comunidade negra<\/a> que hoje representa quase 60% da popula\u00e7\u00e3o brasileira. \u201cO grau de sofistica\u00e7\u00e3o do racismo nesse pa\u00eds n\u00e3o nos permite d\u00favidas sobre a luta\u201d, disse.<\/p>\n<p>A necessidade de estrat\u00e9gias de conviv\u00eancia e di\u00e1logo dentro da diversidade dos movimentos negros no Brasil norteou a fala de Dulce Pereira, do MNU. Ela ressaltou a import\u00e2ncia do exerc\u00edcio cotidiano de mobiliza\u00e7\u00e3o e organiza\u00e7\u00e3o, inclusive em pautas globais, como meio ambiente e inf\u00e2ncia.<\/p>\n<p>\u201cAs for\u00e7as que defendem um mundo de controle e de poder t\u00eam armas poderosas e essas armas est\u00e3o em a\u00e7\u00e3o. H\u00e1 um falso pacto pelo Ocidente que nos varre da hist\u00f3ria. Pessoas como n\u00f3s s\u00e3o indesej\u00e1veis (\u2026) sabem que nossa fragmenta\u00e7\u00e3o \u00e9 poderosa\u201d, argumentou.<\/p>\n<p>Maurice Mitchell, do Working Families Party, organiza\u00e7\u00e3o que atua nos Estados Unidos, defendeu um pacto que ultrapasse barreiras continentais. \u201cAs contradi\u00e7\u00f5es, atualmente, s\u00e3o resolvidas pelo capital e pelo mercado e n\u00e3o por n\u00f3s. Coorpora\u00e7\u00f5es brancas lucram com a nossa luta. Como podemos ter certeza de que n\u00f3s vamos tomar esse lugar?\u201d, questionou.<\/p>\n<p>Ele afirmou ainda que \u00e9 necess\u00e1rio n\u00e3o apenas garantir rostos negros na pol\u00edtica, mas tamb\u00e9m pautas negras. \u201cQue pol\u00edtica nos une? N\u00e3o podemos ser dilu\u00eddos nesse processo. Precisamos ter certeza da agenda e avaliar nossas plataformas. Precisamos de solidariedade e resist\u00eancia preta global, porque o fascismo j\u00e1 \u00e9 organizado globalmente.\u201d<\/p>\n<p>A Coaliz\u00e3o Negra Por Direitos \u00e9 formada por mais 100 organiza\u00e7\u00f5es de todo o Brasil e promove articula\u00e7\u00f5es pol\u00edticas no Congresso Nacional e em f\u00f3runs internacionais.<\/p>\n","protected":false},"excerpt":{"rendered":"<p>Por Nara Lacerda\/Brasil de Fato Debate que encerrou o evento, nesse s\u00e1bado (30), em S\u00e3o Paulo, colocou a pol\u00edtica institucional no centro da discuss\u00e3o \u201cSe n\u00e3o tivermos o olhar para o poder, n\u00f3s nunca vamos pautar. Para pautar tem que&hellip;<\/p>\n","protected":false},"author":44,"featured_media":986091,"comment_status":"closed","ping_status":"closed","sticky":false,"template":"","format":"standard","meta":{"footnotes":""},"categories":[104,116,1255,111],"tags":[2744,66997,67728,18768,5206],"class_list":["post-986090","post","type-post","status-publish","format-standard","has-post-thumbnail","hentry","category-america-do-sul","category-direitos-humanos","category-diversidade","category-politica-pt-pt","tag-brasil","tag-coalizao-negra-por-direitos","tag-pessoas-negras","tag-politica","tag-racismo-pt-pt"],"yoast_head":"<!-- This site is optimized with the Yoast SEO plugin v27.1.1 - https:\/\/yoast.com\/product\/yoast-seo-wordpress\/ -->\n<title>I Encontro Internacional da Coaliz\u00e3o Negra Por Direitos debate representa\u00e7\u00e3o pol\u00edtica<\/title>\n<meta name=\"description\" content=\"Por Nara Lacerda\/Brasil de Fato Debate que encerrou o evento, nesse s\u00e1bado (30), em S\u00e3o Paulo, colocou a pol\u00edtica institucional no centro da discuss\u00e3o \u201cSe\" \/>\n<meta name=\"robots\" content=\"index, follow, max-snippet:-1, max-image-preview:large, max-video-preview:-1\" \/>\n<link rel=\"canonical\" href=\"https:\/\/www.pressenza.com\/pt-pt\/2019\/12\/i-encontro-internacional-da-coalizao-negra-por-direitos-debate-representacao-politica\/\" \/>\n<meta property=\"og:locale\" content=\"pt_PT\" \/>\n<meta property=\"og:type\" content=\"article\" \/>\n<meta property=\"og:title\" content=\"I Encontro Internacional da Coaliz\u00e3o Negra Por Direitos debate representa\u00e7\u00e3o pol\u00edtica\" \/>\n<meta property=\"og:description\" content=\"Por Nara Lacerda\/Brasil de Fato Debate que encerrou o evento, nesse s\u00e1bado (30), em S\u00e3o Paulo, colocou a pol\u00edtica institucional no centro da discuss\u00e3o \u201cSe\" \/>\n<meta property=\"og:url\" content=\"https:\/\/www.pressenza.com\/pt-pt\/2019\/12\/i-encontro-internacional-da-coalizao-negra-por-direitos-debate-representacao-politica\/\" \/>\n<meta property=\"og:site_name\" content=\"Pressenza\" \/>\n<meta property=\"article:publisher\" content=\"https:\/\/www.facebook.com\/PressenzaItalia\" \/>\n<meta property=\"article:author\" content=\"https:\/\/www.facebook.com\/PressenzaPortugues\" \/>\n<meta property=\"article:published_time\" content=\"2019-12-01T21:37:12+00:00\" \/>\n<meta property=\"og:image\" content=\"https:\/\/www.pressenza.com\/wp-content\/uploads\/2019\/12\/coaliza\u0303o-negra-Nara-Lacerda.jpg\" \/>\n\t<meta property=\"og:image:width\" content=\"720\" \/>\n\t<meta property=\"og:image:height\" content=\"405\" \/>\n\t<meta property=\"og:image:type\" content=\"image\/jpeg\" \/>\n<meta name=\"author\" content=\"Reda\u00e7\u00e3o S\u00e3o Paulo\" \/>\n<meta name=\"twitter:card\" content=\"summary_large_image\" \/>\n<meta name=\"twitter:creator\" content=\"@pressenza_pt\" \/>\n<meta name=\"twitter:site\" content=\"@PressenzaIPA\" \/>\n<meta name=\"twitter:label1\" content=\"Escrito por\" \/>\n\t<meta name=\"twitter:data1\" content=\"Reda\u00e7\u00e3o S\u00e3o Paulo\" \/>\n\t<meta name=\"twitter:label2\" content=\"Tempo estimado de leitura\" \/>\n\t<meta name=\"twitter:data2\" content=\"3 minutos\" \/>\n<script type=\"application\/ld+json\" class=\"yoast-schema-graph\">{\"@context\":\"https:\/\/schema.org\",\"@graph\":[{\"@type\":\"Article\",\"@id\":\"https:\/\/www.pressenza.com\/pt-pt\/2019\/12\/i-encontro-internacional-da-coalizao-negra-por-direitos-debate-representacao-politica\/#article\",\"isPartOf\":{\"@id\":\"https:\/\/www.pressenza.com\/pt-pt\/2019\/12\/i-encontro-internacional-da-coalizao-negra-por-direitos-debate-representacao-politica\/\"},\"author\":{\"name\":\"Reda\u00e7\u00e3o S\u00e3o Paulo\",\"@id\":\"https:\/\/www.pressenza.com\/pt-pt\/#\/schema\/person\/d171826afb7693cfc394da95892bfd93\"},\"headline\":\"I Encontro Internacional da Coaliz\u00e3o Negra Por Direitos debate representa\u00e7\u00e3o pol\u00edtica\",\"datePublished\":\"2019-12-01T21:37:12+00:00\",\"mainEntityOfPage\":{\"@id\":\"https:\/\/www.pressenza.com\/pt-pt\/2019\/12\/i-encontro-internacional-da-coalizao-negra-por-direitos-debate-representacao-politica\/\"},\"wordCount\":660,\"publisher\":{\"@id\":\"https:\/\/www.pressenza.com\/pt-pt\/#organization\"},\"image\":{\"@id\":\"https:\/\/www.pressenza.com\/pt-pt\/2019\/12\/i-encontro-internacional-da-coalizao-negra-por-direitos-debate-representacao-politica\/#primaryimage\"},\"thumbnailUrl\":\"https:\/\/www.pressenza.com\/wp-content\/uploads\/2019\/12\/coaliza\u0303o-negra-Nara-Lacerda.jpg\",\"keywords\":[\"Brasil\",\"Coaliz\u00e3o Negra por Direitos\",\"pessoas negras\",\"politica\",\"racismo\"],\"articleSection\":[\"\u00c1m\u00e9rica do Sul\",\"Direitos Humanos\",\"Diversidade\",\"Pol\u00edtica\"],\"inLanguage\":\"pt-PT\"},{\"@type\":\"WebPage\",\"@id\":\"https:\/\/www.pressenza.com\/pt-pt\/2019\/12\/i-encontro-internacional-da-coalizao-negra-por-direitos-debate-representacao-politica\/\",\"url\":\"https:\/\/www.pressenza.com\/pt-pt\/2019\/12\/i-encontro-internacional-da-coalizao-negra-por-direitos-debate-representacao-politica\/\",\"name\":\"I Encontro Internacional da Coaliz\u00e3o Negra Por Direitos debate representa\u00e7\u00e3o pol\u00edtica\",\"isPartOf\":{\"@id\":\"https:\/\/www.pressenza.com\/pt-pt\/#website\"},\"primaryImageOfPage\":{\"@id\":\"https:\/\/www.pressenza.com\/pt-pt\/2019\/12\/i-encontro-internacional-da-coalizao-negra-por-direitos-debate-representacao-politica\/#primaryimage\"},\"image\":{\"@id\":\"https:\/\/www.pressenza.com\/pt-pt\/2019\/12\/i-encontro-internacional-da-coalizao-negra-por-direitos-debate-representacao-politica\/#primaryimage\"},\"thumbnailUrl\":\"https:\/\/www.pressenza.com\/wp-content\/uploads\/2019\/12\/coaliza\u0303o-negra-Nara-Lacerda.jpg\",\"datePublished\":\"2019-12-01T21:37:12+00:00\",\"description\":\"Por Nara Lacerda\/Brasil de Fato Debate que encerrou o evento, nesse s\u00e1bado (30), em S\u00e3o Paulo, colocou a pol\u00edtica institucional no centro da discuss\u00e3o \u201cSe\",\"breadcrumb\":{\"@id\":\"https:\/\/www.pressenza.com\/pt-pt\/2019\/12\/i-encontro-internacional-da-coalizao-negra-por-direitos-debate-representacao-politica\/#breadcrumb\"},\"inLanguage\":\"pt-PT\",\"potentialAction\":[{\"@type\":\"ReadAction\",\"target\":[\"https:\/\/www.pressenza.com\/pt-pt\/2019\/12\/i-encontro-internacional-da-coalizao-negra-por-direitos-debate-representacao-politica\/\"]}]},{\"@type\":\"ImageObject\",\"inLanguage\":\"pt-PT\",\"@id\":\"https:\/\/www.pressenza.com\/pt-pt\/2019\/12\/i-encontro-internacional-da-coalizao-negra-por-direitos-debate-representacao-politica\/#primaryimage\",\"url\":\"https:\/\/www.pressenza.com\/wp-content\/uploads\/2019\/12\/coaliza\u0303o-negra-Nara-Lacerda.jpg\",\"contentUrl\":\"https:\/\/www.pressenza.com\/wp-content\/uploads\/2019\/12\/coaliza\u0303o-negra-Nara-Lacerda.jpg\",\"width\":720,\"height\":405},{\"@type\":\"BreadcrumbList\",\"@id\":\"https:\/\/www.pressenza.com\/pt-pt\/2019\/12\/i-encontro-internacional-da-coalizao-negra-por-direitos-debate-representacao-politica\/#breadcrumb\",\"itemListElement\":[{\"@type\":\"ListItem\",\"position\":1,\"name\":\"Accueil\",\"item\":\"https:\/\/www.pressenza.com\/pt-pt\/\"},{\"@type\":\"ListItem\",\"position\":2,\"name\":\"I Encontro Internacional da Coaliz\u00e3o Negra Por Direitos debate representa\u00e7\u00e3o pol\u00edtica\"}]},{\"@type\":\"WebSite\",\"@id\":\"https:\/\/www.pressenza.com\/pt-pt\/#website\",\"url\":\"https:\/\/www.pressenza.com\/pt-pt\/\",\"name\":\"Pressenza\",\"description\":\"International Press Agency\",\"publisher\":{\"@id\":\"https:\/\/www.pressenza.com\/pt-pt\/#organization\"},\"potentialAction\":[{\"@type\":\"SearchAction\",\"target\":{\"@type\":\"EntryPoint\",\"urlTemplate\":\"https:\/\/www.pressenza.com\/pt-pt\/?s={search_term_string}\"},\"query-input\":{\"@type\":\"PropertyValueSpecification\",\"valueRequired\":true,\"valueName\":\"search_term_string\"}}],\"inLanguage\":\"pt-PT\"},{\"@type\":\"Organization\",\"@id\":\"https:\/\/www.pressenza.com\/pt-pt\/#organization\",\"name\":\"Pressenza\",\"url\":\"https:\/\/www.pressenza.com\/pt-pt\/\",\"logo\":{\"@type\":\"ImageObject\",\"inLanguage\":\"pt-PT\",\"@id\":\"https:\/\/www.pressenza.com\/pt-pt\/#\/schema\/logo\/image\/\",\"url\":\"https:\/\/www.pressenza.com\/wp-content\/uploads\/2022\/10\/pressenza_logo_200x200.jpg\",\"contentUrl\":\"https:\/\/www.pressenza.com\/wp-content\/uploads\/2022\/10\/pressenza_logo_200x200.jpg\",\"width\":200,\"height\":200,\"caption\":\"Pressenza\"},\"image\":{\"@id\":\"https:\/\/www.pressenza.com\/pt-pt\/#\/schema\/logo\/image\/\"},\"sameAs\":[\"https:\/\/www.facebook.com\/PressenzaItalia\",\"https:\/\/x.com\/PressenzaIPA\"]},{\"@type\":\"Person\",\"@id\":\"https:\/\/www.pressenza.com\/pt-pt\/#\/schema\/person\/d171826afb7693cfc394da95892bfd93\",\"name\":\"Reda\u00e7\u00e3o S\u00e3o Paulo\",\"description\":\"News from the Pressenza bureau in Sao Paulo, Brazil\",\"sameAs\":[\"https:\/\/www.facebook.com\/PressenzaPortugues\",\"https:\/\/x.com\/pressenza_pt\"],\"url\":\"https:\/\/www.pressenza.com\/pt-pt\/author\/redaccao-sao-paulo\/\"}]}<\/script>\n<!-- \/ Yoast SEO plugin. -->","yoast_head_json":{"title":"I Encontro Internacional da Coaliz\u00e3o Negra Por Direitos debate representa\u00e7\u00e3o pol\u00edtica","description":"Por Nara Lacerda\/Brasil de Fato Debate que encerrou o evento, nesse s\u00e1bado (30), em S\u00e3o Paulo, colocou a pol\u00edtica institucional no centro da discuss\u00e3o \u201cSe","robots":{"index":"index","follow":"follow","max-snippet":"max-snippet:-1","max-image-preview":"max-image-preview:large","max-video-preview":"max-video-preview:-1"},"canonical":"https:\/\/www.pressenza.com\/pt-pt\/2019\/12\/i-encontro-internacional-da-coalizao-negra-por-direitos-debate-representacao-politica\/","og_locale":"pt_PT","og_type":"article","og_title":"I Encontro Internacional da Coaliz\u00e3o Negra Por Direitos debate representa\u00e7\u00e3o pol\u00edtica","og_description":"Por Nara Lacerda\/Brasil de Fato Debate que encerrou o evento, nesse s\u00e1bado (30), em S\u00e3o Paulo, colocou a pol\u00edtica institucional no centro da discuss\u00e3o \u201cSe","og_url":"https:\/\/www.pressenza.com\/pt-pt\/2019\/12\/i-encontro-internacional-da-coalizao-negra-por-direitos-debate-representacao-politica\/","og_site_name":"Pressenza","article_publisher":"https:\/\/www.facebook.com\/PressenzaItalia","article_author":"https:\/\/www.facebook.com\/PressenzaPortugues","article_published_time":"2019-12-01T21:37:12+00:00","og_image":[{"width":720,"height":405,"url":"https:\/\/www.pressenza.com\/wp-content\/uploads\/2019\/12\/coaliza\u0303o-negra-Nara-Lacerda.jpg","type":"image\/jpeg"}],"author":"Reda\u00e7\u00e3o S\u00e3o Paulo","twitter_card":"summary_large_image","twitter_creator":"@pressenza_pt","twitter_site":"@PressenzaIPA","twitter_misc":{"Escrito por":"Reda\u00e7\u00e3o S\u00e3o Paulo","Tempo estimado de leitura":"3 minutos"},"schema":{"@context":"https:\/\/schema.org","@graph":[{"@type":"Article","@id":"https:\/\/www.pressenza.com\/pt-pt\/2019\/12\/i-encontro-internacional-da-coalizao-negra-por-direitos-debate-representacao-politica\/#article","isPartOf":{"@id":"https:\/\/www.pressenza.com\/pt-pt\/2019\/12\/i-encontro-internacional-da-coalizao-negra-por-direitos-debate-representacao-politica\/"},"author":{"name":"Reda\u00e7\u00e3o S\u00e3o Paulo","@id":"https:\/\/www.pressenza.com\/pt-pt\/#\/schema\/person\/d171826afb7693cfc394da95892bfd93"},"headline":"I Encontro Internacional da Coaliz\u00e3o Negra Por Direitos debate representa\u00e7\u00e3o pol\u00edtica","datePublished":"2019-12-01T21:37:12+00:00","mainEntityOfPage":{"@id":"https:\/\/www.pressenza.com\/pt-pt\/2019\/12\/i-encontro-internacional-da-coalizao-negra-por-direitos-debate-representacao-politica\/"},"wordCount":660,"publisher":{"@id":"https:\/\/www.pressenza.com\/pt-pt\/#organization"},"image":{"@id":"https:\/\/www.pressenza.com\/pt-pt\/2019\/12\/i-encontro-internacional-da-coalizao-negra-por-direitos-debate-representacao-politica\/#primaryimage"},"thumbnailUrl":"https:\/\/www.pressenza.com\/wp-content\/uploads\/2019\/12\/coaliza\u0303o-negra-Nara-Lacerda.jpg","keywords":["Brasil","Coaliz\u00e3o Negra por Direitos","pessoas negras","politica","racismo"],"articleSection":["\u00c1m\u00e9rica do Sul","Direitos Humanos","Diversidade","Pol\u00edtica"],"inLanguage":"pt-PT"},{"@type":"WebPage","@id":"https:\/\/www.pressenza.com\/pt-pt\/2019\/12\/i-encontro-internacional-da-coalizao-negra-por-direitos-debate-representacao-politica\/","url":"https:\/\/www.pressenza.com\/pt-pt\/2019\/12\/i-encontro-internacional-da-coalizao-negra-por-direitos-debate-representacao-politica\/","name":"I Encontro Internacional da Coaliz\u00e3o Negra Por Direitos debate representa\u00e7\u00e3o pol\u00edtica","isPartOf":{"@id":"https:\/\/www.pressenza.com\/pt-pt\/#website"},"primaryImageOfPage":{"@id":"https:\/\/www.pressenza.com\/pt-pt\/2019\/12\/i-encontro-internacional-da-coalizao-negra-por-direitos-debate-representacao-politica\/#primaryimage"},"image":{"@id":"https:\/\/www.pressenza.com\/pt-pt\/2019\/12\/i-encontro-internacional-da-coalizao-negra-por-direitos-debate-representacao-politica\/#primaryimage"},"thumbnailUrl":"https:\/\/www.pressenza.com\/wp-content\/uploads\/2019\/12\/coaliza\u0303o-negra-Nara-Lacerda.jpg","datePublished":"2019-12-01T21:37:12+00:00","description":"Por Nara Lacerda\/Brasil de Fato Debate que encerrou o evento, nesse s\u00e1bado (30), em S\u00e3o Paulo, colocou a pol\u00edtica institucional no centro da discuss\u00e3o \u201cSe","breadcrumb":{"@id":"https:\/\/www.pressenza.com\/pt-pt\/2019\/12\/i-encontro-internacional-da-coalizao-negra-por-direitos-debate-representacao-politica\/#breadcrumb"},"inLanguage":"pt-PT","potentialAction":[{"@type":"ReadAction","target":["https:\/\/www.pressenza.com\/pt-pt\/2019\/12\/i-encontro-internacional-da-coalizao-negra-por-direitos-debate-representacao-politica\/"]}]},{"@type":"ImageObject","inLanguage":"pt-PT","@id":"https:\/\/www.pressenza.com\/pt-pt\/2019\/12\/i-encontro-internacional-da-coalizao-negra-por-direitos-debate-representacao-politica\/#primaryimage","url":"https:\/\/www.pressenza.com\/wp-content\/uploads\/2019\/12\/coaliza\u0303o-negra-Nara-Lacerda.jpg","contentUrl":"https:\/\/www.pressenza.com\/wp-content\/uploads\/2019\/12\/coaliza\u0303o-negra-Nara-Lacerda.jpg","width":720,"height":405},{"@type":"BreadcrumbList","@id":"https:\/\/www.pressenza.com\/pt-pt\/2019\/12\/i-encontro-internacional-da-coalizao-negra-por-direitos-debate-representacao-politica\/#breadcrumb","itemListElement":[{"@type":"ListItem","position":1,"name":"Accueil","item":"https:\/\/www.pressenza.com\/pt-pt\/"},{"@type":"ListItem","position":2,"name":"I Encontro Internacional da Coaliz\u00e3o Negra Por Direitos debate representa\u00e7\u00e3o pol\u00edtica"}]},{"@type":"WebSite","@id":"https:\/\/www.pressenza.com\/pt-pt\/#website","url":"https:\/\/www.pressenza.com\/pt-pt\/","name":"Pressenza","description":"International Press Agency","publisher":{"@id":"https:\/\/www.pressenza.com\/pt-pt\/#organization"},"potentialAction":[{"@type":"SearchAction","target":{"@type":"EntryPoint","urlTemplate":"https:\/\/www.pressenza.com\/pt-pt\/?s={search_term_string}"},"query-input":{"@type":"PropertyValueSpecification","valueRequired":true,"valueName":"search_term_string"}}],"inLanguage":"pt-PT"},{"@type":"Organization","@id":"https:\/\/www.pressenza.com\/pt-pt\/#organization","name":"Pressenza","url":"https:\/\/www.pressenza.com\/pt-pt\/","logo":{"@type":"ImageObject","inLanguage":"pt-PT","@id":"https:\/\/www.pressenza.com\/pt-pt\/#\/schema\/logo\/image\/","url":"https:\/\/www.pressenza.com\/wp-content\/uploads\/2022\/10\/pressenza_logo_200x200.jpg","contentUrl":"https:\/\/www.pressenza.com\/wp-content\/uploads\/2022\/10\/pressenza_logo_200x200.jpg","width":200,"height":200,"caption":"Pressenza"},"image":{"@id":"https:\/\/www.pressenza.com\/pt-pt\/#\/schema\/logo\/image\/"},"sameAs":["https:\/\/www.facebook.com\/PressenzaItalia","https:\/\/x.com\/PressenzaIPA"]},{"@type":"Person","@id":"https:\/\/www.pressenza.com\/pt-pt\/#\/schema\/person\/d171826afb7693cfc394da95892bfd93","name":"Reda\u00e7\u00e3o S\u00e3o Paulo","description":"News from the Pressenza bureau in Sao Paulo, Brazil","sameAs":["https:\/\/www.facebook.com\/PressenzaPortugues","https:\/\/x.com\/pressenza_pt"],"url":"https:\/\/www.pressenza.com\/pt-pt\/author\/redaccao-sao-paulo\/"}]}},"place":"S\u00e3o Paulo, Brasil","original_article_url":"https:\/\/www.brasildefato.com.br\/2019\/12\/01\/i-encontro-internacional-da-coalizao-negra-por-direitos-debate-representacao-politica\/","_links":{"self":[{"href":"https:\/\/www.pressenza.com\/pt-pt\/wp-json\/wp\/v2\/posts\/986090","targetHints":{"allow":["GET"]}}],"collection":[{"href":"https:\/\/www.pressenza.com\/pt-pt\/wp-json\/wp\/v2\/posts"}],"about":[{"href":"https:\/\/www.pressenza.com\/pt-pt\/wp-json\/wp\/v2\/types\/post"}],"author":[{"embeddable":true,"href":"https:\/\/www.pressenza.com\/pt-pt\/wp-json\/wp\/v2\/users\/44"}],"replies":[{"embeddable":true,"href":"https:\/\/www.pressenza.com\/pt-pt\/wp-json\/wp\/v2\/comments?post=986090"}],"version-history":[{"count":0,"href":"https:\/\/www.pressenza.com\/pt-pt\/wp-json\/wp\/v2\/posts\/986090\/revisions"}],"wp:featuredmedia":[{"embeddable":true,"href":"https:\/\/www.pressenza.com\/pt-pt\/wp-json\/wp\/v2\/media\/986091"}],"wp:attachment":[{"href":"https:\/\/www.pressenza.com\/pt-pt\/wp-json\/wp\/v2\/media?parent=986090"}],"wp:term":[{"taxonomy":"category","embeddable":true,"href":"https:\/\/www.pressenza.com\/pt-pt\/wp-json\/wp\/v2\/categories?post=986090"},{"taxonomy":"post_tag","embeddable":true,"href":"https:\/\/www.pressenza.com\/pt-pt\/wp-json\/wp\/v2\/tags?post=986090"}],"curies":[{"name":"wp","href":"https:\/\/api.w.org\/{rel}","templated":true}]}}