{"id":984561,"date":"2019-11-29T15:10:49","date_gmt":"2019-11-29T15:10:49","guid":{"rendered":"https:\/\/www.pressenza.com\/?p=984561"},"modified":"2019-11-29T15:10:49","modified_gmt":"2019-11-29T15:10:49","slug":"venezuela-consolida-projetos-legislativos-contra-violencia-de-genero","status":"publish","type":"post","link":"https:\/\/www.pressenza.com\/pt-pt\/2019\/11\/venezuela-consolida-projetos-legislativos-contra-violencia-de-genero\/","title":{"rendered":"Venezuela consolida projetos legislativos contra viol\u00eancia de g\u00eanero"},"content":{"rendered":"<div><\/div>\n<div class=\"fullNewsIntrotext\">A\u00a0Venezuela\u00a0trabalha hoje na consolida\u00e7\u00e3o de novos projetos de lei para proteger as mulheres da viol\u00eancia de g\u00eanero.<\/div>\n<div><\/div>\n<div class=\"fullNewsFulltext\">\n<p>O promotor geral da Rep\u00fablica, Tarek William Saab, anunciou que o Minist\u00e9rio P\u00fablico apresentar\u00e1 perante a Assembl\u00e9ia Nacional Constituinte (ANC) uma proposta para a segunda reforma da Lei Org\u00e2nica sobre o direito das mulheres a uma vida livre de viol\u00eancia, ao qual a institui\u00e7\u00e3o legislativa tem se dedicado.<\/p>\n<p>Explicou que a proposta inclui o aperfei\u00e7oamento na tipifica\u00e7\u00e3o do crime de tr\u00e1fico de mulheres, refor\u00e7o das penas de viol\u00eancia obst\u00e9trica, viol\u00eancia psicol\u00f3gica, f\u00edsica, ato carnal com v\u00edtima especialmente vulner\u00e1vel, atos lascivos, amea\u00e7as; bem como a revis\u00e3o do tipo penal da briga.<\/p>\n<p>Assim mesmo, a Escola Nacional de Promotoras foi orientada a come\u00e7ar &#8216;o tr\u00e2mite para a aprova\u00e7\u00e3o da especializa\u00e7\u00e3o sobre viol\u00eancia de g\u00eanero para aperfei\u00e7oar as capacidades de investiga\u00e7\u00e3o do Minist\u00e9rio P\u00fablico. Esse \u00e9 a nossa contribui\u00e7\u00e3o&#8217;.<\/p>\n<p>Durante um encontro com movimentos feministas o promotor disse &#8216;sempre temos que unir estes conceitos, quando defendemos a mulher tamb\u00e9m estamos defendendo a fam\u00edlia e as crian\u00e7as. Por minha experi\u00eancia de ativista, a vida nos leva a ver dessa forma, a mulher \u00e9 o motor da fam\u00edlia, o cora\u00e7\u00e3o mais nobre, o setor vulner\u00e1vel de nossa popula\u00e7\u00e3o&#8217;.<\/p>\n<p>Destacou que esse minist\u00e9rio em dois anos e tr\u00eas meses de gest\u00e3o atendeu 102 mil v\u00edtimas relacionadas a viol\u00eancia de g\u00eanero e obteve uma cifra recorde de 27.455 priva\u00e7\u00f5es de liberdade, o que, afirmou, demonstra que n\u00e3o h\u00e1 impunidade em torno da viol\u00eancia de g\u00eanero.<\/p>\n<p>Saab indicou que durante sua gest\u00e3o foi reivindicado o tema da justi\u00e7a para a mulher atrav\u00e9s dos balan\u00e7os, coletivas de imprensas e apresenta\u00e7\u00e3o de casos.<\/p>\n<p>Anunciou tamb\u00e9m que ser\u00e3o criadas duas promotorias para a vigil\u00e2ncia do tr\u00e1fico de mulheres, de meninos, meninas e adolescentes.<\/p>\n<\/div>\n","protected":false},"excerpt":{"rendered":"<p>A\u00a0Venezuela\u00a0trabalha hoje na consolida\u00e7\u00e3o de novos projetos de lei para proteger as mulheres da viol\u00eancia de g\u00eanero. O promotor geral da Rep\u00fablica, Tarek William Saab, anunciou que o Minist\u00e9rio P\u00fablico apresentar\u00e1 perante a Assembl\u00e9ia Nacional Constituinte (ANC) uma proposta para&hellip;<\/p>\n","protected":false},"author":90,"featured_media":984557,"comment_status":"closed","ping_status":"closed","sticky":false,"template":"","format":"standard","meta":{"footnotes":""},"categories":[104,116],"tags":[54597],"class_list":["post-984561","post","type-post","status-publish","format-standard","has-post-thumbnail","hentry","category-america-do-sul","category-direitos-humanos","tag-violencia-de-genero-pt-pt"],"yoast_head":"<!-- This site is optimized with the Yoast SEO plugin v27.1.1 - https:\/\/yoast.com\/product\/yoast-seo-wordpress\/ -->\n<title>Venezuela consolida projetos legislativos contra viol\u00eancia de g\u00eanero<\/title>\n<meta name=\"description\" content=\"A\u00a0Venezuela\u00a0trabalha hoje na consolida\u00e7\u00e3o de novos projetos de lei para proteger as mulheres da viol\u00eancia de g\u00eanero. O promotor geral da Rep\u00fablica, Tarek\" \/>\n<meta name=\"robots\" content=\"index, follow, max-snippet:-1, max-image-preview:large, max-video-preview:-1\" \/>\n<link rel=\"canonical\" href=\"https:\/\/www.pressenza.com\/pt-pt\/2019\/11\/venezuela-consolida-projetos-legislativos-contra-violencia-de-genero\/\" \/>\n<meta property=\"og:locale\" content=\"pt_PT\" \/>\n<meta property=\"og:type\" content=\"article\" \/>\n<meta property=\"og:title\" content=\"Venezuela consolida projetos legislativos contra viol\u00eancia de g\u00eanero\" \/>\n<meta property=\"og:description\" content=\"A\u00a0Venezuela\u00a0trabalha hoje na consolida\u00e7\u00e3o de novos projetos de lei para proteger as mulheres da viol\u00eancia de g\u00eanero. O promotor geral da Rep\u00fablica, Tarek\" \/>\n<meta property=\"og:url\" content=\"https:\/\/www.pressenza.com\/pt-pt\/2019\/11\/venezuela-consolida-projetos-legislativos-contra-violencia-de-genero\/\" \/>\n<meta property=\"og:site_name\" content=\"Pressenza\" \/>\n<meta property=\"article:publisher\" content=\"https:\/\/www.facebook.com\/PressenzaItalia\" \/>\n<meta property=\"article:author\" content=\"https:\/\/www.facebook.com\/AgenciaPrensaLatina\" \/>\n<meta property=\"article:published_time\" content=\"2019-11-29T15:10:49+00:00\" \/>\n<meta property=\"og:image\" content=\"https:\/\/www.pressenza.com\/wp-content\/uploads\/2019\/11\/00-dsh-TarekWilliamSaab.jpg\" \/>\n\t<meta property=\"og:image:width\" content=\"748\" \/>\n\t<meta property=\"og:image:height\" content=\"498\" \/>\n\t<meta property=\"og:image:type\" content=\"image\/jpeg\" \/>\n<meta name=\"author\" content=\"Prensa Latina\" \/>\n<meta name=\"twitter:card\" content=\"summary_large_image\" \/>\n<meta name=\"twitter:creator\" content=\"@prensalatina_cu\" \/>\n<meta name=\"twitter:site\" content=\"@PressenzaIPA\" \/>\n<meta name=\"twitter:label1\" content=\"Escrito por\" \/>\n\t<meta name=\"twitter:data1\" content=\"Prensa Latina\" \/>\n\t<meta name=\"twitter:label2\" content=\"Tempo estimado de leitura\" \/>\n\t<meta name=\"twitter:data2\" content=\"2 minutos\" \/>\n<script type=\"application\/ld+json\" class=\"yoast-schema-graph\">{\"@context\":\"https:\/\/schema.org\",\"@graph\":[{\"@type\":\"Article\",\"@id\":\"https:\/\/www.pressenza.com\/pt-pt\/2019\/11\/venezuela-consolida-projetos-legislativos-contra-violencia-de-genero\/#article\",\"isPartOf\":{\"@id\":\"https:\/\/www.pressenza.com\/pt-pt\/2019\/11\/venezuela-consolida-projetos-legislativos-contra-violencia-de-genero\/\"},\"author\":{\"name\":\"Prensa Latina\",\"@id\":\"https:\/\/www.pressenza.com\/pt-pt\/#\/schema\/person\/e35c78ffa242d98f4f49ccb18c8631de\"},\"headline\":\"Venezuela consolida projetos legislativos contra viol\u00eancia de g\u00eanero\",\"datePublished\":\"2019-11-29T15:10:49+00:00\",\"mainEntityOfPage\":{\"@id\":\"https:\/\/www.pressenza.com\/pt-pt\/2019\/11\/venezuela-consolida-projetos-legislativos-contra-violencia-de-genero\/\"},\"wordCount\":358,\"publisher\":{\"@id\":\"https:\/\/www.pressenza.com\/pt-pt\/#organization\"},\"image\":{\"@id\":\"https:\/\/www.pressenza.com\/pt-pt\/2019\/11\/venezuela-consolida-projetos-legislativos-contra-violencia-de-genero\/#primaryimage\"},\"thumbnailUrl\":\"https:\/\/www.pressenza.com\/wp-content\/uploads\/2019\/11\/00-dsh-TarekWilliamSaab.jpg\",\"keywords\":[\"Violencia de g\u00e9nero\"],\"articleSection\":[\"\u00c1m\u00e9rica do Sul\",\"Direitos Humanos\"],\"inLanguage\":\"pt-PT\"},{\"@type\":\"WebPage\",\"@id\":\"https:\/\/www.pressenza.com\/pt-pt\/2019\/11\/venezuela-consolida-projetos-legislativos-contra-violencia-de-genero\/\",\"url\":\"https:\/\/www.pressenza.com\/pt-pt\/2019\/11\/venezuela-consolida-projetos-legislativos-contra-violencia-de-genero\/\",\"name\":\"Venezuela consolida projetos legislativos contra viol\u00eancia de g\u00eanero\",\"isPartOf\":{\"@id\":\"https:\/\/www.pressenza.com\/pt-pt\/#website\"},\"primaryImageOfPage\":{\"@id\":\"https:\/\/www.pressenza.com\/pt-pt\/2019\/11\/venezuela-consolida-projetos-legislativos-contra-violencia-de-genero\/#primaryimage\"},\"image\":{\"@id\":\"https:\/\/www.pressenza.com\/pt-pt\/2019\/11\/venezuela-consolida-projetos-legislativos-contra-violencia-de-genero\/#primaryimage\"},\"thumbnailUrl\":\"https:\/\/www.pressenza.com\/wp-content\/uploads\/2019\/11\/00-dsh-TarekWilliamSaab.jpg\",\"datePublished\":\"2019-11-29T15:10:49+00:00\",\"description\":\"A\u00a0Venezuela\u00a0trabalha hoje na consolida\u00e7\u00e3o de novos projetos de lei para proteger as mulheres da viol\u00eancia de g\u00eanero. O promotor geral da Rep\u00fablica, Tarek\",\"breadcrumb\":{\"@id\":\"https:\/\/www.pressenza.com\/pt-pt\/2019\/11\/venezuela-consolida-projetos-legislativos-contra-violencia-de-genero\/#breadcrumb\"},\"inLanguage\":\"pt-PT\",\"potentialAction\":[{\"@type\":\"ReadAction\",\"target\":[\"https:\/\/www.pressenza.com\/pt-pt\/2019\/11\/venezuela-consolida-projetos-legislativos-contra-violencia-de-genero\/\"]}]},{\"@type\":\"ImageObject\",\"inLanguage\":\"pt-PT\",\"@id\":\"https:\/\/www.pressenza.com\/pt-pt\/2019\/11\/venezuela-consolida-projetos-legislativos-contra-violencia-de-genero\/#primaryimage\",\"url\":\"https:\/\/www.pressenza.com\/wp-content\/uploads\/2019\/11\/00-dsh-TarekWilliamSaab.jpg\",\"contentUrl\":\"https:\/\/www.pressenza.com\/wp-content\/uploads\/2019\/11\/00-dsh-TarekWilliamSaab.jpg\",\"width\":748,\"height\":498},{\"@type\":\"BreadcrumbList\",\"@id\":\"https:\/\/www.pressenza.com\/pt-pt\/2019\/11\/venezuela-consolida-projetos-legislativos-contra-violencia-de-genero\/#breadcrumb\",\"itemListElement\":[{\"@type\":\"ListItem\",\"position\":1,\"name\":\"Accueil\",\"item\":\"https:\/\/www.pressenza.com\/pt-pt\/\"},{\"@type\":\"ListItem\",\"position\":2,\"name\":\"Venezuela consolida projetos legislativos contra viol\u00eancia de g\u00eanero\"}]},{\"@type\":\"WebSite\",\"@id\":\"https:\/\/www.pressenza.com\/pt-pt\/#website\",\"url\":\"https:\/\/www.pressenza.com\/pt-pt\/\",\"name\":\"Pressenza\",\"description\":\"International Press Agency\",\"publisher\":{\"@id\":\"https:\/\/www.pressenza.com\/pt-pt\/#organization\"},\"potentialAction\":[{\"@type\":\"SearchAction\",\"target\":{\"@type\":\"EntryPoint\",\"urlTemplate\":\"https:\/\/www.pressenza.com\/pt-pt\/?s={search_term_string}\"},\"query-input\":{\"@type\":\"PropertyValueSpecification\",\"valueRequired\":true,\"valueName\":\"search_term_string\"}}],\"inLanguage\":\"pt-PT\"},{\"@type\":\"Organization\",\"@id\":\"https:\/\/www.pressenza.com\/pt-pt\/#organization\",\"name\":\"Pressenza\",\"url\":\"https:\/\/www.pressenza.com\/pt-pt\/\",\"logo\":{\"@type\":\"ImageObject\",\"inLanguage\":\"pt-PT\",\"@id\":\"https:\/\/www.pressenza.com\/pt-pt\/#\/schema\/logo\/image\/\",\"url\":\"https:\/\/www.pressenza.com\/wp-content\/uploads\/2022\/10\/pressenza_logo_200x200.jpg\",\"contentUrl\":\"https:\/\/www.pressenza.com\/wp-content\/uploads\/2022\/10\/pressenza_logo_200x200.jpg\",\"width\":200,\"height\":200,\"caption\":\"Pressenza\"},\"image\":{\"@id\":\"https:\/\/www.pressenza.com\/pt-pt\/#\/schema\/logo\/image\/\"},\"sameAs\":[\"https:\/\/www.facebook.com\/PressenzaItalia\",\"https:\/\/x.com\/PressenzaIPA\"]},{\"@type\":\"Person\",\"@id\":\"https:\/\/www.pressenza.com\/pt-pt\/#\/schema\/person\/e35c78ffa242d98f4f49ccb18c8631de\",\"name\":\"Prensa Latina\",\"description\":\"www.prensa-latina.cu\",\"sameAs\":[\"https:\/\/www.facebook.com\/AgenciaPrensaLatina\",\"https:\/\/x.com\/prensalatina_cu\"],\"url\":\"https:\/\/www.pressenza.com\/pt-pt\/author\/prensa-latina\/\"}]}<\/script>\n<!-- \/ Yoast SEO plugin. -->","yoast_head_json":{"title":"Venezuela consolida projetos legislativos contra viol\u00eancia de g\u00eanero","description":"A\u00a0Venezuela\u00a0trabalha hoje na consolida\u00e7\u00e3o de novos projetos de lei para proteger as mulheres da viol\u00eancia de g\u00eanero. O promotor geral da Rep\u00fablica, Tarek","robots":{"index":"index","follow":"follow","max-snippet":"max-snippet:-1","max-image-preview":"max-image-preview:large","max-video-preview":"max-video-preview:-1"},"canonical":"https:\/\/www.pressenza.com\/pt-pt\/2019\/11\/venezuela-consolida-projetos-legislativos-contra-violencia-de-genero\/","og_locale":"pt_PT","og_type":"article","og_title":"Venezuela consolida projetos legislativos contra viol\u00eancia de g\u00eanero","og_description":"A\u00a0Venezuela\u00a0trabalha hoje na consolida\u00e7\u00e3o de novos projetos de lei para proteger as mulheres da viol\u00eancia de g\u00eanero. O promotor geral da Rep\u00fablica, Tarek","og_url":"https:\/\/www.pressenza.com\/pt-pt\/2019\/11\/venezuela-consolida-projetos-legislativos-contra-violencia-de-genero\/","og_site_name":"Pressenza","article_publisher":"https:\/\/www.facebook.com\/PressenzaItalia","article_author":"https:\/\/www.facebook.com\/AgenciaPrensaLatina","article_published_time":"2019-11-29T15:10:49+00:00","og_image":[{"width":748,"height":498,"url":"https:\/\/www.pressenza.com\/wp-content\/uploads\/2019\/11\/00-dsh-TarekWilliamSaab.jpg","type":"image\/jpeg"}],"author":"Prensa Latina","twitter_card":"summary_large_image","twitter_creator":"@prensalatina_cu","twitter_site":"@PressenzaIPA","twitter_misc":{"Escrito por":"Prensa Latina","Tempo estimado de leitura":"2 minutos"},"schema":{"@context":"https:\/\/schema.org","@graph":[{"@type":"Article","@id":"https:\/\/www.pressenza.com\/pt-pt\/2019\/11\/venezuela-consolida-projetos-legislativos-contra-violencia-de-genero\/#article","isPartOf":{"@id":"https:\/\/www.pressenza.com\/pt-pt\/2019\/11\/venezuela-consolida-projetos-legislativos-contra-violencia-de-genero\/"},"author":{"name":"Prensa Latina","@id":"https:\/\/www.pressenza.com\/pt-pt\/#\/schema\/person\/e35c78ffa242d98f4f49ccb18c8631de"},"headline":"Venezuela consolida projetos legislativos contra viol\u00eancia de g\u00eanero","datePublished":"2019-11-29T15:10:49+00:00","mainEntityOfPage":{"@id":"https:\/\/www.pressenza.com\/pt-pt\/2019\/11\/venezuela-consolida-projetos-legislativos-contra-violencia-de-genero\/"},"wordCount":358,"publisher":{"@id":"https:\/\/www.pressenza.com\/pt-pt\/#organization"},"image":{"@id":"https:\/\/www.pressenza.com\/pt-pt\/2019\/11\/venezuela-consolida-projetos-legislativos-contra-violencia-de-genero\/#primaryimage"},"thumbnailUrl":"https:\/\/www.pressenza.com\/wp-content\/uploads\/2019\/11\/00-dsh-TarekWilliamSaab.jpg","keywords":["Violencia de g\u00e9nero"],"articleSection":["\u00c1m\u00e9rica do Sul","Direitos Humanos"],"inLanguage":"pt-PT"},{"@type":"WebPage","@id":"https:\/\/www.pressenza.com\/pt-pt\/2019\/11\/venezuela-consolida-projetos-legislativos-contra-violencia-de-genero\/","url":"https:\/\/www.pressenza.com\/pt-pt\/2019\/11\/venezuela-consolida-projetos-legislativos-contra-violencia-de-genero\/","name":"Venezuela consolida projetos legislativos contra viol\u00eancia de g\u00eanero","isPartOf":{"@id":"https:\/\/www.pressenza.com\/pt-pt\/#website"},"primaryImageOfPage":{"@id":"https:\/\/www.pressenza.com\/pt-pt\/2019\/11\/venezuela-consolida-projetos-legislativos-contra-violencia-de-genero\/#primaryimage"},"image":{"@id":"https:\/\/www.pressenza.com\/pt-pt\/2019\/11\/venezuela-consolida-projetos-legislativos-contra-violencia-de-genero\/#primaryimage"},"thumbnailUrl":"https:\/\/www.pressenza.com\/wp-content\/uploads\/2019\/11\/00-dsh-TarekWilliamSaab.jpg","datePublished":"2019-11-29T15:10:49+00:00","description":"A\u00a0Venezuela\u00a0trabalha hoje na consolida\u00e7\u00e3o de novos projetos de lei para proteger as mulheres da viol\u00eancia de g\u00eanero. O promotor geral da Rep\u00fablica, Tarek","breadcrumb":{"@id":"https:\/\/www.pressenza.com\/pt-pt\/2019\/11\/venezuela-consolida-projetos-legislativos-contra-violencia-de-genero\/#breadcrumb"},"inLanguage":"pt-PT","potentialAction":[{"@type":"ReadAction","target":["https:\/\/www.pressenza.com\/pt-pt\/2019\/11\/venezuela-consolida-projetos-legislativos-contra-violencia-de-genero\/"]}]},{"@type":"ImageObject","inLanguage":"pt-PT","@id":"https:\/\/www.pressenza.com\/pt-pt\/2019\/11\/venezuela-consolida-projetos-legislativos-contra-violencia-de-genero\/#primaryimage","url":"https:\/\/www.pressenza.com\/wp-content\/uploads\/2019\/11\/00-dsh-TarekWilliamSaab.jpg","contentUrl":"https:\/\/www.pressenza.com\/wp-content\/uploads\/2019\/11\/00-dsh-TarekWilliamSaab.jpg","width":748,"height":498},{"@type":"BreadcrumbList","@id":"https:\/\/www.pressenza.com\/pt-pt\/2019\/11\/venezuela-consolida-projetos-legislativos-contra-violencia-de-genero\/#breadcrumb","itemListElement":[{"@type":"ListItem","position":1,"name":"Accueil","item":"https:\/\/www.pressenza.com\/pt-pt\/"},{"@type":"ListItem","position":2,"name":"Venezuela consolida projetos legislativos contra viol\u00eancia de g\u00eanero"}]},{"@type":"WebSite","@id":"https:\/\/www.pressenza.com\/pt-pt\/#website","url":"https:\/\/www.pressenza.com\/pt-pt\/","name":"Pressenza","description":"International Press Agency","publisher":{"@id":"https:\/\/www.pressenza.com\/pt-pt\/#organization"},"potentialAction":[{"@type":"SearchAction","target":{"@type":"EntryPoint","urlTemplate":"https:\/\/www.pressenza.com\/pt-pt\/?s={search_term_string}"},"query-input":{"@type":"PropertyValueSpecification","valueRequired":true,"valueName":"search_term_string"}}],"inLanguage":"pt-PT"},{"@type":"Organization","@id":"https:\/\/www.pressenza.com\/pt-pt\/#organization","name":"Pressenza","url":"https:\/\/www.pressenza.com\/pt-pt\/","logo":{"@type":"ImageObject","inLanguage":"pt-PT","@id":"https:\/\/www.pressenza.com\/pt-pt\/#\/schema\/logo\/image\/","url":"https:\/\/www.pressenza.com\/wp-content\/uploads\/2022\/10\/pressenza_logo_200x200.jpg","contentUrl":"https:\/\/www.pressenza.com\/wp-content\/uploads\/2022\/10\/pressenza_logo_200x200.jpg","width":200,"height":200,"caption":"Pressenza"},"image":{"@id":"https:\/\/www.pressenza.com\/pt-pt\/#\/schema\/logo\/image\/"},"sameAs":["https:\/\/www.facebook.com\/PressenzaItalia","https:\/\/x.com\/PressenzaIPA"]},{"@type":"Person","@id":"https:\/\/www.pressenza.com\/pt-pt\/#\/schema\/person\/e35c78ffa242d98f4f49ccb18c8631de","name":"Prensa Latina","description":"www.prensa-latina.cu","sameAs":["https:\/\/www.facebook.com\/AgenciaPrensaLatina","https:\/\/x.com\/prensalatina_cu"],"url":"https:\/\/www.pressenza.com\/pt-pt\/author\/prensa-latina\/"}]}},"place":"Caracas","original_article_url":"https:\/\/www.prensalatina.com.br\/index.php?o=rn&id=27471&SEO=venezuela-consolida-projetos-legislativos-contra-violencia-de-genero","_links":{"self":[{"href":"https:\/\/www.pressenza.com\/pt-pt\/wp-json\/wp\/v2\/posts\/984561","targetHints":{"allow":["GET"]}}],"collection":[{"href":"https:\/\/www.pressenza.com\/pt-pt\/wp-json\/wp\/v2\/posts"}],"about":[{"href":"https:\/\/www.pressenza.com\/pt-pt\/wp-json\/wp\/v2\/types\/post"}],"author":[{"embeddable":true,"href":"https:\/\/www.pressenza.com\/pt-pt\/wp-json\/wp\/v2\/users\/90"}],"replies":[{"embeddable":true,"href":"https:\/\/www.pressenza.com\/pt-pt\/wp-json\/wp\/v2\/comments?post=984561"}],"version-history":[{"count":0,"href":"https:\/\/www.pressenza.com\/pt-pt\/wp-json\/wp\/v2\/posts\/984561\/revisions"}],"wp:featuredmedia":[{"embeddable":true,"href":"https:\/\/www.pressenza.com\/pt-pt\/wp-json\/wp\/v2\/media\/984557"}],"wp:attachment":[{"href":"https:\/\/www.pressenza.com\/pt-pt\/wp-json\/wp\/v2\/media?parent=984561"}],"wp:term":[{"taxonomy":"category","embeddable":true,"href":"https:\/\/www.pressenza.com\/pt-pt\/wp-json\/wp\/v2\/categories?post=984561"},{"taxonomy":"post_tag","embeddable":true,"href":"https:\/\/www.pressenza.com\/pt-pt\/wp-json\/wp\/v2\/tags?post=984561"}],"curies":[{"name":"wp","href":"https:\/\/api.w.org\/{rel}","templated":true}]}}