{"id":980881,"date":"2019-11-25T08:56:39","date_gmt":"2019-11-25T08:56:39","guid":{"rendered":"https:\/\/www.pressenza.com\/?p=980881"},"modified":"2019-11-25T08:56:39","modified_gmt":"2019-11-25T08:56:39","slug":"no-japao-papa-francisco-insiste-ao-mundo-pelo-fim-das-armas-atomicas","status":"publish","type":"post","link":"https:\/\/www.pressenza.com\/pt-pt\/2019\/11\/no-japao-papa-francisco-insiste-ao-mundo-pelo-fim-das-armas-atomicas\/","title":{"rendered":"No Jap\u00e3o, Papa Francisco insiste ao mundo pelo fim das armas at\u00f4micas"},"content":{"rendered":"<p>O papa Francisco lan\u00e7ou hoje de Nagasaki, Jap\u00e3o, um chamado urgente \u00e0 comunidade internacional a que se eliminem as armas nucleares, pois enfatizou que sua mera exist\u00eancia impede o refreamento das atuais amea\u00e7as \u00e0 seguran\u00e7a.<\/p>\n<p>Sua santidade condenou o debilitamento de tratados mundiais sobre o controle de artefatos b\u00e9licos desse e outro tipo, ao indicar que a acumula\u00e7\u00e3o dos dispositivos at\u00f4micos fragiliza a paz, constitui uma despesa de capital e p\u00f5e a humanidade em risco.<\/p>\n<p>&#8220;Estou convencido de que um mundo sem armas nucleares \u00e9 poss\u00edvel e necess\u00e1rio. Pe\u00e7o aos l\u00edderes pol\u00edticos que recordem que estas armas n\u00e3o podem nos proteger das atuais amea\u00e7as \u00e0 seguran\u00e7a nacional e internacional&#8221;, indicou.<\/p>\n<p>Depois de colocar uma oferenda floral ante um memorial erigido em homenagem \u00e0s v\u00edtimas do bombardeio at\u00f4mico de Nagasaki, Francisco disse que o lugar \u00e9 uma &#8216;crua lembran\u00e7a da dor e o horror que os seres humanos podem ser infringido uns aos outros&#8217;.<\/p>\n<p>Um dos maiores anseios do cora\u00e7\u00e3o humano, ponderou, \u00e9 ter seguran\u00e7a, paz e estabilidade. A posse de armas nucleares e outros artefatos de destrui\u00e7\u00e3o em massa n\u00e3o \u00e9 a resposta a este desejo, mais bem o frustra.<\/p>\n<p>Considerou uma grave afronta as grandes fortunas feitas mediante a fabrica\u00e7\u00e3o, moderniza\u00e7\u00e3o e venda de artigos de guerra, enquanto no mundo milh\u00f5es de crian\u00e7as e fam\u00edlias vivem em condi\u00e7\u00f5es indignas.<\/p>\n<p>Tamb\u00e9m lamentou o clima de desconfian\u00e7a que devora os esfor\u00e7os para controlar e evitar a prolifera\u00e7\u00e3o dessas equipes, como \u00e9 o caso do Tratado de For\u00e7as Nucleares de Alcance Intermedi\u00e1rio que aborda a elimina\u00e7\u00e3o de m\u00edsseis.<\/p>\n<p>O referido conv\u00eanio foi assinado em 1987 entre a ex-Uni\u00e3o Sovi\u00e9tica e os Estados Unidos, mas a \u00faltima na\u00e7\u00e3o abandonou-o recentemente citando a suposta viola\u00e7\u00e3o do acordo por parte da R\u00fassia.<\/p>\n<p>Al\u00e9m de Nagasaki, Francisco esteve em Hiroshima e tamb\u00e9m depositou oferendas florais ante um monumento aos m\u00e1rtires dessa localidade crucificados em 1597 durante uma cruzada contra o Cristianismo.<\/p>\n<p>Ali pediu nunca esquecer o sacrif\u00edcio desses religiosos.<\/p>\n<p>Sua santidade realiza desde ontem sua primeira visita pastoral a Jap\u00e3o e manh\u00e3 na capital nip\u00f4nica dialogar\u00e1 com jovens, o imperador Naruhito, o premi\u00ea, Shinzo Abe, outras autoridades e o corpo diplom\u00e1tico, al\u00e9m de celebrar uma missa no Domo de T\u00f3quio, o est\u00e1dio mais famoso de Jap\u00e3o.<\/p>\n<p>A viagem fechar\u00e1 na ter\u00e7a-feira ao meio dia, mas antes ter\u00e1 uma homilia privada na capela da Universidade de Sophia, ali desenvolver\u00e1 outras atividades e dar\u00e1 outro discurso.<\/p>\n<p>Este \u00e9 o primeiro p\u00e9riplo de um papa \u00e0 na\u00e7\u00e3o asi\u00e1tica desde 1981, quando esteve aqui Jo\u00e3o Paulo II.<\/p>\n","protected":false},"excerpt":{"rendered":"<p>O papa Francisco lan\u00e7ou hoje de Nagasaki, Jap\u00e3o, um chamado urgente \u00e0 comunidade internacional a que se eliminem as armas nucleares, pois enfatizou que sua mera exist\u00eancia impede o refreamento das atuais amea\u00e7as \u00e0 seguran\u00e7a. Sua santidade condenou o debilitamento&hellip;<\/p>\n","protected":false},"author":90,"featured_media":980882,"comment_status":"closed","ping_status":"closed","sticky":false,"template":"","format":"standard","meta":{"footnotes":""},"categories":[42,1257],"tags":[54368,67437,54596],"class_list":["post-980881","post","type-post","status-publish","format-standard","has-post-thumbnail","hentry","category-internacional-2","category-paz-desarmamento","tag-armas-nucleares-pt-pt","tag-nagasaki-pt-pt","tag-papa-francisco-pt-pt"],"yoast_head":"<!-- This site is optimized with the Yoast SEO plugin v27.1.1 - https:\/\/yoast.com\/product\/yoast-seo-wordpress\/ -->\n<title>No Jap\u00e3o, Papa Francisco insiste ao mundo pelo fim das armas at\u00f4micas<\/title>\n<meta name=\"description\" content=\"O papa Francisco lan\u00e7ou hoje de Nagasaki, Jap\u00e3o, um chamado urgente \u00e0 comunidade internacional a que se eliminem as armas nucleares, pois enfatizou que\" \/>\n<meta name=\"robots\" content=\"index, follow, max-snippet:-1, max-image-preview:large, max-video-preview:-1\" \/>\n<link rel=\"canonical\" href=\"https:\/\/www.pressenza.com\/pt-pt\/2019\/11\/no-japao-papa-francisco-insiste-ao-mundo-pelo-fim-das-armas-atomicas\/\" \/>\n<meta property=\"og:locale\" content=\"pt_PT\" \/>\n<meta property=\"og:type\" content=\"article\" \/>\n<meta property=\"og:title\" content=\"No Jap\u00e3o, Papa Francisco insiste ao mundo pelo fim das armas at\u00f4micas\" \/>\n<meta property=\"og:description\" content=\"O papa Francisco lan\u00e7ou hoje de Nagasaki, Jap\u00e3o, um chamado urgente \u00e0 comunidade internacional a que se eliminem as armas nucleares, pois enfatizou que\" \/>\n<meta property=\"og:url\" content=\"https:\/\/www.pressenza.com\/pt-pt\/2019\/11\/no-japao-papa-francisco-insiste-ao-mundo-pelo-fim-das-armas-atomicas\/\" \/>\n<meta property=\"og:site_name\" content=\"Pressenza\" \/>\n<meta property=\"article:publisher\" content=\"https:\/\/www.facebook.com\/PressenzaItalia\" \/>\n<meta property=\"article:author\" content=\"https:\/\/www.facebook.com\/AgenciaPrensaLatina\" \/>\n<meta property=\"article:published_time\" content=\"2019-11-25T08:56:39+00:00\" \/>\n<meta property=\"og:image\" content=\"https:\/\/www.pressenza.com\/wp-content\/uploads\/2019\/11\/Papa-Francisco-Nagasaki.jpg\" \/>\n\t<meta property=\"og:image:width\" content=\"748\" \/>\n\t<meta property=\"og:image:height\" content=\"498\" \/>\n\t<meta property=\"og:image:type\" content=\"image\/jpeg\" \/>\n<meta name=\"author\" content=\"Prensa Latina\" \/>\n<meta name=\"twitter:card\" content=\"summary_large_image\" \/>\n<meta name=\"twitter:creator\" content=\"@prensalatina_cu\" \/>\n<meta name=\"twitter:site\" content=\"@PressenzaIPA\" \/>\n<meta name=\"twitter:label1\" content=\"Escrito por\" \/>\n\t<meta name=\"twitter:data1\" content=\"Prensa Latina\" \/>\n\t<meta name=\"twitter:label2\" content=\"Tempo estimado de leitura\" \/>\n\t<meta name=\"twitter:data2\" content=\"2 minutos\" \/>\n<script type=\"application\/ld+json\" class=\"yoast-schema-graph\">{\"@context\":\"https:\/\/schema.org\",\"@graph\":[{\"@type\":\"Article\",\"@id\":\"https:\/\/www.pressenza.com\/pt-pt\/2019\/11\/no-japao-papa-francisco-insiste-ao-mundo-pelo-fim-das-armas-atomicas\/#article\",\"isPartOf\":{\"@id\":\"https:\/\/www.pressenza.com\/pt-pt\/2019\/11\/no-japao-papa-francisco-insiste-ao-mundo-pelo-fim-das-armas-atomicas\/\"},\"author\":{\"name\":\"Prensa Latina\",\"@id\":\"https:\/\/www.pressenza.com\/pt-pt\/#\/schema\/person\/e35c78ffa242d98f4f49ccb18c8631de\"},\"headline\":\"No Jap\u00e3o, Papa Francisco insiste ao mundo pelo fim das armas at\u00f4micas\",\"datePublished\":\"2019-11-25T08:56:39+00:00\",\"mainEntityOfPage\":{\"@id\":\"https:\/\/www.pressenza.com\/pt-pt\/2019\/11\/no-japao-papa-francisco-insiste-ao-mundo-pelo-fim-das-armas-atomicas\/\"},\"wordCount\":478,\"publisher\":{\"@id\":\"https:\/\/www.pressenza.com\/pt-pt\/#organization\"},\"image\":{\"@id\":\"https:\/\/www.pressenza.com\/pt-pt\/2019\/11\/no-japao-papa-francisco-insiste-ao-mundo-pelo-fim-das-armas-atomicas\/#primaryimage\"},\"thumbnailUrl\":\"https:\/\/www.pressenza.com\/wp-content\/uploads\/2019\/11\/Papa-Francisco-Nagasaki.jpg\",\"keywords\":[\"Armas nucleares\",\"Nagasaki\",\"Papa Francisco\"],\"articleSection\":[\"Internacional\",\"Paz e Desarmamento\"],\"inLanguage\":\"pt-PT\"},{\"@type\":\"WebPage\",\"@id\":\"https:\/\/www.pressenza.com\/pt-pt\/2019\/11\/no-japao-papa-francisco-insiste-ao-mundo-pelo-fim-das-armas-atomicas\/\",\"url\":\"https:\/\/www.pressenza.com\/pt-pt\/2019\/11\/no-japao-papa-francisco-insiste-ao-mundo-pelo-fim-das-armas-atomicas\/\",\"name\":\"No Jap\u00e3o, Papa Francisco insiste ao mundo pelo fim das armas at\u00f4micas\",\"isPartOf\":{\"@id\":\"https:\/\/www.pressenza.com\/pt-pt\/#website\"},\"primaryImageOfPage\":{\"@id\":\"https:\/\/www.pressenza.com\/pt-pt\/2019\/11\/no-japao-papa-francisco-insiste-ao-mundo-pelo-fim-das-armas-atomicas\/#primaryimage\"},\"image\":{\"@id\":\"https:\/\/www.pressenza.com\/pt-pt\/2019\/11\/no-japao-papa-francisco-insiste-ao-mundo-pelo-fim-das-armas-atomicas\/#primaryimage\"},\"thumbnailUrl\":\"https:\/\/www.pressenza.com\/wp-content\/uploads\/2019\/11\/Papa-Francisco-Nagasaki.jpg\",\"datePublished\":\"2019-11-25T08:56:39+00:00\",\"description\":\"O papa Francisco lan\u00e7ou hoje de Nagasaki, Jap\u00e3o, um chamado urgente \u00e0 comunidade internacional a que se eliminem as armas nucleares, pois enfatizou que\",\"breadcrumb\":{\"@id\":\"https:\/\/www.pressenza.com\/pt-pt\/2019\/11\/no-japao-papa-francisco-insiste-ao-mundo-pelo-fim-das-armas-atomicas\/#breadcrumb\"},\"inLanguage\":\"pt-PT\",\"potentialAction\":[{\"@type\":\"ReadAction\",\"target\":[\"https:\/\/www.pressenza.com\/pt-pt\/2019\/11\/no-japao-papa-francisco-insiste-ao-mundo-pelo-fim-das-armas-atomicas\/\"]}]},{\"@type\":\"ImageObject\",\"inLanguage\":\"pt-PT\",\"@id\":\"https:\/\/www.pressenza.com\/pt-pt\/2019\/11\/no-japao-papa-francisco-insiste-ao-mundo-pelo-fim-das-armas-atomicas\/#primaryimage\",\"url\":\"https:\/\/www.pressenza.com\/wp-content\/uploads\/2019\/11\/Papa-Francisco-Nagasaki.jpg\",\"contentUrl\":\"https:\/\/www.pressenza.com\/wp-content\/uploads\/2019\/11\/Papa-Francisco-Nagasaki.jpg\",\"width\":748,\"height\":498},{\"@type\":\"BreadcrumbList\",\"@id\":\"https:\/\/www.pressenza.com\/pt-pt\/2019\/11\/no-japao-papa-francisco-insiste-ao-mundo-pelo-fim-das-armas-atomicas\/#breadcrumb\",\"itemListElement\":[{\"@type\":\"ListItem\",\"position\":1,\"name\":\"Accueil\",\"item\":\"https:\/\/www.pressenza.com\/pt-pt\/\"},{\"@type\":\"ListItem\",\"position\":2,\"name\":\"No Jap\u00e3o, Papa Francisco insiste ao mundo pelo fim das armas at\u00f4micas\"}]},{\"@type\":\"WebSite\",\"@id\":\"https:\/\/www.pressenza.com\/pt-pt\/#website\",\"url\":\"https:\/\/www.pressenza.com\/pt-pt\/\",\"name\":\"Pressenza\",\"description\":\"International Press Agency\",\"publisher\":{\"@id\":\"https:\/\/www.pressenza.com\/pt-pt\/#organization\"},\"potentialAction\":[{\"@type\":\"SearchAction\",\"target\":{\"@type\":\"EntryPoint\",\"urlTemplate\":\"https:\/\/www.pressenza.com\/pt-pt\/?s={search_term_string}\"},\"query-input\":{\"@type\":\"PropertyValueSpecification\",\"valueRequired\":true,\"valueName\":\"search_term_string\"}}],\"inLanguage\":\"pt-PT\"},{\"@type\":\"Organization\",\"@id\":\"https:\/\/www.pressenza.com\/pt-pt\/#organization\",\"name\":\"Pressenza\",\"url\":\"https:\/\/www.pressenza.com\/pt-pt\/\",\"logo\":{\"@type\":\"ImageObject\",\"inLanguage\":\"pt-PT\",\"@id\":\"https:\/\/www.pressenza.com\/pt-pt\/#\/schema\/logo\/image\/\",\"url\":\"https:\/\/www.pressenza.com\/wp-content\/uploads\/2022\/10\/pressenza_logo_200x200.jpg\",\"contentUrl\":\"https:\/\/www.pressenza.com\/wp-content\/uploads\/2022\/10\/pressenza_logo_200x200.jpg\",\"width\":200,\"height\":200,\"caption\":\"Pressenza\"},\"image\":{\"@id\":\"https:\/\/www.pressenza.com\/pt-pt\/#\/schema\/logo\/image\/\"},\"sameAs\":[\"https:\/\/www.facebook.com\/PressenzaItalia\",\"https:\/\/x.com\/PressenzaIPA\"]},{\"@type\":\"Person\",\"@id\":\"https:\/\/www.pressenza.com\/pt-pt\/#\/schema\/person\/e35c78ffa242d98f4f49ccb18c8631de\",\"name\":\"Prensa Latina\",\"description\":\"www.prensa-latina.cu\",\"sameAs\":[\"https:\/\/www.facebook.com\/AgenciaPrensaLatina\",\"https:\/\/x.com\/prensalatina_cu\"],\"url\":\"https:\/\/www.pressenza.com\/pt-pt\/author\/prensa-latina\/\"}]}<\/script>\n<!-- \/ Yoast SEO plugin. -->","yoast_head_json":{"title":"No Jap\u00e3o, Papa Francisco insiste ao mundo pelo fim das armas at\u00f4micas","description":"O papa Francisco lan\u00e7ou hoje de Nagasaki, Jap\u00e3o, um chamado urgente \u00e0 comunidade internacional a que se eliminem as armas nucleares, pois enfatizou que","robots":{"index":"index","follow":"follow","max-snippet":"max-snippet:-1","max-image-preview":"max-image-preview:large","max-video-preview":"max-video-preview:-1"},"canonical":"https:\/\/www.pressenza.com\/pt-pt\/2019\/11\/no-japao-papa-francisco-insiste-ao-mundo-pelo-fim-das-armas-atomicas\/","og_locale":"pt_PT","og_type":"article","og_title":"No Jap\u00e3o, Papa Francisco insiste ao mundo pelo fim das armas at\u00f4micas","og_description":"O papa Francisco lan\u00e7ou hoje de Nagasaki, Jap\u00e3o, um chamado urgente \u00e0 comunidade internacional a que se eliminem as armas nucleares, pois enfatizou que","og_url":"https:\/\/www.pressenza.com\/pt-pt\/2019\/11\/no-japao-papa-francisco-insiste-ao-mundo-pelo-fim-das-armas-atomicas\/","og_site_name":"Pressenza","article_publisher":"https:\/\/www.facebook.com\/PressenzaItalia","article_author":"https:\/\/www.facebook.com\/AgenciaPrensaLatina","article_published_time":"2019-11-25T08:56:39+00:00","og_image":[{"width":748,"height":498,"url":"https:\/\/www.pressenza.com\/wp-content\/uploads\/2019\/11\/Papa-Francisco-Nagasaki.jpg","type":"image\/jpeg"}],"author":"Prensa Latina","twitter_card":"summary_large_image","twitter_creator":"@prensalatina_cu","twitter_site":"@PressenzaIPA","twitter_misc":{"Escrito por":"Prensa Latina","Tempo estimado de leitura":"2 minutos"},"schema":{"@context":"https:\/\/schema.org","@graph":[{"@type":"Article","@id":"https:\/\/www.pressenza.com\/pt-pt\/2019\/11\/no-japao-papa-francisco-insiste-ao-mundo-pelo-fim-das-armas-atomicas\/#article","isPartOf":{"@id":"https:\/\/www.pressenza.com\/pt-pt\/2019\/11\/no-japao-papa-francisco-insiste-ao-mundo-pelo-fim-das-armas-atomicas\/"},"author":{"name":"Prensa Latina","@id":"https:\/\/www.pressenza.com\/pt-pt\/#\/schema\/person\/e35c78ffa242d98f4f49ccb18c8631de"},"headline":"No Jap\u00e3o, Papa Francisco insiste ao mundo pelo fim das armas at\u00f4micas","datePublished":"2019-11-25T08:56:39+00:00","mainEntityOfPage":{"@id":"https:\/\/www.pressenza.com\/pt-pt\/2019\/11\/no-japao-papa-francisco-insiste-ao-mundo-pelo-fim-das-armas-atomicas\/"},"wordCount":478,"publisher":{"@id":"https:\/\/www.pressenza.com\/pt-pt\/#organization"},"image":{"@id":"https:\/\/www.pressenza.com\/pt-pt\/2019\/11\/no-japao-papa-francisco-insiste-ao-mundo-pelo-fim-das-armas-atomicas\/#primaryimage"},"thumbnailUrl":"https:\/\/www.pressenza.com\/wp-content\/uploads\/2019\/11\/Papa-Francisco-Nagasaki.jpg","keywords":["Armas nucleares","Nagasaki","Papa Francisco"],"articleSection":["Internacional","Paz e Desarmamento"],"inLanguage":"pt-PT"},{"@type":"WebPage","@id":"https:\/\/www.pressenza.com\/pt-pt\/2019\/11\/no-japao-papa-francisco-insiste-ao-mundo-pelo-fim-das-armas-atomicas\/","url":"https:\/\/www.pressenza.com\/pt-pt\/2019\/11\/no-japao-papa-francisco-insiste-ao-mundo-pelo-fim-das-armas-atomicas\/","name":"No Jap\u00e3o, Papa Francisco insiste ao mundo pelo fim das armas at\u00f4micas","isPartOf":{"@id":"https:\/\/www.pressenza.com\/pt-pt\/#website"},"primaryImageOfPage":{"@id":"https:\/\/www.pressenza.com\/pt-pt\/2019\/11\/no-japao-papa-francisco-insiste-ao-mundo-pelo-fim-das-armas-atomicas\/#primaryimage"},"image":{"@id":"https:\/\/www.pressenza.com\/pt-pt\/2019\/11\/no-japao-papa-francisco-insiste-ao-mundo-pelo-fim-das-armas-atomicas\/#primaryimage"},"thumbnailUrl":"https:\/\/www.pressenza.com\/wp-content\/uploads\/2019\/11\/Papa-Francisco-Nagasaki.jpg","datePublished":"2019-11-25T08:56:39+00:00","description":"O papa Francisco lan\u00e7ou hoje de Nagasaki, Jap\u00e3o, um chamado urgente \u00e0 comunidade internacional a que se eliminem as armas nucleares, pois enfatizou que","breadcrumb":{"@id":"https:\/\/www.pressenza.com\/pt-pt\/2019\/11\/no-japao-papa-francisco-insiste-ao-mundo-pelo-fim-das-armas-atomicas\/#breadcrumb"},"inLanguage":"pt-PT","potentialAction":[{"@type":"ReadAction","target":["https:\/\/www.pressenza.com\/pt-pt\/2019\/11\/no-japao-papa-francisco-insiste-ao-mundo-pelo-fim-das-armas-atomicas\/"]}]},{"@type":"ImageObject","inLanguage":"pt-PT","@id":"https:\/\/www.pressenza.com\/pt-pt\/2019\/11\/no-japao-papa-francisco-insiste-ao-mundo-pelo-fim-das-armas-atomicas\/#primaryimage","url":"https:\/\/www.pressenza.com\/wp-content\/uploads\/2019\/11\/Papa-Francisco-Nagasaki.jpg","contentUrl":"https:\/\/www.pressenza.com\/wp-content\/uploads\/2019\/11\/Papa-Francisco-Nagasaki.jpg","width":748,"height":498},{"@type":"BreadcrumbList","@id":"https:\/\/www.pressenza.com\/pt-pt\/2019\/11\/no-japao-papa-francisco-insiste-ao-mundo-pelo-fim-das-armas-atomicas\/#breadcrumb","itemListElement":[{"@type":"ListItem","position":1,"name":"Accueil","item":"https:\/\/www.pressenza.com\/pt-pt\/"},{"@type":"ListItem","position":2,"name":"No Jap\u00e3o, Papa Francisco insiste ao mundo pelo fim das armas at\u00f4micas"}]},{"@type":"WebSite","@id":"https:\/\/www.pressenza.com\/pt-pt\/#website","url":"https:\/\/www.pressenza.com\/pt-pt\/","name":"Pressenza","description":"International Press Agency","publisher":{"@id":"https:\/\/www.pressenza.com\/pt-pt\/#organization"},"potentialAction":[{"@type":"SearchAction","target":{"@type":"EntryPoint","urlTemplate":"https:\/\/www.pressenza.com\/pt-pt\/?s={search_term_string}"},"query-input":{"@type":"PropertyValueSpecification","valueRequired":true,"valueName":"search_term_string"}}],"inLanguage":"pt-PT"},{"@type":"Organization","@id":"https:\/\/www.pressenza.com\/pt-pt\/#organization","name":"Pressenza","url":"https:\/\/www.pressenza.com\/pt-pt\/","logo":{"@type":"ImageObject","inLanguage":"pt-PT","@id":"https:\/\/www.pressenza.com\/pt-pt\/#\/schema\/logo\/image\/","url":"https:\/\/www.pressenza.com\/wp-content\/uploads\/2022\/10\/pressenza_logo_200x200.jpg","contentUrl":"https:\/\/www.pressenza.com\/wp-content\/uploads\/2022\/10\/pressenza_logo_200x200.jpg","width":200,"height":200,"caption":"Pressenza"},"image":{"@id":"https:\/\/www.pressenza.com\/pt-pt\/#\/schema\/logo\/image\/"},"sameAs":["https:\/\/www.facebook.com\/PressenzaItalia","https:\/\/x.com\/PressenzaIPA"]},{"@type":"Person","@id":"https:\/\/www.pressenza.com\/pt-pt\/#\/schema\/person\/e35c78ffa242d98f4f49ccb18c8631de","name":"Prensa Latina","description":"www.prensa-latina.cu","sameAs":["https:\/\/www.facebook.com\/AgenciaPrensaLatina","https:\/\/x.com\/prensalatina_cu"],"url":"https:\/\/www.pressenza.com\/pt-pt\/author\/prensa-latina\/"}]}},"place":"T\u00f3quio","original_article_url":"https:\/\/www.prensalatina.com.br\/index.php?o=rn&id=27344&SEO=no-japao-papa-francisco-insiste-ao-mundo-pelo-fim-das-armas-atomicas","_links":{"self":[{"href":"https:\/\/www.pressenza.com\/pt-pt\/wp-json\/wp\/v2\/posts\/980881","targetHints":{"allow":["GET"]}}],"collection":[{"href":"https:\/\/www.pressenza.com\/pt-pt\/wp-json\/wp\/v2\/posts"}],"about":[{"href":"https:\/\/www.pressenza.com\/pt-pt\/wp-json\/wp\/v2\/types\/post"}],"author":[{"embeddable":true,"href":"https:\/\/www.pressenza.com\/pt-pt\/wp-json\/wp\/v2\/users\/90"}],"replies":[{"embeddable":true,"href":"https:\/\/www.pressenza.com\/pt-pt\/wp-json\/wp\/v2\/comments?post=980881"}],"version-history":[{"count":0,"href":"https:\/\/www.pressenza.com\/pt-pt\/wp-json\/wp\/v2\/posts\/980881\/revisions"}],"wp:featuredmedia":[{"embeddable":true,"href":"https:\/\/www.pressenza.com\/pt-pt\/wp-json\/wp\/v2\/media\/980882"}],"wp:attachment":[{"href":"https:\/\/www.pressenza.com\/pt-pt\/wp-json\/wp\/v2\/media?parent=980881"}],"wp:term":[{"taxonomy":"category","embeddable":true,"href":"https:\/\/www.pressenza.com\/pt-pt\/wp-json\/wp\/v2\/categories?post=980881"},{"taxonomy":"post_tag","embeddable":true,"href":"https:\/\/www.pressenza.com\/pt-pt\/wp-json\/wp\/v2\/tags?post=980881"}],"curies":[{"name":"wp","href":"https:\/\/api.w.org\/{rel}","templated":true}]}}