{"id":973674,"date":"2019-11-17T08:48:26","date_gmt":"2019-11-17T08:48:26","guid":{"rendered":"https:\/\/www.pressenza.com\/?p=973674"},"modified":"2019-11-17T08:48:26","modified_gmt":"2019-11-17T08:48:26","slug":"multidao-em-la-paz-contra-o-golpe-garante-o-mas-na-presidencia-da-camara-e-do-senado","status":"publish","type":"post","link":"https:\/\/www.pressenza.com\/pt-pt\/2019\/11\/multidao-em-la-paz-contra-o-golpe-garante-o-mas-na-presidencia-da-camara-e-do-senado\/","title":{"rendered":"Multid\u00e3o em La Paz contra o golpe garante o MAS na presid\u00eancia da C\u00e2mara e do Senado"},"content":{"rendered":"<h4 class=\"subtitle col-xs-12\">Defendendo o pleno restabelecimento da democracia, a Central Oper\u00e1ria Boliviana (COB) come\u00e7ou a paralisar as atividades e bloquear as rodovias do pa\u00eds<\/h4>\n<p><a class=\"h4 bold text-uppercase\" href=\"https:\/\/dialogosdosul.operamundi.uol.com.br\/autores\/4205\/leonardo-wexell-severo\">Leonardo Wexell Severo<\/a><\/p>\n<p>Com a Whipala, s\u00edmbolo da P\u00e1tria, tremulando ao alto, uma gigantesca marcha tomou La Paz nesta quinta-feira contra o golpe de Estado e garantiu que o Senado e C\u00e2mara da Bol\u00edvia passem a ser presididos respectivamente por M\u00f4nica Eva Copa e S\u00e9rgio Choque, do Movimento Ao Socialismo (MAS), partido do presidente Evo Morales, maioria no parlamento.<\/p>\n<p>S\u00e9rgio Choque repudiou \u201cas figuras que se al\u00e7aram como autoridades ap\u00f3s o golpe\u201d, com chantagens, agress\u00f5es e at\u00e9 mesmo o sequestro de familiares de lideran\u00e7as e parlamentares para que deixassem vaga a representa\u00e7\u00e3o. Tais pessoas, frisou, \u201cn\u00e3o t\u00eam nenhuma legitimidade para organizar as elei\u00e7\u00f5es, nem para apaziguar o pa\u00eds\u201d.<\/p>\n<p>\u201cDenuncio ao mundo que est\u00e3o violando direitos fundamentais, o direito \u00e0 livre express\u00e3o, \u00e0 vida, \u00e0 educa\u00e7\u00e3o, direitos que foram violados por este golpe em cumplicidade com a Pol\u00edcia e as For\u00e7as Armadas\u201d, sublinhou.<\/p>\n<p>M\u00f4nica Copa lembrou da covarde agress\u00e3o cometida no dia anterior por policiais contra a ex-presidenta do Senado, Adriana Salvatierra, da viol\u00eancia e desrespeito a mulheres ind\u00edgenas, e frisou que com unidade e mobiliza\u00e7\u00e3o popular a democracia ser\u00e1 prontamente restabelecida no pa\u00eds.<\/p>\n<p>Em sua conta no Twitter, Evo felicitou \u201ca unidade da bancada do MAS\u201d e frisou que a elei\u00e7\u00e3o de M\u00f4nica e S\u00e9rgio, moradores de El Alto, s\u00e3o uma \u201cjusta homenagem \u00e0quele valoroso povo, que denuncia o golpe e defende a democracia junto \u00e0s organiza\u00e7\u00f5es sociais de minha querida Bol\u00edvia\u201d.<\/p>\n<p>Durante entrevista ao jornal argentino El Destape, Evo condenou a atua\u00e7\u00e3o da Organiza\u00e7\u00e3o dos Estados Americanos (OEA), que defendeu a realiza\u00e7\u00e3o de novas elei\u00e7\u00f5es, alegando ter havido fraude no pleito de 20 de outubro. \u201cO informe n\u00e3o esteve baseado em uma auditoria t\u00e9cnica ou jur\u00eddica, mas notadamente pol\u00edtica\u201d, explicou.<\/p>\n<p>O presidente exilado declarou ter obtido informa\u00e7\u00f5es sobre a participa\u00e7\u00e3o dos governos de Trump, Bolsonaro e Pi\u00f1era na arma\u00e7\u00e3o. Na noite do golpe, moradores pr\u00f3ximos \u00e0s embaixadas dos EUA e do Brasil em La Paz denunciaram \u00e0 reportagem do jornal argentino uma movimenta\u00e7\u00e3o completamente anormal na madrugada de ve\u00edculos e pessoas com mochilas entrando e saindo. \u201cAquele pessoal estava claramente participando de algo criminoso, colocando a representa\u00e7\u00e3o diplom\u00e1tica para agir abertamente contra a democracia e a soberania da Bol\u00edvia\u201d, declarou um dos moradores.<\/p>\n<p>O presidente Evo Morales tamb\u00e9m esclareceu que \u201cmuitos meios de comunica\u00e7\u00e3o e redes sociais foram parte do golpe de Estado\u201d, enquanto \u201csobre os mortos na repress\u00e3o n\u00e3o informam nada\u201d. \u201cDe tantas agress\u00f5es aos movimentos sociais n\u00e3o informam. Somente lidam com mentiras, como sempre\u201d, apontou.<\/p>\n<h4><strong>O povo exige respeito<\/strong><\/h4>\n<p>Durante o ato, moradores de El Alto, Viacha, Aroma e de muitas outras cidades recordaram que a Whipala \u00e9 um s\u00edmbolo p\u00e1trio reconhecido durante o governo Evo que representa \u201co pensamento do ind\u00edgena, sua cultura e identidade\u201d e que, portanto, \u201cqueimar esta bandeira, como fizeram alguns policiais, constitui a pior das ofensas\u201d.<\/p>\n<p>Entre as propostas dos manifestantes est\u00e1 o retorno do presidente, Evo Morales, e do vice-presidente, \u00c1lvaro Garc\u00eda Linera, a ren\u00fancia da usurpadora Jeanine A\u00f1ez \u2013 autoproclamada presidenta diante de um Congresso esvaziado e cercado pelos policiais \u2013 e a pris\u00e3o de Fernando Camacho e Carlos Mesa.<\/p>\n<p>A covardia da repress\u00e3o dos franco-atiradores utilizados por A\u00f1ez, bem como o retorno de atitudes racistas cometidas por alguns grupos de policiais e de extrema-direita est\u00e3o provocando rea\u00e7\u00f5es em alguns setores militares. Numa das manifesta\u00e7\u00f5es um soldado abandona a repress\u00e3o e se soma ao protesto, batendo contin\u00eancia \u00e0 massa que entoa o hino nacional.<\/p>\n<p>A barb\u00e1rie materializada na prolifera\u00e7\u00e3o de mortos e feridos est\u00e1 impactando os pr\u00f3prios meios de comunica\u00e7\u00e3o, que come\u00e7am a exibir fissuras. Frente \u00e0 repercuss\u00e3o, proporcionada principalmente pela divulga\u00e7\u00e3o na m\u00eddia internacional, a ministra da Comunica\u00e7\u00e3o amea\u00e7ou de retirar a credencial dos jornalistas estrangeiros e submet\u00ea-los a ju\u00edzo penal por \u201csedi\u00e7\u00e3o\u201d.<\/p>\n<p>Recha\u00e7ando o golpe e defendendo o pleno restabelecimento da democracia, a Central Oper\u00e1ria Boliviana (COB) come\u00e7ou a paralisar as atividades e bloquear as rodovias do pa\u00eds.<\/p>\n<p>&nbsp;<\/p>\n","protected":false},"excerpt":{"rendered":"<p>Defendendo o pleno restabelecimento da democracia, a Central Oper\u00e1ria Boliviana (COB) come\u00e7ou a paralisar as atividades e bloquear as rodovias do pa\u00eds Leonardo Wexell Severo Com a Whipala, s\u00edmbolo da P\u00e1tria, tremulando ao alto, uma gigantesca marcha tomou La Paz&hellip;<\/p>\n","protected":false},"author":1360,"featured_media":973675,"comment_status":"closed","ping_status":"closed","sticky":false,"template":"","format":"standard","meta":{"footnotes":""},"categories":[104,116,42],"tags":[67053,5791,67037,67055,67054],"class_list":["post-973674","post","type-post","status-publish","format-standard","has-post-thumbnail","hentry","category-america-do-sul","category-direitos-humanos","category-internacional-2","tag-central-operaria-boliviana","tag-evo-morales-pt-pt","tag-golpe-de-estado","tag-la-paz-pt-pt","tag-movimento-ao-socialismo"],"yoast_head":"<!-- This site is optimized with the Yoast SEO plugin v27.1.1 - https:\/\/yoast.com\/product\/yoast-seo-wordpress\/ -->\n<title>Multid\u00e3o em La Paz contra o golpe garante o MAS na presid\u00eancia da C\u00e2mara e do Senado<\/title>\n<meta name=\"description\" content=\"Defendendo o pleno restabelecimento da democracia, a Central Oper\u00e1ria Boliviana (COB) come\u00e7ou a paralisar as atividades e bloquear as rodovias do pa\u00eds\" \/>\n<meta name=\"robots\" content=\"index, follow, max-snippet:-1, max-image-preview:large, max-video-preview:-1\" \/>\n<link rel=\"canonical\" href=\"https:\/\/www.pressenza.com\/pt-pt\/2019\/11\/multidao-em-la-paz-contra-o-golpe-garante-o-mas-na-presidencia-da-camara-e-do-senado\/\" \/>\n<meta property=\"og:locale\" content=\"pt_PT\" \/>\n<meta property=\"og:type\" content=\"article\" \/>\n<meta property=\"og:title\" content=\"Multid\u00e3o em La Paz contra o golpe garante o MAS na presid\u00eancia da C\u00e2mara e do Senado\" \/>\n<meta property=\"og:description\" content=\"Defendendo o pleno restabelecimento da democracia, a Central Oper\u00e1ria Boliviana (COB) come\u00e7ou a paralisar as atividades e bloquear as rodovias do pa\u00eds\" \/>\n<meta property=\"og:url\" content=\"https:\/\/www.pressenza.com\/pt-pt\/2019\/11\/multidao-em-la-paz-contra-o-golpe-garante-o-mas-na-presidencia-da-camara-e-do-senado\/\" \/>\n<meta property=\"og:site_name\" content=\"Pressenza\" \/>\n<meta property=\"article:publisher\" content=\"https:\/\/www.facebook.com\/PressenzaItalia\" \/>\n<meta property=\"article:published_time\" content=\"2019-11-17T08:48:26+00:00\" \/>\n<meta property=\"og:image\" content=\"https:\/\/www.pressenza.com\/wp-content\/uploads\/2019\/11\/NDZiZmZjNTA2ODI1NWZjNjY3MmZjOWQwMjRjOTQwNWFfY2ExOTFhMmQwMTNmMWNiZWUwZjNjMmY4OGRjMmQyMDMucG5n.png\" \/>\n\t<meta property=\"og:image:width\" content=\"833\" \/>\n\t<meta property=\"og:image:height\" content=\"496\" \/>\n\t<meta property=\"og:image:type\" content=\"image\/png\" \/>\n<meta name=\"author\" content=\"Di\u00e1logos do Sul\" \/>\n<meta name=\"twitter:card\" content=\"summary_large_image\" \/>\n<meta name=\"twitter:creator\" content=\"@PressenzaIPA\" \/>\n<meta name=\"twitter:site\" content=\"@PressenzaIPA\" \/>\n<meta name=\"twitter:label1\" content=\"Escrito por\" \/>\n\t<meta name=\"twitter:data1\" content=\"Di\u00e1logos do Sul\" \/>\n\t<meta name=\"twitter:label2\" content=\"Tempo estimado de leitura\" \/>\n\t<meta name=\"twitter:data2\" content=\"4 minutos\" \/>\n<script type=\"application\/ld+json\" class=\"yoast-schema-graph\">{\"@context\":\"https:\/\/schema.org\",\"@graph\":[{\"@type\":\"Article\",\"@id\":\"https:\/\/www.pressenza.com\/pt-pt\/2019\/11\/multidao-em-la-paz-contra-o-golpe-garante-o-mas-na-presidencia-da-camara-e-do-senado\/#article\",\"isPartOf\":{\"@id\":\"https:\/\/www.pressenza.com\/pt-pt\/2019\/11\/multidao-em-la-paz-contra-o-golpe-garante-o-mas-na-presidencia-da-camara-e-do-senado\/\"},\"author\":{\"name\":\"Di\u00e1logos do Sul\",\"@id\":\"https:\/\/www.pressenza.com\/pt-pt\/#\/schema\/person\/f5db8b1901dd28f015f3b715b642b274\"},\"headline\":\"Multid\u00e3o em La Paz contra o golpe garante o MAS na presid\u00eancia da C\u00e2mara e do Senado\",\"datePublished\":\"2019-11-17T08:48:26+00:00\",\"mainEntityOfPage\":{\"@id\":\"https:\/\/www.pressenza.com\/pt-pt\/2019\/11\/multidao-em-la-paz-contra-o-golpe-garante-o-mas-na-presidencia-da-camara-e-do-senado\/\"},\"wordCount\":764,\"publisher\":{\"@id\":\"https:\/\/www.pressenza.com\/pt-pt\/#organization\"},\"image\":{\"@id\":\"https:\/\/www.pressenza.com\/pt-pt\/2019\/11\/multidao-em-la-paz-contra-o-golpe-garante-o-mas-na-presidencia-da-camara-e-do-senado\/#primaryimage\"},\"thumbnailUrl\":\"https:\/\/www.pressenza.com\/wp-content\/uploads\/2019\/11\/NDZiZmZjNTA2ODI1NWZjNjY3MmZjOWQwMjRjOTQwNWFfY2ExOTFhMmQwMTNmMWNiZWUwZjNjMmY4OGRjMmQyMDMucG5n.png\",\"keywords\":[\"Central Oper\u00e1ria Boliviana\",\"Evo Morales\",\"golpe de estado\",\"La Paz\",\"Movimento Ao Socialismo\"],\"articleSection\":[\"\u00c1m\u00e9rica do Sul\",\"Direitos Humanos\",\"Internacional\"],\"inLanguage\":\"pt-PT\"},{\"@type\":\"WebPage\",\"@id\":\"https:\/\/www.pressenza.com\/pt-pt\/2019\/11\/multidao-em-la-paz-contra-o-golpe-garante-o-mas-na-presidencia-da-camara-e-do-senado\/\",\"url\":\"https:\/\/www.pressenza.com\/pt-pt\/2019\/11\/multidao-em-la-paz-contra-o-golpe-garante-o-mas-na-presidencia-da-camara-e-do-senado\/\",\"name\":\"Multid\u00e3o em La Paz contra o golpe garante o MAS na presid\u00eancia da C\u00e2mara e do Senado\",\"isPartOf\":{\"@id\":\"https:\/\/www.pressenza.com\/pt-pt\/#website\"},\"primaryImageOfPage\":{\"@id\":\"https:\/\/www.pressenza.com\/pt-pt\/2019\/11\/multidao-em-la-paz-contra-o-golpe-garante-o-mas-na-presidencia-da-camara-e-do-senado\/#primaryimage\"},\"image\":{\"@id\":\"https:\/\/www.pressenza.com\/pt-pt\/2019\/11\/multidao-em-la-paz-contra-o-golpe-garante-o-mas-na-presidencia-da-camara-e-do-senado\/#primaryimage\"},\"thumbnailUrl\":\"https:\/\/www.pressenza.com\/wp-content\/uploads\/2019\/11\/NDZiZmZjNTA2ODI1NWZjNjY3MmZjOWQwMjRjOTQwNWFfY2ExOTFhMmQwMTNmMWNiZWUwZjNjMmY4OGRjMmQyMDMucG5n.png\",\"datePublished\":\"2019-11-17T08:48:26+00:00\",\"description\":\"Defendendo o pleno restabelecimento da democracia, a Central Oper\u00e1ria Boliviana (COB) come\u00e7ou a paralisar as atividades e bloquear as rodovias do pa\u00eds\",\"breadcrumb\":{\"@id\":\"https:\/\/www.pressenza.com\/pt-pt\/2019\/11\/multidao-em-la-paz-contra-o-golpe-garante-o-mas-na-presidencia-da-camara-e-do-senado\/#breadcrumb\"},\"inLanguage\":\"pt-PT\",\"potentialAction\":[{\"@type\":\"ReadAction\",\"target\":[\"https:\/\/www.pressenza.com\/pt-pt\/2019\/11\/multidao-em-la-paz-contra-o-golpe-garante-o-mas-na-presidencia-da-camara-e-do-senado\/\"]}]},{\"@type\":\"ImageObject\",\"inLanguage\":\"pt-PT\",\"@id\":\"https:\/\/www.pressenza.com\/pt-pt\/2019\/11\/multidao-em-la-paz-contra-o-golpe-garante-o-mas-na-presidencia-da-camara-e-do-senado\/#primaryimage\",\"url\":\"https:\/\/www.pressenza.com\/wp-content\/uploads\/2019\/11\/NDZiZmZjNTA2ODI1NWZjNjY3MmZjOWQwMjRjOTQwNWFfY2ExOTFhMmQwMTNmMWNiZWUwZjNjMmY4OGRjMmQyMDMucG5n.png\",\"contentUrl\":\"https:\/\/www.pressenza.com\/wp-content\/uploads\/2019\/11\/NDZiZmZjNTA2ODI1NWZjNjY3MmZjOWQwMjRjOTQwNWFfY2ExOTFhMmQwMTNmMWNiZWUwZjNjMmY4OGRjMmQyMDMucG5n.png\",\"width\":833,\"height\":496},{\"@type\":\"BreadcrumbList\",\"@id\":\"https:\/\/www.pressenza.com\/pt-pt\/2019\/11\/multidao-em-la-paz-contra-o-golpe-garante-o-mas-na-presidencia-da-camara-e-do-senado\/#breadcrumb\",\"itemListElement\":[{\"@type\":\"ListItem\",\"position\":1,\"name\":\"Accueil\",\"item\":\"https:\/\/www.pressenza.com\/pt-pt\/\"},{\"@type\":\"ListItem\",\"position\":2,\"name\":\"Multid\u00e3o em La Paz contra o golpe garante o MAS na presid\u00eancia da C\u00e2mara e do Senado\"}]},{\"@type\":\"WebSite\",\"@id\":\"https:\/\/www.pressenza.com\/pt-pt\/#website\",\"url\":\"https:\/\/www.pressenza.com\/pt-pt\/\",\"name\":\"Pressenza\",\"description\":\"International Press Agency\",\"publisher\":{\"@id\":\"https:\/\/www.pressenza.com\/pt-pt\/#organization\"},\"potentialAction\":[{\"@type\":\"SearchAction\",\"target\":{\"@type\":\"EntryPoint\",\"urlTemplate\":\"https:\/\/www.pressenza.com\/pt-pt\/?s={search_term_string}\"},\"query-input\":{\"@type\":\"PropertyValueSpecification\",\"valueRequired\":true,\"valueName\":\"search_term_string\"}}],\"inLanguage\":\"pt-PT\"},{\"@type\":\"Organization\",\"@id\":\"https:\/\/www.pressenza.com\/pt-pt\/#organization\",\"name\":\"Pressenza\",\"url\":\"https:\/\/www.pressenza.com\/pt-pt\/\",\"logo\":{\"@type\":\"ImageObject\",\"inLanguage\":\"pt-PT\",\"@id\":\"https:\/\/www.pressenza.com\/pt-pt\/#\/schema\/logo\/image\/\",\"url\":\"https:\/\/www.pressenza.com\/wp-content\/uploads\/2022\/10\/pressenza_logo_200x200.jpg\",\"contentUrl\":\"https:\/\/www.pressenza.com\/wp-content\/uploads\/2022\/10\/pressenza_logo_200x200.jpg\",\"width\":200,\"height\":200,\"caption\":\"Pressenza\"},\"image\":{\"@id\":\"https:\/\/www.pressenza.com\/pt-pt\/#\/schema\/logo\/image\/\"},\"sameAs\":[\"https:\/\/www.facebook.com\/PressenzaItalia\",\"https:\/\/x.com\/PressenzaIPA\"]},{\"@type\":\"Person\",\"@id\":\"https:\/\/www.pressenza.com\/pt-pt\/#\/schema\/person\/f5db8b1901dd28f015f3b715b642b274\",\"name\":\"Di\u00e1logos do Sul\",\"sameAs\":[\"http:\/\/operamundi.uol.com.br\/dialogosdosul\"],\"url\":\"https:\/\/www.pressenza.com\/pt-pt\/author\/dialogos-do-sul\/\"}]}<\/script>\n<!-- \/ Yoast SEO plugin. -->","yoast_head_json":{"title":"Multid\u00e3o em La Paz contra o golpe garante o MAS na presid\u00eancia da C\u00e2mara e do Senado","description":"Defendendo o pleno restabelecimento da democracia, a Central Oper\u00e1ria Boliviana (COB) come\u00e7ou a paralisar as atividades e bloquear as rodovias do pa\u00eds","robots":{"index":"index","follow":"follow","max-snippet":"max-snippet:-1","max-image-preview":"max-image-preview:large","max-video-preview":"max-video-preview:-1"},"canonical":"https:\/\/www.pressenza.com\/pt-pt\/2019\/11\/multidao-em-la-paz-contra-o-golpe-garante-o-mas-na-presidencia-da-camara-e-do-senado\/","og_locale":"pt_PT","og_type":"article","og_title":"Multid\u00e3o em La Paz contra o golpe garante o MAS na presid\u00eancia da C\u00e2mara e do Senado","og_description":"Defendendo o pleno restabelecimento da democracia, a Central Oper\u00e1ria Boliviana (COB) come\u00e7ou a paralisar as atividades e bloquear as rodovias do pa\u00eds","og_url":"https:\/\/www.pressenza.com\/pt-pt\/2019\/11\/multidao-em-la-paz-contra-o-golpe-garante-o-mas-na-presidencia-da-camara-e-do-senado\/","og_site_name":"Pressenza","article_publisher":"https:\/\/www.facebook.com\/PressenzaItalia","article_published_time":"2019-11-17T08:48:26+00:00","og_image":[{"width":833,"height":496,"url":"https:\/\/www.pressenza.com\/wp-content\/uploads\/2019\/11\/NDZiZmZjNTA2ODI1NWZjNjY3MmZjOWQwMjRjOTQwNWFfY2ExOTFhMmQwMTNmMWNiZWUwZjNjMmY4OGRjMmQyMDMucG5n.png","type":"image\/png"}],"author":"Di\u00e1logos do Sul","twitter_card":"summary_large_image","twitter_creator":"@PressenzaIPA","twitter_site":"@PressenzaIPA","twitter_misc":{"Escrito por":"Di\u00e1logos do Sul","Tempo estimado de leitura":"4 minutos"},"schema":{"@context":"https:\/\/schema.org","@graph":[{"@type":"Article","@id":"https:\/\/www.pressenza.com\/pt-pt\/2019\/11\/multidao-em-la-paz-contra-o-golpe-garante-o-mas-na-presidencia-da-camara-e-do-senado\/#article","isPartOf":{"@id":"https:\/\/www.pressenza.com\/pt-pt\/2019\/11\/multidao-em-la-paz-contra-o-golpe-garante-o-mas-na-presidencia-da-camara-e-do-senado\/"},"author":{"name":"Di\u00e1logos do Sul","@id":"https:\/\/www.pressenza.com\/pt-pt\/#\/schema\/person\/f5db8b1901dd28f015f3b715b642b274"},"headline":"Multid\u00e3o em La Paz contra o golpe garante o MAS na presid\u00eancia da C\u00e2mara e do Senado","datePublished":"2019-11-17T08:48:26+00:00","mainEntityOfPage":{"@id":"https:\/\/www.pressenza.com\/pt-pt\/2019\/11\/multidao-em-la-paz-contra-o-golpe-garante-o-mas-na-presidencia-da-camara-e-do-senado\/"},"wordCount":764,"publisher":{"@id":"https:\/\/www.pressenza.com\/pt-pt\/#organization"},"image":{"@id":"https:\/\/www.pressenza.com\/pt-pt\/2019\/11\/multidao-em-la-paz-contra-o-golpe-garante-o-mas-na-presidencia-da-camara-e-do-senado\/#primaryimage"},"thumbnailUrl":"https:\/\/www.pressenza.com\/wp-content\/uploads\/2019\/11\/NDZiZmZjNTA2ODI1NWZjNjY3MmZjOWQwMjRjOTQwNWFfY2ExOTFhMmQwMTNmMWNiZWUwZjNjMmY4OGRjMmQyMDMucG5n.png","keywords":["Central Oper\u00e1ria Boliviana","Evo Morales","golpe de estado","La Paz","Movimento Ao Socialismo"],"articleSection":["\u00c1m\u00e9rica do Sul","Direitos Humanos","Internacional"],"inLanguage":"pt-PT"},{"@type":"WebPage","@id":"https:\/\/www.pressenza.com\/pt-pt\/2019\/11\/multidao-em-la-paz-contra-o-golpe-garante-o-mas-na-presidencia-da-camara-e-do-senado\/","url":"https:\/\/www.pressenza.com\/pt-pt\/2019\/11\/multidao-em-la-paz-contra-o-golpe-garante-o-mas-na-presidencia-da-camara-e-do-senado\/","name":"Multid\u00e3o em La Paz contra o golpe garante o MAS na presid\u00eancia da C\u00e2mara e do Senado","isPartOf":{"@id":"https:\/\/www.pressenza.com\/pt-pt\/#website"},"primaryImageOfPage":{"@id":"https:\/\/www.pressenza.com\/pt-pt\/2019\/11\/multidao-em-la-paz-contra-o-golpe-garante-o-mas-na-presidencia-da-camara-e-do-senado\/#primaryimage"},"image":{"@id":"https:\/\/www.pressenza.com\/pt-pt\/2019\/11\/multidao-em-la-paz-contra-o-golpe-garante-o-mas-na-presidencia-da-camara-e-do-senado\/#primaryimage"},"thumbnailUrl":"https:\/\/www.pressenza.com\/wp-content\/uploads\/2019\/11\/NDZiZmZjNTA2ODI1NWZjNjY3MmZjOWQwMjRjOTQwNWFfY2ExOTFhMmQwMTNmMWNiZWUwZjNjMmY4OGRjMmQyMDMucG5n.png","datePublished":"2019-11-17T08:48:26+00:00","description":"Defendendo o pleno restabelecimento da democracia, a Central Oper\u00e1ria Boliviana (COB) come\u00e7ou a paralisar as atividades e bloquear as rodovias do pa\u00eds","breadcrumb":{"@id":"https:\/\/www.pressenza.com\/pt-pt\/2019\/11\/multidao-em-la-paz-contra-o-golpe-garante-o-mas-na-presidencia-da-camara-e-do-senado\/#breadcrumb"},"inLanguage":"pt-PT","potentialAction":[{"@type":"ReadAction","target":["https:\/\/www.pressenza.com\/pt-pt\/2019\/11\/multidao-em-la-paz-contra-o-golpe-garante-o-mas-na-presidencia-da-camara-e-do-senado\/"]}]},{"@type":"ImageObject","inLanguage":"pt-PT","@id":"https:\/\/www.pressenza.com\/pt-pt\/2019\/11\/multidao-em-la-paz-contra-o-golpe-garante-o-mas-na-presidencia-da-camara-e-do-senado\/#primaryimage","url":"https:\/\/www.pressenza.com\/wp-content\/uploads\/2019\/11\/NDZiZmZjNTA2ODI1NWZjNjY3MmZjOWQwMjRjOTQwNWFfY2ExOTFhMmQwMTNmMWNiZWUwZjNjMmY4OGRjMmQyMDMucG5n.png","contentUrl":"https:\/\/www.pressenza.com\/wp-content\/uploads\/2019\/11\/NDZiZmZjNTA2ODI1NWZjNjY3MmZjOWQwMjRjOTQwNWFfY2ExOTFhMmQwMTNmMWNiZWUwZjNjMmY4OGRjMmQyMDMucG5n.png","width":833,"height":496},{"@type":"BreadcrumbList","@id":"https:\/\/www.pressenza.com\/pt-pt\/2019\/11\/multidao-em-la-paz-contra-o-golpe-garante-o-mas-na-presidencia-da-camara-e-do-senado\/#breadcrumb","itemListElement":[{"@type":"ListItem","position":1,"name":"Accueil","item":"https:\/\/www.pressenza.com\/pt-pt\/"},{"@type":"ListItem","position":2,"name":"Multid\u00e3o em La Paz contra o golpe garante o MAS na presid\u00eancia da C\u00e2mara e do Senado"}]},{"@type":"WebSite","@id":"https:\/\/www.pressenza.com\/pt-pt\/#website","url":"https:\/\/www.pressenza.com\/pt-pt\/","name":"Pressenza","description":"International Press Agency","publisher":{"@id":"https:\/\/www.pressenza.com\/pt-pt\/#organization"},"potentialAction":[{"@type":"SearchAction","target":{"@type":"EntryPoint","urlTemplate":"https:\/\/www.pressenza.com\/pt-pt\/?s={search_term_string}"},"query-input":{"@type":"PropertyValueSpecification","valueRequired":true,"valueName":"search_term_string"}}],"inLanguage":"pt-PT"},{"@type":"Organization","@id":"https:\/\/www.pressenza.com\/pt-pt\/#organization","name":"Pressenza","url":"https:\/\/www.pressenza.com\/pt-pt\/","logo":{"@type":"ImageObject","inLanguage":"pt-PT","@id":"https:\/\/www.pressenza.com\/pt-pt\/#\/schema\/logo\/image\/","url":"https:\/\/www.pressenza.com\/wp-content\/uploads\/2022\/10\/pressenza_logo_200x200.jpg","contentUrl":"https:\/\/www.pressenza.com\/wp-content\/uploads\/2022\/10\/pressenza_logo_200x200.jpg","width":200,"height":200,"caption":"Pressenza"},"image":{"@id":"https:\/\/www.pressenza.com\/pt-pt\/#\/schema\/logo\/image\/"},"sameAs":["https:\/\/www.facebook.com\/PressenzaItalia","https:\/\/x.com\/PressenzaIPA"]},{"@type":"Person","@id":"https:\/\/www.pressenza.com\/pt-pt\/#\/schema\/person\/f5db8b1901dd28f015f3b715b642b274","name":"Di\u00e1logos do Sul","sameAs":["http:\/\/operamundi.uol.com.br\/dialogosdosul"],"url":"https:\/\/www.pressenza.com\/pt-pt\/author\/dialogos-do-sul\/"}]}},"place":"La Paz, Bol\u00edvia","original_article_url":"https:\/\/dialogosdosul.operamundi.uol.com.br\/america-latina\/61670\/multidao-em-la-paz-contra-o-golpe-garante-o-mas-na-presidencia-da-camara-e-do-senado","_links":{"self":[{"href":"https:\/\/www.pressenza.com\/pt-pt\/wp-json\/wp\/v2\/posts\/973674","targetHints":{"allow":["GET"]}}],"collection":[{"href":"https:\/\/www.pressenza.com\/pt-pt\/wp-json\/wp\/v2\/posts"}],"about":[{"href":"https:\/\/www.pressenza.com\/pt-pt\/wp-json\/wp\/v2\/types\/post"}],"author":[{"embeddable":true,"href":"https:\/\/www.pressenza.com\/pt-pt\/wp-json\/wp\/v2\/users\/1360"}],"replies":[{"embeddable":true,"href":"https:\/\/www.pressenza.com\/pt-pt\/wp-json\/wp\/v2\/comments?post=973674"}],"version-history":[{"count":0,"href":"https:\/\/www.pressenza.com\/pt-pt\/wp-json\/wp\/v2\/posts\/973674\/revisions"}],"wp:featuredmedia":[{"embeddable":true,"href":"https:\/\/www.pressenza.com\/pt-pt\/wp-json\/wp\/v2\/media\/973675"}],"wp:attachment":[{"href":"https:\/\/www.pressenza.com\/pt-pt\/wp-json\/wp\/v2\/media?parent=973674"}],"wp:term":[{"taxonomy":"category","embeddable":true,"href":"https:\/\/www.pressenza.com\/pt-pt\/wp-json\/wp\/v2\/categories?post=973674"},{"taxonomy":"post_tag","embeddable":true,"href":"https:\/\/www.pressenza.com\/pt-pt\/wp-json\/wp\/v2\/tags?post=973674"}],"curies":[{"name":"wp","href":"https:\/\/api.w.org\/{rel}","templated":true}]}}