{"id":972432,"date":"2019-11-15T18:29:42","date_gmt":"2019-11-15T18:29:42","guid":{"rendered":"https:\/\/www.pressenza.com\/?p=972432"},"modified":"2019-11-15T18:29:42","modified_gmt":"2019-11-15T18:29:42","slug":"eua-isolado-da-comunidade-internacional-que-pede-o-fim-do-bloqueio","status":"publish","type":"post","link":"https:\/\/www.pressenza.com\/pt-pt\/2019\/11\/eua-isolado-da-comunidade-internacional-que-pede-o-fim-do-bloqueio\/","title":{"rendered":"EUA isolado da comunidade internacional que pede o fim do bloqueio"},"content":{"rendered":"<p><span class=\"autor\">Por Ibis Frade Brito<\/span><\/p>\n<p>Mais uma vez, o governo de Estados Unidos se encontra hoje isolado da comunidade internacional, que voltou a recusar a sua pol\u00edtica hostil para Cuba e exigiu na ONU o fim do bloqueio que mantem sobre essa ilha.<\/p>\n<p>Cuba recebeu um imenso apoio maiorit\u00e1rio da Assembleia Geral das Na\u00e7\u00f5es Unidas com a aprova\u00e7\u00e3o do projeto de resolu\u00e7\u00e3o &#8216;Necessidade de p\u00f4r fim ao bloqueio econ\u00f3mico, comercial e financeiro imposto por Estados Unidos de Am\u00e9rica contra Cuba&#8217;.<\/p>\n<p>Demostrou-se mais uma vez o ineg\u00e1vel isolamento de Washington, suas brutais press\u00f5es refletem a bancarrota moral e a podredumbre de seu atual governo, assinalou o chanceler cubano, Bruno Rodr\u00edguez, no seu Twitter.<\/p>\n<p>A vota\u00e7\u00e3o na Assembleia Geral da ONU foi outra contundente vit\u00f3ria de Cuba, e de seu heroico povo,\u00e9 mesmo um triunfo da verdade e a justi\u00e7a: 187 pa\u00edses da ONU votaram por o fim do bloqueio, frisou.<\/p>\n<p>O governo de Jair Bolsonaro quebrou a tradi\u00e7\u00e3o diplom\u00e1tica do Brasil e se alinhou com \u00e0 vontade de EUA votando contra a resolu\u00e7\u00e3o que pede o fim do bloqueio.<\/p>\n<p>Os outros que se opuseram foram o pr\u00f3prio Estados Unidos e, como j\u00e1 \u00e9 h\u00e1bito, seu parceiro Israel. E, Col\u00f4mbia e Ucr\u00e2nia se abstiveram.<\/p>\n<p>Segundo denunciou o chanceler cubano, as autoridades norte-americanas exerceram grandes press\u00f5es e chantagens visando mudar o hist\u00f3rico padr\u00e3o de vota\u00e7\u00e3o em favor da resolu\u00e7\u00e3o que pede o fim do bloqueio.<\/p>\n<p>Na Assembleia Geral da ONU, a declara\u00e7\u00e3o estadunidense expressou, com grande cinismo, que seu governo apoia o povo cubano, quando s\u00e3o eles os respons\u00e1veis de impor pen\u00farias a toda essa popula\u00e7\u00e3o, denunciou o ministro das Rela\u00e7\u00f5es Exteriores.<\/p>\n<p>Rodr\u00edguez acusou a essa representa\u00e7\u00e3o de mentir e falsear dados sobre &#8216;supostas licen\u00e7as para opera\u00e7\u00f5es de vendas de medicamentos e alimentos a Cuba, que muito dificilmente chegam a concretar-se&#8217;.<\/p>\n<p>A delega\u00e7\u00e3o de Estados Unidos deveria explicar nesta Assembleia as condi\u00e7\u00f5es que imp\u00f5e \u00e0s compras cubanas: n\u00e3o h\u00e1 acesso aos cr\u00e9ditos, nem oficiais nem privados, se deve pagar ao contado quando a mercadoria chegar ao porto se persegue os bancos que manejam as nossas transa\u00e7\u00f5es e n\u00e3o se podem utilizar embarca\u00e7\u00f5es da ilha, assinalou.<\/p>\n<p>O bloqueio norte-americano provoca preju\u00edzos humanit\u00e1rios incalcul\u00e1veis, constitui uma viola\u00e7\u00e3o flagrante, maci\u00e7a e sistem\u00e1tica dos direitos humanos de todo um povo, salientou. &#8216;O governo de Estados Unidos sim \u00e9 respons\u00e1vel&#8217;.<\/p>\n<p>Desde 1992, o maior organismo das Na\u00e7\u00f5es Unidas se tem manifestado contra o bloqueio, mas, o governo de Estados Unidos continua a ignorar \u00e0 comunidade internacional e mantem a sua pol\u00edtica hostil contra a mor das Antilhas.<\/p>\n<p>At\u00e9 hoje, o bloqueio estadunidense contra a ilha aparece como o sistema de san\u00e7\u00f5es unilaterais mais injusto, severo e prolongado que se aplicar contra pa\u00eds algum.<\/p>\n<p>&nbsp;<\/p>\n","protected":false},"excerpt":{"rendered":"<p>Por Ibis Frade Brito Mais uma vez, o governo de Estados Unidos se encontra hoje isolado da comunidade internacional, que voltou a recusar a sua pol\u00edtica hostil para Cuba e exigiu na ONU o fim do bloqueio que mantem sobre&hellip;<\/p>\n","protected":false},"author":90,"featured_media":972443,"comment_status":"closed","ping_status":"closed","sticky":false,"template":"","format":"standard","meta":{"footnotes":""},"categories":[116,42,165],"tags":[6765,19168,67003],"class_list":["post-972432","post","type-post","status-publish","format-standard","has-post-thumbnail","hentry","category-direitos-humanos","category-internacional-2","category-opiniao","tag-cuba-pt-pt","tag-estados-unidos","tag-fim-do-bloqueio"],"yoast_head":"<!-- This site is optimized with the Yoast SEO plugin v27.1.1 - https:\/\/yoast.com\/product\/yoast-seo-wordpress\/ -->\n<title>EUA isolado da comunidade internacional que pede o fim do bloqueio<\/title>\n<meta name=\"description\" content=\"Por Ibis Frade Brito Mais uma vez, o governo de Estados Unidos se encontra hoje isolado da comunidade internacional, que voltou a recusar a sua pol\u00edtica\" \/>\n<meta name=\"robots\" content=\"index, follow, max-snippet:-1, max-image-preview:large, max-video-preview:-1\" \/>\n<link rel=\"canonical\" href=\"https:\/\/www.pressenza.com\/pt-pt\/2019\/11\/eua-isolado-da-comunidade-internacional-que-pede-o-fim-do-bloqueio\/\" \/>\n<meta property=\"og:locale\" content=\"pt_PT\" \/>\n<meta property=\"og:type\" content=\"article\" \/>\n<meta property=\"og:title\" content=\"EUA isolado da comunidade internacional que pede o fim do bloqueio\" \/>\n<meta property=\"og:description\" content=\"Por Ibis Frade Brito Mais uma vez, o governo de Estados Unidos se encontra hoje isolado da comunidade internacional, que voltou a recusar a sua pol\u00edtica\" \/>\n<meta property=\"og:url\" content=\"https:\/\/www.pressenza.com\/pt-pt\/2019\/11\/eua-isolado-da-comunidade-internacional-que-pede-o-fim-do-bloqueio\/\" \/>\n<meta property=\"og:site_name\" content=\"Pressenza\" \/>\n<meta property=\"article:publisher\" content=\"https:\/\/www.facebook.com\/PressenzaItalia\" \/>\n<meta property=\"article:author\" content=\"https:\/\/www.facebook.com\/AgenciaPrensaLatina\" \/>\n<meta property=\"article:published_time\" content=\"2019-11-15T18:29:42+00:00\" \/>\n<meta property=\"og:image\" content=\"https:\/\/www.pressenza.com\/wp-content\/uploads\/2019\/11\/Bloqueo.jpg\" \/>\n\t<meta property=\"og:image:width\" content=\"748\" \/>\n\t<meta property=\"og:image:height\" content=\"498\" \/>\n\t<meta property=\"og:image:type\" content=\"image\/jpeg\" \/>\n<meta name=\"author\" content=\"Prensa Latina\" \/>\n<meta name=\"twitter:card\" content=\"summary_large_image\" \/>\n<meta name=\"twitter:creator\" content=\"@prensalatina_cu\" \/>\n<meta name=\"twitter:site\" content=\"@PressenzaIPA\" \/>\n<meta name=\"twitter:label1\" content=\"Escrito por\" \/>\n\t<meta name=\"twitter:data1\" content=\"Prensa Latina\" \/>\n\t<meta name=\"twitter:label2\" content=\"Tempo estimado de leitura\" \/>\n\t<meta name=\"twitter:data2\" content=\"2 minutos\" \/>\n<script type=\"application\/ld+json\" class=\"yoast-schema-graph\">{\"@context\":\"https:\/\/schema.org\",\"@graph\":[{\"@type\":\"Article\",\"@id\":\"https:\/\/www.pressenza.com\/pt-pt\/2019\/11\/eua-isolado-da-comunidade-internacional-que-pede-o-fim-do-bloqueio\/#article\",\"isPartOf\":{\"@id\":\"https:\/\/www.pressenza.com\/pt-pt\/2019\/11\/eua-isolado-da-comunidade-internacional-que-pede-o-fim-do-bloqueio\/\"},\"author\":{\"name\":\"Prensa Latina\",\"@id\":\"https:\/\/www.pressenza.com\/pt-pt\/#\/schema\/person\/e35c78ffa242d98f4f49ccb18c8631de\"},\"headline\":\"EUA isolado da comunidade internacional que pede o fim do bloqueio\",\"datePublished\":\"2019-11-15T18:29:42+00:00\",\"mainEntityOfPage\":{\"@id\":\"https:\/\/www.pressenza.com\/pt-pt\/2019\/11\/eua-isolado-da-comunidade-internacional-que-pede-o-fim-do-bloqueio\/\"},\"wordCount\":506,\"publisher\":{\"@id\":\"https:\/\/www.pressenza.com\/pt-pt\/#organization\"},\"image\":{\"@id\":\"https:\/\/www.pressenza.com\/pt-pt\/2019\/11\/eua-isolado-da-comunidade-internacional-que-pede-o-fim-do-bloqueio\/#primaryimage\"},\"thumbnailUrl\":\"https:\/\/www.pressenza.com\/wp-content\/uploads\/2019\/11\/Bloqueo.jpg\",\"keywords\":[\"Cuba\",\"Estados Unidos\",\"fim do bloqueio\"],\"articleSection\":[\"Direitos Humanos\",\"Internacional\",\"Opini\u00e3o\"],\"inLanguage\":\"pt-PT\"},{\"@type\":\"WebPage\",\"@id\":\"https:\/\/www.pressenza.com\/pt-pt\/2019\/11\/eua-isolado-da-comunidade-internacional-que-pede-o-fim-do-bloqueio\/\",\"url\":\"https:\/\/www.pressenza.com\/pt-pt\/2019\/11\/eua-isolado-da-comunidade-internacional-que-pede-o-fim-do-bloqueio\/\",\"name\":\"EUA isolado da comunidade internacional que pede o fim do bloqueio\",\"isPartOf\":{\"@id\":\"https:\/\/www.pressenza.com\/pt-pt\/#website\"},\"primaryImageOfPage\":{\"@id\":\"https:\/\/www.pressenza.com\/pt-pt\/2019\/11\/eua-isolado-da-comunidade-internacional-que-pede-o-fim-do-bloqueio\/#primaryimage\"},\"image\":{\"@id\":\"https:\/\/www.pressenza.com\/pt-pt\/2019\/11\/eua-isolado-da-comunidade-internacional-que-pede-o-fim-do-bloqueio\/#primaryimage\"},\"thumbnailUrl\":\"https:\/\/www.pressenza.com\/wp-content\/uploads\/2019\/11\/Bloqueo.jpg\",\"datePublished\":\"2019-11-15T18:29:42+00:00\",\"description\":\"Por Ibis Frade Brito Mais uma vez, o governo de Estados Unidos se encontra hoje isolado da comunidade internacional, que voltou a recusar a sua pol\u00edtica\",\"breadcrumb\":{\"@id\":\"https:\/\/www.pressenza.com\/pt-pt\/2019\/11\/eua-isolado-da-comunidade-internacional-que-pede-o-fim-do-bloqueio\/#breadcrumb\"},\"inLanguage\":\"pt-PT\",\"potentialAction\":[{\"@type\":\"ReadAction\",\"target\":[\"https:\/\/www.pressenza.com\/pt-pt\/2019\/11\/eua-isolado-da-comunidade-internacional-que-pede-o-fim-do-bloqueio\/\"]}]},{\"@type\":\"ImageObject\",\"inLanguage\":\"pt-PT\",\"@id\":\"https:\/\/www.pressenza.com\/pt-pt\/2019\/11\/eua-isolado-da-comunidade-internacional-que-pede-o-fim-do-bloqueio\/#primaryimage\",\"url\":\"https:\/\/www.pressenza.com\/wp-content\/uploads\/2019\/11\/Bloqueo.jpg\",\"contentUrl\":\"https:\/\/www.pressenza.com\/wp-content\/uploads\/2019\/11\/Bloqueo.jpg\",\"width\":748,\"height\":498},{\"@type\":\"BreadcrumbList\",\"@id\":\"https:\/\/www.pressenza.com\/pt-pt\/2019\/11\/eua-isolado-da-comunidade-internacional-que-pede-o-fim-do-bloqueio\/#breadcrumb\",\"itemListElement\":[{\"@type\":\"ListItem\",\"position\":1,\"name\":\"Accueil\",\"item\":\"https:\/\/www.pressenza.com\/pt-pt\/\"},{\"@type\":\"ListItem\",\"position\":2,\"name\":\"EUA isolado da comunidade internacional que pede o fim do bloqueio\"}]},{\"@type\":\"WebSite\",\"@id\":\"https:\/\/www.pressenza.com\/pt-pt\/#website\",\"url\":\"https:\/\/www.pressenza.com\/pt-pt\/\",\"name\":\"Pressenza\",\"description\":\"International Press Agency\",\"publisher\":{\"@id\":\"https:\/\/www.pressenza.com\/pt-pt\/#organization\"},\"potentialAction\":[{\"@type\":\"SearchAction\",\"target\":{\"@type\":\"EntryPoint\",\"urlTemplate\":\"https:\/\/www.pressenza.com\/pt-pt\/?s={search_term_string}\"},\"query-input\":{\"@type\":\"PropertyValueSpecification\",\"valueRequired\":true,\"valueName\":\"search_term_string\"}}],\"inLanguage\":\"pt-PT\"},{\"@type\":\"Organization\",\"@id\":\"https:\/\/www.pressenza.com\/pt-pt\/#organization\",\"name\":\"Pressenza\",\"url\":\"https:\/\/www.pressenza.com\/pt-pt\/\",\"logo\":{\"@type\":\"ImageObject\",\"inLanguage\":\"pt-PT\",\"@id\":\"https:\/\/www.pressenza.com\/pt-pt\/#\/schema\/logo\/image\/\",\"url\":\"https:\/\/www.pressenza.com\/wp-content\/uploads\/2022\/10\/pressenza_logo_200x200.jpg\",\"contentUrl\":\"https:\/\/www.pressenza.com\/wp-content\/uploads\/2022\/10\/pressenza_logo_200x200.jpg\",\"width\":200,\"height\":200,\"caption\":\"Pressenza\"},\"image\":{\"@id\":\"https:\/\/www.pressenza.com\/pt-pt\/#\/schema\/logo\/image\/\"},\"sameAs\":[\"https:\/\/www.facebook.com\/PressenzaItalia\",\"https:\/\/x.com\/PressenzaIPA\"]},{\"@type\":\"Person\",\"@id\":\"https:\/\/www.pressenza.com\/pt-pt\/#\/schema\/person\/e35c78ffa242d98f4f49ccb18c8631de\",\"name\":\"Prensa Latina\",\"description\":\"www.prensa-latina.cu\",\"sameAs\":[\"https:\/\/www.facebook.com\/AgenciaPrensaLatina\",\"https:\/\/x.com\/prensalatina_cu\"],\"url\":\"https:\/\/www.pressenza.com\/pt-pt\/author\/prensa-latina\/\"}]}<\/script>\n<!-- \/ Yoast SEO plugin. -->","yoast_head_json":{"title":"EUA isolado da comunidade internacional que pede o fim do bloqueio","description":"Por Ibis Frade Brito Mais uma vez, o governo de Estados Unidos se encontra hoje isolado da comunidade internacional, que voltou a recusar a sua pol\u00edtica","robots":{"index":"index","follow":"follow","max-snippet":"max-snippet:-1","max-image-preview":"max-image-preview:large","max-video-preview":"max-video-preview:-1"},"canonical":"https:\/\/www.pressenza.com\/pt-pt\/2019\/11\/eua-isolado-da-comunidade-internacional-que-pede-o-fim-do-bloqueio\/","og_locale":"pt_PT","og_type":"article","og_title":"EUA isolado da comunidade internacional que pede o fim do bloqueio","og_description":"Por Ibis Frade Brito Mais uma vez, o governo de Estados Unidos se encontra hoje isolado da comunidade internacional, que voltou a recusar a sua pol\u00edtica","og_url":"https:\/\/www.pressenza.com\/pt-pt\/2019\/11\/eua-isolado-da-comunidade-internacional-que-pede-o-fim-do-bloqueio\/","og_site_name":"Pressenza","article_publisher":"https:\/\/www.facebook.com\/PressenzaItalia","article_author":"https:\/\/www.facebook.com\/AgenciaPrensaLatina","article_published_time":"2019-11-15T18:29:42+00:00","og_image":[{"width":748,"height":498,"url":"https:\/\/www.pressenza.com\/wp-content\/uploads\/2019\/11\/Bloqueo.jpg","type":"image\/jpeg"}],"author":"Prensa Latina","twitter_card":"summary_large_image","twitter_creator":"@prensalatina_cu","twitter_site":"@PressenzaIPA","twitter_misc":{"Escrito por":"Prensa Latina","Tempo estimado de leitura":"2 minutos"},"schema":{"@context":"https:\/\/schema.org","@graph":[{"@type":"Article","@id":"https:\/\/www.pressenza.com\/pt-pt\/2019\/11\/eua-isolado-da-comunidade-internacional-que-pede-o-fim-do-bloqueio\/#article","isPartOf":{"@id":"https:\/\/www.pressenza.com\/pt-pt\/2019\/11\/eua-isolado-da-comunidade-internacional-que-pede-o-fim-do-bloqueio\/"},"author":{"name":"Prensa Latina","@id":"https:\/\/www.pressenza.com\/pt-pt\/#\/schema\/person\/e35c78ffa242d98f4f49ccb18c8631de"},"headline":"EUA isolado da comunidade internacional que pede o fim do bloqueio","datePublished":"2019-11-15T18:29:42+00:00","mainEntityOfPage":{"@id":"https:\/\/www.pressenza.com\/pt-pt\/2019\/11\/eua-isolado-da-comunidade-internacional-que-pede-o-fim-do-bloqueio\/"},"wordCount":506,"publisher":{"@id":"https:\/\/www.pressenza.com\/pt-pt\/#organization"},"image":{"@id":"https:\/\/www.pressenza.com\/pt-pt\/2019\/11\/eua-isolado-da-comunidade-internacional-que-pede-o-fim-do-bloqueio\/#primaryimage"},"thumbnailUrl":"https:\/\/www.pressenza.com\/wp-content\/uploads\/2019\/11\/Bloqueo.jpg","keywords":["Cuba","Estados Unidos","fim do bloqueio"],"articleSection":["Direitos Humanos","Internacional","Opini\u00e3o"],"inLanguage":"pt-PT"},{"@type":"WebPage","@id":"https:\/\/www.pressenza.com\/pt-pt\/2019\/11\/eua-isolado-da-comunidade-internacional-que-pede-o-fim-do-bloqueio\/","url":"https:\/\/www.pressenza.com\/pt-pt\/2019\/11\/eua-isolado-da-comunidade-internacional-que-pede-o-fim-do-bloqueio\/","name":"EUA isolado da comunidade internacional que pede o fim do bloqueio","isPartOf":{"@id":"https:\/\/www.pressenza.com\/pt-pt\/#website"},"primaryImageOfPage":{"@id":"https:\/\/www.pressenza.com\/pt-pt\/2019\/11\/eua-isolado-da-comunidade-internacional-que-pede-o-fim-do-bloqueio\/#primaryimage"},"image":{"@id":"https:\/\/www.pressenza.com\/pt-pt\/2019\/11\/eua-isolado-da-comunidade-internacional-que-pede-o-fim-do-bloqueio\/#primaryimage"},"thumbnailUrl":"https:\/\/www.pressenza.com\/wp-content\/uploads\/2019\/11\/Bloqueo.jpg","datePublished":"2019-11-15T18:29:42+00:00","description":"Por Ibis Frade Brito Mais uma vez, o governo de Estados Unidos se encontra hoje isolado da comunidade internacional, que voltou a recusar a sua pol\u00edtica","breadcrumb":{"@id":"https:\/\/www.pressenza.com\/pt-pt\/2019\/11\/eua-isolado-da-comunidade-internacional-que-pede-o-fim-do-bloqueio\/#breadcrumb"},"inLanguage":"pt-PT","potentialAction":[{"@type":"ReadAction","target":["https:\/\/www.pressenza.com\/pt-pt\/2019\/11\/eua-isolado-da-comunidade-internacional-que-pede-o-fim-do-bloqueio\/"]}]},{"@type":"ImageObject","inLanguage":"pt-PT","@id":"https:\/\/www.pressenza.com\/pt-pt\/2019\/11\/eua-isolado-da-comunidade-internacional-que-pede-o-fim-do-bloqueio\/#primaryimage","url":"https:\/\/www.pressenza.com\/wp-content\/uploads\/2019\/11\/Bloqueo.jpg","contentUrl":"https:\/\/www.pressenza.com\/wp-content\/uploads\/2019\/11\/Bloqueo.jpg","width":748,"height":498},{"@type":"BreadcrumbList","@id":"https:\/\/www.pressenza.com\/pt-pt\/2019\/11\/eua-isolado-da-comunidade-internacional-que-pede-o-fim-do-bloqueio\/#breadcrumb","itemListElement":[{"@type":"ListItem","position":1,"name":"Accueil","item":"https:\/\/www.pressenza.com\/pt-pt\/"},{"@type":"ListItem","position":2,"name":"EUA isolado da comunidade internacional que pede o fim do bloqueio"}]},{"@type":"WebSite","@id":"https:\/\/www.pressenza.com\/pt-pt\/#website","url":"https:\/\/www.pressenza.com\/pt-pt\/","name":"Pressenza","description":"International Press Agency","publisher":{"@id":"https:\/\/www.pressenza.com\/pt-pt\/#organization"},"potentialAction":[{"@type":"SearchAction","target":{"@type":"EntryPoint","urlTemplate":"https:\/\/www.pressenza.com\/pt-pt\/?s={search_term_string}"},"query-input":{"@type":"PropertyValueSpecification","valueRequired":true,"valueName":"search_term_string"}}],"inLanguage":"pt-PT"},{"@type":"Organization","@id":"https:\/\/www.pressenza.com\/pt-pt\/#organization","name":"Pressenza","url":"https:\/\/www.pressenza.com\/pt-pt\/","logo":{"@type":"ImageObject","inLanguage":"pt-PT","@id":"https:\/\/www.pressenza.com\/pt-pt\/#\/schema\/logo\/image\/","url":"https:\/\/www.pressenza.com\/wp-content\/uploads\/2022\/10\/pressenza_logo_200x200.jpg","contentUrl":"https:\/\/www.pressenza.com\/wp-content\/uploads\/2022\/10\/pressenza_logo_200x200.jpg","width":200,"height":200,"caption":"Pressenza"},"image":{"@id":"https:\/\/www.pressenza.com\/pt-pt\/#\/schema\/logo\/image\/"},"sameAs":["https:\/\/www.facebook.com\/PressenzaItalia","https:\/\/x.com\/PressenzaIPA"]},{"@type":"Person","@id":"https:\/\/www.pressenza.com\/pt-pt\/#\/schema\/person\/e35c78ffa242d98f4f49ccb18c8631de","name":"Prensa Latina","description":"www.prensa-latina.cu","sameAs":["https:\/\/www.facebook.com\/AgenciaPrensaLatina","https:\/\/x.com\/prensalatina_cu"],"url":"https:\/\/www.pressenza.com\/pt-pt\/author\/prensa-latina\/"}]}},"place":"","original_article_url":"https:\/\/www.prensalatina.com.br\/index.php?o=rn&id=27154&SEO=eua-isolado-da-comunidade-internacional-que-pede-o-fim-do-bloqueio","_links":{"self":[{"href":"https:\/\/www.pressenza.com\/pt-pt\/wp-json\/wp\/v2\/posts\/972432","targetHints":{"allow":["GET"]}}],"collection":[{"href":"https:\/\/www.pressenza.com\/pt-pt\/wp-json\/wp\/v2\/posts"}],"about":[{"href":"https:\/\/www.pressenza.com\/pt-pt\/wp-json\/wp\/v2\/types\/post"}],"author":[{"embeddable":true,"href":"https:\/\/www.pressenza.com\/pt-pt\/wp-json\/wp\/v2\/users\/90"}],"replies":[{"embeddable":true,"href":"https:\/\/www.pressenza.com\/pt-pt\/wp-json\/wp\/v2\/comments?post=972432"}],"version-history":[{"count":0,"href":"https:\/\/www.pressenza.com\/pt-pt\/wp-json\/wp\/v2\/posts\/972432\/revisions"}],"wp:featuredmedia":[{"embeddable":true,"href":"https:\/\/www.pressenza.com\/pt-pt\/wp-json\/wp\/v2\/media\/972443"}],"wp:attachment":[{"href":"https:\/\/www.pressenza.com\/pt-pt\/wp-json\/wp\/v2\/media?parent=972432"}],"wp:term":[{"taxonomy":"category","embeddable":true,"href":"https:\/\/www.pressenza.com\/pt-pt\/wp-json\/wp\/v2\/categories?post=972432"},{"taxonomy":"post_tag","embeddable":true,"href":"https:\/\/www.pressenza.com\/pt-pt\/wp-json\/wp\/v2\/tags?post=972432"}],"curies":[{"name":"wp","href":"https:\/\/api.w.org\/{rel}","templated":true}]}}