{"id":972073,"date":"2019-11-15T14:26:05","date_gmt":"2019-11-15T14:26:05","guid":{"rendered":"https:\/\/www.pressenza.com\/?p=972073"},"modified":"2019-11-15T14:26:05","modified_gmt":"2019-11-15T14:26:05","slug":"brasil-sediara-encontro-internacional-do-movimento-negro","status":"publish","type":"post","link":"https:\/\/www.pressenza.com\/pt-pt\/2019\/11\/brasil-sediara-encontro-internacional-do-movimento-negro\/","title":{"rendered":"Brasil sediar\u00e1 encontro internacional do movimento negro"},"content":{"rendered":"<h4 class=\"description\">Na Ocupa\u00e7\u00e3o 9 de Julho, 100 organiza\u00e7\u00f5es negras do Brasil receber\u00e3o delega\u00e7\u00f5es de outros pa\u00edses<\/h4>\n<div class=\"author\">Igor Carvalho<\/div>\n<div class=\"place-and-time\">\n<div class=\"place\">\n<p>Brasil de Fato<\/p>\n<\/div>\n<\/div>\n<p>Entre os dias 28 e 30 de novembro, S\u00e3o Paulo receber\u00e1 o primeiro Encontro Internacional da Coaliz\u00e3o Negra por Direitos, frente que re\u00fane movimentos negros de todo o pa\u00eds e atua na luta por direitos da popula\u00e7\u00e3o negra brasileira junto ao Congresso Nacional e a f\u00f3runs internacionais. O evento ocorrer\u00e1 na Ocupa\u00e7\u00e3o 9 de Julho, na regi\u00e3o central da capital paulista e contar\u00e1 com uma delega\u00e7\u00e3o de pelo menos 20 estrangeiros.<\/p>\n<p>Os movimentos Black Lives Matter (EUA), Processo de Comunidades Negras (PCN \u2013 Col\u00f4mbia), Confederaci\u00f3n Comarca Afroecuatoriana del Morte de Esmeraldas (Equador) e JASS Stands for Just Associates (\u00c1frica do Sul) s\u00e3o alguns dos participantes.<\/p>\n<p>Ser\u00e3o quatro mesas principais de debates. Entre os temas elencados para an\u00e1lise dos convidados, est\u00e3o o enfrentamento ao racismo; conjuntura internacional e resist\u00eancia diasp\u00f3rica; resist\u00eancias \u00e0 viol\u00eancia do Estado e ao genoc\u00eddio negro; disputa de poder institucional e incid\u00eancia pol\u00edtica.<\/p>\n<p>Nos intervalos das mesas de debates, ocorrer\u00e3o seis rodas de conversas, que tratar\u00e3o de moradia, pol\u00edtica de drogas, sa\u00fade da popula\u00e7\u00e3o negra, racismo religioso, feminic\u00eddio e educa\u00e7\u00e3o.<\/p>\n<p>Entre os participantes brasileiros, estar\u00e3o a jornalista e escritora Bianca Santana, a soci\u00f3loga Vilma Reis, a fil\u00f3sofa Sueli Carneiro, o educador Douglas Belchior e a fundadora do Movimento M\u00e3es de Maio D\u00e9bora Maria.<\/p>\n<h4 class=\"ckeditor-subtitle\">Coaliz\u00e3o internacional<\/h4>\n<p>Douglas Belchior, um dos fundadores da Coaliz\u00e3o Negra por Direitos e um dos articuladores do semin\u00e1rio, explica que a fun\u00e7\u00e3o da organiza\u00e7\u00e3o \u00e9 \u201ccriar unidade no movimento negro brasileiro para que possamos atuar no processo pol\u00edtico nacional, nesse momento de avan\u00e7o do fascismo. N\u00e3o \u00e9 poss\u00edvel que o povo, que \u00e9 o maior alvo das viol\u00eancias no Brasil, n\u00e3o atue como protagonista dos seus pr\u00f3prios problemas e que n\u00e3o apresente as suas solu\u00e7\u00f5es, visto que as organiza\u00e7\u00f5es pol\u00edticas brasileiras n\u00e3o representam o povo negro brasileiro\u201d.<\/p>\n<p>Ainda de acordo com Belchior, o semin\u00e1rio \u00e9 importante para construir uma corrente internacional. \u201cEstamos provocando uma grande alian\u00e7a do movimento afro-diasp\u00f3rico\u00a0que consiga conectar os movimentos nos pa\u00edses de heran\u00e7a colonial africana, os pa\u00edses que foram estuprados na \u00c1frica e que foram colonizados l\u00e1 e aqui na Am\u00e9rica\u201d, encerra o militante.<\/p>\n","protected":false},"excerpt":{"rendered":"<p>Na Ocupa\u00e7\u00e3o 9 de Julho, 100 organiza\u00e7\u00f5es negras do Brasil receber\u00e3o delega\u00e7\u00f5es de outros pa\u00edses Igor Carvalho Brasil de Fato Entre os dias 28 e 30 de novembro, S\u00e3o Paulo receber\u00e1 o primeiro Encontro Internacional da Coaliz\u00e3o Negra por Direitos,&hellip;<\/p>\n","protected":false},"author":44,"featured_media":972074,"comment_status":"closed","ping_status":"closed","sticky":false,"template":"","format":"standard","meta":{"footnotes":""},"categories":[104,116,20610],"tags":[2744,66997,9495,66996],"class_list":["post-972073","post","type-post","status-publish","format-standard","has-post-thumbnail","hentry","category-america-do-sul","category-direitos-humanos","category-sem-categoria","tag-brasil","tag-coalizao-negra-por-direitos","tag-congresso-nacional","tag-foruns-internacionais"],"yoast_head":"<!-- This site is optimized with the Yoast SEO plugin v27.1.1 - https:\/\/yoast.com\/product\/yoast-seo-wordpress\/ -->\n<title>Brasil sediar\u00e1 encontro internacional do movimento negro<\/title>\n<meta name=\"description\" content=\"Na Ocupa\u00e7\u00e3o 9 de Julho, 100 organiza\u00e7\u00f5es negras do Brasil receber\u00e3o delega\u00e7\u00f5es de outros pa\u00edses Igor Carvalho Brasil de Fato Entre os dias 28 e 30 de\" \/>\n<meta name=\"robots\" content=\"index, follow, max-snippet:-1, max-image-preview:large, max-video-preview:-1\" \/>\n<link rel=\"canonical\" href=\"https:\/\/www.pressenza.com\/pt-pt\/2019\/11\/brasil-sediara-encontro-internacional-do-movimento-negro\/\" \/>\n<meta property=\"og:locale\" content=\"pt_PT\" \/>\n<meta property=\"og:type\" content=\"article\" \/>\n<meta property=\"og:title\" content=\"Brasil sediar\u00e1 encontro internacional do movimento negro\" \/>\n<meta property=\"og:description\" content=\"Na Ocupa\u00e7\u00e3o 9 de Julho, 100 organiza\u00e7\u00f5es negras do Brasil receber\u00e3o delega\u00e7\u00f5es de outros pa\u00edses Igor Carvalho Brasil de Fato Entre os dias 28 e 30 de\" \/>\n<meta property=\"og:url\" content=\"https:\/\/www.pressenza.com\/pt-pt\/2019\/11\/brasil-sediara-encontro-internacional-do-movimento-negro\/\" \/>\n<meta property=\"og:site_name\" content=\"Pressenza\" \/>\n<meta property=\"article:publisher\" content=\"https:\/\/www.facebook.com\/PressenzaItalia\" \/>\n<meta property=\"article:author\" content=\"https:\/\/www.facebook.com\/PressenzaPortugues\" \/>\n<meta property=\"article:published_time\" content=\"2019-11-15T14:26:05+00:00\" \/>\n<meta property=\"og:image\" content=\"https:\/\/www.pressenza.com\/wp-content\/uploads\/2019\/11\/49065964058_7244183ec2_z.jpg\" \/>\n\t<meta property=\"og:image:width\" content=\"639\" \/>\n\t<meta property=\"og:image:height\" content=\"426\" \/>\n\t<meta property=\"og:image:type\" content=\"image\/jpeg\" \/>\n<meta name=\"author\" content=\"Reda\u00e7\u00e3o S\u00e3o Paulo\" \/>\n<meta name=\"twitter:card\" content=\"summary_large_image\" \/>\n<meta name=\"twitter:creator\" content=\"@pressenza_pt\" \/>\n<meta name=\"twitter:site\" content=\"@PressenzaIPA\" \/>\n<meta name=\"twitter:label1\" content=\"Escrito por\" \/>\n\t<meta name=\"twitter:data1\" content=\"Reda\u00e7\u00e3o S\u00e3o Paulo\" \/>\n\t<meta name=\"twitter:label2\" content=\"Tempo estimado de leitura\" \/>\n\t<meta name=\"twitter:data2\" content=\"2 minutos\" \/>\n<script type=\"application\/ld+json\" class=\"yoast-schema-graph\">{\"@context\":\"https:\/\/schema.org\",\"@graph\":[{\"@type\":\"Article\",\"@id\":\"https:\/\/www.pressenza.com\/pt-pt\/2019\/11\/brasil-sediara-encontro-internacional-do-movimento-negro\/#article\",\"isPartOf\":{\"@id\":\"https:\/\/www.pressenza.com\/pt-pt\/2019\/11\/brasil-sediara-encontro-internacional-do-movimento-negro\/\"},\"author\":{\"name\":\"Reda\u00e7\u00e3o S\u00e3o Paulo\",\"@id\":\"https:\/\/www.pressenza.com\/pt-pt\/#\/schema\/person\/d171826afb7693cfc394da95892bfd93\"},\"headline\":\"Brasil sediar\u00e1 encontro internacional do movimento negro\",\"datePublished\":\"2019-11-15T14:26:05+00:00\",\"mainEntityOfPage\":{\"@id\":\"https:\/\/www.pressenza.com\/pt-pt\/2019\/11\/brasil-sediara-encontro-internacional-do-movimento-negro\/\"},\"wordCount\":422,\"publisher\":{\"@id\":\"https:\/\/www.pressenza.com\/pt-pt\/#organization\"},\"image\":{\"@id\":\"https:\/\/www.pressenza.com\/pt-pt\/2019\/11\/brasil-sediara-encontro-internacional-do-movimento-negro\/#primaryimage\"},\"thumbnailUrl\":\"https:\/\/www.pressenza.com\/wp-content\/uploads\/2019\/11\/49065964058_7244183ec2_z.jpg\",\"keywords\":[\"Brasil\",\"Coaliz\u00e3o Negra por Direitos\",\"Congresso Nacional\",\"f\u00f3runs internacionais\"],\"articleSection\":[\"\u00c1m\u00e9rica do Sul\",\"Direitos Humanos\"],\"inLanguage\":\"pt-PT\"},{\"@type\":\"WebPage\",\"@id\":\"https:\/\/www.pressenza.com\/pt-pt\/2019\/11\/brasil-sediara-encontro-internacional-do-movimento-negro\/\",\"url\":\"https:\/\/www.pressenza.com\/pt-pt\/2019\/11\/brasil-sediara-encontro-internacional-do-movimento-negro\/\",\"name\":\"Brasil sediar\u00e1 encontro internacional do movimento negro\",\"isPartOf\":{\"@id\":\"https:\/\/www.pressenza.com\/pt-pt\/#website\"},\"primaryImageOfPage\":{\"@id\":\"https:\/\/www.pressenza.com\/pt-pt\/2019\/11\/brasil-sediara-encontro-internacional-do-movimento-negro\/#primaryimage\"},\"image\":{\"@id\":\"https:\/\/www.pressenza.com\/pt-pt\/2019\/11\/brasil-sediara-encontro-internacional-do-movimento-negro\/#primaryimage\"},\"thumbnailUrl\":\"https:\/\/www.pressenza.com\/wp-content\/uploads\/2019\/11\/49065964058_7244183ec2_z.jpg\",\"datePublished\":\"2019-11-15T14:26:05+00:00\",\"description\":\"Na Ocupa\u00e7\u00e3o 9 de Julho, 100 organiza\u00e7\u00f5es negras do Brasil receber\u00e3o delega\u00e7\u00f5es de outros pa\u00edses Igor Carvalho Brasil de Fato Entre os dias 28 e 30 de\",\"breadcrumb\":{\"@id\":\"https:\/\/www.pressenza.com\/pt-pt\/2019\/11\/brasil-sediara-encontro-internacional-do-movimento-negro\/#breadcrumb\"},\"inLanguage\":\"pt-PT\",\"potentialAction\":[{\"@type\":\"ReadAction\",\"target\":[\"https:\/\/www.pressenza.com\/pt-pt\/2019\/11\/brasil-sediara-encontro-internacional-do-movimento-negro\/\"]}]},{\"@type\":\"ImageObject\",\"inLanguage\":\"pt-PT\",\"@id\":\"https:\/\/www.pressenza.com\/pt-pt\/2019\/11\/brasil-sediara-encontro-internacional-do-movimento-negro\/#primaryimage\",\"url\":\"https:\/\/www.pressenza.com\/wp-content\/uploads\/2019\/11\/49065964058_7244183ec2_z.jpg\",\"contentUrl\":\"https:\/\/www.pressenza.com\/wp-content\/uploads\/2019\/11\/49065964058_7244183ec2_z.jpg\",\"width\":639,\"height\":426},{\"@type\":\"BreadcrumbList\",\"@id\":\"https:\/\/www.pressenza.com\/pt-pt\/2019\/11\/brasil-sediara-encontro-internacional-do-movimento-negro\/#breadcrumb\",\"itemListElement\":[{\"@type\":\"ListItem\",\"position\":1,\"name\":\"Accueil\",\"item\":\"https:\/\/www.pressenza.com\/pt-pt\/\"},{\"@type\":\"ListItem\",\"position\":2,\"name\":\"Brasil sediar\u00e1 encontro internacional do movimento negro\"}]},{\"@type\":\"WebSite\",\"@id\":\"https:\/\/www.pressenza.com\/pt-pt\/#website\",\"url\":\"https:\/\/www.pressenza.com\/pt-pt\/\",\"name\":\"Pressenza\",\"description\":\"International Press Agency\",\"publisher\":{\"@id\":\"https:\/\/www.pressenza.com\/pt-pt\/#organization\"},\"potentialAction\":[{\"@type\":\"SearchAction\",\"target\":{\"@type\":\"EntryPoint\",\"urlTemplate\":\"https:\/\/www.pressenza.com\/pt-pt\/?s={search_term_string}\"},\"query-input\":{\"@type\":\"PropertyValueSpecification\",\"valueRequired\":true,\"valueName\":\"search_term_string\"}}],\"inLanguage\":\"pt-PT\"},{\"@type\":\"Organization\",\"@id\":\"https:\/\/www.pressenza.com\/pt-pt\/#organization\",\"name\":\"Pressenza\",\"url\":\"https:\/\/www.pressenza.com\/pt-pt\/\",\"logo\":{\"@type\":\"ImageObject\",\"inLanguage\":\"pt-PT\",\"@id\":\"https:\/\/www.pressenza.com\/pt-pt\/#\/schema\/logo\/image\/\",\"url\":\"https:\/\/www.pressenza.com\/wp-content\/uploads\/2022\/10\/pressenza_logo_200x200.jpg\",\"contentUrl\":\"https:\/\/www.pressenza.com\/wp-content\/uploads\/2022\/10\/pressenza_logo_200x200.jpg\",\"width\":200,\"height\":200,\"caption\":\"Pressenza\"},\"image\":{\"@id\":\"https:\/\/www.pressenza.com\/pt-pt\/#\/schema\/logo\/image\/\"},\"sameAs\":[\"https:\/\/www.facebook.com\/PressenzaItalia\",\"https:\/\/x.com\/PressenzaIPA\"]},{\"@type\":\"Person\",\"@id\":\"https:\/\/www.pressenza.com\/pt-pt\/#\/schema\/person\/d171826afb7693cfc394da95892bfd93\",\"name\":\"Reda\u00e7\u00e3o S\u00e3o Paulo\",\"description\":\"News from the Pressenza bureau in Sao Paulo, Brazil\",\"sameAs\":[\"https:\/\/www.facebook.com\/PressenzaPortugues\",\"https:\/\/x.com\/pressenza_pt\"],\"url\":\"https:\/\/www.pressenza.com\/pt-pt\/author\/redaccao-sao-paulo\/\"}]}<\/script>\n<!-- \/ Yoast SEO plugin. -->","yoast_head_json":{"title":"Brasil sediar\u00e1 encontro internacional do movimento negro","description":"Na Ocupa\u00e7\u00e3o 9 de Julho, 100 organiza\u00e7\u00f5es negras do Brasil receber\u00e3o delega\u00e7\u00f5es de outros pa\u00edses Igor Carvalho Brasil de Fato Entre os dias 28 e 30 de","robots":{"index":"index","follow":"follow","max-snippet":"max-snippet:-1","max-image-preview":"max-image-preview:large","max-video-preview":"max-video-preview:-1"},"canonical":"https:\/\/www.pressenza.com\/pt-pt\/2019\/11\/brasil-sediara-encontro-internacional-do-movimento-negro\/","og_locale":"pt_PT","og_type":"article","og_title":"Brasil sediar\u00e1 encontro internacional do movimento negro","og_description":"Na Ocupa\u00e7\u00e3o 9 de Julho, 100 organiza\u00e7\u00f5es negras do Brasil receber\u00e3o delega\u00e7\u00f5es de outros pa\u00edses Igor Carvalho Brasil de Fato Entre os dias 28 e 30 de","og_url":"https:\/\/www.pressenza.com\/pt-pt\/2019\/11\/brasil-sediara-encontro-internacional-do-movimento-negro\/","og_site_name":"Pressenza","article_publisher":"https:\/\/www.facebook.com\/PressenzaItalia","article_author":"https:\/\/www.facebook.com\/PressenzaPortugues","article_published_time":"2019-11-15T14:26:05+00:00","og_image":[{"width":639,"height":426,"url":"https:\/\/www.pressenza.com\/wp-content\/uploads\/2019\/11\/49065964058_7244183ec2_z.jpg","type":"image\/jpeg"}],"author":"Reda\u00e7\u00e3o S\u00e3o Paulo","twitter_card":"summary_large_image","twitter_creator":"@pressenza_pt","twitter_site":"@PressenzaIPA","twitter_misc":{"Escrito por":"Reda\u00e7\u00e3o S\u00e3o Paulo","Tempo estimado de leitura":"2 minutos"},"schema":{"@context":"https:\/\/schema.org","@graph":[{"@type":"Article","@id":"https:\/\/www.pressenza.com\/pt-pt\/2019\/11\/brasil-sediara-encontro-internacional-do-movimento-negro\/#article","isPartOf":{"@id":"https:\/\/www.pressenza.com\/pt-pt\/2019\/11\/brasil-sediara-encontro-internacional-do-movimento-negro\/"},"author":{"name":"Reda\u00e7\u00e3o S\u00e3o Paulo","@id":"https:\/\/www.pressenza.com\/pt-pt\/#\/schema\/person\/d171826afb7693cfc394da95892bfd93"},"headline":"Brasil sediar\u00e1 encontro internacional do movimento negro","datePublished":"2019-11-15T14:26:05+00:00","mainEntityOfPage":{"@id":"https:\/\/www.pressenza.com\/pt-pt\/2019\/11\/brasil-sediara-encontro-internacional-do-movimento-negro\/"},"wordCount":422,"publisher":{"@id":"https:\/\/www.pressenza.com\/pt-pt\/#organization"},"image":{"@id":"https:\/\/www.pressenza.com\/pt-pt\/2019\/11\/brasil-sediara-encontro-internacional-do-movimento-negro\/#primaryimage"},"thumbnailUrl":"https:\/\/www.pressenza.com\/wp-content\/uploads\/2019\/11\/49065964058_7244183ec2_z.jpg","keywords":["Brasil","Coaliz\u00e3o Negra por Direitos","Congresso Nacional","f\u00f3runs internacionais"],"articleSection":["\u00c1m\u00e9rica do Sul","Direitos Humanos"],"inLanguage":"pt-PT"},{"@type":"WebPage","@id":"https:\/\/www.pressenza.com\/pt-pt\/2019\/11\/brasil-sediara-encontro-internacional-do-movimento-negro\/","url":"https:\/\/www.pressenza.com\/pt-pt\/2019\/11\/brasil-sediara-encontro-internacional-do-movimento-negro\/","name":"Brasil sediar\u00e1 encontro internacional do movimento negro","isPartOf":{"@id":"https:\/\/www.pressenza.com\/pt-pt\/#website"},"primaryImageOfPage":{"@id":"https:\/\/www.pressenza.com\/pt-pt\/2019\/11\/brasil-sediara-encontro-internacional-do-movimento-negro\/#primaryimage"},"image":{"@id":"https:\/\/www.pressenza.com\/pt-pt\/2019\/11\/brasil-sediara-encontro-internacional-do-movimento-negro\/#primaryimage"},"thumbnailUrl":"https:\/\/www.pressenza.com\/wp-content\/uploads\/2019\/11\/49065964058_7244183ec2_z.jpg","datePublished":"2019-11-15T14:26:05+00:00","description":"Na Ocupa\u00e7\u00e3o 9 de Julho, 100 organiza\u00e7\u00f5es negras do Brasil receber\u00e3o delega\u00e7\u00f5es de outros pa\u00edses Igor Carvalho Brasil de Fato Entre os dias 28 e 30 de","breadcrumb":{"@id":"https:\/\/www.pressenza.com\/pt-pt\/2019\/11\/brasil-sediara-encontro-internacional-do-movimento-negro\/#breadcrumb"},"inLanguage":"pt-PT","potentialAction":[{"@type":"ReadAction","target":["https:\/\/www.pressenza.com\/pt-pt\/2019\/11\/brasil-sediara-encontro-internacional-do-movimento-negro\/"]}]},{"@type":"ImageObject","inLanguage":"pt-PT","@id":"https:\/\/www.pressenza.com\/pt-pt\/2019\/11\/brasil-sediara-encontro-internacional-do-movimento-negro\/#primaryimage","url":"https:\/\/www.pressenza.com\/wp-content\/uploads\/2019\/11\/49065964058_7244183ec2_z.jpg","contentUrl":"https:\/\/www.pressenza.com\/wp-content\/uploads\/2019\/11\/49065964058_7244183ec2_z.jpg","width":639,"height":426},{"@type":"BreadcrumbList","@id":"https:\/\/www.pressenza.com\/pt-pt\/2019\/11\/brasil-sediara-encontro-internacional-do-movimento-negro\/#breadcrumb","itemListElement":[{"@type":"ListItem","position":1,"name":"Accueil","item":"https:\/\/www.pressenza.com\/pt-pt\/"},{"@type":"ListItem","position":2,"name":"Brasil sediar\u00e1 encontro internacional do movimento negro"}]},{"@type":"WebSite","@id":"https:\/\/www.pressenza.com\/pt-pt\/#website","url":"https:\/\/www.pressenza.com\/pt-pt\/","name":"Pressenza","description":"International Press Agency","publisher":{"@id":"https:\/\/www.pressenza.com\/pt-pt\/#organization"},"potentialAction":[{"@type":"SearchAction","target":{"@type":"EntryPoint","urlTemplate":"https:\/\/www.pressenza.com\/pt-pt\/?s={search_term_string}"},"query-input":{"@type":"PropertyValueSpecification","valueRequired":true,"valueName":"search_term_string"}}],"inLanguage":"pt-PT"},{"@type":"Organization","@id":"https:\/\/www.pressenza.com\/pt-pt\/#organization","name":"Pressenza","url":"https:\/\/www.pressenza.com\/pt-pt\/","logo":{"@type":"ImageObject","inLanguage":"pt-PT","@id":"https:\/\/www.pressenza.com\/pt-pt\/#\/schema\/logo\/image\/","url":"https:\/\/www.pressenza.com\/wp-content\/uploads\/2022\/10\/pressenza_logo_200x200.jpg","contentUrl":"https:\/\/www.pressenza.com\/wp-content\/uploads\/2022\/10\/pressenza_logo_200x200.jpg","width":200,"height":200,"caption":"Pressenza"},"image":{"@id":"https:\/\/www.pressenza.com\/pt-pt\/#\/schema\/logo\/image\/"},"sameAs":["https:\/\/www.facebook.com\/PressenzaItalia","https:\/\/x.com\/PressenzaIPA"]},{"@type":"Person","@id":"https:\/\/www.pressenza.com\/pt-pt\/#\/schema\/person\/d171826afb7693cfc394da95892bfd93","name":"Reda\u00e7\u00e3o S\u00e3o Paulo","description":"News from the Pressenza bureau in Sao Paulo, Brazil","sameAs":["https:\/\/www.facebook.com\/PressenzaPortugues","https:\/\/x.com\/pressenza_pt"],"url":"https:\/\/www.pressenza.com\/pt-pt\/author\/redaccao-sao-paulo\/"}]}},"place":"S\u00e3o Paulo","original_article_url":"https:\/\/www.brasildefato.com.br\/2019\/11\/15\/brasil-sediara-encontro-internacional-do-movimento-negro\/","_links":{"self":[{"href":"https:\/\/www.pressenza.com\/pt-pt\/wp-json\/wp\/v2\/posts\/972073","targetHints":{"allow":["GET"]}}],"collection":[{"href":"https:\/\/www.pressenza.com\/pt-pt\/wp-json\/wp\/v2\/posts"}],"about":[{"href":"https:\/\/www.pressenza.com\/pt-pt\/wp-json\/wp\/v2\/types\/post"}],"author":[{"embeddable":true,"href":"https:\/\/www.pressenza.com\/pt-pt\/wp-json\/wp\/v2\/users\/44"}],"replies":[{"embeddable":true,"href":"https:\/\/www.pressenza.com\/pt-pt\/wp-json\/wp\/v2\/comments?post=972073"}],"version-history":[{"count":0,"href":"https:\/\/www.pressenza.com\/pt-pt\/wp-json\/wp\/v2\/posts\/972073\/revisions"}],"wp:featuredmedia":[{"embeddable":true,"href":"https:\/\/www.pressenza.com\/pt-pt\/wp-json\/wp\/v2\/media\/972074"}],"wp:attachment":[{"href":"https:\/\/www.pressenza.com\/pt-pt\/wp-json\/wp\/v2\/media?parent=972073"}],"wp:term":[{"taxonomy":"category","embeddable":true,"href":"https:\/\/www.pressenza.com\/pt-pt\/wp-json\/wp\/v2\/categories?post=972073"},{"taxonomy":"post_tag","embeddable":true,"href":"https:\/\/www.pressenza.com\/pt-pt\/wp-json\/wp\/v2\/tags?post=972073"}],"curies":[{"name":"wp","href":"https:\/\/api.w.org\/{rel}","templated":true}]}}