{"id":963978,"date":"2019-11-06T01:13:06","date_gmt":"2019-11-06T01:13:06","guid":{"rendered":"https:\/\/www.pressenza.com\/?p=963978"},"modified":"2019-11-06T01:13:06","modified_gmt":"2019-11-06T01:13:06","slug":"moradores-da-periferia-de-sp-vivem-23-anos-a-menos-do-que-os-de-areas-nobres","status":"publish","type":"post","link":"https:\/\/www.pressenza.com\/pt-pt\/2019\/11\/moradores-da-periferia-de-sp-vivem-23-anos-a-menos-do-que-os-de-areas-nobres\/","title":{"rendered":"Moradores da periferia de SP vivem 23 anos a menos do que os de \u00e1reas nobres"},"content":{"rendered":"<p>O dado \u00e9 um dos 53 indicadores socioterritoriais apresentados pelo Mapa da Desigualdade 2019, lan\u00e7ado nesta ter\u00e7a (5)<\/p>\n<p><em>Por<strong> Lu Sudr\u00e9*\/\u00a0Brasil de Fato<\/strong><\/em><\/p>\n<p>H\u00e1 uma diferen\u00e7a abismal na qualidade de vida e na garantia de direitos dos habitantes de S\u00e3o Paulo, que, apesar de morarem na mesma cidade, vivem realidades completamente diferentes. Isso \u00e9 o que alerta o Mapa da Desigualdade 2019, organizado pela Rede Nossa S\u00e3o Paulo e lan\u00e7ado na manh\u00e3 desta ter\u00e7a-feira (5).<\/p>\n<p>Publicado anualmente desde 2012, o estudo analisa 53 \u00edndices de v\u00e1rias \u00e1reas da administra\u00e7\u00e3o p\u00fablica nos 96 distritos da capital, e determina o n\u00edvel de desigualdade entre eles por meio de uma compara\u00e7\u00e3o entre o melhor e o pior indicador.<\/p>\n<p>Na Cidade Tiradentes, por exemplo, extremo leste de S\u00e3o Paulo, em 2018, a m\u00e9dia de idade com que as pessoas morreram foi de 57 anos. Em Moema, sofisticado bairro da zona sul, a m\u00e9dia foi de 80 anos. <a href=\"https:\/\/www.brasildefato.com.br\/2019\/02\/11\/oito-em-10-casos-de-homicidios-nao-chegam-a-justica-investigacoes-ignoram-periferia\/\" target=\"_blank\" rel=\"noopener\">Uma diferen\u00e7a de 23 anos em dois distritos relativamente pr\u00f3ximos.<\/a><\/p>\n<p>\u201c<a href=\"https:\/\/www.nossasaopaulo.org.br\/\" target=\"_blank\" rel=\"noopener\">Vemos grandes disparidades.<\/a> \u00c9 um absurdo que dentro de uma cidade tenhamos v\u00e1rias cidades\u201d, afirma Carolina Guimar\u00e3es, coordenadora da Rede Nossa S\u00e3o Paulo, respons\u00e1vel pelo Mapa.<\/p>\n<p>\u201c<a href=\"https:\/\/www.brasildefato.com.br\/2019\/04\/23\/bolsonaro-aposta-na-privatizacao-dos-servicos-de-saneamento-basico-entenda-os-riscos\/\" target=\"_blank\" rel=\"noopener\">\u00c9 um absurdo que em 38 km de dist\u00e2ncia \u2018se possa perder\u2019 23 anos.<\/a> Essa perda \u00e9 muito complexa, envolve muitas vari\u00e1veis. \u00c9 um desafio. \u00c9 preciso ter uma governan\u00e7a melhor na cidade de SP e mais secretarias pensando conjuntamente como abordar esses desafios\u201d, complementa.<\/p>\n<p>Ainda de acordo com o levantamento, <a href=\"https:\/\/www.geledes.org.br\/tornar-se-negro-vicissitudes-da-identidade-negro-brasileiro-em-ascensao-social-de-neusa-santos-souza\/\" target=\"_blank\" rel=\"noopener\">a propor\u00e7\u00e3o da popula\u00e7\u00e3o negra e parda nas diferentes regi\u00f5es da cidade tamb\u00e9m \u00e9 muito desigual.<\/a> Enquanto no bairro Jardim \u00c2ngela 60% dos moradores s\u00e3o negros e pardos, o \u00edndice de pessoas negras \u00e9 de apenas 5,8% em Moema.<\/p>\n<p><strong>N\u00famero de favelas<\/strong><\/p>\n<p>Outro dado apresentado pelo Mapa da Desigualdade se refere a propor\u00e7\u00e3o de favelas em compara\u00e7\u00e3o com o total de domic\u00edlios.<\/p>\n<p>A <a href=\"https:\/\/pt.wikipedia.org\/wiki\/Vila_Andrade\" target=\"_blank\" rel=\"noopener\">Vila Andrade \u00e9 o distrito com o maior percentual de favelas<\/a> (49.2). A regi\u00e3o tem a maior disparidade socioecon\u00f4mica do munic\u00edpio. L\u00e1 onde vivem fam\u00edlias tanto de alta renda quanto de baixa renda.<\/p>\n<p>A m\u00e9dia da capital \u00e9 de 8.2. <a href=\"https:\/\/pt.wikipedia.org\/wiki\/Perdizes_(bairro_de_S%C3%A3o_Paulo)\" target=\"_blank\" rel=\"noopener\">Em outros 11 distritos como Perdizes, Alto de Pinheiros e Consola\u00e7\u00e3o, n\u00e3o existem favelas.<\/a><\/p>\n<p>Guimar\u00e3es ressalta a import\u00e2ncia de acompanhar tais dados para que se entenda quais s\u00e3o as diferen\u00e7as socioterritoriais da cidade de S\u00e3o Paulo com clareza.<\/p>\n<p>\u201cEsses dados s\u00e3o uma possibilidade de conscientizar as pessoas sobre o que lhes falta, sobre direitos que todos temos. O Mapa mostra que apesar de termos direitos garantidos na Constitui\u00e7\u00e3o e no arcabou\u00e7o legal de S\u00e3o Paulo, n\u00e3o temos esses direitos garantidos no territ\u00f3rio\u201d, explica.<\/p>\n<p>\u201c<a href=\"https:\/\/www.brasildefato.com.br\/node\/4267\/\" target=\"_blank\" rel=\"noopener\">Criamos ilhas de c\u00edrculos viciosos de desigualdade.<\/a> Existem distritos, que, infelizmente, n\u00e3o conseguem sair disso. A mobilidade social \u00e9 muito dif\u00edcil e isso se d\u00e1, muitas vezes, pela aus\u00eancia de equipamentos p\u00fablicos e acessos a muitos direitos\u201d, critica.<\/p>\n<p><a href=\"http:\/\/www.acessoainformacao.gov.br\/assuntos\/conheca-seu-direito\/a-lei-de-acesso-a-informacao\" target=\"_blank\" rel=\"noopener\">Todas as informa\u00e7\u00f5es sistematizadas pelo Mapa s\u00e3o oficiais e foram disponibilizadas pelas secretarias do munic\u00edpio<\/a>, por meio da assessoria de comunica\u00e7\u00e3o ou da Lei de Acesso \u00e0 Informa\u00e7\u00e3o (LAI).<\/p>\n<p><strong>Precariza\u00e7\u00e3o<\/strong><\/p>\n<p>Segundo a Pesquisa Nacional por Amostra de Domic\u00edlio Cont\u00ednua (Pnad) feita pelo Instituto Brasileiro de Geografia e Estat\u00edstica (IBGE) e divulgada no fim de outubro, <a href=\"https:\/\/www.ibge.gov.br\/estatisticas\/sociais\/trabalho\/9171-pesquisa-nacional-por-amostra-de-domicilios-continua-mensal.html\" target=\"_blank\" rel=\"noopener\">a oferta de postos de trabalho informais disparou e bateu o recorde da s\u00e9rie hist\u00f3rica e atinge 38 milh\u00f5es de pessoas.<\/a> O n\u00famero representa 41,4% da for\u00e7a de trabalho brasileira.<\/p>\n<p>O Mapa da Desigualdade em S\u00e3o Paulo mostra como a cidade est\u00e1 inclu\u00edda neste retrocesso e que <a href=\"https:\/\/www1.folha.uol.com.br\/fsp\/dinheiro\/fi0411200002.htm\" target=\"_blank\" rel=\"noopener\">a grande maioria das pessoas que se encontram nesta situa\u00e7\u00e3o moram nas regi\u00f5es perif\u00e9ricas.<\/a><\/p>\n<p>Enquanto a m\u00e9dia da taxa de emprego formal na popula\u00e7\u00e3o em idade ativa de toda a cidade \u00e9 de 5,2%, no bairro da Barra Funda, regi\u00e3o central, \u00e9 de 59,2%. Neste \u00edndice, novamente, <a href=\"https:\/\/www.nossasaopaulo.org.br\/2016\/03\/29\/estudo-mostra-que-desemprego-aumentou-na-regiao-metropolitana-de-sp\/\" target=\"_blank\" rel=\"noopener\">a Cidade Tiradentes apresentou o pior n\u00famero entre todos os distritos: Apenas 0,2% dos trabalhadores que moram no bairro possuem emprego formal.<\/a><\/p>\n<p>A pedagoga Cristiane Lima, moradora da Cidade Tiradentes, conta que a situa\u00e7\u00e3o piorou nos \u00faltimos anos.<\/p>\n<p>\u201cAqui o [trabalho] informal sempre foi muito grande, mas agora est\u00e1 maior. Se voc\u00ea andar na Cidade Tiradentes, vai ver o tanto de barraquinha que tem hoje de trabalho informal. O tanto de diarista que tem, de gente que trabalha de fato sem registro\u201d, lamenta Cristiane, de 46 anos.<\/p>\n<p>O que Cristiane relata, Elizangela Mendes Ferreira vive na pele. Moradora da Cidade Tiradentes h\u00e1 30 anos, a artes\u00e3 n\u00e3o possui trabalho fixo. Ela vende seus artesanatos em uma banquinha e est\u00e1\u00a0 sujeita a qualquer tipo de instabilidade e incerteza.<\/p>\n<p>Para ela, o mais dif\u00edcil em procurar uma vaga formal \u00e9 a dist\u00e2ncia do local onde mora. \u201c<a href=\"https:\/\/www.nossasaopaulo.org.br\/2018\/04\/19\/oferta-de-transporte-reflete-a-desigualdade\/\" target=\"_blank\" rel=\"noopener\">\u00c9 muito longe de tudo. A discrimina\u00e7\u00e3o vem de todos os lugares, mas fica mais invi\u00e1vel para quem mora aqui.<\/a> Para arranjar servi\u00e7o no centro da cidade, algumas pessoas as vezes d\u00e3o outro endere\u00e7o\u201d, diz Elizangela.<\/p>\n<p>Aos 44 anos, a artes\u00e3 lida diariamente com as dificuldades que a falta de direitos traz a toda sua fam\u00edlia. Tanto seu marido, quanto seu filho, tamb\u00e9m moradores da Cidade Tiradentes, est\u00e3o na informalidade.<\/p>\n<p>\u201cAtualmente meu marido vende g\u00e1s, mas j\u00e1 trabalhou com c\u00e2meras e equipamentos de seguran\u00e7a. Meu filho atualmente trabalha na S\u00e9, na Bar\u00e3o, com ouro. Ele vende ouro. E desse jeito a gente vai se virando\u201d, desabafa.<\/p>\n<p><strong>Pol\u00edticas estruturais<\/strong><\/p>\n<p>A nova edi\u00e7\u00e3o do estudo tamb\u00e9m apresenta indicadores sociais na \u00e1rea da sa\u00fade e da educa\u00e7\u00e3o, que refor\u00e7am o retrato da n\u00e3o garantia de direitos a todos os cidad\u00e3os.<\/p>\n<p>A propor\u00e7\u00e3o de matr\u00edculas no Ensino B\u00e1sico em escolas p\u00fablicas, por exemplo, do melhor para o pior valor, \u00e9 16,7x desigual. Enquanto no Iguatemi o n\u00famero de matr\u00edculas alcan\u00e7a 86,7%, o \u00edndice do Jardim Paulista \u00e9 de 5,2%.<\/p>\n<p>O tempo de atendimento para vaga em creche tamb\u00e9m \u00e9 muito desigual. Em Guainases, por exemplo, s\u00e3o 18 dias de espera, o melhor \u00edndice relacionado a esse indicador social. No entanto, na Vila Andrade, localizada no outro lado da cidade, s\u00e3o 260 dias, m\u00e9dia duas vezes maior do que a da capital inteira.<\/p>\n<p>Em rela\u00e7\u00e3o \u00e0s pol\u00edticas da \u00e1rea da sa\u00fade, os n\u00fameros da mortalidade infantil s\u00e3o alarmantes. A propor\u00e7\u00e3o de \u00f3bitos de crian\u00e7as menores de um ano para cada mil crian\u00e7as nascidas vivas em Marsilac, na zona sul, \u00e9 de 24,6. J\u00e1 em Perdizes, \u00e1rea nobre da regi\u00e3o oeste, \u00e9 de 1,1.<\/p>\n<p>O distrito de Marsilac tamb\u00e9m apresenta o pior dado em rela\u00e7\u00e3o \u00e0 gravidez na adolesc\u00eancia. Quase 19% do total de nascidos vivos na regi\u00e3o possuem m\u00e3es com 19 anos ou menos. O \u00edndice em Moema \u00e9 de 0,4%.<\/p>\n<p><strong>Direitos humanos<\/strong><\/p>\n<p>Uma novidade na edi\u00e7\u00e3o do Mapa da Viol\u00eancia 2019 foi a inser\u00e7\u00e3o de 4 eixos tem\u00e1ticos relacionados a \u00e1rea dos direitos humanos como os n\u00fameros relacionados \u00e0 viol\u00eancia contra mulher, feminic\u00eddio, viol\u00eancia racial e viol\u00eancia LGBTQI.<\/p>\n<p>Segundo Carolina Guimar\u00e3es, diferente dos outros indicadores sociais que apresentam uma concentra\u00e7\u00e3o mais evidente, a viol\u00eancia contra as mulheres, negros e LGBTQI s\u00e3o pulverizadas em toda a cidade e podem ser analisados do ponto de vista quantitativo.<\/p>\n<p>\u201c<a href=\"https:\/\/www.brasildefato.com.br\/2019\/02\/27\/feminicidio-uma-inaceitavel-epidemia-brasileira\/\" target=\"_blank\" rel=\"noopener\">Em 2018, tivemos mais de 80 mil ocorr\u00eancias de viol\u00eancia contra a mulher e mais de 200 feminic\u00eddios.<\/a> Isso mostra que o machismo est\u00e1 presente e est\u00e1 presente em v\u00e1rios distritos, n\u00e3o tem uma concentra\u00e7\u00e3o em um local espec\u00edfico. Precisamos trabalhar a preven\u00e7\u00e3o e o acolhimento para a agress\u00e3o n\u00e3o chegar ao feminic\u00eddio\u201d, comenta a coordenadora da Rede Nossa S\u00e3o Paulo.<\/p>\n<p><a href=\"https:\/\/www.nossasaopaulo.org.br\/\" target=\"_blank\" rel=\"noopener\">Confira o Mapa da Desigualdade 2019 na \u00edntegra.<\/a><\/p>\n<hr \/>\n<p>*Colaborou Pedro Strapasolas<\/p>\n","protected":false},"excerpt":{"rendered":"<p>O dado \u00e9 um dos 53 indicadores socioterritoriais apresentados pelo Mapa da Desigualdade 2019, lan\u00e7ado nesta ter\u00e7a (5) Por Lu Sudr\u00e9*\/\u00a0Brasil de Fato H\u00e1 uma diferen\u00e7a abismal na qualidade de vida e na garantia de direitos dos habitantes de S\u00e3o&hellip;<\/p>\n","protected":false},"author":44,"featured_media":964112,"comment_status":"closed","ping_status":"closed","sticky":false,"template":"","format":"standard","meta":{"footnotes":""},"categories":[104,116,111],"tags":[2744,23349,5053],"class_list":["post-963978","post","type-post","status-publish","format-standard","has-post-thumbnail","hentry","category-america-do-sul","category-direitos-humanos","category-politica-pt-pt","tag-brasil","tag-desigualdade","tag-sao-paulo"],"yoast_head":"<!-- This site is optimized with the Yoast SEO plugin v27.1.1 - https:\/\/yoast.com\/product\/yoast-seo-wordpress\/ -->\n<title>Moradores da periferia de SP vivem 23 anos a menos do que os de \u00e1reas nobres<\/title>\n<meta name=\"description\" content=\"O dado \u00e9 um dos 53 indicadores socioterritoriais apresentados pelo Mapa da Desigualdade 2019, lan\u00e7ado nesta ter\u00e7a (5) Por Lu Sudr\u00e9*\/\u00a0Brasil de Fato H\u00e1 uma\" \/>\n<meta name=\"robots\" content=\"index, follow, max-snippet:-1, max-image-preview:large, max-video-preview:-1\" \/>\n<link rel=\"canonical\" href=\"https:\/\/www.pressenza.com\/pt-pt\/2019\/11\/moradores-da-periferia-de-sp-vivem-23-anos-a-menos-do-que-os-de-areas-nobres\/\" \/>\n<meta property=\"og:locale\" content=\"pt_PT\" \/>\n<meta property=\"og:type\" content=\"article\" \/>\n<meta property=\"og:title\" content=\"Moradores da periferia de SP vivem 23 anos a menos do que os de \u00e1reas nobres\" \/>\n<meta property=\"og:description\" content=\"O dado \u00e9 um dos 53 indicadores socioterritoriais apresentados pelo Mapa da Desigualdade 2019, lan\u00e7ado nesta ter\u00e7a (5) Por Lu Sudr\u00e9*\/\u00a0Brasil de Fato H\u00e1 uma\" \/>\n<meta property=\"og:url\" content=\"https:\/\/www.pressenza.com\/pt-pt\/2019\/11\/moradores-da-periferia-de-sp-vivem-23-anos-a-menos-do-que-os-de-areas-nobres\/\" \/>\n<meta property=\"og:site_name\" content=\"Pressenza\" \/>\n<meta property=\"article:publisher\" content=\"https:\/\/www.facebook.com\/PressenzaItalia\" \/>\n<meta property=\"article:author\" content=\"https:\/\/www.facebook.com\/PressenzaPortugues\" \/>\n<meta property=\"article:published_time\" content=\"2019-11-06T01:13:06+00:00\" \/>\n<meta property=\"og:image\" content=\"https:\/\/www.pressenza.com\/wp-content\/uploads\/2019\/11\/Desabrigados-da-Favela-Esmaga-SapoSP-Midia-Ninja.jpg\" \/>\n\t<meta property=\"og:image:width\" content=\"799\" \/>\n\t<meta property=\"og:image:height\" content=\"533\" \/>\n\t<meta property=\"og:image:type\" content=\"image\/jpeg\" \/>\n<meta name=\"author\" content=\"Reda\u00e7\u00e3o S\u00e3o Paulo\" \/>\n<meta name=\"twitter:card\" content=\"summary_large_image\" \/>\n<meta name=\"twitter:creator\" content=\"@pressenza_pt\" \/>\n<meta name=\"twitter:site\" content=\"@PressenzaIPA\" \/>\n<meta name=\"twitter:label1\" content=\"Escrito por\" \/>\n\t<meta name=\"twitter:data1\" content=\"Reda\u00e7\u00e3o S\u00e3o Paulo\" \/>\n\t<meta name=\"twitter:label2\" content=\"Tempo estimado de leitura\" \/>\n\t<meta name=\"twitter:data2\" content=\"7 minutos\" \/>\n<script type=\"application\/ld+json\" class=\"yoast-schema-graph\">{\"@context\":\"https:\/\/schema.org\",\"@graph\":[{\"@type\":\"Article\",\"@id\":\"https:\/\/www.pressenza.com\/pt-pt\/2019\/11\/moradores-da-periferia-de-sp-vivem-23-anos-a-menos-do-que-os-de-areas-nobres\/#article\",\"isPartOf\":{\"@id\":\"https:\/\/www.pressenza.com\/pt-pt\/2019\/11\/moradores-da-periferia-de-sp-vivem-23-anos-a-menos-do-que-os-de-areas-nobres\/\"},\"author\":{\"name\":\"Reda\u00e7\u00e3o S\u00e3o Paulo\",\"@id\":\"https:\/\/www.pressenza.com\/pt-pt\/#\/schema\/person\/d171826afb7693cfc394da95892bfd93\"},\"headline\":\"Moradores da periferia de SP vivem 23 anos a menos do que os de \u00e1reas nobres\",\"datePublished\":\"2019-11-06T01:13:06+00:00\",\"mainEntityOfPage\":{\"@id\":\"https:\/\/www.pressenza.com\/pt-pt\/2019\/11\/moradores-da-periferia-de-sp-vivem-23-anos-a-menos-do-que-os-de-areas-nobres\/\"},\"wordCount\":1322,\"publisher\":{\"@id\":\"https:\/\/www.pressenza.com\/pt-pt\/#organization\"},\"image\":{\"@id\":\"https:\/\/www.pressenza.com\/pt-pt\/2019\/11\/moradores-da-periferia-de-sp-vivem-23-anos-a-menos-do-que-os-de-areas-nobres\/#primaryimage\"},\"thumbnailUrl\":\"https:\/\/www.pressenza.com\/wp-content\/uploads\/2019\/11\/Desabrigados-da-Favela-Esmaga-SapoSP-Midia-Ninja.jpg\",\"keywords\":[\"Brasil\",\"desigualdade\",\"S\u00e3o Paulo\"],\"articleSection\":[\"\u00c1m\u00e9rica do Sul\",\"Direitos Humanos\",\"Pol\u00edtica\"],\"inLanguage\":\"pt-PT\"},{\"@type\":\"WebPage\",\"@id\":\"https:\/\/www.pressenza.com\/pt-pt\/2019\/11\/moradores-da-periferia-de-sp-vivem-23-anos-a-menos-do-que-os-de-areas-nobres\/\",\"url\":\"https:\/\/www.pressenza.com\/pt-pt\/2019\/11\/moradores-da-periferia-de-sp-vivem-23-anos-a-menos-do-que-os-de-areas-nobres\/\",\"name\":\"Moradores da periferia de SP vivem 23 anos a menos do que os de \u00e1reas nobres\",\"isPartOf\":{\"@id\":\"https:\/\/www.pressenza.com\/pt-pt\/#website\"},\"primaryImageOfPage\":{\"@id\":\"https:\/\/www.pressenza.com\/pt-pt\/2019\/11\/moradores-da-periferia-de-sp-vivem-23-anos-a-menos-do-que-os-de-areas-nobres\/#primaryimage\"},\"image\":{\"@id\":\"https:\/\/www.pressenza.com\/pt-pt\/2019\/11\/moradores-da-periferia-de-sp-vivem-23-anos-a-menos-do-que-os-de-areas-nobres\/#primaryimage\"},\"thumbnailUrl\":\"https:\/\/www.pressenza.com\/wp-content\/uploads\/2019\/11\/Desabrigados-da-Favela-Esmaga-SapoSP-Midia-Ninja.jpg\",\"datePublished\":\"2019-11-06T01:13:06+00:00\",\"description\":\"O dado \u00e9 um dos 53 indicadores socioterritoriais apresentados pelo Mapa da Desigualdade 2019, lan\u00e7ado nesta ter\u00e7a (5) Por Lu Sudr\u00e9*\/\u00a0Brasil de Fato H\u00e1 uma\",\"breadcrumb\":{\"@id\":\"https:\/\/www.pressenza.com\/pt-pt\/2019\/11\/moradores-da-periferia-de-sp-vivem-23-anos-a-menos-do-que-os-de-areas-nobres\/#breadcrumb\"},\"inLanguage\":\"pt-PT\",\"potentialAction\":[{\"@type\":\"ReadAction\",\"target\":[\"https:\/\/www.pressenza.com\/pt-pt\/2019\/11\/moradores-da-periferia-de-sp-vivem-23-anos-a-menos-do-que-os-de-areas-nobres\/\"]}]},{\"@type\":\"ImageObject\",\"inLanguage\":\"pt-PT\",\"@id\":\"https:\/\/www.pressenza.com\/pt-pt\/2019\/11\/moradores-da-periferia-de-sp-vivem-23-anos-a-menos-do-que-os-de-areas-nobres\/#primaryimage\",\"url\":\"https:\/\/www.pressenza.com\/wp-content\/uploads\/2019\/11\/Desabrigados-da-Favela-Esmaga-SapoSP-Midia-Ninja.jpg\",\"contentUrl\":\"https:\/\/www.pressenza.com\/wp-content\/uploads\/2019\/11\/Desabrigados-da-Favela-Esmaga-SapoSP-Midia-Ninja.jpg\",\"width\":799,\"height\":533},{\"@type\":\"BreadcrumbList\",\"@id\":\"https:\/\/www.pressenza.com\/pt-pt\/2019\/11\/moradores-da-periferia-de-sp-vivem-23-anos-a-menos-do-que-os-de-areas-nobres\/#breadcrumb\",\"itemListElement\":[{\"@type\":\"ListItem\",\"position\":1,\"name\":\"Accueil\",\"item\":\"https:\/\/www.pressenza.com\/pt-pt\/\"},{\"@type\":\"ListItem\",\"position\":2,\"name\":\"Moradores da periferia de SP vivem 23 anos a menos do que os de \u00e1reas nobres\"}]},{\"@type\":\"WebSite\",\"@id\":\"https:\/\/www.pressenza.com\/pt-pt\/#website\",\"url\":\"https:\/\/www.pressenza.com\/pt-pt\/\",\"name\":\"Pressenza\",\"description\":\"International Press Agency\",\"publisher\":{\"@id\":\"https:\/\/www.pressenza.com\/pt-pt\/#organization\"},\"potentialAction\":[{\"@type\":\"SearchAction\",\"target\":{\"@type\":\"EntryPoint\",\"urlTemplate\":\"https:\/\/www.pressenza.com\/pt-pt\/?s={search_term_string}\"},\"query-input\":{\"@type\":\"PropertyValueSpecification\",\"valueRequired\":true,\"valueName\":\"search_term_string\"}}],\"inLanguage\":\"pt-PT\"},{\"@type\":\"Organization\",\"@id\":\"https:\/\/www.pressenza.com\/pt-pt\/#organization\",\"name\":\"Pressenza\",\"url\":\"https:\/\/www.pressenza.com\/pt-pt\/\",\"logo\":{\"@type\":\"ImageObject\",\"inLanguage\":\"pt-PT\",\"@id\":\"https:\/\/www.pressenza.com\/pt-pt\/#\/schema\/logo\/image\/\",\"url\":\"https:\/\/www.pressenza.com\/wp-content\/uploads\/2022\/10\/pressenza_logo_200x200.jpg\",\"contentUrl\":\"https:\/\/www.pressenza.com\/wp-content\/uploads\/2022\/10\/pressenza_logo_200x200.jpg\",\"width\":200,\"height\":200,\"caption\":\"Pressenza\"},\"image\":{\"@id\":\"https:\/\/www.pressenza.com\/pt-pt\/#\/schema\/logo\/image\/\"},\"sameAs\":[\"https:\/\/www.facebook.com\/PressenzaItalia\",\"https:\/\/x.com\/PressenzaIPA\"]},{\"@type\":\"Person\",\"@id\":\"https:\/\/www.pressenza.com\/pt-pt\/#\/schema\/person\/d171826afb7693cfc394da95892bfd93\",\"name\":\"Reda\u00e7\u00e3o S\u00e3o Paulo\",\"description\":\"News from the Pressenza bureau in Sao Paulo, Brazil\",\"sameAs\":[\"https:\/\/www.facebook.com\/PressenzaPortugues\",\"https:\/\/x.com\/pressenza_pt\"],\"url\":\"https:\/\/www.pressenza.com\/pt-pt\/author\/redaccao-sao-paulo\/\"}]}<\/script>\n<!-- \/ Yoast SEO plugin. -->","yoast_head_json":{"title":"Moradores da periferia de SP vivem 23 anos a menos do que os de \u00e1reas nobres","description":"O dado \u00e9 um dos 53 indicadores socioterritoriais apresentados pelo Mapa da Desigualdade 2019, lan\u00e7ado nesta ter\u00e7a (5) Por Lu Sudr\u00e9*\/\u00a0Brasil de Fato H\u00e1 uma","robots":{"index":"index","follow":"follow","max-snippet":"max-snippet:-1","max-image-preview":"max-image-preview:large","max-video-preview":"max-video-preview:-1"},"canonical":"https:\/\/www.pressenza.com\/pt-pt\/2019\/11\/moradores-da-periferia-de-sp-vivem-23-anos-a-menos-do-que-os-de-areas-nobres\/","og_locale":"pt_PT","og_type":"article","og_title":"Moradores da periferia de SP vivem 23 anos a menos do que os de \u00e1reas nobres","og_description":"O dado \u00e9 um dos 53 indicadores socioterritoriais apresentados pelo Mapa da Desigualdade 2019, lan\u00e7ado nesta ter\u00e7a (5) Por Lu Sudr\u00e9*\/\u00a0Brasil de Fato H\u00e1 uma","og_url":"https:\/\/www.pressenza.com\/pt-pt\/2019\/11\/moradores-da-periferia-de-sp-vivem-23-anos-a-menos-do-que-os-de-areas-nobres\/","og_site_name":"Pressenza","article_publisher":"https:\/\/www.facebook.com\/PressenzaItalia","article_author":"https:\/\/www.facebook.com\/PressenzaPortugues","article_published_time":"2019-11-06T01:13:06+00:00","og_image":[{"width":799,"height":533,"url":"https:\/\/www.pressenza.com\/wp-content\/uploads\/2019\/11\/Desabrigados-da-Favela-Esmaga-SapoSP-Midia-Ninja.jpg","type":"image\/jpeg"}],"author":"Reda\u00e7\u00e3o S\u00e3o Paulo","twitter_card":"summary_large_image","twitter_creator":"@pressenza_pt","twitter_site":"@PressenzaIPA","twitter_misc":{"Escrito por":"Reda\u00e7\u00e3o S\u00e3o Paulo","Tempo estimado de leitura":"7 minutos"},"schema":{"@context":"https:\/\/schema.org","@graph":[{"@type":"Article","@id":"https:\/\/www.pressenza.com\/pt-pt\/2019\/11\/moradores-da-periferia-de-sp-vivem-23-anos-a-menos-do-que-os-de-areas-nobres\/#article","isPartOf":{"@id":"https:\/\/www.pressenza.com\/pt-pt\/2019\/11\/moradores-da-periferia-de-sp-vivem-23-anos-a-menos-do-que-os-de-areas-nobres\/"},"author":{"name":"Reda\u00e7\u00e3o S\u00e3o Paulo","@id":"https:\/\/www.pressenza.com\/pt-pt\/#\/schema\/person\/d171826afb7693cfc394da95892bfd93"},"headline":"Moradores da periferia de SP vivem 23 anos a menos do que os de \u00e1reas nobres","datePublished":"2019-11-06T01:13:06+00:00","mainEntityOfPage":{"@id":"https:\/\/www.pressenza.com\/pt-pt\/2019\/11\/moradores-da-periferia-de-sp-vivem-23-anos-a-menos-do-que-os-de-areas-nobres\/"},"wordCount":1322,"publisher":{"@id":"https:\/\/www.pressenza.com\/pt-pt\/#organization"},"image":{"@id":"https:\/\/www.pressenza.com\/pt-pt\/2019\/11\/moradores-da-periferia-de-sp-vivem-23-anos-a-menos-do-que-os-de-areas-nobres\/#primaryimage"},"thumbnailUrl":"https:\/\/www.pressenza.com\/wp-content\/uploads\/2019\/11\/Desabrigados-da-Favela-Esmaga-SapoSP-Midia-Ninja.jpg","keywords":["Brasil","desigualdade","S\u00e3o Paulo"],"articleSection":["\u00c1m\u00e9rica do Sul","Direitos Humanos","Pol\u00edtica"],"inLanguage":"pt-PT"},{"@type":"WebPage","@id":"https:\/\/www.pressenza.com\/pt-pt\/2019\/11\/moradores-da-periferia-de-sp-vivem-23-anos-a-menos-do-que-os-de-areas-nobres\/","url":"https:\/\/www.pressenza.com\/pt-pt\/2019\/11\/moradores-da-periferia-de-sp-vivem-23-anos-a-menos-do-que-os-de-areas-nobres\/","name":"Moradores da periferia de SP vivem 23 anos a menos do que os de \u00e1reas nobres","isPartOf":{"@id":"https:\/\/www.pressenza.com\/pt-pt\/#website"},"primaryImageOfPage":{"@id":"https:\/\/www.pressenza.com\/pt-pt\/2019\/11\/moradores-da-periferia-de-sp-vivem-23-anos-a-menos-do-que-os-de-areas-nobres\/#primaryimage"},"image":{"@id":"https:\/\/www.pressenza.com\/pt-pt\/2019\/11\/moradores-da-periferia-de-sp-vivem-23-anos-a-menos-do-que-os-de-areas-nobres\/#primaryimage"},"thumbnailUrl":"https:\/\/www.pressenza.com\/wp-content\/uploads\/2019\/11\/Desabrigados-da-Favela-Esmaga-SapoSP-Midia-Ninja.jpg","datePublished":"2019-11-06T01:13:06+00:00","description":"O dado \u00e9 um dos 53 indicadores socioterritoriais apresentados pelo Mapa da Desigualdade 2019, lan\u00e7ado nesta ter\u00e7a (5) Por Lu Sudr\u00e9*\/\u00a0Brasil de Fato H\u00e1 uma","breadcrumb":{"@id":"https:\/\/www.pressenza.com\/pt-pt\/2019\/11\/moradores-da-periferia-de-sp-vivem-23-anos-a-menos-do-que-os-de-areas-nobres\/#breadcrumb"},"inLanguage":"pt-PT","potentialAction":[{"@type":"ReadAction","target":["https:\/\/www.pressenza.com\/pt-pt\/2019\/11\/moradores-da-periferia-de-sp-vivem-23-anos-a-menos-do-que-os-de-areas-nobres\/"]}]},{"@type":"ImageObject","inLanguage":"pt-PT","@id":"https:\/\/www.pressenza.com\/pt-pt\/2019\/11\/moradores-da-periferia-de-sp-vivem-23-anos-a-menos-do-que-os-de-areas-nobres\/#primaryimage","url":"https:\/\/www.pressenza.com\/wp-content\/uploads\/2019\/11\/Desabrigados-da-Favela-Esmaga-SapoSP-Midia-Ninja.jpg","contentUrl":"https:\/\/www.pressenza.com\/wp-content\/uploads\/2019\/11\/Desabrigados-da-Favela-Esmaga-SapoSP-Midia-Ninja.jpg","width":799,"height":533},{"@type":"BreadcrumbList","@id":"https:\/\/www.pressenza.com\/pt-pt\/2019\/11\/moradores-da-periferia-de-sp-vivem-23-anos-a-menos-do-que-os-de-areas-nobres\/#breadcrumb","itemListElement":[{"@type":"ListItem","position":1,"name":"Accueil","item":"https:\/\/www.pressenza.com\/pt-pt\/"},{"@type":"ListItem","position":2,"name":"Moradores da periferia de SP vivem 23 anos a menos do que os de \u00e1reas nobres"}]},{"@type":"WebSite","@id":"https:\/\/www.pressenza.com\/pt-pt\/#website","url":"https:\/\/www.pressenza.com\/pt-pt\/","name":"Pressenza","description":"International Press Agency","publisher":{"@id":"https:\/\/www.pressenza.com\/pt-pt\/#organization"},"potentialAction":[{"@type":"SearchAction","target":{"@type":"EntryPoint","urlTemplate":"https:\/\/www.pressenza.com\/pt-pt\/?s={search_term_string}"},"query-input":{"@type":"PropertyValueSpecification","valueRequired":true,"valueName":"search_term_string"}}],"inLanguage":"pt-PT"},{"@type":"Organization","@id":"https:\/\/www.pressenza.com\/pt-pt\/#organization","name":"Pressenza","url":"https:\/\/www.pressenza.com\/pt-pt\/","logo":{"@type":"ImageObject","inLanguage":"pt-PT","@id":"https:\/\/www.pressenza.com\/pt-pt\/#\/schema\/logo\/image\/","url":"https:\/\/www.pressenza.com\/wp-content\/uploads\/2022\/10\/pressenza_logo_200x200.jpg","contentUrl":"https:\/\/www.pressenza.com\/wp-content\/uploads\/2022\/10\/pressenza_logo_200x200.jpg","width":200,"height":200,"caption":"Pressenza"},"image":{"@id":"https:\/\/www.pressenza.com\/pt-pt\/#\/schema\/logo\/image\/"},"sameAs":["https:\/\/www.facebook.com\/PressenzaItalia","https:\/\/x.com\/PressenzaIPA"]},{"@type":"Person","@id":"https:\/\/www.pressenza.com\/pt-pt\/#\/schema\/person\/d171826afb7693cfc394da95892bfd93","name":"Reda\u00e7\u00e3o S\u00e3o Paulo","description":"News from the Pressenza bureau in Sao Paulo, Brazil","sameAs":["https:\/\/www.facebook.com\/PressenzaPortugues","https:\/\/x.com\/pressenza_pt"],"url":"https:\/\/www.pressenza.com\/pt-pt\/author\/redaccao-sao-paulo\/"}]}},"place":"S\u00e3o Paulo, Brasil","original_article_url":"https:\/\/www.brasildefato.com.br\/2019\/11\/05\/moradores-da-periferia-de-sp-vivem-23-anos-a-menos-do-que-os-de-areas-nobres\/","_links":{"self":[{"href":"https:\/\/www.pressenza.com\/pt-pt\/wp-json\/wp\/v2\/posts\/963978","targetHints":{"allow":["GET"]}}],"collection":[{"href":"https:\/\/www.pressenza.com\/pt-pt\/wp-json\/wp\/v2\/posts"}],"about":[{"href":"https:\/\/www.pressenza.com\/pt-pt\/wp-json\/wp\/v2\/types\/post"}],"author":[{"embeddable":true,"href":"https:\/\/www.pressenza.com\/pt-pt\/wp-json\/wp\/v2\/users\/44"}],"replies":[{"embeddable":true,"href":"https:\/\/www.pressenza.com\/pt-pt\/wp-json\/wp\/v2\/comments?post=963978"}],"version-history":[{"count":0,"href":"https:\/\/www.pressenza.com\/pt-pt\/wp-json\/wp\/v2\/posts\/963978\/revisions"}],"wp:featuredmedia":[{"embeddable":true,"href":"https:\/\/www.pressenza.com\/pt-pt\/wp-json\/wp\/v2\/media\/964112"}],"wp:attachment":[{"href":"https:\/\/www.pressenza.com\/pt-pt\/wp-json\/wp\/v2\/media?parent=963978"}],"wp:term":[{"taxonomy":"category","embeddable":true,"href":"https:\/\/www.pressenza.com\/pt-pt\/wp-json\/wp\/v2\/categories?post=963978"},{"taxonomy":"post_tag","embeddable":true,"href":"https:\/\/www.pressenza.com\/pt-pt\/wp-json\/wp\/v2\/tags?post=963978"}],"curies":[{"name":"wp","href":"https:\/\/api.w.org\/{rel}","templated":true}]}}