{"id":952465,"date":"2019-10-24T20:44:21","date_gmt":"2019-10-24T19:44:21","guid":{"rendered":"https:\/\/www.pressenza.com\/?p=952465"},"modified":"2019-10-24T20:44:21","modified_gmt":"2019-10-24T19:44:21","slug":"quase-duas-semanas-de-conflito-no-nordeste-da-siria-ja-fazem-180-mil-deslocados","status":"publish","type":"post","link":"https:\/\/www.pressenza.com\/pt-pt\/2019\/10\/quase-duas-semanas-de-conflito-no-nordeste-da-siria-ja-fazem-180-mil-deslocados\/","title":{"rendered":"Quase duas semanas de conflito no nordeste da S\u00edria j\u00e1 fazem 180 mil deslocados"},"content":{"rendered":"<p>Escrit\u00f3rio das Na\u00e7\u00f5es Unidas de Assist\u00eancia Humanit\u00e1ria diz que 80 mil crian\u00e7as est\u00e3o nesse grupo; em apenas uma semana, mais de 7 mil s\u00edrios entraram no Iraque fugindo da viol\u00eancia causada pela a\u00e7\u00e3o militar da Turquia contra militantes curdos; 75% deste total s\u00e3o mulheres e crian\u00e7as.\u00a0Quase metade das 180 mil pessoas que est\u00e3o fugindo dos combates no nordeste da S\u00edria s\u00e3o crian\u00e7as. A informa\u00e7\u00e3o foi dada pelo Escrit\u00f3rio da ONU de Assist\u00eancia Humanit\u00e1ria, Ocha.<\/p>\n<p>O Acnur est\u00e1 fornecendo ajuda e abrigo no Iraque a refugiados que fogem do nordeste da S\u00edria. Foto: Acnur\/Hossein Fatemi<br \/>\nDesde o in\u00edcio da opera\u00e7\u00e3o militar da Turquia na S\u00edria, 80 mil crian\u00e7as tornaram-se deslocadas pela viol\u00eancia.<\/p>\n<p><strong>\u00c1gua<\/strong><\/p>\n<p>A opera\u00e7\u00e3o militar turca contra militantes curdos tamb\u00e9m prejudica a infraestrutura local. V\u00e1rias esta\u00e7\u00f5es de energia foram alvejadas e pelo menos quatro instala\u00e7\u00f5es m\u00e9dicas foram danificadas.<\/p>\n<p>Um outro problema \u00e9 o fornecimento de \u00e1gua. A esta\u00e7\u00e3o de abastecimento de Alouk, que atendia a mais de 400 mil pessoas na cidade de Al-Hassakeh, estava sem funcionar h\u00e1 mais de 10 dias. \u00a0Com reparos urgentes, o servi\u00e7o foi restabelecido, mas para apenas metade dos moradores.<\/p>\n<p>O conserto foi feito por uma equipe da organiza\u00e7\u00e3o do Crescente Vermelho e por funcion\u00e1rios do Diret\u00f3rio de \u00c1gua e Eletricidade. A opera\u00e7\u00e3o ocorreu ap\u00f3s uma negocia\u00e7\u00e3o da ONU com o Governo da Turquia, permitindo o acesso dos oper\u00e1rios \u00e0s \u00e1reas afetadas.<\/p>\n<p><strong>Ajuda Humanit\u00e1ria<\/strong><\/p>\n<p>O coordenador residente e humanit\u00e1rio das Na\u00e7\u00f5es Unidas na S\u00edria, Imran Riza, contou que durante sua passagem pelas \u00e1reas afetadas, no nordeste da S\u00edria, viu \u201cfam\u00edlias rec\u00e9m-deslocadas em abrigos coletivos, assim como nos campos de Areesha, principalmente mulheres e crian\u00e7as\u201d. Alguns estavam l\u00e1 h\u00e1 anos e outros acabavam de chegar ap\u00f3s a opera\u00e7\u00e3o militar turca. Ele disse que o quadro \u00e9 de uma car\u00eancia impressionante.<\/p>\n<p>Apesar dos desafios de seguran\u00e7a e acesso, a ajuda alimentar deve atingir 580 mil pessoas nas prov\u00edncias de Raqqa e Hasakeh.<\/p>\n<p>Os trabalhadores humanit\u00e1rios tamb\u00e9m tentam levar servi\u00e7os essenciais, como sa\u00fade e \u00e1gua, e iniciar preparativos para o inverno que se aproxima.<\/p>\n<p><strong>Iraque<\/strong><\/p>\n<p>A Ag\u00eancia da ONU para Refugiados, Acnur, informou que desde 14 de outubro, mais de 7 mil refugiados entraram no Iraque. A maior parte foi para o acampamento de Bardarash, a 140 km a leste da fronteira entre o Iraque e a S\u00edria.<\/p>\n<p>Durante entrevista a jornalistas, em Genebra, o porta-voz do Acnur,\u00a0Andrej Mahecic, disse que 75% dos que fogem da viol\u00eancia s\u00e3o mulheres e crian\u00e7as.<\/p>\n<p>Alguns refugiados, especialmente crian\u00e7as, precisam de apoio psicossocial. Segundo Mahecic, algumas crian\u00e7as testemunharam explos\u00f5es e bombardeios e fugiram com medo da viol\u00eancia.<\/p>\n<p>Antes das chegadas mais recentes, cerca de 228 mil refugiados s\u00edrios j\u00e1 estavam no Iraque, expulsos de suas casas por mais de oito anos de conflito e destrui\u00e7\u00e3o na S\u00edria.<\/p>\n","protected":false},"excerpt":{"rendered":"<p>Escrit\u00f3rio das Na\u00e7\u00f5es Unidas de Assist\u00eancia Humanit\u00e1ria diz que 80 mil crian\u00e7as est\u00e3o nesse grupo; em apenas uma semana, mais de 7 mil s\u00edrios entraram no Iraque fugindo da viol\u00eancia causada pela a\u00e7\u00e3o militar da Turquia contra militantes curdos; 75%&hellip;<\/p>\n","protected":false},"author":933,"featured_media":952468,"comment_status":"closed","ping_status":"closed","sticky":false,"template":"","format":"standard","meta":{"footnotes":""},"categories":[102,116,54573],"tags":[60065,10346,15633,57617,5191,5256],"class_list":["post-952465","post","type-post","status-publish","format-standard","has-post-thumbnail","hentry","category-asia-pt-pt","category-direitos-humanos","category-migrantes","tag-acnur-pt-pt","tag-iraque","tag-migrantes","tag-refugiados-pt-pt","tag-siria-pt-pt","tag-turquia-pt-pt"],"yoast_head":"<!-- This site is optimized with the Yoast SEO plugin v27.1.1 - https:\/\/yoast.com\/product\/yoast-seo-wordpress\/ -->\n<title>Quase duas semanas de conflito no nordeste da S\u00edria j\u00e1 fazem 180 mil deslocados<\/title>\n<meta name=\"description\" content=\"Escrit\u00f3rio das Na\u00e7\u00f5es Unidas de Assist\u00eancia Humanit\u00e1ria diz que 80 mil crian\u00e7as est\u00e3o nesse grupo; em apenas uma semana, mais de 7 mil s\u00edrios entraram no\" \/>\n<meta name=\"robots\" content=\"index, follow, max-snippet:-1, max-image-preview:large, max-video-preview:-1\" \/>\n<link rel=\"canonical\" href=\"https:\/\/www.pressenza.com\/pt-pt\/2019\/10\/quase-duas-semanas-de-conflito-no-nordeste-da-siria-ja-fazem-180-mil-deslocados\/\" \/>\n<meta property=\"og:locale\" content=\"pt_PT\" \/>\n<meta property=\"og:type\" content=\"article\" \/>\n<meta property=\"og:title\" content=\"Quase duas semanas de conflito no nordeste da S\u00edria j\u00e1 fazem 180 mil deslocados\" \/>\n<meta property=\"og:description\" content=\"Escrit\u00f3rio das Na\u00e7\u00f5es Unidas de Assist\u00eancia Humanit\u00e1ria diz que 80 mil crian\u00e7as est\u00e3o nesse grupo; em apenas uma semana, mais de 7 mil s\u00edrios entraram no\" \/>\n<meta property=\"og:url\" content=\"https:\/\/www.pressenza.com\/pt-pt\/2019\/10\/quase-duas-semanas-de-conflito-no-nordeste-da-siria-ja-fazem-180-mil-deslocados\/\" \/>\n<meta property=\"og:site_name\" content=\"Pressenza\" \/>\n<meta property=\"article:publisher\" content=\"https:\/\/www.facebook.com\/PressenzaItalia\" \/>\n<meta property=\"article:author\" content=\"https:\/\/www.facebook.com\/UN.News.Centre\" \/>\n<meta property=\"article:published_time\" content=\"2019-10-24T19:44:21+00:00\" \/>\n<meta property=\"og:image\" content=\"https:\/\/www.pressenza.com\/wp-content\/uploads\/2019\/10\/acnur-Hossein-Fatemi.jpg\" \/>\n\t<meta property=\"og:image:width\" content=\"1179\" \/>\n\t<meta property=\"og:image:height\" content=\"530\" \/>\n\t<meta property=\"og:image:type\" content=\"image\/jpeg\" \/>\n<meta name=\"author\" content=\"UN News Centre\" \/>\n<meta name=\"twitter:card\" content=\"summary_large_image\" \/>\n<meta name=\"twitter:creator\" content=\"@UN_News_Centre\" \/>\n<meta name=\"twitter:site\" content=\"@PressenzaIPA\" \/>\n<meta name=\"twitter:label1\" content=\"Escrito por\" \/>\n\t<meta name=\"twitter:data1\" content=\"UN News Centre\" \/>\n\t<meta name=\"twitter:label2\" content=\"Tempo estimado de leitura\" \/>\n\t<meta name=\"twitter:data2\" content=\"3 minutos\" \/>\n<script type=\"application\/ld+json\" class=\"yoast-schema-graph\">{\"@context\":\"https:\/\/schema.org\",\"@graph\":[{\"@type\":\"Article\",\"@id\":\"https:\/\/www.pressenza.com\/pt-pt\/2019\/10\/quase-duas-semanas-de-conflito-no-nordeste-da-siria-ja-fazem-180-mil-deslocados\/#article\",\"isPartOf\":{\"@id\":\"https:\/\/www.pressenza.com\/pt-pt\/2019\/10\/quase-duas-semanas-de-conflito-no-nordeste-da-siria-ja-fazem-180-mil-deslocados\/\"},\"author\":{\"name\":\"UN News Centre\",\"@id\":\"https:\/\/www.pressenza.com\/pt-pt\/#\/schema\/person\/868696f3a70d4f8ef7caec14cc979248\"},\"headline\":\"Quase duas semanas de conflito no nordeste da S\u00edria j\u00e1 fazem 180 mil deslocados\",\"datePublished\":\"2019-10-24T19:44:21+00:00\",\"mainEntityOfPage\":{\"@id\":\"https:\/\/www.pressenza.com\/pt-pt\/2019\/10\/quase-duas-semanas-de-conflito-no-nordeste-da-siria-ja-fazem-180-mil-deslocados\/\"},\"wordCount\":526,\"publisher\":{\"@id\":\"https:\/\/www.pressenza.com\/pt-pt\/#organization\"},\"image\":{\"@id\":\"https:\/\/www.pressenza.com\/pt-pt\/2019\/10\/quase-duas-semanas-de-conflito-no-nordeste-da-siria-ja-fazem-180-mil-deslocados\/#primaryimage\"},\"thumbnailUrl\":\"https:\/\/www.pressenza.com\/wp-content\/uploads\/2019\/10\/acnur-Hossein-Fatemi.jpg\",\"keywords\":[\"ACNUR\",\"Iraque\",\"migrantes\",\"refugiados\",\"Siria\",\"Turquia\"],\"articleSection\":[\"Asia\",\"Direitos Humanos\",\"Migrantes\"],\"inLanguage\":\"pt-PT\"},{\"@type\":\"WebPage\",\"@id\":\"https:\/\/www.pressenza.com\/pt-pt\/2019\/10\/quase-duas-semanas-de-conflito-no-nordeste-da-siria-ja-fazem-180-mil-deslocados\/\",\"url\":\"https:\/\/www.pressenza.com\/pt-pt\/2019\/10\/quase-duas-semanas-de-conflito-no-nordeste-da-siria-ja-fazem-180-mil-deslocados\/\",\"name\":\"Quase duas semanas de conflito no nordeste da S\u00edria j\u00e1 fazem 180 mil deslocados\",\"isPartOf\":{\"@id\":\"https:\/\/www.pressenza.com\/pt-pt\/#website\"},\"primaryImageOfPage\":{\"@id\":\"https:\/\/www.pressenza.com\/pt-pt\/2019\/10\/quase-duas-semanas-de-conflito-no-nordeste-da-siria-ja-fazem-180-mil-deslocados\/#primaryimage\"},\"image\":{\"@id\":\"https:\/\/www.pressenza.com\/pt-pt\/2019\/10\/quase-duas-semanas-de-conflito-no-nordeste-da-siria-ja-fazem-180-mil-deslocados\/#primaryimage\"},\"thumbnailUrl\":\"https:\/\/www.pressenza.com\/wp-content\/uploads\/2019\/10\/acnur-Hossein-Fatemi.jpg\",\"datePublished\":\"2019-10-24T19:44:21+00:00\",\"description\":\"Escrit\u00f3rio das Na\u00e7\u00f5es Unidas de Assist\u00eancia Humanit\u00e1ria diz que 80 mil crian\u00e7as est\u00e3o nesse grupo; em apenas uma semana, mais de 7 mil s\u00edrios entraram no\",\"breadcrumb\":{\"@id\":\"https:\/\/www.pressenza.com\/pt-pt\/2019\/10\/quase-duas-semanas-de-conflito-no-nordeste-da-siria-ja-fazem-180-mil-deslocados\/#breadcrumb\"},\"inLanguage\":\"pt-PT\",\"potentialAction\":[{\"@type\":\"ReadAction\",\"target\":[\"https:\/\/www.pressenza.com\/pt-pt\/2019\/10\/quase-duas-semanas-de-conflito-no-nordeste-da-siria-ja-fazem-180-mil-deslocados\/\"]}]},{\"@type\":\"ImageObject\",\"inLanguage\":\"pt-PT\",\"@id\":\"https:\/\/www.pressenza.com\/pt-pt\/2019\/10\/quase-duas-semanas-de-conflito-no-nordeste-da-siria-ja-fazem-180-mil-deslocados\/#primaryimage\",\"url\":\"https:\/\/www.pressenza.com\/wp-content\/uploads\/2019\/10\/acnur-Hossein-Fatemi.jpg\",\"contentUrl\":\"https:\/\/www.pressenza.com\/wp-content\/uploads\/2019\/10\/acnur-Hossein-Fatemi.jpg\",\"width\":1179,\"height\":530},{\"@type\":\"BreadcrumbList\",\"@id\":\"https:\/\/www.pressenza.com\/pt-pt\/2019\/10\/quase-duas-semanas-de-conflito-no-nordeste-da-siria-ja-fazem-180-mil-deslocados\/#breadcrumb\",\"itemListElement\":[{\"@type\":\"ListItem\",\"position\":1,\"name\":\"Accueil\",\"item\":\"https:\/\/www.pressenza.com\/pt-pt\/\"},{\"@type\":\"ListItem\",\"position\":2,\"name\":\"Quase duas semanas de conflito no nordeste da S\u00edria j\u00e1 fazem 180 mil deslocados\"}]},{\"@type\":\"WebSite\",\"@id\":\"https:\/\/www.pressenza.com\/pt-pt\/#website\",\"url\":\"https:\/\/www.pressenza.com\/pt-pt\/\",\"name\":\"Pressenza\",\"description\":\"International Press Agency\",\"publisher\":{\"@id\":\"https:\/\/www.pressenza.com\/pt-pt\/#organization\"},\"potentialAction\":[{\"@type\":\"SearchAction\",\"target\":{\"@type\":\"EntryPoint\",\"urlTemplate\":\"https:\/\/www.pressenza.com\/pt-pt\/?s={search_term_string}\"},\"query-input\":{\"@type\":\"PropertyValueSpecification\",\"valueRequired\":true,\"valueName\":\"search_term_string\"}}],\"inLanguage\":\"pt-PT\"},{\"@type\":\"Organization\",\"@id\":\"https:\/\/www.pressenza.com\/pt-pt\/#organization\",\"name\":\"Pressenza\",\"url\":\"https:\/\/www.pressenza.com\/pt-pt\/\",\"logo\":{\"@type\":\"ImageObject\",\"inLanguage\":\"pt-PT\",\"@id\":\"https:\/\/www.pressenza.com\/pt-pt\/#\/schema\/logo\/image\/\",\"url\":\"https:\/\/www.pressenza.com\/wp-content\/uploads\/2022\/10\/pressenza_logo_200x200.jpg\",\"contentUrl\":\"https:\/\/www.pressenza.com\/wp-content\/uploads\/2022\/10\/pressenza_logo_200x200.jpg\",\"width\":200,\"height\":200,\"caption\":\"Pressenza\"},\"image\":{\"@id\":\"https:\/\/www.pressenza.com\/pt-pt\/#\/schema\/logo\/image\/\"},\"sameAs\":[\"https:\/\/www.facebook.com\/PressenzaItalia\",\"https:\/\/x.com\/PressenzaIPA\"]},{\"@type\":\"Person\",\"@id\":\"https:\/\/www.pressenza.com\/pt-pt\/#\/schema\/person\/868696f3a70d4f8ef7caec14cc979248\",\"name\":\"UN News Centre\",\"description\":\"News from the UN News Service www.un.org\/News\/\",\"sameAs\":[\"http:\/\/www.un.org\/News\/\",\"https:\/\/www.facebook.com\/UN.News.Centre\",\"https:\/\/x.com\/UN_News_Centre\"],\"url\":\"https:\/\/www.pressenza.com\/pt-pt\/author\/unnewscentre\/\"}]}<\/script>\n<!-- \/ Yoast SEO plugin. -->","yoast_head_json":{"title":"Quase duas semanas de conflito no nordeste da S\u00edria j\u00e1 fazem 180 mil deslocados","description":"Escrit\u00f3rio das Na\u00e7\u00f5es Unidas de Assist\u00eancia Humanit\u00e1ria diz que 80 mil crian\u00e7as est\u00e3o nesse grupo; em apenas uma semana, mais de 7 mil s\u00edrios entraram no","robots":{"index":"index","follow":"follow","max-snippet":"max-snippet:-1","max-image-preview":"max-image-preview:large","max-video-preview":"max-video-preview:-1"},"canonical":"https:\/\/www.pressenza.com\/pt-pt\/2019\/10\/quase-duas-semanas-de-conflito-no-nordeste-da-siria-ja-fazem-180-mil-deslocados\/","og_locale":"pt_PT","og_type":"article","og_title":"Quase duas semanas de conflito no nordeste da S\u00edria j\u00e1 fazem 180 mil deslocados","og_description":"Escrit\u00f3rio das Na\u00e7\u00f5es Unidas de Assist\u00eancia Humanit\u00e1ria diz que 80 mil crian\u00e7as est\u00e3o nesse grupo; em apenas uma semana, mais de 7 mil s\u00edrios entraram no","og_url":"https:\/\/www.pressenza.com\/pt-pt\/2019\/10\/quase-duas-semanas-de-conflito-no-nordeste-da-siria-ja-fazem-180-mil-deslocados\/","og_site_name":"Pressenza","article_publisher":"https:\/\/www.facebook.com\/PressenzaItalia","article_author":"https:\/\/www.facebook.com\/UN.News.Centre","article_published_time":"2019-10-24T19:44:21+00:00","og_image":[{"width":1179,"height":530,"url":"https:\/\/www.pressenza.com\/wp-content\/uploads\/2019\/10\/acnur-Hossein-Fatemi.jpg","type":"image\/jpeg"}],"author":"UN News Centre","twitter_card":"summary_large_image","twitter_creator":"@UN_News_Centre","twitter_site":"@PressenzaIPA","twitter_misc":{"Escrito por":"UN News Centre","Tempo estimado de leitura":"3 minutos"},"schema":{"@context":"https:\/\/schema.org","@graph":[{"@type":"Article","@id":"https:\/\/www.pressenza.com\/pt-pt\/2019\/10\/quase-duas-semanas-de-conflito-no-nordeste-da-siria-ja-fazem-180-mil-deslocados\/#article","isPartOf":{"@id":"https:\/\/www.pressenza.com\/pt-pt\/2019\/10\/quase-duas-semanas-de-conflito-no-nordeste-da-siria-ja-fazem-180-mil-deslocados\/"},"author":{"name":"UN News Centre","@id":"https:\/\/www.pressenza.com\/pt-pt\/#\/schema\/person\/868696f3a70d4f8ef7caec14cc979248"},"headline":"Quase duas semanas de conflito no nordeste da S\u00edria j\u00e1 fazem 180 mil deslocados","datePublished":"2019-10-24T19:44:21+00:00","mainEntityOfPage":{"@id":"https:\/\/www.pressenza.com\/pt-pt\/2019\/10\/quase-duas-semanas-de-conflito-no-nordeste-da-siria-ja-fazem-180-mil-deslocados\/"},"wordCount":526,"publisher":{"@id":"https:\/\/www.pressenza.com\/pt-pt\/#organization"},"image":{"@id":"https:\/\/www.pressenza.com\/pt-pt\/2019\/10\/quase-duas-semanas-de-conflito-no-nordeste-da-siria-ja-fazem-180-mil-deslocados\/#primaryimage"},"thumbnailUrl":"https:\/\/www.pressenza.com\/wp-content\/uploads\/2019\/10\/acnur-Hossein-Fatemi.jpg","keywords":["ACNUR","Iraque","migrantes","refugiados","Siria","Turquia"],"articleSection":["Asia","Direitos Humanos","Migrantes"],"inLanguage":"pt-PT"},{"@type":"WebPage","@id":"https:\/\/www.pressenza.com\/pt-pt\/2019\/10\/quase-duas-semanas-de-conflito-no-nordeste-da-siria-ja-fazem-180-mil-deslocados\/","url":"https:\/\/www.pressenza.com\/pt-pt\/2019\/10\/quase-duas-semanas-de-conflito-no-nordeste-da-siria-ja-fazem-180-mil-deslocados\/","name":"Quase duas semanas de conflito no nordeste da S\u00edria j\u00e1 fazem 180 mil deslocados","isPartOf":{"@id":"https:\/\/www.pressenza.com\/pt-pt\/#website"},"primaryImageOfPage":{"@id":"https:\/\/www.pressenza.com\/pt-pt\/2019\/10\/quase-duas-semanas-de-conflito-no-nordeste-da-siria-ja-fazem-180-mil-deslocados\/#primaryimage"},"image":{"@id":"https:\/\/www.pressenza.com\/pt-pt\/2019\/10\/quase-duas-semanas-de-conflito-no-nordeste-da-siria-ja-fazem-180-mil-deslocados\/#primaryimage"},"thumbnailUrl":"https:\/\/www.pressenza.com\/wp-content\/uploads\/2019\/10\/acnur-Hossein-Fatemi.jpg","datePublished":"2019-10-24T19:44:21+00:00","description":"Escrit\u00f3rio das Na\u00e7\u00f5es Unidas de Assist\u00eancia Humanit\u00e1ria diz que 80 mil crian\u00e7as est\u00e3o nesse grupo; em apenas uma semana, mais de 7 mil s\u00edrios entraram no","breadcrumb":{"@id":"https:\/\/www.pressenza.com\/pt-pt\/2019\/10\/quase-duas-semanas-de-conflito-no-nordeste-da-siria-ja-fazem-180-mil-deslocados\/#breadcrumb"},"inLanguage":"pt-PT","potentialAction":[{"@type":"ReadAction","target":["https:\/\/www.pressenza.com\/pt-pt\/2019\/10\/quase-duas-semanas-de-conflito-no-nordeste-da-siria-ja-fazem-180-mil-deslocados\/"]}]},{"@type":"ImageObject","inLanguage":"pt-PT","@id":"https:\/\/www.pressenza.com\/pt-pt\/2019\/10\/quase-duas-semanas-de-conflito-no-nordeste-da-siria-ja-fazem-180-mil-deslocados\/#primaryimage","url":"https:\/\/www.pressenza.com\/wp-content\/uploads\/2019\/10\/acnur-Hossein-Fatemi.jpg","contentUrl":"https:\/\/www.pressenza.com\/wp-content\/uploads\/2019\/10\/acnur-Hossein-Fatemi.jpg","width":1179,"height":530},{"@type":"BreadcrumbList","@id":"https:\/\/www.pressenza.com\/pt-pt\/2019\/10\/quase-duas-semanas-de-conflito-no-nordeste-da-siria-ja-fazem-180-mil-deslocados\/#breadcrumb","itemListElement":[{"@type":"ListItem","position":1,"name":"Accueil","item":"https:\/\/www.pressenza.com\/pt-pt\/"},{"@type":"ListItem","position":2,"name":"Quase duas semanas de conflito no nordeste da S\u00edria j\u00e1 fazem 180 mil deslocados"}]},{"@type":"WebSite","@id":"https:\/\/www.pressenza.com\/pt-pt\/#website","url":"https:\/\/www.pressenza.com\/pt-pt\/","name":"Pressenza","description":"International Press Agency","publisher":{"@id":"https:\/\/www.pressenza.com\/pt-pt\/#organization"},"potentialAction":[{"@type":"SearchAction","target":{"@type":"EntryPoint","urlTemplate":"https:\/\/www.pressenza.com\/pt-pt\/?s={search_term_string}"},"query-input":{"@type":"PropertyValueSpecification","valueRequired":true,"valueName":"search_term_string"}}],"inLanguage":"pt-PT"},{"@type":"Organization","@id":"https:\/\/www.pressenza.com\/pt-pt\/#organization","name":"Pressenza","url":"https:\/\/www.pressenza.com\/pt-pt\/","logo":{"@type":"ImageObject","inLanguage":"pt-PT","@id":"https:\/\/www.pressenza.com\/pt-pt\/#\/schema\/logo\/image\/","url":"https:\/\/www.pressenza.com\/wp-content\/uploads\/2022\/10\/pressenza_logo_200x200.jpg","contentUrl":"https:\/\/www.pressenza.com\/wp-content\/uploads\/2022\/10\/pressenza_logo_200x200.jpg","width":200,"height":200,"caption":"Pressenza"},"image":{"@id":"https:\/\/www.pressenza.com\/pt-pt\/#\/schema\/logo\/image\/"},"sameAs":["https:\/\/www.facebook.com\/PressenzaItalia","https:\/\/x.com\/PressenzaIPA"]},{"@type":"Person","@id":"https:\/\/www.pressenza.com\/pt-pt\/#\/schema\/person\/868696f3a70d4f8ef7caec14cc979248","name":"UN News Centre","description":"News from the UN News Service www.un.org\/News\/","sameAs":["http:\/\/www.un.org\/News\/","https:\/\/www.facebook.com\/UN.News.Centre","https:\/\/x.com\/UN_News_Centre"],"url":"https:\/\/www.pressenza.com\/pt-pt\/author\/unnewscentre\/"}]}},"place":"S\u00edria","original_article_url":"https:\/\/news.un.org\/pt\/story\/2019\/10\/1691771","_links":{"self":[{"href":"https:\/\/www.pressenza.com\/pt-pt\/wp-json\/wp\/v2\/posts\/952465","targetHints":{"allow":["GET"]}}],"collection":[{"href":"https:\/\/www.pressenza.com\/pt-pt\/wp-json\/wp\/v2\/posts"}],"about":[{"href":"https:\/\/www.pressenza.com\/pt-pt\/wp-json\/wp\/v2\/types\/post"}],"author":[{"embeddable":true,"href":"https:\/\/www.pressenza.com\/pt-pt\/wp-json\/wp\/v2\/users\/933"}],"replies":[{"embeddable":true,"href":"https:\/\/www.pressenza.com\/pt-pt\/wp-json\/wp\/v2\/comments?post=952465"}],"version-history":[{"count":0,"href":"https:\/\/www.pressenza.com\/pt-pt\/wp-json\/wp\/v2\/posts\/952465\/revisions"}],"wp:featuredmedia":[{"embeddable":true,"href":"https:\/\/www.pressenza.com\/pt-pt\/wp-json\/wp\/v2\/media\/952468"}],"wp:attachment":[{"href":"https:\/\/www.pressenza.com\/pt-pt\/wp-json\/wp\/v2\/media?parent=952465"}],"wp:term":[{"taxonomy":"category","embeddable":true,"href":"https:\/\/www.pressenza.com\/pt-pt\/wp-json\/wp\/v2\/categories?post=952465"},{"taxonomy":"post_tag","embeddable":true,"href":"https:\/\/www.pressenza.com\/pt-pt\/wp-json\/wp\/v2\/tags?post=952465"}],"curies":[{"name":"wp","href":"https:\/\/api.w.org\/{rel}","templated":true}]}}