{"id":949862,"date":"2019-10-22T08:28:23","date_gmt":"2019-10-22T07:28:23","guid":{"rendered":"https:\/\/www.pressenza.com\/?p=949862"},"modified":"2019-10-22T08:33:35","modified_gmt":"2019-10-22T07:33:35","slug":"argentina-as-vidas-de-um-gato-nao-bastariam-a-mauricio-macri-na-luta-pela-reeleicao","status":"publish","type":"post","link":"https:\/\/www.pressenza.com\/pt-pt\/2019\/10\/argentina-as-vidas-de-um-gato-nao-bastariam-a-mauricio-macri-na-luta-pela-reeleicao\/","title":{"rendered":"Argentina: As vidas de um gato n\u00e3o bastariam a Mauricio Macri na luta pela reelei\u00e7\u00e3o"},"content":{"rendered":"<p><em>Por<strong> Gustavo Veiga*\/Sul21<\/strong><\/em><\/p>\n<p>A palavra gato na Argentina tem uma concep\u00e7\u00e3o pejorativa. Chamam Mauricio Macri de gato, mas o presidente gosta. No ato de encerramento de campanha junto ao Obelisco \u2013 s\u00edmbolo mais emblem\u00e1tico de Buenos Aires -, Macri voltou a sentir-se confort\u00e1vel com o apelido. Gato aqui significa subserviente, aquele que est\u00e1 na \u00faltima hierarquia em um pavilh\u00e3o carcer\u00e1rio. Os opositores ao empres\u00e1rio, que buscar\u00e1 a reelei\u00e7\u00e3o presidencial em 27 de outubro, cantam e gritam em p\u00fablico \u201cGato\u201d. Mas ele brincou diante das 300 mil pessoas que foram lhe escutar na autoproclamada Marcha do Milh\u00e3o: \u201cCom Pichetto, agora tenho oito vidas\u201d. Se referia ao companheiro de chapa, que o acompanhava no palco. Sabe-se l\u00e1 porque.<\/p>\n<p>Na realidade, Macri j\u00e1 gastou todas suas vidas na inten\u00e7\u00e3o de estender sua presid\u00eancia quatro anos mais. Seus fracassos cont\u00ednuos, um atr\u00e1s do outro, e a economia como territ\u00f3rio minado por suas pol\u00edticas, o deixaram \u00e0s portas da sua despedida. Nem o primeiro debate que perdeu para o candidato opositor da Frente de Todos, Alberto Fern\u00e1ndez, nem o segundo, quando passou \u00e0 ofensiva com den\u00fancias de corrup\u00e7\u00e3o contra o kirchnerismo, modificar\u00e3o de modo substancial o comportamento eleitoral dos argentinos. Uma pesquisa realizada na \u00e1rea metropolitana de Buenos Aires pouco antes do confronto entre os seis presidenci\u00e1veis \u2013 somente Macri e Fernand\u00e9z tem chances de ganhar \u2013 revelou que 88% dos consultados n\u00e3o mudar\u00e3o seu voto.<\/p>\n<p>O candidato oficialista apostou suas \u00faltimas fichas em mostra-se como n\u00e3o \u00e9. Um pol\u00edtico carism\u00e1tico e previs\u00edvel, acess\u00edvel \u00e0 popula\u00e7\u00e3o. Se tem um n\u00facleo duro que ainda sustenta sua aspira\u00e7\u00e3o de governar por mais quatro anos, \u00e9 aquele que olha com espanto ao que denomina \u201cum regresso ao passado\u201d. Isto \u00e9, aos tempos em que Cristina Fern\u00e1ndez ocupava a Casa Rosada e n\u00e3o o outro Fern\u00e1ndez, Alberto. Sem mencion\u00e1-la na ambiciosa convocat\u00f3ria do milh\u00e3o (que chegou a apenas 30 por cento desta cifra), Macri arrancou dos seus seguidores um estribilho contra a ex-presidenta: \u201cque v\u00e1 presa, que v\u00e1 presa\u201d, num coro entusiasmado.<\/p>\n<p>O destino eleitoral quase irrevers\u00edvel deixado pelas PASO- Prim\u00e1rias, Abertas, Simult\u00e2neas e Obrigat\u00f3rias \u2013 de 11 de agosto, foi o \u00faltimo ato onde esteve em jogo a sobreviv\u00eancia do Gato. O presidente cometeu demasiados erros mas um, o mais imperdo\u00e1vel, foi condenar \u00e0 fome e ao desemprego milhares dos seus compatriotas. Assistimos agora \u00e0s \u00faltimas horas de quem sabe que n\u00e3o poder\u00e1 reescrever sua pr\u00f3pria hist\u00f3ria. Cego por sua ambi\u00e7\u00e3o e por conta dos neg\u00f3cios pessoais com seus principais amigos, nem sequer tem garantida sua vida pol\u00edtica depois das elei\u00e7\u00f5es.<\/p>\n<p>O peronismo, em sua vers\u00e3o do s\u00e9culo XXI, voltar\u00e1 ao governo em um pa\u00eds chave para a regi\u00e3o. Se ratificados ou ampliados os percentuais do primeiro turno, em que Fern\u00e1ndez venceu por cerca de 16% de diferen\u00e7a, a Argentina dever\u00e1 recuperar o tempo perdido durante quatro anos de pol\u00edticas neoliberais. N\u00e3o ser\u00e1 f\u00e1cil com o n\u00edvel de endividamento deixado por Macri e sua gest\u00e3o. Seus habitantes j\u00e1 deram o veredicto nas Prim\u00e1rias, que o governo tentou suspender. A verdadeira elei\u00e7\u00e3o s\u00f3 confirmar\u00e1 o que j\u00e1 ocorreu. As vidas de um gato n\u00e3o bastariam ao presidente que est\u00e1 saindo para remediar os males que ele mesmo deixou para tr\u00e1s.<\/p>\n<p><em>*Tradu\u00e7\u00e3o: Daniela Sallet<\/em><\/p>\n","protected":false},"excerpt":{"rendered":"<p>Por Gustavo Veiga*\/Sul21 A palavra gato na Argentina tem uma concep\u00e7\u00e3o pejorativa. Chamam Mauricio Macri de gato, mas o presidente gosta. No ato de encerramento de campanha junto ao Obelisco \u2013 s\u00edmbolo mais emblem\u00e1tico de Buenos Aires -, Macri voltou&hellip;<\/p>\n","protected":false},"author":44,"featured_media":949863,"comment_status":"closed","ping_status":"closed","sticky":false,"template":"","format":"standard","meta":{"footnotes":""},"categories":[104,165,111],"tags":[4904,6368,65811,57422],"class_list":["post-949862","post","type-post","status-publish","format-standard","has-post-thumbnail","hentry","category-america-do-sul","category-opiniao","category-politica-pt-pt","tag-argentina-pt-pt","tag-eleicoes","tag-gato","tag-macri-pt-pt"],"yoast_head":"<!-- This site is optimized with the Yoast SEO plugin v27.1.1 - https:\/\/yoast.com\/product\/yoast-seo-wordpress\/ -->\n<title>Argentina: As vidas de um gato n\u00e3o bastariam a Mauricio Macri na luta pela reelei\u00e7\u00e3o<\/title>\n<meta name=\"description\" content=\"Por Gustavo Veiga*\/Sul21 A palavra gato na Argentina tem uma concep\u00e7\u00e3o pejorativa. Chamam Mauricio Macri de gato, mas o presidente gosta. No ato de\" \/>\n<meta name=\"robots\" content=\"index, follow, max-snippet:-1, max-image-preview:large, max-video-preview:-1\" \/>\n<link rel=\"canonical\" href=\"https:\/\/www.pressenza.com\/pt-pt\/2019\/10\/argentina-as-vidas-de-um-gato-nao-bastariam-a-mauricio-macri-na-luta-pela-reeleicao\/\" \/>\n<meta property=\"og:locale\" content=\"pt_PT\" \/>\n<meta property=\"og:type\" content=\"article\" \/>\n<meta property=\"og:title\" content=\"Argentina: As vidas de um gato n\u00e3o bastariam a Mauricio Macri na luta pela reelei\u00e7\u00e3o\" \/>\n<meta property=\"og:description\" content=\"Por Gustavo Veiga*\/Sul21 A palavra gato na Argentina tem uma concep\u00e7\u00e3o pejorativa. Chamam Mauricio Macri de gato, mas o presidente gosta. No ato de\" \/>\n<meta property=\"og:url\" content=\"https:\/\/www.pressenza.com\/pt-pt\/2019\/10\/argentina-as-vidas-de-um-gato-nao-bastariam-a-mauricio-macri-na-luta-pela-reeleicao\/\" \/>\n<meta property=\"og:site_name\" content=\"Pressenza\" \/>\n<meta property=\"article:publisher\" content=\"https:\/\/www.facebook.com\/PressenzaItalia\" \/>\n<meta property=\"article:author\" content=\"https:\/\/www.facebook.com\/PressenzaPortugues\" \/>\n<meta property=\"article:published_time\" content=\"2019-10-22T07:28:23+00:00\" \/>\n<meta property=\"article:modified_time\" content=\"2019-10-22T07:33:35+00:00\" \/>\n<meta property=\"og:image\" content=\"https:\/\/www.pressenza.com\/wp-content\/uploads\/2019\/10\/mcmgo_abr_16011910514df.jpg\" \/>\n\t<meta property=\"og:image:width\" content=\"1024\" \/>\n\t<meta property=\"og:image:height\" content=\"683\" \/>\n\t<meta property=\"og:image:type\" content=\"image\/jpeg\" \/>\n<meta name=\"author\" content=\"Reda\u00e7\u00e3o S\u00e3o Paulo\" \/>\n<meta name=\"twitter:card\" content=\"summary_large_image\" \/>\n<meta name=\"twitter:creator\" content=\"@pressenza_pt\" \/>\n<meta name=\"twitter:site\" content=\"@PressenzaIPA\" \/>\n<meta name=\"twitter:label1\" content=\"Escrito por\" \/>\n\t<meta name=\"twitter:data1\" content=\"Reda\u00e7\u00e3o S\u00e3o Paulo\" \/>\n\t<meta name=\"twitter:label2\" content=\"Tempo estimado de leitura\" \/>\n\t<meta name=\"twitter:data2\" content=\"3 minutos\" \/>\n<script type=\"application\/ld+json\" class=\"yoast-schema-graph\">{\"@context\":\"https:\/\/schema.org\",\"@graph\":[{\"@type\":\"Article\",\"@id\":\"https:\/\/www.pressenza.com\/pt-pt\/2019\/10\/argentina-as-vidas-de-um-gato-nao-bastariam-a-mauricio-macri-na-luta-pela-reeleicao\/#article\",\"isPartOf\":{\"@id\":\"https:\/\/www.pressenza.com\/pt-pt\/2019\/10\/argentina-as-vidas-de-um-gato-nao-bastariam-a-mauricio-macri-na-luta-pela-reeleicao\/\"},\"author\":{\"name\":\"Reda\u00e7\u00e3o S\u00e3o Paulo\",\"@id\":\"https:\/\/www.pressenza.com\/pt-pt\/#\/schema\/person\/d171826afb7693cfc394da95892bfd93\"},\"headline\":\"Argentina: As vidas de um gato n\u00e3o bastariam a Mauricio Macri na luta pela reelei\u00e7\u00e3o\",\"datePublished\":\"2019-10-22T07:28:23+00:00\",\"dateModified\":\"2019-10-22T07:33:35+00:00\",\"mainEntityOfPage\":{\"@id\":\"https:\/\/www.pressenza.com\/pt-pt\/2019\/10\/argentina-as-vidas-de-um-gato-nao-bastariam-a-mauricio-macri-na-luta-pela-reeleicao\/\"},\"wordCount\":603,\"publisher\":{\"@id\":\"https:\/\/www.pressenza.com\/pt-pt\/#organization\"},\"image\":{\"@id\":\"https:\/\/www.pressenza.com\/pt-pt\/2019\/10\/argentina-as-vidas-de-um-gato-nao-bastariam-a-mauricio-macri-na-luta-pela-reeleicao\/#primaryimage\"},\"thumbnailUrl\":\"https:\/\/www.pressenza.com\/wp-content\/uploads\/2019\/10\/mcmgo_abr_16011910514df.jpg\",\"keywords\":[\"Argentina\",\"elei\u00e7\u00f5es\",\"gato\",\"Macri\"],\"articleSection\":[\"\u00c1m\u00e9rica do Sul\",\"Opini\u00e3o\",\"Pol\u00edtica\"],\"inLanguage\":\"pt-PT\"},{\"@type\":\"WebPage\",\"@id\":\"https:\/\/www.pressenza.com\/pt-pt\/2019\/10\/argentina-as-vidas-de-um-gato-nao-bastariam-a-mauricio-macri-na-luta-pela-reeleicao\/\",\"url\":\"https:\/\/www.pressenza.com\/pt-pt\/2019\/10\/argentina-as-vidas-de-um-gato-nao-bastariam-a-mauricio-macri-na-luta-pela-reeleicao\/\",\"name\":\"Argentina: As vidas de um gato n\u00e3o bastariam a Mauricio Macri na luta pela reelei\u00e7\u00e3o\",\"isPartOf\":{\"@id\":\"https:\/\/www.pressenza.com\/pt-pt\/#website\"},\"primaryImageOfPage\":{\"@id\":\"https:\/\/www.pressenza.com\/pt-pt\/2019\/10\/argentina-as-vidas-de-um-gato-nao-bastariam-a-mauricio-macri-na-luta-pela-reeleicao\/#primaryimage\"},\"image\":{\"@id\":\"https:\/\/www.pressenza.com\/pt-pt\/2019\/10\/argentina-as-vidas-de-um-gato-nao-bastariam-a-mauricio-macri-na-luta-pela-reeleicao\/#primaryimage\"},\"thumbnailUrl\":\"https:\/\/www.pressenza.com\/wp-content\/uploads\/2019\/10\/mcmgo_abr_16011910514df.jpg\",\"datePublished\":\"2019-10-22T07:28:23+00:00\",\"dateModified\":\"2019-10-22T07:33:35+00:00\",\"description\":\"Por Gustavo Veiga*\/Sul21 A palavra gato na Argentina tem uma concep\u00e7\u00e3o pejorativa. Chamam Mauricio Macri de gato, mas o presidente gosta. No ato de\",\"breadcrumb\":{\"@id\":\"https:\/\/www.pressenza.com\/pt-pt\/2019\/10\/argentina-as-vidas-de-um-gato-nao-bastariam-a-mauricio-macri-na-luta-pela-reeleicao\/#breadcrumb\"},\"inLanguage\":\"pt-PT\",\"potentialAction\":[{\"@type\":\"ReadAction\",\"target\":[\"https:\/\/www.pressenza.com\/pt-pt\/2019\/10\/argentina-as-vidas-de-um-gato-nao-bastariam-a-mauricio-macri-na-luta-pela-reeleicao\/\"]}]},{\"@type\":\"ImageObject\",\"inLanguage\":\"pt-PT\",\"@id\":\"https:\/\/www.pressenza.com\/pt-pt\/2019\/10\/argentina-as-vidas-de-um-gato-nao-bastariam-a-mauricio-macri-na-luta-pela-reeleicao\/#primaryimage\",\"url\":\"https:\/\/www.pressenza.com\/wp-content\/uploads\/2019\/10\/mcmgo_abr_16011910514df.jpg\",\"contentUrl\":\"https:\/\/www.pressenza.com\/wp-content\/uploads\/2019\/10\/mcmgo_abr_16011910514df.jpg\",\"width\":1024,\"height\":683},{\"@type\":\"BreadcrumbList\",\"@id\":\"https:\/\/www.pressenza.com\/pt-pt\/2019\/10\/argentina-as-vidas-de-um-gato-nao-bastariam-a-mauricio-macri-na-luta-pela-reeleicao\/#breadcrumb\",\"itemListElement\":[{\"@type\":\"ListItem\",\"position\":1,\"name\":\"Accueil\",\"item\":\"https:\/\/www.pressenza.com\/pt-pt\/\"},{\"@type\":\"ListItem\",\"position\":2,\"name\":\"Argentina: As vidas de um gato n\u00e3o bastariam a Mauricio Macri na luta pela reelei\u00e7\u00e3o\"}]},{\"@type\":\"WebSite\",\"@id\":\"https:\/\/www.pressenza.com\/pt-pt\/#website\",\"url\":\"https:\/\/www.pressenza.com\/pt-pt\/\",\"name\":\"Pressenza\",\"description\":\"International Press Agency\",\"publisher\":{\"@id\":\"https:\/\/www.pressenza.com\/pt-pt\/#organization\"},\"potentialAction\":[{\"@type\":\"SearchAction\",\"target\":{\"@type\":\"EntryPoint\",\"urlTemplate\":\"https:\/\/www.pressenza.com\/pt-pt\/?s={search_term_string}\"},\"query-input\":{\"@type\":\"PropertyValueSpecification\",\"valueRequired\":true,\"valueName\":\"search_term_string\"}}],\"inLanguage\":\"pt-PT\"},{\"@type\":\"Organization\",\"@id\":\"https:\/\/www.pressenza.com\/pt-pt\/#organization\",\"name\":\"Pressenza\",\"url\":\"https:\/\/www.pressenza.com\/pt-pt\/\",\"logo\":{\"@type\":\"ImageObject\",\"inLanguage\":\"pt-PT\",\"@id\":\"https:\/\/www.pressenza.com\/pt-pt\/#\/schema\/logo\/image\/\",\"url\":\"https:\/\/www.pressenza.com\/wp-content\/uploads\/2022\/10\/pressenza_logo_200x200.jpg\",\"contentUrl\":\"https:\/\/www.pressenza.com\/wp-content\/uploads\/2022\/10\/pressenza_logo_200x200.jpg\",\"width\":200,\"height\":200,\"caption\":\"Pressenza\"},\"image\":{\"@id\":\"https:\/\/www.pressenza.com\/pt-pt\/#\/schema\/logo\/image\/\"},\"sameAs\":[\"https:\/\/www.facebook.com\/PressenzaItalia\",\"https:\/\/x.com\/PressenzaIPA\"]},{\"@type\":\"Person\",\"@id\":\"https:\/\/www.pressenza.com\/pt-pt\/#\/schema\/person\/d171826afb7693cfc394da95892bfd93\",\"name\":\"Reda\u00e7\u00e3o S\u00e3o Paulo\",\"description\":\"News from the Pressenza bureau in Sao Paulo, Brazil\",\"sameAs\":[\"https:\/\/www.facebook.com\/PressenzaPortugues\",\"https:\/\/x.com\/pressenza_pt\"],\"url\":\"https:\/\/www.pressenza.com\/pt-pt\/author\/redaccao-sao-paulo\/\"}]}<\/script>\n<!-- \/ Yoast SEO plugin. -->","yoast_head_json":{"title":"Argentina: As vidas de um gato n\u00e3o bastariam a Mauricio Macri na luta pela reelei\u00e7\u00e3o","description":"Por Gustavo Veiga*\/Sul21 A palavra gato na Argentina tem uma concep\u00e7\u00e3o pejorativa. Chamam Mauricio Macri de gato, mas o presidente gosta. No ato de","robots":{"index":"index","follow":"follow","max-snippet":"max-snippet:-1","max-image-preview":"max-image-preview:large","max-video-preview":"max-video-preview:-1"},"canonical":"https:\/\/www.pressenza.com\/pt-pt\/2019\/10\/argentina-as-vidas-de-um-gato-nao-bastariam-a-mauricio-macri-na-luta-pela-reeleicao\/","og_locale":"pt_PT","og_type":"article","og_title":"Argentina: As vidas de um gato n\u00e3o bastariam a Mauricio Macri na luta pela reelei\u00e7\u00e3o","og_description":"Por Gustavo Veiga*\/Sul21 A palavra gato na Argentina tem uma concep\u00e7\u00e3o pejorativa. Chamam Mauricio Macri de gato, mas o presidente gosta. No ato de","og_url":"https:\/\/www.pressenza.com\/pt-pt\/2019\/10\/argentina-as-vidas-de-um-gato-nao-bastariam-a-mauricio-macri-na-luta-pela-reeleicao\/","og_site_name":"Pressenza","article_publisher":"https:\/\/www.facebook.com\/PressenzaItalia","article_author":"https:\/\/www.facebook.com\/PressenzaPortugues","article_published_time":"2019-10-22T07:28:23+00:00","article_modified_time":"2019-10-22T07:33:35+00:00","og_image":[{"width":1024,"height":683,"url":"https:\/\/www.pressenza.com\/wp-content\/uploads\/2019\/10\/mcmgo_abr_16011910514df.jpg","type":"image\/jpeg"}],"author":"Reda\u00e7\u00e3o S\u00e3o Paulo","twitter_card":"summary_large_image","twitter_creator":"@pressenza_pt","twitter_site":"@PressenzaIPA","twitter_misc":{"Escrito por":"Reda\u00e7\u00e3o S\u00e3o Paulo","Tempo estimado de leitura":"3 minutos"},"schema":{"@context":"https:\/\/schema.org","@graph":[{"@type":"Article","@id":"https:\/\/www.pressenza.com\/pt-pt\/2019\/10\/argentina-as-vidas-de-um-gato-nao-bastariam-a-mauricio-macri-na-luta-pela-reeleicao\/#article","isPartOf":{"@id":"https:\/\/www.pressenza.com\/pt-pt\/2019\/10\/argentina-as-vidas-de-um-gato-nao-bastariam-a-mauricio-macri-na-luta-pela-reeleicao\/"},"author":{"name":"Reda\u00e7\u00e3o S\u00e3o Paulo","@id":"https:\/\/www.pressenza.com\/pt-pt\/#\/schema\/person\/d171826afb7693cfc394da95892bfd93"},"headline":"Argentina: As vidas de um gato n\u00e3o bastariam a Mauricio Macri na luta pela reelei\u00e7\u00e3o","datePublished":"2019-10-22T07:28:23+00:00","dateModified":"2019-10-22T07:33:35+00:00","mainEntityOfPage":{"@id":"https:\/\/www.pressenza.com\/pt-pt\/2019\/10\/argentina-as-vidas-de-um-gato-nao-bastariam-a-mauricio-macri-na-luta-pela-reeleicao\/"},"wordCount":603,"publisher":{"@id":"https:\/\/www.pressenza.com\/pt-pt\/#organization"},"image":{"@id":"https:\/\/www.pressenza.com\/pt-pt\/2019\/10\/argentina-as-vidas-de-um-gato-nao-bastariam-a-mauricio-macri-na-luta-pela-reeleicao\/#primaryimage"},"thumbnailUrl":"https:\/\/www.pressenza.com\/wp-content\/uploads\/2019\/10\/mcmgo_abr_16011910514df.jpg","keywords":["Argentina","elei\u00e7\u00f5es","gato","Macri"],"articleSection":["\u00c1m\u00e9rica do Sul","Opini\u00e3o","Pol\u00edtica"],"inLanguage":"pt-PT"},{"@type":"WebPage","@id":"https:\/\/www.pressenza.com\/pt-pt\/2019\/10\/argentina-as-vidas-de-um-gato-nao-bastariam-a-mauricio-macri-na-luta-pela-reeleicao\/","url":"https:\/\/www.pressenza.com\/pt-pt\/2019\/10\/argentina-as-vidas-de-um-gato-nao-bastariam-a-mauricio-macri-na-luta-pela-reeleicao\/","name":"Argentina: As vidas de um gato n\u00e3o bastariam a Mauricio Macri na luta pela reelei\u00e7\u00e3o","isPartOf":{"@id":"https:\/\/www.pressenza.com\/pt-pt\/#website"},"primaryImageOfPage":{"@id":"https:\/\/www.pressenza.com\/pt-pt\/2019\/10\/argentina-as-vidas-de-um-gato-nao-bastariam-a-mauricio-macri-na-luta-pela-reeleicao\/#primaryimage"},"image":{"@id":"https:\/\/www.pressenza.com\/pt-pt\/2019\/10\/argentina-as-vidas-de-um-gato-nao-bastariam-a-mauricio-macri-na-luta-pela-reeleicao\/#primaryimage"},"thumbnailUrl":"https:\/\/www.pressenza.com\/wp-content\/uploads\/2019\/10\/mcmgo_abr_16011910514df.jpg","datePublished":"2019-10-22T07:28:23+00:00","dateModified":"2019-10-22T07:33:35+00:00","description":"Por Gustavo Veiga*\/Sul21 A palavra gato na Argentina tem uma concep\u00e7\u00e3o pejorativa. Chamam Mauricio Macri de gato, mas o presidente gosta. No ato de","breadcrumb":{"@id":"https:\/\/www.pressenza.com\/pt-pt\/2019\/10\/argentina-as-vidas-de-um-gato-nao-bastariam-a-mauricio-macri-na-luta-pela-reeleicao\/#breadcrumb"},"inLanguage":"pt-PT","potentialAction":[{"@type":"ReadAction","target":["https:\/\/www.pressenza.com\/pt-pt\/2019\/10\/argentina-as-vidas-de-um-gato-nao-bastariam-a-mauricio-macri-na-luta-pela-reeleicao\/"]}]},{"@type":"ImageObject","inLanguage":"pt-PT","@id":"https:\/\/www.pressenza.com\/pt-pt\/2019\/10\/argentina-as-vidas-de-um-gato-nao-bastariam-a-mauricio-macri-na-luta-pela-reeleicao\/#primaryimage","url":"https:\/\/www.pressenza.com\/wp-content\/uploads\/2019\/10\/mcmgo_abr_16011910514df.jpg","contentUrl":"https:\/\/www.pressenza.com\/wp-content\/uploads\/2019\/10\/mcmgo_abr_16011910514df.jpg","width":1024,"height":683},{"@type":"BreadcrumbList","@id":"https:\/\/www.pressenza.com\/pt-pt\/2019\/10\/argentina-as-vidas-de-um-gato-nao-bastariam-a-mauricio-macri-na-luta-pela-reeleicao\/#breadcrumb","itemListElement":[{"@type":"ListItem","position":1,"name":"Accueil","item":"https:\/\/www.pressenza.com\/pt-pt\/"},{"@type":"ListItem","position":2,"name":"Argentina: As vidas de um gato n\u00e3o bastariam a Mauricio Macri na luta pela reelei\u00e7\u00e3o"}]},{"@type":"WebSite","@id":"https:\/\/www.pressenza.com\/pt-pt\/#website","url":"https:\/\/www.pressenza.com\/pt-pt\/","name":"Pressenza","description":"International Press Agency","publisher":{"@id":"https:\/\/www.pressenza.com\/pt-pt\/#organization"},"potentialAction":[{"@type":"SearchAction","target":{"@type":"EntryPoint","urlTemplate":"https:\/\/www.pressenza.com\/pt-pt\/?s={search_term_string}"},"query-input":{"@type":"PropertyValueSpecification","valueRequired":true,"valueName":"search_term_string"}}],"inLanguage":"pt-PT"},{"@type":"Organization","@id":"https:\/\/www.pressenza.com\/pt-pt\/#organization","name":"Pressenza","url":"https:\/\/www.pressenza.com\/pt-pt\/","logo":{"@type":"ImageObject","inLanguage":"pt-PT","@id":"https:\/\/www.pressenza.com\/pt-pt\/#\/schema\/logo\/image\/","url":"https:\/\/www.pressenza.com\/wp-content\/uploads\/2022\/10\/pressenza_logo_200x200.jpg","contentUrl":"https:\/\/www.pressenza.com\/wp-content\/uploads\/2022\/10\/pressenza_logo_200x200.jpg","width":200,"height":200,"caption":"Pressenza"},"image":{"@id":"https:\/\/www.pressenza.com\/pt-pt\/#\/schema\/logo\/image\/"},"sameAs":["https:\/\/www.facebook.com\/PressenzaItalia","https:\/\/x.com\/PressenzaIPA"]},{"@type":"Person","@id":"https:\/\/www.pressenza.com\/pt-pt\/#\/schema\/person\/d171826afb7693cfc394da95892bfd93","name":"Reda\u00e7\u00e3o S\u00e3o Paulo","description":"News from the Pressenza bureau in Sao Paulo, Brazil","sameAs":["https:\/\/www.facebook.com\/PressenzaPortugues","https:\/\/x.com\/pressenza_pt"],"url":"https:\/\/www.pressenza.com\/pt-pt\/author\/redaccao-sao-paulo\/"}]}},"place":"S\u00e3o Paulo, Brasil","original_article_url":"https:\/\/www.sul21.com.br\/ultimas-noticias\/internacional\/2019\/10\/analise-as-vidas-de-um-gato-nao-bastariam-a-mauricio-macri-na-luta-pela-reeleicao\/","_links":{"self":[{"href":"https:\/\/www.pressenza.com\/pt-pt\/wp-json\/wp\/v2\/posts\/949862","targetHints":{"allow":["GET"]}}],"collection":[{"href":"https:\/\/www.pressenza.com\/pt-pt\/wp-json\/wp\/v2\/posts"}],"about":[{"href":"https:\/\/www.pressenza.com\/pt-pt\/wp-json\/wp\/v2\/types\/post"}],"author":[{"embeddable":true,"href":"https:\/\/www.pressenza.com\/pt-pt\/wp-json\/wp\/v2\/users\/44"}],"replies":[{"embeddable":true,"href":"https:\/\/www.pressenza.com\/pt-pt\/wp-json\/wp\/v2\/comments?post=949862"}],"version-history":[{"count":0,"href":"https:\/\/www.pressenza.com\/pt-pt\/wp-json\/wp\/v2\/posts\/949862\/revisions"}],"wp:featuredmedia":[{"embeddable":true,"href":"https:\/\/www.pressenza.com\/pt-pt\/wp-json\/wp\/v2\/media\/949863"}],"wp:attachment":[{"href":"https:\/\/www.pressenza.com\/pt-pt\/wp-json\/wp\/v2\/media?parent=949862"}],"wp:term":[{"taxonomy":"category","embeddable":true,"href":"https:\/\/www.pressenza.com\/pt-pt\/wp-json\/wp\/v2\/categories?post=949862"},{"taxonomy":"post_tag","embeddable":true,"href":"https:\/\/www.pressenza.com\/pt-pt\/wp-json\/wp\/v2\/tags?post=949862"}],"curies":[{"name":"wp","href":"https:\/\/api.w.org\/{rel}","templated":true}]}}