{"id":945259,"date":"2019-10-15T19:48:31","date_gmt":"2019-10-15T18:48:31","guid":{"rendered":"https:\/\/www.pressenza.com\/?p=945259"},"modified":"2019-10-15T19:49:33","modified_gmt":"2019-10-15T18:49:33","slug":"protestos-se-espalham-pela-catalunha-apos-condenacao-de-separatistas","status":"publish","type":"post","link":"https:\/\/www.pressenza.com\/pt-pt\/2019\/10\/protestos-se-espalham-pela-catalunha-apos-condenacao-de-separatistas\/","title":{"rendered":"Protestos se espalham pela Catalunha ap\u00f3s condena\u00e7\u00e3o de separatistas"},"content":{"rendered":"<p>Manifestantes bloqueiam principal aeroporto de Barcelona, al\u00e9m de ruas e uma via f\u00e9rrea, ap\u00f3s nove l\u00edderes catal\u00e3es serem condenados pela tentativa de independ\u00eancia da regi\u00e3o. Confrontos com a pol\u00edcia deixam feridos.<\/p>\n<p>A condena\u00e7\u00e3o de nove l\u00edderes separatistas da Catalunha provocou uma s\u00e9rie de protestos na regi\u00e3o aut\u00f4noma da Espanha nesta segunda-feira (14\/10). Atos interditaram tr\u00eas vias de Barcelona, um aeroporto, v\u00e1rias estradas e uma via f\u00e9rrea.<\/p>\n<p>Membros da pol\u00edcia nacional espanhola foram enviados para refor\u00e7ar a seguran\u00e7a do aeroporto El Prat, o principal de Barcelona. Ao longo do dia, um grupo chamado Tsunami Democr\u00e1tico distribuiu cart\u00f5es de embarque falsos para tumultuar as opera\u00e7\u00f5es.<\/p>\n<p>Milhares de manifestantes tamb\u00e9m se dirigiram ao local para bloquear os acessos. Alguns chegaram a montar barricadas com carrinhos de transporte de bagagens.<\/p>\n<p>Pelo menos 108 voos acabaram sendo cancelados porque as tripula\u00e7\u00f5es n\u00e3o conseguiram passar belos bloqueios.<\/p>\n<p>Leia <a href=\"https:\/\/www.dw.com\/pt-br\/protestos-se-espalham-pela-catalunha-ap%C3%B3s-condena%C3%A7%C3%A3o-de-separatistas\/a-50830200\" target=\"_blank\" rel=\"noopener\">artigo completo<\/a><\/p>\n","protected":false},"excerpt":{"rendered":"<p>Manifestantes bloqueiam principal aeroporto de Barcelona, al\u00e9m de ruas e uma via f\u00e9rrea, ap\u00f3s nove l\u00edderes catal\u00e3es serem condenados pela tentativa de independ\u00eancia da regi\u00e3o. Confrontos com a pol\u00edcia deixam feridos. A condena\u00e7\u00e3o de nove l\u00edderes separatistas da Catalunha provocou&hellip;<\/p>\n","protected":false},"author":993,"featured_media":945017,"comment_status":"closed","ping_status":"closed","sticky":false,"template":"","format":"standard","meta":{"footnotes":""},"categories":[103,111],"tags":[65450,7479,6897,52121,7877],"class_list":["post-945259","post","type-post","status-publish","format-standard","has-post-thumbnail","hentry","category-europa-pt-pt","category-politica-pt-pt","tag-aeroporto-pt-pt","tag-bloqueio","tag-catalunha","tag-espanha-pt-pt","tag-justica"],"yoast_head":"<!-- This site is optimized with the Yoast SEO plugin v27.1.1 - https:\/\/yoast.com\/product\/yoast-seo-wordpress\/ -->\n<title>Protestos se espalham pela Catalunha ap\u00f3s condena\u00e7\u00e3o de separatistas<\/title>\n<meta name=\"description\" content=\"Manifestantes bloqueiam principal aeroporto de Barcelona, al\u00e9m de ruas e uma via f\u00e9rrea, ap\u00f3s nove l\u00edderes catal\u00e3es serem condenados pela tentativa de\" \/>\n<meta name=\"robots\" content=\"index, follow, max-snippet:-1, max-image-preview:large, max-video-preview:-1\" \/>\n<link rel=\"canonical\" href=\"https:\/\/www.pressenza.com\/pt-pt\/2019\/10\/protestos-se-espalham-pela-catalunha-apos-condenacao-de-separatistas\/\" \/>\n<meta property=\"og:locale\" content=\"pt_PT\" \/>\n<meta property=\"og:type\" content=\"article\" \/>\n<meta property=\"og:title\" content=\"Protestos se espalham pela Catalunha ap\u00f3s condena\u00e7\u00e3o de separatistas\" \/>\n<meta property=\"og:description\" content=\"Manifestantes bloqueiam principal aeroporto de Barcelona, al\u00e9m de ruas e uma via f\u00e9rrea, ap\u00f3s nove l\u00edderes catal\u00e3es serem condenados pela tentativa de\" \/>\n<meta property=\"og:url\" content=\"https:\/\/www.pressenza.com\/pt-pt\/2019\/10\/protestos-se-espalham-pela-catalunha-apos-condenacao-de-separatistas\/\" \/>\n<meta property=\"og:site_name\" content=\"Pressenza\" \/>\n<meta property=\"article:publisher\" content=\"https:\/\/www.facebook.com\/PressenzaItalia\" \/>\n<meta property=\"article:published_time\" content=\"2019-10-15T18:48:31+00:00\" \/>\n<meta property=\"article:modified_time\" content=\"2019-10-15T18:49:33+00:00\" \/>\n<meta property=\"og:image\" content=\"https:\/\/www.pressenza.com\/wp-content\/uploads\/2019\/10\/catalunha-14-10-19-Captura-de-video-euronews.jpg\" \/>\n\t<meta property=\"og:image:width\" content=\"1024\" \/>\n\t<meta property=\"og:image:height\" content=\"576\" \/>\n\t<meta property=\"og:image:type\" content=\"image\/jpeg\" \/>\n<meta name=\"author\" content=\"Deutsche Welle\" \/>\n<meta name=\"twitter:card\" content=\"summary_large_image\" \/>\n<meta name=\"twitter:creator\" content=\"@PressenzaIPA\" \/>\n<meta name=\"twitter:site\" content=\"@PressenzaIPA\" \/>\n<meta name=\"twitter:label1\" content=\"Escrito por\" \/>\n\t<meta name=\"twitter:data1\" content=\"Deutsche Welle\" \/>\n\t<meta name=\"twitter:label2\" content=\"Tempo estimado de leitura\" \/>\n\t<meta name=\"twitter:data2\" content=\"1 minuto\" \/>\n<script type=\"application\/ld+json\" class=\"yoast-schema-graph\">{\"@context\":\"https:\/\/schema.org\",\"@graph\":[{\"@type\":\"Article\",\"@id\":\"https:\/\/www.pressenza.com\/pt-pt\/2019\/10\/protestos-se-espalham-pela-catalunha-apos-condenacao-de-separatistas\/#article\",\"isPartOf\":{\"@id\":\"https:\/\/www.pressenza.com\/pt-pt\/2019\/10\/protestos-se-espalham-pela-catalunha-apos-condenacao-de-separatistas\/\"},\"author\":{\"name\":\"Deutsche Welle\",\"@id\":\"https:\/\/www.pressenza.com\/pt-pt\/#\/schema\/person\/b7c775911f2c9a1b8c7225b94e2e9f37\"},\"headline\":\"Protestos se espalham pela Catalunha ap\u00f3s condena\u00e7\u00e3o de separatistas\",\"datePublished\":\"2019-10-15T18:48:31+00:00\",\"dateModified\":\"2019-10-15T18:49:33+00:00\",\"mainEntityOfPage\":{\"@id\":\"https:\/\/www.pressenza.com\/pt-pt\/2019\/10\/protestos-se-espalham-pela-catalunha-apos-condenacao-de-separatistas\/\"},\"wordCount\":178,\"publisher\":{\"@id\":\"https:\/\/www.pressenza.com\/pt-pt\/#organization\"},\"image\":{\"@id\":\"https:\/\/www.pressenza.com\/pt-pt\/2019\/10\/protestos-se-espalham-pela-catalunha-apos-condenacao-de-separatistas\/#primaryimage\"},\"thumbnailUrl\":\"https:\/\/www.pressenza.com\/wp-content\/uploads\/2019\/10\/catalunha-14-10-19-Captura-de-video-euronews.jpg\",\"keywords\":[\"aeroporto\",\"bloqueio\",\"catalunha\",\"Espanha\",\"justi\u00e7a\"],\"articleSection\":[\"Europa\",\"Pol\u00edtica\"],\"inLanguage\":\"pt-PT\"},{\"@type\":\"WebPage\",\"@id\":\"https:\/\/www.pressenza.com\/pt-pt\/2019\/10\/protestos-se-espalham-pela-catalunha-apos-condenacao-de-separatistas\/\",\"url\":\"https:\/\/www.pressenza.com\/pt-pt\/2019\/10\/protestos-se-espalham-pela-catalunha-apos-condenacao-de-separatistas\/\",\"name\":\"Protestos se espalham pela Catalunha ap\u00f3s condena\u00e7\u00e3o de separatistas\",\"isPartOf\":{\"@id\":\"https:\/\/www.pressenza.com\/pt-pt\/#website\"},\"primaryImageOfPage\":{\"@id\":\"https:\/\/www.pressenza.com\/pt-pt\/2019\/10\/protestos-se-espalham-pela-catalunha-apos-condenacao-de-separatistas\/#primaryimage\"},\"image\":{\"@id\":\"https:\/\/www.pressenza.com\/pt-pt\/2019\/10\/protestos-se-espalham-pela-catalunha-apos-condenacao-de-separatistas\/#primaryimage\"},\"thumbnailUrl\":\"https:\/\/www.pressenza.com\/wp-content\/uploads\/2019\/10\/catalunha-14-10-19-Captura-de-video-euronews.jpg\",\"datePublished\":\"2019-10-15T18:48:31+00:00\",\"dateModified\":\"2019-10-15T18:49:33+00:00\",\"description\":\"Manifestantes bloqueiam principal aeroporto de Barcelona, al\u00e9m de ruas e uma via f\u00e9rrea, ap\u00f3s nove l\u00edderes catal\u00e3es serem condenados pela tentativa de\",\"breadcrumb\":{\"@id\":\"https:\/\/www.pressenza.com\/pt-pt\/2019\/10\/protestos-se-espalham-pela-catalunha-apos-condenacao-de-separatistas\/#breadcrumb\"},\"inLanguage\":\"pt-PT\",\"potentialAction\":[{\"@type\":\"ReadAction\",\"target\":[\"https:\/\/www.pressenza.com\/pt-pt\/2019\/10\/protestos-se-espalham-pela-catalunha-apos-condenacao-de-separatistas\/\"]}]},{\"@type\":\"ImageObject\",\"inLanguage\":\"pt-PT\",\"@id\":\"https:\/\/www.pressenza.com\/pt-pt\/2019\/10\/protestos-se-espalham-pela-catalunha-apos-condenacao-de-separatistas\/#primaryimage\",\"url\":\"https:\/\/www.pressenza.com\/wp-content\/uploads\/2019\/10\/catalunha-14-10-19-Captura-de-video-euronews.jpg\",\"contentUrl\":\"https:\/\/www.pressenza.com\/wp-content\/uploads\/2019\/10\/catalunha-14-10-19-Captura-de-video-euronews.jpg\",\"width\":1024,\"height\":576},{\"@type\":\"BreadcrumbList\",\"@id\":\"https:\/\/www.pressenza.com\/pt-pt\/2019\/10\/protestos-se-espalham-pela-catalunha-apos-condenacao-de-separatistas\/#breadcrumb\",\"itemListElement\":[{\"@type\":\"ListItem\",\"position\":1,\"name\":\"Accueil\",\"item\":\"https:\/\/www.pressenza.com\/pt-pt\/\"},{\"@type\":\"ListItem\",\"position\":2,\"name\":\"Protestos se espalham pela Catalunha ap\u00f3s condena\u00e7\u00e3o de separatistas\"}]},{\"@type\":\"WebSite\",\"@id\":\"https:\/\/www.pressenza.com\/pt-pt\/#website\",\"url\":\"https:\/\/www.pressenza.com\/pt-pt\/\",\"name\":\"Pressenza\",\"description\":\"International Press Agency\",\"publisher\":{\"@id\":\"https:\/\/www.pressenza.com\/pt-pt\/#organization\"},\"potentialAction\":[{\"@type\":\"SearchAction\",\"target\":{\"@type\":\"EntryPoint\",\"urlTemplate\":\"https:\/\/www.pressenza.com\/pt-pt\/?s={search_term_string}\"},\"query-input\":{\"@type\":\"PropertyValueSpecification\",\"valueRequired\":true,\"valueName\":\"search_term_string\"}}],\"inLanguage\":\"pt-PT\"},{\"@type\":\"Organization\",\"@id\":\"https:\/\/www.pressenza.com\/pt-pt\/#organization\",\"name\":\"Pressenza\",\"url\":\"https:\/\/www.pressenza.com\/pt-pt\/\",\"logo\":{\"@type\":\"ImageObject\",\"inLanguage\":\"pt-PT\",\"@id\":\"https:\/\/www.pressenza.com\/pt-pt\/#\/schema\/logo\/image\/\",\"url\":\"https:\/\/www.pressenza.com\/wp-content\/uploads\/2022\/10\/pressenza_logo_200x200.jpg\",\"contentUrl\":\"https:\/\/www.pressenza.com\/wp-content\/uploads\/2022\/10\/pressenza_logo_200x200.jpg\",\"width\":200,\"height\":200,\"caption\":\"Pressenza\"},\"image\":{\"@id\":\"https:\/\/www.pressenza.com\/pt-pt\/#\/schema\/logo\/image\/\"},\"sameAs\":[\"https:\/\/www.facebook.com\/PressenzaItalia\",\"https:\/\/x.com\/PressenzaIPA\"]},{\"@type\":\"Person\",\"@id\":\"https:\/\/www.pressenza.com\/pt-pt\/#\/schema\/person\/b7c775911f2c9a1b8c7225b94e2e9f37\",\"name\":\"Deutsche Welle\",\"description\":\"Articles and photographs by Deutsche Welle on Pressenza do not fall under the Creative Commons licence and are not reproducible in any way. www.dw.com\",\"sameAs\":[\"http:\/\/www.dw.com\"],\"url\":\"https:\/\/www.pressenza.com\/pt-pt\/author\/deutsche-welle\/\"}]}<\/script>\n<!-- \/ Yoast SEO plugin. -->","yoast_head_json":{"title":"Protestos se espalham pela Catalunha ap\u00f3s condena\u00e7\u00e3o de separatistas","description":"Manifestantes bloqueiam principal aeroporto de Barcelona, al\u00e9m de ruas e uma via f\u00e9rrea, ap\u00f3s nove l\u00edderes catal\u00e3es serem condenados pela tentativa de","robots":{"index":"index","follow":"follow","max-snippet":"max-snippet:-1","max-image-preview":"max-image-preview:large","max-video-preview":"max-video-preview:-1"},"canonical":"https:\/\/www.pressenza.com\/pt-pt\/2019\/10\/protestos-se-espalham-pela-catalunha-apos-condenacao-de-separatistas\/","og_locale":"pt_PT","og_type":"article","og_title":"Protestos se espalham pela Catalunha ap\u00f3s condena\u00e7\u00e3o de separatistas","og_description":"Manifestantes bloqueiam principal aeroporto de Barcelona, al\u00e9m de ruas e uma via f\u00e9rrea, ap\u00f3s nove l\u00edderes catal\u00e3es serem condenados pela tentativa de","og_url":"https:\/\/www.pressenza.com\/pt-pt\/2019\/10\/protestos-se-espalham-pela-catalunha-apos-condenacao-de-separatistas\/","og_site_name":"Pressenza","article_publisher":"https:\/\/www.facebook.com\/PressenzaItalia","article_published_time":"2019-10-15T18:48:31+00:00","article_modified_time":"2019-10-15T18:49:33+00:00","og_image":[{"width":1024,"height":576,"url":"https:\/\/www.pressenza.com\/wp-content\/uploads\/2019\/10\/catalunha-14-10-19-Captura-de-video-euronews.jpg","type":"image\/jpeg"}],"author":"Deutsche Welle","twitter_card":"summary_large_image","twitter_creator":"@PressenzaIPA","twitter_site":"@PressenzaIPA","twitter_misc":{"Escrito por":"Deutsche Welle","Tempo estimado de leitura":"1 minuto"},"schema":{"@context":"https:\/\/schema.org","@graph":[{"@type":"Article","@id":"https:\/\/www.pressenza.com\/pt-pt\/2019\/10\/protestos-se-espalham-pela-catalunha-apos-condenacao-de-separatistas\/#article","isPartOf":{"@id":"https:\/\/www.pressenza.com\/pt-pt\/2019\/10\/protestos-se-espalham-pela-catalunha-apos-condenacao-de-separatistas\/"},"author":{"name":"Deutsche Welle","@id":"https:\/\/www.pressenza.com\/pt-pt\/#\/schema\/person\/b7c775911f2c9a1b8c7225b94e2e9f37"},"headline":"Protestos se espalham pela Catalunha ap\u00f3s condena\u00e7\u00e3o de separatistas","datePublished":"2019-10-15T18:48:31+00:00","dateModified":"2019-10-15T18:49:33+00:00","mainEntityOfPage":{"@id":"https:\/\/www.pressenza.com\/pt-pt\/2019\/10\/protestos-se-espalham-pela-catalunha-apos-condenacao-de-separatistas\/"},"wordCount":178,"publisher":{"@id":"https:\/\/www.pressenza.com\/pt-pt\/#organization"},"image":{"@id":"https:\/\/www.pressenza.com\/pt-pt\/2019\/10\/protestos-se-espalham-pela-catalunha-apos-condenacao-de-separatistas\/#primaryimage"},"thumbnailUrl":"https:\/\/www.pressenza.com\/wp-content\/uploads\/2019\/10\/catalunha-14-10-19-Captura-de-video-euronews.jpg","keywords":["aeroporto","bloqueio","catalunha","Espanha","justi\u00e7a"],"articleSection":["Europa","Pol\u00edtica"],"inLanguage":"pt-PT"},{"@type":"WebPage","@id":"https:\/\/www.pressenza.com\/pt-pt\/2019\/10\/protestos-se-espalham-pela-catalunha-apos-condenacao-de-separatistas\/","url":"https:\/\/www.pressenza.com\/pt-pt\/2019\/10\/protestos-se-espalham-pela-catalunha-apos-condenacao-de-separatistas\/","name":"Protestos se espalham pela Catalunha ap\u00f3s condena\u00e7\u00e3o de separatistas","isPartOf":{"@id":"https:\/\/www.pressenza.com\/pt-pt\/#website"},"primaryImageOfPage":{"@id":"https:\/\/www.pressenza.com\/pt-pt\/2019\/10\/protestos-se-espalham-pela-catalunha-apos-condenacao-de-separatistas\/#primaryimage"},"image":{"@id":"https:\/\/www.pressenza.com\/pt-pt\/2019\/10\/protestos-se-espalham-pela-catalunha-apos-condenacao-de-separatistas\/#primaryimage"},"thumbnailUrl":"https:\/\/www.pressenza.com\/wp-content\/uploads\/2019\/10\/catalunha-14-10-19-Captura-de-video-euronews.jpg","datePublished":"2019-10-15T18:48:31+00:00","dateModified":"2019-10-15T18:49:33+00:00","description":"Manifestantes bloqueiam principal aeroporto de Barcelona, al\u00e9m de ruas e uma via f\u00e9rrea, ap\u00f3s nove l\u00edderes catal\u00e3es serem condenados pela tentativa de","breadcrumb":{"@id":"https:\/\/www.pressenza.com\/pt-pt\/2019\/10\/protestos-se-espalham-pela-catalunha-apos-condenacao-de-separatistas\/#breadcrumb"},"inLanguage":"pt-PT","potentialAction":[{"@type":"ReadAction","target":["https:\/\/www.pressenza.com\/pt-pt\/2019\/10\/protestos-se-espalham-pela-catalunha-apos-condenacao-de-separatistas\/"]}]},{"@type":"ImageObject","inLanguage":"pt-PT","@id":"https:\/\/www.pressenza.com\/pt-pt\/2019\/10\/protestos-se-espalham-pela-catalunha-apos-condenacao-de-separatistas\/#primaryimage","url":"https:\/\/www.pressenza.com\/wp-content\/uploads\/2019\/10\/catalunha-14-10-19-Captura-de-video-euronews.jpg","contentUrl":"https:\/\/www.pressenza.com\/wp-content\/uploads\/2019\/10\/catalunha-14-10-19-Captura-de-video-euronews.jpg","width":1024,"height":576},{"@type":"BreadcrumbList","@id":"https:\/\/www.pressenza.com\/pt-pt\/2019\/10\/protestos-se-espalham-pela-catalunha-apos-condenacao-de-separatistas\/#breadcrumb","itemListElement":[{"@type":"ListItem","position":1,"name":"Accueil","item":"https:\/\/www.pressenza.com\/pt-pt\/"},{"@type":"ListItem","position":2,"name":"Protestos se espalham pela Catalunha ap\u00f3s condena\u00e7\u00e3o de separatistas"}]},{"@type":"WebSite","@id":"https:\/\/www.pressenza.com\/pt-pt\/#website","url":"https:\/\/www.pressenza.com\/pt-pt\/","name":"Pressenza","description":"International Press Agency","publisher":{"@id":"https:\/\/www.pressenza.com\/pt-pt\/#organization"},"potentialAction":[{"@type":"SearchAction","target":{"@type":"EntryPoint","urlTemplate":"https:\/\/www.pressenza.com\/pt-pt\/?s={search_term_string}"},"query-input":{"@type":"PropertyValueSpecification","valueRequired":true,"valueName":"search_term_string"}}],"inLanguage":"pt-PT"},{"@type":"Organization","@id":"https:\/\/www.pressenza.com\/pt-pt\/#organization","name":"Pressenza","url":"https:\/\/www.pressenza.com\/pt-pt\/","logo":{"@type":"ImageObject","inLanguage":"pt-PT","@id":"https:\/\/www.pressenza.com\/pt-pt\/#\/schema\/logo\/image\/","url":"https:\/\/www.pressenza.com\/wp-content\/uploads\/2022\/10\/pressenza_logo_200x200.jpg","contentUrl":"https:\/\/www.pressenza.com\/wp-content\/uploads\/2022\/10\/pressenza_logo_200x200.jpg","width":200,"height":200,"caption":"Pressenza"},"image":{"@id":"https:\/\/www.pressenza.com\/pt-pt\/#\/schema\/logo\/image\/"},"sameAs":["https:\/\/www.facebook.com\/PressenzaItalia","https:\/\/x.com\/PressenzaIPA"]},{"@type":"Person","@id":"https:\/\/www.pressenza.com\/pt-pt\/#\/schema\/person\/b7c775911f2c9a1b8c7225b94e2e9f37","name":"Deutsche Welle","description":"Articles and photographs by Deutsche Welle on Pressenza do not fall under the Creative Commons licence and are not reproducible in any way. www.dw.com","sameAs":["http:\/\/www.dw.com"],"url":"https:\/\/www.pressenza.com\/pt-pt\/author\/deutsche-welle\/"}]}},"place":"Alemanha","original_article_url":"https:\/\/www.dw.com\/pt-br\/protestos-se-espalham-pela-catalunha-ap%C3%B3s-condena%C3%A7%C3%A3o-de-separatistas\/a-50830200","_links":{"self":[{"href":"https:\/\/www.pressenza.com\/pt-pt\/wp-json\/wp\/v2\/posts\/945259","targetHints":{"allow":["GET"]}}],"collection":[{"href":"https:\/\/www.pressenza.com\/pt-pt\/wp-json\/wp\/v2\/posts"}],"about":[{"href":"https:\/\/www.pressenza.com\/pt-pt\/wp-json\/wp\/v2\/types\/post"}],"author":[{"embeddable":true,"href":"https:\/\/www.pressenza.com\/pt-pt\/wp-json\/wp\/v2\/users\/993"}],"replies":[{"embeddable":true,"href":"https:\/\/www.pressenza.com\/pt-pt\/wp-json\/wp\/v2\/comments?post=945259"}],"version-history":[{"count":0,"href":"https:\/\/www.pressenza.com\/pt-pt\/wp-json\/wp\/v2\/posts\/945259\/revisions"}],"wp:featuredmedia":[{"embeddable":true,"href":"https:\/\/www.pressenza.com\/pt-pt\/wp-json\/wp\/v2\/media\/945017"}],"wp:attachment":[{"href":"https:\/\/www.pressenza.com\/pt-pt\/wp-json\/wp\/v2\/media?parent=945259"}],"wp:term":[{"taxonomy":"category","embeddable":true,"href":"https:\/\/www.pressenza.com\/pt-pt\/wp-json\/wp\/v2\/categories?post=945259"},{"taxonomy":"post_tag","embeddable":true,"href":"https:\/\/www.pressenza.com\/pt-pt\/wp-json\/wp\/v2\/tags?post=945259"}],"curies":[{"name":"wp","href":"https:\/\/api.w.org\/{rel}","templated":true}]}}