{"id":9422,"date":"2012-06-10T00:00:00","date_gmt":"2012-06-10T00:00:00","guid":{"rendered":""},"modified":"2012-06-10T17:27:20","modified_gmt":"2012-06-10T17:27:20","slug":"mbeki-critica-papel-de-nato-na-libia-e-na-destituicao-de-laurent-gbagbo","status":"publish","type":"post","link":"https:\/\/www.pressenza.com\/pt-pt\/2012\/06\/mbeki-critica-papel-de-nato-na-libia-e-na-destituicao-de-laurent-gbagbo\/","title":{"rendered":"Mbeki critica papel de NATO na L\u00edbia e na destitui\u00e7\u00e3o de Laurent Gbagbo"},"content":{"rendered":"<p>O antigo Presidente sul-africano, Thabo Mbeki, criticou quinta-feira a Organiza\u00e7\u00e3o do Tratado do Atl\u00e2ntico Norte (NATO), considerando que a sua campanha na L\u00edbia e na destitui\u00e7\u00e3o do Presidente ivoiriense, Laurent Gbagbo, eram consequ\u00eancias dum &#8220;racismo persistente&#8221; e do fracasso do s\u00e9culo XX em resolver &#8220;o problema da barreira racial&#8221;.<\/p>\n<p>&#8220;A realidade \u00e9 que os \u00f3rg\u00e3os competentes da ONU (Conselho de Seguran\u00e7a e Gabinete do Secret\u00e1rio-Geral) tra\u00edram as suas obriga\u00e7\u00f5es em termos de Direito Internacional, em particular as prescritas pela Carta da ONU&#8221;, indicou Mbeki num discurso pronunciado na Universidade do Cabo Ocidental, na \u00c1frica do Sul.<\/p>\n<p>Sobre a L\u00edbia, Mbeki indicou que a recusa inicial da Uni\u00e3o Africanan (UA) e do Governo sul-africano de reconhecer o Conselho Nacional de Transi\u00e7\u00e3o (CNT) n\u00e3o se deveu \u00e0 corrup\u00e7\u00e3o com &#8220;petrod\u00f3lares&#8221;.<\/p>\n<p>Mbeki lembrou que a \u00c1frica do Sul e a Uni\u00e3o Africana foram acusadas de se opor \u00e0 decis\u00e3o do Conselho de Seguran\u00e7a das Na\u00e7\u00f5es Unidas de proceder a uma mudan\u00e7a de regime na L\u00edbia, &#8220;porque fomos corrompidos com petrod\u00f3lares&#8221;.<\/p>\n<p>&#8220;Mais uma vez, rejeito categoricamente estas mentiras segundo as quais a UA dependia da L\u00edbia para o seu or\u00e7amento e que a L\u00edbia apoiou o Congresso Nacional Africano de qualquer maneira que seja durante o per\u00edodo da nossa luta contra o regime de apartheid antes de 1990&#8221;, acrescentou Mbeki.<\/p>\n","protected":false},"excerpt":{"rendered":"<p>&#8220;A realidade \u00e9 que os \u00f3rg\u00e3os competentes da ONU (Conselho de Seguran\u00e7a e Gabinete do Secret\u00e1rio-Geral) tra\u00edram as suas obriga\u00e7\u00f5es em termos de Direito Internacional&#8221;.<br \/>\nSobre a L\u00edbia, Mbeki indicou que a recusa inicial da Uni\u00e3o Africanan (UA) e do Governo sul-africano de reconhecer o Conselho Nacional de Transi\u00e7\u00e3o (CNT) n\u00e3o se deveu \u00e0 corrup\u00e7\u00e3o com &#8220;petrod\u00f3lares&#8221;.<\/p>\n","protected":false},"author":839,"featured_media":0,"comment_status":"closed","ping_status":"open","sticky":false,"template":"","format":"standard","meta":{"footnotes":""},"categories":[37,111],"tags":[],"class_list":["post-9422","post","type-post","status-publish","format-standard","hentry","category-africa-pt","category-politica-pt-pt"],"yoast_head":"<!-- This site is optimized with the Yoast SEO plugin v27.1.1 - https:\/\/yoast.com\/product\/yoast-seo-wordpress\/ -->\n<title>Mbeki critica papel de NATO na L\u00edbia e na destitui\u00e7\u00e3o de Laurent Gbagbo<\/title>\n<meta name=\"description\" content=\"&quot;A realidade \u00e9 que os \u00f3rg\u00e3os competentes da ONU (Conselho de Seguran\u00e7a e Gabinete do Secret\u00e1rio-Geral) tra\u00edram as suas obriga\u00e7\u00f5es em termos de Direito Internacional&quot;. Sobre a L\u00edbia, Mbeki indicou que a recusa inicial da Uni\u00e3o Africanan (UA) e do Governo sul-africano de reconhecer o Conselho Nacional de Transi\u00e7\u00e3o (CNT) n\u00e3o se deveu \u00e0 corrup\u00e7\u00e3o com &quot;petrod\u00f3lares&quot;.\" \/>\n<meta name=\"robots\" content=\"index, follow, max-snippet:-1, max-image-preview:large, max-video-preview:-1\" \/>\n<link rel=\"canonical\" href=\"https:\/\/www.pressenza.com\/pt-pt\/2012\/06\/mbeki-critica-papel-de-nato-na-libia-e-na-destituicao-de-laurent-gbagbo\/\" \/>\n<meta property=\"og:locale\" content=\"pt_PT\" \/>\n<meta property=\"og:type\" content=\"article\" \/>\n<meta property=\"og:title\" content=\"Mbeki critica papel de NATO na L\u00edbia e na destitui\u00e7\u00e3o de Laurent Gbagbo\" \/>\n<meta property=\"og:description\" content=\"&quot;A realidade \u00e9 que os \u00f3rg\u00e3os competentes da ONU (Conselho de Seguran\u00e7a e Gabinete do Secret\u00e1rio-Geral) tra\u00edram as suas obriga\u00e7\u00f5es em termos de Direito Internacional&quot;. Sobre a L\u00edbia, Mbeki indicou que a recusa inicial da Uni\u00e3o Africanan (UA) e do Governo sul-africano de reconhecer o Conselho Nacional de Transi\u00e7\u00e3o (CNT) n\u00e3o se deveu \u00e0 corrup\u00e7\u00e3o com &quot;petrod\u00f3lares&quot;.\" \/>\n<meta property=\"og:url\" content=\"https:\/\/www.pressenza.com\/pt-pt\/2012\/06\/mbeki-critica-papel-de-nato-na-libia-e-na-destituicao-de-laurent-gbagbo\/\" \/>\n<meta property=\"og:site_name\" content=\"Pressenza\" \/>\n<meta property=\"article:publisher\" content=\"https:\/\/www.facebook.com\/PressenzaItalia\" \/>\n<meta property=\"article:published_time\" content=\"2012-06-10T00:00:00+00:00\" \/>\n<meta property=\"article:modified_time\" content=\"2012-06-10T17:27:20+00:00\" \/>\n<meta name=\"author\" content=\"Radio Mo\u00e7ambique\" \/>\n<meta name=\"twitter:card\" content=\"summary_large_image\" \/>\n<meta name=\"twitter:creator\" content=\"@PressenzaIPA\" \/>\n<meta name=\"twitter:site\" content=\"@PressenzaIPA\" \/>\n<meta name=\"twitter:label1\" content=\"Escrito por\" \/>\n\t<meta name=\"twitter:data1\" content=\"Radio Mo\u00e7ambique\" \/>\n\t<meta name=\"twitter:label2\" content=\"Tempo estimado de leitura\" \/>\n\t<meta name=\"twitter:data2\" content=\"1 minuto\" \/>\n<script type=\"application\/ld+json\" class=\"yoast-schema-graph\">{\"@context\":\"https:\/\/schema.org\",\"@graph\":[{\"@type\":\"Article\",\"@id\":\"https:\/\/www.pressenza.com\/pt-pt\/2012\/06\/mbeki-critica-papel-de-nato-na-libia-e-na-destituicao-de-laurent-gbagbo\/#article\",\"isPartOf\":{\"@id\":\"https:\/\/www.pressenza.com\/pt-pt\/2012\/06\/mbeki-critica-papel-de-nato-na-libia-e-na-destituicao-de-laurent-gbagbo\/\"},\"author\":{\"name\":\"Radio Mo\u00e7ambique\",\"@id\":\"https:\/\/www.pressenza.com\/pt-pt\/#\/schema\/person\/621b040c6493b3c28792a340f46a3c79\"},\"headline\":\"Mbeki critica papel de NATO na L\u00edbia e na destitui\u00e7\u00e3o de Laurent Gbagbo\",\"datePublished\":\"2012-06-10T00:00:00+00:00\",\"dateModified\":\"2012-06-10T17:27:20+00:00\",\"mainEntityOfPage\":{\"@id\":\"https:\/\/www.pressenza.com\/pt-pt\/2012\/06\/mbeki-critica-papel-de-nato-na-libia-e-na-destituicao-de-laurent-gbagbo\/\"},\"wordCount\":255,\"publisher\":{\"@id\":\"https:\/\/www.pressenza.com\/pt-pt\/#organization\"},\"articleSection\":[\"Africa\",\"Pol\u00edtica\"],\"inLanguage\":\"pt-PT\"},{\"@type\":\"WebPage\",\"@id\":\"https:\/\/www.pressenza.com\/pt-pt\/2012\/06\/mbeki-critica-papel-de-nato-na-libia-e-na-destituicao-de-laurent-gbagbo\/\",\"url\":\"https:\/\/www.pressenza.com\/pt-pt\/2012\/06\/mbeki-critica-papel-de-nato-na-libia-e-na-destituicao-de-laurent-gbagbo\/\",\"name\":\"Mbeki critica papel de NATO na L\u00edbia e na destitui\u00e7\u00e3o de Laurent Gbagbo\",\"isPartOf\":{\"@id\":\"https:\/\/www.pressenza.com\/pt-pt\/#website\"},\"datePublished\":\"2012-06-10T00:00:00+00:00\",\"dateModified\":\"2012-06-10T17:27:20+00:00\",\"description\":\"\\\"A realidade \u00e9 que os \u00f3rg\u00e3os competentes da ONU (Conselho de Seguran\u00e7a e Gabinete do Secret\u00e1rio-Geral) tra\u00edram as suas obriga\u00e7\u00f5es em termos de Direito Internacional\\\". Sobre a L\u00edbia, Mbeki indicou que a recusa inicial da Uni\u00e3o Africanan (UA) e do Governo sul-africano de reconhecer o Conselho Nacional de Transi\u00e7\u00e3o (CNT) n\u00e3o se deveu \u00e0 corrup\u00e7\u00e3o com \\\"petrod\u00f3lares\\\".\",\"breadcrumb\":{\"@id\":\"https:\/\/www.pressenza.com\/pt-pt\/2012\/06\/mbeki-critica-papel-de-nato-na-libia-e-na-destituicao-de-laurent-gbagbo\/#breadcrumb\"},\"inLanguage\":\"pt-PT\",\"potentialAction\":[{\"@type\":\"ReadAction\",\"target\":[\"https:\/\/www.pressenza.com\/pt-pt\/2012\/06\/mbeki-critica-papel-de-nato-na-libia-e-na-destituicao-de-laurent-gbagbo\/\"]}]},{\"@type\":\"BreadcrumbList\",\"@id\":\"https:\/\/www.pressenza.com\/pt-pt\/2012\/06\/mbeki-critica-papel-de-nato-na-libia-e-na-destituicao-de-laurent-gbagbo\/#breadcrumb\",\"itemListElement\":[{\"@type\":\"ListItem\",\"position\":1,\"name\":\"Accueil\",\"item\":\"https:\/\/www.pressenza.com\/pt-pt\/\"},{\"@type\":\"ListItem\",\"position\":2,\"name\":\"Mbeki critica papel de NATO na L\u00edbia e na destitui\u00e7\u00e3o de Laurent Gbagbo\"}]},{\"@type\":\"WebSite\",\"@id\":\"https:\/\/www.pressenza.com\/pt-pt\/#website\",\"url\":\"https:\/\/www.pressenza.com\/pt-pt\/\",\"name\":\"Pressenza\",\"description\":\"International Press Agency\",\"publisher\":{\"@id\":\"https:\/\/www.pressenza.com\/pt-pt\/#organization\"},\"potentialAction\":[{\"@type\":\"SearchAction\",\"target\":{\"@type\":\"EntryPoint\",\"urlTemplate\":\"https:\/\/www.pressenza.com\/pt-pt\/?s={search_term_string}\"},\"query-input\":{\"@type\":\"PropertyValueSpecification\",\"valueRequired\":true,\"valueName\":\"search_term_string\"}}],\"inLanguage\":\"pt-PT\"},{\"@type\":\"Organization\",\"@id\":\"https:\/\/www.pressenza.com\/pt-pt\/#organization\",\"name\":\"Pressenza\",\"url\":\"https:\/\/www.pressenza.com\/pt-pt\/\",\"logo\":{\"@type\":\"ImageObject\",\"inLanguage\":\"pt-PT\",\"@id\":\"https:\/\/www.pressenza.com\/pt-pt\/#\/schema\/logo\/image\/\",\"url\":\"https:\/\/www.pressenza.com\/wp-content\/uploads\/2022\/10\/pressenza_logo_200x200.jpg\",\"contentUrl\":\"https:\/\/www.pressenza.com\/wp-content\/uploads\/2022\/10\/pressenza_logo_200x200.jpg\",\"width\":200,\"height\":200,\"caption\":\"Pressenza\"},\"image\":{\"@id\":\"https:\/\/www.pressenza.com\/pt-pt\/#\/schema\/logo\/image\/\"},\"sameAs\":[\"https:\/\/www.facebook.com\/PressenzaItalia\",\"https:\/\/x.com\/PressenzaIPA\"]},{\"@type\":\"Person\",\"@id\":\"https:\/\/www.pressenza.com\/pt-pt\/#\/schema\/person\/621b040c6493b3c28792a340f46a3c79\",\"name\":\"Radio Mo\u00e7ambique\",\"url\":\"https:\/\/www.pressenza.com\/pt-pt\/author\/radio-mocambique\/\"}]}<\/script>\n<!-- \/ Yoast SEO plugin. -->","yoast_head_json":{"title":"Mbeki critica papel de NATO na L\u00edbia e na destitui\u00e7\u00e3o de Laurent Gbagbo","description":"\"A realidade \u00e9 que os \u00f3rg\u00e3os competentes da ONU (Conselho de Seguran\u00e7a e Gabinete do Secret\u00e1rio-Geral) tra\u00edram as suas obriga\u00e7\u00f5es em termos de Direito Internacional\". Sobre a L\u00edbia, Mbeki indicou que a recusa inicial da Uni\u00e3o Africanan (UA) e do Governo sul-africano de reconhecer o Conselho Nacional de Transi\u00e7\u00e3o (CNT) n\u00e3o se deveu \u00e0 corrup\u00e7\u00e3o com \"petrod\u00f3lares\".","robots":{"index":"index","follow":"follow","max-snippet":"max-snippet:-1","max-image-preview":"max-image-preview:large","max-video-preview":"max-video-preview:-1"},"canonical":"https:\/\/www.pressenza.com\/pt-pt\/2012\/06\/mbeki-critica-papel-de-nato-na-libia-e-na-destituicao-de-laurent-gbagbo\/","og_locale":"pt_PT","og_type":"article","og_title":"Mbeki critica papel de NATO na L\u00edbia e na destitui\u00e7\u00e3o de Laurent Gbagbo","og_description":"\"A realidade \u00e9 que os \u00f3rg\u00e3os competentes da ONU (Conselho de Seguran\u00e7a e Gabinete do Secret\u00e1rio-Geral) tra\u00edram as suas obriga\u00e7\u00f5es em termos de Direito Internacional\". Sobre a L\u00edbia, Mbeki indicou que a recusa inicial da Uni\u00e3o Africanan (UA) e do Governo sul-africano de reconhecer o Conselho Nacional de Transi\u00e7\u00e3o (CNT) n\u00e3o se deveu \u00e0 corrup\u00e7\u00e3o com \"petrod\u00f3lares\".","og_url":"https:\/\/www.pressenza.com\/pt-pt\/2012\/06\/mbeki-critica-papel-de-nato-na-libia-e-na-destituicao-de-laurent-gbagbo\/","og_site_name":"Pressenza","article_publisher":"https:\/\/www.facebook.com\/PressenzaItalia","article_published_time":"2012-06-10T00:00:00+00:00","article_modified_time":"2012-06-10T17:27:20+00:00","author":"Radio Mo\u00e7ambique","twitter_card":"summary_large_image","twitter_creator":"@PressenzaIPA","twitter_site":"@PressenzaIPA","twitter_misc":{"Escrito por":"Radio Mo\u00e7ambique","Tempo estimado de leitura":"1 minuto"},"schema":{"@context":"https:\/\/schema.org","@graph":[{"@type":"Article","@id":"https:\/\/www.pressenza.com\/pt-pt\/2012\/06\/mbeki-critica-papel-de-nato-na-libia-e-na-destituicao-de-laurent-gbagbo\/#article","isPartOf":{"@id":"https:\/\/www.pressenza.com\/pt-pt\/2012\/06\/mbeki-critica-papel-de-nato-na-libia-e-na-destituicao-de-laurent-gbagbo\/"},"author":{"name":"Radio Mo\u00e7ambique","@id":"https:\/\/www.pressenza.com\/pt-pt\/#\/schema\/person\/621b040c6493b3c28792a340f46a3c79"},"headline":"Mbeki critica papel de NATO na L\u00edbia e na destitui\u00e7\u00e3o de Laurent Gbagbo","datePublished":"2012-06-10T00:00:00+00:00","dateModified":"2012-06-10T17:27:20+00:00","mainEntityOfPage":{"@id":"https:\/\/www.pressenza.com\/pt-pt\/2012\/06\/mbeki-critica-papel-de-nato-na-libia-e-na-destituicao-de-laurent-gbagbo\/"},"wordCount":255,"publisher":{"@id":"https:\/\/www.pressenza.com\/pt-pt\/#organization"},"articleSection":["Africa","Pol\u00edtica"],"inLanguage":"pt-PT"},{"@type":"WebPage","@id":"https:\/\/www.pressenza.com\/pt-pt\/2012\/06\/mbeki-critica-papel-de-nato-na-libia-e-na-destituicao-de-laurent-gbagbo\/","url":"https:\/\/www.pressenza.com\/pt-pt\/2012\/06\/mbeki-critica-papel-de-nato-na-libia-e-na-destituicao-de-laurent-gbagbo\/","name":"Mbeki critica papel de NATO na L\u00edbia e na destitui\u00e7\u00e3o de Laurent Gbagbo","isPartOf":{"@id":"https:\/\/www.pressenza.com\/pt-pt\/#website"},"datePublished":"2012-06-10T00:00:00+00:00","dateModified":"2012-06-10T17:27:20+00:00","description":"\"A realidade \u00e9 que os \u00f3rg\u00e3os competentes da ONU (Conselho de Seguran\u00e7a e Gabinete do Secret\u00e1rio-Geral) tra\u00edram as suas obriga\u00e7\u00f5es em termos de Direito Internacional\". Sobre a L\u00edbia, Mbeki indicou que a recusa inicial da Uni\u00e3o Africanan (UA) e do Governo sul-africano de reconhecer o Conselho Nacional de Transi\u00e7\u00e3o (CNT) n\u00e3o se deveu \u00e0 corrup\u00e7\u00e3o com \"petrod\u00f3lares\".","breadcrumb":{"@id":"https:\/\/www.pressenza.com\/pt-pt\/2012\/06\/mbeki-critica-papel-de-nato-na-libia-e-na-destituicao-de-laurent-gbagbo\/#breadcrumb"},"inLanguage":"pt-PT","potentialAction":[{"@type":"ReadAction","target":["https:\/\/www.pressenza.com\/pt-pt\/2012\/06\/mbeki-critica-papel-de-nato-na-libia-e-na-destituicao-de-laurent-gbagbo\/"]}]},{"@type":"BreadcrumbList","@id":"https:\/\/www.pressenza.com\/pt-pt\/2012\/06\/mbeki-critica-papel-de-nato-na-libia-e-na-destituicao-de-laurent-gbagbo\/#breadcrumb","itemListElement":[{"@type":"ListItem","position":1,"name":"Accueil","item":"https:\/\/www.pressenza.com\/pt-pt\/"},{"@type":"ListItem","position":2,"name":"Mbeki critica papel de NATO na L\u00edbia e na destitui\u00e7\u00e3o de Laurent Gbagbo"}]},{"@type":"WebSite","@id":"https:\/\/www.pressenza.com\/pt-pt\/#website","url":"https:\/\/www.pressenza.com\/pt-pt\/","name":"Pressenza","description":"International Press Agency","publisher":{"@id":"https:\/\/www.pressenza.com\/pt-pt\/#organization"},"potentialAction":[{"@type":"SearchAction","target":{"@type":"EntryPoint","urlTemplate":"https:\/\/www.pressenza.com\/pt-pt\/?s={search_term_string}"},"query-input":{"@type":"PropertyValueSpecification","valueRequired":true,"valueName":"search_term_string"}}],"inLanguage":"pt-PT"},{"@type":"Organization","@id":"https:\/\/www.pressenza.com\/pt-pt\/#organization","name":"Pressenza","url":"https:\/\/www.pressenza.com\/pt-pt\/","logo":{"@type":"ImageObject","inLanguage":"pt-PT","@id":"https:\/\/www.pressenza.com\/pt-pt\/#\/schema\/logo\/image\/","url":"https:\/\/www.pressenza.com\/wp-content\/uploads\/2022\/10\/pressenza_logo_200x200.jpg","contentUrl":"https:\/\/www.pressenza.com\/wp-content\/uploads\/2022\/10\/pressenza_logo_200x200.jpg","width":200,"height":200,"caption":"Pressenza"},"image":{"@id":"https:\/\/www.pressenza.com\/pt-pt\/#\/schema\/logo\/image\/"},"sameAs":["https:\/\/www.facebook.com\/PressenzaItalia","https:\/\/x.com\/PressenzaIPA"]},{"@type":"Person","@id":"https:\/\/www.pressenza.com\/pt-pt\/#\/schema\/person\/621b040c6493b3c28792a340f46a3c79","name":"Radio Mo\u00e7ambique","url":"https:\/\/www.pressenza.com\/pt-pt\/author\/radio-mocambique\/"}]}},"place":"Cape Town","original_article_url":"","_links":{"self":[{"href":"https:\/\/www.pressenza.com\/pt-pt\/wp-json\/wp\/v2\/posts\/9422","targetHints":{"allow":["GET"]}}],"collection":[{"href":"https:\/\/www.pressenza.com\/pt-pt\/wp-json\/wp\/v2\/posts"}],"about":[{"href":"https:\/\/www.pressenza.com\/pt-pt\/wp-json\/wp\/v2\/types\/post"}],"author":[{"embeddable":true,"href":"https:\/\/www.pressenza.com\/pt-pt\/wp-json\/wp\/v2\/users\/839"}],"replies":[{"embeddable":true,"href":"https:\/\/www.pressenza.com\/pt-pt\/wp-json\/wp\/v2\/comments?post=9422"}],"version-history":[{"count":0,"href":"https:\/\/www.pressenza.com\/pt-pt\/wp-json\/wp\/v2\/posts\/9422\/revisions"}],"wp:attachment":[{"href":"https:\/\/www.pressenza.com\/pt-pt\/wp-json\/wp\/v2\/media?parent=9422"}],"wp:term":[{"taxonomy":"category","embeddable":true,"href":"https:\/\/www.pressenza.com\/pt-pt\/wp-json\/wp\/v2\/categories?post=9422"},{"taxonomy":"post_tag","embeddable":true,"href":"https:\/\/www.pressenza.com\/pt-pt\/wp-json\/wp\/v2\/tags?post=9422"}],"curies":[{"name":"wp","href":"https:\/\/api.w.org\/{rel}","templated":true}]}}