{"id":939549,"date":"2019-10-10T19:59:21","date_gmt":"2019-10-10T18:59:21","guid":{"rendered":"https:\/\/www.pressenza.com\/?p=939549"},"modified":"2019-10-10T19:59:21","modified_gmt":"2019-10-10T18:59:21","slug":"turquia-invade-siria-e-realiza-operacao-militar-em-area-de-fronteira","status":"publish","type":"post","link":"https:\/\/www.pressenza.com\/pt-pt\/2019\/10\/turquia-invade-siria-e-realiza-operacao-militar-em-area-de-fronteira\/","title":{"rendered":"Turquia invade S\u00edria e realiza opera\u00e7\u00e3o militar em \u00e1rea de fronteira\u00a0"},"content":{"rendered":"<p><em>Por<strong> Jonas Valente\u00a0<\/strong><\/em><\/p>\n<p><strong>Grupos curdos-s\u00edrios dizem que pelos menos seis pessoas morreram<\/strong><\/p>\n<p>A Turquia iniciou hoje (9) uma opera\u00e7\u00e3o militar na S\u00edria. O governo turco alegou como motiva\u00e7\u00e3o o combate ao que chamou de amea\u00e7as contra seu pa\u00eds, especificamente os grupos denominados Unidades de Prote\u00e7\u00e3o do Povo (YPG). Esses coletivos curdo-s\u00edrios dominam o nordeste da S\u00edria, regi\u00e3o de fronteira com a Turquia, e se op\u00f5em ao Estado Isl\u00e2mico no pa\u00eds.<\/p>\n<p>O presidente da Turquia, Recep Erdogan, falou sobre a opera\u00e7\u00e3o por meio de sua conta na rede social Twitter alegando que ela teria como foco desbaratar amea\u00e7as contra o pa\u00eds. \u201cNossa miss\u00e3o \u00e9 prevenir a cria\u00e7\u00e3o de um corredor do terror em nossa fronteira do sul e trazer paz \u00e0 \u00e1rea\u201d, escreveu.<\/p>\n<p>A ag\u00eancia de not\u00edcias oficial turca, Anadolu, informou que avi\u00f5es adentraram o territ\u00f3rio S\u00edrio atacando alvos do grupo YPG. Cinco vilas teriam sido atingidas por m\u00edsseis disparados pelas aeronaves, de acordo com o site.<\/p>\n<p>Mustafa Bali, porta-voz das For\u00e7as Democr\u00e1ticas da S\u00edria (SDF, na sigla em ingl\u00eas), alian\u00e7a integrada pelos YPG, afirmou por meio de sua conta no Twitter que h\u00e1 um \u201cgrande p\u00e2nico\u201d entre as pessoas da regi\u00e3o e reportou seis mortes. O representante das SDF informou que as tropas da alian\u00e7a est\u00e3o repelindo ataques turcos, como os que ocorrem na cidade de Til Abyad.<\/p>\n<h4>Estados Unidos<\/h4>\n<p>Os Estados Unidos, at\u00e9 pouco tempo atr\u00e1s aliados dos grupos curdo-s\u00edrios na S\u00edria no combate ao Estado Isl\u00e2mico (EI), n\u00e3o interferir\u00e3o no conflito. A posi\u00e7\u00e3o foi manifestada pelo governo dos EUA por meio de uma nota da Secretaria de Estado, publicada no domingo (6). Al\u00e9m disso, o presidente Donald Trump informou que retirar\u00e1 as tropas da S\u00edria.<\/p>\n<p>Pela nota, a administra\u00e7\u00e3o do pa\u00eds declarou que a Turquia \u201cagora ser\u00e1 respons\u00e1vel pelos lutadores do EI capturados na \u00e1rea nos \u00faltimos dois anos no \u00e2mbito da derrota do califado pelos Estados Unidos\u201d. Em outro comunicado divulgado hoje, Trump afirmou que a Turquia teria se comprometido a proteger civis e minorias religiosas, incluindo crist\u00e3os, e que os EUA cobrariam essa promessa.<\/p>\n<h4>Cr\u00edticas<\/h4>\n<p>Na Europa, a ofensiva recebeu cr\u00edticas. O presidente da Comiss\u00e3o Europeia, Jean-Claud Juncker, defendeu o fim da ofensiva no Parlamento Europeu. Ele cogitou cortar financiamentos \u00e0 Turquia como forma de retalia\u00e7\u00e3o.<\/p>\n<p>&#8220;A Turquia tem problemas de seguran\u00e7a na sua fronteira com a S\u00edria, que devemos entender. No entanto, exorto a Turquia, bem como outros atores, a agirem com conten\u00e7\u00e3o. Uma incurs\u00e3o ir\u00e1 agravar o sofrimento dos civis, que j\u00e1 est\u00e1 al\u00e9m do que as palavras possam descrever&#8221;, apelou Juncker.<\/p>\n<p>O ministro de Assuntos Externos da Fran\u00e7a, Jean-Yves Le Drian, utilizou sua conta oficial no Twitter para se manifestar contra a iniciativa. \u201cCondeno a opera\u00e7\u00e3o unilateral lan\u00e7ada pela Turquia na S\u00edria. P\u00f5e em quest\u00e3o os esfor\u00e7os humanit\u00e1rios e de seguran\u00e7a da Coaliz\u00e3o contra o Estado Isl\u00e2mico e corre o risco de comprometer a seguran\u00e7a dos europeus. Ela deve parar\u201d, defendeu.<\/p>\n<p><strong>Impactos<\/strong><\/p>\n<p>O Comit\u00ea Internacional de Refugiados (IRC, na sigla em ingl\u00eas) alertou, por meio de sua conta no Twitter, que a opera\u00e7\u00e3o da Turquia pode resultar em 300 mil pessoas residentes das regi\u00f5es atacadas desalojadas.<\/p>\n<p>\u201cN\u00f3s refor\u00e7amos aos l\u00edderes globais que tomem todas as medidas necess\u00e1rias para proteger os civis e consider\u00e1-los no cora\u00e7\u00e3o de qualquer decis\u00e3o\u201d, destacou a organiza\u00e7\u00e3o.<\/p>\n<hr \/>\n<p><em>Com informa\u00e7\u00f5es da RTP \u2013 ag\u00eancia de not\u00edcias p\u00fablicas de Portugal<\/em><\/p>\n<div class=\"saibaMais\"><\/div>\n","protected":false},"excerpt":{"rendered":"<p>Por Jonas Valente\u00a0 Grupos curdos-s\u00edrios dizem que pelos menos seis pessoas morreram A Turquia iniciou hoje (9) uma opera\u00e7\u00e3o militar na S\u00edria. O governo turco alegou como motiva\u00e7\u00e3o o combate ao que chamou de amea\u00e7as contra seu pa\u00eds, especificamente os&hellip;<\/p>\n","protected":false},"author":860,"featured_media":939565,"comment_status":"closed","ping_status":"closed","sticky":false,"template":"","format":"standard","meta":{"footnotes":""},"categories":[116,42,108,111],"tags":[65175,65174,63809,5191,5256],"class_list":["post-939549","post","type-post","status-publish","format-standard","has-post-thumbnail","hentry","category-direitos-humanos","category-internacional-2","category-oriente-medio","category-politica-pt-pt","tag-curdos-pt-pt","tag-erdogan-pt-pt","tag-eua-pt-pt-6","tag-siria-pt-pt","tag-turquia-pt-pt"],"yoast_head":"<!-- This site is optimized with the Yoast SEO plugin v27.1.1 - https:\/\/yoast.com\/product\/yoast-seo-wordpress\/ -->\n<title>Turquia invade S\u00edria e realiza opera\u00e7\u00e3o militar em \u00e1rea de fronteira\u00a0<\/title>\n<meta name=\"description\" content=\"Por Jonas Valente\u00a0 Grupos curdos-s\u00edrios dizem que pelos menos seis pessoas morreram A Turquia iniciou hoje (9) uma opera\u00e7\u00e3o militar na S\u00edria. O governo\" \/>\n<meta name=\"robots\" content=\"index, follow, max-snippet:-1, max-image-preview:large, max-video-preview:-1\" \/>\n<link rel=\"canonical\" href=\"https:\/\/www.pressenza.com\/pt-pt\/2019\/10\/turquia-invade-siria-e-realiza-operacao-militar-em-area-de-fronteira\/\" \/>\n<meta property=\"og:locale\" content=\"pt_PT\" \/>\n<meta property=\"og:type\" content=\"article\" \/>\n<meta property=\"og:title\" content=\"Turquia invade S\u00edria e realiza opera\u00e7\u00e3o militar em \u00e1rea de fronteira\u00a0\" \/>\n<meta property=\"og:description\" content=\"Por Jonas Valente\u00a0 Grupos curdos-s\u00edrios dizem que pelos menos seis pessoas morreram A Turquia iniciou hoje (9) uma opera\u00e7\u00e3o militar na S\u00edria. O governo\" \/>\n<meta property=\"og:url\" content=\"https:\/\/www.pressenza.com\/pt-pt\/2019\/10\/turquia-invade-siria-e-realiza-operacao-militar-em-area-de-fronteira\/\" \/>\n<meta property=\"og:site_name\" content=\"Pressenza\" \/>\n<meta property=\"article:publisher\" content=\"https:\/\/www.facebook.com\/PressenzaItalia\" \/>\n<meta property=\"article:published_time\" content=\"2019-10-10T18:59:21+00:00\" \/>\n<meta property=\"og:image\" content=\"https:\/\/www.pressenza.com\/wp-content\/uploads\/2019\/10\/Turquia-Operac\u0327a\u0303o-militar-na-Si\u0301ria-Captura-La-Vanguardia.jpg\" \/>\n\t<meta property=\"og:image:width\" content=\"1024\" \/>\n\t<meta property=\"og:image:height\" content=\"576\" \/>\n\t<meta property=\"og:image:type\" content=\"image\/jpeg\" \/>\n<meta name=\"author\" content=\"Agencia Brasil\" \/>\n<meta name=\"twitter:card\" content=\"summary_large_image\" \/>\n<meta name=\"twitter:creator\" content=\"@PressenzaIPA\" \/>\n<meta name=\"twitter:site\" content=\"@PressenzaIPA\" \/>\n<meta name=\"twitter:label1\" content=\"Escrito por\" \/>\n\t<meta name=\"twitter:data1\" content=\"Agencia Brasil\" \/>\n\t<meta name=\"twitter:label2\" content=\"Tempo estimado de leitura\" \/>\n\t<meta name=\"twitter:data2\" content=\"3 minutos\" \/>\n<script type=\"application\/ld+json\" class=\"yoast-schema-graph\">{\"@context\":\"https:\/\/schema.org\",\"@graph\":[{\"@type\":\"Article\",\"@id\":\"https:\/\/www.pressenza.com\/pt-pt\/2019\/10\/turquia-invade-siria-e-realiza-operacao-militar-em-area-de-fronteira\/#article\",\"isPartOf\":{\"@id\":\"https:\/\/www.pressenza.com\/pt-pt\/2019\/10\/turquia-invade-siria-e-realiza-operacao-militar-em-area-de-fronteira\/\"},\"author\":{\"name\":\"Agencia Brasil\",\"@id\":\"https:\/\/www.pressenza.com\/pt-pt\/#\/schema\/person\/e2e4e9b5b3a7554516d809f2394b3dd4\"},\"headline\":\"Turquia invade S\u00edria e realiza opera\u00e7\u00e3o militar em \u00e1rea de fronteira\u00a0\",\"datePublished\":\"2019-10-10T18:59:21+00:00\",\"mainEntityOfPage\":{\"@id\":\"https:\/\/www.pressenza.com\/pt-pt\/2019\/10\/turquia-invade-siria-e-realiza-operacao-militar-em-area-de-fronteira\/\"},\"wordCount\":637,\"publisher\":{\"@id\":\"https:\/\/www.pressenza.com\/pt-pt\/#organization\"},\"image\":{\"@id\":\"https:\/\/www.pressenza.com\/pt-pt\/2019\/10\/turquia-invade-siria-e-realiza-operacao-militar-em-area-de-fronteira\/#primaryimage\"},\"thumbnailUrl\":\"https:\/\/www.pressenza.com\/wp-content\/uploads\/2019\/10\/Turquia-Operac\u0327a\u0303o-militar-na-Si\u0301ria-Captura-La-Vanguardia.jpg\",\"keywords\":[\"curdos\",\"Erdogan\",\"EUA\",\"Siria\",\"Turquia\"],\"articleSection\":[\"Direitos Humanos\",\"Internacional\",\"Oriente M\u00e9dio\",\"Pol\u00edtica\"],\"inLanguage\":\"pt-PT\"},{\"@type\":\"WebPage\",\"@id\":\"https:\/\/www.pressenza.com\/pt-pt\/2019\/10\/turquia-invade-siria-e-realiza-operacao-militar-em-area-de-fronteira\/\",\"url\":\"https:\/\/www.pressenza.com\/pt-pt\/2019\/10\/turquia-invade-siria-e-realiza-operacao-militar-em-area-de-fronteira\/\",\"name\":\"Turquia invade S\u00edria e realiza opera\u00e7\u00e3o militar em \u00e1rea de fronteira\u00a0\",\"isPartOf\":{\"@id\":\"https:\/\/www.pressenza.com\/pt-pt\/#website\"},\"primaryImageOfPage\":{\"@id\":\"https:\/\/www.pressenza.com\/pt-pt\/2019\/10\/turquia-invade-siria-e-realiza-operacao-militar-em-area-de-fronteira\/#primaryimage\"},\"image\":{\"@id\":\"https:\/\/www.pressenza.com\/pt-pt\/2019\/10\/turquia-invade-siria-e-realiza-operacao-militar-em-area-de-fronteira\/#primaryimage\"},\"thumbnailUrl\":\"https:\/\/www.pressenza.com\/wp-content\/uploads\/2019\/10\/Turquia-Operac\u0327a\u0303o-militar-na-Si\u0301ria-Captura-La-Vanguardia.jpg\",\"datePublished\":\"2019-10-10T18:59:21+00:00\",\"description\":\"Por Jonas Valente\u00a0 Grupos curdos-s\u00edrios dizem que pelos menos seis pessoas morreram A Turquia iniciou hoje (9) uma opera\u00e7\u00e3o militar na S\u00edria. O governo\",\"breadcrumb\":{\"@id\":\"https:\/\/www.pressenza.com\/pt-pt\/2019\/10\/turquia-invade-siria-e-realiza-operacao-militar-em-area-de-fronteira\/#breadcrumb\"},\"inLanguage\":\"pt-PT\",\"potentialAction\":[{\"@type\":\"ReadAction\",\"target\":[\"https:\/\/www.pressenza.com\/pt-pt\/2019\/10\/turquia-invade-siria-e-realiza-operacao-militar-em-area-de-fronteira\/\"]}]},{\"@type\":\"ImageObject\",\"inLanguage\":\"pt-PT\",\"@id\":\"https:\/\/www.pressenza.com\/pt-pt\/2019\/10\/turquia-invade-siria-e-realiza-operacao-militar-em-area-de-fronteira\/#primaryimage\",\"url\":\"https:\/\/www.pressenza.com\/wp-content\/uploads\/2019\/10\/Turquia-Operac\u0327a\u0303o-militar-na-Si\u0301ria-Captura-La-Vanguardia.jpg\",\"contentUrl\":\"https:\/\/www.pressenza.com\/wp-content\/uploads\/2019\/10\/Turquia-Operac\u0327a\u0303o-militar-na-Si\u0301ria-Captura-La-Vanguardia.jpg\",\"width\":1024,\"height\":576},{\"@type\":\"BreadcrumbList\",\"@id\":\"https:\/\/www.pressenza.com\/pt-pt\/2019\/10\/turquia-invade-siria-e-realiza-operacao-militar-em-area-de-fronteira\/#breadcrumb\",\"itemListElement\":[{\"@type\":\"ListItem\",\"position\":1,\"name\":\"Accueil\",\"item\":\"https:\/\/www.pressenza.com\/pt-pt\/\"},{\"@type\":\"ListItem\",\"position\":2,\"name\":\"Turquia invade S\u00edria e realiza opera\u00e7\u00e3o militar em \u00e1rea de fronteira\u00a0\"}]},{\"@type\":\"WebSite\",\"@id\":\"https:\/\/www.pressenza.com\/pt-pt\/#website\",\"url\":\"https:\/\/www.pressenza.com\/pt-pt\/\",\"name\":\"Pressenza\",\"description\":\"International Press Agency\",\"publisher\":{\"@id\":\"https:\/\/www.pressenza.com\/pt-pt\/#organization\"},\"potentialAction\":[{\"@type\":\"SearchAction\",\"target\":{\"@type\":\"EntryPoint\",\"urlTemplate\":\"https:\/\/www.pressenza.com\/pt-pt\/?s={search_term_string}\"},\"query-input\":{\"@type\":\"PropertyValueSpecification\",\"valueRequired\":true,\"valueName\":\"search_term_string\"}}],\"inLanguage\":\"pt-PT\"},{\"@type\":\"Organization\",\"@id\":\"https:\/\/www.pressenza.com\/pt-pt\/#organization\",\"name\":\"Pressenza\",\"url\":\"https:\/\/www.pressenza.com\/pt-pt\/\",\"logo\":{\"@type\":\"ImageObject\",\"inLanguage\":\"pt-PT\",\"@id\":\"https:\/\/www.pressenza.com\/pt-pt\/#\/schema\/logo\/image\/\",\"url\":\"https:\/\/www.pressenza.com\/wp-content\/uploads\/2022\/10\/pressenza_logo_200x200.jpg\",\"contentUrl\":\"https:\/\/www.pressenza.com\/wp-content\/uploads\/2022\/10\/pressenza_logo_200x200.jpg\",\"width\":200,\"height\":200,\"caption\":\"Pressenza\"},\"image\":{\"@id\":\"https:\/\/www.pressenza.com\/pt-pt\/#\/schema\/logo\/image\/\"},\"sameAs\":[\"https:\/\/www.facebook.com\/PressenzaItalia\",\"https:\/\/x.com\/PressenzaIPA\"]},{\"@type\":\"Person\",\"@id\":\"https:\/\/www.pressenza.com\/pt-pt\/#\/schema\/person\/e2e4e9b5b3a7554516d809f2394b3dd4\",\"name\":\"Agencia Brasil\",\"url\":\"https:\/\/www.pressenza.com\/pt-pt\/author\/agencia-brasil\/\"}]}<\/script>\n<!-- \/ Yoast SEO plugin. -->","yoast_head_json":{"title":"Turquia invade S\u00edria e realiza opera\u00e7\u00e3o militar em \u00e1rea de fronteira\u00a0","description":"Por Jonas Valente\u00a0 Grupos curdos-s\u00edrios dizem que pelos menos seis pessoas morreram A Turquia iniciou hoje (9) uma opera\u00e7\u00e3o militar na S\u00edria. O governo","robots":{"index":"index","follow":"follow","max-snippet":"max-snippet:-1","max-image-preview":"max-image-preview:large","max-video-preview":"max-video-preview:-1"},"canonical":"https:\/\/www.pressenza.com\/pt-pt\/2019\/10\/turquia-invade-siria-e-realiza-operacao-militar-em-area-de-fronteira\/","og_locale":"pt_PT","og_type":"article","og_title":"Turquia invade S\u00edria e realiza opera\u00e7\u00e3o militar em \u00e1rea de fronteira\u00a0","og_description":"Por Jonas Valente\u00a0 Grupos curdos-s\u00edrios dizem que pelos menos seis pessoas morreram A Turquia iniciou hoje (9) uma opera\u00e7\u00e3o militar na S\u00edria. O governo","og_url":"https:\/\/www.pressenza.com\/pt-pt\/2019\/10\/turquia-invade-siria-e-realiza-operacao-militar-em-area-de-fronteira\/","og_site_name":"Pressenza","article_publisher":"https:\/\/www.facebook.com\/PressenzaItalia","article_published_time":"2019-10-10T18:59:21+00:00","og_image":[{"width":1024,"height":576,"url":"https:\/\/www.pressenza.com\/wp-content\/uploads\/2019\/10\/Turquia-Operac\u0327a\u0303o-militar-na-Si\u0301ria-Captura-La-Vanguardia.jpg","type":"image\/jpeg"}],"author":"Agencia Brasil","twitter_card":"summary_large_image","twitter_creator":"@PressenzaIPA","twitter_site":"@PressenzaIPA","twitter_misc":{"Escrito por":"Agencia Brasil","Tempo estimado de leitura":"3 minutos"},"schema":{"@context":"https:\/\/schema.org","@graph":[{"@type":"Article","@id":"https:\/\/www.pressenza.com\/pt-pt\/2019\/10\/turquia-invade-siria-e-realiza-operacao-militar-em-area-de-fronteira\/#article","isPartOf":{"@id":"https:\/\/www.pressenza.com\/pt-pt\/2019\/10\/turquia-invade-siria-e-realiza-operacao-militar-em-area-de-fronteira\/"},"author":{"name":"Agencia Brasil","@id":"https:\/\/www.pressenza.com\/pt-pt\/#\/schema\/person\/e2e4e9b5b3a7554516d809f2394b3dd4"},"headline":"Turquia invade S\u00edria e realiza opera\u00e7\u00e3o militar em \u00e1rea de fronteira\u00a0","datePublished":"2019-10-10T18:59:21+00:00","mainEntityOfPage":{"@id":"https:\/\/www.pressenza.com\/pt-pt\/2019\/10\/turquia-invade-siria-e-realiza-operacao-militar-em-area-de-fronteira\/"},"wordCount":637,"publisher":{"@id":"https:\/\/www.pressenza.com\/pt-pt\/#organization"},"image":{"@id":"https:\/\/www.pressenza.com\/pt-pt\/2019\/10\/turquia-invade-siria-e-realiza-operacao-militar-em-area-de-fronteira\/#primaryimage"},"thumbnailUrl":"https:\/\/www.pressenza.com\/wp-content\/uploads\/2019\/10\/Turquia-Operac\u0327a\u0303o-militar-na-Si\u0301ria-Captura-La-Vanguardia.jpg","keywords":["curdos","Erdogan","EUA","Siria","Turquia"],"articleSection":["Direitos Humanos","Internacional","Oriente M\u00e9dio","Pol\u00edtica"],"inLanguage":"pt-PT"},{"@type":"WebPage","@id":"https:\/\/www.pressenza.com\/pt-pt\/2019\/10\/turquia-invade-siria-e-realiza-operacao-militar-em-area-de-fronteira\/","url":"https:\/\/www.pressenza.com\/pt-pt\/2019\/10\/turquia-invade-siria-e-realiza-operacao-militar-em-area-de-fronteira\/","name":"Turquia invade S\u00edria e realiza opera\u00e7\u00e3o militar em \u00e1rea de fronteira\u00a0","isPartOf":{"@id":"https:\/\/www.pressenza.com\/pt-pt\/#website"},"primaryImageOfPage":{"@id":"https:\/\/www.pressenza.com\/pt-pt\/2019\/10\/turquia-invade-siria-e-realiza-operacao-militar-em-area-de-fronteira\/#primaryimage"},"image":{"@id":"https:\/\/www.pressenza.com\/pt-pt\/2019\/10\/turquia-invade-siria-e-realiza-operacao-militar-em-area-de-fronteira\/#primaryimage"},"thumbnailUrl":"https:\/\/www.pressenza.com\/wp-content\/uploads\/2019\/10\/Turquia-Operac\u0327a\u0303o-militar-na-Si\u0301ria-Captura-La-Vanguardia.jpg","datePublished":"2019-10-10T18:59:21+00:00","description":"Por Jonas Valente\u00a0 Grupos curdos-s\u00edrios dizem que pelos menos seis pessoas morreram A Turquia iniciou hoje (9) uma opera\u00e7\u00e3o militar na S\u00edria. O governo","breadcrumb":{"@id":"https:\/\/www.pressenza.com\/pt-pt\/2019\/10\/turquia-invade-siria-e-realiza-operacao-militar-em-area-de-fronteira\/#breadcrumb"},"inLanguage":"pt-PT","potentialAction":[{"@type":"ReadAction","target":["https:\/\/www.pressenza.com\/pt-pt\/2019\/10\/turquia-invade-siria-e-realiza-operacao-militar-em-area-de-fronteira\/"]}]},{"@type":"ImageObject","inLanguage":"pt-PT","@id":"https:\/\/www.pressenza.com\/pt-pt\/2019\/10\/turquia-invade-siria-e-realiza-operacao-militar-em-area-de-fronteira\/#primaryimage","url":"https:\/\/www.pressenza.com\/wp-content\/uploads\/2019\/10\/Turquia-Operac\u0327a\u0303o-militar-na-Si\u0301ria-Captura-La-Vanguardia.jpg","contentUrl":"https:\/\/www.pressenza.com\/wp-content\/uploads\/2019\/10\/Turquia-Operac\u0327a\u0303o-militar-na-Si\u0301ria-Captura-La-Vanguardia.jpg","width":1024,"height":576},{"@type":"BreadcrumbList","@id":"https:\/\/www.pressenza.com\/pt-pt\/2019\/10\/turquia-invade-siria-e-realiza-operacao-militar-em-area-de-fronteira\/#breadcrumb","itemListElement":[{"@type":"ListItem","position":1,"name":"Accueil","item":"https:\/\/www.pressenza.com\/pt-pt\/"},{"@type":"ListItem","position":2,"name":"Turquia invade S\u00edria e realiza opera\u00e7\u00e3o militar em \u00e1rea de fronteira\u00a0"}]},{"@type":"WebSite","@id":"https:\/\/www.pressenza.com\/pt-pt\/#website","url":"https:\/\/www.pressenza.com\/pt-pt\/","name":"Pressenza","description":"International Press Agency","publisher":{"@id":"https:\/\/www.pressenza.com\/pt-pt\/#organization"},"potentialAction":[{"@type":"SearchAction","target":{"@type":"EntryPoint","urlTemplate":"https:\/\/www.pressenza.com\/pt-pt\/?s={search_term_string}"},"query-input":{"@type":"PropertyValueSpecification","valueRequired":true,"valueName":"search_term_string"}}],"inLanguage":"pt-PT"},{"@type":"Organization","@id":"https:\/\/www.pressenza.com\/pt-pt\/#organization","name":"Pressenza","url":"https:\/\/www.pressenza.com\/pt-pt\/","logo":{"@type":"ImageObject","inLanguage":"pt-PT","@id":"https:\/\/www.pressenza.com\/pt-pt\/#\/schema\/logo\/image\/","url":"https:\/\/www.pressenza.com\/wp-content\/uploads\/2022\/10\/pressenza_logo_200x200.jpg","contentUrl":"https:\/\/www.pressenza.com\/wp-content\/uploads\/2022\/10\/pressenza_logo_200x200.jpg","width":200,"height":200,"caption":"Pressenza"},"image":{"@id":"https:\/\/www.pressenza.com\/pt-pt\/#\/schema\/logo\/image\/"},"sameAs":["https:\/\/www.facebook.com\/PressenzaItalia","https:\/\/x.com\/PressenzaIPA"]},{"@type":"Person","@id":"https:\/\/www.pressenza.com\/pt-pt\/#\/schema\/person\/e2e4e9b5b3a7554516d809f2394b3dd4","name":"Agencia Brasil","url":"https:\/\/www.pressenza.com\/pt-pt\/author\/agencia-brasil\/"}]}},"place":"Brasilia, Brasil","original_article_url":"http:\/\/agenciabrasil.ebc.com.br\/internacional\/noticia\/2019-10\/turquia-invade-siria-e-realiza-operacao-militar-em-area-de-fronteira","_links":{"self":[{"href":"https:\/\/www.pressenza.com\/pt-pt\/wp-json\/wp\/v2\/posts\/939549","targetHints":{"allow":["GET"]}}],"collection":[{"href":"https:\/\/www.pressenza.com\/pt-pt\/wp-json\/wp\/v2\/posts"}],"about":[{"href":"https:\/\/www.pressenza.com\/pt-pt\/wp-json\/wp\/v2\/types\/post"}],"author":[{"embeddable":true,"href":"https:\/\/www.pressenza.com\/pt-pt\/wp-json\/wp\/v2\/users\/860"}],"replies":[{"embeddable":true,"href":"https:\/\/www.pressenza.com\/pt-pt\/wp-json\/wp\/v2\/comments?post=939549"}],"version-history":[{"count":0,"href":"https:\/\/www.pressenza.com\/pt-pt\/wp-json\/wp\/v2\/posts\/939549\/revisions"}],"wp:featuredmedia":[{"embeddable":true,"href":"https:\/\/www.pressenza.com\/pt-pt\/wp-json\/wp\/v2\/media\/939565"}],"wp:attachment":[{"href":"https:\/\/www.pressenza.com\/pt-pt\/wp-json\/wp\/v2\/media?parent=939549"}],"wp:term":[{"taxonomy":"category","embeddable":true,"href":"https:\/\/www.pressenza.com\/pt-pt\/wp-json\/wp\/v2\/categories?post=939549"},{"taxonomy":"post_tag","embeddable":true,"href":"https:\/\/www.pressenza.com\/pt-pt\/wp-json\/wp\/v2\/tags?post=939549"}],"curies":[{"name":"wp","href":"https:\/\/api.w.org\/{rel}","templated":true}]}}