{"id":93501,"date":"2014-03-13T02:32:04","date_gmt":"2014-03-13T02:32:04","guid":{"rendered":"http:\/\/www.pressenza.com\/?p=93501"},"modified":"2014-03-13T02:33:30","modified_gmt":"2014-03-13T02:33:30","slug":"com-ameacas-pmdb-governo-retira-da-pauta-da-camara-o-marco-civil-da-internet","status":"publish","type":"post","link":"https:\/\/www.pressenza.com\/pt-pt\/2014\/03\/com-ameacas-pmdb-governo-retira-da-pauta-da-camara-o-marco-civil-da-internet\/","title":{"rendered":"Brasil: adiada a vota\u00e7\u00e3o do Marco Civil da Internet"},"content":{"rendered":"<p>S\u00e3o Paulo \u2013 O presidente da C\u00e2mara dos Deputados, Henrique Eduardo Alves (PMDB-RN), anunciou hoje (13) que, a pedido dos ministros da Justi\u00e7a, Jos\u00e9 Eduardo Cardoso e Casa Civil, Aloizio Mercadante, retirou o Marco Civil da Internet da pauta desta semana. &#8220;Eu ouvi o apelo do ministro Aloizio Mercadante e do ministro Jos\u00e9 Eduardo Cardozo, que pediram mais uma semana para se chegar a um acordo para que o texto aprovado seja acordado por toda a C\u00e2mara dos Deputados&#8221;, disse Alves.<\/p>\n<p>O governo Dilma Rousseff passou a temer ser derrotado numa quest\u00e3o importante em meio \u00e0 movimenta\u00e7\u00e3o do l\u00edder do PMDB, Eduardo Cunha (RJ), para impor problemas ao Pal\u00e1cio do Planalto. Hoje, Cunha conseguiu a convoca\u00e7\u00e3o de quatro ministros e a aprova\u00e7\u00e3o de convites a outros seis, num recado ao Executivo. Na v\u00e9spera, ele e outros partidos da base aliada derrotaram o PT em plen\u00e1rio e conseguiram aval para criar uma comiss\u00e3o de investiga\u00e7\u00e3o sobre a Petrobras.<\/p>\n<p>De quebra, Cunha \u00e9, desde o ano passado, o principal opositor do Marco Civil da Internet. Ele defende mudan\u00e7as que imponham discrimina\u00e7\u00e3o de usu\u00e1rios de acordo com tipo de conte\u00fado acessado e com o pacote de internet que possam contratar, uma proposta que encampa os anseios das empresas de telecomunica\u00e7\u00f5es.<\/p>\n<p>O novo adiamento da vota\u00e7\u00e3o representa um atraso cada vez maior para uma quest\u00e3o central para o governo Dilma, que decidiu que a mat\u00e9ria deveria tramitar em car\u00e1ter de urg\u00eancia ap\u00f3s as den\u00fancias de que os Estados Unidos espionaram a presidenta e empresas p\u00fablicas. O projeto que regulamenta a internet brasileira \u00e9 o primeiro da fila de vota\u00e7\u00f5es desde a reabertura do Congresso Nacional, em janeiro.<\/p>\n<p>O l\u00edder do PT na C\u00e2mara, Vicente de Paulo Silva, o Vicentinho, admite que as rela\u00e7\u00f5es conturbadas entre o partido e a base aliada (PMDB, PR, PTB e PSC) est\u00e3o atrapalhando o andamento da pauta, mas acredita que o projeto possa ser votado ainda nesta semana. \u201cEstamos recomendando n\u00e3o votar tendo em vista a situa\u00e7\u00e3o que estamos vivendo agora\u201d, disse ontem (12) \u00e0 TVT. A crise teve in\u00edcio h\u00e1 duas semanas, quando Cunha passou a cobrar mais um minist\u00e9rio para o PMDB, que j\u00e1 conta com cinco. De l\u00e1 para c\u00e1, publicamente houve troca de farpas entre l\u00edderes das duas siglas, e Dilma teria trabalhado para isolar Cunha dentro de seu partido.<\/p>\n<p>Movimentos sociais que defendem a cria\u00e7\u00e3o do Marco Civil temem que a disputa pol\u00edtica entre os parlamentares se sobreponha \u00e0 qualidade do debate. Para a integrante do Coletivo Intervozes Bia Barbosa, os deputados est\u00e3o ignorando a vontade popular. \u201cA bancada de oposi\u00e7\u00e3o da direita entende que derrotar o projeto seria derrotar o governo. A base aliada, que est\u00e1 insatisfeita com certas posturas do governo e com o tratamento que recebe, entende que se n\u00e3o votar o Marco Civil pode barganhar a libera\u00e7\u00e3o das suas emendas\u201d, lamenta.<\/p>\n<p>Hoje, discursando em plen\u00e1rio, o relator Alessandro Molon afirmou que a inten\u00e7\u00e3o dos que se op\u00f5em a seu texto \u00e9 garantir uma internet com pacotes de diferentes n\u00edveis de direito de acordo com a capacidade de pagamento. \u201cQuando decidirmos quando ser\u00e1 o momento oportuno para o debate, o Congresso ter\u00e1 de decidir se ficar\u00e1 do lado de 100 milh\u00f5es de pessoas ou contra elas, a favor da internet livre e neutra ou contra ela. Derrotar o marco civil e aprovar emenda aglutinativa \u00e9 tirar de 100 milh\u00f5es de brasileiros o direito \u00e0 internet.\u201d<\/p>\n<p>Ele disse que seu projeto \u201cincorporou propostas de toda a sociedade e citou PSDB, DEM, PPS e Solidariedade, que deram solu\u00e7\u00f5es que incorporei ao relat\u00f3rio\u201d. Molon apelou ao Congresso que, no momento oportuno, discuta a proposta com \u201cgrandeza para votar um projeto decisivo para o futuro do Brasil, e n\u00e3o votar uma vingan\u00e7a pol\u00edtica mesquinha contra 100 milh\u00f5es de internautas\u201d.<\/p>\n<p>O Marco Civil da Internet estabelece os princ\u00edpios de liberdade de express\u00e3o online, o sigilo da seguran\u00e7a dos usu\u00e1rios e a neutralidade da rede, que garante que todas as informa\u00e7\u00f5es que trafegam pela internet sejam tratadas da mesma forma sem que cada servi\u00e7o ou produto seja negociado com valores ou pacotes diferentes. Este \u00faltimo ponto causa diverg\u00eancia e representantes dos interesses de empresas de telecomunica\u00e7\u00f5es buscam retir\u00e1-lo do texto. Entretanto, ap\u00f3s negocia\u00e7\u00e3o com parlamentares, Molon garantiu que a neutralidade ser\u00e1 mantida.<\/p>\n<p>Desde a formula\u00e7\u00e3o do projeto de lei, em 2009, e de sua apresenta\u00e7\u00e3o \u00e0 C\u00e2mara, em 2011, j\u00e1 foram colhidas mais de 1 milh\u00e3o de assinaturas para sua aprova\u00e7\u00e3o. Nesta semana, o ex-ministro da Cultura Gilberto Gil (PV) divulgou um apelo aos internautas para que se manifestem contra o \u201clobby irrespons\u00e1vel de um punhado de empresas\u201d que se op\u00f5em ao princ\u00edpio de neutralidade da rede. A carta foi anexada a uma peti\u00e7\u00e3o p\u00fablica da plataforma de campanhas online Avaaz e j\u00e1 recebeu 304 mil assinaturas.<\/p>\n<p>\u201cO poderoso lobby das empresas de telecomunica\u00e7\u00f5es est\u00e1 influenciando nossos pol\u00edticos para que transformem a internet em uma esp\u00e9cie de TV a cabo, em que se poderia cobrar a mais para podermos assistir a v\u00eddeos, ouvir m\u00fasica ou acessar informa\u00e7\u00f5es. A vota\u00e7\u00e3o ser\u00e1 apertada, mas uma grande mobiliza\u00e7\u00e3o p\u00fablica pode convencer os deputados de que suas reelei\u00e7\u00f5es dependem desse voto\u201d, afirmou Gil.<\/p>\n<p>por Reda\u00e7\u00e3o RBA &#8211; <a href=\"http:\/\/www.redebrasilatual.com.br\/cidadania\/2014\/03\/votacao-do-marco-civil-da-internet-foi-novamente-adiada-5429.html\" target=\"_blank\">aqui a reportagem completa da TVT<\/a><\/p>\n","protected":false},"excerpt":{"rendered":"<p>S\u00e3o Paulo \u2013 O presidente da C\u00e2mara dos Deputados, Henrique Eduardo Alves (PMDB-RN), anunciou hoje (13) que, a pedido dos ministros da Justi\u00e7a, Jos\u00e9 Eduardo Cardoso e Casa Civil, Aloizio Mercadante, retirou o Marco Civil da Internet da pauta desta&hellip;<\/p>\n","protected":false},"author":44,"featured_media":93502,"comment_status":"closed","ping_status":"open","sticky":false,"template":"","format":"standard","meta":{"footnotes":""},"categories":[104,112,116,1255,42],"tags":[2744,9495,6040,9494],"class_list":["post-93501","post","type-post","status-publish","format-standard","has-post-thumbnail","hentry","category-america-do-sul","category-cultura-pt-pt","category-direitos-humanos","category-diversidade","category-internacional-2","tag-brasil","tag-congresso-nacional","tag-marco-civil-internet","tag-neutralidade-internet"],"yoast_head":"<!-- This site is optimized with the Yoast SEO plugin v27.1.1 - https:\/\/yoast.com\/product\/yoast-seo-wordpress\/ -->\n<title>Brasil: adiada a vota\u00e7\u00e3o do Marco Civil da Internet<\/title>\n<meta name=\"description\" content=\"S\u00e3o Paulo \u2013 O presidente da C\u00e2mara dos Deputados, Henrique Eduardo Alves (PMDB-RN), anunciou hoje (13) que, a pedido dos ministros da Justi\u00e7a, Jos\u00e9\" \/>\n<meta name=\"robots\" content=\"index, follow, max-snippet:-1, max-image-preview:large, max-video-preview:-1\" \/>\n<link rel=\"canonical\" href=\"https:\/\/www.pressenza.com\/pt-pt\/2014\/03\/com-ameacas-pmdb-governo-retira-da-pauta-da-camara-o-marco-civil-da-internet\/\" \/>\n<meta property=\"og:locale\" content=\"pt_PT\" \/>\n<meta property=\"og:type\" content=\"article\" \/>\n<meta property=\"og:title\" content=\"Brasil: adiada a vota\u00e7\u00e3o do Marco Civil da Internet\" \/>\n<meta property=\"og:description\" content=\"S\u00e3o Paulo \u2013 O presidente da C\u00e2mara dos Deputados, Henrique Eduardo Alves (PMDB-RN), anunciou hoje (13) que, a pedido dos ministros da Justi\u00e7a, Jos\u00e9\" \/>\n<meta property=\"og:url\" content=\"https:\/\/www.pressenza.com\/pt-pt\/2014\/03\/com-ameacas-pmdb-governo-retira-da-pauta-da-camara-o-marco-civil-da-internet\/\" \/>\n<meta property=\"og:site_name\" content=\"Pressenza\" \/>\n<meta property=\"article:publisher\" content=\"https:\/\/www.facebook.com\/PressenzaItalia\" \/>\n<meta property=\"article:author\" content=\"https:\/\/www.facebook.com\/PressenzaPortugues\" \/>\n<meta property=\"article:published_time\" content=\"2014-03-13T02:32:04+00:00\" \/>\n<meta property=\"article:modified_time\" content=\"2014-03-13T02:33:30+00:00\" \/>\n<meta property=\"og:image\" content=\"https:\/\/www.pressenza.com\/wp-content\/uploads\/2014\/03\/marco-civil-da-internet-20100523091425.jpg\" \/>\n\t<meta property=\"og:image:width\" content=\"432\" \/>\n\t<meta property=\"og:image:height\" content=\"281\" \/>\n\t<meta property=\"og:image:type\" content=\"image\/jpeg\" \/>\n<meta name=\"author\" content=\"Reda\u00e7\u00e3o S\u00e3o Paulo\" \/>\n<meta name=\"twitter:card\" content=\"summary_large_image\" \/>\n<meta name=\"twitter:creator\" content=\"@pressenza_pt\" \/>\n<meta name=\"twitter:site\" content=\"@PressenzaIPA\" \/>\n<meta name=\"twitter:label1\" content=\"Escrito por\" \/>\n\t<meta name=\"twitter:data1\" content=\"Reda\u00e7\u00e3o S\u00e3o Paulo\" \/>\n\t<meta name=\"twitter:label2\" content=\"Tempo estimado de leitura\" \/>\n\t<meta name=\"twitter:data2\" content=\"5 minutos\" \/>\n<script type=\"application\/ld+json\" class=\"yoast-schema-graph\">{\"@context\":\"https:\/\/schema.org\",\"@graph\":[{\"@type\":\"Article\",\"@id\":\"https:\/\/www.pressenza.com\/pt-pt\/2014\/03\/com-ameacas-pmdb-governo-retira-da-pauta-da-camara-o-marco-civil-da-internet\/#article\",\"isPartOf\":{\"@id\":\"https:\/\/www.pressenza.com\/pt-pt\/2014\/03\/com-ameacas-pmdb-governo-retira-da-pauta-da-camara-o-marco-civil-da-internet\/\"},\"author\":{\"name\":\"Reda\u00e7\u00e3o S\u00e3o Paulo\",\"@id\":\"https:\/\/www.pressenza.com\/pt-pt\/#\/schema\/person\/d171826afb7693cfc394da95892bfd93\"},\"headline\":\"Brasil: adiada a vota\u00e7\u00e3o do Marco Civil da Internet\",\"datePublished\":\"2014-03-13T02:32:04+00:00\",\"dateModified\":\"2014-03-13T02:33:30+00:00\",\"mainEntityOfPage\":{\"@id\":\"https:\/\/www.pressenza.com\/pt-pt\/2014\/03\/com-ameacas-pmdb-governo-retira-da-pauta-da-camara-o-marco-civil-da-internet\/\"},\"wordCount\":940,\"publisher\":{\"@id\":\"https:\/\/www.pressenza.com\/pt-pt\/#organization\"},\"image\":{\"@id\":\"https:\/\/www.pressenza.com\/pt-pt\/2014\/03\/com-ameacas-pmdb-governo-retira-da-pauta-da-camara-o-marco-civil-da-internet\/#primaryimage\"},\"thumbnailUrl\":\"https:\/\/www.pressenza.com\/wp-content\/uploads\/2014\/03\/marco-civil-da-internet-20100523091425.jpg\",\"keywords\":[\"Brasil\",\"Congresso Nacional\",\"marco civil internet\",\"neutralidade internet\"],\"articleSection\":[\"\u00c1m\u00e9rica do Sul\",\"Cultura e M\u00eddia\",\"Direitos Humanos\",\"Diversidade\",\"Internacional\"],\"inLanguage\":\"pt-PT\"},{\"@type\":\"WebPage\",\"@id\":\"https:\/\/www.pressenza.com\/pt-pt\/2014\/03\/com-ameacas-pmdb-governo-retira-da-pauta-da-camara-o-marco-civil-da-internet\/\",\"url\":\"https:\/\/www.pressenza.com\/pt-pt\/2014\/03\/com-ameacas-pmdb-governo-retira-da-pauta-da-camara-o-marco-civil-da-internet\/\",\"name\":\"Brasil: adiada a vota\u00e7\u00e3o do Marco Civil da Internet\",\"isPartOf\":{\"@id\":\"https:\/\/www.pressenza.com\/pt-pt\/#website\"},\"primaryImageOfPage\":{\"@id\":\"https:\/\/www.pressenza.com\/pt-pt\/2014\/03\/com-ameacas-pmdb-governo-retira-da-pauta-da-camara-o-marco-civil-da-internet\/#primaryimage\"},\"image\":{\"@id\":\"https:\/\/www.pressenza.com\/pt-pt\/2014\/03\/com-ameacas-pmdb-governo-retira-da-pauta-da-camara-o-marco-civil-da-internet\/#primaryimage\"},\"thumbnailUrl\":\"https:\/\/www.pressenza.com\/wp-content\/uploads\/2014\/03\/marco-civil-da-internet-20100523091425.jpg\",\"datePublished\":\"2014-03-13T02:32:04+00:00\",\"dateModified\":\"2014-03-13T02:33:30+00:00\",\"description\":\"S\u00e3o Paulo \u2013 O presidente da C\u00e2mara dos Deputados, Henrique Eduardo Alves (PMDB-RN), anunciou hoje (13) que, a pedido dos ministros da Justi\u00e7a, Jos\u00e9\",\"breadcrumb\":{\"@id\":\"https:\/\/www.pressenza.com\/pt-pt\/2014\/03\/com-ameacas-pmdb-governo-retira-da-pauta-da-camara-o-marco-civil-da-internet\/#breadcrumb\"},\"inLanguage\":\"pt-PT\",\"potentialAction\":[{\"@type\":\"ReadAction\",\"target\":[\"https:\/\/www.pressenza.com\/pt-pt\/2014\/03\/com-ameacas-pmdb-governo-retira-da-pauta-da-camara-o-marco-civil-da-internet\/\"]}]},{\"@type\":\"ImageObject\",\"inLanguage\":\"pt-PT\",\"@id\":\"https:\/\/www.pressenza.com\/pt-pt\/2014\/03\/com-ameacas-pmdb-governo-retira-da-pauta-da-camara-o-marco-civil-da-internet\/#primaryimage\",\"url\":\"https:\/\/www.pressenza.com\/wp-content\/uploads\/2014\/03\/marco-civil-da-internet-20100523091425.jpg\",\"contentUrl\":\"https:\/\/www.pressenza.com\/wp-content\/uploads\/2014\/03\/marco-civil-da-internet-20100523091425.jpg\",\"width\":432,\"height\":281},{\"@type\":\"BreadcrumbList\",\"@id\":\"https:\/\/www.pressenza.com\/pt-pt\/2014\/03\/com-ameacas-pmdb-governo-retira-da-pauta-da-camara-o-marco-civil-da-internet\/#breadcrumb\",\"itemListElement\":[{\"@type\":\"ListItem\",\"position\":1,\"name\":\"Accueil\",\"item\":\"https:\/\/www.pressenza.com\/pt-pt\/\"},{\"@type\":\"ListItem\",\"position\":2,\"name\":\"Brasil: adiada a vota\u00e7\u00e3o do Marco Civil da Internet\"}]},{\"@type\":\"WebSite\",\"@id\":\"https:\/\/www.pressenza.com\/pt-pt\/#website\",\"url\":\"https:\/\/www.pressenza.com\/pt-pt\/\",\"name\":\"Pressenza\",\"description\":\"International Press Agency\",\"publisher\":{\"@id\":\"https:\/\/www.pressenza.com\/pt-pt\/#organization\"},\"potentialAction\":[{\"@type\":\"SearchAction\",\"target\":{\"@type\":\"EntryPoint\",\"urlTemplate\":\"https:\/\/www.pressenza.com\/pt-pt\/?s={search_term_string}\"},\"query-input\":{\"@type\":\"PropertyValueSpecification\",\"valueRequired\":true,\"valueName\":\"search_term_string\"}}],\"inLanguage\":\"pt-PT\"},{\"@type\":\"Organization\",\"@id\":\"https:\/\/www.pressenza.com\/pt-pt\/#organization\",\"name\":\"Pressenza\",\"url\":\"https:\/\/www.pressenza.com\/pt-pt\/\",\"logo\":{\"@type\":\"ImageObject\",\"inLanguage\":\"pt-PT\",\"@id\":\"https:\/\/www.pressenza.com\/pt-pt\/#\/schema\/logo\/image\/\",\"url\":\"https:\/\/www.pressenza.com\/wp-content\/uploads\/2022\/10\/pressenza_logo_200x200.jpg\",\"contentUrl\":\"https:\/\/www.pressenza.com\/wp-content\/uploads\/2022\/10\/pressenza_logo_200x200.jpg\",\"width\":200,\"height\":200,\"caption\":\"Pressenza\"},\"image\":{\"@id\":\"https:\/\/www.pressenza.com\/pt-pt\/#\/schema\/logo\/image\/\"},\"sameAs\":[\"https:\/\/www.facebook.com\/PressenzaItalia\",\"https:\/\/x.com\/PressenzaIPA\"]},{\"@type\":\"Person\",\"@id\":\"https:\/\/www.pressenza.com\/pt-pt\/#\/schema\/person\/d171826afb7693cfc394da95892bfd93\",\"name\":\"Reda\u00e7\u00e3o S\u00e3o Paulo\",\"description\":\"News from the Pressenza bureau in Sao Paulo, Brazil\",\"sameAs\":[\"https:\/\/www.facebook.com\/PressenzaPortugues\",\"https:\/\/x.com\/pressenza_pt\"],\"url\":\"https:\/\/www.pressenza.com\/pt-pt\/author\/redaccao-sao-paulo\/\"}]}<\/script>\n<!-- \/ Yoast SEO plugin. -->","yoast_head_json":{"title":"Brasil: adiada a vota\u00e7\u00e3o do Marco Civil da Internet","description":"S\u00e3o Paulo \u2013 O presidente da C\u00e2mara dos Deputados, Henrique Eduardo Alves (PMDB-RN), anunciou hoje (13) que, a pedido dos ministros da Justi\u00e7a, Jos\u00e9","robots":{"index":"index","follow":"follow","max-snippet":"max-snippet:-1","max-image-preview":"max-image-preview:large","max-video-preview":"max-video-preview:-1"},"canonical":"https:\/\/www.pressenza.com\/pt-pt\/2014\/03\/com-ameacas-pmdb-governo-retira-da-pauta-da-camara-o-marco-civil-da-internet\/","og_locale":"pt_PT","og_type":"article","og_title":"Brasil: adiada a vota\u00e7\u00e3o do Marco Civil da Internet","og_description":"S\u00e3o Paulo \u2013 O presidente da C\u00e2mara dos Deputados, Henrique Eduardo Alves (PMDB-RN), anunciou hoje (13) que, a pedido dos ministros da Justi\u00e7a, Jos\u00e9","og_url":"https:\/\/www.pressenza.com\/pt-pt\/2014\/03\/com-ameacas-pmdb-governo-retira-da-pauta-da-camara-o-marco-civil-da-internet\/","og_site_name":"Pressenza","article_publisher":"https:\/\/www.facebook.com\/PressenzaItalia","article_author":"https:\/\/www.facebook.com\/PressenzaPortugues","article_published_time":"2014-03-13T02:32:04+00:00","article_modified_time":"2014-03-13T02:33:30+00:00","og_image":[{"width":432,"height":281,"url":"https:\/\/www.pressenza.com\/wp-content\/uploads\/2014\/03\/marco-civil-da-internet-20100523091425.jpg","type":"image\/jpeg"}],"author":"Reda\u00e7\u00e3o S\u00e3o Paulo","twitter_card":"summary_large_image","twitter_creator":"@pressenza_pt","twitter_site":"@PressenzaIPA","twitter_misc":{"Escrito por":"Reda\u00e7\u00e3o S\u00e3o Paulo","Tempo estimado de leitura":"5 minutos"},"schema":{"@context":"https:\/\/schema.org","@graph":[{"@type":"Article","@id":"https:\/\/www.pressenza.com\/pt-pt\/2014\/03\/com-ameacas-pmdb-governo-retira-da-pauta-da-camara-o-marco-civil-da-internet\/#article","isPartOf":{"@id":"https:\/\/www.pressenza.com\/pt-pt\/2014\/03\/com-ameacas-pmdb-governo-retira-da-pauta-da-camara-o-marco-civil-da-internet\/"},"author":{"name":"Reda\u00e7\u00e3o S\u00e3o Paulo","@id":"https:\/\/www.pressenza.com\/pt-pt\/#\/schema\/person\/d171826afb7693cfc394da95892bfd93"},"headline":"Brasil: adiada a vota\u00e7\u00e3o do Marco Civil da Internet","datePublished":"2014-03-13T02:32:04+00:00","dateModified":"2014-03-13T02:33:30+00:00","mainEntityOfPage":{"@id":"https:\/\/www.pressenza.com\/pt-pt\/2014\/03\/com-ameacas-pmdb-governo-retira-da-pauta-da-camara-o-marco-civil-da-internet\/"},"wordCount":940,"publisher":{"@id":"https:\/\/www.pressenza.com\/pt-pt\/#organization"},"image":{"@id":"https:\/\/www.pressenza.com\/pt-pt\/2014\/03\/com-ameacas-pmdb-governo-retira-da-pauta-da-camara-o-marco-civil-da-internet\/#primaryimage"},"thumbnailUrl":"https:\/\/www.pressenza.com\/wp-content\/uploads\/2014\/03\/marco-civil-da-internet-20100523091425.jpg","keywords":["Brasil","Congresso Nacional","marco civil internet","neutralidade internet"],"articleSection":["\u00c1m\u00e9rica do Sul","Cultura e M\u00eddia","Direitos Humanos","Diversidade","Internacional"],"inLanguage":"pt-PT"},{"@type":"WebPage","@id":"https:\/\/www.pressenza.com\/pt-pt\/2014\/03\/com-ameacas-pmdb-governo-retira-da-pauta-da-camara-o-marco-civil-da-internet\/","url":"https:\/\/www.pressenza.com\/pt-pt\/2014\/03\/com-ameacas-pmdb-governo-retira-da-pauta-da-camara-o-marco-civil-da-internet\/","name":"Brasil: adiada a vota\u00e7\u00e3o do Marco Civil da Internet","isPartOf":{"@id":"https:\/\/www.pressenza.com\/pt-pt\/#website"},"primaryImageOfPage":{"@id":"https:\/\/www.pressenza.com\/pt-pt\/2014\/03\/com-ameacas-pmdb-governo-retira-da-pauta-da-camara-o-marco-civil-da-internet\/#primaryimage"},"image":{"@id":"https:\/\/www.pressenza.com\/pt-pt\/2014\/03\/com-ameacas-pmdb-governo-retira-da-pauta-da-camara-o-marco-civil-da-internet\/#primaryimage"},"thumbnailUrl":"https:\/\/www.pressenza.com\/wp-content\/uploads\/2014\/03\/marco-civil-da-internet-20100523091425.jpg","datePublished":"2014-03-13T02:32:04+00:00","dateModified":"2014-03-13T02:33:30+00:00","description":"S\u00e3o Paulo \u2013 O presidente da C\u00e2mara dos Deputados, Henrique Eduardo Alves (PMDB-RN), anunciou hoje (13) que, a pedido dos ministros da Justi\u00e7a, Jos\u00e9","breadcrumb":{"@id":"https:\/\/www.pressenza.com\/pt-pt\/2014\/03\/com-ameacas-pmdb-governo-retira-da-pauta-da-camara-o-marco-civil-da-internet\/#breadcrumb"},"inLanguage":"pt-PT","potentialAction":[{"@type":"ReadAction","target":["https:\/\/www.pressenza.com\/pt-pt\/2014\/03\/com-ameacas-pmdb-governo-retira-da-pauta-da-camara-o-marco-civil-da-internet\/"]}]},{"@type":"ImageObject","inLanguage":"pt-PT","@id":"https:\/\/www.pressenza.com\/pt-pt\/2014\/03\/com-ameacas-pmdb-governo-retira-da-pauta-da-camara-o-marco-civil-da-internet\/#primaryimage","url":"https:\/\/www.pressenza.com\/wp-content\/uploads\/2014\/03\/marco-civil-da-internet-20100523091425.jpg","contentUrl":"https:\/\/www.pressenza.com\/wp-content\/uploads\/2014\/03\/marco-civil-da-internet-20100523091425.jpg","width":432,"height":281},{"@type":"BreadcrumbList","@id":"https:\/\/www.pressenza.com\/pt-pt\/2014\/03\/com-ameacas-pmdb-governo-retira-da-pauta-da-camara-o-marco-civil-da-internet\/#breadcrumb","itemListElement":[{"@type":"ListItem","position":1,"name":"Accueil","item":"https:\/\/www.pressenza.com\/pt-pt\/"},{"@type":"ListItem","position":2,"name":"Brasil: adiada a vota\u00e7\u00e3o do Marco Civil da Internet"}]},{"@type":"WebSite","@id":"https:\/\/www.pressenza.com\/pt-pt\/#website","url":"https:\/\/www.pressenza.com\/pt-pt\/","name":"Pressenza","description":"International Press Agency","publisher":{"@id":"https:\/\/www.pressenza.com\/pt-pt\/#organization"},"potentialAction":[{"@type":"SearchAction","target":{"@type":"EntryPoint","urlTemplate":"https:\/\/www.pressenza.com\/pt-pt\/?s={search_term_string}"},"query-input":{"@type":"PropertyValueSpecification","valueRequired":true,"valueName":"search_term_string"}}],"inLanguage":"pt-PT"},{"@type":"Organization","@id":"https:\/\/www.pressenza.com\/pt-pt\/#organization","name":"Pressenza","url":"https:\/\/www.pressenza.com\/pt-pt\/","logo":{"@type":"ImageObject","inLanguage":"pt-PT","@id":"https:\/\/www.pressenza.com\/pt-pt\/#\/schema\/logo\/image\/","url":"https:\/\/www.pressenza.com\/wp-content\/uploads\/2022\/10\/pressenza_logo_200x200.jpg","contentUrl":"https:\/\/www.pressenza.com\/wp-content\/uploads\/2022\/10\/pressenza_logo_200x200.jpg","width":200,"height":200,"caption":"Pressenza"},"image":{"@id":"https:\/\/www.pressenza.com\/pt-pt\/#\/schema\/logo\/image\/"},"sameAs":["https:\/\/www.facebook.com\/PressenzaItalia","https:\/\/x.com\/PressenzaIPA"]},{"@type":"Person","@id":"https:\/\/www.pressenza.com\/pt-pt\/#\/schema\/person\/d171826afb7693cfc394da95892bfd93","name":"Reda\u00e7\u00e3o S\u00e3o Paulo","description":"News from the Pressenza bureau in Sao Paulo, Brazil","sameAs":["https:\/\/www.facebook.com\/PressenzaPortugues","https:\/\/x.com\/pressenza_pt"],"url":"https:\/\/www.pressenza.com\/pt-pt\/author\/redaccao-sao-paulo\/"}]}},"place":"","original_article_url":"","_links":{"self":[{"href":"https:\/\/www.pressenza.com\/pt-pt\/wp-json\/wp\/v2\/posts\/93501","targetHints":{"allow":["GET"]}}],"collection":[{"href":"https:\/\/www.pressenza.com\/pt-pt\/wp-json\/wp\/v2\/posts"}],"about":[{"href":"https:\/\/www.pressenza.com\/pt-pt\/wp-json\/wp\/v2\/types\/post"}],"author":[{"embeddable":true,"href":"https:\/\/www.pressenza.com\/pt-pt\/wp-json\/wp\/v2\/users\/44"}],"replies":[{"embeddable":true,"href":"https:\/\/www.pressenza.com\/pt-pt\/wp-json\/wp\/v2\/comments?post=93501"}],"version-history":[{"count":0,"href":"https:\/\/www.pressenza.com\/pt-pt\/wp-json\/wp\/v2\/posts\/93501\/revisions"}],"wp:featuredmedia":[{"embeddable":true,"href":"https:\/\/www.pressenza.com\/pt-pt\/wp-json\/wp\/v2\/media\/93502"}],"wp:attachment":[{"href":"https:\/\/www.pressenza.com\/pt-pt\/wp-json\/wp\/v2\/media?parent=93501"}],"wp:term":[{"taxonomy":"category","embeddable":true,"href":"https:\/\/www.pressenza.com\/pt-pt\/wp-json\/wp\/v2\/categories?post=93501"},{"taxonomy":"post_tag","embeddable":true,"href":"https:\/\/www.pressenza.com\/pt-pt\/wp-json\/wp\/v2\/tags?post=93501"}],"curies":[{"name":"wp","href":"https:\/\/api.w.org\/{rel}","templated":true}]}}