{"id":934489,"date":"2019-10-04T16:05:30","date_gmt":"2019-10-04T15:05:30","guid":{"rendered":"https:\/\/www.pressenza.com\/?p=934489"},"modified":"2019-10-04T16:05:30","modified_gmt":"2019-10-04T15:05:30","slug":"consumo-consciente-deve-ser-incentivado-desde-a-infancia","status":"publish","type":"post","link":"https:\/\/www.pressenza.com\/pt-pt\/2019\/10\/consumo-consciente-deve-ser-incentivado-desde-a-infancia\/","title":{"rendered":"Consumo consciente deve ser incentivado desde a inf\u00e2ncia"},"content":{"rendered":"<p>Uma pesquisa publicada no fim de 2018 pelo Instituto Akatu aponta que 76% dos 1.090 entrevistados \u2013 homens e mulheres com mais de 16 anos \u2013 n\u00e3o praticam o consumo consciente. Al\u00e9m das vantagens para a sociedade, a pr\u00e1tica tamb\u00e9m gera economia para o bolso, especialmente ao evitar comprar desenfreadamente\u00a0e reduzir o desperd\u00edcio de \u00e1gua, luz e alimentos.<\/p>\n<p>O doutor em Educa\u00e7\u00e3o, p\u00f3s-doutor no departamento de Psicologia Social da Universidade de S\u00e3o Paulo (USP) e membro da Rede de Especialistas em Conserva\u00e7\u00e3o da Natureza, Marcos Sorrentino afirma que o consumo consciente passa pelo encantamento, desde crian\u00e7a, com o n\u00e3o consumo. \u201cBrincar sozinho e em jogos colaborativos, observar a natureza, da textura do tronco das \u00e1rvores e formas das suas folhas, observar as formigas e outros animais, tudo isso tira o valor do consumo por si s\u00f3 e mostra outras possibilidades de a\u00e7\u00e3o no dia a dia. Essa consci\u00eancia passa pelo di\u00e1logo com os pais, com a natureza e consigo pr\u00f3prio, por meio do sil\u00eancio, da medita\u00e7\u00e3o, do contato com a natureza. Atividades que distanciam do consumir, consumir e consumir\u201d, exp\u00f5e. Esse tipo de rotina, al\u00e9m de dar outro peso ao consumismo, leva as crian\u00e7as a valorizarem a natureza e o que ela oferece.<\/p>\n<p>Altemir Farinhas, especialista em finan\u00e7as pessoais e consultor da Conquista Solu\u00e7\u00e3o Educacional, refor\u00e7a que a crian\u00e7a segue os exemplos dos pais. \u201cSe um pai est\u00e1 gastando exageradamente, a crian\u00e7a vai pedir coisas e insistir at\u00e9 conseguir porque ela entende que se seus pais podem gastar \u00e0 vontade, elas tamb\u00e9m podem comprar o que desejam\u201d, explica Farinhas. Segundo ele, a conversa sobre consumo\u00a0deve ser clara: quanto os pais ganham e quanto gastam, quais despesas a fam\u00edlia tem, qual o valor do que \u00e9 consumido em casa, quais etapas cada alimento sofre para que chegue \u00e0 mesa, etc.<\/p>\n<p>Farinhas salienta que \u00e9 importante se colocar no lugar da crian\u00e7a, n\u00e3o querer simplesmente impor o mundo adulto para ela. \u201c\u00c9 preciso usar exemplos que elas entendam para garantir que a mensagem foi compreendida e assimilada\u201d, explica.<\/p>\n<p>Na escola, o tema pode ser abordado em praticamente qualquer componente curricular. Segundo Farinhas, seja em Matem\u00e1tica, Ci\u00eancias ou Geografia, por exemplo, \u00e9 sempre poss\u00edvel transmitir para o aluno a necessidade de refletir sobre aquilo que se consome. \u201cPode ser falando sobre o processo de produ\u00e7\u00e3o agr\u00edcola em uma aula de Ci\u00eancias, ou sobre a aus\u00eancia de certo produto em um determinado pa\u00eds, na aula de Geografia, ou, em Matem\u00e1tica, o c\u00e1lculo da quantidade de impostos sobre a caneta que o aluno est\u00e1 usando na aula. Qualquer assunto pode ser gancho para criar a consci\u00eancia de consumo\u00a0dentro e fora de aula\u201d, exemplifica.<\/p>\n<p>O Instituto Akatu indica 12 princ\u00edpios para o consumo consciente:<\/p>\n<p>1. Planeje suas compras<br \/>\nN\u00e3o seja impulsivo nas compras. A impulsividade \u00e9 inimiga do consumo consciente. Planeje antecipadamente e, com isso, compre menos e melhor.<\/p>\n<p>2. Avalie os impactos de seu consumo<br \/>\nLeve em considera\u00e7\u00e3o o meio ambiente e a sociedade em suas escolhas de consumo.<\/p>\n<p>3. Consuma apenas o necess\u00e1rio<br \/>\nReflita sobre suas reais necessidades e procure viver com menos.<\/p>\n<p>4. Reutilize produtos e embalagens<br \/>\nN\u00e3o compre outra vez o que voc\u00ea pode consertar, transformar e reutilizar.<\/p>\n<p>5. Separe seu lixo<br \/>\nRecicle e contribua para a economia de recursos naturais, a redu\u00e7\u00e3o da degrada\u00e7\u00e3o ambiental e a gera\u00e7\u00e3o de empregos.<\/p>\n<p>6. Use cr\u00e9dito conscientemente<br \/>\nPense bem se o que voc\u00ea vai comprar a cr\u00e9dito n\u00e3o pode esperar e esteja certo de que poder\u00e1 pagar as presta\u00e7\u00f5es.<\/p>\n<p>7. Conhe\u00e7a e valorize as pr\u00e1ticas de responsabilidade social das empresas<br \/>\nEm suas escolhas de consumo, n\u00e3o olhe apenas pre\u00e7o e qualidade do produto. Valorize as empresas em fun\u00e7\u00e3o de sua responsabilidade para com os funcion\u00e1rios, a sociedade e o meio ambiente.<\/p>\n<p>8. N\u00e3o compre produtos piratas ou contrabandeados<br \/>\nCompre sempre do com\u00e9rcio legalizado e, dessa forma, contribua para gerar empregos est\u00e1veis e para combater o crime organizado e a viol\u00eancia.<\/p>\n<p>9. Contribua para a melhoria de produtos e servi\u00e7os<br \/>\nAdote uma postura ativa. Envie \u00e0s empresas sugest\u00f5es e cr\u00edticas construtivas sobre seus produtos e servi\u00e7os.<\/p>\n<p>10. Divulgue o consumo consciente<br \/>\nSensibilize outros consumidores e dissemine informa\u00e7\u00f5es, valores e pr\u00e1ticas do consumo consciente. Monte grupos para mobilizar seus familiares, amigos e pessoas mais pr\u00f3ximas.<\/p>\n<p>11. Cobre dos pol\u00edticos<br \/>\nExija de partidos, candidatos e governantes propostas e a\u00e7\u00f5es que viabilizem e aprofundem a pr\u00e1tica de consumo consciente.<\/p>\n<p>12. Reflita sobre seus valores<br \/>\nAvalie constantemente os princ\u00edpios que guiam suas escolhas e seus h\u00e1bitos de consumo.<\/p>\n<p>&nbsp;<\/p>\n<p>A reportagem \u00e9 publicada por EcoDebate, 03-10-2019.<\/p>\n","protected":false},"excerpt":{"rendered":"<p>Uma pesquisa publicada no fim de 2018 pelo Instituto Akatu aponta que 76% dos 1.090 entrevistados \u2013 homens e mulheres com mais de 16 anos \u2013 n\u00e3o praticam o consumo consciente. Al\u00e9m das vantagens para a sociedade, a pr\u00e1tica tamb\u00e9m&hellip;<\/p>\n","protected":false},"author":361,"featured_media":934519,"comment_status":"closed","ping_status":"closed","sticky":false,"template":"","format":"standard","meta":{"footnotes":""},"categories":[104,118],"tags":[64877,14135],"class_list":["post-934489","post","type-post","status-publish","format-standard","has-post-thumbnail","hentry","category-america-do-sul","category-economia-pt-pt","tag-consumo-consciente","tag-infancia-pt-pt"],"yoast_head":"<!-- This site is optimized with the Yoast SEO plugin v27.1.1 - https:\/\/yoast.com\/product\/yoast-seo-wordpress\/ -->\n<title>Consumo consciente deve ser incentivado desde a inf\u00e2ncia<\/title>\n<meta name=\"description\" content=\"Consumo consciente deve ser incentivado desde a inf\u00e2ncia\" \/>\n<meta name=\"robots\" content=\"index, follow, max-snippet:-1, max-image-preview:large, max-video-preview:-1\" \/>\n<link rel=\"canonical\" href=\"https:\/\/www.pressenza.com\/pt-pt\/2019\/10\/consumo-consciente-deve-ser-incentivado-desde-a-infancia\/\" \/>\n<meta property=\"og:locale\" content=\"pt_PT\" \/>\n<meta property=\"og:type\" content=\"article\" \/>\n<meta property=\"og:title\" content=\"Consumo consciente deve ser incentivado desde a inf\u00e2ncia\" \/>\n<meta property=\"og:description\" content=\"Consumo consciente deve ser incentivado desde a inf\u00e2ncia\" \/>\n<meta property=\"og:url\" content=\"https:\/\/www.pressenza.com\/pt-pt\/2019\/10\/consumo-consciente-deve-ser-incentivado-desde-a-infancia\/\" \/>\n<meta property=\"og:site_name\" content=\"Pressenza\" \/>\n<meta property=\"article:publisher\" content=\"https:\/\/www.facebook.com\/PressenzaItalia\" \/>\n<meta property=\"article:author\" content=\"http:\/\/www.facebook.com\/agenciaadital\" \/>\n<meta property=\"article:published_time\" content=\"2019-10-04T15:05:30+00:00\" \/>\n<meta property=\"og:image\" content=\"https:\/\/www.pressenza.com\/wp-content\/uploads\/2019\/10\/04-10-2019-instituto-akatu-consumo-consciente.jpg\" \/>\n\t<meta property=\"og:image:width\" content=\"800\" \/>\n\t<meta property=\"og:image:height\" content=\"758\" \/>\n\t<meta property=\"og:image:type\" content=\"image\/jpeg\" \/>\n<meta name=\"author\" content=\"Adital\" \/>\n<meta name=\"twitter:card\" content=\"summary_large_image\" \/>\n<meta name=\"twitter:creator\" content=\"@agenciaadital\" \/>\n<meta name=\"twitter:site\" content=\"@PressenzaIPA\" \/>\n<meta name=\"twitter:label1\" content=\"Escrito por\" \/>\n\t<meta name=\"twitter:data1\" content=\"Adital\" \/>\n\t<meta name=\"twitter:label2\" content=\"Tempo estimado de leitura\" \/>\n\t<meta name=\"twitter:data2\" content=\"4 minutos\" \/>\n<script type=\"application\/ld+json\" class=\"yoast-schema-graph\">{\"@context\":\"https:\/\/schema.org\",\"@graph\":[{\"@type\":\"Article\",\"@id\":\"https:\/\/www.pressenza.com\/pt-pt\/2019\/10\/consumo-consciente-deve-ser-incentivado-desde-a-infancia\/#article\",\"isPartOf\":{\"@id\":\"https:\/\/www.pressenza.com\/pt-pt\/2019\/10\/consumo-consciente-deve-ser-incentivado-desde-a-infancia\/\"},\"author\":{\"name\":\"Adital\",\"@id\":\"https:\/\/www.pressenza.com\/pt-pt\/#\/schema\/person\/a49d93e37e2a1fd6902a180ccb8dc5cb\"},\"headline\":\"Consumo consciente deve ser incentivado desde a inf\u00e2ncia\",\"datePublished\":\"2019-10-04T15:05:30+00:00\",\"mainEntityOfPage\":{\"@id\":\"https:\/\/www.pressenza.com\/pt-pt\/2019\/10\/consumo-consciente-deve-ser-incentivado-desde-a-infancia\/\"},\"wordCount\":807,\"publisher\":{\"@id\":\"https:\/\/www.pressenza.com\/pt-pt\/#organization\"},\"image\":{\"@id\":\"https:\/\/www.pressenza.com\/pt-pt\/2019\/10\/consumo-consciente-deve-ser-incentivado-desde-a-infancia\/#primaryimage\"},\"thumbnailUrl\":\"https:\/\/www.pressenza.com\/wp-content\/uploads\/2019\/10\/04-10-2019-instituto-akatu-consumo-consciente.jpg\",\"keywords\":[\"consumo consciente\",\"Infancia\"],\"articleSection\":[\"\u00c1m\u00e9rica do Sul\",\"Economia\"],\"inLanguage\":\"pt-PT\"},{\"@type\":\"WebPage\",\"@id\":\"https:\/\/www.pressenza.com\/pt-pt\/2019\/10\/consumo-consciente-deve-ser-incentivado-desde-a-infancia\/\",\"url\":\"https:\/\/www.pressenza.com\/pt-pt\/2019\/10\/consumo-consciente-deve-ser-incentivado-desde-a-infancia\/\",\"name\":\"Consumo consciente deve ser incentivado desde a inf\u00e2ncia\",\"isPartOf\":{\"@id\":\"https:\/\/www.pressenza.com\/pt-pt\/#website\"},\"primaryImageOfPage\":{\"@id\":\"https:\/\/www.pressenza.com\/pt-pt\/2019\/10\/consumo-consciente-deve-ser-incentivado-desde-a-infancia\/#primaryimage\"},\"image\":{\"@id\":\"https:\/\/www.pressenza.com\/pt-pt\/2019\/10\/consumo-consciente-deve-ser-incentivado-desde-a-infancia\/#primaryimage\"},\"thumbnailUrl\":\"https:\/\/www.pressenza.com\/wp-content\/uploads\/2019\/10\/04-10-2019-instituto-akatu-consumo-consciente.jpg\",\"datePublished\":\"2019-10-04T15:05:30+00:00\",\"description\":\"Consumo consciente deve ser incentivado desde a inf\u00e2ncia\",\"breadcrumb\":{\"@id\":\"https:\/\/www.pressenza.com\/pt-pt\/2019\/10\/consumo-consciente-deve-ser-incentivado-desde-a-infancia\/#breadcrumb\"},\"inLanguage\":\"pt-PT\",\"potentialAction\":[{\"@type\":\"ReadAction\",\"target\":[\"https:\/\/www.pressenza.com\/pt-pt\/2019\/10\/consumo-consciente-deve-ser-incentivado-desde-a-infancia\/\"]}]},{\"@type\":\"ImageObject\",\"inLanguage\":\"pt-PT\",\"@id\":\"https:\/\/www.pressenza.com\/pt-pt\/2019\/10\/consumo-consciente-deve-ser-incentivado-desde-a-infancia\/#primaryimage\",\"url\":\"https:\/\/www.pressenza.com\/wp-content\/uploads\/2019\/10\/04-10-2019-instituto-akatu-consumo-consciente.jpg\",\"contentUrl\":\"https:\/\/www.pressenza.com\/wp-content\/uploads\/2019\/10\/04-10-2019-instituto-akatu-consumo-consciente.jpg\",\"width\":800,\"height\":758},{\"@type\":\"BreadcrumbList\",\"@id\":\"https:\/\/www.pressenza.com\/pt-pt\/2019\/10\/consumo-consciente-deve-ser-incentivado-desde-a-infancia\/#breadcrumb\",\"itemListElement\":[{\"@type\":\"ListItem\",\"position\":1,\"name\":\"Accueil\",\"item\":\"https:\/\/www.pressenza.com\/pt-pt\/\"},{\"@type\":\"ListItem\",\"position\":2,\"name\":\"Consumo consciente deve ser incentivado desde a inf\u00e2ncia\"}]},{\"@type\":\"WebSite\",\"@id\":\"https:\/\/www.pressenza.com\/pt-pt\/#website\",\"url\":\"https:\/\/www.pressenza.com\/pt-pt\/\",\"name\":\"Pressenza\",\"description\":\"International Press Agency\",\"publisher\":{\"@id\":\"https:\/\/www.pressenza.com\/pt-pt\/#organization\"},\"potentialAction\":[{\"@type\":\"SearchAction\",\"target\":{\"@type\":\"EntryPoint\",\"urlTemplate\":\"https:\/\/www.pressenza.com\/pt-pt\/?s={search_term_string}\"},\"query-input\":{\"@type\":\"PropertyValueSpecification\",\"valueRequired\":true,\"valueName\":\"search_term_string\"}}],\"inLanguage\":\"pt-PT\"},{\"@type\":\"Organization\",\"@id\":\"https:\/\/www.pressenza.com\/pt-pt\/#organization\",\"name\":\"Pressenza\",\"url\":\"https:\/\/www.pressenza.com\/pt-pt\/\",\"logo\":{\"@type\":\"ImageObject\",\"inLanguage\":\"pt-PT\",\"@id\":\"https:\/\/www.pressenza.com\/pt-pt\/#\/schema\/logo\/image\/\",\"url\":\"https:\/\/www.pressenza.com\/wp-content\/uploads\/2022\/10\/pressenza_logo_200x200.jpg\",\"contentUrl\":\"https:\/\/www.pressenza.com\/wp-content\/uploads\/2022\/10\/pressenza_logo_200x200.jpg\",\"width\":200,\"height\":200,\"caption\":\"Pressenza\"},\"image\":{\"@id\":\"https:\/\/www.pressenza.com\/pt-pt\/#\/schema\/logo\/image\/\"},\"sameAs\":[\"https:\/\/www.facebook.com\/PressenzaItalia\",\"https:\/\/x.com\/PressenzaIPA\"]},{\"@type\":\"Person\",\"@id\":\"https:\/\/www.pressenza.com\/pt-pt\/#\/schema\/person\/a49d93e37e2a1fd6902a180ccb8dc5cb\",\"name\":\"Adital\",\"description\":\"ADITAL, Agencia de Informaci\u00f3n Fray Tito para Am\u00e9rica Latina, es una agencia de noticias que naci\u00f3 para llevar la agenda social latinoamericana y caribe\u00f1a a la media internacional; estimular un periodismo de cu\u00f1o \u00e9tico y social; favorecer la integraci\u00f3n y la solidaridad entre los pueblo; desvendar para el mundo la dignidad de los que construyen ciudadan\u00eda; dar visibilidad a las acciones liberadoras que el Dios de la Vida hace brotar en los medios populares; divulgar el protagonismo de los actores sociales que son democratizadores de la comunicaci\u00f3n, y constituyen nuestras fuentes de informaci\u00f3n. www.adital.com.br\",\"sameAs\":[\"http:\/\/www.facebook.com\/agenciaadital\",\"https:\/\/x.com\/agenciaadital\"],\"url\":\"https:\/\/www.pressenza.com\/pt-pt\/author\/agencia-adital\/\"}]}<\/script>\n<!-- \/ Yoast SEO plugin. -->","yoast_head_json":{"title":"Consumo consciente deve ser incentivado desde a inf\u00e2ncia","description":"Consumo consciente deve ser incentivado desde a inf\u00e2ncia","robots":{"index":"index","follow":"follow","max-snippet":"max-snippet:-1","max-image-preview":"max-image-preview:large","max-video-preview":"max-video-preview:-1"},"canonical":"https:\/\/www.pressenza.com\/pt-pt\/2019\/10\/consumo-consciente-deve-ser-incentivado-desde-a-infancia\/","og_locale":"pt_PT","og_type":"article","og_title":"Consumo consciente deve ser incentivado desde a inf\u00e2ncia","og_description":"Consumo consciente deve ser incentivado desde a inf\u00e2ncia","og_url":"https:\/\/www.pressenza.com\/pt-pt\/2019\/10\/consumo-consciente-deve-ser-incentivado-desde-a-infancia\/","og_site_name":"Pressenza","article_publisher":"https:\/\/www.facebook.com\/PressenzaItalia","article_author":"http:\/\/www.facebook.com\/agenciaadital","article_published_time":"2019-10-04T15:05:30+00:00","og_image":[{"width":800,"height":758,"url":"https:\/\/www.pressenza.com\/wp-content\/uploads\/2019\/10\/04-10-2019-instituto-akatu-consumo-consciente.jpg","type":"image\/jpeg"}],"author":"Adital","twitter_card":"summary_large_image","twitter_creator":"@agenciaadital","twitter_site":"@PressenzaIPA","twitter_misc":{"Escrito por":"Adital","Tempo estimado de leitura":"4 minutos"},"schema":{"@context":"https:\/\/schema.org","@graph":[{"@type":"Article","@id":"https:\/\/www.pressenza.com\/pt-pt\/2019\/10\/consumo-consciente-deve-ser-incentivado-desde-a-infancia\/#article","isPartOf":{"@id":"https:\/\/www.pressenza.com\/pt-pt\/2019\/10\/consumo-consciente-deve-ser-incentivado-desde-a-infancia\/"},"author":{"name":"Adital","@id":"https:\/\/www.pressenza.com\/pt-pt\/#\/schema\/person\/a49d93e37e2a1fd6902a180ccb8dc5cb"},"headline":"Consumo consciente deve ser incentivado desde a inf\u00e2ncia","datePublished":"2019-10-04T15:05:30+00:00","mainEntityOfPage":{"@id":"https:\/\/www.pressenza.com\/pt-pt\/2019\/10\/consumo-consciente-deve-ser-incentivado-desde-a-infancia\/"},"wordCount":807,"publisher":{"@id":"https:\/\/www.pressenza.com\/pt-pt\/#organization"},"image":{"@id":"https:\/\/www.pressenza.com\/pt-pt\/2019\/10\/consumo-consciente-deve-ser-incentivado-desde-a-infancia\/#primaryimage"},"thumbnailUrl":"https:\/\/www.pressenza.com\/wp-content\/uploads\/2019\/10\/04-10-2019-instituto-akatu-consumo-consciente.jpg","keywords":["consumo consciente","Infancia"],"articleSection":["\u00c1m\u00e9rica do Sul","Economia"],"inLanguage":"pt-PT"},{"@type":"WebPage","@id":"https:\/\/www.pressenza.com\/pt-pt\/2019\/10\/consumo-consciente-deve-ser-incentivado-desde-a-infancia\/","url":"https:\/\/www.pressenza.com\/pt-pt\/2019\/10\/consumo-consciente-deve-ser-incentivado-desde-a-infancia\/","name":"Consumo consciente deve ser incentivado desde a inf\u00e2ncia","isPartOf":{"@id":"https:\/\/www.pressenza.com\/pt-pt\/#website"},"primaryImageOfPage":{"@id":"https:\/\/www.pressenza.com\/pt-pt\/2019\/10\/consumo-consciente-deve-ser-incentivado-desde-a-infancia\/#primaryimage"},"image":{"@id":"https:\/\/www.pressenza.com\/pt-pt\/2019\/10\/consumo-consciente-deve-ser-incentivado-desde-a-infancia\/#primaryimage"},"thumbnailUrl":"https:\/\/www.pressenza.com\/wp-content\/uploads\/2019\/10\/04-10-2019-instituto-akatu-consumo-consciente.jpg","datePublished":"2019-10-04T15:05:30+00:00","description":"Consumo consciente deve ser incentivado desde a inf\u00e2ncia","breadcrumb":{"@id":"https:\/\/www.pressenza.com\/pt-pt\/2019\/10\/consumo-consciente-deve-ser-incentivado-desde-a-infancia\/#breadcrumb"},"inLanguage":"pt-PT","potentialAction":[{"@type":"ReadAction","target":["https:\/\/www.pressenza.com\/pt-pt\/2019\/10\/consumo-consciente-deve-ser-incentivado-desde-a-infancia\/"]}]},{"@type":"ImageObject","inLanguage":"pt-PT","@id":"https:\/\/www.pressenza.com\/pt-pt\/2019\/10\/consumo-consciente-deve-ser-incentivado-desde-a-infancia\/#primaryimage","url":"https:\/\/www.pressenza.com\/wp-content\/uploads\/2019\/10\/04-10-2019-instituto-akatu-consumo-consciente.jpg","contentUrl":"https:\/\/www.pressenza.com\/wp-content\/uploads\/2019\/10\/04-10-2019-instituto-akatu-consumo-consciente.jpg","width":800,"height":758},{"@type":"BreadcrumbList","@id":"https:\/\/www.pressenza.com\/pt-pt\/2019\/10\/consumo-consciente-deve-ser-incentivado-desde-a-infancia\/#breadcrumb","itemListElement":[{"@type":"ListItem","position":1,"name":"Accueil","item":"https:\/\/www.pressenza.com\/pt-pt\/"},{"@type":"ListItem","position":2,"name":"Consumo consciente deve ser incentivado desde a inf\u00e2ncia"}]},{"@type":"WebSite","@id":"https:\/\/www.pressenza.com\/pt-pt\/#website","url":"https:\/\/www.pressenza.com\/pt-pt\/","name":"Pressenza","description":"International Press Agency","publisher":{"@id":"https:\/\/www.pressenza.com\/pt-pt\/#organization"},"potentialAction":[{"@type":"SearchAction","target":{"@type":"EntryPoint","urlTemplate":"https:\/\/www.pressenza.com\/pt-pt\/?s={search_term_string}"},"query-input":{"@type":"PropertyValueSpecification","valueRequired":true,"valueName":"search_term_string"}}],"inLanguage":"pt-PT"},{"@type":"Organization","@id":"https:\/\/www.pressenza.com\/pt-pt\/#organization","name":"Pressenza","url":"https:\/\/www.pressenza.com\/pt-pt\/","logo":{"@type":"ImageObject","inLanguage":"pt-PT","@id":"https:\/\/www.pressenza.com\/pt-pt\/#\/schema\/logo\/image\/","url":"https:\/\/www.pressenza.com\/wp-content\/uploads\/2022\/10\/pressenza_logo_200x200.jpg","contentUrl":"https:\/\/www.pressenza.com\/wp-content\/uploads\/2022\/10\/pressenza_logo_200x200.jpg","width":200,"height":200,"caption":"Pressenza"},"image":{"@id":"https:\/\/www.pressenza.com\/pt-pt\/#\/schema\/logo\/image\/"},"sameAs":["https:\/\/www.facebook.com\/PressenzaItalia","https:\/\/x.com\/PressenzaIPA"]},{"@type":"Person","@id":"https:\/\/www.pressenza.com\/pt-pt\/#\/schema\/person\/a49d93e37e2a1fd6902a180ccb8dc5cb","name":"Adital","description":"ADITAL, Agencia de Informaci\u00f3n Fray Tito para Am\u00e9rica Latina, es una agencia de noticias que naci\u00f3 para llevar la agenda social latinoamericana y caribe\u00f1a a la media internacional; estimular un periodismo de cu\u00f1o \u00e9tico y social; favorecer la integraci\u00f3n y la solidaridad entre los pueblo; desvendar para el mundo la dignidad de los que construyen ciudadan\u00eda; dar visibilidad a las acciones liberadoras que el Dios de la Vida hace brotar en los medios populares; divulgar el protagonismo de los actores sociales que son democratizadores de la comunicaci\u00f3n, y constituyen nuestras fuentes de informaci\u00f3n. www.adital.com.br","sameAs":["http:\/\/www.facebook.com\/agenciaadital","https:\/\/x.com\/agenciaadital"],"url":"https:\/\/www.pressenza.com\/pt-pt\/author\/agencia-adital\/"}]}},"place":"","original_article_url":"http:\/\/www.ihu.unisinos.br\/593144-consumo-consciente-deve-ser-incentivado-desde-a-infancia","_links":{"self":[{"href":"https:\/\/www.pressenza.com\/pt-pt\/wp-json\/wp\/v2\/posts\/934489","targetHints":{"allow":["GET"]}}],"collection":[{"href":"https:\/\/www.pressenza.com\/pt-pt\/wp-json\/wp\/v2\/posts"}],"about":[{"href":"https:\/\/www.pressenza.com\/pt-pt\/wp-json\/wp\/v2\/types\/post"}],"author":[{"embeddable":true,"href":"https:\/\/www.pressenza.com\/pt-pt\/wp-json\/wp\/v2\/users\/361"}],"replies":[{"embeddable":true,"href":"https:\/\/www.pressenza.com\/pt-pt\/wp-json\/wp\/v2\/comments?post=934489"}],"version-history":[{"count":0,"href":"https:\/\/www.pressenza.com\/pt-pt\/wp-json\/wp\/v2\/posts\/934489\/revisions"}],"wp:featuredmedia":[{"embeddable":true,"href":"https:\/\/www.pressenza.com\/pt-pt\/wp-json\/wp\/v2\/media\/934519"}],"wp:attachment":[{"href":"https:\/\/www.pressenza.com\/pt-pt\/wp-json\/wp\/v2\/media?parent=934489"}],"wp:term":[{"taxonomy":"category","embeddable":true,"href":"https:\/\/www.pressenza.com\/pt-pt\/wp-json\/wp\/v2\/categories?post=934489"},{"taxonomy":"post_tag","embeddable":true,"href":"https:\/\/www.pressenza.com\/pt-pt\/wp-json\/wp\/v2\/tags?post=934489"}],"curies":[{"name":"wp","href":"https:\/\/api.w.org\/{rel}","templated":true}]}}