{"id":932870,"date":"2019-10-02T19:46:43","date_gmt":"2019-10-02T18:46:43","guid":{"rendered":"https:\/\/www.pressenza.com\/?p=932870"},"modified":"2019-10-02T19:46:59","modified_gmt":"2019-10-02T18:46:59","slug":"vice-renuncia-a-presidencia-interina-do-peru","status":"publish","type":"post","link":"https:\/\/www.pressenza.com\/pt-pt\/2019\/10\/vice-renuncia-a-presidencia-interina-do-peru\/","title":{"rendered":"Vice renuncia \u00e0 Presid\u00eancia interina do Peru"},"content":{"rendered":"<p>A vice-presidente do Peru, Mercedes Araoz, que havia sido empossada como presidente interina pelos parlamentares em uma sess\u00e3o de validade questionada, renunciou ao cargo na noite de ontem (1\u00ba).<\/p>\n<p>O tribunal eleitoral do pa\u00eds (Jurado Nacional de Elecciones) come\u00e7ou a organizar as novas elei\u00e7\u00f5es para o Congresso, previstas para o dia 26 de janeiro de 2020. Cidad\u00e3os com iadade de 18 anos completados at\u00e9 a \u00faltima segunda-feira (30\/09) poder\u00e3o votar. Os novos candidatos ser\u00e3o eleitos para execer mandato apenas at\u00e9 o final do atual per\u00edodo, que \u00e9 de 2016 a 2021. Os parlamentares do Congresso desfeito n\u00e3o poder\u00e3o se recandidatar. H\u00e1 24 partidos pol\u00edticos habilitados para participar das novas elei\u00e7\u00f5es.<\/p>\n<p><strong>Entenda o caso<\/strong><br \/>\nA atual crise come\u00e7ou quando Mart\u00edn Vizcarra, presidente do pa\u00eds, enviou ao Congresso um voto de confian\u00e7a para examinar e modificar o processo de escolha de magistrados para a Suprema Corte. Ele afirma que a Corte estava sendo tomada por ju\u00edzes ligados \u00e0 oposi\u00e7\u00e3o, com a finalidade de defender pol\u00edticos envolvidos em esc\u00e2ndalos de corrup\u00e7\u00e3o e lavagem de dinheiro, em casos que vieram \u00e0 tona com as opera\u00e7\u00f5es da Lava Jato.<\/p>\n<p>O Parlamento, majoritamente oposicionista ao governo, ignorou a solicita\u00e7\u00e3o de Vizcarra que, em contrapartida, dissolveu o Congresso, na \u00faltima segunda-feira (30). Vizcarra afirma estar agindo conforme manda a Constitui\u00e7\u00e3o. A decis\u00e3o tem validade de um ano,\u00a0e Vizcarra \u00e9 obrigado a convocar elei\u00e7\u00f5es no prazo m\u00e1ximo de quatro\u00a0meses.<\/p>\n<p>Ap\u00f3s a decis\u00e3o presidencial, os parlamentares\u00a0inconformados\u00a0aprovaram uma suspens\u00e3o por &#8220;incapacidade temporal&#8221; de Vizcarra. A suspens\u00e3o \u00e9 questionada pois, no momento, o Parlamento j\u00e1 havia sido dissolvido e n\u00e3o teria poderes para afast\u00e1-lo. Em seguida, os parlamentares empossaram a vice Mercedes Araoz, tamb\u00e9m sem respaldo constitucional.<\/p>\n<p>A vice-presidente, que j\u00e1 vinha se distanciando de Vizcarra, assumiu a &#8220;Presid\u00eancia&#8221; na segunda-feira \u00e0 noite, em um juramento no Congresso. No entanto, na noite de ontem (1\u00ba), ela divulgou um documento no qual afirma renunciar, n\u00e3o apenas ao cargo de &#8220;presidente interina&#8221;, que lhe foi concedido pelo Congresso e que n\u00e3o \u00e9 reconhecido pelo governo, como tamb\u00e9m ao cargo de vice-presidente.<\/p>\n<p>Na carta,\u00a0Mercedes Araoz afirma que sua ren\u00fancia deveria levar o pa\u00eds \u00e0 convocat\u00f3ria de novas elei\u00e7\u00f5es. Ela afirma que a ordem constitucional do pa\u00eds foi rompida.<\/p>\n<p>\u201cDesejo profundamente que nossa p\u00e1tria supere esta grave crise institucional para o bem de todos os peruanos, especialmente dos menos favorecidos que s\u00e3o os mais prejudicados pela irresponsabilidade dos pol\u00edticos\u201d.<\/p>\n<p>No entanto, para o primeiro-ministro do pa\u00eds, Vicente Zeballos, a carta de\u00a0Mercedes Araoz n\u00e3o tem validade pois foi endere\u00e7ada a Pedro Olaechea, presidente da Comiss\u00e3o Permanente do Congresso, que foi desfeito. De acordo com Zeballos, Mercedes Araoz, constitucionalmente, ainda \u00e9 a vice-presidente.<\/p>\n<p>\u201cDesde uma perspectiva pol\u00edtica e constitucional, ela segue como vice-presidente do Peru porque renunciou, no documento que fez p\u00fablico ontem no Twitter, ante o presidente do Congresso (Pedro Olaechea) e o Congresso n\u00e3o existe, foi dissolvido&#8221;.<\/p>\n<p>Ap\u00f3s a ren\u00fancia de Mercedes Araoz, Pedro Olaechea, presidente da Comiss\u00e3o Permanente, seria o sucessor hier\u00e1rquico para assumir o cargo. No entanto, ele reconhece n\u00e3o ser poss\u00edvel pois n\u00e3o possui respaldo das For\u00e7as Armadas, que apoiam Vizcarra. O atual presidente tamb\u00e9m tem\u00a0amplo apoio popular. A imprensa peruana fala que 70% da popula\u00e7\u00e3o est\u00e3o\u00a0a favor do fechamento do Congresso.<\/p>\n","protected":false},"excerpt":{"rendered":"<p>A vice-presidente do Peru, Mercedes Araoz, que havia sido empossada como presidente interina pelos parlamentares em uma sess\u00e3o de validade questionada, renunciou ao cargo na noite de ontem (1\u00ba). O tribunal eleitoral do pa\u00eds (Jurado Nacional de Elecciones) come\u00e7ou a&hellip;<\/p>\n","protected":false},"author":860,"featured_media":932872,"comment_status":"closed","ping_status":"closed","sticky":false,"template":"","format":"standard","meta":{"footnotes":""},"categories":[104,111],"tags":[25945],"class_list":["post-932870","post","type-post","status-publish","format-standard","has-post-thumbnail","hentry","category-america-do-sul","category-politica-pt-pt","tag-eleicoes-no-peru"],"yoast_head":"<!-- This site is optimized with the Yoast SEO plugin v27.1.1 - https:\/\/yoast.com\/product\/yoast-seo-wordpress\/ -->\n<title>Vice renuncia \u00e0 Presid\u00eancia interina do Peru<\/title>\n<meta name=\"description\" content=\"A vice-presidente do Peru, Mercedes Araoz, que havia sido empossada como presidente interina pelos parlamentares em uma sess\u00e3o de validade questionada,\" \/>\n<meta name=\"robots\" content=\"index, follow, max-snippet:-1, max-image-preview:large, max-video-preview:-1\" \/>\n<link rel=\"canonical\" href=\"https:\/\/www.pressenza.com\/pt-pt\/2019\/10\/vice-renuncia-a-presidencia-interina-do-peru\/\" \/>\n<meta property=\"og:locale\" content=\"pt_PT\" \/>\n<meta property=\"og:type\" content=\"article\" \/>\n<meta property=\"og:title\" content=\"Vice renuncia \u00e0 Presid\u00eancia interina do Peru\" \/>\n<meta property=\"og:description\" content=\"A vice-presidente do Peru, Mercedes Araoz, que havia sido empossada como presidente interina pelos parlamentares em uma sess\u00e3o de validade questionada,\" \/>\n<meta property=\"og:url\" content=\"https:\/\/www.pressenza.com\/pt-pt\/2019\/10\/vice-renuncia-a-presidencia-interina-do-peru\/\" \/>\n<meta property=\"og:site_name\" content=\"Pressenza\" \/>\n<meta property=\"article:publisher\" content=\"https:\/\/www.facebook.com\/PressenzaItalia\" \/>\n<meta property=\"article:published_time\" content=\"2019-10-02T18:46:43+00:00\" \/>\n<meta property=\"article:modified_time\" content=\"2019-10-02T18:46:59+00:00\" \/>\n<meta property=\"og:image\" content=\"https:\/\/www.pressenza.com\/wp-content\/uploads\/2019\/10\/2019-10-01t000000z_1580925329_rc17530109d0_rtrmadp_3_peru-politics-vizcarra.jpg\" \/>\n\t<meta property=\"og:image:width\" content=\"1140\" \/>\n\t<meta property=\"og:image:height\" content=\"760\" \/>\n\t<meta property=\"og:image:type\" content=\"image\/jpeg\" \/>\n<meta name=\"author\" content=\"Agencia Brasil\" \/>\n<meta name=\"twitter:card\" content=\"summary_large_image\" \/>\n<meta name=\"twitter:creator\" content=\"@PressenzaIPA\" \/>\n<meta name=\"twitter:site\" content=\"@PressenzaIPA\" \/>\n<meta name=\"twitter:label1\" content=\"Escrito por\" \/>\n\t<meta name=\"twitter:data1\" content=\"Agencia Brasil\" \/>\n\t<meta name=\"twitter:label2\" content=\"Tempo estimado de leitura\" \/>\n\t<meta name=\"twitter:data2\" content=\"3 minutos\" \/>\n<script type=\"application\/ld+json\" class=\"yoast-schema-graph\">{\"@context\":\"https:\/\/schema.org\",\"@graph\":[{\"@type\":\"Article\",\"@id\":\"https:\/\/www.pressenza.com\/pt-pt\/2019\/10\/vice-renuncia-a-presidencia-interina-do-peru\/#article\",\"isPartOf\":{\"@id\":\"https:\/\/www.pressenza.com\/pt-pt\/2019\/10\/vice-renuncia-a-presidencia-interina-do-peru\/\"},\"author\":{\"name\":\"Agencia Brasil\",\"@id\":\"https:\/\/www.pressenza.com\/pt-pt\/#\/schema\/person\/e2e4e9b5b3a7554516d809f2394b3dd4\"},\"headline\":\"Vice renuncia \u00e0 Presid\u00eancia interina do Peru\",\"datePublished\":\"2019-10-02T18:46:43+00:00\",\"dateModified\":\"2019-10-02T18:46:59+00:00\",\"mainEntityOfPage\":{\"@id\":\"https:\/\/www.pressenza.com\/pt-pt\/2019\/10\/vice-renuncia-a-presidencia-interina-do-peru\/\"},\"wordCount\":589,\"publisher\":{\"@id\":\"https:\/\/www.pressenza.com\/pt-pt\/#organization\"},\"image\":{\"@id\":\"https:\/\/www.pressenza.com\/pt-pt\/2019\/10\/vice-renuncia-a-presidencia-interina-do-peru\/#primaryimage\"},\"thumbnailUrl\":\"https:\/\/www.pressenza.com\/wp-content\/uploads\/2019\/10\/2019-10-01t000000z_1580925329_rc17530109d0_rtrmadp_3_peru-politics-vizcarra.jpg\",\"keywords\":[\"elei\u00e7\u00f5es no Peru\"],\"articleSection\":[\"\u00c1m\u00e9rica do Sul\",\"Pol\u00edtica\"],\"inLanguage\":\"pt-PT\"},{\"@type\":\"WebPage\",\"@id\":\"https:\/\/www.pressenza.com\/pt-pt\/2019\/10\/vice-renuncia-a-presidencia-interina-do-peru\/\",\"url\":\"https:\/\/www.pressenza.com\/pt-pt\/2019\/10\/vice-renuncia-a-presidencia-interina-do-peru\/\",\"name\":\"Vice renuncia \u00e0 Presid\u00eancia interina do Peru\",\"isPartOf\":{\"@id\":\"https:\/\/www.pressenza.com\/pt-pt\/#website\"},\"primaryImageOfPage\":{\"@id\":\"https:\/\/www.pressenza.com\/pt-pt\/2019\/10\/vice-renuncia-a-presidencia-interina-do-peru\/#primaryimage\"},\"image\":{\"@id\":\"https:\/\/www.pressenza.com\/pt-pt\/2019\/10\/vice-renuncia-a-presidencia-interina-do-peru\/#primaryimage\"},\"thumbnailUrl\":\"https:\/\/www.pressenza.com\/wp-content\/uploads\/2019\/10\/2019-10-01t000000z_1580925329_rc17530109d0_rtrmadp_3_peru-politics-vizcarra.jpg\",\"datePublished\":\"2019-10-02T18:46:43+00:00\",\"dateModified\":\"2019-10-02T18:46:59+00:00\",\"description\":\"A vice-presidente do Peru, Mercedes Araoz, que havia sido empossada como presidente interina pelos parlamentares em uma sess\u00e3o de validade questionada,\",\"breadcrumb\":{\"@id\":\"https:\/\/www.pressenza.com\/pt-pt\/2019\/10\/vice-renuncia-a-presidencia-interina-do-peru\/#breadcrumb\"},\"inLanguage\":\"pt-PT\",\"potentialAction\":[{\"@type\":\"ReadAction\",\"target\":[\"https:\/\/www.pressenza.com\/pt-pt\/2019\/10\/vice-renuncia-a-presidencia-interina-do-peru\/\"]}]},{\"@type\":\"ImageObject\",\"inLanguage\":\"pt-PT\",\"@id\":\"https:\/\/www.pressenza.com\/pt-pt\/2019\/10\/vice-renuncia-a-presidencia-interina-do-peru\/#primaryimage\",\"url\":\"https:\/\/www.pressenza.com\/wp-content\/uploads\/2019\/10\/2019-10-01t000000z_1580925329_rc17530109d0_rtrmadp_3_peru-politics-vizcarra.jpg\",\"contentUrl\":\"https:\/\/www.pressenza.com\/wp-content\/uploads\/2019\/10\/2019-10-01t000000z_1580925329_rc17530109d0_rtrmadp_3_peru-politics-vizcarra.jpg\",\"width\":1140,\"height\":760},{\"@type\":\"BreadcrumbList\",\"@id\":\"https:\/\/www.pressenza.com\/pt-pt\/2019\/10\/vice-renuncia-a-presidencia-interina-do-peru\/#breadcrumb\",\"itemListElement\":[{\"@type\":\"ListItem\",\"position\":1,\"name\":\"Accueil\",\"item\":\"https:\/\/www.pressenza.com\/pt-pt\/\"},{\"@type\":\"ListItem\",\"position\":2,\"name\":\"Vice renuncia \u00e0 Presid\u00eancia interina do Peru\"}]},{\"@type\":\"WebSite\",\"@id\":\"https:\/\/www.pressenza.com\/pt-pt\/#website\",\"url\":\"https:\/\/www.pressenza.com\/pt-pt\/\",\"name\":\"Pressenza\",\"description\":\"International Press Agency\",\"publisher\":{\"@id\":\"https:\/\/www.pressenza.com\/pt-pt\/#organization\"},\"potentialAction\":[{\"@type\":\"SearchAction\",\"target\":{\"@type\":\"EntryPoint\",\"urlTemplate\":\"https:\/\/www.pressenza.com\/pt-pt\/?s={search_term_string}\"},\"query-input\":{\"@type\":\"PropertyValueSpecification\",\"valueRequired\":true,\"valueName\":\"search_term_string\"}}],\"inLanguage\":\"pt-PT\"},{\"@type\":\"Organization\",\"@id\":\"https:\/\/www.pressenza.com\/pt-pt\/#organization\",\"name\":\"Pressenza\",\"url\":\"https:\/\/www.pressenza.com\/pt-pt\/\",\"logo\":{\"@type\":\"ImageObject\",\"inLanguage\":\"pt-PT\",\"@id\":\"https:\/\/www.pressenza.com\/pt-pt\/#\/schema\/logo\/image\/\",\"url\":\"https:\/\/www.pressenza.com\/wp-content\/uploads\/2022\/10\/pressenza_logo_200x200.jpg\",\"contentUrl\":\"https:\/\/www.pressenza.com\/wp-content\/uploads\/2022\/10\/pressenza_logo_200x200.jpg\",\"width\":200,\"height\":200,\"caption\":\"Pressenza\"},\"image\":{\"@id\":\"https:\/\/www.pressenza.com\/pt-pt\/#\/schema\/logo\/image\/\"},\"sameAs\":[\"https:\/\/www.facebook.com\/PressenzaItalia\",\"https:\/\/x.com\/PressenzaIPA\"]},{\"@type\":\"Person\",\"@id\":\"https:\/\/www.pressenza.com\/pt-pt\/#\/schema\/person\/e2e4e9b5b3a7554516d809f2394b3dd4\",\"name\":\"Agencia Brasil\",\"url\":\"https:\/\/www.pressenza.com\/pt-pt\/author\/agencia-brasil\/\"}]}<\/script>\n<!-- \/ Yoast SEO plugin. -->","yoast_head_json":{"title":"Vice renuncia \u00e0 Presid\u00eancia interina do Peru","description":"A vice-presidente do Peru, Mercedes Araoz, que havia sido empossada como presidente interina pelos parlamentares em uma sess\u00e3o de validade questionada,","robots":{"index":"index","follow":"follow","max-snippet":"max-snippet:-1","max-image-preview":"max-image-preview:large","max-video-preview":"max-video-preview:-1"},"canonical":"https:\/\/www.pressenza.com\/pt-pt\/2019\/10\/vice-renuncia-a-presidencia-interina-do-peru\/","og_locale":"pt_PT","og_type":"article","og_title":"Vice renuncia \u00e0 Presid\u00eancia interina do Peru","og_description":"A vice-presidente do Peru, Mercedes Araoz, que havia sido empossada como presidente interina pelos parlamentares em uma sess\u00e3o de validade questionada,","og_url":"https:\/\/www.pressenza.com\/pt-pt\/2019\/10\/vice-renuncia-a-presidencia-interina-do-peru\/","og_site_name":"Pressenza","article_publisher":"https:\/\/www.facebook.com\/PressenzaItalia","article_published_time":"2019-10-02T18:46:43+00:00","article_modified_time":"2019-10-02T18:46:59+00:00","og_image":[{"width":1140,"height":760,"url":"https:\/\/www.pressenza.com\/wp-content\/uploads\/2019\/10\/2019-10-01t000000z_1580925329_rc17530109d0_rtrmadp_3_peru-politics-vizcarra.jpg","type":"image\/jpeg"}],"author":"Agencia Brasil","twitter_card":"summary_large_image","twitter_creator":"@PressenzaIPA","twitter_site":"@PressenzaIPA","twitter_misc":{"Escrito por":"Agencia Brasil","Tempo estimado de leitura":"3 minutos"},"schema":{"@context":"https:\/\/schema.org","@graph":[{"@type":"Article","@id":"https:\/\/www.pressenza.com\/pt-pt\/2019\/10\/vice-renuncia-a-presidencia-interina-do-peru\/#article","isPartOf":{"@id":"https:\/\/www.pressenza.com\/pt-pt\/2019\/10\/vice-renuncia-a-presidencia-interina-do-peru\/"},"author":{"name":"Agencia Brasil","@id":"https:\/\/www.pressenza.com\/pt-pt\/#\/schema\/person\/e2e4e9b5b3a7554516d809f2394b3dd4"},"headline":"Vice renuncia \u00e0 Presid\u00eancia interina do Peru","datePublished":"2019-10-02T18:46:43+00:00","dateModified":"2019-10-02T18:46:59+00:00","mainEntityOfPage":{"@id":"https:\/\/www.pressenza.com\/pt-pt\/2019\/10\/vice-renuncia-a-presidencia-interina-do-peru\/"},"wordCount":589,"publisher":{"@id":"https:\/\/www.pressenza.com\/pt-pt\/#organization"},"image":{"@id":"https:\/\/www.pressenza.com\/pt-pt\/2019\/10\/vice-renuncia-a-presidencia-interina-do-peru\/#primaryimage"},"thumbnailUrl":"https:\/\/www.pressenza.com\/wp-content\/uploads\/2019\/10\/2019-10-01t000000z_1580925329_rc17530109d0_rtrmadp_3_peru-politics-vizcarra.jpg","keywords":["elei\u00e7\u00f5es no Peru"],"articleSection":["\u00c1m\u00e9rica do Sul","Pol\u00edtica"],"inLanguage":"pt-PT"},{"@type":"WebPage","@id":"https:\/\/www.pressenza.com\/pt-pt\/2019\/10\/vice-renuncia-a-presidencia-interina-do-peru\/","url":"https:\/\/www.pressenza.com\/pt-pt\/2019\/10\/vice-renuncia-a-presidencia-interina-do-peru\/","name":"Vice renuncia \u00e0 Presid\u00eancia interina do Peru","isPartOf":{"@id":"https:\/\/www.pressenza.com\/pt-pt\/#website"},"primaryImageOfPage":{"@id":"https:\/\/www.pressenza.com\/pt-pt\/2019\/10\/vice-renuncia-a-presidencia-interina-do-peru\/#primaryimage"},"image":{"@id":"https:\/\/www.pressenza.com\/pt-pt\/2019\/10\/vice-renuncia-a-presidencia-interina-do-peru\/#primaryimage"},"thumbnailUrl":"https:\/\/www.pressenza.com\/wp-content\/uploads\/2019\/10\/2019-10-01t000000z_1580925329_rc17530109d0_rtrmadp_3_peru-politics-vizcarra.jpg","datePublished":"2019-10-02T18:46:43+00:00","dateModified":"2019-10-02T18:46:59+00:00","description":"A vice-presidente do Peru, Mercedes Araoz, que havia sido empossada como presidente interina pelos parlamentares em uma sess\u00e3o de validade questionada,","breadcrumb":{"@id":"https:\/\/www.pressenza.com\/pt-pt\/2019\/10\/vice-renuncia-a-presidencia-interina-do-peru\/#breadcrumb"},"inLanguage":"pt-PT","potentialAction":[{"@type":"ReadAction","target":["https:\/\/www.pressenza.com\/pt-pt\/2019\/10\/vice-renuncia-a-presidencia-interina-do-peru\/"]}]},{"@type":"ImageObject","inLanguage":"pt-PT","@id":"https:\/\/www.pressenza.com\/pt-pt\/2019\/10\/vice-renuncia-a-presidencia-interina-do-peru\/#primaryimage","url":"https:\/\/www.pressenza.com\/wp-content\/uploads\/2019\/10\/2019-10-01t000000z_1580925329_rc17530109d0_rtrmadp_3_peru-politics-vizcarra.jpg","contentUrl":"https:\/\/www.pressenza.com\/wp-content\/uploads\/2019\/10\/2019-10-01t000000z_1580925329_rc17530109d0_rtrmadp_3_peru-politics-vizcarra.jpg","width":1140,"height":760},{"@type":"BreadcrumbList","@id":"https:\/\/www.pressenza.com\/pt-pt\/2019\/10\/vice-renuncia-a-presidencia-interina-do-peru\/#breadcrumb","itemListElement":[{"@type":"ListItem","position":1,"name":"Accueil","item":"https:\/\/www.pressenza.com\/pt-pt\/"},{"@type":"ListItem","position":2,"name":"Vice renuncia \u00e0 Presid\u00eancia interina do Peru"}]},{"@type":"WebSite","@id":"https:\/\/www.pressenza.com\/pt-pt\/#website","url":"https:\/\/www.pressenza.com\/pt-pt\/","name":"Pressenza","description":"International Press Agency","publisher":{"@id":"https:\/\/www.pressenza.com\/pt-pt\/#organization"},"potentialAction":[{"@type":"SearchAction","target":{"@type":"EntryPoint","urlTemplate":"https:\/\/www.pressenza.com\/pt-pt\/?s={search_term_string}"},"query-input":{"@type":"PropertyValueSpecification","valueRequired":true,"valueName":"search_term_string"}}],"inLanguage":"pt-PT"},{"@type":"Organization","@id":"https:\/\/www.pressenza.com\/pt-pt\/#organization","name":"Pressenza","url":"https:\/\/www.pressenza.com\/pt-pt\/","logo":{"@type":"ImageObject","inLanguage":"pt-PT","@id":"https:\/\/www.pressenza.com\/pt-pt\/#\/schema\/logo\/image\/","url":"https:\/\/www.pressenza.com\/wp-content\/uploads\/2022\/10\/pressenza_logo_200x200.jpg","contentUrl":"https:\/\/www.pressenza.com\/wp-content\/uploads\/2022\/10\/pressenza_logo_200x200.jpg","width":200,"height":200,"caption":"Pressenza"},"image":{"@id":"https:\/\/www.pressenza.com\/pt-pt\/#\/schema\/logo\/image\/"},"sameAs":["https:\/\/www.facebook.com\/PressenzaItalia","https:\/\/x.com\/PressenzaIPA"]},{"@type":"Person","@id":"https:\/\/www.pressenza.com\/pt-pt\/#\/schema\/person\/e2e4e9b5b3a7554516d809f2394b3dd4","name":"Agencia Brasil","url":"https:\/\/www.pressenza.com\/pt-pt\/author\/agencia-brasil\/"}]}},"place":"Lima, Per\u00fa","original_article_url":"http:\/\/agenciabrasil.ebc.com.br\/internacional\/noticia\/2019-10\/vice-renuncia-de-presidencia-interina-do-peru","_links":{"self":[{"href":"https:\/\/www.pressenza.com\/pt-pt\/wp-json\/wp\/v2\/posts\/932870","targetHints":{"allow":["GET"]}}],"collection":[{"href":"https:\/\/www.pressenza.com\/pt-pt\/wp-json\/wp\/v2\/posts"}],"about":[{"href":"https:\/\/www.pressenza.com\/pt-pt\/wp-json\/wp\/v2\/types\/post"}],"author":[{"embeddable":true,"href":"https:\/\/www.pressenza.com\/pt-pt\/wp-json\/wp\/v2\/users\/860"}],"replies":[{"embeddable":true,"href":"https:\/\/www.pressenza.com\/pt-pt\/wp-json\/wp\/v2\/comments?post=932870"}],"version-history":[{"count":0,"href":"https:\/\/www.pressenza.com\/pt-pt\/wp-json\/wp\/v2\/posts\/932870\/revisions"}],"wp:featuredmedia":[{"embeddable":true,"href":"https:\/\/www.pressenza.com\/pt-pt\/wp-json\/wp\/v2\/media\/932872"}],"wp:attachment":[{"href":"https:\/\/www.pressenza.com\/pt-pt\/wp-json\/wp\/v2\/media?parent=932870"}],"wp:term":[{"taxonomy":"category","embeddable":true,"href":"https:\/\/www.pressenza.com\/pt-pt\/wp-json\/wp\/v2\/categories?post=932870"},{"taxonomy":"post_tag","embeddable":true,"href":"https:\/\/www.pressenza.com\/pt-pt\/wp-json\/wp\/v2\/tags?post=932870"}],"curies":[{"name":"wp","href":"https:\/\/api.w.org\/{rel}","templated":true}]}}