{"id":923818,"date":"2019-09-23T09:58:20","date_gmt":"2019-09-23T08:58:20","guid":{"rendered":"https:\/\/www.pressenza.com\/?p=923818"},"modified":"2019-09-23T09:58:20","modified_gmt":"2019-09-23T08:58:20","slug":"reforma-da-previdencia-pode-ser-votada-em-1o-turno-nesta-terca-feira","status":"publish","type":"post","link":"https:\/\/www.pressenza.com\/pt-pt\/2019\/09\/reforma-da-previdencia-pode-ser-votada-em-1o-turno-nesta-terca-feira\/","title":{"rendered":"Reforma da Previd\u00eancia pode ser votada em 1\u00ba turno nesta ter\u00e7a-feira"},"content":{"rendered":"<p>Por <span class=\"txtPolitica\"> Marcelo Brand\u00e3o <\/span><\/p>\n<p>A reforma da Previd\u00eancia ter\u00e1 um cap\u00edtulo decisivo nesta semana. Est\u00e1 marcada para a pr\u00f3xima ter\u00e7a-feira (24),\u00a0no plen\u00e1rio do Senado, a vota\u00e7\u00e3o em primeiro turno da Proposta de Emenda Constitucional (PEC) da reforma. Segundo parlamentares, o clima \u00e9 favor\u00e1vel a uma aprova\u00e7\u00e3o.<\/p>\n<p>A presidente da Comiss\u00e3o de Constitui\u00e7\u00e3o e Justi\u00e7a (CCJ), Simone Tebet (MDB-MS), disse que a reforma da Previd\u00eancia est\u00e1 \u201cblindada\u201d. Pela manh\u00e3, ser\u00e1 votado na Comiss\u00e3o de Constitui\u00e7\u00e3o e Justi\u00e7a (CCJ), o relat\u00f3rio referente \u00e0s emendas recebidas em plen\u00e1rio.\u00a0Ap\u00f3s, a PEC para o plen\u00e1rio. A expectativa \u00e9 cumprir o calend\u00e1rio, votando em segundo turno no dia 10 de outubro.<\/p>\n<p>\u201cNa semana seguinte, come\u00e7armos a vota\u00e7\u00e3o em segundo turno. Em 10 de outubro, temos condi\u00e7\u00f5es de entregar para o Brasil a reforma da Previd\u00eancia\u201d, disse Tebet.<\/p>\n<p>Na primeira passagem da reforma pela CCJ, o relator da PEC, Tasso Jereissati (PSDB-CE), leu e submeteu seu parecer \u00e0 comiss\u00e3o, que foi <a href=\"http:\/\/agenciabrasil.ebc.com.br\/politica\/noticia\/2019-09\/ccj-do-senado-aprova-texto-base-da-reforma-da-previdencia\" target=\"_blank\" rel=\"noopener\">aprovado<\/a> por 18 votos a 7 e levado ao plen\u00e1rio. No plen\u00e1rio, foram realizadas cinco sess\u00f5es de discuss\u00e3o do tema.<\/p>\n<p>Nem todas as sess\u00f5es reservadas \u00e0 reforma tiveram um qu\u00f3rum alto. Em algumas, poucos senadores pediram espa\u00e7o para fala. O deputado Paulo Paim (PT-RS) pediu altera\u00e7\u00e3o das regras de aposentadoria especial, para profiss\u00f5es danosas \u00e0 sa\u00fade e\u00a0 mudan\u00e7as nas regras de pens\u00e3o por morte.<\/p>\n<p>Em seu relat\u00f3rio, referente \u00e0s emendas de plen\u00e1rio, Jereissati rejeitou 76 emendas recebidas no plen\u00e1rio do Senado que poderiam modificar a proposta e obrigar a volta do texto \u00e0 an\u00e1lise dos deputados. O relator, no entanto, <a href=\"http:\/\/agenciabrasil.ebc.com.br\/politica\/noticia\/2019-09\/tasso-apresenta-relatorio-final-da-reforma-da-previdencia\" target=\"_blank\" rel=\"noopener\">mudou a reda\u00e7\u00e3o<\/a> sobre o ponto que trata da cria\u00e7\u00e3o de uma al\u00edquota de contribui\u00e7\u00e3o mais baixa para os trabalhadores informais.<\/p>\n<p>Cientes de que o relator n\u00e3o far\u00e1 mudan\u00e7as que provoquem a volta do texto \u00e0 C\u00e2mara, alguns senadores jogam suas fichas na chamada PEC Paralela. A PEC, tamb\u00e9m relatada pelo tucano, promete trazer regras mais ben\u00e9ficas aos trabalhadores e foi criada para evitar altera\u00e7\u00f5es na PEC principal e, consequentemente, possibilitar uma aprova\u00e7\u00e3o em outubro.<\/p>\n<p>A expectativa de Jereissati e Tebet \u00e9 que haja uma diferen\u00e7a de 15 dias entre as vota\u00e7\u00f5es da PEC original e as vota\u00e7\u00f5es da paralela. No caso dessta, por\u00e9m, a aprova\u00e7\u00e3o definitiva ainda levar\u00e1 tempo, uma vez que ainda precisa ser apreciada pela C\u00e2mara dos Deputados.<\/p>\n","protected":false},"excerpt":{"rendered":"<p>Por Marcelo Brand\u00e3o A reforma da Previd\u00eancia ter\u00e1 um cap\u00edtulo decisivo nesta semana. Est\u00e1 marcada para a pr\u00f3xima ter\u00e7a-feira (24),\u00a0no plen\u00e1rio do Senado, a vota\u00e7\u00e3o em primeiro turno da Proposta de Emenda Constitucional (PEC) da reforma. Segundo parlamentares, o clima&hellip;<\/p>\n","protected":false},"author":860,"featured_media":923829,"comment_status":"closed","ping_status":"closed","sticky":false,"template":"","format":"standard","meta":{"footnotes":""},"categories":[104,111],"tags":[2744,30883],"class_list":["post-923818","post","type-post","status-publish","format-standard","has-post-thumbnail","hentry","category-america-do-sul","category-politica-pt-pt","tag-brasil","tag-proposta-de-emenda-constitucional"],"yoast_head":"<!-- This site is optimized with the Yoast SEO plugin v27.1.1 - https:\/\/yoast.com\/product\/yoast-seo-wordpress\/ -->\n<title>Reforma da Previd\u00eancia pode ser votada em 1\u00ba turno nesta ter\u00e7a-feira<\/title>\n<meta name=\"description\" content=\"Por Marcelo Brand\u00e3o A reforma da Previd\u00eancia ter\u00e1 um cap\u00edtulo decisivo nesta semana. Est\u00e1 marcada para a pr\u00f3xima ter\u00e7a-feira (24),\u00a0no plen\u00e1rio do Senado,\" \/>\n<meta name=\"robots\" content=\"index, follow, max-snippet:-1, max-image-preview:large, max-video-preview:-1\" \/>\n<link rel=\"canonical\" href=\"https:\/\/www.pressenza.com\/pt-pt\/2019\/09\/reforma-da-previdencia-pode-ser-votada-em-1o-turno-nesta-terca-feira\/\" \/>\n<meta property=\"og:locale\" content=\"pt_PT\" \/>\n<meta property=\"og:type\" content=\"article\" \/>\n<meta property=\"og:title\" content=\"Reforma da Previd\u00eancia pode ser votada em 1\u00ba turno nesta ter\u00e7a-feira\" \/>\n<meta property=\"og:description\" content=\"Por Marcelo Brand\u00e3o A reforma da Previd\u00eancia ter\u00e1 um cap\u00edtulo decisivo nesta semana. Est\u00e1 marcada para a pr\u00f3xima ter\u00e7a-feira (24),\u00a0no plen\u00e1rio do Senado,\" \/>\n<meta property=\"og:url\" content=\"https:\/\/www.pressenza.com\/pt-pt\/2019\/09\/reforma-da-previdencia-pode-ser-votada-em-1o-turno-nesta-terca-feira\/\" \/>\n<meta property=\"og:site_name\" content=\"Pressenza\" \/>\n<meta property=\"article:publisher\" content=\"https:\/\/www.facebook.com\/PressenzaItalia\" \/>\n<meta property=\"article:published_time\" content=\"2019-09-23T08:58:20+00:00\" \/>\n<meta property=\"og:image\" content=\"https:\/\/www.pressenza.com\/wp-content\/uploads\/2019\/09\/pzzb1886.jpg\" \/>\n\t<meta property=\"og:image:width\" content=\"1140\" \/>\n\t<meta property=\"og:image:height\" content=\"760\" \/>\n\t<meta property=\"og:image:type\" content=\"image\/jpeg\" \/>\n<meta name=\"author\" content=\"Agencia Brasil\" \/>\n<meta name=\"twitter:card\" content=\"summary_large_image\" \/>\n<meta name=\"twitter:creator\" content=\"@PressenzaIPA\" \/>\n<meta name=\"twitter:site\" content=\"@PressenzaIPA\" \/>\n<meta name=\"twitter:label1\" content=\"Escrito por\" \/>\n\t<meta name=\"twitter:data1\" content=\"Agencia Brasil\" \/>\n\t<meta name=\"twitter:label2\" content=\"Tempo estimado de leitura\" \/>\n\t<meta name=\"twitter:data2\" content=\"2 minutos\" \/>\n<script type=\"application\/ld+json\" class=\"yoast-schema-graph\">{\"@context\":\"https:\/\/schema.org\",\"@graph\":[{\"@type\":\"Article\",\"@id\":\"https:\/\/www.pressenza.com\/pt-pt\/2019\/09\/reforma-da-previdencia-pode-ser-votada-em-1o-turno-nesta-terca-feira\/#article\",\"isPartOf\":{\"@id\":\"https:\/\/www.pressenza.com\/pt-pt\/2019\/09\/reforma-da-previdencia-pode-ser-votada-em-1o-turno-nesta-terca-feira\/\"},\"author\":{\"name\":\"Agencia Brasil\",\"@id\":\"https:\/\/www.pressenza.com\/pt-pt\/#\/schema\/person\/e2e4e9b5b3a7554516d809f2394b3dd4\"},\"headline\":\"Reforma da Previd\u00eancia pode ser votada em 1\u00ba turno nesta ter\u00e7a-feira\",\"datePublished\":\"2019-09-23T08:58:20+00:00\",\"mainEntityOfPage\":{\"@id\":\"https:\/\/www.pressenza.com\/pt-pt\/2019\/09\/reforma-da-previdencia-pode-ser-votada-em-1o-turno-nesta-terca-feira\/\"},\"wordCount\":432,\"publisher\":{\"@id\":\"https:\/\/www.pressenza.com\/pt-pt\/#organization\"},\"image\":{\"@id\":\"https:\/\/www.pressenza.com\/pt-pt\/2019\/09\/reforma-da-previdencia-pode-ser-votada-em-1o-turno-nesta-terca-feira\/#primaryimage\"},\"thumbnailUrl\":\"https:\/\/www.pressenza.com\/wp-content\/uploads\/2019\/09\/pzzb1886.jpg\",\"keywords\":[\"Brasil\",\"Proposta de Emenda Constitucional\"],\"articleSection\":[\"\u00c1m\u00e9rica do Sul\",\"Pol\u00edtica\"],\"inLanguage\":\"pt-PT\"},{\"@type\":\"WebPage\",\"@id\":\"https:\/\/www.pressenza.com\/pt-pt\/2019\/09\/reforma-da-previdencia-pode-ser-votada-em-1o-turno-nesta-terca-feira\/\",\"url\":\"https:\/\/www.pressenza.com\/pt-pt\/2019\/09\/reforma-da-previdencia-pode-ser-votada-em-1o-turno-nesta-terca-feira\/\",\"name\":\"Reforma da Previd\u00eancia pode ser votada em 1\u00ba turno nesta ter\u00e7a-feira\",\"isPartOf\":{\"@id\":\"https:\/\/www.pressenza.com\/pt-pt\/#website\"},\"primaryImageOfPage\":{\"@id\":\"https:\/\/www.pressenza.com\/pt-pt\/2019\/09\/reforma-da-previdencia-pode-ser-votada-em-1o-turno-nesta-terca-feira\/#primaryimage\"},\"image\":{\"@id\":\"https:\/\/www.pressenza.com\/pt-pt\/2019\/09\/reforma-da-previdencia-pode-ser-votada-em-1o-turno-nesta-terca-feira\/#primaryimage\"},\"thumbnailUrl\":\"https:\/\/www.pressenza.com\/wp-content\/uploads\/2019\/09\/pzzb1886.jpg\",\"datePublished\":\"2019-09-23T08:58:20+00:00\",\"description\":\"Por Marcelo Brand\u00e3o A reforma da Previd\u00eancia ter\u00e1 um cap\u00edtulo decisivo nesta semana. Est\u00e1 marcada para a pr\u00f3xima ter\u00e7a-feira (24),\u00a0no plen\u00e1rio do Senado,\",\"breadcrumb\":{\"@id\":\"https:\/\/www.pressenza.com\/pt-pt\/2019\/09\/reforma-da-previdencia-pode-ser-votada-em-1o-turno-nesta-terca-feira\/#breadcrumb\"},\"inLanguage\":\"pt-PT\",\"potentialAction\":[{\"@type\":\"ReadAction\",\"target\":[\"https:\/\/www.pressenza.com\/pt-pt\/2019\/09\/reforma-da-previdencia-pode-ser-votada-em-1o-turno-nesta-terca-feira\/\"]}]},{\"@type\":\"ImageObject\",\"inLanguage\":\"pt-PT\",\"@id\":\"https:\/\/www.pressenza.com\/pt-pt\/2019\/09\/reforma-da-previdencia-pode-ser-votada-em-1o-turno-nesta-terca-feira\/#primaryimage\",\"url\":\"https:\/\/www.pressenza.com\/wp-content\/uploads\/2019\/09\/pzzb1886.jpg\",\"contentUrl\":\"https:\/\/www.pressenza.com\/wp-content\/uploads\/2019\/09\/pzzb1886.jpg\",\"width\":1140,\"height\":760,\"caption\":\"Plen\u00e1rio do Senado vota indica\u00e7\u00f5es de autoridades\"},{\"@type\":\"BreadcrumbList\",\"@id\":\"https:\/\/www.pressenza.com\/pt-pt\/2019\/09\/reforma-da-previdencia-pode-ser-votada-em-1o-turno-nesta-terca-feira\/#breadcrumb\",\"itemListElement\":[{\"@type\":\"ListItem\",\"position\":1,\"name\":\"Accueil\",\"item\":\"https:\/\/www.pressenza.com\/pt-pt\/\"},{\"@type\":\"ListItem\",\"position\":2,\"name\":\"Reforma da Previd\u00eancia pode ser votada em 1\u00ba turno nesta ter\u00e7a-feira\"}]},{\"@type\":\"WebSite\",\"@id\":\"https:\/\/www.pressenza.com\/pt-pt\/#website\",\"url\":\"https:\/\/www.pressenza.com\/pt-pt\/\",\"name\":\"Pressenza\",\"description\":\"International Press Agency\",\"publisher\":{\"@id\":\"https:\/\/www.pressenza.com\/pt-pt\/#organization\"},\"potentialAction\":[{\"@type\":\"SearchAction\",\"target\":{\"@type\":\"EntryPoint\",\"urlTemplate\":\"https:\/\/www.pressenza.com\/pt-pt\/?s={search_term_string}\"},\"query-input\":{\"@type\":\"PropertyValueSpecification\",\"valueRequired\":true,\"valueName\":\"search_term_string\"}}],\"inLanguage\":\"pt-PT\"},{\"@type\":\"Organization\",\"@id\":\"https:\/\/www.pressenza.com\/pt-pt\/#organization\",\"name\":\"Pressenza\",\"url\":\"https:\/\/www.pressenza.com\/pt-pt\/\",\"logo\":{\"@type\":\"ImageObject\",\"inLanguage\":\"pt-PT\",\"@id\":\"https:\/\/www.pressenza.com\/pt-pt\/#\/schema\/logo\/image\/\",\"url\":\"https:\/\/www.pressenza.com\/wp-content\/uploads\/2022\/10\/pressenza_logo_200x200.jpg\",\"contentUrl\":\"https:\/\/www.pressenza.com\/wp-content\/uploads\/2022\/10\/pressenza_logo_200x200.jpg\",\"width\":200,\"height\":200,\"caption\":\"Pressenza\"},\"image\":{\"@id\":\"https:\/\/www.pressenza.com\/pt-pt\/#\/schema\/logo\/image\/\"},\"sameAs\":[\"https:\/\/www.facebook.com\/PressenzaItalia\",\"https:\/\/x.com\/PressenzaIPA\"]},{\"@type\":\"Person\",\"@id\":\"https:\/\/www.pressenza.com\/pt-pt\/#\/schema\/person\/e2e4e9b5b3a7554516d809f2394b3dd4\",\"name\":\"Agencia Brasil\",\"url\":\"https:\/\/www.pressenza.com\/pt-pt\/author\/agencia-brasil\/\"}]}<\/script>\n<!-- \/ Yoast SEO plugin. -->","yoast_head_json":{"title":"Reforma da Previd\u00eancia pode ser votada em 1\u00ba turno nesta ter\u00e7a-feira","description":"Por Marcelo Brand\u00e3o A reforma da Previd\u00eancia ter\u00e1 um cap\u00edtulo decisivo nesta semana. Est\u00e1 marcada para a pr\u00f3xima ter\u00e7a-feira (24),\u00a0no plen\u00e1rio do Senado,","robots":{"index":"index","follow":"follow","max-snippet":"max-snippet:-1","max-image-preview":"max-image-preview:large","max-video-preview":"max-video-preview:-1"},"canonical":"https:\/\/www.pressenza.com\/pt-pt\/2019\/09\/reforma-da-previdencia-pode-ser-votada-em-1o-turno-nesta-terca-feira\/","og_locale":"pt_PT","og_type":"article","og_title":"Reforma da Previd\u00eancia pode ser votada em 1\u00ba turno nesta ter\u00e7a-feira","og_description":"Por Marcelo Brand\u00e3o A reforma da Previd\u00eancia ter\u00e1 um cap\u00edtulo decisivo nesta semana. Est\u00e1 marcada para a pr\u00f3xima ter\u00e7a-feira (24),\u00a0no plen\u00e1rio do Senado,","og_url":"https:\/\/www.pressenza.com\/pt-pt\/2019\/09\/reforma-da-previdencia-pode-ser-votada-em-1o-turno-nesta-terca-feira\/","og_site_name":"Pressenza","article_publisher":"https:\/\/www.facebook.com\/PressenzaItalia","article_published_time":"2019-09-23T08:58:20+00:00","og_image":[{"width":1140,"height":760,"url":"https:\/\/www.pressenza.com\/wp-content\/uploads\/2019\/09\/pzzb1886.jpg","type":"image\/jpeg"}],"author":"Agencia Brasil","twitter_card":"summary_large_image","twitter_creator":"@PressenzaIPA","twitter_site":"@PressenzaIPA","twitter_misc":{"Escrito por":"Agencia Brasil","Tempo estimado de leitura":"2 minutos"},"schema":{"@context":"https:\/\/schema.org","@graph":[{"@type":"Article","@id":"https:\/\/www.pressenza.com\/pt-pt\/2019\/09\/reforma-da-previdencia-pode-ser-votada-em-1o-turno-nesta-terca-feira\/#article","isPartOf":{"@id":"https:\/\/www.pressenza.com\/pt-pt\/2019\/09\/reforma-da-previdencia-pode-ser-votada-em-1o-turno-nesta-terca-feira\/"},"author":{"name":"Agencia Brasil","@id":"https:\/\/www.pressenza.com\/pt-pt\/#\/schema\/person\/e2e4e9b5b3a7554516d809f2394b3dd4"},"headline":"Reforma da Previd\u00eancia pode ser votada em 1\u00ba turno nesta ter\u00e7a-feira","datePublished":"2019-09-23T08:58:20+00:00","mainEntityOfPage":{"@id":"https:\/\/www.pressenza.com\/pt-pt\/2019\/09\/reforma-da-previdencia-pode-ser-votada-em-1o-turno-nesta-terca-feira\/"},"wordCount":432,"publisher":{"@id":"https:\/\/www.pressenza.com\/pt-pt\/#organization"},"image":{"@id":"https:\/\/www.pressenza.com\/pt-pt\/2019\/09\/reforma-da-previdencia-pode-ser-votada-em-1o-turno-nesta-terca-feira\/#primaryimage"},"thumbnailUrl":"https:\/\/www.pressenza.com\/wp-content\/uploads\/2019\/09\/pzzb1886.jpg","keywords":["Brasil","Proposta de Emenda Constitucional"],"articleSection":["\u00c1m\u00e9rica do Sul","Pol\u00edtica"],"inLanguage":"pt-PT"},{"@type":"WebPage","@id":"https:\/\/www.pressenza.com\/pt-pt\/2019\/09\/reforma-da-previdencia-pode-ser-votada-em-1o-turno-nesta-terca-feira\/","url":"https:\/\/www.pressenza.com\/pt-pt\/2019\/09\/reforma-da-previdencia-pode-ser-votada-em-1o-turno-nesta-terca-feira\/","name":"Reforma da Previd\u00eancia pode ser votada em 1\u00ba turno nesta ter\u00e7a-feira","isPartOf":{"@id":"https:\/\/www.pressenza.com\/pt-pt\/#website"},"primaryImageOfPage":{"@id":"https:\/\/www.pressenza.com\/pt-pt\/2019\/09\/reforma-da-previdencia-pode-ser-votada-em-1o-turno-nesta-terca-feira\/#primaryimage"},"image":{"@id":"https:\/\/www.pressenza.com\/pt-pt\/2019\/09\/reforma-da-previdencia-pode-ser-votada-em-1o-turno-nesta-terca-feira\/#primaryimage"},"thumbnailUrl":"https:\/\/www.pressenza.com\/wp-content\/uploads\/2019\/09\/pzzb1886.jpg","datePublished":"2019-09-23T08:58:20+00:00","description":"Por Marcelo Brand\u00e3o A reforma da Previd\u00eancia ter\u00e1 um cap\u00edtulo decisivo nesta semana. Est\u00e1 marcada para a pr\u00f3xima ter\u00e7a-feira (24),\u00a0no plen\u00e1rio do Senado,","breadcrumb":{"@id":"https:\/\/www.pressenza.com\/pt-pt\/2019\/09\/reforma-da-previdencia-pode-ser-votada-em-1o-turno-nesta-terca-feira\/#breadcrumb"},"inLanguage":"pt-PT","potentialAction":[{"@type":"ReadAction","target":["https:\/\/www.pressenza.com\/pt-pt\/2019\/09\/reforma-da-previdencia-pode-ser-votada-em-1o-turno-nesta-terca-feira\/"]}]},{"@type":"ImageObject","inLanguage":"pt-PT","@id":"https:\/\/www.pressenza.com\/pt-pt\/2019\/09\/reforma-da-previdencia-pode-ser-votada-em-1o-turno-nesta-terca-feira\/#primaryimage","url":"https:\/\/www.pressenza.com\/wp-content\/uploads\/2019\/09\/pzzb1886.jpg","contentUrl":"https:\/\/www.pressenza.com\/wp-content\/uploads\/2019\/09\/pzzb1886.jpg","width":1140,"height":760,"caption":"Plen\u00e1rio do Senado vota indica\u00e7\u00f5es de autoridades"},{"@type":"BreadcrumbList","@id":"https:\/\/www.pressenza.com\/pt-pt\/2019\/09\/reforma-da-previdencia-pode-ser-votada-em-1o-turno-nesta-terca-feira\/#breadcrumb","itemListElement":[{"@type":"ListItem","position":1,"name":"Accueil","item":"https:\/\/www.pressenza.com\/pt-pt\/"},{"@type":"ListItem","position":2,"name":"Reforma da Previd\u00eancia pode ser votada em 1\u00ba turno nesta ter\u00e7a-feira"}]},{"@type":"WebSite","@id":"https:\/\/www.pressenza.com\/pt-pt\/#website","url":"https:\/\/www.pressenza.com\/pt-pt\/","name":"Pressenza","description":"International Press Agency","publisher":{"@id":"https:\/\/www.pressenza.com\/pt-pt\/#organization"},"potentialAction":[{"@type":"SearchAction","target":{"@type":"EntryPoint","urlTemplate":"https:\/\/www.pressenza.com\/pt-pt\/?s={search_term_string}"},"query-input":{"@type":"PropertyValueSpecification","valueRequired":true,"valueName":"search_term_string"}}],"inLanguage":"pt-PT"},{"@type":"Organization","@id":"https:\/\/www.pressenza.com\/pt-pt\/#organization","name":"Pressenza","url":"https:\/\/www.pressenza.com\/pt-pt\/","logo":{"@type":"ImageObject","inLanguage":"pt-PT","@id":"https:\/\/www.pressenza.com\/pt-pt\/#\/schema\/logo\/image\/","url":"https:\/\/www.pressenza.com\/wp-content\/uploads\/2022\/10\/pressenza_logo_200x200.jpg","contentUrl":"https:\/\/www.pressenza.com\/wp-content\/uploads\/2022\/10\/pressenza_logo_200x200.jpg","width":200,"height":200,"caption":"Pressenza"},"image":{"@id":"https:\/\/www.pressenza.com\/pt-pt\/#\/schema\/logo\/image\/"},"sameAs":["https:\/\/www.facebook.com\/PressenzaItalia","https:\/\/x.com\/PressenzaIPA"]},{"@type":"Person","@id":"https:\/\/www.pressenza.com\/pt-pt\/#\/schema\/person\/e2e4e9b5b3a7554516d809f2394b3dd4","name":"Agencia Brasil","url":"https:\/\/www.pressenza.com\/pt-pt\/author\/agencia-brasil\/"}]}},"place":"Brasilia, Brasil","original_article_url":"http:\/\/agenciabrasil.ebc.com.br\/politica\/noticia\/2019-09\/reforma-da-previdencia-pode-ser-votada-em-1o-turno-na-terca-feira","_links":{"self":[{"href":"https:\/\/www.pressenza.com\/pt-pt\/wp-json\/wp\/v2\/posts\/923818","targetHints":{"allow":["GET"]}}],"collection":[{"href":"https:\/\/www.pressenza.com\/pt-pt\/wp-json\/wp\/v2\/posts"}],"about":[{"href":"https:\/\/www.pressenza.com\/pt-pt\/wp-json\/wp\/v2\/types\/post"}],"author":[{"embeddable":true,"href":"https:\/\/www.pressenza.com\/pt-pt\/wp-json\/wp\/v2\/users\/860"}],"replies":[{"embeddable":true,"href":"https:\/\/www.pressenza.com\/pt-pt\/wp-json\/wp\/v2\/comments?post=923818"}],"version-history":[{"count":0,"href":"https:\/\/www.pressenza.com\/pt-pt\/wp-json\/wp\/v2\/posts\/923818\/revisions"}],"wp:featuredmedia":[{"embeddable":true,"href":"https:\/\/www.pressenza.com\/pt-pt\/wp-json\/wp\/v2\/media\/923829"}],"wp:attachment":[{"href":"https:\/\/www.pressenza.com\/pt-pt\/wp-json\/wp\/v2\/media?parent=923818"}],"wp:term":[{"taxonomy":"category","embeddable":true,"href":"https:\/\/www.pressenza.com\/pt-pt\/wp-json\/wp\/v2\/categories?post=923818"},{"taxonomy":"post_tag","embeddable":true,"href":"https:\/\/www.pressenza.com\/pt-pt\/wp-json\/wp\/v2\/tags?post=923818"}],"curies":[{"name":"wp","href":"https:\/\/api.w.org\/{rel}","templated":true}]}}