{"id":919607,"date":"2019-09-17T16:26:52","date_gmt":"2019-09-17T15:26:52","guid":{"rendered":"https:\/\/www.pressenza.com\/?p=919607"},"modified":"2019-09-17T16:31:20","modified_gmt":"2019-09-17T15:31:20","slug":"israel-volta-as-urnas","status":"publish","type":"post","link":"https:\/\/www.pressenza.com\/pt-pt\/2019\/09\/israel-volta-as-urnas\/","title":{"rendered":"Israel volta \u00e0s urnas"},"content":{"rendered":"<p><em>Por<strong> Tiago Angelo \/\u00a0Brasil de Fato<\/strong> <\/em><\/p>\n<p><strong>Ap\u00f3s cinco meses, Israel volta \u00e0s urnas para decidir futuro de Netanyahu Legislativas j\u00e1 haviam ocorrido em abril, mas Netanyahu n\u00e3o conseguiu obter maioria necess\u00e1ria para seguir governando<\/strong><\/p>\n<p>Cerca de 6 milh\u00f5es de israelenses v\u00e3o \u00e0s urnas nesta ter\u00e7a-feira (17) para a segunda elei\u00e7\u00e3o legislativa em cinco meses. O pleito decidir\u00e1 o futuro do atual primeiro-ministro, Benjamin Netanyahu, que em abril n\u00e3o conseguiu obter a maioria necess\u00e1ria para seguir governando o pa\u00eds.<\/p>\n<p>Segundo pesquisas de inten\u00e7\u00e3o de voto, o cen\u00e1rio atual \u00e9 parecido com o do primeiro semestre: um empate entre o partido de Netanyahu, o conservador Likud, e o Azul e Branco, legenda de centro liderada por Benny Gantz.<\/p>\n<p>Um levantamento encomendado pelo TV Channel 13\u00a0aponta que os dois partidos ir\u00e3o obter 32 das 120 cadeiras do Knesset, o Parlamento de Israel. O n\u00famero, distante dos 61 assentos necess\u00e1rios para obter a maioria da casa, obrigar\u00e1 que Likud e Azul e Branco busquem apoio de outras legendas.<\/p>\n<p>Netanyahu, que j\u00e1 est\u00e1 no governo h\u00e1 dez anos consecutivos, ficou a um passo de conquistar a maioria em abril. O premi\u00ea, no entanto, sofreu um duro rev\u00e9s quando seu antigo aliado, Avigdor Lieberman, l\u00edder do partido Israel Nossa Casa, retirou seu apoio \u00e0 coliga\u00e7\u00e3o de Netanyahu.<\/p>\n<p>Lieberman, que j\u00e1 foi ministro da Defesa e das Rela\u00e7\u00f5es Exteriores, endureceu o tom contra seu ex-amigo, exigindo que fosse aprovada uma lei que desagradava aos ultraortodoxos. Diante da incapacidade de atender \u00e0 demanda e de conquistar a maioria dos assentos, Netanyahu foi obrigado a dissolver o Parlamento e chamar novas elei\u00e7\u00f5es.<\/p>\n<p><strong>Dificuldades no horizonte<\/strong><\/p>\n<p>Tanto o Likud quanto o Azul e Branco encontrar\u00e3o dificuldades para conquistar a maioria do Knesset. Netanyahu ter\u00e1 que buscar alian\u00e7as com partidos nacionalistas e ultraortodoxos. Gantz, por outro lado, ter\u00e1 que conquistar o apoio de legendas com um hist\u00f3rico dif\u00edcil, como a Lista \u00c1rabe Unida, coliga\u00e7\u00e3o formada por quatro partidos que nunca apoiaram nenhum governo desde 1948, ano em que o Estado de Israel foi criado.<\/p>\n<p>Outro aspecto pesa contra o atual primeiro-ministro: Netanyahu dever\u00e1 comparecer \u00e0 Justi\u00e7a em outubro para responder pelos crimes de corrup\u00e7\u00e3o, abuso de confian\u00e7a e malversa\u00e7\u00e3o. Com uma vit\u00f3ria eleitoral, no entanto, ele pode conseguir\u00a0imunidade.<\/p>\n<p>O primeiro-ministro poder\u00e1 ser salvo pela ascens\u00e3o de um pequeno partido de extrema direita, o Otzma Yehudit. A legenda \u00e9 herdeira pol\u00edtica de Meir Kahana, rabino banido do Parlamento em 1988 por incitar o racismo. O grupo ganhou for\u00e7a nos \u00faltimos meses e poder\u00e1 voltar ao Knesset.<\/p>\n<p>H\u00e1 tamb\u00e9m a possibilidade de Likud e Azul e Branco se juntarem para um governo de uni\u00e3o nacional. Nesse caso, cada partido indica um premi\u00ea para ocupar metade do mandato. Em um cen\u00e1rio como esse, Netanyahu comandaria o pa\u00eds por dois anos, entregando o cargo para Gantz, que governaria durante os dois anos seguintes.<\/p>\n<p><strong>Anexa\u00e7\u00e3o<\/strong><\/p>\n<p>A campanha eleitoral ficou ainda mais agitada na \u00faltima semana, quando Netanyahu prometeu anexar um setor estrat\u00e9gico da Cisjord\u00e2nia ocupada caso fosse eleito. Neste domingo (15), a apenas dois dias das elei\u00e7\u00f5es, o governo autorizou a legaliza\u00e7\u00e3o de um assentamento na regi\u00e3o.<\/p>\n<p>O alvo da medida \u00e9 a col\u00f4nia Mevo&#8217;ot Yeriho, situada nas proximidades de Jeric\u00f3, principal cidade palestina do vale do Jord\u00e3o, perto do mar Morto. A localidade \u00e9 considerada importante para a produ\u00e7\u00e3o agr\u00edcola.<\/p>\n<p>A coloniza\u00e7\u00e3o do leste de Jerusal\u00e9m e da Cisjord\u00e2nia ocupada cresceu nos \u00faltimos anos sob a administra\u00e7\u00e3o de Netanyahu e com a chegada de Donald Trump ao poder nos Estados Unidos.<\/p>\n<p>O dom\u00ednio da Cisjord\u00e2nia \u00e9 um dos principais motivos de revolta na popula\u00e7\u00e3o\u00a0palestina. Israel construiu 140 assentamentos na regi\u00e3o, todos considerados ilegais sob o direito internacional. O governo israelense, no entanto, nega qualquer ilegalidade.<\/p>\n<p>A promessa de anexar parte da Cisjord\u00e2nia gerou rea\u00e7\u00f5es imediatas e,\u00a0diversos pa\u00edses. Um porta-voz da Organiza\u00e7\u00e3o das Na\u00e7\u00f5es Unidas (ONU) afirmou que a medida \u201cn\u00e3o teria efeito legal em n\u00edvel internacional\u201d.<\/p>\n<p>Hanan Ashrawi, uma das principais lideran\u00e7as\u00a0palestinas dentro do Knesset, afirmou \u00e0 AFP que a medida anunciada por Netanyahu destruiria qualquer possibilidade de paz na regi\u00e3o. \u201c[O premi\u00ea] n\u00e3o est\u00e1 apenas destruindo a solu\u00e7\u00e3o dos dois Estados, mas tamb\u00e9m destruindo qualquer possibilidade de paz\u201d, disse.<\/p>\n<p>A Liga \u00c1rabe, organiza\u00e7\u00e3o formada por 22 Estados, qualificou como \u201cperigosos\u201d os planos de Netanyahu, e disse que a anexa\u00e7\u00e3o \u00e9 contra os fundamentos de paz. A medida tamb\u00e9m foi recha\u00e7ada por\u00a0R\u00fassia, Jord\u00e2nia e partidos israelenses que fazem oposi\u00e7\u00e3o a Netanyahu.<\/p>\n","protected":false},"excerpt":{"rendered":"<p>Por Tiago Angelo \/\u00a0Brasil de Fato Ap\u00f3s cinco meses, Israel volta \u00e0s urnas para decidir futuro de Netanyahu Legislativas j\u00e1 haviam ocorrido em abril, mas Netanyahu n\u00e3o conseguiu obter maioria necess\u00e1ria para seguir governando Cerca de 6 milh\u00f5es de israelenses&hellip;<\/p>\n","protected":false},"author":44,"featured_media":919609,"comment_status":"closed","ping_status":"closed","sticky":false,"template":"","format":"standard","meta":{"footnotes":""},"categories":[108,111],"tags":[64114,6368,64112,64116,2625,64113,2624],"class_list":["post-919607","post","type-post","status-publish","format-standard","has-post-thumbnail","hentry","category-oriente-medio","category-politica-pt-pt","tag-cisjordania-pt-pt","tag-eleicoes","tag-gantz","tag-hanan-ashrawi-pt-pt","tag-israel-pt-pt","tag-netanyahu-pt-pt","tag-palestina-pt-pt"],"yoast_head":"<!-- This site is optimized with the Yoast SEO plugin v27.1.1 - https:\/\/yoast.com\/product\/yoast-seo-wordpress\/ -->\n<title>Israel volta \u00e0s urnas<\/title>\n<meta name=\"description\" content=\"Por Tiago Angelo \/\u00a0Brasil de Fato Ap\u00f3s cinco meses, Israel volta \u00e0s urnas para decidir futuro de Netanyahu Legislativas j\u00e1 haviam ocorrido em abril, mas\" \/>\n<meta name=\"robots\" content=\"index, follow, max-snippet:-1, max-image-preview:large, max-video-preview:-1\" \/>\n<link rel=\"canonical\" href=\"https:\/\/www.pressenza.com\/pt-pt\/2019\/09\/israel-volta-as-urnas\/\" \/>\n<meta property=\"og:locale\" content=\"pt_PT\" \/>\n<meta property=\"og:type\" content=\"article\" \/>\n<meta property=\"og:title\" content=\"Israel volta \u00e0s urnas\" \/>\n<meta property=\"og:description\" content=\"Por Tiago Angelo \/\u00a0Brasil de Fato Ap\u00f3s cinco meses, Israel volta \u00e0s urnas para decidir futuro de Netanyahu Legislativas j\u00e1 haviam ocorrido em abril, mas\" \/>\n<meta property=\"og:url\" content=\"https:\/\/www.pressenza.com\/pt-pt\/2019\/09\/israel-volta-as-urnas\/\" \/>\n<meta property=\"og:site_name\" content=\"Pressenza\" \/>\n<meta property=\"article:publisher\" content=\"https:\/\/www.facebook.com\/PressenzaItalia\" \/>\n<meta property=\"article:author\" content=\"https:\/\/www.facebook.com\/PressenzaPortugues\" \/>\n<meta property=\"article:published_time\" content=\"2019-09-17T15:26:52+00:00\" \/>\n<meta property=\"article:modified_time\" content=\"2019-09-17T15:31:20+00:00\" \/>\n<meta property=\"og:image\" content=\"https:\/\/www.pressenza.com\/wp-content\/uploads\/2019\/09\/Netanyahu-DonkeyHotey.jpg\" \/>\n\t<meta property=\"og:image:width\" content=\"1024\" \/>\n\t<meta property=\"og:image:height\" content=\"601\" \/>\n\t<meta property=\"og:image:type\" content=\"image\/jpeg\" \/>\n<meta name=\"author\" content=\"Reda\u00e7\u00e3o S\u00e3o Paulo\" \/>\n<meta name=\"twitter:card\" content=\"summary_large_image\" \/>\n<meta name=\"twitter:creator\" content=\"@pressenza_pt\" \/>\n<meta name=\"twitter:site\" content=\"@PressenzaIPA\" \/>\n<meta name=\"twitter:label1\" content=\"Escrito por\" \/>\n\t<meta name=\"twitter:data1\" content=\"Reda\u00e7\u00e3o S\u00e3o Paulo\" \/>\n\t<meta name=\"twitter:label2\" content=\"Tempo estimado de leitura\" \/>\n\t<meta name=\"twitter:data2\" content=\"4 minutos\" \/>\n<script type=\"application\/ld+json\" class=\"yoast-schema-graph\">{\"@context\":\"https:\/\/schema.org\",\"@graph\":[{\"@type\":\"Article\",\"@id\":\"https:\/\/www.pressenza.com\/pt-pt\/2019\/09\/israel-volta-as-urnas\/#article\",\"isPartOf\":{\"@id\":\"https:\/\/www.pressenza.com\/pt-pt\/2019\/09\/israel-volta-as-urnas\/\"},\"author\":{\"name\":\"Reda\u00e7\u00e3o S\u00e3o Paulo\",\"@id\":\"https:\/\/www.pressenza.com\/pt-pt\/#\/schema\/person\/d171826afb7693cfc394da95892bfd93\"},\"headline\":\"Israel volta \u00e0s urnas\",\"datePublished\":\"2019-09-17T15:26:52+00:00\",\"dateModified\":\"2019-09-17T15:31:20+00:00\",\"mainEntityOfPage\":{\"@id\":\"https:\/\/www.pressenza.com\/pt-pt\/2019\/09\/israel-volta-as-urnas\/\"},\"wordCount\":790,\"publisher\":{\"@id\":\"https:\/\/www.pressenza.com\/pt-pt\/#organization\"},\"image\":{\"@id\":\"https:\/\/www.pressenza.com\/pt-pt\/2019\/09\/israel-volta-as-urnas\/#primaryimage\"},\"thumbnailUrl\":\"https:\/\/www.pressenza.com\/wp-content\/uploads\/2019\/09\/Netanyahu-DonkeyHotey.jpg\",\"keywords\":[\"Cisjordania\",\"elei\u00e7\u00f5es\",\"Gantz\",\"Hanan Ashrawi\",\"Israel\",\"Netanyahu\",\"Palestina\"],\"articleSection\":[\"Oriente M\u00e9dio\",\"Pol\u00edtica\"],\"inLanguage\":\"pt-PT\"},{\"@type\":\"WebPage\",\"@id\":\"https:\/\/www.pressenza.com\/pt-pt\/2019\/09\/israel-volta-as-urnas\/\",\"url\":\"https:\/\/www.pressenza.com\/pt-pt\/2019\/09\/israel-volta-as-urnas\/\",\"name\":\"Israel volta \u00e0s urnas\",\"isPartOf\":{\"@id\":\"https:\/\/www.pressenza.com\/pt-pt\/#website\"},\"primaryImageOfPage\":{\"@id\":\"https:\/\/www.pressenza.com\/pt-pt\/2019\/09\/israel-volta-as-urnas\/#primaryimage\"},\"image\":{\"@id\":\"https:\/\/www.pressenza.com\/pt-pt\/2019\/09\/israel-volta-as-urnas\/#primaryimage\"},\"thumbnailUrl\":\"https:\/\/www.pressenza.com\/wp-content\/uploads\/2019\/09\/Netanyahu-DonkeyHotey.jpg\",\"datePublished\":\"2019-09-17T15:26:52+00:00\",\"dateModified\":\"2019-09-17T15:31:20+00:00\",\"description\":\"Por Tiago Angelo \/\u00a0Brasil de Fato Ap\u00f3s cinco meses, Israel volta \u00e0s urnas para decidir futuro de Netanyahu Legislativas j\u00e1 haviam ocorrido em abril, mas\",\"breadcrumb\":{\"@id\":\"https:\/\/www.pressenza.com\/pt-pt\/2019\/09\/israel-volta-as-urnas\/#breadcrumb\"},\"inLanguage\":\"pt-PT\",\"potentialAction\":[{\"@type\":\"ReadAction\",\"target\":[\"https:\/\/www.pressenza.com\/pt-pt\/2019\/09\/israel-volta-as-urnas\/\"]}]},{\"@type\":\"ImageObject\",\"inLanguage\":\"pt-PT\",\"@id\":\"https:\/\/www.pressenza.com\/pt-pt\/2019\/09\/israel-volta-as-urnas\/#primaryimage\",\"url\":\"https:\/\/www.pressenza.com\/wp-content\/uploads\/2019\/09\/Netanyahu-DonkeyHotey.jpg\",\"contentUrl\":\"https:\/\/www.pressenza.com\/wp-content\/uploads\/2019\/09\/Netanyahu-DonkeyHotey.jpg\",\"width\":1024,\"height\":601},{\"@type\":\"BreadcrumbList\",\"@id\":\"https:\/\/www.pressenza.com\/pt-pt\/2019\/09\/israel-volta-as-urnas\/#breadcrumb\",\"itemListElement\":[{\"@type\":\"ListItem\",\"position\":1,\"name\":\"Accueil\",\"item\":\"https:\/\/www.pressenza.com\/pt-pt\/\"},{\"@type\":\"ListItem\",\"position\":2,\"name\":\"Israel volta \u00e0s urnas\"}]},{\"@type\":\"WebSite\",\"@id\":\"https:\/\/www.pressenza.com\/pt-pt\/#website\",\"url\":\"https:\/\/www.pressenza.com\/pt-pt\/\",\"name\":\"Pressenza\",\"description\":\"International Press Agency\",\"publisher\":{\"@id\":\"https:\/\/www.pressenza.com\/pt-pt\/#organization\"},\"potentialAction\":[{\"@type\":\"SearchAction\",\"target\":{\"@type\":\"EntryPoint\",\"urlTemplate\":\"https:\/\/www.pressenza.com\/pt-pt\/?s={search_term_string}\"},\"query-input\":{\"@type\":\"PropertyValueSpecification\",\"valueRequired\":true,\"valueName\":\"search_term_string\"}}],\"inLanguage\":\"pt-PT\"},{\"@type\":\"Organization\",\"@id\":\"https:\/\/www.pressenza.com\/pt-pt\/#organization\",\"name\":\"Pressenza\",\"url\":\"https:\/\/www.pressenza.com\/pt-pt\/\",\"logo\":{\"@type\":\"ImageObject\",\"inLanguage\":\"pt-PT\",\"@id\":\"https:\/\/www.pressenza.com\/pt-pt\/#\/schema\/logo\/image\/\",\"url\":\"https:\/\/www.pressenza.com\/wp-content\/uploads\/2022\/10\/pressenza_logo_200x200.jpg\",\"contentUrl\":\"https:\/\/www.pressenza.com\/wp-content\/uploads\/2022\/10\/pressenza_logo_200x200.jpg\",\"width\":200,\"height\":200,\"caption\":\"Pressenza\"},\"image\":{\"@id\":\"https:\/\/www.pressenza.com\/pt-pt\/#\/schema\/logo\/image\/\"},\"sameAs\":[\"https:\/\/www.facebook.com\/PressenzaItalia\",\"https:\/\/x.com\/PressenzaIPA\"]},{\"@type\":\"Person\",\"@id\":\"https:\/\/www.pressenza.com\/pt-pt\/#\/schema\/person\/d171826afb7693cfc394da95892bfd93\",\"name\":\"Reda\u00e7\u00e3o S\u00e3o Paulo\",\"description\":\"News from the Pressenza bureau in Sao Paulo, Brazil\",\"sameAs\":[\"https:\/\/www.facebook.com\/PressenzaPortugues\",\"https:\/\/x.com\/pressenza_pt\"],\"url\":\"https:\/\/www.pressenza.com\/pt-pt\/author\/redaccao-sao-paulo\/\"}]}<\/script>\n<!-- \/ Yoast SEO plugin. -->","yoast_head_json":{"title":"Israel volta \u00e0s urnas","description":"Por Tiago Angelo \/\u00a0Brasil de Fato Ap\u00f3s cinco meses, Israel volta \u00e0s urnas para decidir futuro de Netanyahu Legislativas j\u00e1 haviam ocorrido em abril, mas","robots":{"index":"index","follow":"follow","max-snippet":"max-snippet:-1","max-image-preview":"max-image-preview:large","max-video-preview":"max-video-preview:-1"},"canonical":"https:\/\/www.pressenza.com\/pt-pt\/2019\/09\/israel-volta-as-urnas\/","og_locale":"pt_PT","og_type":"article","og_title":"Israel volta \u00e0s urnas","og_description":"Por Tiago Angelo \/\u00a0Brasil de Fato Ap\u00f3s cinco meses, Israel volta \u00e0s urnas para decidir futuro de Netanyahu Legislativas j\u00e1 haviam ocorrido em abril, mas","og_url":"https:\/\/www.pressenza.com\/pt-pt\/2019\/09\/israel-volta-as-urnas\/","og_site_name":"Pressenza","article_publisher":"https:\/\/www.facebook.com\/PressenzaItalia","article_author":"https:\/\/www.facebook.com\/PressenzaPortugues","article_published_time":"2019-09-17T15:26:52+00:00","article_modified_time":"2019-09-17T15:31:20+00:00","og_image":[{"width":1024,"height":601,"url":"https:\/\/www.pressenza.com\/wp-content\/uploads\/2019\/09\/Netanyahu-DonkeyHotey.jpg","type":"image\/jpeg"}],"author":"Reda\u00e7\u00e3o S\u00e3o Paulo","twitter_card":"summary_large_image","twitter_creator":"@pressenza_pt","twitter_site":"@PressenzaIPA","twitter_misc":{"Escrito por":"Reda\u00e7\u00e3o S\u00e3o Paulo","Tempo estimado de leitura":"4 minutos"},"schema":{"@context":"https:\/\/schema.org","@graph":[{"@type":"Article","@id":"https:\/\/www.pressenza.com\/pt-pt\/2019\/09\/israel-volta-as-urnas\/#article","isPartOf":{"@id":"https:\/\/www.pressenza.com\/pt-pt\/2019\/09\/israel-volta-as-urnas\/"},"author":{"name":"Reda\u00e7\u00e3o S\u00e3o Paulo","@id":"https:\/\/www.pressenza.com\/pt-pt\/#\/schema\/person\/d171826afb7693cfc394da95892bfd93"},"headline":"Israel volta \u00e0s urnas","datePublished":"2019-09-17T15:26:52+00:00","dateModified":"2019-09-17T15:31:20+00:00","mainEntityOfPage":{"@id":"https:\/\/www.pressenza.com\/pt-pt\/2019\/09\/israel-volta-as-urnas\/"},"wordCount":790,"publisher":{"@id":"https:\/\/www.pressenza.com\/pt-pt\/#organization"},"image":{"@id":"https:\/\/www.pressenza.com\/pt-pt\/2019\/09\/israel-volta-as-urnas\/#primaryimage"},"thumbnailUrl":"https:\/\/www.pressenza.com\/wp-content\/uploads\/2019\/09\/Netanyahu-DonkeyHotey.jpg","keywords":["Cisjordania","elei\u00e7\u00f5es","Gantz","Hanan Ashrawi","Israel","Netanyahu","Palestina"],"articleSection":["Oriente M\u00e9dio","Pol\u00edtica"],"inLanguage":"pt-PT"},{"@type":"WebPage","@id":"https:\/\/www.pressenza.com\/pt-pt\/2019\/09\/israel-volta-as-urnas\/","url":"https:\/\/www.pressenza.com\/pt-pt\/2019\/09\/israel-volta-as-urnas\/","name":"Israel volta \u00e0s urnas","isPartOf":{"@id":"https:\/\/www.pressenza.com\/pt-pt\/#website"},"primaryImageOfPage":{"@id":"https:\/\/www.pressenza.com\/pt-pt\/2019\/09\/israel-volta-as-urnas\/#primaryimage"},"image":{"@id":"https:\/\/www.pressenza.com\/pt-pt\/2019\/09\/israel-volta-as-urnas\/#primaryimage"},"thumbnailUrl":"https:\/\/www.pressenza.com\/wp-content\/uploads\/2019\/09\/Netanyahu-DonkeyHotey.jpg","datePublished":"2019-09-17T15:26:52+00:00","dateModified":"2019-09-17T15:31:20+00:00","description":"Por Tiago Angelo \/\u00a0Brasil de Fato Ap\u00f3s cinco meses, Israel volta \u00e0s urnas para decidir futuro de Netanyahu Legislativas j\u00e1 haviam ocorrido em abril, mas","breadcrumb":{"@id":"https:\/\/www.pressenza.com\/pt-pt\/2019\/09\/israel-volta-as-urnas\/#breadcrumb"},"inLanguage":"pt-PT","potentialAction":[{"@type":"ReadAction","target":["https:\/\/www.pressenza.com\/pt-pt\/2019\/09\/israel-volta-as-urnas\/"]}]},{"@type":"ImageObject","inLanguage":"pt-PT","@id":"https:\/\/www.pressenza.com\/pt-pt\/2019\/09\/israel-volta-as-urnas\/#primaryimage","url":"https:\/\/www.pressenza.com\/wp-content\/uploads\/2019\/09\/Netanyahu-DonkeyHotey.jpg","contentUrl":"https:\/\/www.pressenza.com\/wp-content\/uploads\/2019\/09\/Netanyahu-DonkeyHotey.jpg","width":1024,"height":601},{"@type":"BreadcrumbList","@id":"https:\/\/www.pressenza.com\/pt-pt\/2019\/09\/israel-volta-as-urnas\/#breadcrumb","itemListElement":[{"@type":"ListItem","position":1,"name":"Accueil","item":"https:\/\/www.pressenza.com\/pt-pt\/"},{"@type":"ListItem","position":2,"name":"Israel volta \u00e0s urnas"}]},{"@type":"WebSite","@id":"https:\/\/www.pressenza.com\/pt-pt\/#website","url":"https:\/\/www.pressenza.com\/pt-pt\/","name":"Pressenza","description":"International Press Agency","publisher":{"@id":"https:\/\/www.pressenza.com\/pt-pt\/#organization"},"potentialAction":[{"@type":"SearchAction","target":{"@type":"EntryPoint","urlTemplate":"https:\/\/www.pressenza.com\/pt-pt\/?s={search_term_string}"},"query-input":{"@type":"PropertyValueSpecification","valueRequired":true,"valueName":"search_term_string"}}],"inLanguage":"pt-PT"},{"@type":"Organization","@id":"https:\/\/www.pressenza.com\/pt-pt\/#organization","name":"Pressenza","url":"https:\/\/www.pressenza.com\/pt-pt\/","logo":{"@type":"ImageObject","inLanguage":"pt-PT","@id":"https:\/\/www.pressenza.com\/pt-pt\/#\/schema\/logo\/image\/","url":"https:\/\/www.pressenza.com\/wp-content\/uploads\/2022\/10\/pressenza_logo_200x200.jpg","contentUrl":"https:\/\/www.pressenza.com\/wp-content\/uploads\/2022\/10\/pressenza_logo_200x200.jpg","width":200,"height":200,"caption":"Pressenza"},"image":{"@id":"https:\/\/www.pressenza.com\/pt-pt\/#\/schema\/logo\/image\/"},"sameAs":["https:\/\/www.facebook.com\/PressenzaItalia","https:\/\/x.com\/PressenzaIPA"]},{"@type":"Person","@id":"https:\/\/www.pressenza.com\/pt-pt\/#\/schema\/person\/d171826afb7693cfc394da95892bfd93","name":"Reda\u00e7\u00e3o S\u00e3o Paulo","description":"News from the Pressenza bureau in Sao Paulo, Brazil","sameAs":["https:\/\/www.facebook.com\/PressenzaPortugues","https:\/\/x.com\/pressenza_pt"],"url":"https:\/\/www.pressenza.com\/pt-pt\/author\/redaccao-sao-paulo\/"}]}},"place":"S\u00e3o Paulo, Brasil","original_article_url":"https:\/\/www.brasildefato.com.br\/2019\/09\/17\/apos-cinco-meses-israel-volta-as-urnas-para-decidir-futuro-de-netanyahu\/","_links":{"self":[{"href":"https:\/\/www.pressenza.com\/pt-pt\/wp-json\/wp\/v2\/posts\/919607","targetHints":{"allow":["GET"]}}],"collection":[{"href":"https:\/\/www.pressenza.com\/pt-pt\/wp-json\/wp\/v2\/posts"}],"about":[{"href":"https:\/\/www.pressenza.com\/pt-pt\/wp-json\/wp\/v2\/types\/post"}],"author":[{"embeddable":true,"href":"https:\/\/www.pressenza.com\/pt-pt\/wp-json\/wp\/v2\/users\/44"}],"replies":[{"embeddable":true,"href":"https:\/\/www.pressenza.com\/pt-pt\/wp-json\/wp\/v2\/comments?post=919607"}],"version-history":[{"count":0,"href":"https:\/\/www.pressenza.com\/pt-pt\/wp-json\/wp\/v2\/posts\/919607\/revisions"}],"wp:featuredmedia":[{"embeddable":true,"href":"https:\/\/www.pressenza.com\/pt-pt\/wp-json\/wp\/v2\/media\/919609"}],"wp:attachment":[{"href":"https:\/\/www.pressenza.com\/pt-pt\/wp-json\/wp\/v2\/media?parent=919607"}],"wp:term":[{"taxonomy":"category","embeddable":true,"href":"https:\/\/www.pressenza.com\/pt-pt\/wp-json\/wp\/v2\/categories?post=919607"},{"taxonomy":"post_tag","embeddable":true,"href":"https:\/\/www.pressenza.com\/pt-pt\/wp-json\/wp\/v2\/tags?post=919607"}],"curies":[{"name":"wp","href":"https:\/\/api.w.org\/{rel}","templated":true}]}}