{"id":915217,"date":"2019-09-09T13:02:58","date_gmt":"2019-09-09T12:02:58","guid":{"rendered":"https:\/\/www.pressenza.com\/?p=915217"},"modified":"2019-09-09T13:02:58","modified_gmt":"2019-09-09T12:02:58","slug":"novo-estudo-mostra-que-erradicacao-da-malaria-sera-possivel-ate-2050","status":"publish","type":"post","link":"https:\/\/www.pressenza.com\/pt-pt\/2019\/09\/novo-estudo-mostra-que-erradicacao-da-malaria-sera-possivel-ate-2050\/","title":{"rendered":"Novo estudo mostra que erradica\u00e7\u00e3o da mal\u00e1ria ser\u00e1 poss\u00edvel at\u00e9 2050"},"content":{"rendered":"<p>A erradica\u00e7\u00e3o global da mal\u00e1ria, uma das doen\u00e7as mais antigas e mortais do mundo, pode ser alcan\u00e7ada at\u00e9 2050, mostra novo estudo publicado hoje (9) pela comiss\u00e3o para a mal\u00e1ria da revista cient\u00edfica <em>The Lancet<\/em>.<\/p>\n<p>&#8220;Um futuro livre de mal\u00e1ria pode ser alcan\u00e7ado t\u00e3o cedo como em 2050&#8221;, diz o estudo, de autoria de 41 dos principais especialistas mundiais em mal\u00e1ria, ci\u00eancias biom\u00e9dicas, economia e pol\u00edticas de sa\u00fade.<\/p>\n<p>A pesquisa mostra as evid\u00eancias cient\u00edficas, combinando-as com novas an\u00e1lises epidemiol\u00f3gicas e financeiras que demonstram que &#8211; com as ferramentas e estrat\u00e9gias certas e o financiamento adequado &#8211; a erradica\u00e7\u00e3o da doen\u00e7a \u00e9 poss\u00edvel no espa\u00e7o de uma gera\u00e7\u00e3o.<\/p>\n<p>Os especialistas identificam tr\u00eas medidas para inverter a curva de progress\u00e3o da doen\u00e7a, acelerando a queda dos casos de mal\u00e1ria em n\u00edvel mundial, incluindo um aumento anual de cerca de US$ 2 bilh\u00f5es.<\/p>\n<p>Entre as propostas dos especialistas est\u00e3o melhorar a gest\u00e3o e implementa\u00e7\u00e3o dos atuais programas de controle da mal\u00e1ria, fazer uso mais eficiente das atuais ferramentas, desenvolver t\u00e9cnicas inovadoras que permitam ultrapassar os desafios biol\u00f3gicos da erradica\u00e7\u00e3o e disponibiliza\u00e7\u00e3o, por parte dos pa\u00edses onde a mal\u00e1ria \u00e9 end\u00eamica, de investimento financeiro adequado.<\/p>\n<p>&#8220;Por muito tempo, a erradica\u00e7\u00e3o da mal\u00e1ria foi um sonho distante, mas agora temos provas de que a doen\u00e7a pode e deve ser erradicada at\u00e9 2050&#8221;, disse Richard Feachem, co-presidente da Comiss\u00e3o Lancet para Erradica\u00e7\u00e3o da Mal\u00e1ria e diretor do Grupo de Sa\u00fade Global da Universidade da Calif\u00f3rnia, San Francisco (UCSF).<\/p>\n<p>&#8220;O estudo diz que a erradica\u00e7\u00e3o da mal\u00e1ria \u00e9 poss\u00edvel no tempo de uma gera\u00e7\u00e3o, mas para alcan\u00e7ar essa vis\u00e3o comum n\u00e3o podemos continuar com a abordagem atual. O mundo est\u00e1 num ponto cr\u00edtico e devemos desafiar-nos com metas ambiciosas e comprometer-nos com as a\u00e7\u00f5es ousadas necess\u00e1rias para as alcan\u00e7ar&#8221;.<\/p>\n<p>Desde 2000, a incid\u00eancia da mal\u00e1ria e a taxa de mortalidade em n\u00edvel global ca\u00edram 36% e 60&#8243;, respectivamente. Foi registrado no per\u00edodo um aumento do investimento na preven\u00e7\u00e3o e tratamento da doen\u00e7a, que em 2016 chegou a US$ 4,3 bilh\u00f5es<\/p>\n<p>Hoje, mais da metade dos pa\u00edses est\u00e3o livres da mal\u00e1ria.<\/p>\n<p>Apesar dos progressos e dos esfor\u00e7os globais, mais de 200 milh\u00f5es de casos s\u00e3o registrados em todo o mundo a cada ano, causando mais de 500 mil mortes.<\/p>\n<p>Os casos de mal\u00e1ria aumentaram em 55 pa\u00edses da \u00c1frica, \u00c1sia e Am\u00e9rica Latina e crescem as preocupa\u00e7\u00f5es com a resist\u00eancia dos mosquitos transmissores (vetores) aos atuais inseticidas e medicamentos.<\/p>\n<p>A maioria dos novos casos de mal\u00e1ria surge em apenas 29 pa\u00edses, que s\u00e3o respons\u00e1veis por 85% das mortes registradas em 2017.<\/p>\n<p>Entre os 29 pa\u00edses, apenas dois &#8211; Papua Nova Guin\u00e9 e Ilhas Salom\u00e3o &#8211; n\u00e3o est\u00e3o localizados na \u00c1frica.<\/p>\n<p>Apenas dois pa\u00edses africanos &#8211; Nig\u00e9ria e Rep\u00fablica Democr\u00e1tica do Congo &#8211; s\u00e3o respons\u00e1veis por 36% dos casos da doen\u00e7a em n\u00edvel mundial.<\/p>\n<p>&#8220;Apesar dos progressos in\u00e9ditos, a mal\u00e1ria continua a privar comunidades em todo o mundo do seu potencial econ\u00f4mico, particularmente na \u00c1frica, onde apenas cinco pa\u00edses carregam quase metade do peso global [da doen\u00e7a]&#8221;, adiantou Winnie Mpanju-Shumbusho, membro do RBM Partnership to End Malaria e co-presidente da comiss\u00e3o The Lancet para a erradica\u00e7\u00e3o da mal\u00e1ria.<\/p>\n<p>Ao comentar o estudo, o diretor-geral da Organiza\u00e7\u00e3o Mundial da Sa\u00fade, Tedros Adhanom Ghebreyesus, considerou a meta &#8220;ousada&#8221;, levando em conta que o objetivo n\u00e3o poder\u00e1 ser alcan\u00e7ado &#8220;com as atuais ferramentas e abordagens&#8221;.<\/p>\n<p>Por isso, apelou para &#8220;redobrados esfor\u00e7os&#8221; na investiga\u00e7\u00e3o e desenvolvimento, maior e mais efetivo investimento e sistemas de sa\u00fade robustos, baseados na sa\u00fade prim\u00e1ria e na cobertura universal.<\/p>\n","protected":false},"excerpt":{"rendered":"<p>A erradica\u00e7\u00e3o global da mal\u00e1ria, uma das doen\u00e7as mais antigas e mortais do mundo, pode ser alcan\u00e7ada at\u00e9 2050, mostra novo estudo publicado hoje (9) pela comiss\u00e3o para a mal\u00e1ria da revista cient\u00edfica The Lancet. &#8220;Um futuro livre de mal\u00e1ria&hellip;<\/p>\n","protected":false},"author":860,"featured_media":915219,"comment_status":"closed","ping_status":"closed","sticky":false,"template":"","format":"standard","meta":{"footnotes":""},"categories":[42,1253],"tags":[63747,23241,63748],"class_list":["post-915217","post","type-post","status-publish","format-standard","has-post-thumbnail","hentry","category-internacional-2","category-saude","tag-erradicacao-da-malaria","tag-organizacao-mundial-da-saude","tag-tedros-adhanom-ghebreyesus"],"yoast_head":"<!-- This site is optimized with the Yoast SEO plugin v27.1.1 - https:\/\/yoast.com\/product\/yoast-seo-wordpress\/ -->\n<title>Novo estudo mostra que erradica\u00e7\u00e3o da mal\u00e1ria ser\u00e1 poss\u00edvel at\u00e9 2050<\/title>\n<meta name=\"description\" content=\"A erradica\u00e7\u00e3o global da mal\u00e1ria, uma das doen\u00e7as mais antigas e mortais do mundo, pode ser alcan\u00e7ada at\u00e9 2050, mostra novo estudo publicado hoje (9) pela\" \/>\n<meta name=\"robots\" content=\"index, follow, max-snippet:-1, max-image-preview:large, max-video-preview:-1\" \/>\n<link rel=\"canonical\" href=\"https:\/\/www.pressenza.com\/pt-pt\/2019\/09\/novo-estudo-mostra-que-erradicacao-da-malaria-sera-possivel-ate-2050\/\" \/>\n<meta property=\"og:locale\" content=\"pt_PT\" \/>\n<meta property=\"og:type\" content=\"article\" \/>\n<meta property=\"og:title\" content=\"Novo estudo mostra que erradica\u00e7\u00e3o da mal\u00e1ria ser\u00e1 poss\u00edvel at\u00e9 2050\" \/>\n<meta property=\"og:description\" content=\"A erradica\u00e7\u00e3o global da mal\u00e1ria, uma das doen\u00e7as mais antigas e mortais do mundo, pode ser alcan\u00e7ada at\u00e9 2050, mostra novo estudo publicado hoje (9) pela\" \/>\n<meta property=\"og:url\" content=\"https:\/\/www.pressenza.com\/pt-pt\/2019\/09\/novo-estudo-mostra-que-erradicacao-da-malaria-sera-possivel-ate-2050\/\" \/>\n<meta property=\"og:site_name\" content=\"Pressenza\" \/>\n<meta property=\"article:publisher\" content=\"https:\/\/www.facebook.com\/PressenzaItalia\" \/>\n<meta property=\"article:published_time\" content=\"2019-09-09T12:02:58+00:00\" \/>\n<meta property=\"og:image\" content=\"https:\/\/www.pressenza.com\/wp-content\/uploads\/2019\/09\/anopheles.portalbiologia.jpg\" \/>\n\t<meta property=\"og:image:width\" content=\"1140\" \/>\n\t<meta property=\"og:image:height\" content=\"760\" \/>\n\t<meta property=\"og:image:type\" content=\"image\/jpeg\" \/>\n<meta name=\"author\" content=\"Agencia Brasil\" \/>\n<meta name=\"twitter:card\" content=\"summary_large_image\" \/>\n<meta name=\"twitter:creator\" content=\"@PressenzaIPA\" \/>\n<meta name=\"twitter:site\" content=\"@PressenzaIPA\" \/>\n<meta name=\"twitter:label1\" content=\"Escrito por\" \/>\n\t<meta name=\"twitter:data1\" content=\"Agencia Brasil\" \/>\n\t<meta name=\"twitter:label2\" content=\"Tempo estimado de leitura\" \/>\n\t<meta name=\"twitter:data2\" content=\"3 minutos\" \/>\n<script type=\"application\/ld+json\" class=\"yoast-schema-graph\">{\"@context\":\"https:\/\/schema.org\",\"@graph\":[{\"@type\":\"Article\",\"@id\":\"https:\/\/www.pressenza.com\/pt-pt\/2019\/09\/novo-estudo-mostra-que-erradicacao-da-malaria-sera-possivel-ate-2050\/#article\",\"isPartOf\":{\"@id\":\"https:\/\/www.pressenza.com\/pt-pt\/2019\/09\/novo-estudo-mostra-que-erradicacao-da-malaria-sera-possivel-ate-2050\/\"},\"author\":{\"name\":\"Agencia Brasil\",\"@id\":\"https:\/\/www.pressenza.com\/pt-pt\/#\/schema\/person\/e2e4e9b5b3a7554516d809f2394b3dd4\"},\"headline\":\"Novo estudo mostra que erradica\u00e7\u00e3o da mal\u00e1ria ser\u00e1 poss\u00edvel at\u00e9 2050\",\"datePublished\":\"2019-09-09T12:02:58+00:00\",\"mainEntityOfPage\":{\"@id\":\"https:\/\/www.pressenza.com\/pt-pt\/2019\/09\/novo-estudo-mostra-que-erradicacao-da-malaria-sera-possivel-ate-2050\/\"},\"wordCount\":685,\"publisher\":{\"@id\":\"https:\/\/www.pressenza.com\/pt-pt\/#organization\"},\"image\":{\"@id\":\"https:\/\/www.pressenza.com\/pt-pt\/2019\/09\/novo-estudo-mostra-que-erradicacao-da-malaria-sera-possivel-ate-2050\/#primaryimage\"},\"thumbnailUrl\":\"https:\/\/www.pressenza.com\/wp-content\/uploads\/2019\/09\/anopheles.portalbiologia.jpg\",\"keywords\":[\"erradica\u00e7\u00e3o da mal\u00e1ria\",\"Organiza\u00e7\u00e3o Mundial da Sa\u00fade\",\"Tedros Adhanom Ghebreyesus\"],\"articleSection\":[\"Internacional\",\"Sa\u00fade\"],\"inLanguage\":\"pt-PT\"},{\"@type\":\"WebPage\",\"@id\":\"https:\/\/www.pressenza.com\/pt-pt\/2019\/09\/novo-estudo-mostra-que-erradicacao-da-malaria-sera-possivel-ate-2050\/\",\"url\":\"https:\/\/www.pressenza.com\/pt-pt\/2019\/09\/novo-estudo-mostra-que-erradicacao-da-malaria-sera-possivel-ate-2050\/\",\"name\":\"Novo estudo mostra que erradica\u00e7\u00e3o da mal\u00e1ria ser\u00e1 poss\u00edvel at\u00e9 2050\",\"isPartOf\":{\"@id\":\"https:\/\/www.pressenza.com\/pt-pt\/#website\"},\"primaryImageOfPage\":{\"@id\":\"https:\/\/www.pressenza.com\/pt-pt\/2019\/09\/novo-estudo-mostra-que-erradicacao-da-malaria-sera-possivel-ate-2050\/#primaryimage\"},\"image\":{\"@id\":\"https:\/\/www.pressenza.com\/pt-pt\/2019\/09\/novo-estudo-mostra-que-erradicacao-da-malaria-sera-possivel-ate-2050\/#primaryimage\"},\"thumbnailUrl\":\"https:\/\/www.pressenza.com\/wp-content\/uploads\/2019\/09\/anopheles.portalbiologia.jpg\",\"datePublished\":\"2019-09-09T12:02:58+00:00\",\"description\":\"A erradica\u00e7\u00e3o global da mal\u00e1ria, uma das doen\u00e7as mais antigas e mortais do mundo, pode ser alcan\u00e7ada at\u00e9 2050, mostra novo estudo publicado hoje (9) pela\",\"breadcrumb\":{\"@id\":\"https:\/\/www.pressenza.com\/pt-pt\/2019\/09\/novo-estudo-mostra-que-erradicacao-da-malaria-sera-possivel-ate-2050\/#breadcrumb\"},\"inLanguage\":\"pt-PT\",\"potentialAction\":[{\"@type\":\"ReadAction\",\"target\":[\"https:\/\/www.pressenza.com\/pt-pt\/2019\/09\/novo-estudo-mostra-que-erradicacao-da-malaria-sera-possivel-ate-2050\/\"]}]},{\"@type\":\"ImageObject\",\"inLanguage\":\"pt-PT\",\"@id\":\"https:\/\/www.pressenza.com\/pt-pt\/2019\/09\/novo-estudo-mostra-que-erradicacao-da-malaria-sera-possivel-ate-2050\/#primaryimage\",\"url\":\"https:\/\/www.pressenza.com\/wp-content\/uploads\/2019\/09\/anopheles.portalbiologia.jpg\",\"contentUrl\":\"https:\/\/www.pressenza.com\/wp-content\/uploads\/2019\/09\/anopheles.portalbiologia.jpg\",\"width\":1140,\"height\":760},{\"@type\":\"BreadcrumbList\",\"@id\":\"https:\/\/www.pressenza.com\/pt-pt\/2019\/09\/novo-estudo-mostra-que-erradicacao-da-malaria-sera-possivel-ate-2050\/#breadcrumb\",\"itemListElement\":[{\"@type\":\"ListItem\",\"position\":1,\"name\":\"Accueil\",\"item\":\"https:\/\/www.pressenza.com\/pt-pt\/\"},{\"@type\":\"ListItem\",\"position\":2,\"name\":\"Novo estudo mostra que erradica\u00e7\u00e3o da mal\u00e1ria ser\u00e1 poss\u00edvel at\u00e9 2050\"}]},{\"@type\":\"WebSite\",\"@id\":\"https:\/\/www.pressenza.com\/pt-pt\/#website\",\"url\":\"https:\/\/www.pressenza.com\/pt-pt\/\",\"name\":\"Pressenza\",\"description\":\"International Press Agency\",\"publisher\":{\"@id\":\"https:\/\/www.pressenza.com\/pt-pt\/#organization\"},\"potentialAction\":[{\"@type\":\"SearchAction\",\"target\":{\"@type\":\"EntryPoint\",\"urlTemplate\":\"https:\/\/www.pressenza.com\/pt-pt\/?s={search_term_string}\"},\"query-input\":{\"@type\":\"PropertyValueSpecification\",\"valueRequired\":true,\"valueName\":\"search_term_string\"}}],\"inLanguage\":\"pt-PT\"},{\"@type\":\"Organization\",\"@id\":\"https:\/\/www.pressenza.com\/pt-pt\/#organization\",\"name\":\"Pressenza\",\"url\":\"https:\/\/www.pressenza.com\/pt-pt\/\",\"logo\":{\"@type\":\"ImageObject\",\"inLanguage\":\"pt-PT\",\"@id\":\"https:\/\/www.pressenza.com\/pt-pt\/#\/schema\/logo\/image\/\",\"url\":\"https:\/\/www.pressenza.com\/wp-content\/uploads\/2022\/10\/pressenza_logo_200x200.jpg\",\"contentUrl\":\"https:\/\/www.pressenza.com\/wp-content\/uploads\/2022\/10\/pressenza_logo_200x200.jpg\",\"width\":200,\"height\":200,\"caption\":\"Pressenza\"},\"image\":{\"@id\":\"https:\/\/www.pressenza.com\/pt-pt\/#\/schema\/logo\/image\/\"},\"sameAs\":[\"https:\/\/www.facebook.com\/PressenzaItalia\",\"https:\/\/x.com\/PressenzaIPA\"]},{\"@type\":\"Person\",\"@id\":\"https:\/\/www.pressenza.com\/pt-pt\/#\/schema\/person\/e2e4e9b5b3a7554516d809f2394b3dd4\",\"name\":\"Agencia Brasil\",\"url\":\"https:\/\/www.pressenza.com\/pt-pt\/author\/agencia-brasil\/\"}]}<\/script>\n<!-- \/ Yoast SEO plugin. -->","yoast_head_json":{"title":"Novo estudo mostra que erradica\u00e7\u00e3o da mal\u00e1ria ser\u00e1 poss\u00edvel at\u00e9 2050","description":"A erradica\u00e7\u00e3o global da mal\u00e1ria, uma das doen\u00e7as mais antigas e mortais do mundo, pode ser alcan\u00e7ada at\u00e9 2050, mostra novo estudo publicado hoje (9) pela","robots":{"index":"index","follow":"follow","max-snippet":"max-snippet:-1","max-image-preview":"max-image-preview:large","max-video-preview":"max-video-preview:-1"},"canonical":"https:\/\/www.pressenza.com\/pt-pt\/2019\/09\/novo-estudo-mostra-que-erradicacao-da-malaria-sera-possivel-ate-2050\/","og_locale":"pt_PT","og_type":"article","og_title":"Novo estudo mostra que erradica\u00e7\u00e3o da mal\u00e1ria ser\u00e1 poss\u00edvel at\u00e9 2050","og_description":"A erradica\u00e7\u00e3o global da mal\u00e1ria, uma das doen\u00e7as mais antigas e mortais do mundo, pode ser alcan\u00e7ada at\u00e9 2050, mostra novo estudo publicado hoje (9) pela","og_url":"https:\/\/www.pressenza.com\/pt-pt\/2019\/09\/novo-estudo-mostra-que-erradicacao-da-malaria-sera-possivel-ate-2050\/","og_site_name":"Pressenza","article_publisher":"https:\/\/www.facebook.com\/PressenzaItalia","article_published_time":"2019-09-09T12:02:58+00:00","og_image":[{"width":1140,"height":760,"url":"https:\/\/www.pressenza.com\/wp-content\/uploads\/2019\/09\/anopheles.portalbiologia.jpg","type":"image\/jpeg"}],"author":"Agencia Brasil","twitter_card":"summary_large_image","twitter_creator":"@PressenzaIPA","twitter_site":"@PressenzaIPA","twitter_misc":{"Escrito por":"Agencia Brasil","Tempo estimado de leitura":"3 minutos"},"schema":{"@context":"https:\/\/schema.org","@graph":[{"@type":"Article","@id":"https:\/\/www.pressenza.com\/pt-pt\/2019\/09\/novo-estudo-mostra-que-erradicacao-da-malaria-sera-possivel-ate-2050\/#article","isPartOf":{"@id":"https:\/\/www.pressenza.com\/pt-pt\/2019\/09\/novo-estudo-mostra-que-erradicacao-da-malaria-sera-possivel-ate-2050\/"},"author":{"name":"Agencia Brasil","@id":"https:\/\/www.pressenza.com\/pt-pt\/#\/schema\/person\/e2e4e9b5b3a7554516d809f2394b3dd4"},"headline":"Novo estudo mostra que erradica\u00e7\u00e3o da mal\u00e1ria ser\u00e1 poss\u00edvel at\u00e9 2050","datePublished":"2019-09-09T12:02:58+00:00","mainEntityOfPage":{"@id":"https:\/\/www.pressenza.com\/pt-pt\/2019\/09\/novo-estudo-mostra-que-erradicacao-da-malaria-sera-possivel-ate-2050\/"},"wordCount":685,"publisher":{"@id":"https:\/\/www.pressenza.com\/pt-pt\/#organization"},"image":{"@id":"https:\/\/www.pressenza.com\/pt-pt\/2019\/09\/novo-estudo-mostra-que-erradicacao-da-malaria-sera-possivel-ate-2050\/#primaryimage"},"thumbnailUrl":"https:\/\/www.pressenza.com\/wp-content\/uploads\/2019\/09\/anopheles.portalbiologia.jpg","keywords":["erradica\u00e7\u00e3o da mal\u00e1ria","Organiza\u00e7\u00e3o Mundial da Sa\u00fade","Tedros Adhanom Ghebreyesus"],"articleSection":["Internacional","Sa\u00fade"],"inLanguage":"pt-PT"},{"@type":"WebPage","@id":"https:\/\/www.pressenza.com\/pt-pt\/2019\/09\/novo-estudo-mostra-que-erradicacao-da-malaria-sera-possivel-ate-2050\/","url":"https:\/\/www.pressenza.com\/pt-pt\/2019\/09\/novo-estudo-mostra-que-erradicacao-da-malaria-sera-possivel-ate-2050\/","name":"Novo estudo mostra que erradica\u00e7\u00e3o da mal\u00e1ria ser\u00e1 poss\u00edvel at\u00e9 2050","isPartOf":{"@id":"https:\/\/www.pressenza.com\/pt-pt\/#website"},"primaryImageOfPage":{"@id":"https:\/\/www.pressenza.com\/pt-pt\/2019\/09\/novo-estudo-mostra-que-erradicacao-da-malaria-sera-possivel-ate-2050\/#primaryimage"},"image":{"@id":"https:\/\/www.pressenza.com\/pt-pt\/2019\/09\/novo-estudo-mostra-que-erradicacao-da-malaria-sera-possivel-ate-2050\/#primaryimage"},"thumbnailUrl":"https:\/\/www.pressenza.com\/wp-content\/uploads\/2019\/09\/anopheles.portalbiologia.jpg","datePublished":"2019-09-09T12:02:58+00:00","description":"A erradica\u00e7\u00e3o global da mal\u00e1ria, uma das doen\u00e7as mais antigas e mortais do mundo, pode ser alcan\u00e7ada at\u00e9 2050, mostra novo estudo publicado hoje (9) pela","breadcrumb":{"@id":"https:\/\/www.pressenza.com\/pt-pt\/2019\/09\/novo-estudo-mostra-que-erradicacao-da-malaria-sera-possivel-ate-2050\/#breadcrumb"},"inLanguage":"pt-PT","potentialAction":[{"@type":"ReadAction","target":["https:\/\/www.pressenza.com\/pt-pt\/2019\/09\/novo-estudo-mostra-que-erradicacao-da-malaria-sera-possivel-ate-2050\/"]}]},{"@type":"ImageObject","inLanguage":"pt-PT","@id":"https:\/\/www.pressenza.com\/pt-pt\/2019\/09\/novo-estudo-mostra-que-erradicacao-da-malaria-sera-possivel-ate-2050\/#primaryimage","url":"https:\/\/www.pressenza.com\/wp-content\/uploads\/2019\/09\/anopheles.portalbiologia.jpg","contentUrl":"https:\/\/www.pressenza.com\/wp-content\/uploads\/2019\/09\/anopheles.portalbiologia.jpg","width":1140,"height":760},{"@type":"BreadcrumbList","@id":"https:\/\/www.pressenza.com\/pt-pt\/2019\/09\/novo-estudo-mostra-que-erradicacao-da-malaria-sera-possivel-ate-2050\/#breadcrumb","itemListElement":[{"@type":"ListItem","position":1,"name":"Accueil","item":"https:\/\/www.pressenza.com\/pt-pt\/"},{"@type":"ListItem","position":2,"name":"Novo estudo mostra que erradica\u00e7\u00e3o da mal\u00e1ria ser\u00e1 poss\u00edvel at\u00e9 2050"}]},{"@type":"WebSite","@id":"https:\/\/www.pressenza.com\/pt-pt\/#website","url":"https:\/\/www.pressenza.com\/pt-pt\/","name":"Pressenza","description":"International Press Agency","publisher":{"@id":"https:\/\/www.pressenza.com\/pt-pt\/#organization"},"potentialAction":[{"@type":"SearchAction","target":{"@type":"EntryPoint","urlTemplate":"https:\/\/www.pressenza.com\/pt-pt\/?s={search_term_string}"},"query-input":{"@type":"PropertyValueSpecification","valueRequired":true,"valueName":"search_term_string"}}],"inLanguage":"pt-PT"},{"@type":"Organization","@id":"https:\/\/www.pressenza.com\/pt-pt\/#organization","name":"Pressenza","url":"https:\/\/www.pressenza.com\/pt-pt\/","logo":{"@type":"ImageObject","inLanguage":"pt-PT","@id":"https:\/\/www.pressenza.com\/pt-pt\/#\/schema\/logo\/image\/","url":"https:\/\/www.pressenza.com\/wp-content\/uploads\/2022\/10\/pressenza_logo_200x200.jpg","contentUrl":"https:\/\/www.pressenza.com\/wp-content\/uploads\/2022\/10\/pressenza_logo_200x200.jpg","width":200,"height":200,"caption":"Pressenza"},"image":{"@id":"https:\/\/www.pressenza.com\/pt-pt\/#\/schema\/logo\/image\/"},"sameAs":["https:\/\/www.facebook.com\/PressenzaItalia","https:\/\/x.com\/PressenzaIPA"]},{"@type":"Person","@id":"https:\/\/www.pressenza.com\/pt-pt\/#\/schema\/person\/e2e4e9b5b3a7554516d809f2394b3dd4","name":"Agencia Brasil","url":"https:\/\/www.pressenza.com\/pt-pt\/author\/agencia-brasil\/"}]}},"place":"","original_article_url":"http:\/\/agenciabrasil.ebc.com.br\/internacional\/noticia\/2019-09\/novo-estudo-mostra-que-erradicacao-da-malaria-sera-possivel-ate-2050","_links":{"self":[{"href":"https:\/\/www.pressenza.com\/pt-pt\/wp-json\/wp\/v2\/posts\/915217","targetHints":{"allow":["GET"]}}],"collection":[{"href":"https:\/\/www.pressenza.com\/pt-pt\/wp-json\/wp\/v2\/posts"}],"about":[{"href":"https:\/\/www.pressenza.com\/pt-pt\/wp-json\/wp\/v2\/types\/post"}],"author":[{"embeddable":true,"href":"https:\/\/www.pressenza.com\/pt-pt\/wp-json\/wp\/v2\/users\/860"}],"replies":[{"embeddable":true,"href":"https:\/\/www.pressenza.com\/pt-pt\/wp-json\/wp\/v2\/comments?post=915217"}],"version-history":[{"count":0,"href":"https:\/\/www.pressenza.com\/pt-pt\/wp-json\/wp\/v2\/posts\/915217\/revisions"}],"wp:featuredmedia":[{"embeddable":true,"href":"https:\/\/www.pressenza.com\/pt-pt\/wp-json\/wp\/v2\/media\/915219"}],"wp:attachment":[{"href":"https:\/\/www.pressenza.com\/pt-pt\/wp-json\/wp\/v2\/media?parent=915217"}],"wp:term":[{"taxonomy":"category","embeddable":true,"href":"https:\/\/www.pressenza.com\/pt-pt\/wp-json\/wp\/v2\/categories?post=915217"},{"taxonomy":"post_tag","embeddable":true,"href":"https:\/\/www.pressenza.com\/pt-pt\/wp-json\/wp\/v2\/tags?post=915217"}],"curies":[{"name":"wp","href":"https:\/\/api.w.org\/{rel}","templated":true}]}}