{"id":914281,"date":"2019-09-07T09:36:07","date_gmt":"2019-09-07T08:36:07","guid":{"rendered":"https:\/\/www.pressenza.com\/?p=914281"},"modified":"2019-09-07T09:36:07","modified_gmt":"2019-09-07T08:36:07","slug":"eua-anunciam-novas-sancoes-contra-cuba-e-limitam-transferencias-financeiras","status":"publish","type":"post","link":"https:\/\/www.pressenza.com\/pt-pt\/2019\/09\/eua-anunciam-novas-sancoes-contra-cuba-e-limitam-transferencias-financeiras\/","title":{"rendered":"EUA anunciam novas san\u00e7\u00f5es contra Cuba e limitam transfer\u00eancias financeiras"},"content":{"rendered":"<h4 class=\"subtitle col-xs-12\">Pelo Twitter, ministro das Rela\u00e7\u00f5es Exteriores de Cuba recha\u00e7ou as medidas norte-americanas e disse que Washington &#8216;mente descaradamente&#8217;<\/h4>\n<p>O Departamento do Tesouro dos Estados Unidos anunciou nesta sexta-feira (06\/09) a modifica\u00e7\u00e3o do Regulamento de Controle de Ativos de Cuba para impor novas san\u00e7\u00f5es contra a ilha e bloquear o envio de divisas.<\/p>\n<p>Segundo o \u00f3rg\u00e3o do governo norte-americano, a medida vem em repres\u00e1lia por Havana apoiar o governo da Venezuela, presidido por Nicol\u00e1s Maduro.<\/p>\n<p>&#8220;EUA responsabilizam o &#8216;regime cubano&#8217; por sua opress\u00e3o contra o povo cubano e o apoio a outras ditaduras em toda a regi\u00e3o como o regime ileg\u00edtimo de Maduro&#8221;, disse o secret\u00e1rio do Tesouro, Steve Mnuchin.<\/p>\n<p>Com as novas san\u00e7\u00f5es, cidad\u00e3os norte-americanos ou estrangeiros residentes nos EUA n\u00e3o poder\u00e3o enviar mais do que US$ 1 mil d\u00f3lares \u00e0 ilha. &#8220;A Oficina de Controle de Ativos Estrangeiros est\u00e1 colocando um limite de 1.000 d\u00f3lares estadunidenses por trimestre que um remetente pode enviar a um cidad\u00e3o cubano&#8221;, disse Mnuchin.<\/p>\n<p>Tamb\u00e9m est\u00e3o proibidos envios de remessas a qualquer funcion\u00e1rio do governo cubano, incluindo pessoas que tenham familiares trabalhando em \u00f3rg\u00e3os estatais.<\/p>\n","protected":false},"excerpt":{"rendered":"<p>Pelo Twitter, ministro das Rela\u00e7\u00f5es Exteriores de Cuba recha\u00e7ou as medidas norte-americanas e disse que Washington &#8216;mente descaradamente&#8217; O Departamento do Tesouro dos Estados Unidos anunciou nesta sexta-feira (06\/09) a modifica\u00e7\u00e3o do Regulamento de Controle de Ativos de Cuba para&hellip;<\/p>\n","protected":false},"author":1358,"featured_media":914282,"comment_status":"closed","ping_status":"closed","sticky":false,"template":"","format":"standard","meta":{"footnotes":""},"categories":[118,42,111],"tags":[6765,5192,63667],"class_list":["post-914281","post","type-post","status-publish","format-standard","has-post-thumbnail","hentry","category-economia-pt-pt","category-internacional-2","category-politica-pt-pt","tag-cuba-pt-pt","tag-eua-pt-pt","tag-sancoes"],"yoast_head":"<!-- This site is optimized with the Yoast SEO plugin v27.1.1 - https:\/\/yoast.com\/product\/yoast-seo-wordpress\/ -->\n<title>EUA anunciam novas san\u00e7\u00f5es contra Cuba e limitam transfer\u00eancias financeiras<\/title>\n<meta name=\"description\" content=\"Pelo Twitter, ministro das Rela\u00e7\u00f5es Exteriores de Cuba recha\u00e7ou as medidas norte-americanas e disse que Washington &#039;mente descaradamente&#039; O Departamento\" \/>\n<meta name=\"robots\" content=\"index, follow, max-snippet:-1, max-image-preview:large, max-video-preview:-1\" \/>\n<link rel=\"canonical\" href=\"https:\/\/www.pressenza.com\/pt-pt\/2019\/09\/eua-anunciam-novas-sancoes-contra-cuba-e-limitam-transferencias-financeiras\/\" \/>\n<meta property=\"og:locale\" content=\"pt_PT\" \/>\n<meta property=\"og:type\" content=\"article\" \/>\n<meta property=\"og:title\" content=\"EUA anunciam novas san\u00e7\u00f5es contra Cuba e limitam transfer\u00eancias financeiras\" \/>\n<meta property=\"og:description\" content=\"Pelo Twitter, ministro das Rela\u00e7\u00f5es Exteriores de Cuba recha\u00e7ou as medidas norte-americanas e disse que Washington &#039;mente descaradamente&#039; O Departamento\" \/>\n<meta property=\"og:url\" content=\"https:\/\/www.pressenza.com\/pt-pt\/2019\/09\/eua-anunciam-novas-sancoes-contra-cuba-e-limitam-transferencias-financeiras\/\" \/>\n<meta property=\"og:site_name\" content=\"Pressenza\" \/>\n<meta property=\"article:publisher\" content=\"https:\/\/www.facebook.com\/PressenzaItalia\" \/>\n<meta property=\"article:published_time\" content=\"2019-09-07T08:36:07+00:00\" \/>\n<meta property=\"og:image\" content=\"https:\/\/www.pressenza.com\/wp-content\/uploads\/2019\/09\/NzU2YzE4MGJjMGJiYzczNWIwMjY5NTFhMGZmNmFiMzNfOGE0MDBkNGUwNmFmMjI2NjI4ZmRkOTEyYTM5YWIxNGIucG5n.png\" \/>\n\t<meta property=\"og:image:width\" content=\"785\" \/>\n\t<meta property=\"og:image:height\" content=\"467\" \/>\n\t<meta property=\"og:image:type\" content=\"image\/png\" \/>\n<meta name=\"author\" content=\"Opera Mundi\" \/>\n<meta name=\"twitter:card\" content=\"summary_large_image\" \/>\n<meta name=\"twitter:creator\" content=\"@PressenzaIPA\" \/>\n<meta name=\"twitter:site\" content=\"@PressenzaIPA\" \/>\n<meta name=\"twitter:label1\" content=\"Escrito por\" \/>\n\t<meta name=\"twitter:data1\" content=\"Opera Mundi\" \/>\n\t<meta name=\"twitter:label2\" content=\"Tempo estimado de leitura\" \/>\n\t<meta name=\"twitter:data2\" content=\"1 minuto\" \/>\n<script type=\"application\/ld+json\" class=\"yoast-schema-graph\">{\"@context\":\"https:\/\/schema.org\",\"@graph\":[{\"@type\":\"Article\",\"@id\":\"https:\/\/www.pressenza.com\/pt-pt\/2019\/09\/eua-anunciam-novas-sancoes-contra-cuba-e-limitam-transferencias-financeiras\/#article\",\"isPartOf\":{\"@id\":\"https:\/\/www.pressenza.com\/pt-pt\/2019\/09\/eua-anunciam-novas-sancoes-contra-cuba-e-limitam-transferencias-financeiras\/\"},\"author\":{\"name\":\"Opera Mundi\",\"@id\":\"https:\/\/www.pressenza.com\/pt-pt\/#\/schema\/person\/3dfce4c6530b1c81359c3c00aec4a8fc\"},\"headline\":\"EUA anunciam novas san\u00e7\u00f5es contra Cuba e limitam transfer\u00eancias financeiras\",\"datePublished\":\"2019-09-07T08:36:07+00:00\",\"mainEntityOfPage\":{\"@id\":\"https:\/\/www.pressenza.com\/pt-pt\/2019\/09\/eua-anunciam-novas-sancoes-contra-cuba-e-limitam-transferencias-financeiras\/\"},\"wordCount\":211,\"publisher\":{\"@id\":\"https:\/\/www.pressenza.com\/pt-pt\/#organization\"},\"image\":{\"@id\":\"https:\/\/www.pressenza.com\/pt-pt\/2019\/09\/eua-anunciam-novas-sancoes-contra-cuba-e-limitam-transferencias-financeiras\/#primaryimage\"},\"thumbnailUrl\":\"https:\/\/www.pressenza.com\/wp-content\/uploads\/2019\/09\/NzU2YzE4MGJjMGJiYzczNWIwMjY5NTFhMGZmNmFiMzNfOGE0MDBkNGUwNmFmMjI2NjI4ZmRkOTEyYTM5YWIxNGIucG5n.png\",\"keywords\":[\"Cuba\",\"eua\",\"san\u00e7\u00f5es\"],\"articleSection\":[\"Economia\",\"Internacional\",\"Pol\u00edtica\"],\"inLanguage\":\"pt-PT\"},{\"@type\":\"WebPage\",\"@id\":\"https:\/\/www.pressenza.com\/pt-pt\/2019\/09\/eua-anunciam-novas-sancoes-contra-cuba-e-limitam-transferencias-financeiras\/\",\"url\":\"https:\/\/www.pressenza.com\/pt-pt\/2019\/09\/eua-anunciam-novas-sancoes-contra-cuba-e-limitam-transferencias-financeiras\/\",\"name\":\"EUA anunciam novas san\u00e7\u00f5es contra Cuba e limitam transfer\u00eancias financeiras\",\"isPartOf\":{\"@id\":\"https:\/\/www.pressenza.com\/pt-pt\/#website\"},\"primaryImageOfPage\":{\"@id\":\"https:\/\/www.pressenza.com\/pt-pt\/2019\/09\/eua-anunciam-novas-sancoes-contra-cuba-e-limitam-transferencias-financeiras\/#primaryimage\"},\"image\":{\"@id\":\"https:\/\/www.pressenza.com\/pt-pt\/2019\/09\/eua-anunciam-novas-sancoes-contra-cuba-e-limitam-transferencias-financeiras\/#primaryimage\"},\"thumbnailUrl\":\"https:\/\/www.pressenza.com\/wp-content\/uploads\/2019\/09\/NzU2YzE4MGJjMGJiYzczNWIwMjY5NTFhMGZmNmFiMzNfOGE0MDBkNGUwNmFmMjI2NjI4ZmRkOTEyYTM5YWIxNGIucG5n.png\",\"datePublished\":\"2019-09-07T08:36:07+00:00\",\"description\":\"Pelo Twitter, ministro das Rela\u00e7\u00f5es Exteriores de Cuba recha\u00e7ou as medidas norte-americanas e disse que Washington 'mente descaradamente' O Departamento\",\"breadcrumb\":{\"@id\":\"https:\/\/www.pressenza.com\/pt-pt\/2019\/09\/eua-anunciam-novas-sancoes-contra-cuba-e-limitam-transferencias-financeiras\/#breadcrumb\"},\"inLanguage\":\"pt-PT\",\"potentialAction\":[{\"@type\":\"ReadAction\",\"target\":[\"https:\/\/www.pressenza.com\/pt-pt\/2019\/09\/eua-anunciam-novas-sancoes-contra-cuba-e-limitam-transferencias-financeiras\/\"]}]},{\"@type\":\"ImageObject\",\"inLanguage\":\"pt-PT\",\"@id\":\"https:\/\/www.pressenza.com\/pt-pt\/2019\/09\/eua-anunciam-novas-sancoes-contra-cuba-e-limitam-transferencias-financeiras\/#primaryimage\",\"url\":\"https:\/\/www.pressenza.com\/wp-content\/uploads\/2019\/09\/NzU2YzE4MGJjMGJiYzczNWIwMjY5NTFhMGZmNmFiMzNfOGE0MDBkNGUwNmFmMjI2NjI4ZmRkOTEyYTM5YWIxNGIucG5n.png\",\"contentUrl\":\"https:\/\/www.pressenza.com\/wp-content\/uploads\/2019\/09\/NzU2YzE4MGJjMGJiYzczNWIwMjY5NTFhMGZmNmFiMzNfOGE0MDBkNGUwNmFmMjI2NjI4ZmRkOTEyYTM5YWIxNGIucG5n.png\",\"width\":785,\"height\":467},{\"@type\":\"BreadcrumbList\",\"@id\":\"https:\/\/www.pressenza.com\/pt-pt\/2019\/09\/eua-anunciam-novas-sancoes-contra-cuba-e-limitam-transferencias-financeiras\/#breadcrumb\",\"itemListElement\":[{\"@type\":\"ListItem\",\"position\":1,\"name\":\"Accueil\",\"item\":\"https:\/\/www.pressenza.com\/pt-pt\/\"},{\"@type\":\"ListItem\",\"position\":2,\"name\":\"EUA anunciam novas san\u00e7\u00f5es contra Cuba e limitam transfer\u00eancias financeiras\"}]},{\"@type\":\"WebSite\",\"@id\":\"https:\/\/www.pressenza.com\/pt-pt\/#website\",\"url\":\"https:\/\/www.pressenza.com\/pt-pt\/\",\"name\":\"Pressenza\",\"description\":\"International Press Agency\",\"publisher\":{\"@id\":\"https:\/\/www.pressenza.com\/pt-pt\/#organization\"},\"potentialAction\":[{\"@type\":\"SearchAction\",\"target\":{\"@type\":\"EntryPoint\",\"urlTemplate\":\"https:\/\/www.pressenza.com\/pt-pt\/?s={search_term_string}\"},\"query-input\":{\"@type\":\"PropertyValueSpecification\",\"valueRequired\":true,\"valueName\":\"search_term_string\"}}],\"inLanguage\":\"pt-PT\"},{\"@type\":\"Organization\",\"@id\":\"https:\/\/www.pressenza.com\/pt-pt\/#organization\",\"name\":\"Pressenza\",\"url\":\"https:\/\/www.pressenza.com\/pt-pt\/\",\"logo\":{\"@type\":\"ImageObject\",\"inLanguage\":\"pt-PT\",\"@id\":\"https:\/\/www.pressenza.com\/pt-pt\/#\/schema\/logo\/image\/\",\"url\":\"https:\/\/www.pressenza.com\/wp-content\/uploads\/2022\/10\/pressenza_logo_200x200.jpg\",\"contentUrl\":\"https:\/\/www.pressenza.com\/wp-content\/uploads\/2022\/10\/pressenza_logo_200x200.jpg\",\"width\":200,\"height\":200,\"caption\":\"Pressenza\"},\"image\":{\"@id\":\"https:\/\/www.pressenza.com\/pt-pt\/#\/schema\/logo\/image\/\"},\"sameAs\":[\"https:\/\/www.facebook.com\/PressenzaItalia\",\"https:\/\/x.com\/PressenzaIPA\"]},{\"@type\":\"Person\",\"@id\":\"https:\/\/www.pressenza.com\/pt-pt\/#\/schema\/person\/3dfce4c6530b1c81359c3c00aec4a8fc\",\"name\":\"Opera Mundi\",\"sameAs\":[\"http:\/\/operamundi.uol.com.br\"],\"url\":\"https:\/\/www.pressenza.com\/pt-pt\/author\/opera-mundi\/\"}]}<\/script>\n<!-- \/ Yoast SEO plugin. -->","yoast_head_json":{"title":"EUA anunciam novas san\u00e7\u00f5es contra Cuba e limitam transfer\u00eancias financeiras","description":"Pelo Twitter, ministro das Rela\u00e7\u00f5es Exteriores de Cuba recha\u00e7ou as medidas norte-americanas e disse que Washington 'mente descaradamente' O Departamento","robots":{"index":"index","follow":"follow","max-snippet":"max-snippet:-1","max-image-preview":"max-image-preview:large","max-video-preview":"max-video-preview:-1"},"canonical":"https:\/\/www.pressenza.com\/pt-pt\/2019\/09\/eua-anunciam-novas-sancoes-contra-cuba-e-limitam-transferencias-financeiras\/","og_locale":"pt_PT","og_type":"article","og_title":"EUA anunciam novas san\u00e7\u00f5es contra Cuba e limitam transfer\u00eancias financeiras","og_description":"Pelo Twitter, ministro das Rela\u00e7\u00f5es Exteriores de Cuba recha\u00e7ou as medidas norte-americanas e disse que Washington 'mente descaradamente' O Departamento","og_url":"https:\/\/www.pressenza.com\/pt-pt\/2019\/09\/eua-anunciam-novas-sancoes-contra-cuba-e-limitam-transferencias-financeiras\/","og_site_name":"Pressenza","article_publisher":"https:\/\/www.facebook.com\/PressenzaItalia","article_published_time":"2019-09-07T08:36:07+00:00","og_image":[{"width":785,"height":467,"url":"https:\/\/www.pressenza.com\/wp-content\/uploads\/2019\/09\/NzU2YzE4MGJjMGJiYzczNWIwMjY5NTFhMGZmNmFiMzNfOGE0MDBkNGUwNmFmMjI2NjI4ZmRkOTEyYTM5YWIxNGIucG5n.png","type":"image\/png"}],"author":"Opera Mundi","twitter_card":"summary_large_image","twitter_creator":"@PressenzaIPA","twitter_site":"@PressenzaIPA","twitter_misc":{"Escrito por":"Opera Mundi","Tempo estimado de leitura":"1 minuto"},"schema":{"@context":"https:\/\/schema.org","@graph":[{"@type":"Article","@id":"https:\/\/www.pressenza.com\/pt-pt\/2019\/09\/eua-anunciam-novas-sancoes-contra-cuba-e-limitam-transferencias-financeiras\/#article","isPartOf":{"@id":"https:\/\/www.pressenza.com\/pt-pt\/2019\/09\/eua-anunciam-novas-sancoes-contra-cuba-e-limitam-transferencias-financeiras\/"},"author":{"name":"Opera Mundi","@id":"https:\/\/www.pressenza.com\/pt-pt\/#\/schema\/person\/3dfce4c6530b1c81359c3c00aec4a8fc"},"headline":"EUA anunciam novas san\u00e7\u00f5es contra Cuba e limitam transfer\u00eancias financeiras","datePublished":"2019-09-07T08:36:07+00:00","mainEntityOfPage":{"@id":"https:\/\/www.pressenza.com\/pt-pt\/2019\/09\/eua-anunciam-novas-sancoes-contra-cuba-e-limitam-transferencias-financeiras\/"},"wordCount":211,"publisher":{"@id":"https:\/\/www.pressenza.com\/pt-pt\/#organization"},"image":{"@id":"https:\/\/www.pressenza.com\/pt-pt\/2019\/09\/eua-anunciam-novas-sancoes-contra-cuba-e-limitam-transferencias-financeiras\/#primaryimage"},"thumbnailUrl":"https:\/\/www.pressenza.com\/wp-content\/uploads\/2019\/09\/NzU2YzE4MGJjMGJiYzczNWIwMjY5NTFhMGZmNmFiMzNfOGE0MDBkNGUwNmFmMjI2NjI4ZmRkOTEyYTM5YWIxNGIucG5n.png","keywords":["Cuba","eua","san\u00e7\u00f5es"],"articleSection":["Economia","Internacional","Pol\u00edtica"],"inLanguage":"pt-PT"},{"@type":"WebPage","@id":"https:\/\/www.pressenza.com\/pt-pt\/2019\/09\/eua-anunciam-novas-sancoes-contra-cuba-e-limitam-transferencias-financeiras\/","url":"https:\/\/www.pressenza.com\/pt-pt\/2019\/09\/eua-anunciam-novas-sancoes-contra-cuba-e-limitam-transferencias-financeiras\/","name":"EUA anunciam novas san\u00e7\u00f5es contra Cuba e limitam transfer\u00eancias financeiras","isPartOf":{"@id":"https:\/\/www.pressenza.com\/pt-pt\/#website"},"primaryImageOfPage":{"@id":"https:\/\/www.pressenza.com\/pt-pt\/2019\/09\/eua-anunciam-novas-sancoes-contra-cuba-e-limitam-transferencias-financeiras\/#primaryimage"},"image":{"@id":"https:\/\/www.pressenza.com\/pt-pt\/2019\/09\/eua-anunciam-novas-sancoes-contra-cuba-e-limitam-transferencias-financeiras\/#primaryimage"},"thumbnailUrl":"https:\/\/www.pressenza.com\/wp-content\/uploads\/2019\/09\/NzU2YzE4MGJjMGJiYzczNWIwMjY5NTFhMGZmNmFiMzNfOGE0MDBkNGUwNmFmMjI2NjI4ZmRkOTEyYTM5YWIxNGIucG5n.png","datePublished":"2019-09-07T08:36:07+00:00","description":"Pelo Twitter, ministro das Rela\u00e7\u00f5es Exteriores de Cuba recha\u00e7ou as medidas norte-americanas e disse que Washington 'mente descaradamente' O Departamento","breadcrumb":{"@id":"https:\/\/www.pressenza.com\/pt-pt\/2019\/09\/eua-anunciam-novas-sancoes-contra-cuba-e-limitam-transferencias-financeiras\/#breadcrumb"},"inLanguage":"pt-PT","potentialAction":[{"@type":"ReadAction","target":["https:\/\/www.pressenza.com\/pt-pt\/2019\/09\/eua-anunciam-novas-sancoes-contra-cuba-e-limitam-transferencias-financeiras\/"]}]},{"@type":"ImageObject","inLanguage":"pt-PT","@id":"https:\/\/www.pressenza.com\/pt-pt\/2019\/09\/eua-anunciam-novas-sancoes-contra-cuba-e-limitam-transferencias-financeiras\/#primaryimage","url":"https:\/\/www.pressenza.com\/wp-content\/uploads\/2019\/09\/NzU2YzE4MGJjMGJiYzczNWIwMjY5NTFhMGZmNmFiMzNfOGE0MDBkNGUwNmFmMjI2NjI4ZmRkOTEyYTM5YWIxNGIucG5n.png","contentUrl":"https:\/\/www.pressenza.com\/wp-content\/uploads\/2019\/09\/NzU2YzE4MGJjMGJiYzczNWIwMjY5NTFhMGZmNmFiMzNfOGE0MDBkNGUwNmFmMjI2NjI4ZmRkOTEyYTM5YWIxNGIucG5n.png","width":785,"height":467},{"@type":"BreadcrumbList","@id":"https:\/\/www.pressenza.com\/pt-pt\/2019\/09\/eua-anunciam-novas-sancoes-contra-cuba-e-limitam-transferencias-financeiras\/#breadcrumb","itemListElement":[{"@type":"ListItem","position":1,"name":"Accueil","item":"https:\/\/www.pressenza.com\/pt-pt\/"},{"@type":"ListItem","position":2,"name":"EUA anunciam novas san\u00e7\u00f5es contra Cuba e limitam transfer\u00eancias financeiras"}]},{"@type":"WebSite","@id":"https:\/\/www.pressenza.com\/pt-pt\/#website","url":"https:\/\/www.pressenza.com\/pt-pt\/","name":"Pressenza","description":"International Press Agency","publisher":{"@id":"https:\/\/www.pressenza.com\/pt-pt\/#organization"},"potentialAction":[{"@type":"SearchAction","target":{"@type":"EntryPoint","urlTemplate":"https:\/\/www.pressenza.com\/pt-pt\/?s={search_term_string}"},"query-input":{"@type":"PropertyValueSpecification","valueRequired":true,"valueName":"search_term_string"}}],"inLanguage":"pt-PT"},{"@type":"Organization","@id":"https:\/\/www.pressenza.com\/pt-pt\/#organization","name":"Pressenza","url":"https:\/\/www.pressenza.com\/pt-pt\/","logo":{"@type":"ImageObject","inLanguage":"pt-PT","@id":"https:\/\/www.pressenza.com\/pt-pt\/#\/schema\/logo\/image\/","url":"https:\/\/www.pressenza.com\/wp-content\/uploads\/2022\/10\/pressenza_logo_200x200.jpg","contentUrl":"https:\/\/www.pressenza.com\/wp-content\/uploads\/2022\/10\/pressenza_logo_200x200.jpg","width":200,"height":200,"caption":"Pressenza"},"image":{"@id":"https:\/\/www.pressenza.com\/pt-pt\/#\/schema\/logo\/image\/"},"sameAs":["https:\/\/www.facebook.com\/PressenzaItalia","https:\/\/x.com\/PressenzaIPA"]},{"@type":"Person","@id":"https:\/\/www.pressenza.com\/pt-pt\/#\/schema\/person\/3dfce4c6530b1c81359c3c00aec4a8fc","name":"Opera Mundi","sameAs":["http:\/\/operamundi.uol.com.br"],"url":"https:\/\/www.pressenza.com\/pt-pt\/author\/opera-mundi\/"}]}},"place":"","original_article_url":"https:\/\/operamundi.uol.com.br\/politica-e-economia\/60385\/eua-anunciam-novas-sancoes-contra-cuba-e-limitam-transferencias-financeiras","_links":{"self":[{"href":"https:\/\/www.pressenza.com\/pt-pt\/wp-json\/wp\/v2\/posts\/914281","targetHints":{"allow":["GET"]}}],"collection":[{"href":"https:\/\/www.pressenza.com\/pt-pt\/wp-json\/wp\/v2\/posts"}],"about":[{"href":"https:\/\/www.pressenza.com\/pt-pt\/wp-json\/wp\/v2\/types\/post"}],"author":[{"embeddable":true,"href":"https:\/\/www.pressenza.com\/pt-pt\/wp-json\/wp\/v2\/users\/1358"}],"replies":[{"embeddable":true,"href":"https:\/\/www.pressenza.com\/pt-pt\/wp-json\/wp\/v2\/comments?post=914281"}],"version-history":[{"count":0,"href":"https:\/\/www.pressenza.com\/pt-pt\/wp-json\/wp\/v2\/posts\/914281\/revisions"}],"wp:featuredmedia":[{"embeddable":true,"href":"https:\/\/www.pressenza.com\/pt-pt\/wp-json\/wp\/v2\/media\/914282"}],"wp:attachment":[{"href":"https:\/\/www.pressenza.com\/pt-pt\/wp-json\/wp\/v2\/media?parent=914281"}],"wp:term":[{"taxonomy":"category","embeddable":true,"href":"https:\/\/www.pressenza.com\/pt-pt\/wp-json\/wp\/v2\/categories?post=914281"},{"taxonomy":"post_tag","embeddable":true,"href":"https:\/\/www.pressenza.com\/pt-pt\/wp-json\/wp\/v2\/tags?post=914281"}],"curies":[{"name":"wp","href":"https:\/\/api.w.org\/{rel}","templated":true}]}}