{"id":909856,"date":"2019-08-29T19:58:53","date_gmt":"2019-08-29T18:58:53","guid":{"rendered":"https:\/\/www.pressenza.com\/?p=909856"},"modified":"2019-08-29T19:58:53","modified_gmt":"2019-08-29T18:58:53","slug":"previdencia-como-podemos-breca-la","status":"publish","type":"post","link":"https:\/\/www.pressenza.com\/pt-pt\/2019\/08\/previdencia-como-podemos-breca-la\/","title":{"rendered":"Previd\u00eancia: como podemos brec\u00e1-la"},"content":{"rendered":"<blockquote><p>Surge oportunidade para barrar contrarreforma: desgaste de Bolsonaro \u00e9 crescente e pode comprometer apoio do Congresso. Senado, universo menor que o da C\u00e2mara, pode ser usado pelos movimentos sociais para aumentar press\u00e3.<\/p><\/blockquote>\n<p><strong>Por <a title=\"Posts de Paulo Kliass\" href=\"https:\/\/outraspalavras.net\/author\/paulokliass\/\" rel=\"author\">Paulo Kliass<\/a><\/strong><\/p>\n<p>A tramita\u00e7\u00e3o da Reforma da Previd\u00eancia no Senado Federal segue avan\u00e7ando sem muito estardalha\u00e7o e pode comprometer o futuro do modelo de seguridade social ainda existente em nosso Pa\u00eds. Depois de aprovada em duas vota\u00e7\u00f5es no interior da C\u00e2mara dos Deputados, agora a mat\u00e9ria est\u00e1 em avalia\u00e7\u00e3o na chamada casa revisora do nosso sistema congressual.<\/p>\n<p>Ao contr\u00e1rio do que ocorreu na C\u00e2mara, o rito processual imposto pelo presidente Davi Alcolumbre (DEM\/AP) foi bastante acelerado, oferecendo apenas quatro dias destinados \u00e0 realiza\u00e7\u00e3o de audi\u00eancias p\u00fablicas sobre o tema. Na verdade, esse espa\u00e7o de tempo \u00e9 muito insuficiente para que os senadores e senadoras tomem consci\u00eancia a respeito das maldades ainda contidas no texto que lhes foi enviado.<\/p>\n<p>\u00c9 bem verdade que algumas das maiores atrocidades propostas inicialmente por Paulo Guedes &amp; equipe foram retiradas do texto. Esse \u00e9 o caso da inten\u00e7\u00e3o de substituir o regime solid\u00e1rio pelo regime individual da capitaliza\u00e7\u00e3o. \u00c9 tamb\u00e9m o caso das sugest\u00f5es de diminuir os valores e as condi\u00e7\u00f5es de acesso ao Benef\u00edcio de Presta\u00e7\u00e3o Continuada (BPC), que se destina a idosos e pessoas portadoras de defici\u00eancia em fam\u00edlias de baixa renda. Al\u00e9m disso, ca\u00edram as propostas de redu\u00e7\u00e3o do acesso dos trabalhadores rurais aos benef\u00edcios da previd\u00eancia social.<\/p>\n<h4><strong>R$ 1 trilh\u00e3o retirado dos mais pobres!<\/strong><\/h4>\n<p>No entanto, a proposta ainda mant\u00e9m no seu interior um elevado grau de regressividade. Isso pelo fato de que a ess\u00eancia da medida se define por uma abordagem da quest\u00e3o previdenci\u00e1ria apenas pela \u00f3tica do corte de despesas. Assim, mais de 80% do suposto esfor\u00e7o da \u201ceconomia do trilh\u00e3o\u201d se concentra na redu\u00e7\u00e3o de despesas do Regime Geral de Previd\u00eancia Social (RGPS). Ora a absoluta maioria dos benef\u00edcios pagos pelo INSS est\u00e3o na faixa de at\u00e9 2 sal\u00e1rios m\u00ednimos. Mais de 99% dos benef\u00edcios dos trabalhadores rurais s\u00e3o de at\u00e9 1 sal\u00e1rio m\u00ednimo. Portanto, convenhamos que n\u00e3o est\u00e3o presentes aqui, nesse universo da base de nossa pir\u00e2mide da desigualdade, os supostos \u201cprivilegiados\u201d que a PEC diz combater.<\/p>\n<p>A proposta atualmente debatida ainda \u00e9 regressiva, uma vez que retira de quem tem menos e n\u00e3o toca nos setores que recebem os verdadeiros privil\u00e9gios em nossa sociedade. Aqueles que est\u00e3o no topo da pir\u00e2mide seguem intoc\u00e1veis, recebem todas as benesses da legisla\u00e7\u00e3o. Seja pela abordagem dos 5%, 1% ou 0,5% dos mais ricos, nenhum deles recebe benef\u00edcio algum do RGPS e nem s\u00e3o servidores p\u00fablicos. Essa elite tem seus rendimentos assegurados com base nas aplica\u00e7\u00f5es de seu patrim\u00f4nio no universo das alternativas oferecidas pelo financismo. Nada a ver com previd\u00eancia social.<\/p>\n<p>O relator da mat\u00e9ria, senador Tasso Jereissati, parece n\u00e3o ter se sensibilizado pelos depoimentos apresentados nas poucas audi\u00eancias realizadas no \u00e2mbito da Comiss\u00e3o de Constitui\u00e7\u00e3o e Justi\u00e7a. A maior parte das manifesta\u00e7\u00f5es exibiram as injusti\u00e7as que podem ser cometidas contra os servidores p\u00fablicos, as pensionistas e trabalhadores submetidos a condi\u00e7\u00f5es especiais (insalubridade, periculosidade e similares) caso a medida seja aprovada nos termos em que est\u00e1 atualmente.<\/p>\n<h4><strong>PEC \u00e9 recessiva e regressiva<\/strong><\/h4>\n<p>O governo insiste com a fal\u00e1cia de que a proposta servir\u00e1 como uma verdadeira reden\u00e7\u00e3o para tirar o Brasil da crise da recess\u00e3o. N\u00e3o \u00e9 verdade! A medida \u00e9 recessiva, pois promete retirar R$ 1 trilh\u00e3o de fam\u00edlias que t\u00eam alta capacidade de consumo ao longo de 10 anos. Com isso, trata-se de uma clara sinaliza\u00e7\u00e3o ao empresariado de que n\u00e3o haver\u00e1 esfor\u00e7o para reanimar a capacidade de demanda na sociedade. Quais seriam as raz\u00f5es, portanto, para que os investidores se animassem a aumentar a capacidade instalada de nossa economia? Com certeza n\u00e3o ser\u00e3o os belhos olhos do Superministro da Economia nem uma cren\u00e7a cega na necessidade de uma medida como essa. Os investidores sabem fazer seus c\u00e1lculos e n\u00e3o se aventurar\u00e3o por caminhos ainda inseguros.<\/p>\n<p>Os grandes meios de comunica\u00e7\u00e3o seguem repetindo a ladainha constru\u00edda pela \u00e1rea econ\u00f4mica do governo de que a previd\u00eancia social seria a grande respons\u00e1vel pelos problemas existentes na \u00e1rea fiscal. Isso tamb\u00e9m n\u00e3o \u00e9 verdade. Os sites das pr\u00f3prias institui\u00e7\u00f5es oficiais nos exibem informa\u00e7\u00f5es a esse respeito, evidenciando que a conta da administra\u00e7\u00e3o p\u00fablica federal que se apresenta como a mais estruturalmente deficit\u00e1ria \u00e9 aquela respons\u00e1vel pelo pagamento de juros da d\u00edvida p\u00fablica. Apenas ao longo dos \u00faltimos 12 meses foram destinados R$ 357 bilh\u00f5es do Or\u00e7amento da Uni\u00e3o para esse fim.<\/p>\n<p>Mas para a tecnocracia encarregada de zelar pela \u201cresponsabilidade fiscal\u201d, as despesas financeiras devem ter um tratamento especial, quase VIP. O governo deve fazer todo o esfor\u00e7o para cortar despesas na educa\u00e7\u00e3o, na previd\u00eancia social, na sa\u00fade, na assist\u00eancia social, nos gatos com pessoal e nos investimentos. Mas as despesas financeiras s\u00e3o sagradas, elas n\u00e3o podem ser tocadas! Uma completa invers\u00e3o de valores sob a \u00f3tica republicana e cidad\u00e3.<\/p>\n<p>O privilegiado \u00e9 o trabalhador rural, que trabalha de acordo com o calend\u00e1rio da safra e passa a vida cortando cana com a foice sob o sol causticante. O privilegiado \u00e9 o trabalhador da constru\u00e7\u00e3o civil que passa a vida em uma multiplicidade de canteiros de obra e raramente consegue comprovar todo o tempo de contribui\u00e7\u00e3o por falhas e sonega\u00e7\u00e3o das empresas por onde trabalhou. O privilegiado \u00e9 o trabalhador nas minas de carv\u00e3o, que passa parte de sua vida em condi\u00e7\u00f5es tamb\u00e9m sub-humanas a centenas de metros de profundidade. A privilegiadas s\u00e3o as vi\u00favas que insistem em receber a pens\u00e3o no valor de um sal\u00e1rio m\u00ednimo do marido falecido.<\/p>\n<p>J\u00e1 aqueles que recebem as centenas de bilh\u00f5es de reais generosamente distribu\u00eddos sob a forma de lucros e dividendos das empresas em nosso Pa\u00eds, bem esses n\u00e3o precisam oferecer nenhum centavo de sua cota de sacrif\u00edcio para ajudar o Pa\u00eds a superar esse momento de dificuldade econ\u00f4mica. Uma lei aprovada em 1995, ainda sob a gest\u00e3o de FHC \u2013 e mantida inalterada ao longo desses 24 anos! \u2013 passou a considerar esse tipo de ganho como isento de tributos.<\/p>\n<p>O universo de parlamentares que dever\u00e3o votar a mat\u00e9ria \u00e9 bem mais restrito no Senado do que na C\u00e2mara. Ao inv\u00e9s de 513 do momento anterior, agora s\u00e3o apenas 81 nessa etapa. A capacidade de press\u00e3o do movimento social sobre eles \u00e9 mais f\u00e1cil de ser organizada. Cabe \u00e0s centrais sindicais, \u00e0s associa\u00e7\u00f5es de servidores p\u00fablicos e demais entidades do campo democr\u00e1tico e progressista realizar o trabalho de press\u00e3o e convencimento. Em cada unidade da federa\u00e7\u00e3o s\u00e3o tr\u00eas senadores a serem procurados para evitar que a desgra\u00e7a seja aprovada.<\/p>\n<p>A cada dia que passa aumenta o desgaste de Bolsonaro e sua equipe. Os \u00edndices de desaprova\u00e7\u00e3o crescem em propor\u00e7\u00e3o jamais vista para um governo que mal completou seu oitavo m\u00eas de vida. Esse \u00e9 o momento para avan\u00e7ar sobre os parlamentares e demonstrar que a manifesta\u00e7\u00e3o de simpatia pelo projeto do capit\u00e3o pode comprometer sua avalia\u00e7\u00e3o junto \u00e0 sua base eleitoral.<\/p>\n<p>Vamos \u00e0 luta! O jogo ainda n\u00e3o acabou!<\/p>\n","protected":false},"excerpt":{"rendered":"<p>Surge oportunidade para barrar contrarreforma: desgaste de Bolsonaro \u00e9 crescente e pode comprometer apoio do Congresso. Senado, universo menor que o da C\u00e2mara, pode ser usado pelos movimentos sociais para aumentar press\u00e3. Por Paulo Kliass A tramita\u00e7\u00e3o da Reforma da&hellip;<\/p>\n","protected":false},"author":1293,"featured_media":909857,"comment_status":"closed","ping_status":"closed","sticky":false,"template":"","format":"standard","meta":{"footnotes":""},"categories":[104,116,165],"tags":[2744,5209,63254],"class_list":["post-909856","post","type-post","status-publish","format-standard","has-post-thumbnail","hentry","category-america-do-sul","category-direitos-humanos","category-opiniao","tag-brasil","tag-direitos","tag-privilegios-pt-pt"],"yoast_head":"<!-- This site is optimized with the Yoast SEO plugin v27.1.1 - https:\/\/yoast.com\/product\/yoast-seo-wordpress\/ -->\n<title>Previd\u00eancia: como podemos brec\u00e1-la<\/title>\n<meta name=\"description\" content=\"Surge oportunidade para barrar contrarreforma: desgaste de Bolsonaro \u00e9 crescente e pode comprometer apoio do Congresso. Senado, universo menor que o da\" \/>\n<meta name=\"robots\" content=\"index, follow, max-snippet:-1, max-image-preview:large, max-video-preview:-1\" \/>\n<link rel=\"canonical\" href=\"https:\/\/www.pressenza.com\/pt-pt\/2019\/08\/previdencia-como-podemos-breca-la\/\" \/>\n<meta property=\"og:locale\" content=\"pt_PT\" \/>\n<meta property=\"og:type\" content=\"article\" \/>\n<meta property=\"og:title\" content=\"Previd\u00eancia: como podemos brec\u00e1-la\" \/>\n<meta property=\"og:description\" content=\"Surge oportunidade para barrar contrarreforma: desgaste de Bolsonaro \u00e9 crescente e pode comprometer apoio do Congresso. Senado, universo menor que o da\" \/>\n<meta property=\"og:url\" content=\"https:\/\/www.pressenza.com\/pt-pt\/2019\/08\/previdencia-como-podemos-breca-la\/\" \/>\n<meta property=\"og:site_name\" content=\"Pressenza\" \/>\n<meta property=\"article:publisher\" content=\"https:\/\/www.facebook.com\/PressenzaItalia\" \/>\n<meta property=\"article:author\" content=\"https:\/\/www.facebook.com\/outraspalavras\" \/>\n<meta property=\"article:published_time\" content=\"2019-08-29T18:58:53+00:00\" \/>\n<meta property=\"og:image\" content=\"https:\/\/www.pressenza.com\/wp-content\/uploads\/2019\/08\/pesquisa-ibope-avaliacao-do-governo-bolsonaro-600x300.jpg\" \/>\n\t<meta property=\"og:image:width\" content=\"600\" \/>\n\t<meta property=\"og:image:height\" content=\"300\" \/>\n\t<meta property=\"og:image:type\" content=\"image\/jpeg\" \/>\n<meta name=\"author\" content=\"Outras Palavras\" \/>\n<meta name=\"twitter:card\" content=\"summary_large_image\" \/>\n<meta name=\"twitter:creator\" content=\"@outraspalavrass\" \/>\n<meta name=\"twitter:site\" content=\"@PressenzaIPA\" \/>\n<meta name=\"twitter:label1\" content=\"Escrito por\" \/>\n\t<meta name=\"twitter:data1\" content=\"Outras Palavras\" \/>\n\t<meta name=\"twitter:label2\" content=\"Tempo estimado de leitura\" \/>\n\t<meta name=\"twitter:data2\" content=\"6 minutos\" \/>\n<script type=\"application\/ld+json\" class=\"yoast-schema-graph\">{\"@context\":\"https:\/\/schema.org\",\"@graph\":[{\"@type\":\"Article\",\"@id\":\"https:\/\/www.pressenza.com\/pt-pt\/2019\/08\/previdencia-como-podemos-breca-la\/#article\",\"isPartOf\":{\"@id\":\"https:\/\/www.pressenza.com\/pt-pt\/2019\/08\/previdencia-como-podemos-breca-la\/\"},\"author\":{\"name\":\"Outras Palavras\",\"@id\":\"https:\/\/www.pressenza.com\/pt-pt\/#\/schema\/person\/7f4f7cda502887ac8bd3ccb0ae8b5a62\"},\"headline\":\"Previd\u00eancia: como podemos brec\u00e1-la\",\"datePublished\":\"2019-08-29T18:58:53+00:00\",\"mainEntityOfPage\":{\"@id\":\"https:\/\/www.pressenza.com\/pt-pt\/2019\/08\/previdencia-como-podemos-breca-la\/\"},\"wordCount\":1291,\"publisher\":{\"@id\":\"https:\/\/www.pressenza.com\/pt-pt\/#organization\"},\"image\":{\"@id\":\"https:\/\/www.pressenza.com\/pt-pt\/2019\/08\/previdencia-como-podemos-breca-la\/#primaryimage\"},\"thumbnailUrl\":\"https:\/\/www.pressenza.com\/wp-content\/uploads\/2019\/08\/pesquisa-ibope-avaliacao-do-governo-bolsonaro-600x300.jpg\",\"keywords\":[\"Brasil\",\"direitos\",\"privilegios\"],\"articleSection\":[\"\u00c1m\u00e9rica do Sul\",\"Direitos Humanos\",\"Opini\u00e3o\"],\"inLanguage\":\"pt-PT\"},{\"@type\":\"WebPage\",\"@id\":\"https:\/\/www.pressenza.com\/pt-pt\/2019\/08\/previdencia-como-podemos-breca-la\/\",\"url\":\"https:\/\/www.pressenza.com\/pt-pt\/2019\/08\/previdencia-como-podemos-breca-la\/\",\"name\":\"Previd\u00eancia: como podemos brec\u00e1-la\",\"isPartOf\":{\"@id\":\"https:\/\/www.pressenza.com\/pt-pt\/#website\"},\"primaryImageOfPage\":{\"@id\":\"https:\/\/www.pressenza.com\/pt-pt\/2019\/08\/previdencia-como-podemos-breca-la\/#primaryimage\"},\"image\":{\"@id\":\"https:\/\/www.pressenza.com\/pt-pt\/2019\/08\/previdencia-como-podemos-breca-la\/#primaryimage\"},\"thumbnailUrl\":\"https:\/\/www.pressenza.com\/wp-content\/uploads\/2019\/08\/pesquisa-ibope-avaliacao-do-governo-bolsonaro-600x300.jpg\",\"datePublished\":\"2019-08-29T18:58:53+00:00\",\"description\":\"Surge oportunidade para barrar contrarreforma: desgaste de Bolsonaro \u00e9 crescente e pode comprometer apoio do Congresso. Senado, universo menor que o da\",\"breadcrumb\":{\"@id\":\"https:\/\/www.pressenza.com\/pt-pt\/2019\/08\/previdencia-como-podemos-breca-la\/#breadcrumb\"},\"inLanguage\":\"pt-PT\",\"potentialAction\":[{\"@type\":\"ReadAction\",\"target\":[\"https:\/\/www.pressenza.com\/pt-pt\/2019\/08\/previdencia-como-podemos-breca-la\/\"]}]},{\"@type\":\"ImageObject\",\"inLanguage\":\"pt-PT\",\"@id\":\"https:\/\/www.pressenza.com\/pt-pt\/2019\/08\/previdencia-como-podemos-breca-la\/#primaryimage\",\"url\":\"https:\/\/www.pressenza.com\/wp-content\/uploads\/2019\/08\/pesquisa-ibope-avaliacao-do-governo-bolsonaro-600x300.jpg\",\"contentUrl\":\"https:\/\/www.pressenza.com\/wp-content\/uploads\/2019\/08\/pesquisa-ibope-avaliacao-do-governo-bolsonaro-600x300.jpg\",\"width\":600,\"height\":300},{\"@type\":\"BreadcrumbList\",\"@id\":\"https:\/\/www.pressenza.com\/pt-pt\/2019\/08\/previdencia-como-podemos-breca-la\/#breadcrumb\",\"itemListElement\":[{\"@type\":\"ListItem\",\"position\":1,\"name\":\"Accueil\",\"item\":\"https:\/\/www.pressenza.com\/pt-pt\/\"},{\"@type\":\"ListItem\",\"position\":2,\"name\":\"Previd\u00eancia: como podemos brec\u00e1-la\"}]},{\"@type\":\"WebSite\",\"@id\":\"https:\/\/www.pressenza.com\/pt-pt\/#website\",\"url\":\"https:\/\/www.pressenza.com\/pt-pt\/\",\"name\":\"Pressenza\",\"description\":\"International Press Agency\",\"publisher\":{\"@id\":\"https:\/\/www.pressenza.com\/pt-pt\/#organization\"},\"potentialAction\":[{\"@type\":\"SearchAction\",\"target\":{\"@type\":\"EntryPoint\",\"urlTemplate\":\"https:\/\/www.pressenza.com\/pt-pt\/?s={search_term_string}\"},\"query-input\":{\"@type\":\"PropertyValueSpecification\",\"valueRequired\":true,\"valueName\":\"search_term_string\"}}],\"inLanguage\":\"pt-PT\"},{\"@type\":\"Organization\",\"@id\":\"https:\/\/www.pressenza.com\/pt-pt\/#organization\",\"name\":\"Pressenza\",\"url\":\"https:\/\/www.pressenza.com\/pt-pt\/\",\"logo\":{\"@type\":\"ImageObject\",\"inLanguage\":\"pt-PT\",\"@id\":\"https:\/\/www.pressenza.com\/pt-pt\/#\/schema\/logo\/image\/\",\"url\":\"https:\/\/www.pressenza.com\/wp-content\/uploads\/2022\/10\/pressenza_logo_200x200.jpg\",\"contentUrl\":\"https:\/\/www.pressenza.com\/wp-content\/uploads\/2022\/10\/pressenza_logo_200x200.jpg\",\"width\":200,\"height\":200,\"caption\":\"Pressenza\"},\"image\":{\"@id\":\"https:\/\/www.pressenza.com\/pt-pt\/#\/schema\/logo\/image\/\"},\"sameAs\":[\"https:\/\/www.facebook.com\/PressenzaItalia\",\"https:\/\/x.com\/PressenzaIPA\"]},{\"@type\":\"Person\",\"@id\":\"https:\/\/www.pressenza.com\/pt-pt\/#\/schema\/person\/7f4f7cda502887ac8bd3ccb0ae8b5a62\",\"name\":\"Outras Palavras\",\"description\":\"Comunica\u00e7\u00e3o compartilhada e P\u00f3s-capitalismo\",\"sameAs\":[\"https:\/\/www.facebook.com\/outraspalavras\",\"https:\/\/x.com\/outraspalavrass\"],\"url\":\"https:\/\/www.pressenza.com\/pt-pt\/author\/outras-palavras\/\"}]}<\/script>\n<!-- \/ Yoast SEO plugin. -->","yoast_head_json":{"title":"Previd\u00eancia: como podemos brec\u00e1-la","description":"Surge oportunidade para barrar contrarreforma: desgaste de Bolsonaro \u00e9 crescente e pode comprometer apoio do Congresso. Senado, universo menor que o da","robots":{"index":"index","follow":"follow","max-snippet":"max-snippet:-1","max-image-preview":"max-image-preview:large","max-video-preview":"max-video-preview:-1"},"canonical":"https:\/\/www.pressenza.com\/pt-pt\/2019\/08\/previdencia-como-podemos-breca-la\/","og_locale":"pt_PT","og_type":"article","og_title":"Previd\u00eancia: como podemos brec\u00e1-la","og_description":"Surge oportunidade para barrar contrarreforma: desgaste de Bolsonaro \u00e9 crescente e pode comprometer apoio do Congresso. Senado, universo menor que o da","og_url":"https:\/\/www.pressenza.com\/pt-pt\/2019\/08\/previdencia-como-podemos-breca-la\/","og_site_name":"Pressenza","article_publisher":"https:\/\/www.facebook.com\/PressenzaItalia","article_author":"https:\/\/www.facebook.com\/outraspalavras","article_published_time":"2019-08-29T18:58:53+00:00","og_image":[{"width":600,"height":300,"url":"https:\/\/www.pressenza.com\/wp-content\/uploads\/2019\/08\/pesquisa-ibope-avaliacao-do-governo-bolsonaro-600x300.jpg","type":"image\/jpeg"}],"author":"Outras Palavras","twitter_card":"summary_large_image","twitter_creator":"@outraspalavrass","twitter_site":"@PressenzaIPA","twitter_misc":{"Escrito por":"Outras Palavras","Tempo estimado de leitura":"6 minutos"},"schema":{"@context":"https:\/\/schema.org","@graph":[{"@type":"Article","@id":"https:\/\/www.pressenza.com\/pt-pt\/2019\/08\/previdencia-como-podemos-breca-la\/#article","isPartOf":{"@id":"https:\/\/www.pressenza.com\/pt-pt\/2019\/08\/previdencia-como-podemos-breca-la\/"},"author":{"name":"Outras Palavras","@id":"https:\/\/www.pressenza.com\/pt-pt\/#\/schema\/person\/7f4f7cda502887ac8bd3ccb0ae8b5a62"},"headline":"Previd\u00eancia: como podemos brec\u00e1-la","datePublished":"2019-08-29T18:58:53+00:00","mainEntityOfPage":{"@id":"https:\/\/www.pressenza.com\/pt-pt\/2019\/08\/previdencia-como-podemos-breca-la\/"},"wordCount":1291,"publisher":{"@id":"https:\/\/www.pressenza.com\/pt-pt\/#organization"},"image":{"@id":"https:\/\/www.pressenza.com\/pt-pt\/2019\/08\/previdencia-como-podemos-breca-la\/#primaryimage"},"thumbnailUrl":"https:\/\/www.pressenza.com\/wp-content\/uploads\/2019\/08\/pesquisa-ibope-avaliacao-do-governo-bolsonaro-600x300.jpg","keywords":["Brasil","direitos","privilegios"],"articleSection":["\u00c1m\u00e9rica do Sul","Direitos Humanos","Opini\u00e3o"],"inLanguage":"pt-PT"},{"@type":"WebPage","@id":"https:\/\/www.pressenza.com\/pt-pt\/2019\/08\/previdencia-como-podemos-breca-la\/","url":"https:\/\/www.pressenza.com\/pt-pt\/2019\/08\/previdencia-como-podemos-breca-la\/","name":"Previd\u00eancia: como podemos brec\u00e1-la","isPartOf":{"@id":"https:\/\/www.pressenza.com\/pt-pt\/#website"},"primaryImageOfPage":{"@id":"https:\/\/www.pressenza.com\/pt-pt\/2019\/08\/previdencia-como-podemos-breca-la\/#primaryimage"},"image":{"@id":"https:\/\/www.pressenza.com\/pt-pt\/2019\/08\/previdencia-como-podemos-breca-la\/#primaryimage"},"thumbnailUrl":"https:\/\/www.pressenza.com\/wp-content\/uploads\/2019\/08\/pesquisa-ibope-avaliacao-do-governo-bolsonaro-600x300.jpg","datePublished":"2019-08-29T18:58:53+00:00","description":"Surge oportunidade para barrar contrarreforma: desgaste de Bolsonaro \u00e9 crescente e pode comprometer apoio do Congresso. Senado, universo menor que o da","breadcrumb":{"@id":"https:\/\/www.pressenza.com\/pt-pt\/2019\/08\/previdencia-como-podemos-breca-la\/#breadcrumb"},"inLanguage":"pt-PT","potentialAction":[{"@type":"ReadAction","target":["https:\/\/www.pressenza.com\/pt-pt\/2019\/08\/previdencia-como-podemos-breca-la\/"]}]},{"@type":"ImageObject","inLanguage":"pt-PT","@id":"https:\/\/www.pressenza.com\/pt-pt\/2019\/08\/previdencia-como-podemos-breca-la\/#primaryimage","url":"https:\/\/www.pressenza.com\/wp-content\/uploads\/2019\/08\/pesquisa-ibope-avaliacao-do-governo-bolsonaro-600x300.jpg","contentUrl":"https:\/\/www.pressenza.com\/wp-content\/uploads\/2019\/08\/pesquisa-ibope-avaliacao-do-governo-bolsonaro-600x300.jpg","width":600,"height":300},{"@type":"BreadcrumbList","@id":"https:\/\/www.pressenza.com\/pt-pt\/2019\/08\/previdencia-como-podemos-breca-la\/#breadcrumb","itemListElement":[{"@type":"ListItem","position":1,"name":"Accueil","item":"https:\/\/www.pressenza.com\/pt-pt\/"},{"@type":"ListItem","position":2,"name":"Previd\u00eancia: como podemos brec\u00e1-la"}]},{"@type":"WebSite","@id":"https:\/\/www.pressenza.com\/pt-pt\/#website","url":"https:\/\/www.pressenza.com\/pt-pt\/","name":"Pressenza","description":"International Press Agency","publisher":{"@id":"https:\/\/www.pressenza.com\/pt-pt\/#organization"},"potentialAction":[{"@type":"SearchAction","target":{"@type":"EntryPoint","urlTemplate":"https:\/\/www.pressenza.com\/pt-pt\/?s={search_term_string}"},"query-input":{"@type":"PropertyValueSpecification","valueRequired":true,"valueName":"search_term_string"}}],"inLanguage":"pt-PT"},{"@type":"Organization","@id":"https:\/\/www.pressenza.com\/pt-pt\/#organization","name":"Pressenza","url":"https:\/\/www.pressenza.com\/pt-pt\/","logo":{"@type":"ImageObject","inLanguage":"pt-PT","@id":"https:\/\/www.pressenza.com\/pt-pt\/#\/schema\/logo\/image\/","url":"https:\/\/www.pressenza.com\/wp-content\/uploads\/2022\/10\/pressenza_logo_200x200.jpg","contentUrl":"https:\/\/www.pressenza.com\/wp-content\/uploads\/2022\/10\/pressenza_logo_200x200.jpg","width":200,"height":200,"caption":"Pressenza"},"image":{"@id":"https:\/\/www.pressenza.com\/pt-pt\/#\/schema\/logo\/image\/"},"sameAs":["https:\/\/www.facebook.com\/PressenzaItalia","https:\/\/x.com\/PressenzaIPA"]},{"@type":"Person","@id":"https:\/\/www.pressenza.com\/pt-pt\/#\/schema\/person\/7f4f7cda502887ac8bd3ccb0ae8b5a62","name":"Outras Palavras","description":"Comunica\u00e7\u00e3o compartilhada e P\u00f3s-capitalismo","sameAs":["https:\/\/www.facebook.com\/outraspalavras","https:\/\/x.com\/outraspalavrass"],"url":"https:\/\/www.pressenza.com\/pt-pt\/author\/outras-palavras\/"}]}},"place":"","original_article_url":"https:\/\/outraspalavras.net\/direitosouprivilegios\/previdencia-como-podemos-breca-la\/","_links":{"self":[{"href":"https:\/\/www.pressenza.com\/pt-pt\/wp-json\/wp\/v2\/posts\/909856","targetHints":{"allow":["GET"]}}],"collection":[{"href":"https:\/\/www.pressenza.com\/pt-pt\/wp-json\/wp\/v2\/posts"}],"about":[{"href":"https:\/\/www.pressenza.com\/pt-pt\/wp-json\/wp\/v2\/types\/post"}],"author":[{"embeddable":true,"href":"https:\/\/www.pressenza.com\/pt-pt\/wp-json\/wp\/v2\/users\/1293"}],"replies":[{"embeddable":true,"href":"https:\/\/www.pressenza.com\/pt-pt\/wp-json\/wp\/v2\/comments?post=909856"}],"version-history":[{"count":0,"href":"https:\/\/www.pressenza.com\/pt-pt\/wp-json\/wp\/v2\/posts\/909856\/revisions"}],"wp:featuredmedia":[{"embeddable":true,"href":"https:\/\/www.pressenza.com\/pt-pt\/wp-json\/wp\/v2\/media\/909857"}],"wp:attachment":[{"href":"https:\/\/www.pressenza.com\/pt-pt\/wp-json\/wp\/v2\/media?parent=909856"}],"wp:term":[{"taxonomy":"category","embeddable":true,"href":"https:\/\/www.pressenza.com\/pt-pt\/wp-json\/wp\/v2\/categories?post=909856"},{"taxonomy":"post_tag","embeddable":true,"href":"https:\/\/www.pressenza.com\/pt-pt\/wp-json\/wp\/v2\/tags?post=909856"}],"curies":[{"name":"wp","href":"https:\/\/api.w.org\/{rel}","templated":true}]}}