{"id":903490,"date":"2019-08-14T18:42:13","date_gmt":"2019-08-14T17:42:13","guid":{"rendered":"https:\/\/www.pressenza.com\/?p=903490"},"modified":"2019-08-14T18:42:13","modified_gmt":"2019-08-14T17:42:13","slug":"licenca-paternidade-estendida-favorece-vinculo-com-filho","status":"publish","type":"post","link":"https:\/\/www.pressenza.com\/pt-pt\/2019\/08\/licenca-paternidade-estendida-favorece-vinculo-com-filho\/","title":{"rendered":"Licen\u00e7a-paternidade estendida favorece v\u00ednculo com filho"},"content":{"rendered":"<h4>Modelo aplicado em algumas empresas ainda n\u00e3o virou lei<\/h4>\n<p>\u201cPara mim, foi muito feliz ter esse momento, ter essa chance de ter esse v\u00ednculo t\u00e3o forte criado desde o primeiro dia e durante meses com os meus filhos\u201d, diz Eduardo Lopes, que trabalha na empresa Facebook, onde os pais t\u00eam licen\u00e7a-paternidade de quatro meses, podendo ser usufru\u00edda desde o nascimento da crian\u00e7a. Essa n\u00e3o \u00e9 uma realidade para todos os brasileiros, j\u00e1 que a legisla\u00e7\u00e3o no pa\u00eds garante licen\u00e7a de apenas cinco dias para os pais, podendo chegar, em alguns casos, a 20 dias se a empresa integrar o programa Empresa Cidad\u00e3 ou se for do setor p\u00fablico.<\/p>\n<p>\u201cO v\u00ednculo com a m\u00e3e \u00e9 muito forte e natural por v\u00e1rios motivos. A m\u00e3e que geriu durante nove meses, a m\u00e3e que pariu e a m\u00e3e que est\u00e1 amentando. Para o pai, \u00e9 a presen\u00e7a, o contato, \u00e9 estar ali, dar carinho, dar amor. E acho que isso cria um v\u00ednculo muito forte\u201d, destaca Lopes. Seus filhos, um casal de g\u00eameos, nasceram em fevereiro deste ano e puderam contar com a presen\u00e7a do pai e da m\u00e3e desde os primeiros dias de vida.<\/p>\n<div class=\"dnd-widget-wrapper context-cheio_8colunas type-image\">\n<div class=\"dnd-atom-rendered\">\n<figure class=\"mejs-fotoh-wrapper\"><img decoding=\"async\" class=\"img-responsive full full\" title=\"Rovena Rosa\/Ag\u00eancia Brasil\" src=\"http:\/\/imagens.ebc.com.br\/xPGumYFpzcoeTBWU6st_gjwghJw=\/754x0\/smart\/http:\/\/agenciabrasil.ebc.com.br\/sites\/default\/files\/thumbnails\/image\/img_4689.jpg?itok=V9PEJbXH\" alt=\"S\u00e3o Paulo - O casal Eduardo e Maria Lopes, pais de Cec\u00edlia e Martin, se beneficiaram da licen\u00e7a paternidade de quatro meses.\" \/><\/figure>\n<\/div>\n<div class=\"dnd-caption-wrapper\">\n<div class=\"meta\"><em>O casal Eduardo e Maria Lopes, pais de Cec\u00edlia e Martin, beneficiou-se da licen\u00e7a paternidade de quatro meses\u00a0&#8211; <strong>Rovena Rosa\/Ag\u00eancia Brasil<\/strong><\/em><\/div>\n<\/div>\n<\/div>\n<div><\/div>\n<div>\n<p>\u201cEu n\u00e3o sei se eu terei mais filhos, \u00e9 uma oportunidade \u00fanica. Para mim, foi fundamental ter tido essa chance\u201d, completa Lopes. A falta de uma licen\u00e7a-paternidade estendida pode ser prejudicial n\u00e3o s\u00f3 para pai e filho, mas para a m\u00e3e.<\/p>\n<p>\u201cPor ela ter a licen\u00e7a por mais tempo, ela acaba sobrecarregada. E o homem que n\u00e3o tem essa possibilidade [de estender a licen\u00e7a] e, \u00e0s vezes, n\u00e3o consegue tirar f\u00e9rias. Al\u00e9m de deixar de viver esse momento t\u00e3o especial, a fam\u00edlia acaba um pouco prejudicada. Principalmente a mulher acaba sobrecarregada\u201d, comenta o funcion\u00e1rio do Facebook.<\/p>\n<p>A esposa de Lopes \u00e9 empreendedora e precisou tomar decis\u00f5es da empresa a dist\u00e2ncia em algumas ocasi\u00f5es. Ele conta que a esposa se afastou do trabalho, mas n\u00e3o tirou formalmente uma licen\u00e7a-maternidade: \u201cPara ela, acho que foi muito bom tamb\u00e9m ter essa tranquilidade de saber que eu sempre estaria l\u00e1, fazendo as coisas junto com ela, dividindo as tarefas.\u201d<\/p>\n<p>Para Lopes, o incentivo da empresa para que os pais tirem a licen\u00e7a de quatro meses \u00e9 fundamental. \u201cAs f\u00e9rias s\u00e3o um direito. \u00c0s vezes tem lugar onde a cultura \u00e9 ningu\u00e9m tirar f\u00e9rias porque \u00e9 trabalho, trabalho, trabalho. Se a cultura n\u00e3o ajuda, n\u00e3o adianta estar no papel, seja como uma pol\u00edtica, seja como uma norma\u201d, diz.<\/p>\n<p>\u201cAcho que faz toda diferen\u00e7a isso ser aceito pela empresa, ser praticado, ser estimulado e obviamente n\u00e3o ter nenhum tipo de desest\u00edmulo. Porque se tem [a licen\u00e7a estendida], mas voc\u00ea \u00e9 de alguma forma prejudicado na avalia\u00e7\u00e3o de desempenho porque voc\u00ea a tirou, a\u00ed n\u00e3o adianta nada\u201d, acrescenta.<\/p>\n<h2>Mudan\u00e7as na lei<\/h2>\n<p>O procurador-geral do Minist\u00e9rio P\u00fablico do Trabalho (MPT), Ronaldo Fleury, encaminhou uma proposta de cria\u00e7\u00e3o de licen\u00e7a parental compartilhada entre m\u00e3e e pai \u00e0 Procuradoria-Geral da Rep\u00fablica (PGR) para funcion\u00e1rios do Minist\u00e9rio P\u00fablico da Uni\u00e3o (MPU).<\/p>\n<p>A m\u00e3e atualmente tem direito a pelo menos 120 dias de licen\u00e7a-maternidade no setor privado, podendo chegar a 180 dias se for funcion\u00e1ria de empresa cadastrada no programa Empresa Cidad\u00e3 ou do setor p\u00fablico, como o MPU. O pai tem direito a cinco dias de licen\u00e7a-paternidade, podendo chegar a 20 dias.<\/p>\n<p>A proposta do MPT diz que, caso os dois \u2013 pai e m\u00e3e \u2013 sejam funcion\u00e1rios do MPU, seria permitido que, nos \u00faltimos 60 dias da licen\u00e7a-maternidade de 180 dias, o pai assumisse o cuidado da crian\u00e7a e a m\u00e3e retornasse ao trabalho. Os 120 dias iniciais, garantidos pela Constitui\u00e7\u00e3o, continuariam como benef\u00edcio assegurado \u00e0 m\u00e3e. Os dias restantes poderiam ser concedidos tanto ao pai quanto \u00e0 m\u00e3e. A proposta inclui tamb\u00e9m casais adotantes e homoafetivos.<\/p>\n<p>Se aprovada pela Procuradora-Geral da Rep\u00fablica, Raquel Dodge, a proposta dever\u00e1 tramitar pelo Congresso Nacional antes da entrada em vigor. A iniciativa \u00e9 uma oportunidade de pautar o tema no Congresso para que o benef\u00edcio possa ser estendido a toda a sociedade, em \u00f3rg\u00e3os p\u00fablicos e empresas privadas. O projeto ainda n\u00e3o saiu da PGR e aguarda avalia\u00e7\u00e3o de Dodge.<\/p>\n<p>\u201c[A licen\u00e7a parental] \u00e9 uma normativa em vigor em muitos pa\u00edses h\u00e1 muito tempo, como na Dinamarca. Na Uni\u00e3o Europeia, j\u00e1 tem at\u00e9 uma diretriz recomendando a todos os pa\u00edses que adotem\u201d, diz a procuradora Lutiana Lorentz, do MPT de Minas Gerais. Para ela, um dos benef\u00edcios desse modelo \u00e9 que o pai poder\u00e1 ter maior participa\u00e7\u00e3o nos primeiros meses de vida da crian\u00e7a e fortalecer o v\u00ednculo entre eles, o que seria ben\u00e9fico para o filho.<\/p>\n<p>Lorentz deu exemplos comparativos como Su\u00e9cia e Portugal, onde a licen\u00e7a compartilhada entre pai e m\u00e3e \u00e9 obrigat\u00f3ria. Ela \u00e9 adotada em car\u00e1ter opcional desde 1980, na Dinamarca, e 1991, na Fran\u00e7a.<\/p>\n<h2>Discrimina\u00e7\u00e3o contra a mulher<\/h2>\n<p>Outro ponto fundamental da implementa\u00e7\u00e3o do novo modelo seria diminuir a discrimina\u00e7\u00e3o contra a mulher. \u201cA licen\u00e7a parental aliviaria essa s\u00e9rie de discrimina\u00e7\u00f5es que existem porque a mulher engravida. Isso [discrimina\u00e7\u00e3o] \u00e9 \u00f3bvio que existe, ningu\u00e9m pode negar, tanto no servi\u00e7o p\u00fablico e de uma maneira mais acirrada no campo do trabalho celetista\u201d, destaca a procuradora.<\/p>\n<p>Para Lorentz, a legisla\u00e7\u00e3o ajuda a mudar os costumes e a fazer a sociedade assimilar a realidade atual da mulher no mercado de trabalho, como foi observado nos pa\u00edses em que a licen\u00e7a parental virou lei. \u201cForam muito ben\u00e9ficas as legisla\u00e7\u00f5es nesses pa\u00edses, inclusive para \u00edndice de igualdade remunerat\u00f3rio, para o \u00edndice de menor adoecimento da mulher, para o \u00edndice de maior envolvimento do homem com o beb\u00ea e ao longo da vida. H\u00e1 relatos muito consistentes de \u00f3rg\u00e3os internacionais internos desses pa\u00edses sobre isso\u201d, diz.<\/p>\n<p>A procuradora acredita que a licen\u00e7a parental, no modelo compartilhado, ajudaria a afastar a m\u00e3e de jornadas duplas ou triplas \u2013 no mercado de trabalho, no cuidado com a casa e com os filhos. \u201cPelos dados da ONU [Organiza\u00e7\u00e3o das Na\u00e7\u00f5es Unidas]e da OIT [Organiza\u00e7\u00e3o Internacional do Trabalho], a mulher se acidenta mais, fica mais doente, porque lhe \u00e9 imputada uma s\u00e9rie de jornadas como [se fosse] o lugar natural, mas n\u00e3o tem nada de lugar natural. Isso foi constru\u00eddo pela sociedade e tem que ser destru\u00eddo. Ela tem que trabalhar, mas ela tem que dar conta de tudo, da casa e dos filhos sozinha. N\u00e3o \u00e9 esse o discurso oficial? Mas est\u00e1 errado\u201d, argumenta.<\/p>\n<\/div>\n<div class=\"dnd-widget-wrapper context-cheio_8colunas type-image\">\n<div class=\"dnd-caption-wrapper\">\n<div><\/div>\n<\/div>\n<\/div>\n<p>&nbsp;<\/p>\n","protected":false},"excerpt":{"rendered":"<p>Modelo aplicado em algumas empresas ainda n\u00e3o virou lei \u201cPara mim, foi muito feliz ter esse momento, ter essa chance de ter esse v\u00ednculo t\u00e3o forte criado desde o primeiro dia e durante meses com os meus filhos\u201d, diz Eduardo&hellip;<\/p>\n","protected":false},"author":860,"featured_media":903481,"comment_status":"closed","ping_status":"closed","sticky":false,"template":"","format":"standard","meta":{"footnotes":""},"categories":[104,116],"tags":[62638,62637],"class_list":["post-903490","post","type-post","status-publish","format-standard","has-post-thumbnail","hentry","category-america-do-sul","category-direitos-humanos","tag-discriminacao-contra-a-mulher","tag-licenca-paternidade"],"yoast_head":"<!-- This site is optimized with the Yoast SEO plugin v27.1.1 - https:\/\/yoast.com\/product\/yoast-seo-wordpress\/ -->\n<title>Licen\u00e7a-paternidade estendida favorece v\u00ednculo com filho<\/title>\n<meta name=\"description\" content=\"Modelo aplicado em algumas empresas ainda n\u00e3o virou lei \u201cPara mim, foi muito feliz ter esse momento, ter essa chance de ter esse v\u00ednculo t\u00e3o forte criado\" \/>\n<meta name=\"robots\" content=\"index, follow, max-snippet:-1, max-image-preview:large, max-video-preview:-1\" \/>\n<link rel=\"canonical\" href=\"https:\/\/www.pressenza.com\/pt-pt\/2019\/08\/licenca-paternidade-estendida-favorece-vinculo-com-filho\/\" \/>\n<meta property=\"og:locale\" content=\"pt_PT\" \/>\n<meta property=\"og:type\" content=\"article\" \/>\n<meta property=\"og:title\" content=\"Licen\u00e7a-paternidade estendida favorece v\u00ednculo com filho\" \/>\n<meta property=\"og:description\" content=\"Modelo aplicado em algumas empresas ainda n\u00e3o virou lei \u201cPara mim, foi muito feliz ter esse momento, ter essa chance de ter esse v\u00ednculo t\u00e3o forte criado\" \/>\n<meta property=\"og:url\" content=\"https:\/\/www.pressenza.com\/pt-pt\/2019\/08\/licenca-paternidade-estendida-favorece-vinculo-com-filho\/\" \/>\n<meta property=\"og:site_name\" content=\"Pressenza\" \/>\n<meta property=\"article:publisher\" content=\"https:\/\/www.facebook.com\/PressenzaItalia\" \/>\n<meta property=\"article:published_time\" content=\"2019-08-14T17:42:13+00:00\" \/>\n<meta property=\"og:image\" content=\"https:\/\/www.pressenza.com\/wp-content\/uploads\/2019\/08\/rvrsa_abr_10081920386.jpg\" \/>\n\t<meta property=\"og:image:width\" content=\"1140\" \/>\n\t<meta property=\"og:image:height\" content=\"760\" \/>\n\t<meta property=\"og:image:type\" content=\"image\/jpeg\" \/>\n<meta name=\"author\" content=\"Agencia Brasil\" \/>\n<meta name=\"twitter:card\" content=\"summary_large_image\" \/>\n<meta name=\"twitter:creator\" content=\"@PressenzaIPA\" \/>\n<meta name=\"twitter:site\" content=\"@PressenzaIPA\" \/>\n<meta name=\"twitter:label1\" content=\"Escrito por\" \/>\n\t<meta name=\"twitter:data1\" content=\"Agencia Brasil\" \/>\n\t<meta name=\"twitter:label2\" content=\"Tempo estimado de leitura\" \/>\n\t<meta name=\"twitter:data2\" content=\"6 minutos\" \/>\n<script type=\"application\/ld+json\" class=\"yoast-schema-graph\">{\"@context\":\"https:\/\/schema.org\",\"@graph\":[{\"@type\":\"Article\",\"@id\":\"https:\/\/www.pressenza.com\/pt-pt\/2019\/08\/licenca-paternidade-estendida-favorece-vinculo-com-filho\/#article\",\"isPartOf\":{\"@id\":\"https:\/\/www.pressenza.com\/pt-pt\/2019\/08\/licenca-paternidade-estendida-favorece-vinculo-com-filho\/\"},\"author\":{\"name\":\"Agencia Brasil\",\"@id\":\"https:\/\/www.pressenza.com\/pt-pt\/#\/schema\/person\/e2e4e9b5b3a7554516d809f2394b3dd4\"},\"headline\":\"Licen\u00e7a-paternidade estendida favorece v\u00ednculo com filho\",\"datePublished\":\"2019-08-14T17:42:13+00:00\",\"mainEntityOfPage\":{\"@id\":\"https:\/\/www.pressenza.com\/pt-pt\/2019\/08\/licenca-paternidade-estendida-favorece-vinculo-com-filho\/\"},\"wordCount\":1184,\"publisher\":{\"@id\":\"https:\/\/www.pressenza.com\/pt-pt\/#organization\"},\"image\":{\"@id\":\"https:\/\/www.pressenza.com\/pt-pt\/2019\/08\/licenca-paternidade-estendida-favorece-vinculo-com-filho\/#primaryimage\"},\"thumbnailUrl\":\"https:\/\/www.pressenza.com\/wp-content\/uploads\/2019\/08\/rvrsa_abr_10081920386.jpg\",\"keywords\":[\"discrimina\u00e7\u00e3o contra a mulher\",\"Licen\u00e7a-paternidade\"],\"articleSection\":[\"\u00c1m\u00e9rica do Sul\",\"Direitos Humanos\"],\"inLanguage\":\"pt-PT\"},{\"@type\":\"WebPage\",\"@id\":\"https:\/\/www.pressenza.com\/pt-pt\/2019\/08\/licenca-paternidade-estendida-favorece-vinculo-com-filho\/\",\"url\":\"https:\/\/www.pressenza.com\/pt-pt\/2019\/08\/licenca-paternidade-estendida-favorece-vinculo-com-filho\/\",\"name\":\"Licen\u00e7a-paternidade estendida favorece v\u00ednculo com filho\",\"isPartOf\":{\"@id\":\"https:\/\/www.pressenza.com\/pt-pt\/#website\"},\"primaryImageOfPage\":{\"@id\":\"https:\/\/www.pressenza.com\/pt-pt\/2019\/08\/licenca-paternidade-estendida-favorece-vinculo-com-filho\/#primaryimage\"},\"image\":{\"@id\":\"https:\/\/www.pressenza.com\/pt-pt\/2019\/08\/licenca-paternidade-estendida-favorece-vinculo-com-filho\/#primaryimage\"},\"thumbnailUrl\":\"https:\/\/www.pressenza.com\/wp-content\/uploads\/2019\/08\/rvrsa_abr_10081920386.jpg\",\"datePublished\":\"2019-08-14T17:42:13+00:00\",\"description\":\"Modelo aplicado em algumas empresas ainda n\u00e3o virou lei \u201cPara mim, foi muito feliz ter esse momento, ter essa chance de ter esse v\u00ednculo t\u00e3o forte criado\",\"breadcrumb\":{\"@id\":\"https:\/\/www.pressenza.com\/pt-pt\/2019\/08\/licenca-paternidade-estendida-favorece-vinculo-com-filho\/#breadcrumb\"},\"inLanguage\":\"pt-PT\",\"potentialAction\":[{\"@type\":\"ReadAction\",\"target\":[\"https:\/\/www.pressenza.com\/pt-pt\/2019\/08\/licenca-paternidade-estendida-favorece-vinculo-com-filho\/\"]}]},{\"@type\":\"ImageObject\",\"inLanguage\":\"pt-PT\",\"@id\":\"https:\/\/www.pressenza.com\/pt-pt\/2019\/08\/licenca-paternidade-estendida-favorece-vinculo-com-filho\/#primaryimage\",\"url\":\"https:\/\/www.pressenza.com\/wp-content\/uploads\/2019\/08\/rvrsa_abr_10081920386.jpg\",\"contentUrl\":\"https:\/\/www.pressenza.com\/wp-content\/uploads\/2019\/08\/rvrsa_abr_10081920386.jpg\",\"width\":1140,\"height\":760,\"caption\":\"S\u00e3o Paulo - O casal Eduardo e Maria Lopes, pais de Cec\u00edlia e Martin, se beneficiaram da licen\u00e7a paternidade de quatro meses.\"},{\"@type\":\"BreadcrumbList\",\"@id\":\"https:\/\/www.pressenza.com\/pt-pt\/2019\/08\/licenca-paternidade-estendida-favorece-vinculo-com-filho\/#breadcrumb\",\"itemListElement\":[{\"@type\":\"ListItem\",\"position\":1,\"name\":\"Accueil\",\"item\":\"https:\/\/www.pressenza.com\/pt-pt\/\"},{\"@type\":\"ListItem\",\"position\":2,\"name\":\"Licen\u00e7a-paternidade estendida favorece v\u00ednculo com filho\"}]},{\"@type\":\"WebSite\",\"@id\":\"https:\/\/www.pressenza.com\/pt-pt\/#website\",\"url\":\"https:\/\/www.pressenza.com\/pt-pt\/\",\"name\":\"Pressenza\",\"description\":\"International Press Agency\",\"publisher\":{\"@id\":\"https:\/\/www.pressenza.com\/pt-pt\/#organization\"},\"potentialAction\":[{\"@type\":\"SearchAction\",\"target\":{\"@type\":\"EntryPoint\",\"urlTemplate\":\"https:\/\/www.pressenza.com\/pt-pt\/?s={search_term_string}\"},\"query-input\":{\"@type\":\"PropertyValueSpecification\",\"valueRequired\":true,\"valueName\":\"search_term_string\"}}],\"inLanguage\":\"pt-PT\"},{\"@type\":\"Organization\",\"@id\":\"https:\/\/www.pressenza.com\/pt-pt\/#organization\",\"name\":\"Pressenza\",\"url\":\"https:\/\/www.pressenza.com\/pt-pt\/\",\"logo\":{\"@type\":\"ImageObject\",\"inLanguage\":\"pt-PT\",\"@id\":\"https:\/\/www.pressenza.com\/pt-pt\/#\/schema\/logo\/image\/\",\"url\":\"https:\/\/www.pressenza.com\/wp-content\/uploads\/2022\/10\/pressenza_logo_200x200.jpg\",\"contentUrl\":\"https:\/\/www.pressenza.com\/wp-content\/uploads\/2022\/10\/pressenza_logo_200x200.jpg\",\"width\":200,\"height\":200,\"caption\":\"Pressenza\"},\"image\":{\"@id\":\"https:\/\/www.pressenza.com\/pt-pt\/#\/schema\/logo\/image\/\"},\"sameAs\":[\"https:\/\/www.facebook.com\/PressenzaItalia\",\"https:\/\/x.com\/PressenzaIPA\"]},{\"@type\":\"Person\",\"@id\":\"https:\/\/www.pressenza.com\/pt-pt\/#\/schema\/person\/e2e4e9b5b3a7554516d809f2394b3dd4\",\"name\":\"Agencia Brasil\",\"url\":\"https:\/\/www.pressenza.com\/pt-pt\/author\/agencia-brasil\/\"}]}<\/script>\n<!-- \/ Yoast SEO plugin. -->","yoast_head_json":{"title":"Licen\u00e7a-paternidade estendida favorece v\u00ednculo com filho","description":"Modelo aplicado em algumas empresas ainda n\u00e3o virou lei \u201cPara mim, foi muito feliz ter esse momento, ter essa chance de ter esse v\u00ednculo t\u00e3o forte criado","robots":{"index":"index","follow":"follow","max-snippet":"max-snippet:-1","max-image-preview":"max-image-preview:large","max-video-preview":"max-video-preview:-1"},"canonical":"https:\/\/www.pressenza.com\/pt-pt\/2019\/08\/licenca-paternidade-estendida-favorece-vinculo-com-filho\/","og_locale":"pt_PT","og_type":"article","og_title":"Licen\u00e7a-paternidade estendida favorece v\u00ednculo com filho","og_description":"Modelo aplicado em algumas empresas ainda n\u00e3o virou lei \u201cPara mim, foi muito feliz ter esse momento, ter essa chance de ter esse v\u00ednculo t\u00e3o forte criado","og_url":"https:\/\/www.pressenza.com\/pt-pt\/2019\/08\/licenca-paternidade-estendida-favorece-vinculo-com-filho\/","og_site_name":"Pressenza","article_publisher":"https:\/\/www.facebook.com\/PressenzaItalia","article_published_time":"2019-08-14T17:42:13+00:00","og_image":[{"width":1140,"height":760,"url":"https:\/\/www.pressenza.com\/wp-content\/uploads\/2019\/08\/rvrsa_abr_10081920386.jpg","type":"image\/jpeg"}],"author":"Agencia Brasil","twitter_card":"summary_large_image","twitter_creator":"@PressenzaIPA","twitter_site":"@PressenzaIPA","twitter_misc":{"Escrito por":"Agencia Brasil","Tempo estimado de leitura":"6 minutos"},"schema":{"@context":"https:\/\/schema.org","@graph":[{"@type":"Article","@id":"https:\/\/www.pressenza.com\/pt-pt\/2019\/08\/licenca-paternidade-estendida-favorece-vinculo-com-filho\/#article","isPartOf":{"@id":"https:\/\/www.pressenza.com\/pt-pt\/2019\/08\/licenca-paternidade-estendida-favorece-vinculo-com-filho\/"},"author":{"name":"Agencia Brasil","@id":"https:\/\/www.pressenza.com\/pt-pt\/#\/schema\/person\/e2e4e9b5b3a7554516d809f2394b3dd4"},"headline":"Licen\u00e7a-paternidade estendida favorece v\u00ednculo com filho","datePublished":"2019-08-14T17:42:13+00:00","mainEntityOfPage":{"@id":"https:\/\/www.pressenza.com\/pt-pt\/2019\/08\/licenca-paternidade-estendida-favorece-vinculo-com-filho\/"},"wordCount":1184,"publisher":{"@id":"https:\/\/www.pressenza.com\/pt-pt\/#organization"},"image":{"@id":"https:\/\/www.pressenza.com\/pt-pt\/2019\/08\/licenca-paternidade-estendida-favorece-vinculo-com-filho\/#primaryimage"},"thumbnailUrl":"https:\/\/www.pressenza.com\/wp-content\/uploads\/2019\/08\/rvrsa_abr_10081920386.jpg","keywords":["discrimina\u00e7\u00e3o contra a mulher","Licen\u00e7a-paternidade"],"articleSection":["\u00c1m\u00e9rica do Sul","Direitos Humanos"],"inLanguage":"pt-PT"},{"@type":"WebPage","@id":"https:\/\/www.pressenza.com\/pt-pt\/2019\/08\/licenca-paternidade-estendida-favorece-vinculo-com-filho\/","url":"https:\/\/www.pressenza.com\/pt-pt\/2019\/08\/licenca-paternidade-estendida-favorece-vinculo-com-filho\/","name":"Licen\u00e7a-paternidade estendida favorece v\u00ednculo com filho","isPartOf":{"@id":"https:\/\/www.pressenza.com\/pt-pt\/#website"},"primaryImageOfPage":{"@id":"https:\/\/www.pressenza.com\/pt-pt\/2019\/08\/licenca-paternidade-estendida-favorece-vinculo-com-filho\/#primaryimage"},"image":{"@id":"https:\/\/www.pressenza.com\/pt-pt\/2019\/08\/licenca-paternidade-estendida-favorece-vinculo-com-filho\/#primaryimage"},"thumbnailUrl":"https:\/\/www.pressenza.com\/wp-content\/uploads\/2019\/08\/rvrsa_abr_10081920386.jpg","datePublished":"2019-08-14T17:42:13+00:00","description":"Modelo aplicado em algumas empresas ainda n\u00e3o virou lei \u201cPara mim, foi muito feliz ter esse momento, ter essa chance de ter esse v\u00ednculo t\u00e3o forte criado","breadcrumb":{"@id":"https:\/\/www.pressenza.com\/pt-pt\/2019\/08\/licenca-paternidade-estendida-favorece-vinculo-com-filho\/#breadcrumb"},"inLanguage":"pt-PT","potentialAction":[{"@type":"ReadAction","target":["https:\/\/www.pressenza.com\/pt-pt\/2019\/08\/licenca-paternidade-estendida-favorece-vinculo-com-filho\/"]}]},{"@type":"ImageObject","inLanguage":"pt-PT","@id":"https:\/\/www.pressenza.com\/pt-pt\/2019\/08\/licenca-paternidade-estendida-favorece-vinculo-com-filho\/#primaryimage","url":"https:\/\/www.pressenza.com\/wp-content\/uploads\/2019\/08\/rvrsa_abr_10081920386.jpg","contentUrl":"https:\/\/www.pressenza.com\/wp-content\/uploads\/2019\/08\/rvrsa_abr_10081920386.jpg","width":1140,"height":760,"caption":"S\u00e3o Paulo - O casal Eduardo e Maria Lopes, pais de Cec\u00edlia e Martin, se beneficiaram da licen\u00e7a paternidade de quatro meses."},{"@type":"BreadcrumbList","@id":"https:\/\/www.pressenza.com\/pt-pt\/2019\/08\/licenca-paternidade-estendida-favorece-vinculo-com-filho\/#breadcrumb","itemListElement":[{"@type":"ListItem","position":1,"name":"Accueil","item":"https:\/\/www.pressenza.com\/pt-pt\/"},{"@type":"ListItem","position":2,"name":"Licen\u00e7a-paternidade estendida favorece v\u00ednculo com filho"}]},{"@type":"WebSite","@id":"https:\/\/www.pressenza.com\/pt-pt\/#website","url":"https:\/\/www.pressenza.com\/pt-pt\/","name":"Pressenza","description":"International Press Agency","publisher":{"@id":"https:\/\/www.pressenza.com\/pt-pt\/#organization"},"potentialAction":[{"@type":"SearchAction","target":{"@type":"EntryPoint","urlTemplate":"https:\/\/www.pressenza.com\/pt-pt\/?s={search_term_string}"},"query-input":{"@type":"PropertyValueSpecification","valueRequired":true,"valueName":"search_term_string"}}],"inLanguage":"pt-PT"},{"@type":"Organization","@id":"https:\/\/www.pressenza.com\/pt-pt\/#organization","name":"Pressenza","url":"https:\/\/www.pressenza.com\/pt-pt\/","logo":{"@type":"ImageObject","inLanguage":"pt-PT","@id":"https:\/\/www.pressenza.com\/pt-pt\/#\/schema\/logo\/image\/","url":"https:\/\/www.pressenza.com\/wp-content\/uploads\/2022\/10\/pressenza_logo_200x200.jpg","contentUrl":"https:\/\/www.pressenza.com\/wp-content\/uploads\/2022\/10\/pressenza_logo_200x200.jpg","width":200,"height":200,"caption":"Pressenza"},"image":{"@id":"https:\/\/www.pressenza.com\/pt-pt\/#\/schema\/logo\/image\/"},"sameAs":["https:\/\/www.facebook.com\/PressenzaItalia","https:\/\/x.com\/PressenzaIPA"]},{"@type":"Person","@id":"https:\/\/www.pressenza.com\/pt-pt\/#\/schema\/person\/e2e4e9b5b3a7554516d809f2394b3dd4","name":"Agencia Brasil","url":"https:\/\/www.pressenza.com\/pt-pt\/author\/agencia-brasil\/"}]}},"place":"","original_article_url":"http:\/\/agenciabrasil.ebc.com.br\/direitos-humanos\/noticia\/2019-08\/licenca-paternidade-estendida-favorece-vinculo-com-filho","_links":{"self":[{"href":"https:\/\/www.pressenza.com\/pt-pt\/wp-json\/wp\/v2\/posts\/903490","targetHints":{"allow":["GET"]}}],"collection":[{"href":"https:\/\/www.pressenza.com\/pt-pt\/wp-json\/wp\/v2\/posts"}],"about":[{"href":"https:\/\/www.pressenza.com\/pt-pt\/wp-json\/wp\/v2\/types\/post"}],"author":[{"embeddable":true,"href":"https:\/\/www.pressenza.com\/pt-pt\/wp-json\/wp\/v2\/users\/860"}],"replies":[{"embeddable":true,"href":"https:\/\/www.pressenza.com\/pt-pt\/wp-json\/wp\/v2\/comments?post=903490"}],"version-history":[{"count":0,"href":"https:\/\/www.pressenza.com\/pt-pt\/wp-json\/wp\/v2\/posts\/903490\/revisions"}],"wp:featuredmedia":[{"embeddable":true,"href":"https:\/\/www.pressenza.com\/pt-pt\/wp-json\/wp\/v2\/media\/903481"}],"wp:attachment":[{"href":"https:\/\/www.pressenza.com\/pt-pt\/wp-json\/wp\/v2\/media?parent=903490"}],"wp:term":[{"taxonomy":"category","embeddable":true,"href":"https:\/\/www.pressenza.com\/pt-pt\/wp-json\/wp\/v2\/categories?post=903490"},{"taxonomy":"post_tag","embeddable":true,"href":"https:\/\/www.pressenza.com\/pt-pt\/wp-json\/wp\/v2\/tags?post=903490"}],"curies":[{"name":"wp","href":"https:\/\/api.w.org\/{rel}","templated":true}]}}