{"id":901973,"date":"2019-08-12T09:23:40","date_gmt":"2019-08-12T08:23:40","guid":{"rendered":"https:\/\/www.pressenza.com\/?p=901973"},"modified":"2019-08-12T09:23:40","modified_gmt":"2019-08-12T08:23:40","slug":"argentina-kirchnerismo-ganha-primarias-com-cerca-de-15-pontos-de-vantagem-sobre-macri","status":"publish","type":"post","link":"https:\/\/www.pressenza.com\/pt-pt\/2019\/08\/argentina-kirchnerismo-ganha-primarias-com-cerca-de-15-pontos-de-vantagem-sobre-macri\/","title":{"rendered":"Argentina: kirchnerismo ganha prim\u00e1rias com cerca de 15 pontos de vantagem sobre Macri"},"content":{"rendered":"<h4 class=\"subtitle col-xs-12\">Alberto Fern\u00e1ndez, que tem ex-presidente Cristina Kirchner como vice, sai das prim\u00e1rias como favorito para elei\u00e7\u00e3o em outubro; se resultado se repetir, pleito termina no primeiro turno<\/h4>\n<p>As elei\u00e7\u00f5es prim\u00e1rias da Argentina \u2013 conhecidas como Prim\u00e1rias Abertas, Simult\u00e2neas e Obrigat\u00f3rias (Paso) \u2013 realizadas neste domingo (11\/08) apontam favoritismo da chapa Alberto Fern\u00e1ndez-Cristina Kirchner para as elei\u00e7\u00f5es gerais de outubro, ap\u00f3s o atual presidente, Mauricio Macri, ser derrotado com uma diferen\u00e7a de cerca de 15 pontos.<\/p>\n<p>Com 86,75% apurados, a chapa kirchnerista aparece com 47,35%, contra 32,33% da de Macri, que tem como candidato a vice-presidente o senador Miguel \u00c1ngel Pichetto. Em terceiro, aparece a chapa do ex-ministro Roberto Lavagna, que tem como vice o governador de Salta Juan Manuel Urtubey, com 8,37%.<\/p>\n<p>&#8220;Tivemos uma elei\u00e7\u00e3o ruim &#8220;, admitiu Macri, em discurso por volta das 22h10, antes mesmo de os resultados serem divulgados. A previs\u00e3o era que os primeiros n\u00fameros come\u00e7assem a sair \u00e0s 21h, mas nada havia sido divulgado at\u00e9 ent\u00e3o. A imprensa local falou em &#8220;problemas t\u00e9cnicos&#8221; na contagem. A contagem na Argentina \u00e9 feita pela empresa Smartmatic.<\/p>\n<p>Em uma mensagem gravada, Cristina agradeceu os votos e pediu que n\u00e3o se &#8220;repetisse o que aconteceu em 2017&#8221;, quando ela se candidatou ao Senado por Buenos Aires e Macri comemorou a derrota da ex-presidente &#8211; que acabou eleita. &#8220;Quero pedir que n\u00e3o volte a ocorrer o que ocorreu em 2017. Os n\u00fameros que temos s\u00e3o muito amplos. (&#8230;) Quero que esta noite se conhe\u00e7a o n\u00famero verdadeiro, n\u00e3o por n\u00f3s, mas pelos argentinos, que foram votar&#8221;, disse.<\/p>\n<p>Na Argentina, para se vencer no primeiro turno, n\u00e3o \u00e9 necess\u00e1rio ter 50% + 1 dos votos: se o primeiro colocado superar 45% dos votos ou ter mais de 40% e uma diferen\u00e7a de 10 pontos em rela\u00e7\u00e3o ao segundo, a elei\u00e7\u00e3o termina.<\/p>\n<p>O processo de prim\u00e1rias, em teoria, deveria servir para definir os candidatos habilitados a participar das elei\u00e7\u00f5es presidenciais que ocorrem em 27 de outubro. No entanto, nenhum dos partidos indicou mais de uma chapa e, por isso, o pleito funcionou somente como uma esp\u00e9cie de pesquisa de inten\u00e7\u00e3o de voto, j\u00e1 que os cidad\u00e3os argentinos s\u00e3o obrigados a participar.<\/p>\n<p>No entanto, ainda vale a regra: a chapa que n\u00e3o atingir 1,5% dos votos n\u00e3o ser\u00e1 listada em outubro.<\/p>\n<p><img loading=\"lazy\" decoding=\"async\" class=\"aligncenter size-medium wp-image-901986\" src=\"https:\/\/www.pressenza.com\/wp-content\/uploads\/2019\/08\/NGU4ZTMzY2Y0MjliMDYwMWU3ZThlNTMyMWUyMTcwZGZfZTQ3OTgwMmU2YTcxYjdmOTNlMmJiYTVmMWMwMjc0NjUucG5n-300x178.png\" alt=\"\" width=\"300\" height=\"178\" srcset=\"https:\/\/www.pressenza.com\/wp-content\/uploads\/2019\/08\/NGU4ZTMzY2Y0MjliMDYwMWU3ZThlNTMyMWUyMTcwZGZfZTQ3OTgwMmU2YTcxYjdmOTNlMmJiYTVmMWMwMjc0NjUucG5n-300x178.png 300w, https:\/\/www.pressenza.com\/wp-content\/uploads\/2019\/08\/NGU4ZTMzY2Y0MjliMDYwMWU3ZThlNTMyMWUyMTcwZGZfZTQ3OTgwMmU2YTcxYjdmOTNlMmJiYTVmMWMwMjc0NjUucG5n-768x457.png 768w, https:\/\/www.pressenza.com\/wp-content\/uploads\/2019\/08\/NGU4ZTMzY2Y0MjliMDYwMWU3ZThlNTMyMWUyMTcwZGZfZTQ3OTgwMmU2YTcxYjdmOTNlMmJiYTVmMWMwMjc0NjUucG5n-720x428.png 720w, https:\/\/www.pressenza.com\/wp-content\/uploads\/2019\/08\/NGU4ZTMzY2Y0MjliMDYwMWU3ZThlNTMyMWUyMTcwZGZfZTQ3OTgwMmU2YTcxYjdmOTNlMmJiYTVmMWMwMjc0NjUucG5n.png 980w\" sizes=\"auto, (max-width: 300px) 100vw, 300px\" \/><\/p>\n<p>Reprodu\u00e7\u00e3o\/Facebook<br \/>\n<em>Alberto Fern\u00e1ndez, que comp\u00f5e chapa com Cristina Kirchner, se tornou favorito para elei\u00e7\u00e3o em outubro<\/em><\/p>\n<p>Em outro resultado ruim para Macri, a governadora da prov\u00edncia de Buenos Aires, Mar\u00eda Eugenia Vidal, aliada do presidente, ficou em segundo lugar nas prim\u00e1rias, com 17 pontos de desvantagem para o ex-ministro Axel Kicillof, que comandou a pasta da Economia no governo Cristina.<\/p>\n<p>Nem todos os resultados foram ruins para Macri, no entanto: o prefeito Hor\u00e1cio Rodr\u00edguez Larreta, que era chefe de Gabinete na \u00e9poca em que o atual presidente comandava a cidade, abriu 14 pontos de vantagem sobre o candidato do kirchnerismo, Mat\u00edas Lammens.<\/p>\n<p><strong>Economia<\/strong><\/p>\n<p>As discuss\u00f5es em torno da economia argentina dominaram a corrida eleitoral at\u00e9 aqui. Isso porque o pa\u00eds passa por sua maior crise desde que declarou morat\u00f3ria, \u00e0s v\u00e9speras do natal de 2001.<\/p>\n<p>O pr\u00f3ximo mandat\u00e1rio ter\u00e1 que lidar com a crescente desvaloriza\u00e7\u00e3o da moeda nacional frente ao d\u00f3lar e com uma infla\u00e7\u00e3o que fechou 2018 em 47,6%, o maior \u00edndice dos \u00faltimos 27 anos.<\/p>\n<p>O endividamento p\u00fablico do pa\u00eds tamb\u00e9m \u00e9 um problema, tendo a Argentina inclusive recorrido a um empr\u00e9stimo de US$ 57,1 bilh\u00f5es junto ao Fundo Monet\u00e1rio Internacional. Especialistas j\u00e1 afirmam que o pa\u00eds pode ter que declarar morat\u00f3ria novamente.<\/p>\n<p>Outro tema presente nos debates \u00e9 o da legaliza\u00e7\u00e3o do aborto, pauta que paralisou o pa\u00eds em 2018, quando um projeto de legaliza\u00e7\u00e3o passou pela C\u00e2mara e foi rejeitado pelo Senado. A aprova\u00e7\u00e3o da lei foi amplamente defendida por Cristina.<\/p>\n<div class=\"col-xs-12 col-sm-6 pull-right\">\n<div data-type=\"retangule\">\n<div data-name=\"content\">\n<div class=\"adsense adsense-medium-rectangle\">\n<div class=\"adsense adsense-medium-rectangle news\">\n<div class=\"wrapper\">\n<div id=\"banner-300x250-2-area\" data-google-query-id=\"COHAobzt_OMCFZFA4AodJoYBig\">\n<div id=\"google_ads_iframe_\/8804\/parceiros\/opera_mundi_8__container__\"><\/div>\n<\/div>\n<\/div>\n<\/div>\n<\/div>\n<\/div>\n<\/div>\n<\/div>\n<p>&nbsp;<\/p>\n<p>&nbsp;<\/p>\n","protected":false},"excerpt":{"rendered":"<p>Alberto Fern\u00e1ndez, que tem ex-presidente Cristina Kirchner como vice, sai das prim\u00e1rias como favorito para elei\u00e7\u00e3o em outubro; se resultado se repetir, pleito termina no primeiro turno As elei\u00e7\u00f5es prim\u00e1rias da Argentina \u2013 conhecidas como Prim\u00e1rias Abertas, Simult\u00e2neas e Obrigat\u00f3rias&hellip;<\/p>\n","protected":false},"author":1358,"featured_media":901974,"comment_status":"closed","ping_status":"closed","sticky":false,"template":"","format":"standard","meta":{"footnotes":""},"categories":[104,118,111],"tags":[62527,4904,62528,6304],"class_list":["post-901973","post","type-post","status-publish","format-standard","has-post-thumbnail","hentry","category-america-do-sul","category-economia-pt-pt","category-politica-pt-pt","tag-alberto-fernandez-cristina-kirchner","tag-argentina-pt-pt","tag-mauricio-macri-pt-pt","tag-paso-pt-pt"],"yoast_head":"<!-- This site is optimized with the Yoast SEO plugin v27.1.1 - https:\/\/yoast.com\/product\/yoast-seo-wordpress\/ -->\n<title>Argentina: kirchnerismo ganha prim\u00e1rias com cerca de 15 pontos de vantagem sobre Macri<\/title>\n<meta name=\"description\" content=\"Alberto Fern\u00e1ndez, que tem ex-presidente Cristina Kirchner como vice, sai das prim\u00e1rias como favorito para elei\u00e7\u00e3o em outubro; se resultado se repetir,\" \/>\n<meta name=\"robots\" content=\"index, follow, max-snippet:-1, max-image-preview:large, max-video-preview:-1\" \/>\n<link rel=\"canonical\" href=\"https:\/\/www.pressenza.com\/pt-pt\/2019\/08\/argentina-kirchnerismo-ganha-primarias-com-cerca-de-15-pontos-de-vantagem-sobre-macri\/\" \/>\n<meta property=\"og:locale\" content=\"pt_PT\" \/>\n<meta property=\"og:type\" content=\"article\" \/>\n<meta property=\"og:title\" content=\"Argentina: kirchnerismo ganha prim\u00e1rias com cerca de 15 pontos de vantagem sobre Macri\" \/>\n<meta property=\"og:description\" content=\"Alberto Fern\u00e1ndez, que tem ex-presidente Cristina Kirchner como vice, sai das prim\u00e1rias como favorito para elei\u00e7\u00e3o em outubro; se resultado se repetir,\" \/>\n<meta property=\"og:url\" content=\"https:\/\/www.pressenza.com\/pt-pt\/2019\/08\/argentina-kirchnerismo-ganha-primarias-com-cerca-de-15-pontos-de-vantagem-sobre-macri\/\" \/>\n<meta property=\"og:site_name\" content=\"Pressenza\" \/>\n<meta property=\"article:publisher\" content=\"https:\/\/www.facebook.com\/PressenzaItalia\" \/>\n<meta property=\"article:published_time\" content=\"2019-08-12T08:23:40+00:00\" \/>\n<meta property=\"og:image\" content=\"https:\/\/www.pressenza.com\/wp-content\/uploads\/2019\/08\/15ee945c-6e31-42cf-82ec-6f287a0db544.png\" \/>\n\t<meta property=\"og:image:width\" content=\"990\" \/>\n\t<meta property=\"og:image:height\" content=\"660\" \/>\n\t<meta property=\"og:image:type\" content=\"image\/png\" \/>\n<meta name=\"author\" content=\"Opera Mundi\" \/>\n<meta name=\"twitter:card\" content=\"summary_large_image\" \/>\n<meta name=\"twitter:creator\" content=\"@PressenzaIPA\" \/>\n<meta name=\"twitter:site\" content=\"@PressenzaIPA\" \/>\n<meta name=\"twitter:label1\" content=\"Escrito por\" \/>\n\t<meta name=\"twitter:data1\" content=\"Opera Mundi\" \/>\n\t<meta name=\"twitter:label2\" content=\"Tempo estimado de leitura\" \/>\n\t<meta name=\"twitter:data2\" content=\"3 minutos\" \/>\n<script type=\"application\/ld+json\" class=\"yoast-schema-graph\">{\"@context\":\"https:\/\/schema.org\",\"@graph\":[{\"@type\":\"Article\",\"@id\":\"https:\/\/www.pressenza.com\/pt-pt\/2019\/08\/argentina-kirchnerismo-ganha-primarias-com-cerca-de-15-pontos-de-vantagem-sobre-macri\/#article\",\"isPartOf\":{\"@id\":\"https:\/\/www.pressenza.com\/pt-pt\/2019\/08\/argentina-kirchnerismo-ganha-primarias-com-cerca-de-15-pontos-de-vantagem-sobre-macri\/\"},\"author\":{\"name\":\"Opera Mundi\",\"@id\":\"https:\/\/www.pressenza.com\/pt-pt\/#\/schema\/person\/3dfce4c6530b1c81359c3c00aec4a8fc\"},\"headline\":\"Argentina: kirchnerismo ganha prim\u00e1rias com cerca de 15 pontos de vantagem sobre Macri\",\"datePublished\":\"2019-08-12T08:23:40+00:00\",\"mainEntityOfPage\":{\"@id\":\"https:\/\/www.pressenza.com\/pt-pt\/2019\/08\/argentina-kirchnerismo-ganha-primarias-com-cerca-de-15-pontos-de-vantagem-sobre-macri\/\"},\"wordCount\":678,\"publisher\":{\"@id\":\"https:\/\/www.pressenza.com\/pt-pt\/#organization\"},\"image\":{\"@id\":\"https:\/\/www.pressenza.com\/pt-pt\/2019\/08\/argentina-kirchnerismo-ganha-primarias-com-cerca-de-15-pontos-de-vantagem-sobre-macri\/#primaryimage\"},\"thumbnailUrl\":\"https:\/\/www.pressenza.com\/wp-content\/uploads\/2019\/08\/15ee945c-6e31-42cf-82ec-6f287a0db544.png\",\"keywords\":[\"Alberto Fern\u00e1ndez-Cristina Kirchner\",\"Argentina\",\"Mauricio Macri\",\"paso\"],\"articleSection\":[\"\u00c1m\u00e9rica do Sul\",\"Economia\",\"Pol\u00edtica\"],\"inLanguage\":\"pt-PT\"},{\"@type\":\"WebPage\",\"@id\":\"https:\/\/www.pressenza.com\/pt-pt\/2019\/08\/argentina-kirchnerismo-ganha-primarias-com-cerca-de-15-pontos-de-vantagem-sobre-macri\/\",\"url\":\"https:\/\/www.pressenza.com\/pt-pt\/2019\/08\/argentina-kirchnerismo-ganha-primarias-com-cerca-de-15-pontos-de-vantagem-sobre-macri\/\",\"name\":\"Argentina: kirchnerismo ganha prim\u00e1rias com cerca de 15 pontos de vantagem sobre Macri\",\"isPartOf\":{\"@id\":\"https:\/\/www.pressenza.com\/pt-pt\/#website\"},\"primaryImageOfPage\":{\"@id\":\"https:\/\/www.pressenza.com\/pt-pt\/2019\/08\/argentina-kirchnerismo-ganha-primarias-com-cerca-de-15-pontos-de-vantagem-sobre-macri\/#primaryimage\"},\"image\":{\"@id\":\"https:\/\/www.pressenza.com\/pt-pt\/2019\/08\/argentina-kirchnerismo-ganha-primarias-com-cerca-de-15-pontos-de-vantagem-sobre-macri\/#primaryimage\"},\"thumbnailUrl\":\"https:\/\/www.pressenza.com\/wp-content\/uploads\/2019\/08\/15ee945c-6e31-42cf-82ec-6f287a0db544.png\",\"datePublished\":\"2019-08-12T08:23:40+00:00\",\"description\":\"Alberto Fern\u00e1ndez, que tem ex-presidente Cristina Kirchner como vice, sai das prim\u00e1rias como favorito para elei\u00e7\u00e3o em outubro; se resultado se repetir,\",\"breadcrumb\":{\"@id\":\"https:\/\/www.pressenza.com\/pt-pt\/2019\/08\/argentina-kirchnerismo-ganha-primarias-com-cerca-de-15-pontos-de-vantagem-sobre-macri\/#breadcrumb\"},\"inLanguage\":\"pt-PT\",\"potentialAction\":[{\"@type\":\"ReadAction\",\"target\":[\"https:\/\/www.pressenza.com\/pt-pt\/2019\/08\/argentina-kirchnerismo-ganha-primarias-com-cerca-de-15-pontos-de-vantagem-sobre-macri\/\"]}]},{\"@type\":\"ImageObject\",\"inLanguage\":\"pt-PT\",\"@id\":\"https:\/\/www.pressenza.com\/pt-pt\/2019\/08\/argentina-kirchnerismo-ganha-primarias-com-cerca-de-15-pontos-de-vantagem-sobre-macri\/#primaryimage\",\"url\":\"https:\/\/www.pressenza.com\/wp-content\/uploads\/2019\/08\/15ee945c-6e31-42cf-82ec-6f287a0db544.png\",\"contentUrl\":\"https:\/\/www.pressenza.com\/wp-content\/uploads\/2019\/08\/15ee945c-6e31-42cf-82ec-6f287a0db544.png\",\"width\":990,\"height\":660},{\"@type\":\"BreadcrumbList\",\"@id\":\"https:\/\/www.pressenza.com\/pt-pt\/2019\/08\/argentina-kirchnerismo-ganha-primarias-com-cerca-de-15-pontos-de-vantagem-sobre-macri\/#breadcrumb\",\"itemListElement\":[{\"@type\":\"ListItem\",\"position\":1,\"name\":\"Accueil\",\"item\":\"https:\/\/www.pressenza.com\/pt-pt\/\"},{\"@type\":\"ListItem\",\"position\":2,\"name\":\"Argentina: kirchnerismo ganha prim\u00e1rias com cerca de 15 pontos de vantagem sobre Macri\"}]},{\"@type\":\"WebSite\",\"@id\":\"https:\/\/www.pressenza.com\/pt-pt\/#website\",\"url\":\"https:\/\/www.pressenza.com\/pt-pt\/\",\"name\":\"Pressenza\",\"description\":\"International Press Agency\",\"publisher\":{\"@id\":\"https:\/\/www.pressenza.com\/pt-pt\/#organization\"},\"potentialAction\":[{\"@type\":\"SearchAction\",\"target\":{\"@type\":\"EntryPoint\",\"urlTemplate\":\"https:\/\/www.pressenza.com\/pt-pt\/?s={search_term_string}\"},\"query-input\":{\"@type\":\"PropertyValueSpecification\",\"valueRequired\":true,\"valueName\":\"search_term_string\"}}],\"inLanguage\":\"pt-PT\"},{\"@type\":\"Organization\",\"@id\":\"https:\/\/www.pressenza.com\/pt-pt\/#organization\",\"name\":\"Pressenza\",\"url\":\"https:\/\/www.pressenza.com\/pt-pt\/\",\"logo\":{\"@type\":\"ImageObject\",\"inLanguage\":\"pt-PT\",\"@id\":\"https:\/\/www.pressenza.com\/pt-pt\/#\/schema\/logo\/image\/\",\"url\":\"https:\/\/www.pressenza.com\/wp-content\/uploads\/2022\/10\/pressenza_logo_200x200.jpg\",\"contentUrl\":\"https:\/\/www.pressenza.com\/wp-content\/uploads\/2022\/10\/pressenza_logo_200x200.jpg\",\"width\":200,\"height\":200,\"caption\":\"Pressenza\"},\"image\":{\"@id\":\"https:\/\/www.pressenza.com\/pt-pt\/#\/schema\/logo\/image\/\"},\"sameAs\":[\"https:\/\/www.facebook.com\/PressenzaItalia\",\"https:\/\/x.com\/PressenzaIPA\"]},{\"@type\":\"Person\",\"@id\":\"https:\/\/www.pressenza.com\/pt-pt\/#\/schema\/person\/3dfce4c6530b1c81359c3c00aec4a8fc\",\"name\":\"Opera Mundi\",\"sameAs\":[\"http:\/\/operamundi.uol.com.br\"],\"url\":\"https:\/\/www.pressenza.com\/pt-pt\/author\/opera-mundi\/\"}]}<\/script>\n<!-- \/ Yoast SEO plugin. -->","yoast_head_json":{"title":"Argentina: kirchnerismo ganha prim\u00e1rias com cerca de 15 pontos de vantagem sobre Macri","description":"Alberto Fern\u00e1ndez, que tem ex-presidente Cristina Kirchner como vice, sai das prim\u00e1rias como favorito para elei\u00e7\u00e3o em outubro; se resultado se repetir,","robots":{"index":"index","follow":"follow","max-snippet":"max-snippet:-1","max-image-preview":"max-image-preview:large","max-video-preview":"max-video-preview:-1"},"canonical":"https:\/\/www.pressenza.com\/pt-pt\/2019\/08\/argentina-kirchnerismo-ganha-primarias-com-cerca-de-15-pontos-de-vantagem-sobre-macri\/","og_locale":"pt_PT","og_type":"article","og_title":"Argentina: kirchnerismo ganha prim\u00e1rias com cerca de 15 pontos de vantagem sobre Macri","og_description":"Alberto Fern\u00e1ndez, que tem ex-presidente Cristina Kirchner como vice, sai das prim\u00e1rias como favorito para elei\u00e7\u00e3o em outubro; se resultado se repetir,","og_url":"https:\/\/www.pressenza.com\/pt-pt\/2019\/08\/argentina-kirchnerismo-ganha-primarias-com-cerca-de-15-pontos-de-vantagem-sobre-macri\/","og_site_name":"Pressenza","article_publisher":"https:\/\/www.facebook.com\/PressenzaItalia","article_published_time":"2019-08-12T08:23:40+00:00","og_image":[{"width":990,"height":660,"url":"https:\/\/www.pressenza.com\/wp-content\/uploads\/2019\/08\/15ee945c-6e31-42cf-82ec-6f287a0db544.png","type":"image\/png"}],"author":"Opera Mundi","twitter_card":"summary_large_image","twitter_creator":"@PressenzaIPA","twitter_site":"@PressenzaIPA","twitter_misc":{"Escrito por":"Opera Mundi","Tempo estimado de leitura":"3 minutos"},"schema":{"@context":"https:\/\/schema.org","@graph":[{"@type":"Article","@id":"https:\/\/www.pressenza.com\/pt-pt\/2019\/08\/argentina-kirchnerismo-ganha-primarias-com-cerca-de-15-pontos-de-vantagem-sobre-macri\/#article","isPartOf":{"@id":"https:\/\/www.pressenza.com\/pt-pt\/2019\/08\/argentina-kirchnerismo-ganha-primarias-com-cerca-de-15-pontos-de-vantagem-sobre-macri\/"},"author":{"name":"Opera Mundi","@id":"https:\/\/www.pressenza.com\/pt-pt\/#\/schema\/person\/3dfce4c6530b1c81359c3c00aec4a8fc"},"headline":"Argentina: kirchnerismo ganha prim\u00e1rias com cerca de 15 pontos de vantagem sobre Macri","datePublished":"2019-08-12T08:23:40+00:00","mainEntityOfPage":{"@id":"https:\/\/www.pressenza.com\/pt-pt\/2019\/08\/argentina-kirchnerismo-ganha-primarias-com-cerca-de-15-pontos-de-vantagem-sobre-macri\/"},"wordCount":678,"publisher":{"@id":"https:\/\/www.pressenza.com\/pt-pt\/#organization"},"image":{"@id":"https:\/\/www.pressenza.com\/pt-pt\/2019\/08\/argentina-kirchnerismo-ganha-primarias-com-cerca-de-15-pontos-de-vantagem-sobre-macri\/#primaryimage"},"thumbnailUrl":"https:\/\/www.pressenza.com\/wp-content\/uploads\/2019\/08\/15ee945c-6e31-42cf-82ec-6f287a0db544.png","keywords":["Alberto Fern\u00e1ndez-Cristina Kirchner","Argentina","Mauricio Macri","paso"],"articleSection":["\u00c1m\u00e9rica do Sul","Economia","Pol\u00edtica"],"inLanguage":"pt-PT"},{"@type":"WebPage","@id":"https:\/\/www.pressenza.com\/pt-pt\/2019\/08\/argentina-kirchnerismo-ganha-primarias-com-cerca-de-15-pontos-de-vantagem-sobre-macri\/","url":"https:\/\/www.pressenza.com\/pt-pt\/2019\/08\/argentina-kirchnerismo-ganha-primarias-com-cerca-de-15-pontos-de-vantagem-sobre-macri\/","name":"Argentina: kirchnerismo ganha prim\u00e1rias com cerca de 15 pontos de vantagem sobre Macri","isPartOf":{"@id":"https:\/\/www.pressenza.com\/pt-pt\/#website"},"primaryImageOfPage":{"@id":"https:\/\/www.pressenza.com\/pt-pt\/2019\/08\/argentina-kirchnerismo-ganha-primarias-com-cerca-de-15-pontos-de-vantagem-sobre-macri\/#primaryimage"},"image":{"@id":"https:\/\/www.pressenza.com\/pt-pt\/2019\/08\/argentina-kirchnerismo-ganha-primarias-com-cerca-de-15-pontos-de-vantagem-sobre-macri\/#primaryimage"},"thumbnailUrl":"https:\/\/www.pressenza.com\/wp-content\/uploads\/2019\/08\/15ee945c-6e31-42cf-82ec-6f287a0db544.png","datePublished":"2019-08-12T08:23:40+00:00","description":"Alberto Fern\u00e1ndez, que tem ex-presidente Cristina Kirchner como vice, sai das prim\u00e1rias como favorito para elei\u00e7\u00e3o em outubro; se resultado se repetir,","breadcrumb":{"@id":"https:\/\/www.pressenza.com\/pt-pt\/2019\/08\/argentina-kirchnerismo-ganha-primarias-com-cerca-de-15-pontos-de-vantagem-sobre-macri\/#breadcrumb"},"inLanguage":"pt-PT","potentialAction":[{"@type":"ReadAction","target":["https:\/\/www.pressenza.com\/pt-pt\/2019\/08\/argentina-kirchnerismo-ganha-primarias-com-cerca-de-15-pontos-de-vantagem-sobre-macri\/"]}]},{"@type":"ImageObject","inLanguage":"pt-PT","@id":"https:\/\/www.pressenza.com\/pt-pt\/2019\/08\/argentina-kirchnerismo-ganha-primarias-com-cerca-de-15-pontos-de-vantagem-sobre-macri\/#primaryimage","url":"https:\/\/www.pressenza.com\/wp-content\/uploads\/2019\/08\/15ee945c-6e31-42cf-82ec-6f287a0db544.png","contentUrl":"https:\/\/www.pressenza.com\/wp-content\/uploads\/2019\/08\/15ee945c-6e31-42cf-82ec-6f287a0db544.png","width":990,"height":660},{"@type":"BreadcrumbList","@id":"https:\/\/www.pressenza.com\/pt-pt\/2019\/08\/argentina-kirchnerismo-ganha-primarias-com-cerca-de-15-pontos-de-vantagem-sobre-macri\/#breadcrumb","itemListElement":[{"@type":"ListItem","position":1,"name":"Accueil","item":"https:\/\/www.pressenza.com\/pt-pt\/"},{"@type":"ListItem","position":2,"name":"Argentina: kirchnerismo ganha prim\u00e1rias com cerca de 15 pontos de vantagem sobre Macri"}]},{"@type":"WebSite","@id":"https:\/\/www.pressenza.com\/pt-pt\/#website","url":"https:\/\/www.pressenza.com\/pt-pt\/","name":"Pressenza","description":"International Press Agency","publisher":{"@id":"https:\/\/www.pressenza.com\/pt-pt\/#organization"},"potentialAction":[{"@type":"SearchAction","target":{"@type":"EntryPoint","urlTemplate":"https:\/\/www.pressenza.com\/pt-pt\/?s={search_term_string}"},"query-input":{"@type":"PropertyValueSpecification","valueRequired":true,"valueName":"search_term_string"}}],"inLanguage":"pt-PT"},{"@type":"Organization","@id":"https:\/\/www.pressenza.com\/pt-pt\/#organization","name":"Pressenza","url":"https:\/\/www.pressenza.com\/pt-pt\/","logo":{"@type":"ImageObject","inLanguage":"pt-PT","@id":"https:\/\/www.pressenza.com\/pt-pt\/#\/schema\/logo\/image\/","url":"https:\/\/www.pressenza.com\/wp-content\/uploads\/2022\/10\/pressenza_logo_200x200.jpg","contentUrl":"https:\/\/www.pressenza.com\/wp-content\/uploads\/2022\/10\/pressenza_logo_200x200.jpg","width":200,"height":200,"caption":"Pressenza"},"image":{"@id":"https:\/\/www.pressenza.com\/pt-pt\/#\/schema\/logo\/image\/"},"sameAs":["https:\/\/www.facebook.com\/PressenzaItalia","https:\/\/x.com\/PressenzaIPA"]},{"@type":"Person","@id":"https:\/\/www.pressenza.com\/pt-pt\/#\/schema\/person\/3dfce4c6530b1c81359c3c00aec4a8fc","name":"Opera Mundi","sameAs":["http:\/\/operamundi.uol.com.br"],"url":"https:\/\/www.pressenza.com\/pt-pt\/author\/opera-mundi\/"}]}},"place":"","original_article_url":"https:\/\/operamundi.uol.com.br\/politica-e-economia\/59897\/argentina-kirchnerismo-ganha-primarias-com-cerca-de-15-pontos-de-vantagem-sobre-macri","_links":{"self":[{"href":"https:\/\/www.pressenza.com\/pt-pt\/wp-json\/wp\/v2\/posts\/901973","targetHints":{"allow":["GET"]}}],"collection":[{"href":"https:\/\/www.pressenza.com\/pt-pt\/wp-json\/wp\/v2\/posts"}],"about":[{"href":"https:\/\/www.pressenza.com\/pt-pt\/wp-json\/wp\/v2\/types\/post"}],"author":[{"embeddable":true,"href":"https:\/\/www.pressenza.com\/pt-pt\/wp-json\/wp\/v2\/users\/1358"}],"replies":[{"embeddable":true,"href":"https:\/\/www.pressenza.com\/pt-pt\/wp-json\/wp\/v2\/comments?post=901973"}],"version-history":[{"count":0,"href":"https:\/\/www.pressenza.com\/pt-pt\/wp-json\/wp\/v2\/posts\/901973\/revisions"}],"wp:featuredmedia":[{"embeddable":true,"href":"https:\/\/www.pressenza.com\/pt-pt\/wp-json\/wp\/v2\/media\/901974"}],"wp:attachment":[{"href":"https:\/\/www.pressenza.com\/pt-pt\/wp-json\/wp\/v2\/media?parent=901973"}],"wp:term":[{"taxonomy":"category","embeddable":true,"href":"https:\/\/www.pressenza.com\/pt-pt\/wp-json\/wp\/v2\/categories?post=901973"},{"taxonomy":"post_tag","embeddable":true,"href":"https:\/\/www.pressenza.com\/pt-pt\/wp-json\/wp\/v2\/tags?post=901973"}],"curies":[{"name":"wp","href":"https:\/\/api.w.org\/{rel}","templated":true}]}}