{"id":890398,"date":"2019-07-21T08:21:21","date_gmt":"2019-07-21T07:21:21","guid":{"rendered":"https:\/\/www.pressenza.com\/?p=890398"},"modified":"2019-07-21T08:21:21","modified_gmt":"2019-07-21T07:21:21","slug":"projeto-estimula-leitura-em-criancas-e-jovens-de-hospital-da-uff","status":"publish","type":"post","link":"https:\/\/www.pressenza.com\/pt-pt\/2019\/07\/projeto-estimula-leitura-em-criancas-e-jovens-de-hospital-da-uff\/","title":{"rendered":"Projeto estimula leitura em crian\u00e7as e jovens de hospital da UFF"},"content":{"rendered":"<h4>Ideia que come\u00e7ou em 2017 expande-se e conquista pais e pacientes<\/h4>\n<p>O relato positivo das equipes m\u00e9dicas dos setores de psiquiatria e neurologia pedi\u00e1tricas garantiu a continuidade do projeto de est\u00edmulo \u00e0 leitura para crian\u00e7as e jovens que aguardam atendimento no Hospital Universit\u00e1rio Antonio Pedro (Huap), da Universidade Federal Fluminense (UFF), em Niter\u00f3i (RJ).<\/p>\n<p>O projeto foi iniciado em 2017 pela psiquiatra Val\u00e9ria Pagnin, chefe do Departamento de Psiquiatria e Sa\u00fade Mental do Huap e coordenadora da iniciativa, e sua parceira, a pedagoga e t\u00e9cnica em assuntos educacionais L\u00edlian Silva. As duas come\u00e7aram a ideia sem associa\u00e7\u00e3o a nenhuma pesquisa.<\/p>\n<p>\u201c\u00c9 um projeto de extens\u00e3o, de est\u00edmulo \u00e0 leitura. O que a gente colheu de dados informalmente, com os m\u00e9dicos, \u00e9 que as crian\u00e7as entram para as consultas mais tranquilas\u201d, explica L\u00edlian. Ela acrescenta que as crian\u00e7as e jovens ficam mais tranquilos e mais motivados: \u201cEst\u00e1 dando supercerto. A gente est\u00e1 muito feliz com o projeto.\u201d<\/p>\n<p>Segundo Val\u00e9ria, a leitura \u00e9 uma maneira de a pessoa ver e interpretar o mundo em que vive. \u201cE essa leitura precisa ultrapassar os limites da vis\u00e3o f\u00edsica e auditiva para ocupar tamb\u00e9m a \u00f3tica da fantasia\u201d, ressalta.<\/p>\n<h2>Doa\u00e7\u00f5es<\/h2>\n<p>Com base no interesse das crian\u00e7as e adolescentes, muitos pais, m\u00e3es e respons\u00e1veis pelos pacientes tamb\u00e9m come\u00e7aram a ler os livros. Eles sentam-se nas cadeiras de leitura, pegam os livros e levam para casa. Uma das maiores preocupa\u00e7\u00f5es de Val\u00e9ria e L\u00edlian \u00e9 como poder\u00e3o continuar alimentando as estantes. Elas n\u00e3o prop\u00f5em uma biblioteca, em que a pessoa pega um livro emprestado e devolve. \u201cA proposta \u00e9 que o livro siga em frente. Por isso estou sempre agoniada, procurando mais doa\u00e7\u00f5es\u201d, declara L\u00edlian.<\/p>\n<p>Segundo a pedagoga, as bibliotecas populares municipais Cora Coralina e An\u00edsio Teixeira, de Niter\u00f3i, ajudam o projeto com doa\u00e7\u00f5es de livros. \u201cO projeto s\u00f3 sobrevive com a doa\u00e7\u00e3o de livros\u201d, afirma.<\/p>\n<h2>Levantamento<\/h2>\n<p>At\u00e9 o fim do ano, ser\u00e1 levantado o n\u00famero de crian\u00e7as e adolescentes beneficiados at\u00e9 agora pelo projeto. A iniciativa estendeu-se para os funcion\u00e1rios do hospital e as pessoas que fazem exames m\u00e9dicos. \u201cO projeto acabou encantando outras pessoas\u201d.<\/p>\n<p>Tamb\u00e9m professora da rede municipal de ensino de Niter\u00f3i, L\u00edlian Silva revelou que, das 92 escolas municipais da cidade, s\u00f3 cinco t\u00eam bibliotecas escolares, apesar de a\u00a0<a href=\"http:\/\/www.planalto.gov.br\/ccivil_03\/_ato2007-2010\/2010\/lei\/l12244.htm\" target=\"_blank\" rel=\"noopener\">Lei 12.244\/2010\u00a0<\/a>determinar que todas as escolas devem ter uma biblioteca. Segundo L\u00edlian, as bibliotecas populares acabam dando um suporte necess\u00e1rio para atender a alunos e professores, al\u00e9m de oferecerem conta\u00e7\u00e3o de hist\u00f3rias e v\u00e1rias atividades ligadas aos livros.<\/p>\n<h2>Volunt\u00e1rios<\/h2>\n<p>O projeto de est\u00edmulo \u00e0 leitura da UFF est\u00e1 aberto \u00e0 participa\u00e7\u00e3o de volunt\u00e1rios para ler a crian\u00e7as e para doa\u00e7\u00f5es de livros. \u201cUma pessoa que goste de ler vai encantar a crian\u00e7a tamb\u00e9m\u201d. As doa\u00e7\u00f5es podem ser encaminhadas para o Departamento de Psiquiatria e Sa\u00fade Mental do Huap, no terceiro andar do pr\u00e9dio anexo do hospital. Segundo L\u00edlian, muitos levam os livros para casa e retornam com outras obras, que colocam diretamente na estante: \u201cAcho maravilhoso esse movimento\u201d.<\/p>\n<p>Os professores do ensino fundamental, vinculados \u00e0 Rede Municipal de Ensino de Niter\u00f3i, tamb\u00e9m s\u00e3o convidados a participar do projeto como ledores e contadores de hist\u00f3rias. Alunos do curso de medicina manifestaram interesse em participar, o que poder\u00e1 ocorrer a partir do pr\u00f3ximo semestre, como atividade extracurricular.<\/p>\n<p>Val\u00e9ria e L\u00edlian querem acrescentar mais estantes ao projeto, mais livros e uma cobertura maior na recep\u00e7\u00e3o do hospital, onde pacientes da oncologia e ginecologia, entre outras especialidades, aguardam atendimento. \u201cA gente quer encantar os adultos tamb\u00e9m com a leitura\u201d, diz L\u00edlian. Para isso, elas precisam de doa\u00e7\u00f5es de estantes e de livros. A Associa\u00e7\u00e3o dos Colaboradores do Huap \u00e9 outro apoiador importante do projeto, doando mesas, cadeiras, livros e brinquedos para os pacientes crian\u00e7as e jovens.<\/p>\n<p>&nbsp;<\/p>\n","protected":false},"excerpt":{"rendered":"<p>Ideia que come\u00e7ou em 2017 expande-se e conquista pais e pacientes O relato positivo das equipes m\u00e9dicas dos setores de psiquiatria e neurologia pedi\u00e1tricas garantiu a continuidade do projeto de est\u00edmulo \u00e0 leitura para crian\u00e7as e jovens que aguardam atendimento&hellip;<\/p>\n","protected":false},"author":860,"featured_media":890417,"comment_status":"closed","ping_status":"closed","sticky":false,"template":"","format":"standard","meta":{"footnotes":""},"categories":[104,1253],"tags":[10537,19125],"class_list":["post-890398","post","type-post","status-publish","format-standard","has-post-thumbnail","hentry","category-america-do-sul","category-saude","tag-criancas","tag-jovens"],"yoast_head":"<!-- This site is optimized with the Yoast SEO plugin v27.1.1 - https:\/\/yoast.com\/product\/yoast-seo-wordpress\/ -->\n<title>Projeto estimula leitura em crian\u00e7as e jovens de hospital da UFF<\/title>\n<meta name=\"description\" content=\"Ideia que come\u00e7ou em 2017 expande-se e conquista pais e pacientes O relato positivo das equipes m\u00e9dicas dos setores de psiquiatria e neurologia\" \/>\n<meta name=\"robots\" content=\"index, follow, max-snippet:-1, max-image-preview:large, max-video-preview:-1\" \/>\n<link rel=\"canonical\" href=\"https:\/\/www.pressenza.com\/pt-pt\/2019\/07\/projeto-estimula-leitura-em-criancas-e-jovens-de-hospital-da-uff\/\" \/>\n<meta property=\"og:locale\" content=\"pt_PT\" \/>\n<meta property=\"og:type\" content=\"article\" \/>\n<meta property=\"og:title\" content=\"Projeto estimula leitura em crian\u00e7as e jovens de hospital da UFF\" \/>\n<meta property=\"og:description\" content=\"Ideia que come\u00e7ou em 2017 expande-se e conquista pais e pacientes O relato positivo das equipes m\u00e9dicas dos setores de psiquiatria e neurologia\" \/>\n<meta property=\"og:url\" content=\"https:\/\/www.pressenza.com\/pt-pt\/2019\/07\/projeto-estimula-leitura-em-criancas-e-jovens-de-hospital-da-uff\/\" \/>\n<meta property=\"og:site_name\" content=\"Pressenza\" \/>\n<meta property=\"article:publisher\" content=\"https:\/\/www.facebook.com\/PressenzaItalia\" \/>\n<meta property=\"article:published_time\" content=\"2019-07-21T07:21:21+00:00\" \/>\n<meta property=\"og:image\" content=\"https:\/\/www.pressenza.com\/wp-content\/uploads\/2019\/07\/projetohuap2-edit.jpg\" \/>\n\t<meta property=\"og:image:width\" content=\"365\" \/>\n\t<meta property=\"og:image:height\" content=\"421\" \/>\n\t<meta property=\"og:image:type\" content=\"image\/jpeg\" \/>\n<meta name=\"author\" content=\"Agencia Brasil\" \/>\n<meta name=\"twitter:card\" content=\"summary_large_image\" \/>\n<meta name=\"twitter:creator\" content=\"@PressenzaIPA\" \/>\n<meta name=\"twitter:site\" content=\"@PressenzaIPA\" \/>\n<meta name=\"twitter:label1\" content=\"Escrito por\" \/>\n\t<meta name=\"twitter:data1\" content=\"Agencia Brasil\" \/>\n\t<meta name=\"twitter:label2\" content=\"Tempo estimado de leitura\" \/>\n\t<meta name=\"twitter:data2\" content=\"3 minutos\" \/>\n<script type=\"application\/ld+json\" class=\"yoast-schema-graph\">{\"@context\":\"https:\/\/schema.org\",\"@graph\":[{\"@type\":\"Article\",\"@id\":\"https:\/\/www.pressenza.com\/pt-pt\/2019\/07\/projeto-estimula-leitura-em-criancas-e-jovens-de-hospital-da-uff\/#article\",\"isPartOf\":{\"@id\":\"https:\/\/www.pressenza.com\/pt-pt\/2019\/07\/projeto-estimula-leitura-em-criancas-e-jovens-de-hospital-da-uff\/\"},\"author\":{\"name\":\"Agencia Brasil\",\"@id\":\"https:\/\/www.pressenza.com\/pt-pt\/#\/schema\/person\/e2e4e9b5b3a7554516d809f2394b3dd4\"},\"headline\":\"Projeto estimula leitura em crian\u00e7as e jovens de hospital da UFF\",\"datePublished\":\"2019-07-21T07:21:21+00:00\",\"mainEntityOfPage\":{\"@id\":\"https:\/\/www.pressenza.com\/pt-pt\/2019\/07\/projeto-estimula-leitura-em-criancas-e-jovens-de-hospital-da-uff\/\"},\"wordCount\":697,\"publisher\":{\"@id\":\"https:\/\/www.pressenza.com\/pt-pt\/#organization\"},\"image\":{\"@id\":\"https:\/\/www.pressenza.com\/pt-pt\/2019\/07\/projeto-estimula-leitura-em-criancas-e-jovens-de-hospital-da-uff\/#primaryimage\"},\"thumbnailUrl\":\"https:\/\/www.pressenza.com\/wp-content\/uploads\/2019\/07\/projetohuap2-edit.jpg\",\"keywords\":[\"criancas\",\"jovens\"],\"articleSection\":[\"\u00c1m\u00e9rica do Sul\",\"Sa\u00fade\"],\"inLanguage\":\"pt-PT\"},{\"@type\":\"WebPage\",\"@id\":\"https:\/\/www.pressenza.com\/pt-pt\/2019\/07\/projeto-estimula-leitura-em-criancas-e-jovens-de-hospital-da-uff\/\",\"url\":\"https:\/\/www.pressenza.com\/pt-pt\/2019\/07\/projeto-estimula-leitura-em-criancas-e-jovens-de-hospital-da-uff\/\",\"name\":\"Projeto estimula leitura em crian\u00e7as e jovens de hospital da UFF\",\"isPartOf\":{\"@id\":\"https:\/\/www.pressenza.com\/pt-pt\/#website\"},\"primaryImageOfPage\":{\"@id\":\"https:\/\/www.pressenza.com\/pt-pt\/2019\/07\/projeto-estimula-leitura-em-criancas-e-jovens-de-hospital-da-uff\/#primaryimage\"},\"image\":{\"@id\":\"https:\/\/www.pressenza.com\/pt-pt\/2019\/07\/projeto-estimula-leitura-em-criancas-e-jovens-de-hospital-da-uff\/#primaryimage\"},\"thumbnailUrl\":\"https:\/\/www.pressenza.com\/wp-content\/uploads\/2019\/07\/projetohuap2-edit.jpg\",\"datePublished\":\"2019-07-21T07:21:21+00:00\",\"description\":\"Ideia que come\u00e7ou em 2017 expande-se e conquista pais e pacientes O relato positivo das equipes m\u00e9dicas dos setores de psiquiatria e neurologia\",\"breadcrumb\":{\"@id\":\"https:\/\/www.pressenza.com\/pt-pt\/2019\/07\/projeto-estimula-leitura-em-criancas-e-jovens-de-hospital-da-uff\/#breadcrumb\"},\"inLanguage\":\"pt-PT\",\"potentialAction\":[{\"@type\":\"ReadAction\",\"target\":[\"https:\/\/www.pressenza.com\/pt-pt\/2019\/07\/projeto-estimula-leitura-em-criancas-e-jovens-de-hospital-da-uff\/\"]}]},{\"@type\":\"ImageObject\",\"inLanguage\":\"pt-PT\",\"@id\":\"https:\/\/www.pressenza.com\/pt-pt\/2019\/07\/projeto-estimula-leitura-em-criancas-e-jovens-de-hospital-da-uff\/#primaryimage\",\"url\":\"https:\/\/www.pressenza.com\/wp-content\/uploads\/2019\/07\/projetohuap2-edit.jpg\",\"contentUrl\":\"https:\/\/www.pressenza.com\/wp-content\/uploads\/2019\/07\/projetohuap2-edit.jpg\",\"width\":365,\"height\":421},{\"@type\":\"BreadcrumbList\",\"@id\":\"https:\/\/www.pressenza.com\/pt-pt\/2019\/07\/projeto-estimula-leitura-em-criancas-e-jovens-de-hospital-da-uff\/#breadcrumb\",\"itemListElement\":[{\"@type\":\"ListItem\",\"position\":1,\"name\":\"Accueil\",\"item\":\"https:\/\/www.pressenza.com\/pt-pt\/\"},{\"@type\":\"ListItem\",\"position\":2,\"name\":\"Projeto estimula leitura em crian\u00e7as e jovens de hospital da UFF\"}]},{\"@type\":\"WebSite\",\"@id\":\"https:\/\/www.pressenza.com\/pt-pt\/#website\",\"url\":\"https:\/\/www.pressenza.com\/pt-pt\/\",\"name\":\"Pressenza\",\"description\":\"International Press Agency\",\"publisher\":{\"@id\":\"https:\/\/www.pressenza.com\/pt-pt\/#organization\"},\"potentialAction\":[{\"@type\":\"SearchAction\",\"target\":{\"@type\":\"EntryPoint\",\"urlTemplate\":\"https:\/\/www.pressenza.com\/pt-pt\/?s={search_term_string}\"},\"query-input\":{\"@type\":\"PropertyValueSpecification\",\"valueRequired\":true,\"valueName\":\"search_term_string\"}}],\"inLanguage\":\"pt-PT\"},{\"@type\":\"Organization\",\"@id\":\"https:\/\/www.pressenza.com\/pt-pt\/#organization\",\"name\":\"Pressenza\",\"url\":\"https:\/\/www.pressenza.com\/pt-pt\/\",\"logo\":{\"@type\":\"ImageObject\",\"inLanguage\":\"pt-PT\",\"@id\":\"https:\/\/www.pressenza.com\/pt-pt\/#\/schema\/logo\/image\/\",\"url\":\"https:\/\/www.pressenza.com\/wp-content\/uploads\/2022\/10\/pressenza_logo_200x200.jpg\",\"contentUrl\":\"https:\/\/www.pressenza.com\/wp-content\/uploads\/2022\/10\/pressenza_logo_200x200.jpg\",\"width\":200,\"height\":200,\"caption\":\"Pressenza\"},\"image\":{\"@id\":\"https:\/\/www.pressenza.com\/pt-pt\/#\/schema\/logo\/image\/\"},\"sameAs\":[\"https:\/\/www.facebook.com\/PressenzaItalia\",\"https:\/\/x.com\/PressenzaIPA\"]},{\"@type\":\"Person\",\"@id\":\"https:\/\/www.pressenza.com\/pt-pt\/#\/schema\/person\/e2e4e9b5b3a7554516d809f2394b3dd4\",\"name\":\"Agencia Brasil\",\"url\":\"https:\/\/www.pressenza.com\/pt-pt\/author\/agencia-brasil\/\"}]}<\/script>\n<!-- \/ Yoast SEO plugin. -->","yoast_head_json":{"title":"Projeto estimula leitura em crian\u00e7as e jovens de hospital da UFF","description":"Ideia que come\u00e7ou em 2017 expande-se e conquista pais e pacientes O relato positivo das equipes m\u00e9dicas dos setores de psiquiatria e neurologia","robots":{"index":"index","follow":"follow","max-snippet":"max-snippet:-1","max-image-preview":"max-image-preview:large","max-video-preview":"max-video-preview:-1"},"canonical":"https:\/\/www.pressenza.com\/pt-pt\/2019\/07\/projeto-estimula-leitura-em-criancas-e-jovens-de-hospital-da-uff\/","og_locale":"pt_PT","og_type":"article","og_title":"Projeto estimula leitura em crian\u00e7as e jovens de hospital da UFF","og_description":"Ideia que come\u00e7ou em 2017 expande-se e conquista pais e pacientes O relato positivo das equipes m\u00e9dicas dos setores de psiquiatria e neurologia","og_url":"https:\/\/www.pressenza.com\/pt-pt\/2019\/07\/projeto-estimula-leitura-em-criancas-e-jovens-de-hospital-da-uff\/","og_site_name":"Pressenza","article_publisher":"https:\/\/www.facebook.com\/PressenzaItalia","article_published_time":"2019-07-21T07:21:21+00:00","og_image":[{"width":365,"height":421,"url":"https:\/\/www.pressenza.com\/wp-content\/uploads\/2019\/07\/projetohuap2-edit.jpg","type":"image\/jpeg"}],"author":"Agencia Brasil","twitter_card":"summary_large_image","twitter_creator":"@PressenzaIPA","twitter_site":"@PressenzaIPA","twitter_misc":{"Escrito por":"Agencia Brasil","Tempo estimado de leitura":"3 minutos"},"schema":{"@context":"https:\/\/schema.org","@graph":[{"@type":"Article","@id":"https:\/\/www.pressenza.com\/pt-pt\/2019\/07\/projeto-estimula-leitura-em-criancas-e-jovens-de-hospital-da-uff\/#article","isPartOf":{"@id":"https:\/\/www.pressenza.com\/pt-pt\/2019\/07\/projeto-estimula-leitura-em-criancas-e-jovens-de-hospital-da-uff\/"},"author":{"name":"Agencia Brasil","@id":"https:\/\/www.pressenza.com\/pt-pt\/#\/schema\/person\/e2e4e9b5b3a7554516d809f2394b3dd4"},"headline":"Projeto estimula leitura em crian\u00e7as e jovens de hospital da UFF","datePublished":"2019-07-21T07:21:21+00:00","mainEntityOfPage":{"@id":"https:\/\/www.pressenza.com\/pt-pt\/2019\/07\/projeto-estimula-leitura-em-criancas-e-jovens-de-hospital-da-uff\/"},"wordCount":697,"publisher":{"@id":"https:\/\/www.pressenza.com\/pt-pt\/#organization"},"image":{"@id":"https:\/\/www.pressenza.com\/pt-pt\/2019\/07\/projeto-estimula-leitura-em-criancas-e-jovens-de-hospital-da-uff\/#primaryimage"},"thumbnailUrl":"https:\/\/www.pressenza.com\/wp-content\/uploads\/2019\/07\/projetohuap2-edit.jpg","keywords":["criancas","jovens"],"articleSection":["\u00c1m\u00e9rica do Sul","Sa\u00fade"],"inLanguage":"pt-PT"},{"@type":"WebPage","@id":"https:\/\/www.pressenza.com\/pt-pt\/2019\/07\/projeto-estimula-leitura-em-criancas-e-jovens-de-hospital-da-uff\/","url":"https:\/\/www.pressenza.com\/pt-pt\/2019\/07\/projeto-estimula-leitura-em-criancas-e-jovens-de-hospital-da-uff\/","name":"Projeto estimula leitura em crian\u00e7as e jovens de hospital da UFF","isPartOf":{"@id":"https:\/\/www.pressenza.com\/pt-pt\/#website"},"primaryImageOfPage":{"@id":"https:\/\/www.pressenza.com\/pt-pt\/2019\/07\/projeto-estimula-leitura-em-criancas-e-jovens-de-hospital-da-uff\/#primaryimage"},"image":{"@id":"https:\/\/www.pressenza.com\/pt-pt\/2019\/07\/projeto-estimula-leitura-em-criancas-e-jovens-de-hospital-da-uff\/#primaryimage"},"thumbnailUrl":"https:\/\/www.pressenza.com\/wp-content\/uploads\/2019\/07\/projetohuap2-edit.jpg","datePublished":"2019-07-21T07:21:21+00:00","description":"Ideia que come\u00e7ou em 2017 expande-se e conquista pais e pacientes O relato positivo das equipes m\u00e9dicas dos setores de psiquiatria e neurologia","breadcrumb":{"@id":"https:\/\/www.pressenza.com\/pt-pt\/2019\/07\/projeto-estimula-leitura-em-criancas-e-jovens-de-hospital-da-uff\/#breadcrumb"},"inLanguage":"pt-PT","potentialAction":[{"@type":"ReadAction","target":["https:\/\/www.pressenza.com\/pt-pt\/2019\/07\/projeto-estimula-leitura-em-criancas-e-jovens-de-hospital-da-uff\/"]}]},{"@type":"ImageObject","inLanguage":"pt-PT","@id":"https:\/\/www.pressenza.com\/pt-pt\/2019\/07\/projeto-estimula-leitura-em-criancas-e-jovens-de-hospital-da-uff\/#primaryimage","url":"https:\/\/www.pressenza.com\/wp-content\/uploads\/2019\/07\/projetohuap2-edit.jpg","contentUrl":"https:\/\/www.pressenza.com\/wp-content\/uploads\/2019\/07\/projetohuap2-edit.jpg","width":365,"height":421},{"@type":"BreadcrumbList","@id":"https:\/\/www.pressenza.com\/pt-pt\/2019\/07\/projeto-estimula-leitura-em-criancas-e-jovens-de-hospital-da-uff\/#breadcrumb","itemListElement":[{"@type":"ListItem","position":1,"name":"Accueil","item":"https:\/\/www.pressenza.com\/pt-pt\/"},{"@type":"ListItem","position":2,"name":"Projeto estimula leitura em crian\u00e7as e jovens de hospital da UFF"}]},{"@type":"WebSite","@id":"https:\/\/www.pressenza.com\/pt-pt\/#website","url":"https:\/\/www.pressenza.com\/pt-pt\/","name":"Pressenza","description":"International Press Agency","publisher":{"@id":"https:\/\/www.pressenza.com\/pt-pt\/#organization"},"potentialAction":[{"@type":"SearchAction","target":{"@type":"EntryPoint","urlTemplate":"https:\/\/www.pressenza.com\/pt-pt\/?s={search_term_string}"},"query-input":{"@type":"PropertyValueSpecification","valueRequired":true,"valueName":"search_term_string"}}],"inLanguage":"pt-PT"},{"@type":"Organization","@id":"https:\/\/www.pressenza.com\/pt-pt\/#organization","name":"Pressenza","url":"https:\/\/www.pressenza.com\/pt-pt\/","logo":{"@type":"ImageObject","inLanguage":"pt-PT","@id":"https:\/\/www.pressenza.com\/pt-pt\/#\/schema\/logo\/image\/","url":"https:\/\/www.pressenza.com\/wp-content\/uploads\/2022\/10\/pressenza_logo_200x200.jpg","contentUrl":"https:\/\/www.pressenza.com\/wp-content\/uploads\/2022\/10\/pressenza_logo_200x200.jpg","width":200,"height":200,"caption":"Pressenza"},"image":{"@id":"https:\/\/www.pressenza.com\/pt-pt\/#\/schema\/logo\/image\/"},"sameAs":["https:\/\/www.facebook.com\/PressenzaItalia","https:\/\/x.com\/PressenzaIPA"]},{"@type":"Person","@id":"https:\/\/www.pressenza.com\/pt-pt\/#\/schema\/person\/e2e4e9b5b3a7554516d809f2394b3dd4","name":"Agencia Brasil","url":"https:\/\/www.pressenza.com\/pt-pt\/author\/agencia-brasil\/"}]}},"place":"","original_article_url":"http:\/\/agenciabrasil.ebc.com.br\/geral\/noticia\/2019-07\/projeto-estimula-leitura-em-criancas-e-jovens-de-hospital-da-uff","_links":{"self":[{"href":"https:\/\/www.pressenza.com\/pt-pt\/wp-json\/wp\/v2\/posts\/890398","targetHints":{"allow":["GET"]}}],"collection":[{"href":"https:\/\/www.pressenza.com\/pt-pt\/wp-json\/wp\/v2\/posts"}],"about":[{"href":"https:\/\/www.pressenza.com\/pt-pt\/wp-json\/wp\/v2\/types\/post"}],"author":[{"embeddable":true,"href":"https:\/\/www.pressenza.com\/pt-pt\/wp-json\/wp\/v2\/users\/860"}],"replies":[{"embeddable":true,"href":"https:\/\/www.pressenza.com\/pt-pt\/wp-json\/wp\/v2\/comments?post=890398"}],"version-history":[{"count":0,"href":"https:\/\/www.pressenza.com\/pt-pt\/wp-json\/wp\/v2\/posts\/890398\/revisions"}],"wp:featuredmedia":[{"embeddable":true,"href":"https:\/\/www.pressenza.com\/pt-pt\/wp-json\/wp\/v2\/media\/890417"}],"wp:attachment":[{"href":"https:\/\/www.pressenza.com\/pt-pt\/wp-json\/wp\/v2\/media?parent=890398"}],"wp:term":[{"taxonomy":"category","embeddable":true,"href":"https:\/\/www.pressenza.com\/pt-pt\/wp-json\/wp\/v2\/categories?post=890398"},{"taxonomy":"post_tag","embeddable":true,"href":"https:\/\/www.pressenza.com\/pt-pt\/wp-json\/wp\/v2\/tags?post=890398"}],"curies":[{"name":"wp","href":"https:\/\/api.w.org\/{rel}","templated":true}]}}