{"id":886773,"date":"2019-07-12T18:13:45","date_gmt":"2019-07-12T17:13:45","guid":{"rendered":"https:\/\/www.pressenza.com\/?p=886773"},"modified":"2019-07-12T18:13:45","modified_gmt":"2019-07-12T17:13:45","slug":"terreiro-de-candomble-e-depredado-em-caxias-no-estado-do-rio","status":"publish","type":"post","link":"https:\/\/www.pressenza.com\/pt-pt\/2019\/07\/terreiro-de-candomble-e-depredado-em-caxias-no-estado-do-rio\/","title":{"rendered":"Terreiro de candombl\u00e9 \u00e9 depredado em Caxias, no estado do Rio"},"content":{"rendered":"<p><em><strong>Por <\/strong><span class=\"txtGeral\"><strong> Akemi Nitahara.<\/strong> <\/span><\/em><\/p>\n<p>Um terreiro de candombl\u00e9 localizado no bairro Parque Paulista, em Duque de Caxias, na Baixada Fluminense, foi invadido na tarde de ontem (11) e depredado. A den\u00fancia foi feita nas redes socias pelo babala\u00f4 Ivanir dos Santos, interlocutor da Comiss\u00e3o de Combate \u00e0 Intoler\u00e2ncia Religiosa (CCIR) do estado.<\/p>\n<p>Em entrevista \u00e0 <strong>Ag\u00eancia Brasil<\/strong>, ele informou que templos de religi\u00f5es de matriz africana da mesma regi\u00e3o t\u00eam recebido constantes amea\u00e7as.\u00a0\u201cO ataque foi ontem de tarde, em uma mesma \u00e1rea em que v\u00eam ocorrendo casos h\u00e1 mais seis meses, j\u00e1 s\u00e3o mais de 15 casos de amea\u00e7as. Aquela regi\u00e3o j\u00e1 estava sendo amea\u00e7ada, diziam que n\u00e3o podiam tocar, n\u00e3o podiam fazer isso ou aquilo, e agora chegaram a quebrar\u201d, contou.<\/p>\n<p>Segundo Ivanir, uma mulher de idade chegou ao local no momento em que os atos de vandalismo ocorriam, mas ela n\u00e3o foi agredida. Ele ressaltou que em todo o estado mais de 200 casas religiosas t\u00eam recebido amea\u00e7as.<\/p>\n<p>\u201cTem mais de dez casas amea\u00e7adas em Campos, na regi\u00e3o da Penha, na zona norte. S\u00e3o mais de 200 casas hoje amea\u00e7adas de funcionar por causa dessa intimida\u00e7\u00e3o. Algumas j\u00e1 foram expulsas das comunidades. Nos \u00faltimos dois anos j\u00e1 s\u00e3o mais de 15 casas que tiveram essa experi\u00eancia amarga [de serem vandalizadas]\u201d, disse.<\/p>\n<p><strong>Descaso<\/strong><\/p>\n<p>Para o babala\u00f4, os cont\u00ednuos ataques mostram descaso das autoridades, al\u00e9m de configurarem racismo religioso. Segundo ele, as intimida\u00e7\u00f5es t\u00eam sido difundidas por grupos criminosos ligados ao tr\u00e1fico de drogas.<\/p>\n<p>\u201cEu tive um encontro com o governador [Wilson Witzel] pedi a ele uma plen\u00e1ria aberta com todas as religi\u00f5es para tratar disso e com a \u00e1rea de seguran\u00e7a dele. At\u00e9 hoje n\u00e3o houve essa plen\u00e1ria. Eu n\u00e3o tenho d\u00favidas de que, se fosse uma sinagoga ou uma igreja crist\u00e3 atingida, a atitude do governo do estado seria outra. [O ato] seria enquadrado no crime de terrorismo\u201d afirmou.<\/p>\n<p>O procurador da Rep\u00fablica J\u00falio Jos\u00e9 Ara\u00fajo J\u00fanior, do Minist\u00e9rio P\u00fablico Federal no Rio de Janeiro (MPF\/RJ), informou que o \u00f3rg\u00e3o foi acionado para acompanhar o caso.<\/p>\n<p>\u201cA gente recebeu a den\u00fancia e se mobilizou para fazer com que os \u00f3rg\u00e3os atuem. H\u00e1 um di\u00e1logo com a Pol\u00edcia Civil para garantir as visitas e investiga\u00e7\u00f5es, isso leva um tempo. L\u00f3gico que a gente deseja que seja o mais r\u00e1pido poss\u00edvel, mas independentemente disso, o MPF vem travando conversas com diversos atores para n\u00e3o s\u00f3 identificar as causas como estabelecer a\u00e7\u00f5es para o combate \u00e0 intoler\u00e2ncia\u201d, afirmou.<\/p>\n<p><strong>Cobran\u00e7a<\/strong><\/p>\n<p><a href=\"http:\/\/agenciabrasil.ebc.com.br\/geral\/noticia\/2019-05\/mpf-pede-acao-do-governador-do-rio-contra-intolerancia-religiosa\" target=\"_blank\" rel=\"noopener\">Em maio, o MPF cobrou do governador do Rio de Janeiro<\/a>, Wilson Witzel, uma a\u00e7\u00e3o para resolver o problema.<\/p>\n<p>Na ter\u00e7a-feira (12), MPF promoveu reuni\u00e3o com Ivanir dos Santos e pastores evang\u00e9licos para tratar da quest\u00e3o. Segundo o babala\u00f4, as pessoas que compareceram se comprometeram a mobilizar as bases de suas igrejas para colaborar para o fim do racismo religioso.<\/p>\n<p>\u201cOs pastores que atenderam nossos apelos e nossos convites j\u00e1 nos acompanham h\u00e1 algum tempo. Eles v\u00e3o fazer uma nova reuni\u00e3o para tra\u00e7ar uma estrat\u00e9gia com a sua pr\u00f3pria base evang\u00e9lica, que \u00e9 o que n\u00f3s precisamos. As grandes igrejas de bem, nas suas bases, nas suas defesas, nas suas conven\u00e7\u00f5es, falam da import\u00e2ncia do respeito e da n\u00e3o propaga\u00e7\u00e3o do \u00f3dio religioso\u201d, observou.<\/p>\n<p>Foi marcada para domingo (14) a Caminhada em Defesa da Liberdade Religiosa na Baixada Fluminense, \u00e0s 9h.<\/p>\n<p>Segundo a Pol\u00edcia Civil, o caso de vandalismo est\u00e1 sendo registrado na Delegacia de Crimes Raciais e Delitos de Intoler\u00e2ncia. \u201cDilig\u00eancias ser\u00e3o realizadas para apurar as circunst\u00e2ncias e autoria do fato. A investiga\u00e7\u00e3o corre sob sigilo\u201d, informou a pol\u00edcia.<\/p>\n<p>*<em>Colaborou T\u00e2mara Freire, rep\u00f3rter do Radiojornalismo da <strong>EBC<\/strong><\/em><\/p>\n","protected":false},"excerpt":{"rendered":"<p>Por Akemi Nitahara. Um terreiro de candombl\u00e9 localizado no bairro Parque Paulista, em Duque de Caxias, na Baixada Fluminense, foi invadido na tarde de ontem (11) e depredado. A den\u00fancia foi feita nas redes socias pelo babala\u00f4 Ivanir dos Santos,&hellip;<\/p>\n","protected":false},"author":44,"featured_media":886774,"comment_status":"closed","ping_status":"closed","sticky":false,"template":"","format":"standard","meta":{"footnotes":""},"categories":[104,116,1255,101],"tags":[60968,60967],"class_list":["post-886773","post","type-post","status-publish","format-standard","has-post-thumbnail","hentry","category-america-do-sul","category-direitos-humanos","category-diversidade","category-regiao","tag-ataques-pt-pt","tag-terreiros"],"yoast_head":"<!-- This site is optimized with the Yoast SEO plugin v27.1.1 - https:\/\/yoast.com\/product\/yoast-seo-wordpress\/ -->\n<title>Terreiro de candombl\u00e9 \u00e9 depredado em Caxias, no estado do Rio<\/title>\n<meta name=\"description\" content=\"Por Akemi Nitahara. Um terreiro de candombl\u00e9 localizado no bairro Parque Paulista, em Duque de Caxias, na Baixada Fluminense, foi invadido na tarde de\" \/>\n<meta name=\"robots\" content=\"index, follow, max-snippet:-1, max-image-preview:large, max-video-preview:-1\" \/>\n<link rel=\"canonical\" href=\"https:\/\/www.pressenza.com\/pt-pt\/2019\/07\/terreiro-de-candomble-e-depredado-em-caxias-no-estado-do-rio\/\" \/>\n<meta property=\"og:locale\" content=\"pt_PT\" \/>\n<meta property=\"og:type\" content=\"article\" \/>\n<meta property=\"og:title\" content=\"Terreiro de candombl\u00e9 \u00e9 depredado em Caxias, no estado do Rio\" \/>\n<meta property=\"og:description\" content=\"Por Akemi Nitahara. Um terreiro de candombl\u00e9 localizado no bairro Parque Paulista, em Duque de Caxias, na Baixada Fluminense, foi invadido na tarde de\" \/>\n<meta property=\"og:url\" content=\"https:\/\/www.pressenza.com\/pt-pt\/2019\/07\/terreiro-de-candomble-e-depredado-em-caxias-no-estado-do-rio\/\" \/>\n<meta property=\"og:site_name\" content=\"Pressenza\" \/>\n<meta property=\"article:publisher\" content=\"https:\/\/www.facebook.com\/PressenzaItalia\" \/>\n<meta property=\"article:author\" content=\"https:\/\/www.facebook.com\/PressenzaPortugues\" \/>\n<meta property=\"article:published_time\" content=\"2019-07-12T17:13:45+00:00\" \/>\n<meta property=\"og:image\" content=\"https:\/\/www.pressenza.com\/wp-content\/uploads\/2019\/07\/Candombl\u00e9-Agencia-Brasil.jpg\" \/>\n\t<meta property=\"og:image:width\" content=\"1140\" \/>\n\t<meta property=\"og:image:height\" content=\"760\" \/>\n\t<meta property=\"og:image:type\" content=\"image\/jpeg\" \/>\n<meta name=\"author\" content=\"Reda\u00e7\u00e3o S\u00e3o Paulo\" \/>\n<meta name=\"twitter:card\" content=\"summary_large_image\" \/>\n<meta name=\"twitter:creator\" content=\"@pressenza_pt\" \/>\n<meta name=\"twitter:site\" content=\"@PressenzaIPA\" \/>\n<meta name=\"twitter:label1\" content=\"Escrito por\" \/>\n\t<meta name=\"twitter:data1\" content=\"Reda\u00e7\u00e3o S\u00e3o Paulo\" \/>\n\t<meta name=\"twitter:label2\" content=\"Tempo estimado de leitura\" \/>\n\t<meta name=\"twitter:data2\" content=\"3 minutos\" \/>\n<script type=\"application\/ld+json\" class=\"yoast-schema-graph\">{\"@context\":\"https:\/\/schema.org\",\"@graph\":[{\"@type\":\"Article\",\"@id\":\"https:\/\/www.pressenza.com\/pt-pt\/2019\/07\/terreiro-de-candomble-e-depredado-em-caxias-no-estado-do-rio\/#article\",\"isPartOf\":{\"@id\":\"https:\/\/www.pressenza.com\/pt-pt\/2019\/07\/terreiro-de-candomble-e-depredado-em-caxias-no-estado-do-rio\/\"},\"author\":{\"name\":\"Reda\u00e7\u00e3o S\u00e3o Paulo\",\"@id\":\"https:\/\/www.pressenza.com\/pt-pt\/#\/schema\/person\/d171826afb7693cfc394da95892bfd93\"},\"headline\":\"Terreiro de candombl\u00e9 \u00e9 depredado em Caxias, no estado do Rio\",\"datePublished\":\"2019-07-12T17:13:45+00:00\",\"mainEntityOfPage\":{\"@id\":\"https:\/\/www.pressenza.com\/pt-pt\/2019\/07\/terreiro-de-candomble-e-depredado-em-caxias-no-estado-do-rio\/\"},\"wordCount\":677,\"publisher\":{\"@id\":\"https:\/\/www.pressenza.com\/pt-pt\/#organization\"},\"image\":{\"@id\":\"https:\/\/www.pressenza.com\/pt-pt\/2019\/07\/terreiro-de-candomble-e-depredado-em-caxias-no-estado-do-rio\/#primaryimage\"},\"thumbnailUrl\":\"https:\/\/www.pressenza.com\/wp-content\/uploads\/2019\/07\/Candombl\u00e9-Agencia-Brasil.jpg\",\"keywords\":[\"ataques\",\"terreiros\"],\"articleSection\":[\"\u00c1m\u00e9rica do Sul\",\"Direitos Humanos\",\"Diversidade\",\"Regi\u00e3o\"],\"inLanguage\":\"pt-PT\"},{\"@type\":\"WebPage\",\"@id\":\"https:\/\/www.pressenza.com\/pt-pt\/2019\/07\/terreiro-de-candomble-e-depredado-em-caxias-no-estado-do-rio\/\",\"url\":\"https:\/\/www.pressenza.com\/pt-pt\/2019\/07\/terreiro-de-candomble-e-depredado-em-caxias-no-estado-do-rio\/\",\"name\":\"Terreiro de candombl\u00e9 \u00e9 depredado em Caxias, no estado do Rio\",\"isPartOf\":{\"@id\":\"https:\/\/www.pressenza.com\/pt-pt\/#website\"},\"primaryImageOfPage\":{\"@id\":\"https:\/\/www.pressenza.com\/pt-pt\/2019\/07\/terreiro-de-candomble-e-depredado-em-caxias-no-estado-do-rio\/#primaryimage\"},\"image\":{\"@id\":\"https:\/\/www.pressenza.com\/pt-pt\/2019\/07\/terreiro-de-candomble-e-depredado-em-caxias-no-estado-do-rio\/#primaryimage\"},\"thumbnailUrl\":\"https:\/\/www.pressenza.com\/wp-content\/uploads\/2019\/07\/Candombl\u00e9-Agencia-Brasil.jpg\",\"datePublished\":\"2019-07-12T17:13:45+00:00\",\"description\":\"Por Akemi Nitahara. Um terreiro de candombl\u00e9 localizado no bairro Parque Paulista, em Duque de Caxias, na Baixada Fluminense, foi invadido na tarde de\",\"breadcrumb\":{\"@id\":\"https:\/\/www.pressenza.com\/pt-pt\/2019\/07\/terreiro-de-candomble-e-depredado-em-caxias-no-estado-do-rio\/#breadcrumb\"},\"inLanguage\":\"pt-PT\",\"potentialAction\":[{\"@type\":\"ReadAction\",\"target\":[\"https:\/\/www.pressenza.com\/pt-pt\/2019\/07\/terreiro-de-candomble-e-depredado-em-caxias-no-estado-do-rio\/\"]}]},{\"@type\":\"ImageObject\",\"inLanguage\":\"pt-PT\",\"@id\":\"https:\/\/www.pressenza.com\/pt-pt\/2019\/07\/terreiro-de-candomble-e-depredado-em-caxias-no-estado-do-rio\/#primaryimage\",\"url\":\"https:\/\/www.pressenza.com\/wp-content\/uploads\/2019\/07\/Candombl\u00e9-Agencia-Brasil.jpg\",\"contentUrl\":\"https:\/\/www.pressenza.com\/wp-content\/uploads\/2019\/07\/Candombl\u00e9-Agencia-Brasil.jpg\",\"width\":1140,\"height\":760,\"caption\":\"Rio de Janeiro - Devotos de Iemanj\u00e1 fazem festa em celebra\u00e7\u00e3o ao seu dia no centro da capital fluminense. (Tomaz Silva\/Ag\u00eancia Brasil)\"},{\"@type\":\"BreadcrumbList\",\"@id\":\"https:\/\/www.pressenza.com\/pt-pt\/2019\/07\/terreiro-de-candomble-e-depredado-em-caxias-no-estado-do-rio\/#breadcrumb\",\"itemListElement\":[{\"@type\":\"ListItem\",\"position\":1,\"name\":\"Accueil\",\"item\":\"https:\/\/www.pressenza.com\/pt-pt\/\"},{\"@type\":\"ListItem\",\"position\":2,\"name\":\"Terreiro de candombl\u00e9 \u00e9 depredado em Caxias, no estado do Rio\"}]},{\"@type\":\"WebSite\",\"@id\":\"https:\/\/www.pressenza.com\/pt-pt\/#website\",\"url\":\"https:\/\/www.pressenza.com\/pt-pt\/\",\"name\":\"Pressenza\",\"description\":\"International Press Agency\",\"publisher\":{\"@id\":\"https:\/\/www.pressenza.com\/pt-pt\/#organization\"},\"potentialAction\":[{\"@type\":\"SearchAction\",\"target\":{\"@type\":\"EntryPoint\",\"urlTemplate\":\"https:\/\/www.pressenza.com\/pt-pt\/?s={search_term_string}\"},\"query-input\":{\"@type\":\"PropertyValueSpecification\",\"valueRequired\":true,\"valueName\":\"search_term_string\"}}],\"inLanguage\":\"pt-PT\"},{\"@type\":\"Organization\",\"@id\":\"https:\/\/www.pressenza.com\/pt-pt\/#organization\",\"name\":\"Pressenza\",\"url\":\"https:\/\/www.pressenza.com\/pt-pt\/\",\"logo\":{\"@type\":\"ImageObject\",\"inLanguage\":\"pt-PT\",\"@id\":\"https:\/\/www.pressenza.com\/pt-pt\/#\/schema\/logo\/image\/\",\"url\":\"https:\/\/www.pressenza.com\/wp-content\/uploads\/2022\/10\/pressenza_logo_200x200.jpg\",\"contentUrl\":\"https:\/\/www.pressenza.com\/wp-content\/uploads\/2022\/10\/pressenza_logo_200x200.jpg\",\"width\":200,\"height\":200,\"caption\":\"Pressenza\"},\"image\":{\"@id\":\"https:\/\/www.pressenza.com\/pt-pt\/#\/schema\/logo\/image\/\"},\"sameAs\":[\"https:\/\/www.facebook.com\/PressenzaItalia\",\"https:\/\/x.com\/PressenzaIPA\"]},{\"@type\":\"Person\",\"@id\":\"https:\/\/www.pressenza.com\/pt-pt\/#\/schema\/person\/d171826afb7693cfc394da95892bfd93\",\"name\":\"Reda\u00e7\u00e3o S\u00e3o Paulo\",\"description\":\"News from the Pressenza bureau in Sao Paulo, Brazil\",\"sameAs\":[\"https:\/\/www.facebook.com\/PressenzaPortugues\",\"https:\/\/x.com\/pressenza_pt\"],\"url\":\"https:\/\/www.pressenza.com\/pt-pt\/author\/redaccao-sao-paulo\/\"}]}<\/script>\n<!-- \/ Yoast SEO plugin. -->","yoast_head_json":{"title":"Terreiro de candombl\u00e9 \u00e9 depredado em Caxias, no estado do Rio","description":"Por Akemi Nitahara. Um terreiro de candombl\u00e9 localizado no bairro Parque Paulista, em Duque de Caxias, na Baixada Fluminense, foi invadido na tarde de","robots":{"index":"index","follow":"follow","max-snippet":"max-snippet:-1","max-image-preview":"max-image-preview:large","max-video-preview":"max-video-preview:-1"},"canonical":"https:\/\/www.pressenza.com\/pt-pt\/2019\/07\/terreiro-de-candomble-e-depredado-em-caxias-no-estado-do-rio\/","og_locale":"pt_PT","og_type":"article","og_title":"Terreiro de candombl\u00e9 \u00e9 depredado em Caxias, no estado do Rio","og_description":"Por Akemi Nitahara. Um terreiro de candombl\u00e9 localizado no bairro Parque Paulista, em Duque de Caxias, na Baixada Fluminense, foi invadido na tarde de","og_url":"https:\/\/www.pressenza.com\/pt-pt\/2019\/07\/terreiro-de-candomble-e-depredado-em-caxias-no-estado-do-rio\/","og_site_name":"Pressenza","article_publisher":"https:\/\/www.facebook.com\/PressenzaItalia","article_author":"https:\/\/www.facebook.com\/PressenzaPortugues","article_published_time":"2019-07-12T17:13:45+00:00","og_image":[{"width":1140,"height":760,"url":"https:\/\/www.pressenza.com\/wp-content\/uploads\/2019\/07\/Candombl\u00e9-Agencia-Brasil.jpg","type":"image\/jpeg"}],"author":"Reda\u00e7\u00e3o S\u00e3o Paulo","twitter_card":"summary_large_image","twitter_creator":"@pressenza_pt","twitter_site":"@PressenzaIPA","twitter_misc":{"Escrito por":"Reda\u00e7\u00e3o S\u00e3o Paulo","Tempo estimado de leitura":"3 minutos"},"schema":{"@context":"https:\/\/schema.org","@graph":[{"@type":"Article","@id":"https:\/\/www.pressenza.com\/pt-pt\/2019\/07\/terreiro-de-candomble-e-depredado-em-caxias-no-estado-do-rio\/#article","isPartOf":{"@id":"https:\/\/www.pressenza.com\/pt-pt\/2019\/07\/terreiro-de-candomble-e-depredado-em-caxias-no-estado-do-rio\/"},"author":{"name":"Reda\u00e7\u00e3o S\u00e3o Paulo","@id":"https:\/\/www.pressenza.com\/pt-pt\/#\/schema\/person\/d171826afb7693cfc394da95892bfd93"},"headline":"Terreiro de candombl\u00e9 \u00e9 depredado em Caxias, no estado do Rio","datePublished":"2019-07-12T17:13:45+00:00","mainEntityOfPage":{"@id":"https:\/\/www.pressenza.com\/pt-pt\/2019\/07\/terreiro-de-candomble-e-depredado-em-caxias-no-estado-do-rio\/"},"wordCount":677,"publisher":{"@id":"https:\/\/www.pressenza.com\/pt-pt\/#organization"},"image":{"@id":"https:\/\/www.pressenza.com\/pt-pt\/2019\/07\/terreiro-de-candomble-e-depredado-em-caxias-no-estado-do-rio\/#primaryimage"},"thumbnailUrl":"https:\/\/www.pressenza.com\/wp-content\/uploads\/2019\/07\/Candombl\u00e9-Agencia-Brasil.jpg","keywords":["ataques","terreiros"],"articleSection":["\u00c1m\u00e9rica do Sul","Direitos Humanos","Diversidade","Regi\u00e3o"],"inLanguage":"pt-PT"},{"@type":"WebPage","@id":"https:\/\/www.pressenza.com\/pt-pt\/2019\/07\/terreiro-de-candomble-e-depredado-em-caxias-no-estado-do-rio\/","url":"https:\/\/www.pressenza.com\/pt-pt\/2019\/07\/terreiro-de-candomble-e-depredado-em-caxias-no-estado-do-rio\/","name":"Terreiro de candombl\u00e9 \u00e9 depredado em Caxias, no estado do Rio","isPartOf":{"@id":"https:\/\/www.pressenza.com\/pt-pt\/#website"},"primaryImageOfPage":{"@id":"https:\/\/www.pressenza.com\/pt-pt\/2019\/07\/terreiro-de-candomble-e-depredado-em-caxias-no-estado-do-rio\/#primaryimage"},"image":{"@id":"https:\/\/www.pressenza.com\/pt-pt\/2019\/07\/terreiro-de-candomble-e-depredado-em-caxias-no-estado-do-rio\/#primaryimage"},"thumbnailUrl":"https:\/\/www.pressenza.com\/wp-content\/uploads\/2019\/07\/Candombl\u00e9-Agencia-Brasil.jpg","datePublished":"2019-07-12T17:13:45+00:00","description":"Por Akemi Nitahara. Um terreiro de candombl\u00e9 localizado no bairro Parque Paulista, em Duque de Caxias, na Baixada Fluminense, foi invadido na tarde de","breadcrumb":{"@id":"https:\/\/www.pressenza.com\/pt-pt\/2019\/07\/terreiro-de-candomble-e-depredado-em-caxias-no-estado-do-rio\/#breadcrumb"},"inLanguage":"pt-PT","potentialAction":[{"@type":"ReadAction","target":["https:\/\/www.pressenza.com\/pt-pt\/2019\/07\/terreiro-de-candomble-e-depredado-em-caxias-no-estado-do-rio\/"]}]},{"@type":"ImageObject","inLanguage":"pt-PT","@id":"https:\/\/www.pressenza.com\/pt-pt\/2019\/07\/terreiro-de-candomble-e-depredado-em-caxias-no-estado-do-rio\/#primaryimage","url":"https:\/\/www.pressenza.com\/wp-content\/uploads\/2019\/07\/Candombl\u00e9-Agencia-Brasil.jpg","contentUrl":"https:\/\/www.pressenza.com\/wp-content\/uploads\/2019\/07\/Candombl\u00e9-Agencia-Brasil.jpg","width":1140,"height":760,"caption":"Rio de Janeiro - Devotos de Iemanj\u00e1 fazem festa em celebra\u00e7\u00e3o ao seu dia no centro da capital fluminense. (Tomaz Silva\/Ag\u00eancia Brasil)"},{"@type":"BreadcrumbList","@id":"https:\/\/www.pressenza.com\/pt-pt\/2019\/07\/terreiro-de-candomble-e-depredado-em-caxias-no-estado-do-rio\/#breadcrumb","itemListElement":[{"@type":"ListItem","position":1,"name":"Accueil","item":"https:\/\/www.pressenza.com\/pt-pt\/"},{"@type":"ListItem","position":2,"name":"Terreiro de candombl\u00e9 \u00e9 depredado em Caxias, no estado do Rio"}]},{"@type":"WebSite","@id":"https:\/\/www.pressenza.com\/pt-pt\/#website","url":"https:\/\/www.pressenza.com\/pt-pt\/","name":"Pressenza","description":"International Press Agency","publisher":{"@id":"https:\/\/www.pressenza.com\/pt-pt\/#organization"},"potentialAction":[{"@type":"SearchAction","target":{"@type":"EntryPoint","urlTemplate":"https:\/\/www.pressenza.com\/pt-pt\/?s={search_term_string}"},"query-input":{"@type":"PropertyValueSpecification","valueRequired":true,"valueName":"search_term_string"}}],"inLanguage":"pt-PT"},{"@type":"Organization","@id":"https:\/\/www.pressenza.com\/pt-pt\/#organization","name":"Pressenza","url":"https:\/\/www.pressenza.com\/pt-pt\/","logo":{"@type":"ImageObject","inLanguage":"pt-PT","@id":"https:\/\/www.pressenza.com\/pt-pt\/#\/schema\/logo\/image\/","url":"https:\/\/www.pressenza.com\/wp-content\/uploads\/2022\/10\/pressenza_logo_200x200.jpg","contentUrl":"https:\/\/www.pressenza.com\/wp-content\/uploads\/2022\/10\/pressenza_logo_200x200.jpg","width":200,"height":200,"caption":"Pressenza"},"image":{"@id":"https:\/\/www.pressenza.com\/pt-pt\/#\/schema\/logo\/image\/"},"sameAs":["https:\/\/www.facebook.com\/PressenzaItalia","https:\/\/x.com\/PressenzaIPA"]},{"@type":"Person","@id":"https:\/\/www.pressenza.com\/pt-pt\/#\/schema\/person\/d171826afb7693cfc394da95892bfd93","name":"Reda\u00e7\u00e3o S\u00e3o Paulo","description":"News from the Pressenza bureau in Sao Paulo, Brazil","sameAs":["https:\/\/www.facebook.com\/PressenzaPortugues","https:\/\/x.com\/pressenza_pt"],"url":"https:\/\/www.pressenza.com\/pt-pt\/author\/redaccao-sao-paulo\/"}]}},"place":"Rio de Janeiro","original_article_url":"http:\/\/agenciabrasil.ebc.com.br\/geral\/noticia\/2019-07\/terreiro-de-candomble-e-depredado-em-caxias-no-estado-do-rio","_links":{"self":[{"href":"https:\/\/www.pressenza.com\/pt-pt\/wp-json\/wp\/v2\/posts\/886773","targetHints":{"allow":["GET"]}}],"collection":[{"href":"https:\/\/www.pressenza.com\/pt-pt\/wp-json\/wp\/v2\/posts"}],"about":[{"href":"https:\/\/www.pressenza.com\/pt-pt\/wp-json\/wp\/v2\/types\/post"}],"author":[{"embeddable":true,"href":"https:\/\/www.pressenza.com\/pt-pt\/wp-json\/wp\/v2\/users\/44"}],"replies":[{"embeddable":true,"href":"https:\/\/www.pressenza.com\/pt-pt\/wp-json\/wp\/v2\/comments?post=886773"}],"version-history":[{"count":0,"href":"https:\/\/www.pressenza.com\/pt-pt\/wp-json\/wp\/v2\/posts\/886773\/revisions"}],"wp:featuredmedia":[{"embeddable":true,"href":"https:\/\/www.pressenza.com\/pt-pt\/wp-json\/wp\/v2\/media\/886774"}],"wp:attachment":[{"href":"https:\/\/www.pressenza.com\/pt-pt\/wp-json\/wp\/v2\/media?parent=886773"}],"wp:term":[{"taxonomy":"category","embeddable":true,"href":"https:\/\/www.pressenza.com\/pt-pt\/wp-json\/wp\/v2\/categories?post=886773"},{"taxonomy":"post_tag","embeddable":true,"href":"https:\/\/www.pressenza.com\/pt-pt\/wp-json\/wp\/v2\/tags?post=886773"}],"curies":[{"name":"wp","href":"https:\/\/api.w.org\/{rel}","templated":true}]}}