{"id":880317,"date":"2019-07-04T01:11:01","date_gmt":"2019-07-04T00:11:01","guid":{"rendered":"https:\/\/www.pressenza.com\/?p=880317"},"modified":"2019-07-05T22:29:12","modified_gmt":"2019-07-05T21:29:12","slug":"lorena-casco-candidata-a-deputada-humanista-no-uruguai-queremos-reconstruir-o-tecido-social-rebelde","status":"publish","type":"post","link":"https:\/\/www.pressenza.com\/pt-pt\/2019\/07\/lorena-casco-candidata-a-deputada-humanista-no-uruguai-queremos-reconstruir-o-tecido-social-rebelde\/","title":{"rendered":"Lorena Casco, candidata a deputada humanista no Uruguai: &#8220;Queremos reconstruir o tecido social rebelde&#8221;"},"content":{"rendered":"<p dir=\"ltr\">Este domingo 30 ser\u00e1 disputado elei\u00e7\u00f5es internas no Uruguai para decidir as f\u00f3rmulas que v\u00e3o competir em outubro. Pressenza falou com Lorena Casco, militante e candidata a deputada do Partido Humanista na Frente de Unidade Popular.<\/p>\n<p dir=\"ltr\"><strong>P: Como voc\u00ea v\u00ea o atual cen\u00e1rio pol\u00edtico no Uruguai?<\/strong><\/p>\n<p dir=\"ltr\">No Uruguai h\u00e1 dois partidos que competir\u00e3o pela presid\u00eancia. Ambas as partes concordam amplamente com as propostas econ\u00f3micas, com a destrui\u00e7\u00e3o do ambiente e com a atitude de rendi\u00e7\u00e3o e submiss\u00e3o \u00e0s multinacionais e ao capital financeiro estrangeiro.<\/p>\n<p dir=\"ltr\">Frenteamplistas, brancos, coloridos e o partido independente, cada um mostra sua pr\u00f3pria hist\u00f3ria e processo, com predomin\u00e2ncia em seus detentos das vers\u00f5es de direita que conhecemos desde que superamos a ditadura militar.<\/p>\n<p dir=\"ltr\">Se olharmos para as bases, vemos, em geral, uma crescente perda de participa\u00e7\u00e3o, um desinteresse pela pol\u00edtica com importantes nuances de anomia. Isto n\u00e3o \u00e9 acidental, foi especialmente induzido pelo partido do governo que em outros tempos foi uma importante planta de ativismo, de luta social. Muitas pessoas decepcionadas que, no entanto, se resignam a votar menos mal por receio de que o que amea\u00e7a chegar ao governo como alternativa seja sem d\u00favida pior.<\/p>\n<p dir=\"ltr\">No entanto, novas express\u00f5es pol\u00edticas s\u00e3o apresentadas nestas elei\u00e7\u00f5es e, pouco a pouco, as vozes daqueles que dizem que basta o suficiente para chantagear a vota\u00e7\u00e3o, pelo menos mal, s\u00e3o ouvidas e fortemente encorajados a votar no primeiro turno em deputados e senadores que representam as vozes dos oprimidos.<\/p>\n<p><strong>P: O Frente Amplismo surgiu como uma for\u00e7a emergente da esquerda, quebrando o bipartidarismo tradicional, e chegou ao governo derrotando a direita em tr\u00eas ocasi\u00f5es. O que aconteceu? Por que integrar e votar agora na Unidade Popular?<\/strong><\/p>\n<p dir=\"ltr\">O modelo da Frente Ampla na regi\u00e3o, seu espelho, foi a Concerta\u00e7\u00e3o Chilena. A FA, desde que tomou posse em 1989, o governo da Prefeitura de Montevid\u00e9u vem mostrando seu aggiornamento \u00e0 social-democracia europ\u00e9ia, em sua vers\u00e3o leve, t\u00edpica do momento hegem\u00f4nico neoliberal. A FA subiu para a esquerda e governa em assuntos econ\u00f3micos como um partido de centro-direita. A FA teve como seu principal referente Tabar\u00e9 V\u00e1zquez, que n\u00e3o vem da tradi\u00e7\u00e3o da esquerda uruguaia, \u00e9 uma pessoa que claramente por sensibilidade e atitudes se v\u00ea mais ligado aos partidos tradicionais. \u00c9 dif\u00edcil de explicar mesmo para os mesmos frontamplistas que o fundaram na d\u00e9cada de 1970, pois foi um conselheiro do FMI que foi eleito duas vezes presidente pelo governo de coaliz\u00e3o.<\/p>\n<p dir=\"ltr\">Unidad Popular representa por um lado o melhor da tradi\u00e7\u00e3o da esquerda uruguaia. Mistura os aspectos mais coerentes do pensamento Marxista, Artista, Batalhista, Saravista e \u00e9 o lugar mais coerente onde os humanistas encontram a sua contribui\u00e7\u00e3o. O programa levantado pela Unidade Popular \u00e9 um programa do governo onde os uruguaios se encarregam de seu destino. As propostas da Unidade Popular s\u00f3 ser\u00e3o poss\u00edveis na medida em que o crescimento eleitoral seja acompanhado pelo crescimento do povo organizado e ativo.<\/p>\n<p dir=\"ltr\"><strong>P: Que sotaques o Humanismo promoveria no Parlamento?<\/strong><\/p>\n<p dir=\"ltr\">Nosso banco, al\u00e9m de realizar as linhas de a\u00e7\u00e3o definidas no coletivo de Unidade Popular, e aprofundar o direcionamento do que j\u00e1 foi feito com um deputado no per\u00edodo 2015-2020, enfatizar\u00e1 a promo\u00e7\u00e3o de leis que favore\u00e7am a participa\u00e7\u00e3o popular, tais como propostas para facilitar consultas vinculantes com o povo, a revoga\u00e7\u00e3o de mandatos, o veto popular, a iniciativa popular.<\/p>\n<p dir=\"ltr\">Os temas da Ecologia Social ser\u00e3o outro dos eixos fundamentais, onde procuraremos limitar o desastre ambiental gerado pelas monoculturas de soja e eucalipto.<\/p>\n<p dir=\"ltr\">Ao mesmo tempo, a nossa bancada ser\u00e1 caracterizada por desenvolver a sua actividade mais fora do que dentro do Parlamento. O nosso estilo ser\u00e1 inspirado por uma declara\u00e7\u00e3o escrita no livro &#8220;Cartas aos meus amigos&#8221;, mais precisamente na carta 7 do fundador do Movimento Humanista de que deriva o nosso partido, Silo.\u00a0 Silo diz nesse escrito: &#8220;Um membro do partido que consegue a representa\u00e7\u00e3o popular n\u00e3o \u00e9 um funcion\u00e1rio p\u00fablico, mas um referente que evidencia as contradi\u00e7\u00f5es do sistema e organiza a luta em dire\u00e7\u00e3o \u00e0 revolu\u00e7\u00e3o.<\/p>\n<p dir=\"ltr\">Estar nos conflitos sociais acompanhando os oprimidos que se organizam, encorajar a tomar a iniciativa de todo tipo de agrupamento que d\u00ea resposta \u00e0s necessidades concretas de nosso povo oprimido, impulsionar a federa\u00e7\u00e3o nacional de apoio humano, as redes de economia humanista, as cooperativas de produ\u00e7\u00e3o e servi\u00e7os autogeridos e toda tarefa que produza nos fatos uni\u00e3o, solidariedade e for\u00e7a no povo ser\u00e3o tarefas priorit\u00e1rias. Neste sentido, todas as quest\u00f5es ligadas \u00e0 cultura da n\u00e3o-viol\u00eancia e ao desenvolvimento pessoal em fun\u00e7\u00e3o da mudan\u00e7a social ser\u00e3o ingredientes permanentes de nossas a\u00e7\u00f5es que formam uma esfera essencial do que nos define como &#8220;algo mais que um partido pol\u00edtico&#8221;.<\/p>\n<p dir=\"ltr\"><strong>P: O que a motiva a ser militante e candidata a deputada?<\/strong><\/p>\n<p dir=\"ltr\">Eu tinha 16 anos quando comecei a militar no movimento humanista, a pobreza que eu via ao meu redor me machucou e essa foi minha primeira motiva\u00e7\u00e3o. Eu sentia que algo tinha que ser feito, que n\u00e3o podia ser normal que alguns nascessem desnutridos num &#8220;cante&#8221;, enquanto outros nasciam com mais dinheiro do que podiam gastar em toda a sua vida. Hoje ainda \u00e9 um dos temas que mais me comove, mas outros foram acrescentados, como, por exemplo, a consci\u00eancia do desastre ecol\u00f3gico que \u00e9 promovido pelas pol\u00edticas de saque do grande capital. Saber que tudo est\u00e1 polu\u00eddo, que os tempos ecol\u00f3gicos, as florestas nativas e a fauna nativa n\u00e3o s\u00e3o minimamente respeitados, e isso tem conseq\u00fc\u00eancias imediatas e de longo prazo. Hoje temos um deputado, com uma equipe de trabalho lutando para eliminar os agrot\u00f3xicos mais contaminantes, proibidos nos chamados pa\u00edses &#8220;desenvolvidos&#8221;, amanh\u00e3 poderemos ter muitos mais deputados, gerando oportunidades para todos. Isso motiva-me, poderia ser eu ou qualquer um dos meus colegas de partido, s\u00e3o pessoas em quem confio plenamente e, para al\u00e9m da face vis\u00edvel, trabalhamos e pensamos em conjunto. O Parlamento \u00e9 um lugar de resson\u00e2ncia, a partir da\u00ed \u00e9 poss\u00edvel trabalhar com outra chegada para reconstruir o tecido social rebelde e fazer ouvir as vozes subterr\u00e2neas que, para al\u00e9m das bandeiras pol\u00edticas, defendem os direitos humanos e a ecologia.\u00a0 Podemos mostrar que h\u00e1 outra forma de fazer pol\u00edtica e devolver esperan\u00e7a e entusiasmo \u00e0s pessoas daquele banco aberto e participativo.<\/p>\n<p dir=\"ltr\"><strong>P: Como parar a direita pol\u00edtica no Uruguai e na Am\u00e9rica Latina?<\/strong><\/p>\n<p dir=\"ltr\">H\u00e1 muita teoria a este respeito, mas as melhores tentativas que podemos fazer t\u00eam de ser demonstradas por fatos. O formid\u00e1vel trabalho feito pelos meios de comunica\u00e7\u00e3o social do neoliberalismo s\u00f3 pode ser contrariado por ac\u00e7\u00f5es exemplares noutra dire\u00e7\u00e3o. A solidariedade, a satisfa\u00e7\u00e3o das tarefas que nos fortalecem e que beneficiam os grupos humanos, deve ser aberta e resolutamente difundida. N\u00e3o podemos duvidar do nosso paradigma que coloca o ser humano como um valor central, temos de tornar os nossos pontos de vista conhecidos sem receios rid\u00edculos, pensando n\u00e3o naquilo que hoje \u00e9 a maioria na opini\u00e3o p\u00fablica, mas naquilo que os nossos cidad\u00e3os poder\u00e3o pensar depois de amanh\u00e3. Se n\u00e3o semearmos generosamente em ac\u00e7\u00f5es o que dizemos, nada pode ser feito seriamente face \u00e0 avalanche de extremismos de direita. Para dar um exemplo, se n\u00e3o levantarmos as nossas vozes, exigindo uma m\u00e3o quente para os jovens, as mulheres, os trabalhadores, os idosos e os espezinhados em geral, se as nossas convic\u00e7\u00f5es vacilarem, ficamos sem alternativas. Assim, pregar pelo exemplo e produzir a\u00e7\u00f5es que mostrem que, de fato, outro paradigma verdadeiramente humano est\u00e1 em andamento.<\/p>\n<p dir=\"ltr\">J\u00e1 em termos mais globais, a esquerda deve aproximar-se do popular, tal como o popular deve incorporar as propostas da esquerda. As propostas de m\u00e1ximo, de mudan\u00e7as fundamentais, devem ser apoiadas e buscar coincid\u00eancias com aquelas propostas mais imediatas que se instalam em boa parte dos que lutam por demandas justas e mais pontuais. Temos de procurar coincid\u00eancias com outras for\u00e7as semelhantes na regi\u00e3o; \u00e9 necess\u00e1rio travar o crescente intervencionismo dos EUA.<\/p>\n<p dir=\"ltr\"><strong>P: Na \u00faltima elei\u00e7\u00e3o, a Unidade Popular chegou ao parlamento uruguaio. Qual \u00e9 a aspira\u00e7\u00e3o desta elei\u00e7\u00e3o?<\/strong><\/p>\n<p dir=\"ltr\">Em termos eleitorais aspiramos chegar ao Senado e conseguir tr\u00eas deputados, mas como sabemos que h\u00e1 muitos fatores em jogo, e embora nosso programa beneficie 90% dos uruguaios, a manipula\u00e7\u00e3o e a opress\u00e3o fazem com que a maioria dos oprimidos vote em seus carrascos. Uma delas \u00e9 o fato de que, de acordo com a nova lei eleitoral, a Unidade Popular receber\u00e1 quase 10% dos espa\u00e7os gratuitos de TV para a campanha eleitoral. Aqui dependeremos de nossa criatividade e intelig\u00eancia para aproveitar ao m\u00e1ximo esta rota de chegada em massa.<\/p>\n<p dir=\"ltr\"><strong>P: Se for necess\u00e1ria uma segunda ronda depois de Outubro, j\u00e1 tem uma defini\u00e7\u00e3o pol\u00edtica como frente?<\/strong><\/p>\n<p dir=\"ltr\">Ainda n\u00e3o o definimos. Na Unidade Popular sempre tivemos diferen\u00e7as com esta quest\u00e3o, n\u00e3o h\u00e1 unanimidade, embora em geral, nos grupos que comp\u00f5em a UP predomine a posi\u00e7\u00e3o de anular o voto para um segundo turno, posi\u00e7\u00e3o que n\u00e3o \u00e9 e n\u00e3o tem sido nossa. Nas elei\u00e7\u00f5es de 2014, a UP definiu a quest\u00e3o ap\u00f3s o primeiro turno em um cen\u00e1rio em que o primeiro turno j\u00e1 havia marcado um resultado que garantia a vit\u00f3ria no bal\u00e3o da FA. Agora o cen\u00e1rio eleitoral est\u00e1 muito pr\u00f3ximo e a FA est\u00e1 em risco de continuidade. Na UP, vamos concentrar-nos na primeira ronda, que \u00e9 onde os representantes ao Parlamento s\u00e3o eleitos, ou seja, na nossa elei\u00e7\u00e3o.<\/p>\n<p dir=\"ltr\">Ao mesmo tempo, o momento regional exige para n\u00f3s uma vis\u00e3o actualizada dos processos pol\u00edticos em que a direita e a ultra direita se posicionaram. Nunca dissemos que a FA e os partidos tradicionais s\u00e3o os mesmos, nem o diremos neste caso t\u00e3o complexo e delicado na nossa Am\u00e9rica Latina. Para al\u00e9m desta opini\u00e3o, n\u00e3o \u00e9 a quest\u00e3o que nos vai manter ocupados at\u00e9 27 de Outubro, mas a segunda ronda ser\u00e1 a quest\u00e3o para depois dessa inst\u00e2ncia.<\/p>\n","protected":false},"excerpt":{"rendered":"<p>Este domingo 30 ser\u00e1 disputado elei\u00e7\u00f5es internas no Uruguai para decidir as f\u00f3rmulas que v\u00e3o competir em outubro. Pressenza falou com Lorena Casco, militante e candidata a deputada do Partido Humanista na Frente de Unidade Popular. P: Como voc\u00ea v\u00ea&hellip;<\/p>\n","protected":false},"author":44,"featured_media":880318,"comment_status":"closed","ping_status":"closed","sticky":false,"template":"","format":"standard","meta":{"footnotes":""},"categories":[11390],"tags":[7385],"class_list":["post-880317","post","type-post","status-publish","format-standard","has-post-thumbnail","hentry","category-conteudo-original","tag-uruguai"],"yoast_head":"<!-- This site is optimized with the Yoast SEO plugin v27.1.1 - https:\/\/yoast.com\/product\/yoast-seo-wordpress\/ -->\n<title>Lorena Casco, candidata a deputada humanista no Uruguai: &quot;Queremos reconstruir o tecido social rebelde&quot;<\/title>\n<meta name=\"description\" content=\"Este domingo 30 ser\u00e1 disputado elei\u00e7\u00f5es internas no Uruguai para decidir as f\u00f3rmulas que v\u00e3o competir em outubro. Pressenza falou com Lorena Casco,\" \/>\n<meta name=\"robots\" content=\"index, follow, max-snippet:-1, max-image-preview:large, max-video-preview:-1\" \/>\n<link rel=\"canonical\" href=\"https:\/\/www.pressenza.com\/pt-pt\/2019\/07\/lorena-casco-candidata-a-deputada-humanista-no-uruguai-queremos-reconstruir-o-tecido-social-rebelde\/\" \/>\n<meta property=\"og:locale\" content=\"pt_PT\" \/>\n<meta property=\"og:type\" content=\"article\" \/>\n<meta property=\"og:title\" content=\"Lorena Casco, candidata a deputada humanista no Uruguai: &quot;Queremos reconstruir o tecido social rebelde&quot;\" \/>\n<meta property=\"og:description\" content=\"Este domingo 30 ser\u00e1 disputado elei\u00e7\u00f5es internas no Uruguai para decidir as f\u00f3rmulas que v\u00e3o competir em outubro. Pressenza falou com Lorena Casco,\" \/>\n<meta property=\"og:url\" content=\"https:\/\/www.pressenza.com\/pt-pt\/2019\/07\/lorena-casco-candidata-a-deputada-humanista-no-uruguai-queremos-reconstruir-o-tecido-social-rebelde\/\" \/>\n<meta property=\"og:site_name\" content=\"Pressenza\" \/>\n<meta property=\"article:publisher\" content=\"https:\/\/www.facebook.com\/PressenzaItalia\" \/>\n<meta property=\"article:author\" content=\"https:\/\/www.facebook.com\/PressenzaPortugues\" \/>\n<meta property=\"article:published_time\" content=\"2019-07-04T00:11:01+00:00\" \/>\n<meta property=\"article:modified_time\" content=\"2019-07-05T21:29:12+00:00\" \/>\n<meta property=\"og:image\" content=\"https:\/\/www.pressenza.com\/wp-content\/uploads\/2019\/07\/lorena.jpg\" \/>\n\t<meta property=\"og:image:width\" content=\"1280\" \/>\n\t<meta property=\"og:image:height\" content=\"720\" \/>\n\t<meta property=\"og:image:type\" content=\"image\/jpeg\" \/>\n<meta name=\"author\" content=\"Reda\u00e7\u00e3o S\u00e3o Paulo\" \/>\n<meta name=\"twitter:card\" content=\"summary_large_image\" \/>\n<meta name=\"twitter:creator\" content=\"@pressenza_pt\" \/>\n<meta name=\"twitter:site\" content=\"@PressenzaIPA\" \/>\n<meta name=\"twitter:label1\" content=\"Escrito por\" \/>\n\t<meta name=\"twitter:data1\" content=\"Reda\u00e7\u00e3o S\u00e3o Paulo\" \/>\n\t<meta name=\"twitter:label2\" content=\"Tempo estimado de leitura\" \/>\n\t<meta name=\"twitter:data2\" content=\"9 minutos\" \/>\n<script type=\"application\/ld+json\" class=\"yoast-schema-graph\">{\"@context\":\"https:\/\/schema.org\",\"@graph\":[{\"@type\":\"Article\",\"@id\":\"https:\/\/www.pressenza.com\/pt-pt\/2019\/07\/lorena-casco-candidata-a-deputada-humanista-no-uruguai-queremos-reconstruir-o-tecido-social-rebelde\/#article\",\"isPartOf\":{\"@id\":\"https:\/\/www.pressenza.com\/pt-pt\/2019\/07\/lorena-casco-candidata-a-deputada-humanista-no-uruguai-queremos-reconstruir-o-tecido-social-rebelde\/\"},\"author\":{\"name\":\"Reda\u00e7\u00e3o S\u00e3o Paulo\",\"@id\":\"https:\/\/www.pressenza.com\/pt-pt\/#\/schema\/person\/d171826afb7693cfc394da95892bfd93\"},\"headline\":\"Lorena Casco, candidata a deputada humanista no Uruguai: &#8220;Queremos reconstruir o tecido social rebelde&#8221;\",\"datePublished\":\"2019-07-04T00:11:01+00:00\",\"dateModified\":\"2019-07-05T21:29:12+00:00\",\"mainEntityOfPage\":{\"@id\":\"https:\/\/www.pressenza.com\/pt-pt\/2019\/07\/lorena-casco-candidata-a-deputada-humanista-no-uruguai-queremos-reconstruir-o-tecido-social-rebelde\/\"},\"wordCount\":1762,\"publisher\":{\"@id\":\"https:\/\/www.pressenza.com\/pt-pt\/#organization\"},\"image\":{\"@id\":\"https:\/\/www.pressenza.com\/pt-pt\/2019\/07\/lorena-casco-candidata-a-deputada-humanista-no-uruguai-queremos-reconstruir-o-tecido-social-rebelde\/#primaryimage\"},\"thumbnailUrl\":\"https:\/\/www.pressenza.com\/wp-content\/uploads\/2019\/07\/lorena.jpg\",\"keywords\":[\"uruguai\"],\"articleSection\":[\"Conte\u00fado Original\"],\"inLanguage\":\"pt-PT\"},{\"@type\":\"WebPage\",\"@id\":\"https:\/\/www.pressenza.com\/pt-pt\/2019\/07\/lorena-casco-candidata-a-deputada-humanista-no-uruguai-queremos-reconstruir-o-tecido-social-rebelde\/\",\"url\":\"https:\/\/www.pressenza.com\/pt-pt\/2019\/07\/lorena-casco-candidata-a-deputada-humanista-no-uruguai-queremos-reconstruir-o-tecido-social-rebelde\/\",\"name\":\"Lorena Casco, candidata a deputada humanista no Uruguai: \\\"Queremos reconstruir o tecido social rebelde\\\"\",\"isPartOf\":{\"@id\":\"https:\/\/www.pressenza.com\/pt-pt\/#website\"},\"primaryImageOfPage\":{\"@id\":\"https:\/\/www.pressenza.com\/pt-pt\/2019\/07\/lorena-casco-candidata-a-deputada-humanista-no-uruguai-queremos-reconstruir-o-tecido-social-rebelde\/#primaryimage\"},\"image\":{\"@id\":\"https:\/\/www.pressenza.com\/pt-pt\/2019\/07\/lorena-casco-candidata-a-deputada-humanista-no-uruguai-queremos-reconstruir-o-tecido-social-rebelde\/#primaryimage\"},\"thumbnailUrl\":\"https:\/\/www.pressenza.com\/wp-content\/uploads\/2019\/07\/lorena.jpg\",\"datePublished\":\"2019-07-04T00:11:01+00:00\",\"dateModified\":\"2019-07-05T21:29:12+00:00\",\"description\":\"Este domingo 30 ser\u00e1 disputado elei\u00e7\u00f5es internas no Uruguai para decidir as f\u00f3rmulas que v\u00e3o competir em outubro. Pressenza falou com Lorena Casco,\",\"breadcrumb\":{\"@id\":\"https:\/\/www.pressenza.com\/pt-pt\/2019\/07\/lorena-casco-candidata-a-deputada-humanista-no-uruguai-queremos-reconstruir-o-tecido-social-rebelde\/#breadcrumb\"},\"inLanguage\":\"pt-PT\",\"potentialAction\":[{\"@type\":\"ReadAction\",\"target\":[\"https:\/\/www.pressenza.com\/pt-pt\/2019\/07\/lorena-casco-candidata-a-deputada-humanista-no-uruguai-queremos-reconstruir-o-tecido-social-rebelde\/\"]}]},{\"@type\":\"ImageObject\",\"inLanguage\":\"pt-PT\",\"@id\":\"https:\/\/www.pressenza.com\/pt-pt\/2019\/07\/lorena-casco-candidata-a-deputada-humanista-no-uruguai-queremos-reconstruir-o-tecido-social-rebelde\/#primaryimage\",\"url\":\"https:\/\/www.pressenza.com\/wp-content\/uploads\/2019\/07\/lorena.jpg\",\"contentUrl\":\"https:\/\/www.pressenza.com\/wp-content\/uploads\/2019\/07\/lorena.jpg\",\"width\":1280,\"height\":720},{\"@type\":\"BreadcrumbList\",\"@id\":\"https:\/\/www.pressenza.com\/pt-pt\/2019\/07\/lorena-casco-candidata-a-deputada-humanista-no-uruguai-queremos-reconstruir-o-tecido-social-rebelde\/#breadcrumb\",\"itemListElement\":[{\"@type\":\"ListItem\",\"position\":1,\"name\":\"Accueil\",\"item\":\"https:\/\/www.pressenza.com\/pt-pt\/\"},{\"@type\":\"ListItem\",\"position\":2,\"name\":\"Lorena Casco, candidata a deputada humanista no Uruguai: &#8220;Queremos reconstruir o tecido social rebelde&#8221;\"}]},{\"@type\":\"WebSite\",\"@id\":\"https:\/\/www.pressenza.com\/pt-pt\/#website\",\"url\":\"https:\/\/www.pressenza.com\/pt-pt\/\",\"name\":\"Pressenza\",\"description\":\"International Press Agency\",\"publisher\":{\"@id\":\"https:\/\/www.pressenza.com\/pt-pt\/#organization\"},\"potentialAction\":[{\"@type\":\"SearchAction\",\"target\":{\"@type\":\"EntryPoint\",\"urlTemplate\":\"https:\/\/www.pressenza.com\/pt-pt\/?s={search_term_string}\"},\"query-input\":{\"@type\":\"PropertyValueSpecification\",\"valueRequired\":true,\"valueName\":\"search_term_string\"}}],\"inLanguage\":\"pt-PT\"},{\"@type\":\"Organization\",\"@id\":\"https:\/\/www.pressenza.com\/pt-pt\/#organization\",\"name\":\"Pressenza\",\"url\":\"https:\/\/www.pressenza.com\/pt-pt\/\",\"logo\":{\"@type\":\"ImageObject\",\"inLanguage\":\"pt-PT\",\"@id\":\"https:\/\/www.pressenza.com\/pt-pt\/#\/schema\/logo\/image\/\",\"url\":\"https:\/\/www.pressenza.com\/wp-content\/uploads\/2022\/10\/pressenza_logo_200x200.jpg\",\"contentUrl\":\"https:\/\/www.pressenza.com\/wp-content\/uploads\/2022\/10\/pressenza_logo_200x200.jpg\",\"width\":200,\"height\":200,\"caption\":\"Pressenza\"},\"image\":{\"@id\":\"https:\/\/www.pressenza.com\/pt-pt\/#\/schema\/logo\/image\/\"},\"sameAs\":[\"https:\/\/www.facebook.com\/PressenzaItalia\",\"https:\/\/x.com\/PressenzaIPA\"]},{\"@type\":\"Person\",\"@id\":\"https:\/\/www.pressenza.com\/pt-pt\/#\/schema\/person\/d171826afb7693cfc394da95892bfd93\",\"name\":\"Reda\u00e7\u00e3o S\u00e3o Paulo\",\"description\":\"News from the Pressenza bureau in Sao Paulo, Brazil\",\"sameAs\":[\"https:\/\/www.facebook.com\/PressenzaPortugues\",\"https:\/\/x.com\/pressenza_pt\"],\"url\":\"https:\/\/www.pressenza.com\/pt-pt\/author\/redaccao-sao-paulo\/\"}]}<\/script>\n<!-- \/ Yoast SEO plugin. -->","yoast_head_json":{"title":"Lorena Casco, candidata a deputada humanista no Uruguai: \"Queremos reconstruir o tecido social rebelde\"","description":"Este domingo 30 ser\u00e1 disputado elei\u00e7\u00f5es internas no Uruguai para decidir as f\u00f3rmulas que v\u00e3o competir em outubro. Pressenza falou com Lorena Casco,","robots":{"index":"index","follow":"follow","max-snippet":"max-snippet:-1","max-image-preview":"max-image-preview:large","max-video-preview":"max-video-preview:-1"},"canonical":"https:\/\/www.pressenza.com\/pt-pt\/2019\/07\/lorena-casco-candidata-a-deputada-humanista-no-uruguai-queremos-reconstruir-o-tecido-social-rebelde\/","og_locale":"pt_PT","og_type":"article","og_title":"Lorena Casco, candidata a deputada humanista no Uruguai: \"Queremos reconstruir o tecido social rebelde\"","og_description":"Este domingo 30 ser\u00e1 disputado elei\u00e7\u00f5es internas no Uruguai para decidir as f\u00f3rmulas que v\u00e3o competir em outubro. Pressenza falou com Lorena Casco,","og_url":"https:\/\/www.pressenza.com\/pt-pt\/2019\/07\/lorena-casco-candidata-a-deputada-humanista-no-uruguai-queremos-reconstruir-o-tecido-social-rebelde\/","og_site_name":"Pressenza","article_publisher":"https:\/\/www.facebook.com\/PressenzaItalia","article_author":"https:\/\/www.facebook.com\/PressenzaPortugues","article_published_time":"2019-07-04T00:11:01+00:00","article_modified_time":"2019-07-05T21:29:12+00:00","og_image":[{"width":1280,"height":720,"url":"https:\/\/www.pressenza.com\/wp-content\/uploads\/2019\/07\/lorena.jpg","type":"image\/jpeg"}],"author":"Reda\u00e7\u00e3o S\u00e3o Paulo","twitter_card":"summary_large_image","twitter_creator":"@pressenza_pt","twitter_site":"@PressenzaIPA","twitter_misc":{"Escrito por":"Reda\u00e7\u00e3o S\u00e3o Paulo","Tempo estimado de leitura":"9 minutos"},"schema":{"@context":"https:\/\/schema.org","@graph":[{"@type":"Article","@id":"https:\/\/www.pressenza.com\/pt-pt\/2019\/07\/lorena-casco-candidata-a-deputada-humanista-no-uruguai-queremos-reconstruir-o-tecido-social-rebelde\/#article","isPartOf":{"@id":"https:\/\/www.pressenza.com\/pt-pt\/2019\/07\/lorena-casco-candidata-a-deputada-humanista-no-uruguai-queremos-reconstruir-o-tecido-social-rebelde\/"},"author":{"name":"Reda\u00e7\u00e3o S\u00e3o Paulo","@id":"https:\/\/www.pressenza.com\/pt-pt\/#\/schema\/person\/d171826afb7693cfc394da95892bfd93"},"headline":"Lorena Casco, candidata a deputada humanista no Uruguai: &#8220;Queremos reconstruir o tecido social rebelde&#8221;","datePublished":"2019-07-04T00:11:01+00:00","dateModified":"2019-07-05T21:29:12+00:00","mainEntityOfPage":{"@id":"https:\/\/www.pressenza.com\/pt-pt\/2019\/07\/lorena-casco-candidata-a-deputada-humanista-no-uruguai-queremos-reconstruir-o-tecido-social-rebelde\/"},"wordCount":1762,"publisher":{"@id":"https:\/\/www.pressenza.com\/pt-pt\/#organization"},"image":{"@id":"https:\/\/www.pressenza.com\/pt-pt\/2019\/07\/lorena-casco-candidata-a-deputada-humanista-no-uruguai-queremos-reconstruir-o-tecido-social-rebelde\/#primaryimage"},"thumbnailUrl":"https:\/\/www.pressenza.com\/wp-content\/uploads\/2019\/07\/lorena.jpg","keywords":["uruguai"],"articleSection":["Conte\u00fado Original"],"inLanguage":"pt-PT"},{"@type":"WebPage","@id":"https:\/\/www.pressenza.com\/pt-pt\/2019\/07\/lorena-casco-candidata-a-deputada-humanista-no-uruguai-queremos-reconstruir-o-tecido-social-rebelde\/","url":"https:\/\/www.pressenza.com\/pt-pt\/2019\/07\/lorena-casco-candidata-a-deputada-humanista-no-uruguai-queremos-reconstruir-o-tecido-social-rebelde\/","name":"Lorena Casco, candidata a deputada humanista no Uruguai: \"Queremos reconstruir o tecido social rebelde\"","isPartOf":{"@id":"https:\/\/www.pressenza.com\/pt-pt\/#website"},"primaryImageOfPage":{"@id":"https:\/\/www.pressenza.com\/pt-pt\/2019\/07\/lorena-casco-candidata-a-deputada-humanista-no-uruguai-queremos-reconstruir-o-tecido-social-rebelde\/#primaryimage"},"image":{"@id":"https:\/\/www.pressenza.com\/pt-pt\/2019\/07\/lorena-casco-candidata-a-deputada-humanista-no-uruguai-queremos-reconstruir-o-tecido-social-rebelde\/#primaryimage"},"thumbnailUrl":"https:\/\/www.pressenza.com\/wp-content\/uploads\/2019\/07\/lorena.jpg","datePublished":"2019-07-04T00:11:01+00:00","dateModified":"2019-07-05T21:29:12+00:00","description":"Este domingo 30 ser\u00e1 disputado elei\u00e7\u00f5es internas no Uruguai para decidir as f\u00f3rmulas que v\u00e3o competir em outubro. Pressenza falou com Lorena Casco,","breadcrumb":{"@id":"https:\/\/www.pressenza.com\/pt-pt\/2019\/07\/lorena-casco-candidata-a-deputada-humanista-no-uruguai-queremos-reconstruir-o-tecido-social-rebelde\/#breadcrumb"},"inLanguage":"pt-PT","potentialAction":[{"@type":"ReadAction","target":["https:\/\/www.pressenza.com\/pt-pt\/2019\/07\/lorena-casco-candidata-a-deputada-humanista-no-uruguai-queremos-reconstruir-o-tecido-social-rebelde\/"]}]},{"@type":"ImageObject","inLanguage":"pt-PT","@id":"https:\/\/www.pressenza.com\/pt-pt\/2019\/07\/lorena-casco-candidata-a-deputada-humanista-no-uruguai-queremos-reconstruir-o-tecido-social-rebelde\/#primaryimage","url":"https:\/\/www.pressenza.com\/wp-content\/uploads\/2019\/07\/lorena.jpg","contentUrl":"https:\/\/www.pressenza.com\/wp-content\/uploads\/2019\/07\/lorena.jpg","width":1280,"height":720},{"@type":"BreadcrumbList","@id":"https:\/\/www.pressenza.com\/pt-pt\/2019\/07\/lorena-casco-candidata-a-deputada-humanista-no-uruguai-queremos-reconstruir-o-tecido-social-rebelde\/#breadcrumb","itemListElement":[{"@type":"ListItem","position":1,"name":"Accueil","item":"https:\/\/www.pressenza.com\/pt-pt\/"},{"@type":"ListItem","position":2,"name":"Lorena Casco, candidata a deputada humanista no Uruguai: &#8220;Queremos reconstruir o tecido social rebelde&#8221;"}]},{"@type":"WebSite","@id":"https:\/\/www.pressenza.com\/pt-pt\/#website","url":"https:\/\/www.pressenza.com\/pt-pt\/","name":"Pressenza","description":"International Press Agency","publisher":{"@id":"https:\/\/www.pressenza.com\/pt-pt\/#organization"},"potentialAction":[{"@type":"SearchAction","target":{"@type":"EntryPoint","urlTemplate":"https:\/\/www.pressenza.com\/pt-pt\/?s={search_term_string}"},"query-input":{"@type":"PropertyValueSpecification","valueRequired":true,"valueName":"search_term_string"}}],"inLanguage":"pt-PT"},{"@type":"Organization","@id":"https:\/\/www.pressenza.com\/pt-pt\/#organization","name":"Pressenza","url":"https:\/\/www.pressenza.com\/pt-pt\/","logo":{"@type":"ImageObject","inLanguage":"pt-PT","@id":"https:\/\/www.pressenza.com\/pt-pt\/#\/schema\/logo\/image\/","url":"https:\/\/www.pressenza.com\/wp-content\/uploads\/2022\/10\/pressenza_logo_200x200.jpg","contentUrl":"https:\/\/www.pressenza.com\/wp-content\/uploads\/2022\/10\/pressenza_logo_200x200.jpg","width":200,"height":200,"caption":"Pressenza"},"image":{"@id":"https:\/\/www.pressenza.com\/pt-pt\/#\/schema\/logo\/image\/"},"sameAs":["https:\/\/www.facebook.com\/PressenzaItalia","https:\/\/x.com\/PressenzaIPA"]},{"@type":"Person","@id":"https:\/\/www.pressenza.com\/pt-pt\/#\/schema\/person\/d171826afb7693cfc394da95892bfd93","name":"Reda\u00e7\u00e3o S\u00e3o Paulo","description":"News from the Pressenza bureau in Sao Paulo, Brazil","sameAs":["https:\/\/www.facebook.com\/PressenzaPortugues","https:\/\/x.com\/pressenza_pt"],"url":"https:\/\/www.pressenza.com\/pt-pt\/author\/redaccao-sao-paulo\/"}]}},"place":"","original_article_url":"","_links":{"self":[{"href":"https:\/\/www.pressenza.com\/pt-pt\/wp-json\/wp\/v2\/posts\/880317","targetHints":{"allow":["GET"]}}],"collection":[{"href":"https:\/\/www.pressenza.com\/pt-pt\/wp-json\/wp\/v2\/posts"}],"about":[{"href":"https:\/\/www.pressenza.com\/pt-pt\/wp-json\/wp\/v2\/types\/post"}],"author":[{"embeddable":true,"href":"https:\/\/www.pressenza.com\/pt-pt\/wp-json\/wp\/v2\/users\/44"}],"replies":[{"embeddable":true,"href":"https:\/\/www.pressenza.com\/pt-pt\/wp-json\/wp\/v2\/comments?post=880317"}],"version-history":[{"count":0,"href":"https:\/\/www.pressenza.com\/pt-pt\/wp-json\/wp\/v2\/posts\/880317\/revisions"}],"wp:featuredmedia":[{"embeddable":true,"href":"https:\/\/www.pressenza.com\/pt-pt\/wp-json\/wp\/v2\/media\/880318"}],"wp:attachment":[{"href":"https:\/\/www.pressenza.com\/pt-pt\/wp-json\/wp\/v2\/media?parent=880317"}],"wp:term":[{"taxonomy":"category","embeddable":true,"href":"https:\/\/www.pressenza.com\/pt-pt\/wp-json\/wp\/v2\/categories?post=880317"},{"taxonomy":"post_tag","embeddable":true,"href":"https:\/\/www.pressenza.com\/pt-pt\/wp-json\/wp\/v2\/tags?post=880317"}],"curies":[{"name":"wp","href":"https:\/\/api.w.org\/{rel}","templated":true}]}}