{"id":87480,"date":"2014-02-01T00:59:02","date_gmt":"2014-02-01T00:59:02","guid":{"rendered":"http:\/\/www.pressenza.com\/?p=87480"},"modified":"2014-02-01T00:59:02","modified_gmt":"2014-02-01T00:59:02","slug":"snowden-nomeado-para-o-premio-nobel-da-paz","status":"publish","type":"post","link":"https:\/\/www.pressenza.com\/pt-pt\/2014\/02\/snowden-nomeado-para-o-premio-nobel-da-paz\/","title":{"rendered":"Snowden nomeado para o Pr\u00eamio Nobel da Paz"},"content":{"rendered":"<p>O ex-analista da CIA Edward Snowden foi nomeado para o Pr\u00e9mio Nobel da Paz de 2014 por dois deputados do Partido da Esquerda Socialista da Noruega.<\/p>\n<p>por Esquerda.net Publicado pelo Portal Carta Maior<\/p>\n<p>O ex-analista da CIA Edward Snowden foi nomeado para o Pr\u00eamio Nobel da Paz de 2014 por dois deputados do Partido da Esquerda Socialista da Noruega, por ter contribu\u00eddo para uma ordem mundial &#8220;mais pac\u00edfica e est\u00e1vel&#8221; ao revelar a vigil\u00e2ncia em massa de comunica\u00e7\u00f5es telef\u00f4nicas e de Internet levada a cabo pela Ag\u00eancia de Seguran\u00e7a Nacional da administra\u00e7\u00e3o de Barack Obama. Os deputados, B\u00e5rd Vegar Solhjell e Snorre Valem, alegam que &#8220;os seus atos reinstauraram a confian\u00e7a e a abertura como princ\u00edpios fundamentais na pol\u00edtica de seguran\u00e7a&#8221;, l\u00ea-se no documento que enviaram ao Comit\u00e9 Nobel noruegu\u00eas, institui\u00e7\u00e3o que concede o pr\u00e9mio.<\/p>\n<p>Segundo os deputados, a dimens\u00e3o do n\u00edvel de vigil\u00e2ncia e espionagem &#8220;paralisou-nos&#8221; e criou um debate em n\u00edvel mundial. Na sua opini\u00e3o, as revela\u00e7\u00f5es de Snowden ajudaram a difundir o conhecimento cr\u00edtico dos modernos sistemas de vigil\u00e2ncia a estados e indiv\u00edduos. O Partido da Esquerda Socialista teve 4,1% dos votos e tem 7 deputados eleitos em 2013.<\/p>\n<p>O \u00fanico que n\u00e3o \u00e9 entregue em Estocolmo<\/p>\n<p>De acordo com o testamento do milion\u00e1rio sueco Alfred Nobel, criador dos centen\u00e1rios pr\u00e9mios, podem nomear candidatos ao pr\u00eamio da Paz, o \u00fanico que n\u00e3o \u00e9 entregue em Estocolmo, catedr\u00e1ticos de Universidade em Direito ou Ci\u00eancias Pol\u00edticas, parlamentares ou antigos laureados.<\/p>\n<p>S\u00f3 se os autores da nomea\u00e7\u00e3o a tornam p\u00fablica \u00e9 que se pode conhecer a identidade dos candidatos, j\u00e1 que o Comit\u00ea Nobel noruegu\u00eas n\u00e3o confirma nomes, s\u00f3 o n\u00famero total de candidatos, que no ano passado atingiu o recorde de 259.<br \/>\nO vencedor do Nobel da Paz em 2013 foi a Organiza\u00e7\u00e3o para a Proibi\u00e7\u00e3o das Armas Qu\u00edmicas (OPAQ), distinguida por seus &#8220;amplos esfor\u00e7os&#8221; para eliminar esses arsenais.<\/p>\n<p>Peti\u00e7\u00e3o \u201cUm Lar para Snowden\u201d com mais de um milh\u00e3o de assinaturas <\/p>\n<p>Entretanto, a peti\u00e7\u00e3o \u201cUm Lar para Snowden\u201d j\u00e1 superou o milh\u00e3o de assinaturas a pedir \u00e0 presidenta Dilma Rousseff que lhe d\u00ea asilo no Brasil, considerado \u201co lar perfeito para um homem que sacrificou sua vida para divulgar a invasiva e ilegal espionagem dos EUA\u201d. \u00c0s 14 horas de quinta-feira 30 de janeiro, a peti\u00e7\u00e3o tinha 1.086.290 assinaturas. <\/p>\n","protected":false},"excerpt":{"rendered":"<p>O ex-analista da CIA Edward Snowden foi nomeado para o Pr\u00e9mio Nobel da Paz de 2014 por dois deputados do Partido da Esquerda Socialista da Noruega. por Esquerda.net Publicado pelo Portal Carta Maior O ex-analista da CIA Edward Snowden foi&hellip;<\/p>\n","protected":false},"author":44,"featured_media":87481,"comment_status":"closed","ping_status":"open","sticky":false,"template":"","format":"standard","meta":{"footnotes":""},"categories":[113,42],"tags":[5576,5915,8863,6925],"class_list":["post-87480","post","type-post","status-publish","format-standard","has-post-thumbnail","hentry","category-noticias-do-exterior","category-internacional-2","tag-edward-snowden-pt-pt","tag-espionagem-eua","tag-nobel-da-paz","tag-nsa-pt-pt"],"yoast_head":"<!-- This site is optimized with the Yoast SEO plugin v27.1.1 - https:\/\/yoast.com\/product\/yoast-seo-wordpress\/ -->\n<title>Snowden nomeado para o Pr\u00eamio Nobel da Paz<\/title>\n<meta name=\"description\" content=\"O ex-analista da CIA Edward Snowden foi nomeado para o Pr\u00e9mio Nobel da Paz de 2014 por dois deputados do Partido da Esquerda Socialista da Noruega. por\" \/>\n<meta name=\"robots\" content=\"index, follow, max-snippet:-1, max-image-preview:large, max-video-preview:-1\" \/>\n<link rel=\"canonical\" href=\"https:\/\/www.pressenza.com\/pt-pt\/2014\/02\/snowden-nomeado-para-o-premio-nobel-da-paz\/\" \/>\n<meta property=\"og:locale\" content=\"pt_PT\" \/>\n<meta property=\"og:type\" content=\"article\" \/>\n<meta property=\"og:title\" content=\"Snowden nomeado para o Pr\u00eamio Nobel da Paz\" \/>\n<meta property=\"og:description\" content=\"O ex-analista da CIA Edward Snowden foi nomeado para o Pr\u00e9mio Nobel da Paz de 2014 por dois deputados do Partido da Esquerda Socialista da Noruega. por\" \/>\n<meta property=\"og:url\" content=\"https:\/\/www.pressenza.com\/pt-pt\/2014\/02\/snowden-nomeado-para-o-premio-nobel-da-paz\/\" \/>\n<meta property=\"og:site_name\" content=\"Pressenza\" \/>\n<meta property=\"article:publisher\" content=\"https:\/\/www.facebook.com\/PressenzaItalia\" \/>\n<meta property=\"article:author\" content=\"https:\/\/www.facebook.com\/PressenzaPortugues\" \/>\n<meta property=\"article:published_time\" content=\"2014-02-01T00:59:02+00:00\" \/>\n<meta property=\"og:image\" content=\"https:\/\/www.pressenza.com\/wp-content\/uploads\/2014\/02\/snowden.jpg\" \/>\n\t<meta property=\"og:image:width\" content=\"900\" \/>\n\t<meta property=\"og:image:height\" content=\"640\" \/>\n\t<meta property=\"og:image:type\" content=\"image\/jpeg\" \/>\n<meta name=\"author\" content=\"Reda\u00e7\u00e3o S\u00e3o Paulo\" \/>\n<meta name=\"twitter:card\" content=\"summary_large_image\" \/>\n<meta name=\"twitter:creator\" content=\"@pressenza_pt\" \/>\n<meta name=\"twitter:site\" content=\"@PressenzaIPA\" \/>\n<meta name=\"twitter:label1\" content=\"Escrito por\" \/>\n\t<meta name=\"twitter:data1\" content=\"Reda\u00e7\u00e3o S\u00e3o Paulo\" \/>\n\t<meta name=\"twitter:label2\" content=\"Tempo estimado de leitura\" \/>\n\t<meta name=\"twitter:data2\" content=\"2 minutos\" \/>\n<script type=\"application\/ld+json\" class=\"yoast-schema-graph\">{\"@context\":\"https:\/\/schema.org\",\"@graph\":[{\"@type\":\"Article\",\"@id\":\"https:\/\/www.pressenza.com\/pt-pt\/2014\/02\/snowden-nomeado-para-o-premio-nobel-da-paz\/#article\",\"isPartOf\":{\"@id\":\"https:\/\/www.pressenza.com\/pt-pt\/2014\/02\/snowden-nomeado-para-o-premio-nobel-da-paz\/\"},\"author\":{\"name\":\"Reda\u00e7\u00e3o S\u00e3o Paulo\",\"@id\":\"https:\/\/www.pressenza.com\/pt-pt\/#\/schema\/person\/d171826afb7693cfc394da95892bfd93\"},\"headline\":\"Snowden nomeado para o Pr\u00eamio Nobel da Paz\",\"datePublished\":\"2014-02-01T00:59:02+00:00\",\"mainEntityOfPage\":{\"@id\":\"https:\/\/www.pressenza.com\/pt-pt\/2014\/02\/snowden-nomeado-para-o-premio-nobel-da-paz\/\"},\"wordCount\":428,\"publisher\":{\"@id\":\"https:\/\/www.pressenza.com\/pt-pt\/#organization\"},\"image\":{\"@id\":\"https:\/\/www.pressenza.com\/pt-pt\/2014\/02\/snowden-nomeado-para-o-premio-nobel-da-paz\/#primaryimage\"},\"thumbnailUrl\":\"https:\/\/www.pressenza.com\/wp-content\/uploads\/2014\/02\/snowden.jpg\",\"keywords\":[\"Edward Snowden\",\"espionagem eua\",\"nobel da paz\",\"nsa\"],\"articleSection\":[\"Assuntos internacionais\",\"Internacional\"],\"inLanguage\":\"pt-PT\"},{\"@type\":\"WebPage\",\"@id\":\"https:\/\/www.pressenza.com\/pt-pt\/2014\/02\/snowden-nomeado-para-o-premio-nobel-da-paz\/\",\"url\":\"https:\/\/www.pressenza.com\/pt-pt\/2014\/02\/snowden-nomeado-para-o-premio-nobel-da-paz\/\",\"name\":\"Snowden nomeado para o Pr\u00eamio Nobel da Paz\",\"isPartOf\":{\"@id\":\"https:\/\/www.pressenza.com\/pt-pt\/#website\"},\"primaryImageOfPage\":{\"@id\":\"https:\/\/www.pressenza.com\/pt-pt\/2014\/02\/snowden-nomeado-para-o-premio-nobel-da-paz\/#primaryimage\"},\"image\":{\"@id\":\"https:\/\/www.pressenza.com\/pt-pt\/2014\/02\/snowden-nomeado-para-o-premio-nobel-da-paz\/#primaryimage\"},\"thumbnailUrl\":\"https:\/\/www.pressenza.com\/wp-content\/uploads\/2014\/02\/snowden.jpg\",\"datePublished\":\"2014-02-01T00:59:02+00:00\",\"description\":\"O ex-analista da CIA Edward Snowden foi nomeado para o Pr\u00e9mio Nobel da Paz de 2014 por dois deputados do Partido da Esquerda Socialista da Noruega. por\",\"breadcrumb\":{\"@id\":\"https:\/\/www.pressenza.com\/pt-pt\/2014\/02\/snowden-nomeado-para-o-premio-nobel-da-paz\/#breadcrumb\"},\"inLanguage\":\"pt-PT\",\"potentialAction\":[{\"@type\":\"ReadAction\",\"target\":[\"https:\/\/www.pressenza.com\/pt-pt\/2014\/02\/snowden-nomeado-para-o-premio-nobel-da-paz\/\"]}]},{\"@type\":\"ImageObject\",\"inLanguage\":\"pt-PT\",\"@id\":\"https:\/\/www.pressenza.com\/pt-pt\/2014\/02\/snowden-nomeado-para-o-premio-nobel-da-paz\/#primaryimage\",\"url\":\"https:\/\/www.pressenza.com\/wp-content\/uploads\/2014\/02\/snowden.jpg\",\"contentUrl\":\"https:\/\/www.pressenza.com\/wp-content\/uploads\/2014\/02\/snowden.jpg\",\"width\":900,\"height\":640},{\"@type\":\"BreadcrumbList\",\"@id\":\"https:\/\/www.pressenza.com\/pt-pt\/2014\/02\/snowden-nomeado-para-o-premio-nobel-da-paz\/#breadcrumb\",\"itemListElement\":[{\"@type\":\"ListItem\",\"position\":1,\"name\":\"Accueil\",\"item\":\"https:\/\/www.pressenza.com\/pt-pt\/\"},{\"@type\":\"ListItem\",\"position\":2,\"name\":\"Snowden nomeado para o Pr\u00eamio Nobel da Paz\"}]},{\"@type\":\"WebSite\",\"@id\":\"https:\/\/www.pressenza.com\/pt-pt\/#website\",\"url\":\"https:\/\/www.pressenza.com\/pt-pt\/\",\"name\":\"Pressenza\",\"description\":\"International Press Agency\",\"publisher\":{\"@id\":\"https:\/\/www.pressenza.com\/pt-pt\/#organization\"},\"potentialAction\":[{\"@type\":\"SearchAction\",\"target\":{\"@type\":\"EntryPoint\",\"urlTemplate\":\"https:\/\/www.pressenza.com\/pt-pt\/?s={search_term_string}\"},\"query-input\":{\"@type\":\"PropertyValueSpecification\",\"valueRequired\":true,\"valueName\":\"search_term_string\"}}],\"inLanguage\":\"pt-PT\"},{\"@type\":\"Organization\",\"@id\":\"https:\/\/www.pressenza.com\/pt-pt\/#organization\",\"name\":\"Pressenza\",\"url\":\"https:\/\/www.pressenza.com\/pt-pt\/\",\"logo\":{\"@type\":\"ImageObject\",\"inLanguage\":\"pt-PT\",\"@id\":\"https:\/\/www.pressenza.com\/pt-pt\/#\/schema\/logo\/image\/\",\"url\":\"https:\/\/www.pressenza.com\/wp-content\/uploads\/2022\/10\/pressenza_logo_200x200.jpg\",\"contentUrl\":\"https:\/\/www.pressenza.com\/wp-content\/uploads\/2022\/10\/pressenza_logo_200x200.jpg\",\"width\":200,\"height\":200,\"caption\":\"Pressenza\"},\"image\":{\"@id\":\"https:\/\/www.pressenza.com\/pt-pt\/#\/schema\/logo\/image\/\"},\"sameAs\":[\"https:\/\/www.facebook.com\/PressenzaItalia\",\"https:\/\/x.com\/PressenzaIPA\"]},{\"@type\":\"Person\",\"@id\":\"https:\/\/www.pressenza.com\/pt-pt\/#\/schema\/person\/d171826afb7693cfc394da95892bfd93\",\"name\":\"Reda\u00e7\u00e3o S\u00e3o Paulo\",\"description\":\"News from the Pressenza bureau in Sao Paulo, Brazil\",\"sameAs\":[\"https:\/\/www.facebook.com\/PressenzaPortugues\",\"https:\/\/x.com\/pressenza_pt\"],\"url\":\"https:\/\/www.pressenza.com\/pt-pt\/author\/redaccao-sao-paulo\/\"}]}<\/script>\n<!-- \/ Yoast SEO plugin. -->","yoast_head_json":{"title":"Snowden nomeado para o Pr\u00eamio Nobel da Paz","description":"O ex-analista da CIA Edward Snowden foi nomeado para o Pr\u00e9mio Nobel da Paz de 2014 por dois deputados do Partido da Esquerda Socialista da Noruega. por","robots":{"index":"index","follow":"follow","max-snippet":"max-snippet:-1","max-image-preview":"max-image-preview:large","max-video-preview":"max-video-preview:-1"},"canonical":"https:\/\/www.pressenza.com\/pt-pt\/2014\/02\/snowden-nomeado-para-o-premio-nobel-da-paz\/","og_locale":"pt_PT","og_type":"article","og_title":"Snowden nomeado para o Pr\u00eamio Nobel da Paz","og_description":"O ex-analista da CIA Edward Snowden foi nomeado para o Pr\u00e9mio Nobel da Paz de 2014 por dois deputados do Partido da Esquerda Socialista da Noruega. por","og_url":"https:\/\/www.pressenza.com\/pt-pt\/2014\/02\/snowden-nomeado-para-o-premio-nobel-da-paz\/","og_site_name":"Pressenza","article_publisher":"https:\/\/www.facebook.com\/PressenzaItalia","article_author":"https:\/\/www.facebook.com\/PressenzaPortugues","article_published_time":"2014-02-01T00:59:02+00:00","og_image":[{"width":900,"height":640,"url":"https:\/\/www.pressenza.com\/wp-content\/uploads\/2014\/02\/snowden.jpg","type":"image\/jpeg"}],"author":"Reda\u00e7\u00e3o S\u00e3o Paulo","twitter_card":"summary_large_image","twitter_creator":"@pressenza_pt","twitter_site":"@PressenzaIPA","twitter_misc":{"Escrito por":"Reda\u00e7\u00e3o S\u00e3o Paulo","Tempo estimado de leitura":"2 minutos"},"schema":{"@context":"https:\/\/schema.org","@graph":[{"@type":"Article","@id":"https:\/\/www.pressenza.com\/pt-pt\/2014\/02\/snowden-nomeado-para-o-premio-nobel-da-paz\/#article","isPartOf":{"@id":"https:\/\/www.pressenza.com\/pt-pt\/2014\/02\/snowden-nomeado-para-o-premio-nobel-da-paz\/"},"author":{"name":"Reda\u00e7\u00e3o S\u00e3o Paulo","@id":"https:\/\/www.pressenza.com\/pt-pt\/#\/schema\/person\/d171826afb7693cfc394da95892bfd93"},"headline":"Snowden nomeado para o Pr\u00eamio Nobel da Paz","datePublished":"2014-02-01T00:59:02+00:00","mainEntityOfPage":{"@id":"https:\/\/www.pressenza.com\/pt-pt\/2014\/02\/snowden-nomeado-para-o-premio-nobel-da-paz\/"},"wordCount":428,"publisher":{"@id":"https:\/\/www.pressenza.com\/pt-pt\/#organization"},"image":{"@id":"https:\/\/www.pressenza.com\/pt-pt\/2014\/02\/snowden-nomeado-para-o-premio-nobel-da-paz\/#primaryimage"},"thumbnailUrl":"https:\/\/www.pressenza.com\/wp-content\/uploads\/2014\/02\/snowden.jpg","keywords":["Edward Snowden","espionagem eua","nobel da paz","nsa"],"articleSection":["Assuntos internacionais","Internacional"],"inLanguage":"pt-PT"},{"@type":"WebPage","@id":"https:\/\/www.pressenza.com\/pt-pt\/2014\/02\/snowden-nomeado-para-o-premio-nobel-da-paz\/","url":"https:\/\/www.pressenza.com\/pt-pt\/2014\/02\/snowden-nomeado-para-o-premio-nobel-da-paz\/","name":"Snowden nomeado para o Pr\u00eamio Nobel da Paz","isPartOf":{"@id":"https:\/\/www.pressenza.com\/pt-pt\/#website"},"primaryImageOfPage":{"@id":"https:\/\/www.pressenza.com\/pt-pt\/2014\/02\/snowden-nomeado-para-o-premio-nobel-da-paz\/#primaryimage"},"image":{"@id":"https:\/\/www.pressenza.com\/pt-pt\/2014\/02\/snowden-nomeado-para-o-premio-nobel-da-paz\/#primaryimage"},"thumbnailUrl":"https:\/\/www.pressenza.com\/wp-content\/uploads\/2014\/02\/snowden.jpg","datePublished":"2014-02-01T00:59:02+00:00","description":"O ex-analista da CIA Edward Snowden foi nomeado para o Pr\u00e9mio Nobel da Paz de 2014 por dois deputados do Partido da Esquerda Socialista da Noruega. por","breadcrumb":{"@id":"https:\/\/www.pressenza.com\/pt-pt\/2014\/02\/snowden-nomeado-para-o-premio-nobel-da-paz\/#breadcrumb"},"inLanguage":"pt-PT","potentialAction":[{"@type":"ReadAction","target":["https:\/\/www.pressenza.com\/pt-pt\/2014\/02\/snowden-nomeado-para-o-premio-nobel-da-paz\/"]}]},{"@type":"ImageObject","inLanguage":"pt-PT","@id":"https:\/\/www.pressenza.com\/pt-pt\/2014\/02\/snowden-nomeado-para-o-premio-nobel-da-paz\/#primaryimage","url":"https:\/\/www.pressenza.com\/wp-content\/uploads\/2014\/02\/snowden.jpg","contentUrl":"https:\/\/www.pressenza.com\/wp-content\/uploads\/2014\/02\/snowden.jpg","width":900,"height":640},{"@type":"BreadcrumbList","@id":"https:\/\/www.pressenza.com\/pt-pt\/2014\/02\/snowden-nomeado-para-o-premio-nobel-da-paz\/#breadcrumb","itemListElement":[{"@type":"ListItem","position":1,"name":"Accueil","item":"https:\/\/www.pressenza.com\/pt-pt\/"},{"@type":"ListItem","position":2,"name":"Snowden nomeado para o Pr\u00eamio Nobel da Paz"}]},{"@type":"WebSite","@id":"https:\/\/www.pressenza.com\/pt-pt\/#website","url":"https:\/\/www.pressenza.com\/pt-pt\/","name":"Pressenza","description":"International Press Agency","publisher":{"@id":"https:\/\/www.pressenza.com\/pt-pt\/#organization"},"potentialAction":[{"@type":"SearchAction","target":{"@type":"EntryPoint","urlTemplate":"https:\/\/www.pressenza.com\/pt-pt\/?s={search_term_string}"},"query-input":{"@type":"PropertyValueSpecification","valueRequired":true,"valueName":"search_term_string"}}],"inLanguage":"pt-PT"},{"@type":"Organization","@id":"https:\/\/www.pressenza.com\/pt-pt\/#organization","name":"Pressenza","url":"https:\/\/www.pressenza.com\/pt-pt\/","logo":{"@type":"ImageObject","inLanguage":"pt-PT","@id":"https:\/\/www.pressenza.com\/pt-pt\/#\/schema\/logo\/image\/","url":"https:\/\/www.pressenza.com\/wp-content\/uploads\/2022\/10\/pressenza_logo_200x200.jpg","contentUrl":"https:\/\/www.pressenza.com\/wp-content\/uploads\/2022\/10\/pressenza_logo_200x200.jpg","width":200,"height":200,"caption":"Pressenza"},"image":{"@id":"https:\/\/www.pressenza.com\/pt-pt\/#\/schema\/logo\/image\/"},"sameAs":["https:\/\/www.facebook.com\/PressenzaItalia","https:\/\/x.com\/PressenzaIPA"]},{"@type":"Person","@id":"https:\/\/www.pressenza.com\/pt-pt\/#\/schema\/person\/d171826afb7693cfc394da95892bfd93","name":"Reda\u00e7\u00e3o S\u00e3o Paulo","description":"News from the Pressenza bureau in Sao Paulo, Brazil","sameAs":["https:\/\/www.facebook.com\/PressenzaPortugues","https:\/\/x.com\/pressenza_pt"],"url":"https:\/\/www.pressenza.com\/pt-pt\/author\/redaccao-sao-paulo\/"}]}},"place":"","original_article_url":"","_links":{"self":[{"href":"https:\/\/www.pressenza.com\/pt-pt\/wp-json\/wp\/v2\/posts\/87480","targetHints":{"allow":["GET"]}}],"collection":[{"href":"https:\/\/www.pressenza.com\/pt-pt\/wp-json\/wp\/v2\/posts"}],"about":[{"href":"https:\/\/www.pressenza.com\/pt-pt\/wp-json\/wp\/v2\/types\/post"}],"author":[{"embeddable":true,"href":"https:\/\/www.pressenza.com\/pt-pt\/wp-json\/wp\/v2\/users\/44"}],"replies":[{"embeddable":true,"href":"https:\/\/www.pressenza.com\/pt-pt\/wp-json\/wp\/v2\/comments?post=87480"}],"version-history":[{"count":0,"href":"https:\/\/www.pressenza.com\/pt-pt\/wp-json\/wp\/v2\/posts\/87480\/revisions"}],"wp:featuredmedia":[{"embeddable":true,"href":"https:\/\/www.pressenza.com\/pt-pt\/wp-json\/wp\/v2\/media\/87481"}],"wp:attachment":[{"href":"https:\/\/www.pressenza.com\/pt-pt\/wp-json\/wp\/v2\/media?parent=87480"}],"wp:term":[{"taxonomy":"category","embeddable":true,"href":"https:\/\/www.pressenza.com\/pt-pt\/wp-json\/wp\/v2\/categories?post=87480"},{"taxonomy":"post_tag","embeddable":true,"href":"https:\/\/www.pressenza.com\/pt-pt\/wp-json\/wp\/v2\/tags?post=87480"}],"curies":[{"name":"wp","href":"https:\/\/api.w.org\/{rel}","templated":true}]}}