{"id":866768,"date":"2019-06-04T21:24:20","date_gmt":"2019-06-04T20:24:20","guid":{"rendered":"https:\/\/www.pressenza.com\/?p=866768"},"modified":"2019-06-04T21:24:20","modified_gmt":"2019-06-04T20:24:20","slug":"trump-propoe-acordo-comercial-entre-reino-unido-e-eua-apos-brexit","status":"publish","type":"post","link":"https:\/\/www.pressenza.com\/pt-pt\/2019\/06\/trump-propoe-acordo-comercial-entre-reino-unido-e-eua-apos-brexit\/","title":{"rendered":"Trump prop\u00f5e acordo comercial entre Reino Unido e EUA ap\u00f3s Brexit"},"content":{"rendered":"<p><strong>Presidente norte-americano est\u00e1 no segundo dia de visita oficial ao Reino Unido e se encontrou nesta ter\u00e7a com a premi\u00ea demission\u00e1ria Theresa May; em Londres, manifestantes protestam contra Trump<\/strong><\/p>\n<p>Em visita oficial a Londres, o presidente dos Estados Unidos, Donald Trump, disse nesta ter\u00e7a-feira (03\/06) estar disposto a fechar um acordo comercial &#8220;substancial&#8221; e &#8220;justo&#8221; com o Reino Unido ap\u00f3s o Brexit.<\/p>\n<p>&#8220;Acho que teremos um acordo comercial muito substancial, ser\u00e1 um acordo muito justo e acho que \u00e9 algo que ambos queremos fazer&#8221;, afirmou o republicano \u00e0 primeira-ministra Theresa May, que deixar\u00e1 a lideran\u00e7a do Partido Conservador na pr\u00f3xima sexta-feira (07\/06) e, em seguida, abandonar\u00e1 o posto no governo.<\/p>\n<p>&#8220;N\u00f3s [os EUA] somos o seu maior parceiro. Acho que h\u00e1 uma grande oportunidade para ampliar isso, especialmente agora&#8221;, disse o norte-americano. O presidente dos EUA \u00e9 um entusiasta da sa\u00edda do Reino Unido da Uni\u00e3o Europeia e j\u00e1 at\u00e9 chegou a sugerir a May que n\u00e3o negociasse nenhum acordo com Bruxelas.<\/p>\n<p>May n\u00e3o excluiu a possibilidade. &#8220;Podemos fazer ainda maior [o acordo comercial]&#8221;, com &#8220;uma coopera\u00e7\u00e3o econ\u00f4mica mais ampla&#8221;, disse.<\/p>\n<p>Trump est\u00e1 em seu segundo dia de visita oficial ao pa\u00eds. Pelas ruas de Londres, por\u00e9m, a presen\u00e7a do norte-americano gera protestos e grandes manifesta\u00e7\u00f5es. Um bal\u00e3o infl\u00e1vel gigante do presidente norte-americano \u00e9 carregado pelos cr\u00edticos<\/p>\n<p>A visita do republicano tamb\u00e9m desagradou a l\u00edderes pol\u00edticos de alto escal\u00e3o, como o prefeito de Londres, Sadiq Khan, que condena a filosofia do norte-americano. &#8220;Trump \u00e9 garoto propaganda para a extrema direita do mundo todo&#8221;, criticou Khan, referindo-se \u00e0s pol\u00edticas imigrat\u00f3rias do presidente.<\/p>\n","protected":false},"excerpt":{"rendered":"<p>Presidente norte-americano est\u00e1 no segundo dia de visita oficial ao Reino Unido e se encontrou nesta ter\u00e7a com a premi\u00ea demission\u00e1ria Theresa May; em Londres, manifestantes protestam contra Trump Em visita oficial a Londres, o presidente dos Estados Unidos, Donald&hellip;<\/p>\n","protected":false},"author":1358,"featured_media":866769,"comment_status":"closed","ping_status":"closed","sticky":false,"template":"","format":"standard","meta":{"footnotes":""},"categories":[103,42,111],"tags":[59055,59287,59467],"class_list":["post-866768","post","type-post","status-publish","format-standard","has-post-thumbnail","hentry","category-europa-pt-pt","category-internacional-2","category-politica-pt-pt","tag-brexit-pt-pt","tag-theresa-may-pt-pt","tag-trum"],"yoast_head":"<!-- This site is optimized with the Yoast SEO plugin v27.1.1 - https:\/\/yoast.com\/product\/yoast-seo-wordpress\/ -->\n<title>Trump prop\u00f5e acordo comercial entre Reino Unido e EUA ap\u00f3s Brexit<\/title>\n<meta name=\"description\" content=\"Presidente norte-americano est\u00e1 no segundo dia de visita oficial ao Reino Unido e se encontrou nesta ter\u00e7a com a premi\u00ea demission\u00e1ria Theresa May; em\" \/>\n<meta name=\"robots\" content=\"index, follow, max-snippet:-1, max-image-preview:large, max-video-preview:-1\" \/>\n<link rel=\"canonical\" href=\"https:\/\/www.pressenza.com\/pt-pt\/2019\/06\/trump-propoe-acordo-comercial-entre-reino-unido-e-eua-apos-brexit\/\" \/>\n<meta property=\"og:locale\" content=\"pt_PT\" \/>\n<meta property=\"og:type\" content=\"article\" \/>\n<meta property=\"og:title\" content=\"Trump prop\u00f5e acordo comercial entre Reino Unido e EUA ap\u00f3s Brexit\" \/>\n<meta property=\"og:description\" content=\"Presidente norte-americano est\u00e1 no segundo dia de visita oficial ao Reino Unido e se encontrou nesta ter\u00e7a com a premi\u00ea demission\u00e1ria Theresa May; em\" \/>\n<meta property=\"og:url\" content=\"https:\/\/www.pressenza.com\/pt-pt\/2019\/06\/trump-propoe-acordo-comercial-entre-reino-unido-e-eua-apos-brexit\/\" \/>\n<meta property=\"og:site_name\" content=\"Pressenza\" \/>\n<meta property=\"article:publisher\" content=\"https:\/\/www.facebook.com\/PressenzaItalia\" \/>\n<meta property=\"article:published_time\" content=\"2019-06-04T20:24:20+00:00\" \/>\n<meta property=\"og:image\" content=\"https:\/\/www.pressenza.com\/wp-content\/uploads\/2019\/06\/duncan-c.jpg\" \/>\n\t<meta property=\"og:image:width\" content=\"1024\" \/>\n\t<meta property=\"og:image:height\" content=\"730\" \/>\n\t<meta property=\"og:image:type\" content=\"image\/jpeg\" \/>\n<meta name=\"author\" content=\"Opera Mundi\" \/>\n<meta name=\"twitter:card\" content=\"summary_large_image\" \/>\n<meta name=\"twitter:creator\" content=\"@PressenzaIPA\" \/>\n<meta name=\"twitter:site\" content=\"@PressenzaIPA\" \/>\n<meta name=\"twitter:label1\" content=\"Escrito por\" \/>\n\t<meta name=\"twitter:data1\" content=\"Opera Mundi\" \/>\n\t<meta name=\"twitter:label2\" content=\"Tempo estimado de leitura\" \/>\n\t<meta name=\"twitter:data2\" content=\"1 minuto\" \/>\n<script type=\"application\/ld+json\" class=\"yoast-schema-graph\">{\"@context\":\"https:\/\/schema.org\",\"@graph\":[{\"@type\":\"Article\",\"@id\":\"https:\/\/www.pressenza.com\/pt-pt\/2019\/06\/trump-propoe-acordo-comercial-entre-reino-unido-e-eua-apos-brexit\/#article\",\"isPartOf\":{\"@id\":\"https:\/\/www.pressenza.com\/pt-pt\/2019\/06\/trump-propoe-acordo-comercial-entre-reino-unido-e-eua-apos-brexit\/\"},\"author\":{\"name\":\"Opera Mundi\",\"@id\":\"https:\/\/www.pressenza.com\/pt-pt\/#\/schema\/person\/3dfce4c6530b1c81359c3c00aec4a8fc\"},\"headline\":\"Trump prop\u00f5e acordo comercial entre Reino Unido e EUA ap\u00f3s Brexit\",\"datePublished\":\"2019-06-04T20:24:20+00:00\",\"mainEntityOfPage\":{\"@id\":\"https:\/\/www.pressenza.com\/pt-pt\/2019\/06\/trump-propoe-acordo-comercial-entre-reino-unido-e-eua-apos-brexit\/\"},\"wordCount\":293,\"publisher\":{\"@id\":\"https:\/\/www.pressenza.com\/pt-pt\/#organization\"},\"image\":{\"@id\":\"https:\/\/www.pressenza.com\/pt-pt\/2019\/06\/trump-propoe-acordo-comercial-entre-reino-unido-e-eua-apos-brexit\/#primaryimage\"},\"thumbnailUrl\":\"https:\/\/www.pressenza.com\/wp-content\/uploads\/2019\/06\/duncan-c.jpg\",\"keywords\":[\"Brexit\",\"Theresa May\",\"Trum\"],\"articleSection\":[\"Europa\",\"Internacional\",\"Pol\u00edtica\"],\"inLanguage\":\"pt-PT\"},{\"@type\":\"WebPage\",\"@id\":\"https:\/\/www.pressenza.com\/pt-pt\/2019\/06\/trump-propoe-acordo-comercial-entre-reino-unido-e-eua-apos-brexit\/\",\"url\":\"https:\/\/www.pressenza.com\/pt-pt\/2019\/06\/trump-propoe-acordo-comercial-entre-reino-unido-e-eua-apos-brexit\/\",\"name\":\"Trump prop\u00f5e acordo comercial entre Reino Unido e EUA ap\u00f3s Brexit\",\"isPartOf\":{\"@id\":\"https:\/\/www.pressenza.com\/pt-pt\/#website\"},\"primaryImageOfPage\":{\"@id\":\"https:\/\/www.pressenza.com\/pt-pt\/2019\/06\/trump-propoe-acordo-comercial-entre-reino-unido-e-eua-apos-brexit\/#primaryimage\"},\"image\":{\"@id\":\"https:\/\/www.pressenza.com\/pt-pt\/2019\/06\/trump-propoe-acordo-comercial-entre-reino-unido-e-eua-apos-brexit\/#primaryimage\"},\"thumbnailUrl\":\"https:\/\/www.pressenza.com\/wp-content\/uploads\/2019\/06\/duncan-c.jpg\",\"datePublished\":\"2019-06-04T20:24:20+00:00\",\"description\":\"Presidente norte-americano est\u00e1 no segundo dia de visita oficial ao Reino Unido e se encontrou nesta ter\u00e7a com a premi\u00ea demission\u00e1ria Theresa May; em\",\"breadcrumb\":{\"@id\":\"https:\/\/www.pressenza.com\/pt-pt\/2019\/06\/trump-propoe-acordo-comercial-entre-reino-unido-e-eua-apos-brexit\/#breadcrumb\"},\"inLanguage\":\"pt-PT\",\"potentialAction\":[{\"@type\":\"ReadAction\",\"target\":[\"https:\/\/www.pressenza.com\/pt-pt\/2019\/06\/trump-propoe-acordo-comercial-entre-reino-unido-e-eua-apos-brexit\/\"]}]},{\"@type\":\"ImageObject\",\"inLanguage\":\"pt-PT\",\"@id\":\"https:\/\/www.pressenza.com\/pt-pt\/2019\/06\/trump-propoe-acordo-comercial-entre-reino-unido-e-eua-apos-brexit\/#primaryimage\",\"url\":\"https:\/\/www.pressenza.com\/wp-content\/uploads\/2019\/06\/duncan-c.jpg\",\"contentUrl\":\"https:\/\/www.pressenza.com\/wp-content\/uploads\/2019\/06\/duncan-c.jpg\",\"width\":1024,\"height\":730},{\"@type\":\"BreadcrumbList\",\"@id\":\"https:\/\/www.pressenza.com\/pt-pt\/2019\/06\/trump-propoe-acordo-comercial-entre-reino-unido-e-eua-apos-brexit\/#breadcrumb\",\"itemListElement\":[{\"@type\":\"ListItem\",\"position\":1,\"name\":\"Accueil\",\"item\":\"https:\/\/www.pressenza.com\/pt-pt\/\"},{\"@type\":\"ListItem\",\"position\":2,\"name\":\"Trump prop\u00f5e acordo comercial entre Reino Unido e EUA ap\u00f3s Brexit\"}]},{\"@type\":\"WebSite\",\"@id\":\"https:\/\/www.pressenza.com\/pt-pt\/#website\",\"url\":\"https:\/\/www.pressenza.com\/pt-pt\/\",\"name\":\"Pressenza\",\"description\":\"International Press Agency\",\"publisher\":{\"@id\":\"https:\/\/www.pressenza.com\/pt-pt\/#organization\"},\"potentialAction\":[{\"@type\":\"SearchAction\",\"target\":{\"@type\":\"EntryPoint\",\"urlTemplate\":\"https:\/\/www.pressenza.com\/pt-pt\/?s={search_term_string}\"},\"query-input\":{\"@type\":\"PropertyValueSpecification\",\"valueRequired\":true,\"valueName\":\"search_term_string\"}}],\"inLanguage\":\"pt-PT\"},{\"@type\":\"Organization\",\"@id\":\"https:\/\/www.pressenza.com\/pt-pt\/#organization\",\"name\":\"Pressenza\",\"url\":\"https:\/\/www.pressenza.com\/pt-pt\/\",\"logo\":{\"@type\":\"ImageObject\",\"inLanguage\":\"pt-PT\",\"@id\":\"https:\/\/www.pressenza.com\/pt-pt\/#\/schema\/logo\/image\/\",\"url\":\"https:\/\/www.pressenza.com\/wp-content\/uploads\/2022\/10\/pressenza_logo_200x200.jpg\",\"contentUrl\":\"https:\/\/www.pressenza.com\/wp-content\/uploads\/2022\/10\/pressenza_logo_200x200.jpg\",\"width\":200,\"height\":200,\"caption\":\"Pressenza\"},\"image\":{\"@id\":\"https:\/\/www.pressenza.com\/pt-pt\/#\/schema\/logo\/image\/\"},\"sameAs\":[\"https:\/\/www.facebook.com\/PressenzaItalia\",\"https:\/\/x.com\/PressenzaIPA\"]},{\"@type\":\"Person\",\"@id\":\"https:\/\/www.pressenza.com\/pt-pt\/#\/schema\/person\/3dfce4c6530b1c81359c3c00aec4a8fc\",\"name\":\"Opera Mundi\",\"sameAs\":[\"http:\/\/operamundi.uol.com.br\"],\"url\":\"https:\/\/www.pressenza.com\/pt-pt\/author\/opera-mundi\/\"}]}<\/script>\n<!-- \/ Yoast SEO plugin. -->","yoast_head_json":{"title":"Trump prop\u00f5e acordo comercial entre Reino Unido e EUA ap\u00f3s Brexit","description":"Presidente norte-americano est\u00e1 no segundo dia de visita oficial ao Reino Unido e se encontrou nesta ter\u00e7a com a premi\u00ea demission\u00e1ria Theresa May; em","robots":{"index":"index","follow":"follow","max-snippet":"max-snippet:-1","max-image-preview":"max-image-preview:large","max-video-preview":"max-video-preview:-1"},"canonical":"https:\/\/www.pressenza.com\/pt-pt\/2019\/06\/trump-propoe-acordo-comercial-entre-reino-unido-e-eua-apos-brexit\/","og_locale":"pt_PT","og_type":"article","og_title":"Trump prop\u00f5e acordo comercial entre Reino Unido e EUA ap\u00f3s Brexit","og_description":"Presidente norte-americano est\u00e1 no segundo dia de visita oficial ao Reino Unido e se encontrou nesta ter\u00e7a com a premi\u00ea demission\u00e1ria Theresa May; em","og_url":"https:\/\/www.pressenza.com\/pt-pt\/2019\/06\/trump-propoe-acordo-comercial-entre-reino-unido-e-eua-apos-brexit\/","og_site_name":"Pressenza","article_publisher":"https:\/\/www.facebook.com\/PressenzaItalia","article_published_time":"2019-06-04T20:24:20+00:00","og_image":[{"width":1024,"height":730,"url":"https:\/\/www.pressenza.com\/wp-content\/uploads\/2019\/06\/duncan-c.jpg","type":"image\/jpeg"}],"author":"Opera Mundi","twitter_card":"summary_large_image","twitter_creator":"@PressenzaIPA","twitter_site":"@PressenzaIPA","twitter_misc":{"Escrito por":"Opera Mundi","Tempo estimado de leitura":"1 minuto"},"schema":{"@context":"https:\/\/schema.org","@graph":[{"@type":"Article","@id":"https:\/\/www.pressenza.com\/pt-pt\/2019\/06\/trump-propoe-acordo-comercial-entre-reino-unido-e-eua-apos-brexit\/#article","isPartOf":{"@id":"https:\/\/www.pressenza.com\/pt-pt\/2019\/06\/trump-propoe-acordo-comercial-entre-reino-unido-e-eua-apos-brexit\/"},"author":{"name":"Opera Mundi","@id":"https:\/\/www.pressenza.com\/pt-pt\/#\/schema\/person\/3dfce4c6530b1c81359c3c00aec4a8fc"},"headline":"Trump prop\u00f5e acordo comercial entre Reino Unido e EUA ap\u00f3s Brexit","datePublished":"2019-06-04T20:24:20+00:00","mainEntityOfPage":{"@id":"https:\/\/www.pressenza.com\/pt-pt\/2019\/06\/trump-propoe-acordo-comercial-entre-reino-unido-e-eua-apos-brexit\/"},"wordCount":293,"publisher":{"@id":"https:\/\/www.pressenza.com\/pt-pt\/#organization"},"image":{"@id":"https:\/\/www.pressenza.com\/pt-pt\/2019\/06\/trump-propoe-acordo-comercial-entre-reino-unido-e-eua-apos-brexit\/#primaryimage"},"thumbnailUrl":"https:\/\/www.pressenza.com\/wp-content\/uploads\/2019\/06\/duncan-c.jpg","keywords":["Brexit","Theresa May","Trum"],"articleSection":["Europa","Internacional","Pol\u00edtica"],"inLanguage":"pt-PT"},{"@type":"WebPage","@id":"https:\/\/www.pressenza.com\/pt-pt\/2019\/06\/trump-propoe-acordo-comercial-entre-reino-unido-e-eua-apos-brexit\/","url":"https:\/\/www.pressenza.com\/pt-pt\/2019\/06\/trump-propoe-acordo-comercial-entre-reino-unido-e-eua-apos-brexit\/","name":"Trump prop\u00f5e acordo comercial entre Reino Unido e EUA ap\u00f3s Brexit","isPartOf":{"@id":"https:\/\/www.pressenza.com\/pt-pt\/#website"},"primaryImageOfPage":{"@id":"https:\/\/www.pressenza.com\/pt-pt\/2019\/06\/trump-propoe-acordo-comercial-entre-reino-unido-e-eua-apos-brexit\/#primaryimage"},"image":{"@id":"https:\/\/www.pressenza.com\/pt-pt\/2019\/06\/trump-propoe-acordo-comercial-entre-reino-unido-e-eua-apos-brexit\/#primaryimage"},"thumbnailUrl":"https:\/\/www.pressenza.com\/wp-content\/uploads\/2019\/06\/duncan-c.jpg","datePublished":"2019-06-04T20:24:20+00:00","description":"Presidente norte-americano est\u00e1 no segundo dia de visita oficial ao Reino Unido e se encontrou nesta ter\u00e7a com a premi\u00ea demission\u00e1ria Theresa May; em","breadcrumb":{"@id":"https:\/\/www.pressenza.com\/pt-pt\/2019\/06\/trump-propoe-acordo-comercial-entre-reino-unido-e-eua-apos-brexit\/#breadcrumb"},"inLanguage":"pt-PT","potentialAction":[{"@type":"ReadAction","target":["https:\/\/www.pressenza.com\/pt-pt\/2019\/06\/trump-propoe-acordo-comercial-entre-reino-unido-e-eua-apos-brexit\/"]}]},{"@type":"ImageObject","inLanguage":"pt-PT","@id":"https:\/\/www.pressenza.com\/pt-pt\/2019\/06\/trump-propoe-acordo-comercial-entre-reino-unido-e-eua-apos-brexit\/#primaryimage","url":"https:\/\/www.pressenza.com\/wp-content\/uploads\/2019\/06\/duncan-c.jpg","contentUrl":"https:\/\/www.pressenza.com\/wp-content\/uploads\/2019\/06\/duncan-c.jpg","width":1024,"height":730},{"@type":"BreadcrumbList","@id":"https:\/\/www.pressenza.com\/pt-pt\/2019\/06\/trump-propoe-acordo-comercial-entre-reino-unido-e-eua-apos-brexit\/#breadcrumb","itemListElement":[{"@type":"ListItem","position":1,"name":"Accueil","item":"https:\/\/www.pressenza.com\/pt-pt\/"},{"@type":"ListItem","position":2,"name":"Trump prop\u00f5e acordo comercial entre Reino Unido e EUA ap\u00f3s Brexit"}]},{"@type":"WebSite","@id":"https:\/\/www.pressenza.com\/pt-pt\/#website","url":"https:\/\/www.pressenza.com\/pt-pt\/","name":"Pressenza","description":"International Press Agency","publisher":{"@id":"https:\/\/www.pressenza.com\/pt-pt\/#organization"},"potentialAction":[{"@type":"SearchAction","target":{"@type":"EntryPoint","urlTemplate":"https:\/\/www.pressenza.com\/pt-pt\/?s={search_term_string}"},"query-input":{"@type":"PropertyValueSpecification","valueRequired":true,"valueName":"search_term_string"}}],"inLanguage":"pt-PT"},{"@type":"Organization","@id":"https:\/\/www.pressenza.com\/pt-pt\/#organization","name":"Pressenza","url":"https:\/\/www.pressenza.com\/pt-pt\/","logo":{"@type":"ImageObject","inLanguage":"pt-PT","@id":"https:\/\/www.pressenza.com\/pt-pt\/#\/schema\/logo\/image\/","url":"https:\/\/www.pressenza.com\/wp-content\/uploads\/2022\/10\/pressenza_logo_200x200.jpg","contentUrl":"https:\/\/www.pressenza.com\/wp-content\/uploads\/2022\/10\/pressenza_logo_200x200.jpg","width":200,"height":200,"caption":"Pressenza"},"image":{"@id":"https:\/\/www.pressenza.com\/pt-pt\/#\/schema\/logo\/image\/"},"sameAs":["https:\/\/www.facebook.com\/PressenzaItalia","https:\/\/x.com\/PressenzaIPA"]},{"@type":"Person","@id":"https:\/\/www.pressenza.com\/pt-pt\/#\/schema\/person\/3dfce4c6530b1c81359c3c00aec4a8fc","name":"Opera Mundi","sameAs":["http:\/\/operamundi.uol.com.br"],"url":"https:\/\/www.pressenza.com\/pt-pt\/author\/opera-mundi\/"}]}},"place":"S\u00e3o Paulo, Brasil","original_article_url":"https:\/\/operamundi.uol.com.br\/politica-e-economia\/58826\/trump-propoe-acordo-comercial-entre-reino-unido-e-eua-apos-brexit","_links":{"self":[{"href":"https:\/\/www.pressenza.com\/pt-pt\/wp-json\/wp\/v2\/posts\/866768","targetHints":{"allow":["GET"]}}],"collection":[{"href":"https:\/\/www.pressenza.com\/pt-pt\/wp-json\/wp\/v2\/posts"}],"about":[{"href":"https:\/\/www.pressenza.com\/pt-pt\/wp-json\/wp\/v2\/types\/post"}],"author":[{"embeddable":true,"href":"https:\/\/www.pressenza.com\/pt-pt\/wp-json\/wp\/v2\/users\/1358"}],"replies":[{"embeddable":true,"href":"https:\/\/www.pressenza.com\/pt-pt\/wp-json\/wp\/v2\/comments?post=866768"}],"version-history":[{"count":0,"href":"https:\/\/www.pressenza.com\/pt-pt\/wp-json\/wp\/v2\/posts\/866768\/revisions"}],"wp:featuredmedia":[{"embeddable":true,"href":"https:\/\/www.pressenza.com\/pt-pt\/wp-json\/wp\/v2\/media\/866769"}],"wp:attachment":[{"href":"https:\/\/www.pressenza.com\/pt-pt\/wp-json\/wp\/v2\/media?parent=866768"}],"wp:term":[{"taxonomy":"category","embeddable":true,"href":"https:\/\/www.pressenza.com\/pt-pt\/wp-json\/wp\/v2\/categories?post=866768"},{"taxonomy":"post_tag","embeddable":true,"href":"https:\/\/www.pressenza.com\/pt-pt\/wp-json\/wp\/v2\/tags?post=866768"}],"curies":[{"name":"wp","href":"https:\/\/api.w.org\/{rel}","templated":true}]}}