{"id":863227,"date":"2019-05-29T20:48:01","date_gmt":"2019-05-29T19:48:01","guid":{"rendered":"https:\/\/www.pressenza.com\/?p=863227"},"modified":"2019-05-29T20:48:01","modified_gmt":"2019-05-29T19:48:01","slug":"cuba-anuncia-implementacao-de-conexao-privada-a-internet","status":"publish","type":"post","link":"https:\/\/www.pressenza.com\/pt-pt\/2019\/05\/cuba-anuncia-implementacao-de-conexao-privada-a-internet\/","title":{"rendered":"Cuba anuncia implementa\u00e7\u00e3o de conex\u00e3o privada \u00e0 internet"},"content":{"rendered":"<p><strong>Pessoas f\u00edsicas que desejarem habilitar um ponto de conex\u00e3o \u00e0 internet em seus domic\u00edlios poder\u00e3o faz\u00ea-lo sem processos burocr\u00e1ticos<\/strong><\/p>\n<p>O Minist\u00e9rio da Comunica\u00e7\u00e3o de Cuba anunciou nesta quarta-feira (29\/05) a implementa\u00e7\u00e3o de conex\u00e3o privada \u00e0 internet por redes sem fio aos cubanos.<\/p>\n<p>Segundo Ana Julia Marine L\u00f3pez, vice-ministra da Comunica\u00e7\u00e3o, a nova regulamenta\u00e7\u00e3o serve &#8220;para continuar o desenvolvimento da informatiza\u00e7\u00e3o da sociedade de uma forma ordenada e segura&#8221;.<\/p>\n<p>O governo ainda afirmou que as novas resolu\u00e7\u00f5es ir\u00e3o contribuir para a &#8220;o bem-estar dos cidad\u00e3os e a soberania do pa\u00eds&#8221;. A resolu\u00e7\u00e3o, publicada no Di\u00e1rio Oficial, entra em vigor no dia 29 de julho.<\/p>\n<p>Segundo a nova legisla\u00e7\u00e3o, as pessoas f\u00edsicas que desejarem habilitar um ponto de conex\u00e3o \u00e0 internet em seus domic\u00edlios poder\u00e3o faz\u00ea-lo sem processos burocr\u00e1ticos como &#8220;licen\u00e7a de opera\u00e7\u00e3o ou autoriza\u00e7\u00e3o estatal&#8221;. Essas regras valem para o uso da internet que n\u00e3o vise fins lucrativos e que n\u00e3o exceda um alcance de 300 metros.<\/p>\n<p>&#8220;Isso quer dizer que um grupo \u00a0de amigos pode se reunir em uma resid\u00eancia e compartilhar jogos, copiar arquivos, sem necessidade de tr\u00e2mites burocr\u00e1ticos&#8221; afirma a empresa de telecomunica\u00e7\u00f5es estatal Etecsa.<\/p>\n<p>No entanto, quem desejar instalar uma antena para redistribuir o sinal para dois ou mais usu\u00e1rios via conex\u00e3o sem fio (Wi-Fi) precisar\u00e1 de uma licen\u00e7a de operador de rede no valor de 10 pesos cubanos (aproximadamente 10 d\u00f3lares) que tem dura\u00e7\u00e3o de cinco anos.<\/p>\n<p>No caso de instala\u00e7\u00e3o de pontos de internet para trabalhadores aut\u00f4nomos \u00e9 necess\u00e1rio autoriza\u00e7\u00e3o do dono do im\u00f3vel onde funcione o com\u00e9rcio. Todos os tipos de licen\u00e7as e autoriza\u00e7\u00f5es podem ser acessadas pelo site do Minist\u00e9rio da Economia.<\/p>\n","protected":false},"excerpt":{"rendered":"<p>Pessoas f\u00edsicas que desejarem habilitar um ponto de conex\u00e3o \u00e0 internet em seus domic\u00edlios poder\u00e3o faz\u00ea-lo sem processos burocr\u00e1ticos O Minist\u00e9rio da Comunica\u00e7\u00e3o de Cuba anunciou nesta quarta-feira (29\/05) a implementa\u00e7\u00e3o de conex\u00e3o privada \u00e0 internet por redes sem fio&hellip;<\/p>\n","protected":false},"author":1358,"featured_media":863231,"comment_status":"closed","ping_status":"closed","sticky":false,"template":"","format":"standard","meta":{"footnotes":""},"categories":[104,499,111],"tags":[59279,6765,976,59278],"class_list":["post-863227","post","type-post","status-publish","format-standard","has-post-thumbnail","hentry","category-america-do-sul","category-ciencia-tecnologia-pt","category-politica-pt-pt","tag-comunicacoes","tag-cuba-pt-pt","tag-internet-pt-pt","tag-nova-legislacao"],"yoast_head":"<!-- This site is optimized with the Yoast SEO plugin v27.1.1 - https:\/\/yoast.com\/product\/yoast-seo-wordpress\/ -->\n<title>Cuba anuncia implementa\u00e7\u00e3o de conex\u00e3o privada \u00e0 internet<\/title>\n<meta name=\"description\" content=\"Pessoas f\u00edsicas que desejarem habilitar um ponto de conex\u00e3o \u00e0 internet em seus domic\u00edlios poder\u00e3o faz\u00ea-lo sem processos burocr\u00e1ticos O Minist\u00e9rio da\" \/>\n<meta name=\"robots\" content=\"index, follow, max-snippet:-1, max-image-preview:large, max-video-preview:-1\" \/>\n<link rel=\"canonical\" href=\"https:\/\/www.pressenza.com\/pt-pt\/2019\/05\/cuba-anuncia-implementacao-de-conexao-privada-a-internet\/\" \/>\n<meta property=\"og:locale\" content=\"pt_PT\" \/>\n<meta property=\"og:type\" content=\"article\" \/>\n<meta property=\"og:title\" content=\"Cuba anuncia implementa\u00e7\u00e3o de conex\u00e3o privada \u00e0 internet\" \/>\n<meta property=\"og:description\" content=\"Pessoas f\u00edsicas que desejarem habilitar um ponto de conex\u00e3o \u00e0 internet em seus domic\u00edlios poder\u00e3o faz\u00ea-lo sem processos burocr\u00e1ticos O Minist\u00e9rio da\" \/>\n<meta property=\"og:url\" content=\"https:\/\/www.pressenza.com\/pt-pt\/2019\/05\/cuba-anuncia-implementacao-de-conexao-privada-a-internet\/\" \/>\n<meta property=\"og:site_name\" content=\"Pressenza\" \/>\n<meta property=\"article:publisher\" content=\"https:\/\/www.facebook.com\/PressenzaItalia\" \/>\n<meta property=\"article:published_time\" content=\"2019-05-29T19:48:01+00:00\" \/>\n<meta property=\"og:image\" content=\"https:\/\/www.pressenza.com\/wp-content\/uploads\/2019\/05\/Cuba-Pedro-Szekely.jpg\" \/>\n\t<meta property=\"og:image:width\" content=\"1024\" \/>\n\t<meta property=\"og:image:height\" content=\"683\" \/>\n\t<meta property=\"og:image:type\" content=\"image\/jpeg\" \/>\n<meta name=\"author\" content=\"Opera Mundi\" \/>\n<meta name=\"twitter:card\" content=\"summary_large_image\" \/>\n<meta name=\"twitter:creator\" content=\"@PressenzaIPA\" \/>\n<meta name=\"twitter:site\" content=\"@PressenzaIPA\" \/>\n<meta name=\"twitter:label1\" content=\"Escrito por\" \/>\n\t<meta name=\"twitter:data1\" content=\"Opera Mundi\" \/>\n\t<meta name=\"twitter:label2\" content=\"Tempo estimado de leitura\" \/>\n\t<meta name=\"twitter:data2\" content=\"2 minutos\" \/>\n<script type=\"application\/ld+json\" class=\"yoast-schema-graph\">{\"@context\":\"https:\/\/schema.org\",\"@graph\":[{\"@type\":\"Article\",\"@id\":\"https:\/\/www.pressenza.com\/pt-pt\/2019\/05\/cuba-anuncia-implementacao-de-conexao-privada-a-internet\/#article\",\"isPartOf\":{\"@id\":\"https:\/\/www.pressenza.com\/pt-pt\/2019\/05\/cuba-anuncia-implementacao-de-conexao-privada-a-internet\/\"},\"author\":{\"name\":\"Opera Mundi\",\"@id\":\"https:\/\/www.pressenza.com\/pt-pt\/#\/schema\/person\/3dfce4c6530b1c81359c3c00aec4a8fc\"},\"headline\":\"Cuba anuncia implementa\u00e7\u00e3o de conex\u00e3o privada \u00e0 internet\",\"datePublished\":\"2019-05-29T19:48:01+00:00\",\"mainEntityOfPage\":{\"@id\":\"https:\/\/www.pressenza.com\/pt-pt\/2019\/05\/cuba-anuncia-implementacao-de-conexao-privada-a-internet\/\"},\"wordCount\":319,\"publisher\":{\"@id\":\"https:\/\/www.pressenza.com\/pt-pt\/#organization\"},\"image\":{\"@id\":\"https:\/\/www.pressenza.com\/pt-pt\/2019\/05\/cuba-anuncia-implementacao-de-conexao-privada-a-internet\/#primaryimage\"},\"thumbnailUrl\":\"https:\/\/www.pressenza.com\/wp-content\/uploads\/2019\/05\/Cuba-Pedro-Szekely.jpg\",\"keywords\":[\"comunica\u00e7\u00f5es\",\"Cuba\",\"Internet\",\"nova legisla\u00e7\u00e3o\"],\"articleSection\":[\"\u00c1m\u00e9rica do Sul\",\"Ci\u00eancia e Tecnologia\",\"Pol\u00edtica\"],\"inLanguage\":\"pt-PT\"},{\"@type\":\"WebPage\",\"@id\":\"https:\/\/www.pressenza.com\/pt-pt\/2019\/05\/cuba-anuncia-implementacao-de-conexao-privada-a-internet\/\",\"url\":\"https:\/\/www.pressenza.com\/pt-pt\/2019\/05\/cuba-anuncia-implementacao-de-conexao-privada-a-internet\/\",\"name\":\"Cuba anuncia implementa\u00e7\u00e3o de conex\u00e3o privada \u00e0 internet\",\"isPartOf\":{\"@id\":\"https:\/\/www.pressenza.com\/pt-pt\/#website\"},\"primaryImageOfPage\":{\"@id\":\"https:\/\/www.pressenza.com\/pt-pt\/2019\/05\/cuba-anuncia-implementacao-de-conexao-privada-a-internet\/#primaryimage\"},\"image\":{\"@id\":\"https:\/\/www.pressenza.com\/pt-pt\/2019\/05\/cuba-anuncia-implementacao-de-conexao-privada-a-internet\/#primaryimage\"},\"thumbnailUrl\":\"https:\/\/www.pressenza.com\/wp-content\/uploads\/2019\/05\/Cuba-Pedro-Szekely.jpg\",\"datePublished\":\"2019-05-29T19:48:01+00:00\",\"description\":\"Pessoas f\u00edsicas que desejarem habilitar um ponto de conex\u00e3o \u00e0 internet em seus domic\u00edlios poder\u00e3o faz\u00ea-lo sem processos burocr\u00e1ticos O Minist\u00e9rio da\",\"breadcrumb\":{\"@id\":\"https:\/\/www.pressenza.com\/pt-pt\/2019\/05\/cuba-anuncia-implementacao-de-conexao-privada-a-internet\/#breadcrumb\"},\"inLanguage\":\"pt-PT\",\"potentialAction\":[{\"@type\":\"ReadAction\",\"target\":[\"https:\/\/www.pressenza.com\/pt-pt\/2019\/05\/cuba-anuncia-implementacao-de-conexao-privada-a-internet\/\"]}]},{\"@type\":\"ImageObject\",\"inLanguage\":\"pt-PT\",\"@id\":\"https:\/\/www.pressenza.com\/pt-pt\/2019\/05\/cuba-anuncia-implementacao-de-conexao-privada-a-internet\/#primaryimage\",\"url\":\"https:\/\/www.pressenza.com\/wp-content\/uploads\/2019\/05\/Cuba-Pedro-Szekely.jpg\",\"contentUrl\":\"https:\/\/www.pressenza.com\/wp-content\/uploads\/2019\/05\/Cuba-Pedro-Szekely.jpg\",\"width\":1024,\"height\":683},{\"@type\":\"BreadcrumbList\",\"@id\":\"https:\/\/www.pressenza.com\/pt-pt\/2019\/05\/cuba-anuncia-implementacao-de-conexao-privada-a-internet\/#breadcrumb\",\"itemListElement\":[{\"@type\":\"ListItem\",\"position\":1,\"name\":\"Accueil\",\"item\":\"https:\/\/www.pressenza.com\/pt-pt\/\"},{\"@type\":\"ListItem\",\"position\":2,\"name\":\"Cuba anuncia implementa\u00e7\u00e3o de conex\u00e3o privada \u00e0 internet\"}]},{\"@type\":\"WebSite\",\"@id\":\"https:\/\/www.pressenza.com\/pt-pt\/#website\",\"url\":\"https:\/\/www.pressenza.com\/pt-pt\/\",\"name\":\"Pressenza\",\"description\":\"International Press Agency\",\"publisher\":{\"@id\":\"https:\/\/www.pressenza.com\/pt-pt\/#organization\"},\"potentialAction\":[{\"@type\":\"SearchAction\",\"target\":{\"@type\":\"EntryPoint\",\"urlTemplate\":\"https:\/\/www.pressenza.com\/pt-pt\/?s={search_term_string}\"},\"query-input\":{\"@type\":\"PropertyValueSpecification\",\"valueRequired\":true,\"valueName\":\"search_term_string\"}}],\"inLanguage\":\"pt-PT\"},{\"@type\":\"Organization\",\"@id\":\"https:\/\/www.pressenza.com\/pt-pt\/#organization\",\"name\":\"Pressenza\",\"url\":\"https:\/\/www.pressenza.com\/pt-pt\/\",\"logo\":{\"@type\":\"ImageObject\",\"inLanguage\":\"pt-PT\",\"@id\":\"https:\/\/www.pressenza.com\/pt-pt\/#\/schema\/logo\/image\/\",\"url\":\"https:\/\/www.pressenza.com\/wp-content\/uploads\/2022\/10\/pressenza_logo_200x200.jpg\",\"contentUrl\":\"https:\/\/www.pressenza.com\/wp-content\/uploads\/2022\/10\/pressenza_logo_200x200.jpg\",\"width\":200,\"height\":200,\"caption\":\"Pressenza\"},\"image\":{\"@id\":\"https:\/\/www.pressenza.com\/pt-pt\/#\/schema\/logo\/image\/\"},\"sameAs\":[\"https:\/\/www.facebook.com\/PressenzaItalia\",\"https:\/\/x.com\/PressenzaIPA\"]},{\"@type\":\"Person\",\"@id\":\"https:\/\/www.pressenza.com\/pt-pt\/#\/schema\/person\/3dfce4c6530b1c81359c3c00aec4a8fc\",\"name\":\"Opera Mundi\",\"sameAs\":[\"http:\/\/operamundi.uol.com.br\"],\"url\":\"https:\/\/www.pressenza.com\/pt-pt\/author\/opera-mundi\/\"}]}<\/script>\n<!-- \/ Yoast SEO plugin. -->","yoast_head_json":{"title":"Cuba anuncia implementa\u00e7\u00e3o de conex\u00e3o privada \u00e0 internet","description":"Pessoas f\u00edsicas que desejarem habilitar um ponto de conex\u00e3o \u00e0 internet em seus domic\u00edlios poder\u00e3o faz\u00ea-lo sem processos burocr\u00e1ticos O Minist\u00e9rio da","robots":{"index":"index","follow":"follow","max-snippet":"max-snippet:-1","max-image-preview":"max-image-preview:large","max-video-preview":"max-video-preview:-1"},"canonical":"https:\/\/www.pressenza.com\/pt-pt\/2019\/05\/cuba-anuncia-implementacao-de-conexao-privada-a-internet\/","og_locale":"pt_PT","og_type":"article","og_title":"Cuba anuncia implementa\u00e7\u00e3o de conex\u00e3o privada \u00e0 internet","og_description":"Pessoas f\u00edsicas que desejarem habilitar um ponto de conex\u00e3o \u00e0 internet em seus domic\u00edlios poder\u00e3o faz\u00ea-lo sem processos burocr\u00e1ticos O Minist\u00e9rio da","og_url":"https:\/\/www.pressenza.com\/pt-pt\/2019\/05\/cuba-anuncia-implementacao-de-conexao-privada-a-internet\/","og_site_name":"Pressenza","article_publisher":"https:\/\/www.facebook.com\/PressenzaItalia","article_published_time":"2019-05-29T19:48:01+00:00","og_image":[{"width":1024,"height":683,"url":"https:\/\/www.pressenza.com\/wp-content\/uploads\/2019\/05\/Cuba-Pedro-Szekely.jpg","type":"image\/jpeg"}],"author":"Opera Mundi","twitter_card":"summary_large_image","twitter_creator":"@PressenzaIPA","twitter_site":"@PressenzaIPA","twitter_misc":{"Escrito por":"Opera Mundi","Tempo estimado de leitura":"2 minutos"},"schema":{"@context":"https:\/\/schema.org","@graph":[{"@type":"Article","@id":"https:\/\/www.pressenza.com\/pt-pt\/2019\/05\/cuba-anuncia-implementacao-de-conexao-privada-a-internet\/#article","isPartOf":{"@id":"https:\/\/www.pressenza.com\/pt-pt\/2019\/05\/cuba-anuncia-implementacao-de-conexao-privada-a-internet\/"},"author":{"name":"Opera Mundi","@id":"https:\/\/www.pressenza.com\/pt-pt\/#\/schema\/person\/3dfce4c6530b1c81359c3c00aec4a8fc"},"headline":"Cuba anuncia implementa\u00e7\u00e3o de conex\u00e3o privada \u00e0 internet","datePublished":"2019-05-29T19:48:01+00:00","mainEntityOfPage":{"@id":"https:\/\/www.pressenza.com\/pt-pt\/2019\/05\/cuba-anuncia-implementacao-de-conexao-privada-a-internet\/"},"wordCount":319,"publisher":{"@id":"https:\/\/www.pressenza.com\/pt-pt\/#organization"},"image":{"@id":"https:\/\/www.pressenza.com\/pt-pt\/2019\/05\/cuba-anuncia-implementacao-de-conexao-privada-a-internet\/#primaryimage"},"thumbnailUrl":"https:\/\/www.pressenza.com\/wp-content\/uploads\/2019\/05\/Cuba-Pedro-Szekely.jpg","keywords":["comunica\u00e7\u00f5es","Cuba","Internet","nova legisla\u00e7\u00e3o"],"articleSection":["\u00c1m\u00e9rica do Sul","Ci\u00eancia e Tecnologia","Pol\u00edtica"],"inLanguage":"pt-PT"},{"@type":"WebPage","@id":"https:\/\/www.pressenza.com\/pt-pt\/2019\/05\/cuba-anuncia-implementacao-de-conexao-privada-a-internet\/","url":"https:\/\/www.pressenza.com\/pt-pt\/2019\/05\/cuba-anuncia-implementacao-de-conexao-privada-a-internet\/","name":"Cuba anuncia implementa\u00e7\u00e3o de conex\u00e3o privada \u00e0 internet","isPartOf":{"@id":"https:\/\/www.pressenza.com\/pt-pt\/#website"},"primaryImageOfPage":{"@id":"https:\/\/www.pressenza.com\/pt-pt\/2019\/05\/cuba-anuncia-implementacao-de-conexao-privada-a-internet\/#primaryimage"},"image":{"@id":"https:\/\/www.pressenza.com\/pt-pt\/2019\/05\/cuba-anuncia-implementacao-de-conexao-privada-a-internet\/#primaryimage"},"thumbnailUrl":"https:\/\/www.pressenza.com\/wp-content\/uploads\/2019\/05\/Cuba-Pedro-Szekely.jpg","datePublished":"2019-05-29T19:48:01+00:00","description":"Pessoas f\u00edsicas que desejarem habilitar um ponto de conex\u00e3o \u00e0 internet em seus domic\u00edlios poder\u00e3o faz\u00ea-lo sem processos burocr\u00e1ticos O Minist\u00e9rio da","breadcrumb":{"@id":"https:\/\/www.pressenza.com\/pt-pt\/2019\/05\/cuba-anuncia-implementacao-de-conexao-privada-a-internet\/#breadcrumb"},"inLanguage":"pt-PT","potentialAction":[{"@type":"ReadAction","target":["https:\/\/www.pressenza.com\/pt-pt\/2019\/05\/cuba-anuncia-implementacao-de-conexao-privada-a-internet\/"]}]},{"@type":"ImageObject","inLanguage":"pt-PT","@id":"https:\/\/www.pressenza.com\/pt-pt\/2019\/05\/cuba-anuncia-implementacao-de-conexao-privada-a-internet\/#primaryimage","url":"https:\/\/www.pressenza.com\/wp-content\/uploads\/2019\/05\/Cuba-Pedro-Szekely.jpg","contentUrl":"https:\/\/www.pressenza.com\/wp-content\/uploads\/2019\/05\/Cuba-Pedro-Szekely.jpg","width":1024,"height":683},{"@type":"BreadcrumbList","@id":"https:\/\/www.pressenza.com\/pt-pt\/2019\/05\/cuba-anuncia-implementacao-de-conexao-privada-a-internet\/#breadcrumb","itemListElement":[{"@type":"ListItem","position":1,"name":"Accueil","item":"https:\/\/www.pressenza.com\/pt-pt\/"},{"@type":"ListItem","position":2,"name":"Cuba anuncia implementa\u00e7\u00e3o de conex\u00e3o privada \u00e0 internet"}]},{"@type":"WebSite","@id":"https:\/\/www.pressenza.com\/pt-pt\/#website","url":"https:\/\/www.pressenza.com\/pt-pt\/","name":"Pressenza","description":"International Press Agency","publisher":{"@id":"https:\/\/www.pressenza.com\/pt-pt\/#organization"},"potentialAction":[{"@type":"SearchAction","target":{"@type":"EntryPoint","urlTemplate":"https:\/\/www.pressenza.com\/pt-pt\/?s={search_term_string}"},"query-input":{"@type":"PropertyValueSpecification","valueRequired":true,"valueName":"search_term_string"}}],"inLanguage":"pt-PT"},{"@type":"Organization","@id":"https:\/\/www.pressenza.com\/pt-pt\/#organization","name":"Pressenza","url":"https:\/\/www.pressenza.com\/pt-pt\/","logo":{"@type":"ImageObject","inLanguage":"pt-PT","@id":"https:\/\/www.pressenza.com\/pt-pt\/#\/schema\/logo\/image\/","url":"https:\/\/www.pressenza.com\/wp-content\/uploads\/2022\/10\/pressenza_logo_200x200.jpg","contentUrl":"https:\/\/www.pressenza.com\/wp-content\/uploads\/2022\/10\/pressenza_logo_200x200.jpg","width":200,"height":200,"caption":"Pressenza"},"image":{"@id":"https:\/\/www.pressenza.com\/pt-pt\/#\/schema\/logo\/image\/"},"sameAs":["https:\/\/www.facebook.com\/PressenzaItalia","https:\/\/x.com\/PressenzaIPA"]},{"@type":"Person","@id":"https:\/\/www.pressenza.com\/pt-pt\/#\/schema\/person\/3dfce4c6530b1c81359c3c00aec4a8fc","name":"Opera Mundi","sameAs":["http:\/\/operamundi.uol.com.br"],"url":"https:\/\/www.pressenza.com\/pt-pt\/author\/opera-mundi\/"}]}},"place":"S\u00e3o Paulo, Brasil","original_article_url":"https:\/\/operamundi.uol.com.br\/politica-e-economia\/58734\/cuba-anuncia-implementacao-de-conexao-privada-a-internet","_links":{"self":[{"href":"https:\/\/www.pressenza.com\/pt-pt\/wp-json\/wp\/v2\/posts\/863227","targetHints":{"allow":["GET"]}}],"collection":[{"href":"https:\/\/www.pressenza.com\/pt-pt\/wp-json\/wp\/v2\/posts"}],"about":[{"href":"https:\/\/www.pressenza.com\/pt-pt\/wp-json\/wp\/v2\/types\/post"}],"author":[{"embeddable":true,"href":"https:\/\/www.pressenza.com\/pt-pt\/wp-json\/wp\/v2\/users\/1358"}],"replies":[{"embeddable":true,"href":"https:\/\/www.pressenza.com\/pt-pt\/wp-json\/wp\/v2\/comments?post=863227"}],"version-history":[{"count":0,"href":"https:\/\/www.pressenza.com\/pt-pt\/wp-json\/wp\/v2\/posts\/863227\/revisions"}],"wp:featuredmedia":[{"embeddable":true,"href":"https:\/\/www.pressenza.com\/pt-pt\/wp-json\/wp\/v2\/media\/863231"}],"wp:attachment":[{"href":"https:\/\/www.pressenza.com\/pt-pt\/wp-json\/wp\/v2\/media?parent=863227"}],"wp:term":[{"taxonomy":"category","embeddable":true,"href":"https:\/\/www.pressenza.com\/pt-pt\/wp-json\/wp\/v2\/categories?post=863227"},{"taxonomy":"post_tag","embeddable":true,"href":"https:\/\/www.pressenza.com\/pt-pt\/wp-json\/wp\/v2\/tags?post=863227"}],"curies":[{"name":"wp","href":"https:\/\/api.w.org\/{rel}","templated":true}]}}