{"id":861393,"date":"2019-05-25T23:31:20","date_gmt":"2019-05-25T22:31:20","guid":{"rendered":"https:\/\/www.pressenza.com\/?p=861393"},"modified":"2019-05-25T23:31:20","modified_gmt":"2019-05-25T22:31:20","slug":"como-construir-uma-internet-sem-violencia","status":"publish","type":"post","link":"https:\/\/www.pressenza.com\/pt-pt\/2019\/05\/como-construir-uma-internet-sem-violencia\/","title":{"rendered":"Como construir uma internet sem viol\u00eancia?"},"content":{"rendered":"<p><strong>Ataque de supremacistas brancos na Nova Zel\u00e2ndia vitimou 51 mu\u00e7ulmanos. Primeira-ministra iniciou a\u00e7\u00e3o internacional contra \u00f3dio e extremismo na rede. Mas seu caminho \u2014 articular-se com governos e corpora\u00e7\u00f5es \u2014 ter\u00e1 futuro?<\/strong><\/p>\n<p>A primeira-ministra da Nova Zel\u00e2ndia, Jacinda Ardern, esteve em Paris em 15 de maio \u00e0 frente de uma reuni\u00e3o com l\u00edderes mundiais e executivos das gigantes de tecnologia, pela primeira vez sentados \u00e0 mesma mesa. Estavam ali em resposta ao Apelo de Christchurch, da mais jovem mandat\u00e1ria global, para erradicar conte\u00fados de viol\u00eancia extremista e terrorista online.<\/p>\n<p>A reuni\u00e3o, aparentemente, foi um sucesso. O Apelo foi assinado por um grupo sem precedentes de plataformas de m\u00eddia social \u2013 Amazon, Facebook, Google, Microsoft, Twitter e Youtube, Dailymotion e Qwant \u2013 e\u00a0 17 l\u00edderes mundiais: da Fran\u00e7a, Nova Zel\u00e2ndia, Canad\u00e1, Reino Unido, Alemanha, It\u00e1lia, Holanda, Espanha, Su\u00e9cia, Noruega, Irlanda, Austr\u00e1lia, Jap\u00e3o, \u00cdndia, Indon\u00e9sia, Jord\u00e2nia e Senegal, al\u00e9m da Comiss\u00e3o Europeia.<\/p>\n<p>Contudo, n\u00e3o se pode esperar que tenha resultados imediatos. \u00c9 um acordo n\u00e3o-vinculante, sem medidas que devem ser aplicadas ou qualquer regulamenta\u00e7\u00e3o, cabendo a cada pa\u00eds e empresa decidir como honrar seu compromisso. A defini\u00e7\u00e3o de conte\u00fado de viol\u00eancia extremista tamb\u00e9m n\u00e3o foi inclu\u00edda, ficando a crit\u00e9rio de cada empresa decidir o que constitui material censur\u00e1vel.<\/p>\n<p>O plano de a\u00e7\u00e3o de Jacinda Ardern pede \u00e0s na\u00e7\u00f5es signat\u00e1rias a cria\u00e7\u00e3o de leis que pro\u00edbam material ofensivo e estabele\u00e7am diretrizes sobre como a m\u00eddia tradicional deve denunciar atos de terrorismo. Ela disse orgulhar-se da m\u00eddia neozelandesa, que numa a\u00e7\u00e3o sem precedentes decidiu limitar as reportagens sobre o julgamento do homem acusado dos ataques de 15 de mar\u00e7o. \u00c0s empresas pede que combatam as ra\u00edzes do extremismo, criem ferramentas para evitaruploads, aumentem a transpar\u00eancia, revejam algoritmos. Jacinda disse n\u00e3o descartar a possibilidade de alterar a legisla\u00e7\u00e3o para bloquear o Facebook, se\u00a0 continuar a ser usado para compartilhar conte\u00fado extremista.<\/p>\n<p><strong>Ataque foi transmitido ao vivo pela internet<\/strong><\/p>\n<p>H\u00e1 exatos dois meses, em 15 de mar\u00e7o de 2019, terroristas invadiram duas mesquitas da cidade neozelandesa de Christchurch e fuzilaram homens, mulheres e crian\u00e7as da comunidade mu\u00e7ulmana, absortos em ora\u00e7\u00e3o. O ataque, projetado para transmiss\u00e3o na internet, foi transmitido e teve alcance impressionante: a imagem original foi vista 4 mil vezes antes de ser removida pelo Facebook; tinha link para o \u201cmanifesto\u201d supremacista branco; espalhou-se para o YouTube ao ritmo de um upload por segundo nas primeiras 24 horas; 1,5 milh\u00e3o de c\u00f3pias foram retiradas do Facebook; mas o v\u00eddeo persiste, apesar dos esfor\u00e7os realizados at\u00e9 o momento para remov\u00ea-lo.<\/p>\n<p>A exposi\u00e7\u00e3o \u00e0 viol\u00eancia das imagens, muitas vezes involunt\u00e1ria, levou milhares de neozelandeses a ligar para a linha p\u00fablica de apoio \u00e0 sa\u00fade mental para falar de seu sofrimento. Dois meses depois, ainda h\u00e1 informes sobre mulheres que ficaram com medo de sair de casa.<\/p>\n<p>Dado o poder global das gigantes de tecnologia \u2013 cuja fun\u00e7\u00e3o \u00e9 de publisher e n\u00e3o de correio, como ela ressaltou durante preparativos para a reuni\u00e3o de c\u00fapula \u2013 s\u00f3 juntos podemos combater o uso das m\u00eddias sociais para insuflar o \u00f3dio, disse Jacinda.<\/p>\n<p>\u201cOnline, n\u00f3s, governos, podemos escolher a regulamenta\u00e7\u00e3o como ferramenta para resolver esse problema. Mas precisamos reconhecer que a regulamenta\u00e7\u00e3o, por si s\u00f3, n\u00e3o ir\u00e1 resolv\u00ea-lo. Precisamos trabalhar coletivamente \u2013 com as empresas de tecnologia, com a sociedade civil \u2013 para fazer uma mudan\u00e7a significativa. E ali onde regularmos, essa regulamenta\u00e7\u00e3o n\u00e3o devem tornar-se barreira para uma Internet livre, aberta e interativa. Devemos manter e apoiar uma internet que funcione para o bem.\u201d<\/p>\n<p>A primeira-ministra foi espec\u00edfica: quer estar certa de que os esfor\u00e7os de todas as na\u00e7\u00f5es ali representadas s\u00e3o por uma Internet livre, aberta e segura, e que as express\u00f5es de liberdade do discurso conviver\u00e3o em harmonia com o trabalho que est\u00e3o tentando fazer contra a viol\u00eancia e o terrorismo.<\/p>\n<p><strong>Estados Unidos n\u00e3o assinaram<\/strong><\/p>\n<p>Os Estados Unidos declararam apoio aos objetivos gerais do acordo, mas n\u00e3o enviaram ningu\u00e9m \u00e0 c\u00fapula e nem o assinaram. A primeira-ministra n\u00e3o escondeu seu estranhamento.<\/p>\n<p>\u201cA Austr\u00e1lia viveu um massacre e mudou suas leis. A Nova Zel\u00e2ndia teve sua experi\u00eancia e mudou suas leis. Honestamente, n\u00e3o entendo os Estados Unidos\u201d, disse, referindo-se ao fato do pa\u00eds ainda n\u00e3o ter proibido armas autom\u00e1ticas e semi-autom\u00e1ticas apesar das dezenas de assassinatos em massa. \u201cContinuaremos a encorajar o governo dos EUA a apoiar esse acordo de diversas maneiras. Isso \u00e9 um come\u00e7o de conversa, n\u00e3o o final\u201d, falou no encerramento do encontro.<\/p>\n<p>Seis dias ap\u00f3s os atentados, a Nova Zel\u00e2ndia anunciou que proibiria todos os armamentos estilo militar (MSSA) e fuzis de assalto. Pe\u00e7as usadas para converter essas armas em MSSAs tamb\u00e9m foram proibidas, assim como revistas sobre o assunto. Nas semanas que se seguiram ao tiroteio em Christchurch, antes do lan\u00e7amento de um programa oficial de recompra pelo governo, centenas de neozelandeses entregaram voluntariamente suas armas \u00e0 pol\u00edcia.<\/p>\n<p>O governo nomeou uma comiss\u00e3o para investigar os ataques. Ela examina as atividades do suspeito, seu uso de m\u00eddias sociais e conex\u00f5es internacionais, e rev\u00ea a prioridade de recursos contra o terrorismo. Seus resultados ser\u00e3o entregues em 10 de dezembro.<\/p>\n<p>\u201cAs conclus\u00f5es da comiss\u00e3o ajudar\u00e3o a garantir que tal ataque nunca aconte\u00e7a aqui novamente\u201d, disse Ardern. \u201cSabemos que n\u00e3o podemos mudar o mundo por conta pr\u00f3pria. Mas sabemos que podemos \u2013 e devemos \u2013 fazer a diferen\u00e7a nessa quest\u00e3o. Hoje deve ser um dia de mudan\u00e7a.\u201d<\/p>\n<p><strong>O esp\u00edrito do povo origin\u00e1rio<\/strong><\/p>\n<p>Como no memorial aos mortos celebrado duas semanas depois do atentado, Jacinda Ardern abriu a c\u00fapula na l\u00edngua e no esp\u00edrito dos Maori, povo origin\u00e1rio do pa\u00eds, vencido em guerra pela Gr\u00e3 Bretanha e colonizado entre 1840 e 1907.<\/p>\n<p>Numa rara combina\u00e7\u00e3o de reverente afetividade e propostas objetivas, qualidades com que impactou o mundo por ocasi\u00e3o do atentado a mu\u00e7ulmanos de seu pa\u00eds, antes de falar a primeira-ministra apresentou as maoris Zia e Sheryl de Ngati Ranana, que recepcionaram os presentes. \u201cO som da concha para nos chamar a aten\u00e7\u00e3o, um canto para cumpriment\u00e1-los e um apelo ou karanga para reconhecer aqueles que passaram, aqueles de n\u00f3s que permanecem, e a raz\u00e3o por que estamos aqui\u201d, explicou.<\/p>\n<p>S\u00f3 ent\u00e3o falou: \u201cEstou diante de voc\u00eas tendo em mente o peso das 51 vidas perdidas na Nova Zel\u00e2ndia. Sei que muitos \u2013 muitos de voc\u00eas \u2013 t\u00eam em mente a pr\u00f3pria experi\u00eancia dom\u00e9stica de terrorismo.\u201d<\/p>\n","protected":false},"excerpt":{"rendered":"<p>Ataque de supremacistas brancos na Nova Zel\u00e2ndia vitimou 51 mu\u00e7ulmanos. Primeira-ministra iniciou a\u00e7\u00e3o internacional contra \u00f3dio e extremismo na rede. Mas seu caminho \u2014 articular-se com governos e corpora\u00e7\u00f5es \u2014 ter\u00e1 futuro? A primeira-ministra da Nova Zel\u00e2ndia, Jacinda Ardern, esteve&hellip;<\/p>\n","protected":false},"author":1293,"featured_media":861394,"comment_status":"closed","ping_status":"closed","sticky":false,"template":"","format":"standard","meta":{"footnotes":""},"categories":[112,1256,107,1257],"tags":[23177,5192,976,59118,11256,7066,59119,2887],"class_list":["post-861393","post","type-post","status-publish","format-standard","has-post-thumbnail","hentry","category-cultura-pt-pt","category-nao-violencia","category-oceania-pt-pt","category-paz-desarmamento","tag-desarmamento","tag-eua-pt-pt","tag-internet-pt-pt","tag-midias","tag-muculmanos","tag-nova-zelandia","tag-povo-originario","tag-violencia-pt-pt"],"yoast_head":"<!-- This site is optimized with the Yoast SEO plugin v27.1.1 - https:\/\/yoast.com\/product\/yoast-seo-wordpress\/ -->\n<title>Como construir uma internet sem viol\u00eancia?<\/title>\n<meta name=\"description\" content=\"Ataque de supremacistas brancos na Nova Zel\u00e2ndia vitimou 51 mu\u00e7ulmanos. Primeira-ministra iniciou a\u00e7\u00e3o internacional contra \u00f3dio e extremismo na rede. Mas\" \/>\n<meta name=\"robots\" content=\"index, follow, max-snippet:-1, max-image-preview:large, max-video-preview:-1\" \/>\n<link rel=\"canonical\" href=\"https:\/\/www.pressenza.com\/pt-pt\/2019\/05\/como-construir-uma-internet-sem-violencia\/\" \/>\n<meta property=\"og:locale\" content=\"pt_PT\" \/>\n<meta property=\"og:type\" content=\"article\" \/>\n<meta property=\"og:title\" content=\"Como construir uma internet sem viol\u00eancia?\" \/>\n<meta property=\"og:description\" content=\"Ataque de supremacistas brancos na Nova Zel\u00e2ndia vitimou 51 mu\u00e7ulmanos. Primeira-ministra iniciou a\u00e7\u00e3o internacional contra \u00f3dio e extremismo na rede. Mas\" \/>\n<meta property=\"og:url\" content=\"https:\/\/www.pressenza.com\/pt-pt\/2019\/05\/como-construir-uma-internet-sem-violencia\/\" \/>\n<meta property=\"og:site_name\" content=\"Pressenza\" \/>\n<meta property=\"article:publisher\" content=\"https:\/\/www.facebook.com\/PressenzaItalia\" \/>\n<meta property=\"article:author\" content=\"https:\/\/www.facebook.com\/outraspalavras\" \/>\n<meta property=\"article:published_time\" content=\"2019-05-25T22:31:20+00:00\" \/>\n<meta property=\"og:image\" content=\"https:\/\/www.pressenza.com\/wp-content\/uploads\/2019\/05\/nova-zelanda.png\" \/>\n\t<meta property=\"og:image:width\" content=\"1024\" \/>\n\t<meta property=\"og:image:height\" content=\"669\" \/>\n\t<meta property=\"og:image:type\" content=\"image\/png\" \/>\n<meta name=\"author\" content=\"Outras Palavras\" \/>\n<meta name=\"twitter:card\" content=\"summary_large_image\" \/>\n<meta name=\"twitter:creator\" content=\"@outraspalavrass\" \/>\n<meta name=\"twitter:site\" content=\"@PressenzaIPA\" \/>\n<meta name=\"twitter:label1\" content=\"Escrito por\" \/>\n\t<meta name=\"twitter:data1\" content=\"Outras Palavras\" \/>\n\t<meta name=\"twitter:label2\" content=\"Tempo estimado de leitura\" \/>\n\t<meta name=\"twitter:data2\" content=\"6 minutos\" \/>\n<script type=\"application\/ld+json\" class=\"yoast-schema-graph\">{\"@context\":\"https:\/\/schema.org\",\"@graph\":[{\"@type\":\"Article\",\"@id\":\"https:\/\/www.pressenza.com\/pt-pt\/2019\/05\/como-construir-uma-internet-sem-violencia\/#article\",\"isPartOf\":{\"@id\":\"https:\/\/www.pressenza.com\/pt-pt\/2019\/05\/como-construir-uma-internet-sem-violencia\/\"},\"author\":{\"name\":\"Outras Palavras\",\"@id\":\"https:\/\/www.pressenza.com\/pt-pt\/#\/schema\/person\/7f4f7cda502887ac8bd3ccb0ae8b5a62\"},\"headline\":\"Como construir uma internet sem viol\u00eancia?\",\"datePublished\":\"2019-05-25T22:31:20+00:00\",\"mainEntityOfPage\":{\"@id\":\"https:\/\/www.pressenza.com\/pt-pt\/2019\/05\/como-construir-uma-internet-sem-violencia\/\"},\"wordCount\":1155,\"publisher\":{\"@id\":\"https:\/\/www.pressenza.com\/pt-pt\/#organization\"},\"image\":{\"@id\":\"https:\/\/www.pressenza.com\/pt-pt\/2019\/05\/como-construir-uma-internet-sem-violencia\/#primaryimage\"},\"thumbnailUrl\":\"https:\/\/www.pressenza.com\/wp-content\/uploads\/2019\/05\/nova-zelanda.png\",\"keywords\":[\"Desarmamento\",\"eua\",\"Internet\",\"m\u00eddias\",\"muculmanos\",\"nova zelandia\",\"povo originario\",\"viol\u00eancia\"],\"articleSection\":[\"Cultura e M\u00eddia\",\"N\u00e3o viol\u00eancia\",\"Oce\u00e2nia\",\"Paz e Desarmamento\"],\"inLanguage\":\"pt-PT\"},{\"@type\":\"WebPage\",\"@id\":\"https:\/\/www.pressenza.com\/pt-pt\/2019\/05\/como-construir-uma-internet-sem-violencia\/\",\"url\":\"https:\/\/www.pressenza.com\/pt-pt\/2019\/05\/como-construir-uma-internet-sem-violencia\/\",\"name\":\"Como construir uma internet sem viol\u00eancia?\",\"isPartOf\":{\"@id\":\"https:\/\/www.pressenza.com\/pt-pt\/#website\"},\"primaryImageOfPage\":{\"@id\":\"https:\/\/www.pressenza.com\/pt-pt\/2019\/05\/como-construir-uma-internet-sem-violencia\/#primaryimage\"},\"image\":{\"@id\":\"https:\/\/www.pressenza.com\/pt-pt\/2019\/05\/como-construir-uma-internet-sem-violencia\/#primaryimage\"},\"thumbnailUrl\":\"https:\/\/www.pressenza.com\/wp-content\/uploads\/2019\/05\/nova-zelanda.png\",\"datePublished\":\"2019-05-25T22:31:20+00:00\",\"description\":\"Ataque de supremacistas brancos na Nova Zel\u00e2ndia vitimou 51 mu\u00e7ulmanos. Primeira-ministra iniciou a\u00e7\u00e3o internacional contra \u00f3dio e extremismo na rede. Mas\",\"breadcrumb\":{\"@id\":\"https:\/\/www.pressenza.com\/pt-pt\/2019\/05\/como-construir-uma-internet-sem-violencia\/#breadcrumb\"},\"inLanguage\":\"pt-PT\",\"potentialAction\":[{\"@type\":\"ReadAction\",\"target\":[\"https:\/\/www.pressenza.com\/pt-pt\/2019\/05\/como-construir-uma-internet-sem-violencia\/\"]}]},{\"@type\":\"ImageObject\",\"inLanguage\":\"pt-PT\",\"@id\":\"https:\/\/www.pressenza.com\/pt-pt\/2019\/05\/como-construir-uma-internet-sem-violencia\/#primaryimage\",\"url\":\"https:\/\/www.pressenza.com\/wp-content\/uploads\/2019\/05\/nova-zelanda.png\",\"contentUrl\":\"https:\/\/www.pressenza.com\/wp-content\/uploads\/2019\/05\/nova-zelanda.png\",\"width\":1024,\"height\":669},{\"@type\":\"BreadcrumbList\",\"@id\":\"https:\/\/www.pressenza.com\/pt-pt\/2019\/05\/como-construir-uma-internet-sem-violencia\/#breadcrumb\",\"itemListElement\":[{\"@type\":\"ListItem\",\"position\":1,\"name\":\"Accueil\",\"item\":\"https:\/\/www.pressenza.com\/pt-pt\/\"},{\"@type\":\"ListItem\",\"position\":2,\"name\":\"Como construir uma internet sem viol\u00eancia?\"}]},{\"@type\":\"WebSite\",\"@id\":\"https:\/\/www.pressenza.com\/pt-pt\/#website\",\"url\":\"https:\/\/www.pressenza.com\/pt-pt\/\",\"name\":\"Pressenza\",\"description\":\"International Press Agency\",\"publisher\":{\"@id\":\"https:\/\/www.pressenza.com\/pt-pt\/#organization\"},\"potentialAction\":[{\"@type\":\"SearchAction\",\"target\":{\"@type\":\"EntryPoint\",\"urlTemplate\":\"https:\/\/www.pressenza.com\/pt-pt\/?s={search_term_string}\"},\"query-input\":{\"@type\":\"PropertyValueSpecification\",\"valueRequired\":true,\"valueName\":\"search_term_string\"}}],\"inLanguage\":\"pt-PT\"},{\"@type\":\"Organization\",\"@id\":\"https:\/\/www.pressenza.com\/pt-pt\/#organization\",\"name\":\"Pressenza\",\"url\":\"https:\/\/www.pressenza.com\/pt-pt\/\",\"logo\":{\"@type\":\"ImageObject\",\"inLanguage\":\"pt-PT\",\"@id\":\"https:\/\/www.pressenza.com\/pt-pt\/#\/schema\/logo\/image\/\",\"url\":\"https:\/\/www.pressenza.com\/wp-content\/uploads\/2022\/10\/pressenza_logo_200x200.jpg\",\"contentUrl\":\"https:\/\/www.pressenza.com\/wp-content\/uploads\/2022\/10\/pressenza_logo_200x200.jpg\",\"width\":200,\"height\":200,\"caption\":\"Pressenza\"},\"image\":{\"@id\":\"https:\/\/www.pressenza.com\/pt-pt\/#\/schema\/logo\/image\/\"},\"sameAs\":[\"https:\/\/www.facebook.com\/PressenzaItalia\",\"https:\/\/x.com\/PressenzaIPA\"]},{\"@type\":\"Person\",\"@id\":\"https:\/\/www.pressenza.com\/pt-pt\/#\/schema\/person\/7f4f7cda502887ac8bd3ccb0ae8b5a62\",\"name\":\"Outras Palavras\",\"description\":\"Comunica\u00e7\u00e3o compartilhada e P\u00f3s-capitalismo\",\"sameAs\":[\"https:\/\/www.facebook.com\/outraspalavras\",\"https:\/\/x.com\/outraspalavrass\"],\"url\":\"https:\/\/www.pressenza.com\/pt-pt\/author\/outras-palavras\/\"}]}<\/script>\n<!-- \/ Yoast SEO plugin. -->","yoast_head_json":{"title":"Como construir uma internet sem viol\u00eancia?","description":"Ataque de supremacistas brancos na Nova Zel\u00e2ndia vitimou 51 mu\u00e7ulmanos. Primeira-ministra iniciou a\u00e7\u00e3o internacional contra \u00f3dio e extremismo na rede. Mas","robots":{"index":"index","follow":"follow","max-snippet":"max-snippet:-1","max-image-preview":"max-image-preview:large","max-video-preview":"max-video-preview:-1"},"canonical":"https:\/\/www.pressenza.com\/pt-pt\/2019\/05\/como-construir-uma-internet-sem-violencia\/","og_locale":"pt_PT","og_type":"article","og_title":"Como construir uma internet sem viol\u00eancia?","og_description":"Ataque de supremacistas brancos na Nova Zel\u00e2ndia vitimou 51 mu\u00e7ulmanos. Primeira-ministra iniciou a\u00e7\u00e3o internacional contra \u00f3dio e extremismo na rede. Mas","og_url":"https:\/\/www.pressenza.com\/pt-pt\/2019\/05\/como-construir-uma-internet-sem-violencia\/","og_site_name":"Pressenza","article_publisher":"https:\/\/www.facebook.com\/PressenzaItalia","article_author":"https:\/\/www.facebook.com\/outraspalavras","article_published_time":"2019-05-25T22:31:20+00:00","og_image":[{"width":1024,"height":669,"url":"https:\/\/www.pressenza.com\/wp-content\/uploads\/2019\/05\/nova-zelanda.png","type":"image\/png"}],"author":"Outras Palavras","twitter_card":"summary_large_image","twitter_creator":"@outraspalavrass","twitter_site":"@PressenzaIPA","twitter_misc":{"Escrito por":"Outras Palavras","Tempo estimado de leitura":"6 minutos"},"schema":{"@context":"https:\/\/schema.org","@graph":[{"@type":"Article","@id":"https:\/\/www.pressenza.com\/pt-pt\/2019\/05\/como-construir-uma-internet-sem-violencia\/#article","isPartOf":{"@id":"https:\/\/www.pressenza.com\/pt-pt\/2019\/05\/como-construir-uma-internet-sem-violencia\/"},"author":{"name":"Outras Palavras","@id":"https:\/\/www.pressenza.com\/pt-pt\/#\/schema\/person\/7f4f7cda502887ac8bd3ccb0ae8b5a62"},"headline":"Como construir uma internet sem viol\u00eancia?","datePublished":"2019-05-25T22:31:20+00:00","mainEntityOfPage":{"@id":"https:\/\/www.pressenza.com\/pt-pt\/2019\/05\/como-construir-uma-internet-sem-violencia\/"},"wordCount":1155,"publisher":{"@id":"https:\/\/www.pressenza.com\/pt-pt\/#organization"},"image":{"@id":"https:\/\/www.pressenza.com\/pt-pt\/2019\/05\/como-construir-uma-internet-sem-violencia\/#primaryimage"},"thumbnailUrl":"https:\/\/www.pressenza.com\/wp-content\/uploads\/2019\/05\/nova-zelanda.png","keywords":["Desarmamento","eua","Internet","m\u00eddias","muculmanos","nova zelandia","povo originario","viol\u00eancia"],"articleSection":["Cultura e M\u00eddia","N\u00e3o viol\u00eancia","Oce\u00e2nia","Paz e Desarmamento"],"inLanguage":"pt-PT"},{"@type":"WebPage","@id":"https:\/\/www.pressenza.com\/pt-pt\/2019\/05\/como-construir-uma-internet-sem-violencia\/","url":"https:\/\/www.pressenza.com\/pt-pt\/2019\/05\/como-construir-uma-internet-sem-violencia\/","name":"Como construir uma internet sem viol\u00eancia?","isPartOf":{"@id":"https:\/\/www.pressenza.com\/pt-pt\/#website"},"primaryImageOfPage":{"@id":"https:\/\/www.pressenza.com\/pt-pt\/2019\/05\/como-construir-uma-internet-sem-violencia\/#primaryimage"},"image":{"@id":"https:\/\/www.pressenza.com\/pt-pt\/2019\/05\/como-construir-uma-internet-sem-violencia\/#primaryimage"},"thumbnailUrl":"https:\/\/www.pressenza.com\/wp-content\/uploads\/2019\/05\/nova-zelanda.png","datePublished":"2019-05-25T22:31:20+00:00","description":"Ataque de supremacistas brancos na Nova Zel\u00e2ndia vitimou 51 mu\u00e7ulmanos. Primeira-ministra iniciou a\u00e7\u00e3o internacional contra \u00f3dio e extremismo na rede. Mas","breadcrumb":{"@id":"https:\/\/www.pressenza.com\/pt-pt\/2019\/05\/como-construir-uma-internet-sem-violencia\/#breadcrumb"},"inLanguage":"pt-PT","potentialAction":[{"@type":"ReadAction","target":["https:\/\/www.pressenza.com\/pt-pt\/2019\/05\/como-construir-uma-internet-sem-violencia\/"]}]},{"@type":"ImageObject","inLanguage":"pt-PT","@id":"https:\/\/www.pressenza.com\/pt-pt\/2019\/05\/como-construir-uma-internet-sem-violencia\/#primaryimage","url":"https:\/\/www.pressenza.com\/wp-content\/uploads\/2019\/05\/nova-zelanda.png","contentUrl":"https:\/\/www.pressenza.com\/wp-content\/uploads\/2019\/05\/nova-zelanda.png","width":1024,"height":669},{"@type":"BreadcrumbList","@id":"https:\/\/www.pressenza.com\/pt-pt\/2019\/05\/como-construir-uma-internet-sem-violencia\/#breadcrumb","itemListElement":[{"@type":"ListItem","position":1,"name":"Accueil","item":"https:\/\/www.pressenza.com\/pt-pt\/"},{"@type":"ListItem","position":2,"name":"Como construir uma internet sem viol\u00eancia?"}]},{"@type":"WebSite","@id":"https:\/\/www.pressenza.com\/pt-pt\/#website","url":"https:\/\/www.pressenza.com\/pt-pt\/","name":"Pressenza","description":"International Press Agency","publisher":{"@id":"https:\/\/www.pressenza.com\/pt-pt\/#organization"},"potentialAction":[{"@type":"SearchAction","target":{"@type":"EntryPoint","urlTemplate":"https:\/\/www.pressenza.com\/pt-pt\/?s={search_term_string}"},"query-input":{"@type":"PropertyValueSpecification","valueRequired":true,"valueName":"search_term_string"}}],"inLanguage":"pt-PT"},{"@type":"Organization","@id":"https:\/\/www.pressenza.com\/pt-pt\/#organization","name":"Pressenza","url":"https:\/\/www.pressenza.com\/pt-pt\/","logo":{"@type":"ImageObject","inLanguage":"pt-PT","@id":"https:\/\/www.pressenza.com\/pt-pt\/#\/schema\/logo\/image\/","url":"https:\/\/www.pressenza.com\/wp-content\/uploads\/2022\/10\/pressenza_logo_200x200.jpg","contentUrl":"https:\/\/www.pressenza.com\/wp-content\/uploads\/2022\/10\/pressenza_logo_200x200.jpg","width":200,"height":200,"caption":"Pressenza"},"image":{"@id":"https:\/\/www.pressenza.com\/pt-pt\/#\/schema\/logo\/image\/"},"sameAs":["https:\/\/www.facebook.com\/PressenzaItalia","https:\/\/x.com\/PressenzaIPA"]},{"@type":"Person","@id":"https:\/\/www.pressenza.com\/pt-pt\/#\/schema\/person\/7f4f7cda502887ac8bd3ccb0ae8b5a62","name":"Outras Palavras","description":"Comunica\u00e7\u00e3o compartilhada e P\u00f3s-capitalismo","sameAs":["https:\/\/www.facebook.com\/outraspalavras","https:\/\/x.com\/outraspalavrass"],"url":"https:\/\/www.pressenza.com\/pt-pt\/author\/outras-palavras\/"}]}},"place":"S\u00e3o Paulo, Brasil","original_article_url":"https:\/\/outraspalavras.net\/internetemdisputa\/como-construir-uma-internet-sem-violencia\/","_links":{"self":[{"href":"https:\/\/www.pressenza.com\/pt-pt\/wp-json\/wp\/v2\/posts\/861393","targetHints":{"allow":["GET"]}}],"collection":[{"href":"https:\/\/www.pressenza.com\/pt-pt\/wp-json\/wp\/v2\/posts"}],"about":[{"href":"https:\/\/www.pressenza.com\/pt-pt\/wp-json\/wp\/v2\/types\/post"}],"author":[{"embeddable":true,"href":"https:\/\/www.pressenza.com\/pt-pt\/wp-json\/wp\/v2\/users\/1293"}],"replies":[{"embeddable":true,"href":"https:\/\/www.pressenza.com\/pt-pt\/wp-json\/wp\/v2\/comments?post=861393"}],"version-history":[{"count":0,"href":"https:\/\/www.pressenza.com\/pt-pt\/wp-json\/wp\/v2\/posts\/861393\/revisions"}],"wp:featuredmedia":[{"embeddable":true,"href":"https:\/\/www.pressenza.com\/pt-pt\/wp-json\/wp\/v2\/media\/861394"}],"wp:attachment":[{"href":"https:\/\/www.pressenza.com\/pt-pt\/wp-json\/wp\/v2\/media?parent=861393"}],"wp:term":[{"taxonomy":"category","embeddable":true,"href":"https:\/\/www.pressenza.com\/pt-pt\/wp-json\/wp\/v2\/categories?post=861393"},{"taxonomy":"post_tag","embeddable":true,"href":"https:\/\/www.pressenza.com\/pt-pt\/wp-json\/wp\/v2\/tags?post=861393"}],"curies":[{"name":"wp","href":"https:\/\/api.w.org\/{rel}","templated":true}]}}