{"id":859068,"date":"2019-05-22T22:14:12","date_gmt":"2019-05-22T21:14:12","guid":{"rendered":"https:\/\/www.pressenza.com\/?p=859068"},"modified":"2019-05-22T22:14:12","modified_gmt":"2019-05-22T21:14:12","slug":"14-governadores-pedem-revogacao-do-decreto-de-bolsonaro-que-flexibiliza-porte-de-armas","status":"publish","type":"post","link":"https:\/\/www.pressenza.com\/pt-pt\/2019\/05\/14-governadores-pedem-revogacao-do-decreto-de-bolsonaro-que-flexibiliza-porte-de-armas\/","title":{"rendered":"14 governadores pedem revoga\u00e7\u00e3o do decreto de Bolsonaro que flexibiliza porte de armas"},"content":{"rendered":"<p>Governadores de 13 estados e do Distrito Federal divulgaram uma carta aberta se mostrando contr\u00e1rios ao decreto de armas, editado por Jair Bolsonaro no come\u00e7o deste m\u00eas.\u00a0Para o grupo, o decreto que amplia o direito do cidad\u00e3o \u00e0 arma vai aumentar a viol\u00eancia no pa\u00eds.\u00a0O Minist\u00e9rio P\u00fablico Federal, em Bras\u00edlia, pediu a suspens\u00e3o do decreto. Atualmente, existem tr\u00eas a\u00e7\u00f5es contra o decreto na Justi\u00e7a Federal e tr\u00eas no Supremo Tribunal Federal (STF).<\/p>\n<p>Leia a carta na \u00edntegra:<\/p>\n<p><strong>Carta dos Governadores sobre o Decreto Presidencial n. 9.785 (07 de maio de 2019) e a Regula\u00e7\u00e3o Respons\u00e1vel de Armas e Muni\u00e7\u00f5es no Pa\u00eds<\/strong><\/p>\n<p>Como governadores de diferentes estados do pa\u00eds, manifestamos nossa preocupa\u00e7\u00e3o com a flexibiliza\u00e7\u00e3o da atual legisla\u00e7\u00e3o de controle de armas e muni\u00e7\u00f5es em raz\u00e3o do decreto presidencial n. 9.785 (07 de maio de 2019) e solicitamos aos poderes Executivo, Legislativo e Judici\u00e1rio da Uni\u00e3o que atuem tanto para sua imediata revoga\u00e7\u00e3o como para o avan\u00e7o de uma efetiva pol\u00edtica respons\u00e1vel de armas e muni\u00e7\u00e3o no pa\u00eds.<\/p>\n<p>Sabemos que a viol\u00eancia e a inseguran\u00e7a afetam grande parte da popula\u00e7\u00e3o de nossos estados e que representam um dos maiores obst\u00e1culos ao desenvolvimento humano e econ\u00f4mico do Brasil. Nesse contexto, a grande disponibilidade de armas de fogo e muni\u00e7\u00f5es que s\u00e3o usadas de maneira il\u00edcita representa um enorme desafio para a seguran\u00e7a p\u00fablica do pa\u00eds e \u00e9 preciso enfrent\u00e1-lo.<\/p>\n<p>Por essa raz\u00e3o, \u00e9 urgente a implementa\u00e7\u00e3o de a\u00e7\u00f5es que melhorem a rastreabilidade das armas de fogo e muni\u00e7\u00f5es durante toda a sua exist\u00eancia, desde sua produ\u00e7\u00e3o. Tamb\u00e9m \u00e9 fundamental aumentar os meios de controle e fiscaliza\u00e7\u00e3o para coibir os desvios, enfrentar o tr\u00e1fico il\u00edcito e evitar que as armas que nascem na legalidade caiam na ilegalidade e sejam utilizadas no crime. Reconhecemos que essas n\u00e3o s\u00e3o solu\u00e7\u00f5es m\u00e1gicas, mas s\u00e3o condi\u00e7\u00f5es necess\u00e1rias para a melhoria de nossa seguran\u00e7a p\u00fablica.<\/p>\n<p>Diante deste cen\u00e1rio, e a partir das evid\u00eancias dispon\u00edveis, julgamos que as medidas previstas pelo decreto n\u00e3o contribuir\u00e3o para tornar nossos estados mais seguros. Ao contr\u00e1rio, tais medidas ter\u00e3o um impacto negativo na viol\u00eancia \u2013 aumentando por exemplo, a quantidade de armas e muni\u00e7\u00f5es que poder\u00e3o abastecer criminosos \u2013 e aumentar\u00e3o os riscos de que discuss\u00f5es e brigas entre nossos cidad\u00e3os acabem em trag\u00e9dias.<\/p>\n<p>As solu\u00e7\u00f5es para reverter o cen\u00e1rio de viol\u00eancia e inseguran\u00e7a no pa\u00eds ser\u00e3o fortalecidas com a coordena\u00e7\u00e3o de esfor\u00e7os da Uni\u00e3o, Estados e Munic\u00edpios para fortalecer pol\u00edticas p\u00fablicas baseadas em evid\u00eancias e para implementar o Plano Nacional de Seguran\u00e7a P\u00fablica e Defesa Social, fortalecendo a preven\u00e7\u00e3o focalizada nas popula\u00e7\u00f5es e territ\u00f3rios mais afetados pela viol\u00eancia e a repress\u00e3o qualificada da criminalidade.<\/p>\n<p>Refor\u00e7amos nosso compromisso com o di\u00e1logo e com a melhoria da seguran\u00e7a p\u00fablica do pa\u00eds. Juntos, podemos construir um Brasil seguro para as atuais e futuras gera\u00e7\u00f5es.<\/p>\n<p>IBANEIS ROCHA<br \/>\nGovernador do Distrito Federal<\/p>\n<p>FL\u00c1VIO DINO<br \/>\nGovernador do Estado do Maranh\u00e3o<\/p>\n<p>WELLINGTON DIAS<br \/>\nGovernador do Estado do Piau\u00ed<\/p>\n<p>PAULO C\u00c2MARA<br \/>\nGovernador do Estado de Pernambuco<\/p>\n<p>CAMILO SANTANA<br \/>\nGovernador do Estado do Cear\u00e1<\/p>\n<p>JO\u00c3O AZEVEDO<br \/>\nGovernador do Estado da Para\u00edba<\/p>\n<p>RENATO CASAGRANDE<br \/>\nGovernador do Estado do Esp\u00edrito Santo<\/p>\n<p>RUI COSTA<br \/>\nGovernador do Estado da Bahia<\/p>\n<p>F\u00c1TIMA BEZERRA<br \/>\nGovernadora do Estado do Rio Grande do Norte<\/p>\n<p>RENAN FILHO<br \/>\nGovernador do Estado de Alagoas<\/p>\n<p>BELIVALDO CHAGAS<br \/>\nGovernador do Estado de Sergipe<\/p>\n<p>WALDEZ G\u00d3ES<br \/>\nGovernador do Estado do Amap\u00e1<\/p>\n<p>MAURO CARLESSE<br \/>\nGovernador do Estado do Tocantins<\/p>\n<p>HELDER BARBALHO<br \/>\nGovernador do Estado do Par\u00e1<\/p>\n","protected":false},"excerpt":{"rendered":"<p>Governadores de 13 estados e do Distrito Federal divulgaram uma carta aberta se mostrando contr\u00e1rios ao decreto de armas, editado por Jair Bolsonaro no come\u00e7o deste m\u00eas.\u00a0Para o grupo, o decreto que amplia o direito do cidad\u00e3o \u00e0 arma vai&hellip;<\/p>\n","protected":false},"author":1225,"featured_media":859069,"comment_status":"closed","ping_status":"closed","sticky":false,"template":"","format":"standard","meta":{"footnotes":""},"categories":[104,153,1257,111],"tags":[56294,2744,59022,59021,49050,2887],"class_list":["post-859068","post","type-post","status-publish","format-standard","has-post-thumbnail","hentry","category-america-do-sul","category-nota-de-imprensa","category-paz-desarmamento","category-politica-pt-pt","tag-armas-pt-pt","tag-brasil","tag-decreto-de-armas","tag-governadores","tag-inseguranca","tag-violencia-pt-pt"],"yoast_head":"<!-- This site is optimized with the Yoast SEO plugin v27.1.1 - https:\/\/yoast.com\/product\/yoast-seo-wordpress\/ -->\n<title>14 governadores pedem revoga\u00e7\u00e3o do decreto de Bolsonaro que flexibiliza porte de armas<\/title>\n<meta name=\"description\" content=\"Governadores de 13 estados e do Distrito Federal divulgaram uma carta aberta se mostrando contr\u00e1rios ao decreto de armas, editado por Jair Bolsonaro no\" \/>\n<meta name=\"robots\" content=\"index, follow, max-snippet:-1, max-image-preview:large, max-video-preview:-1\" \/>\n<link rel=\"canonical\" href=\"https:\/\/www.pressenza.com\/pt-pt\/2019\/05\/14-governadores-pedem-revogacao-do-decreto-de-bolsonaro-que-flexibiliza-porte-de-armas\/\" \/>\n<meta property=\"og:locale\" content=\"pt_PT\" \/>\n<meta property=\"og:type\" content=\"article\" \/>\n<meta property=\"og:title\" content=\"14 governadores pedem revoga\u00e7\u00e3o do decreto de Bolsonaro que flexibiliza porte de armas\" \/>\n<meta property=\"og:description\" content=\"Governadores de 13 estados e do Distrito Federal divulgaram uma carta aberta se mostrando contr\u00e1rios ao decreto de armas, editado por Jair Bolsonaro no\" \/>\n<meta property=\"og:url\" content=\"https:\/\/www.pressenza.com\/pt-pt\/2019\/05\/14-governadores-pedem-revogacao-do-decreto-de-bolsonaro-que-flexibiliza-porte-de-armas\/\" \/>\n<meta property=\"og:site_name\" content=\"Pressenza\" \/>\n<meta property=\"article:publisher\" content=\"https:\/\/www.facebook.com\/PressenzaItalia\" \/>\n<meta property=\"article:author\" content=\"https:\/\/www.facebook.com\/MidiaNINJA\/\" \/>\n<meta property=\"article:published_time\" content=\"2019-05-22T21:14:12+00:00\" \/>\n<meta property=\"og:image\" content=\"https:\/\/www.pressenza.com\/wp-content\/uploads\/2019\/05\/uso-de-armas-br-marcos-corre\u0302a-agencia-brasil.jpg\" \/>\n\t<meta property=\"og:image:width\" content=\"1024\" \/>\n\t<meta property=\"og:image:height\" content=\"683\" \/>\n\t<meta property=\"og:image:type\" content=\"image\/jpeg\" \/>\n<meta name=\"author\" content=\"M\u00eddia NINJA\" \/>\n<meta name=\"twitter:card\" content=\"summary_large_image\" \/>\n<meta name=\"twitter:creator\" content=\"@PressenzaIPA\" \/>\n<meta name=\"twitter:site\" content=\"@PressenzaIPA\" \/>\n<meta name=\"twitter:label1\" content=\"Escrito por\" \/>\n\t<meta name=\"twitter:data1\" content=\"M\u00eddia NINJA\" \/>\n\t<meta name=\"twitter:label2\" content=\"Tempo estimado de leitura\" \/>\n\t<meta name=\"twitter:data2\" content=\"3 minutos\" \/>\n<script type=\"application\/ld+json\" class=\"yoast-schema-graph\">{\"@context\":\"https:\/\/schema.org\",\"@graph\":[{\"@type\":\"Article\",\"@id\":\"https:\/\/www.pressenza.com\/pt-pt\/2019\/05\/14-governadores-pedem-revogacao-do-decreto-de-bolsonaro-que-flexibiliza-porte-de-armas\/#article\",\"isPartOf\":{\"@id\":\"https:\/\/www.pressenza.com\/pt-pt\/2019\/05\/14-governadores-pedem-revogacao-do-decreto-de-bolsonaro-que-flexibiliza-porte-de-armas\/\"},\"author\":{\"name\":\"M\u00eddia NINJA\",\"@id\":\"https:\/\/www.pressenza.com\/pt-pt\/#\/schema\/person\/61b235dea98d4f5f651cc1bd138a88bf\"},\"headline\":\"14 governadores pedem revoga\u00e7\u00e3o do decreto de Bolsonaro que flexibiliza porte de armas\",\"datePublished\":\"2019-05-22T21:14:12+00:00\",\"mainEntityOfPage\":{\"@id\":\"https:\/\/www.pressenza.com\/pt-pt\/2019\/05\/14-governadores-pedem-revogacao-do-decreto-de-bolsonaro-que-flexibiliza-porte-de-armas\/\"},\"wordCount\":673,\"publisher\":{\"@id\":\"https:\/\/www.pressenza.com\/pt-pt\/#organization\"},\"image\":{\"@id\":\"https:\/\/www.pressenza.com\/pt-pt\/2019\/05\/14-governadores-pedem-revogacao-do-decreto-de-bolsonaro-que-flexibiliza-porte-de-armas\/#primaryimage\"},\"thumbnailUrl\":\"https:\/\/www.pressenza.com\/wp-content\/uploads\/2019\/05\/uso-de-armas-br-marcos-corre\u0302a-agencia-brasil.jpg\",\"keywords\":[\"armas\",\"Brasil\",\"decreto de armas\",\"governadores\",\"inseguran\u00e7a\",\"viol\u00eancia\"],\"articleSection\":[\"\u00c1m\u00e9rica do Sul\",\"Nota de imprensa\",\"Paz e Desarmamento\",\"Pol\u00edtica\"],\"inLanguage\":\"pt-PT\"},{\"@type\":\"WebPage\",\"@id\":\"https:\/\/www.pressenza.com\/pt-pt\/2019\/05\/14-governadores-pedem-revogacao-do-decreto-de-bolsonaro-que-flexibiliza-porte-de-armas\/\",\"url\":\"https:\/\/www.pressenza.com\/pt-pt\/2019\/05\/14-governadores-pedem-revogacao-do-decreto-de-bolsonaro-que-flexibiliza-porte-de-armas\/\",\"name\":\"14 governadores pedem revoga\u00e7\u00e3o do decreto de Bolsonaro que flexibiliza porte de armas\",\"isPartOf\":{\"@id\":\"https:\/\/www.pressenza.com\/pt-pt\/#website\"},\"primaryImageOfPage\":{\"@id\":\"https:\/\/www.pressenza.com\/pt-pt\/2019\/05\/14-governadores-pedem-revogacao-do-decreto-de-bolsonaro-que-flexibiliza-porte-de-armas\/#primaryimage\"},\"image\":{\"@id\":\"https:\/\/www.pressenza.com\/pt-pt\/2019\/05\/14-governadores-pedem-revogacao-do-decreto-de-bolsonaro-que-flexibiliza-porte-de-armas\/#primaryimage\"},\"thumbnailUrl\":\"https:\/\/www.pressenza.com\/wp-content\/uploads\/2019\/05\/uso-de-armas-br-marcos-corre\u0302a-agencia-brasil.jpg\",\"datePublished\":\"2019-05-22T21:14:12+00:00\",\"description\":\"Governadores de 13 estados e do Distrito Federal divulgaram uma carta aberta se mostrando contr\u00e1rios ao decreto de armas, editado por Jair Bolsonaro no\",\"breadcrumb\":{\"@id\":\"https:\/\/www.pressenza.com\/pt-pt\/2019\/05\/14-governadores-pedem-revogacao-do-decreto-de-bolsonaro-que-flexibiliza-porte-de-armas\/#breadcrumb\"},\"inLanguage\":\"pt-PT\",\"potentialAction\":[{\"@type\":\"ReadAction\",\"target\":[\"https:\/\/www.pressenza.com\/pt-pt\/2019\/05\/14-governadores-pedem-revogacao-do-decreto-de-bolsonaro-que-flexibiliza-porte-de-armas\/\"]}]},{\"@type\":\"ImageObject\",\"inLanguage\":\"pt-PT\",\"@id\":\"https:\/\/www.pressenza.com\/pt-pt\/2019\/05\/14-governadores-pedem-revogacao-do-decreto-de-bolsonaro-que-flexibiliza-porte-de-armas\/#primaryimage\",\"url\":\"https:\/\/www.pressenza.com\/wp-content\/uploads\/2019\/05\/uso-de-armas-br-marcos-corre\u0302a-agencia-brasil.jpg\",\"contentUrl\":\"https:\/\/www.pressenza.com\/wp-content\/uploads\/2019\/05\/uso-de-armas-br-marcos-corre\u0302a-agencia-brasil.jpg\",\"width\":1024,\"height\":683},{\"@type\":\"BreadcrumbList\",\"@id\":\"https:\/\/www.pressenza.com\/pt-pt\/2019\/05\/14-governadores-pedem-revogacao-do-decreto-de-bolsonaro-que-flexibiliza-porte-de-armas\/#breadcrumb\",\"itemListElement\":[{\"@type\":\"ListItem\",\"position\":1,\"name\":\"Accueil\",\"item\":\"https:\/\/www.pressenza.com\/pt-pt\/\"},{\"@type\":\"ListItem\",\"position\":2,\"name\":\"14 governadores pedem revoga\u00e7\u00e3o do decreto de Bolsonaro que flexibiliza porte de armas\"}]},{\"@type\":\"WebSite\",\"@id\":\"https:\/\/www.pressenza.com\/pt-pt\/#website\",\"url\":\"https:\/\/www.pressenza.com\/pt-pt\/\",\"name\":\"Pressenza\",\"description\":\"International Press Agency\",\"publisher\":{\"@id\":\"https:\/\/www.pressenza.com\/pt-pt\/#organization\"},\"potentialAction\":[{\"@type\":\"SearchAction\",\"target\":{\"@type\":\"EntryPoint\",\"urlTemplate\":\"https:\/\/www.pressenza.com\/pt-pt\/?s={search_term_string}\"},\"query-input\":{\"@type\":\"PropertyValueSpecification\",\"valueRequired\":true,\"valueName\":\"search_term_string\"}}],\"inLanguage\":\"pt-PT\"},{\"@type\":\"Organization\",\"@id\":\"https:\/\/www.pressenza.com\/pt-pt\/#organization\",\"name\":\"Pressenza\",\"url\":\"https:\/\/www.pressenza.com\/pt-pt\/\",\"logo\":{\"@type\":\"ImageObject\",\"inLanguage\":\"pt-PT\",\"@id\":\"https:\/\/www.pressenza.com\/pt-pt\/#\/schema\/logo\/image\/\",\"url\":\"https:\/\/www.pressenza.com\/wp-content\/uploads\/2022\/10\/pressenza_logo_200x200.jpg\",\"contentUrl\":\"https:\/\/www.pressenza.com\/wp-content\/uploads\/2022\/10\/pressenza_logo_200x200.jpg\",\"width\":200,\"height\":200,\"caption\":\"Pressenza\"},\"image\":{\"@id\":\"https:\/\/www.pressenza.com\/pt-pt\/#\/schema\/logo\/image\/\"},\"sameAs\":[\"https:\/\/www.facebook.com\/PressenzaItalia\",\"https:\/\/x.com\/PressenzaIPA\"]},{\"@type\":\"Person\",\"@id\":\"https:\/\/www.pressenza.com\/pt-pt\/#\/schema\/person\/61b235dea98d4f5f651cc1bd138a88bf\",\"name\":\"M\u00eddia NINJA\",\"description\":\"Narrativas independentes, jornalismo e a\u00e7\u00e3o. Uma rede de comunicadores que produzem e distribuem informa\u00e7\u00f5es sobre o movimento, atuando e comunicando. https:\/\/midianinja.org\/\",\"sameAs\":[\"https:\/\/midianinja.org\/\",\"https:\/\/www.facebook.com\/MidiaNINJA\/\"],\"url\":\"https:\/\/www.pressenza.com\/pt-pt\/author\/media-ninja\/\"}]}<\/script>\n<!-- \/ Yoast SEO plugin. -->","yoast_head_json":{"title":"14 governadores pedem revoga\u00e7\u00e3o do decreto de Bolsonaro que flexibiliza porte de armas","description":"Governadores de 13 estados e do Distrito Federal divulgaram uma carta aberta se mostrando contr\u00e1rios ao decreto de armas, editado por Jair Bolsonaro no","robots":{"index":"index","follow":"follow","max-snippet":"max-snippet:-1","max-image-preview":"max-image-preview:large","max-video-preview":"max-video-preview:-1"},"canonical":"https:\/\/www.pressenza.com\/pt-pt\/2019\/05\/14-governadores-pedem-revogacao-do-decreto-de-bolsonaro-que-flexibiliza-porte-de-armas\/","og_locale":"pt_PT","og_type":"article","og_title":"14 governadores pedem revoga\u00e7\u00e3o do decreto de Bolsonaro que flexibiliza porte de armas","og_description":"Governadores de 13 estados e do Distrito Federal divulgaram uma carta aberta se mostrando contr\u00e1rios ao decreto de armas, editado por Jair Bolsonaro no","og_url":"https:\/\/www.pressenza.com\/pt-pt\/2019\/05\/14-governadores-pedem-revogacao-do-decreto-de-bolsonaro-que-flexibiliza-porte-de-armas\/","og_site_name":"Pressenza","article_publisher":"https:\/\/www.facebook.com\/PressenzaItalia","article_author":"https:\/\/www.facebook.com\/MidiaNINJA\/","article_published_time":"2019-05-22T21:14:12+00:00","og_image":[{"width":1024,"height":683,"url":"https:\/\/www.pressenza.com\/wp-content\/uploads\/2019\/05\/uso-de-armas-br-marcos-corre\u0302a-agencia-brasil.jpg","type":"image\/jpeg"}],"author":"M\u00eddia NINJA","twitter_card":"summary_large_image","twitter_creator":"@PressenzaIPA","twitter_site":"@PressenzaIPA","twitter_misc":{"Escrito por":"M\u00eddia NINJA","Tempo estimado de leitura":"3 minutos"},"schema":{"@context":"https:\/\/schema.org","@graph":[{"@type":"Article","@id":"https:\/\/www.pressenza.com\/pt-pt\/2019\/05\/14-governadores-pedem-revogacao-do-decreto-de-bolsonaro-que-flexibiliza-porte-de-armas\/#article","isPartOf":{"@id":"https:\/\/www.pressenza.com\/pt-pt\/2019\/05\/14-governadores-pedem-revogacao-do-decreto-de-bolsonaro-que-flexibiliza-porte-de-armas\/"},"author":{"name":"M\u00eddia NINJA","@id":"https:\/\/www.pressenza.com\/pt-pt\/#\/schema\/person\/61b235dea98d4f5f651cc1bd138a88bf"},"headline":"14 governadores pedem revoga\u00e7\u00e3o do decreto de Bolsonaro que flexibiliza porte de armas","datePublished":"2019-05-22T21:14:12+00:00","mainEntityOfPage":{"@id":"https:\/\/www.pressenza.com\/pt-pt\/2019\/05\/14-governadores-pedem-revogacao-do-decreto-de-bolsonaro-que-flexibiliza-porte-de-armas\/"},"wordCount":673,"publisher":{"@id":"https:\/\/www.pressenza.com\/pt-pt\/#organization"},"image":{"@id":"https:\/\/www.pressenza.com\/pt-pt\/2019\/05\/14-governadores-pedem-revogacao-do-decreto-de-bolsonaro-que-flexibiliza-porte-de-armas\/#primaryimage"},"thumbnailUrl":"https:\/\/www.pressenza.com\/wp-content\/uploads\/2019\/05\/uso-de-armas-br-marcos-corre\u0302a-agencia-brasil.jpg","keywords":["armas","Brasil","decreto de armas","governadores","inseguran\u00e7a","viol\u00eancia"],"articleSection":["\u00c1m\u00e9rica do Sul","Nota de imprensa","Paz e Desarmamento","Pol\u00edtica"],"inLanguage":"pt-PT"},{"@type":"WebPage","@id":"https:\/\/www.pressenza.com\/pt-pt\/2019\/05\/14-governadores-pedem-revogacao-do-decreto-de-bolsonaro-que-flexibiliza-porte-de-armas\/","url":"https:\/\/www.pressenza.com\/pt-pt\/2019\/05\/14-governadores-pedem-revogacao-do-decreto-de-bolsonaro-que-flexibiliza-porte-de-armas\/","name":"14 governadores pedem revoga\u00e7\u00e3o do decreto de Bolsonaro que flexibiliza porte de armas","isPartOf":{"@id":"https:\/\/www.pressenza.com\/pt-pt\/#website"},"primaryImageOfPage":{"@id":"https:\/\/www.pressenza.com\/pt-pt\/2019\/05\/14-governadores-pedem-revogacao-do-decreto-de-bolsonaro-que-flexibiliza-porte-de-armas\/#primaryimage"},"image":{"@id":"https:\/\/www.pressenza.com\/pt-pt\/2019\/05\/14-governadores-pedem-revogacao-do-decreto-de-bolsonaro-que-flexibiliza-porte-de-armas\/#primaryimage"},"thumbnailUrl":"https:\/\/www.pressenza.com\/wp-content\/uploads\/2019\/05\/uso-de-armas-br-marcos-corre\u0302a-agencia-brasil.jpg","datePublished":"2019-05-22T21:14:12+00:00","description":"Governadores de 13 estados e do Distrito Federal divulgaram uma carta aberta se mostrando contr\u00e1rios ao decreto de armas, editado por Jair Bolsonaro no","breadcrumb":{"@id":"https:\/\/www.pressenza.com\/pt-pt\/2019\/05\/14-governadores-pedem-revogacao-do-decreto-de-bolsonaro-que-flexibiliza-porte-de-armas\/#breadcrumb"},"inLanguage":"pt-PT","potentialAction":[{"@type":"ReadAction","target":["https:\/\/www.pressenza.com\/pt-pt\/2019\/05\/14-governadores-pedem-revogacao-do-decreto-de-bolsonaro-que-flexibiliza-porte-de-armas\/"]}]},{"@type":"ImageObject","inLanguage":"pt-PT","@id":"https:\/\/www.pressenza.com\/pt-pt\/2019\/05\/14-governadores-pedem-revogacao-do-decreto-de-bolsonaro-que-flexibiliza-porte-de-armas\/#primaryimage","url":"https:\/\/www.pressenza.com\/wp-content\/uploads\/2019\/05\/uso-de-armas-br-marcos-corre\u0302a-agencia-brasil.jpg","contentUrl":"https:\/\/www.pressenza.com\/wp-content\/uploads\/2019\/05\/uso-de-armas-br-marcos-corre\u0302a-agencia-brasil.jpg","width":1024,"height":683},{"@type":"BreadcrumbList","@id":"https:\/\/www.pressenza.com\/pt-pt\/2019\/05\/14-governadores-pedem-revogacao-do-decreto-de-bolsonaro-que-flexibiliza-porte-de-armas\/#breadcrumb","itemListElement":[{"@type":"ListItem","position":1,"name":"Accueil","item":"https:\/\/www.pressenza.com\/pt-pt\/"},{"@type":"ListItem","position":2,"name":"14 governadores pedem revoga\u00e7\u00e3o do decreto de Bolsonaro que flexibiliza porte de armas"}]},{"@type":"WebSite","@id":"https:\/\/www.pressenza.com\/pt-pt\/#website","url":"https:\/\/www.pressenza.com\/pt-pt\/","name":"Pressenza","description":"International Press Agency","publisher":{"@id":"https:\/\/www.pressenza.com\/pt-pt\/#organization"},"potentialAction":[{"@type":"SearchAction","target":{"@type":"EntryPoint","urlTemplate":"https:\/\/www.pressenza.com\/pt-pt\/?s={search_term_string}"},"query-input":{"@type":"PropertyValueSpecification","valueRequired":true,"valueName":"search_term_string"}}],"inLanguage":"pt-PT"},{"@type":"Organization","@id":"https:\/\/www.pressenza.com\/pt-pt\/#organization","name":"Pressenza","url":"https:\/\/www.pressenza.com\/pt-pt\/","logo":{"@type":"ImageObject","inLanguage":"pt-PT","@id":"https:\/\/www.pressenza.com\/pt-pt\/#\/schema\/logo\/image\/","url":"https:\/\/www.pressenza.com\/wp-content\/uploads\/2022\/10\/pressenza_logo_200x200.jpg","contentUrl":"https:\/\/www.pressenza.com\/wp-content\/uploads\/2022\/10\/pressenza_logo_200x200.jpg","width":200,"height":200,"caption":"Pressenza"},"image":{"@id":"https:\/\/www.pressenza.com\/pt-pt\/#\/schema\/logo\/image\/"},"sameAs":["https:\/\/www.facebook.com\/PressenzaItalia","https:\/\/x.com\/PressenzaIPA"]},{"@type":"Person","@id":"https:\/\/www.pressenza.com\/pt-pt\/#\/schema\/person\/61b235dea98d4f5f651cc1bd138a88bf","name":"M\u00eddia NINJA","description":"Narrativas independentes, jornalismo e a\u00e7\u00e3o. Uma rede de comunicadores que produzem e distribuem informa\u00e7\u00f5es sobre o movimento, atuando e comunicando. https:\/\/midianinja.org\/","sameAs":["https:\/\/midianinja.org\/","https:\/\/www.facebook.com\/MidiaNINJA\/"],"url":"https:\/\/www.pressenza.com\/pt-pt\/author\/media-ninja\/"}]}},"place":"S\u00e3o Paulo, Brasil","original_article_url":"http:\/\/midianinja.org\/news\/14-governadores-pedem-revogacao-do-decreto-de-bolsonaro-que-flexibiliza-porte-de-armas\/","_links":{"self":[{"href":"https:\/\/www.pressenza.com\/pt-pt\/wp-json\/wp\/v2\/posts\/859068","targetHints":{"allow":["GET"]}}],"collection":[{"href":"https:\/\/www.pressenza.com\/pt-pt\/wp-json\/wp\/v2\/posts"}],"about":[{"href":"https:\/\/www.pressenza.com\/pt-pt\/wp-json\/wp\/v2\/types\/post"}],"author":[{"embeddable":true,"href":"https:\/\/www.pressenza.com\/pt-pt\/wp-json\/wp\/v2\/users\/1225"}],"replies":[{"embeddable":true,"href":"https:\/\/www.pressenza.com\/pt-pt\/wp-json\/wp\/v2\/comments?post=859068"}],"version-history":[{"count":0,"href":"https:\/\/www.pressenza.com\/pt-pt\/wp-json\/wp\/v2\/posts\/859068\/revisions"}],"wp:featuredmedia":[{"embeddable":true,"href":"https:\/\/www.pressenza.com\/pt-pt\/wp-json\/wp\/v2\/media\/859069"}],"wp:attachment":[{"href":"https:\/\/www.pressenza.com\/pt-pt\/wp-json\/wp\/v2\/media?parent=859068"}],"wp:term":[{"taxonomy":"category","embeddable":true,"href":"https:\/\/www.pressenza.com\/pt-pt\/wp-json\/wp\/v2\/categories?post=859068"},{"taxonomy":"post_tag","embeddable":true,"href":"https:\/\/www.pressenza.com\/pt-pt\/wp-json\/wp\/v2\/tags?post=859068"}],"curies":[{"name":"wp","href":"https:\/\/api.w.org\/{rel}","templated":true}]}}