{"id":843379,"date":"2019-04-19T02:21:31","date_gmt":"2019-04-19T01:21:31","guid":{"rendered":"https:\/\/www.pressenza.com\/?p=843379"},"modified":"2019-04-19T02:21:31","modified_gmt":"2019-04-19T01:21:31","slug":"governo-argentino-lanca-pacote-de-medidas-para-combater-inflacao","status":"publish","type":"post","link":"https:\/\/www.pressenza.com\/pt-pt\/2019\/04\/governo-argentino-lanca-pacote-de-medidas-para-combater-inflacao\/","title":{"rendered":"Governo argentino lan\u00e7a pacote de medidas para combater infla\u00e7\u00e3o"},"content":{"rendered":"<p><em>Por<strong> Marieta Cazarr\u00e9\u00a0<\/strong><\/em><\/p>\n<p>O governo da Argentina lan\u00e7ou hoje (17) um documento com uma s\u00e9rie de medidas econ\u00f4micas e sociais para combater a infla\u00e7\u00e3o e reativar a economia. Entre as medidas est\u00e3o o congelamento de pre\u00e7os de produtos b\u00e1sicos e de telefonia, al\u00e9m do compromisso em n\u00e3o aumentar tarifas de eletricidade, g\u00e1s e transporte p\u00fablico at\u00e9 o fim deste ano.<\/p>\n<p>No ano passado, a Argentina registrou infla\u00e7\u00e3o de 47,6%, a mais alta nos \u00faltimos 27 anos. Para 2019, o governo tem a meta de fechar o ano com 23% de infla\u00e7\u00e3o.<\/p>\n<p>&#8220;Chegou o momento de trazer um pouco de al\u00edvio aos argentinos, que tantos esfor\u00e7os fizeram nestes meses dif\u00edceis para todos. (&#8230;) Seguimos convencidos de que para baixar a infla\u00e7\u00e3o a longo prazo &#8211; e terminar com este problema que temos h\u00e1 75 anos &#8211; s\u00e3o indispens\u00e1veis as mudan\u00e7as profundas e estruturais que viemos implementando nos \u00faltimos anos&#8221;,\u00a0diz o comunicado oficial do governo.<\/p>\n<h4>Cesta b\u00e1sica e carnes<\/h4>\n<p>O governo argentino chegou a um acordo com 16 empresas para que 60 produtos da cesta b\u00e1sica mantenham os pre\u00e7os por, pelo menos, seis meses. Entre os produtos est\u00e3o \u00f3leo, arroz, farinha, macarr\u00e3o, leite, iogurte, erva mate, ch\u00e1, a\u00e7\u00facar, polenta, biscoitos, geleias, conservas e bebidas. O congelamento nos pre\u00e7os passa a valer desde a pr\u00f3xima segunda-feira, dia 22. Os pre\u00e7os destes produtos ser\u00e3o fiscalizados pela Secretaria de Com\u00e9rcio Interior e est\u00e3o com uma m\u00e9dia de 25% de desconto.<\/p>\n<p>Os frigor\u00edficos argentinos se comprometeram a vender 120 mil quilos de carne por semana ao pre\u00e7o fixo de 149 pesos argentinos o quilo (cerca de R$\u00a014) na feira do Mercado Central. Para se ter uma refer\u00eancia, atualmente o Mercado Central vende cerca de 70 mil quilos de carne por m\u00eas, ou seja, cerca de 17,5 mil quilos por semana.<\/p>\n<p>O acordo\u00a0come\u00e7ar\u00e1 a valer em um prazo de 10 a 15 dias.<\/p>\n<h4>Servi\u00e7os P\u00fablicos<\/h4>\n<p>O governo argentino se comprometeu a n\u00e3o subir tarifas dos servi\u00e7os p\u00fablicos.\u00a0Em rela\u00e7\u00e3o ao g\u00e1s, por exemplo, o governo anunciou que dar\u00e1 22% de desconto nas contas durante os meses de inverno. O valor referente a este desconto os usu\u00e1rios pagar\u00e3o nas faturas dos meses de ver\u00e3o, que s\u00e3o de menor consumo. &#8220;Isto permitir\u00e1 nivelar a fatura final entre os meses de inverno e ver\u00e3o. O custo de prorrogar esses pagamentos ser\u00e1 absorvido pelo Estado Nacional&#8221;, diz o informe.<\/p>\n<p>Outra medida \u00e9 a amplia\u00e7\u00e3o da cobertura de g\u00e1s natural para cerca de 70 mil casas que ainda n\u00e3o recebem g\u00e1s encanado, que \u00e9 mais seguro e econ\u00f4mico que os botij\u00f5es. O programa lan\u00e7ado hoje oferece taxas mais baixas e o pagamento da instala\u00e7\u00e3o em at\u00e9 60 parcelas fixas.<\/p>\n<p>Na \u00e1rea de transporte n\u00e3o haver\u00e1 aumentos nos \u00f4nibus e trens metropolitanos, nem nos ped\u00e1gios do pa\u00eds. Na telefonia celular, as operadoras aceitaram manter o pre\u00e7o das linhas pr\u00e9-pagas durante 5 meses, at\u00e9 setembro. A medida beneficia cerca de 35 milh\u00f5es de consumidores.<\/p>\n<p>Cinco milh\u00f5es de benefici\u00e1rios de programas sociais ter\u00e3o descontos de 20% a 70% em medicamentos em uma rede de 5 mil farm\u00e1cias distribu\u00eddas pelo pa\u00eds. Ser\u00e3o contemplados benefici\u00e1rios de programas como o Asignaci\u00f3n Universal por Hijo (Subs\u00eddio Universal por Filho, em tradu\u00e7\u00e3o livre) e o M\u00e1s Vida (Mais Vida), da prov\u00edncia de Buenos Aires.<\/p>\n<h4>Lealdade Comercial<\/h4>\n<p>O governo afirmou ainda que vai aprovar por decreto um novo regime de Lealdade Comercial, cujo objetivo principal \u00e9 &#8220;evitar abusos de posi\u00e7\u00f5es dominantes ou poss\u00edveis condutas monop\u00f3licas de empresas&#8221;.<\/p>\n","protected":false},"excerpt":{"rendered":"<p>Por Marieta Cazarr\u00e9\u00a0 O governo da Argentina lan\u00e7ou hoje (17) um documento com uma s\u00e9rie de medidas econ\u00f4micas e sociais para combater a infla\u00e7\u00e3o e reativar a economia. Entre as medidas est\u00e3o o congelamento de pre\u00e7os de produtos b\u00e1sicos e&hellip;<\/p>\n","protected":false},"author":860,"featured_media":843380,"comment_status":"closed","ping_status":"closed","sticky":false,"template":"","format":"standard","meta":{"footnotes":""},"categories":[104,111],"tags":[57812,4904,13379,31832,57422,57811],"class_list":["post-843379","post","type-post","status-publish","format-standard","has-post-thumbnail","hentry","category-america-do-sul","category-politica-pt-pt","tag-ajust","tag-argentina-pt-pt","tag-economia-pt-pt-2","tag-inflacao","tag-macri-pt-pt","tag-medidas"],"yoast_head":"<!-- This site is optimized with the Yoast SEO plugin v27.1.1 - https:\/\/yoast.com\/product\/yoast-seo-wordpress\/ -->\n<title>Governo argentino lan\u00e7a pacote de medidas para combater infla\u00e7\u00e3o<\/title>\n<meta name=\"description\" content=\"Por Marieta Cazarr\u00e9\u00a0 O governo da Argentina lan\u00e7ou hoje (17) um documento com uma s\u00e9rie de medidas econ\u00f4micas e sociais para combater a infla\u00e7\u00e3o e\" \/>\n<meta name=\"robots\" content=\"index, follow, max-snippet:-1, max-image-preview:large, max-video-preview:-1\" \/>\n<link rel=\"canonical\" href=\"https:\/\/www.pressenza.com\/pt-pt\/2019\/04\/governo-argentino-lanca-pacote-de-medidas-para-combater-inflacao\/\" \/>\n<meta property=\"og:locale\" content=\"pt_PT\" \/>\n<meta property=\"og:type\" content=\"article\" \/>\n<meta property=\"og:title\" content=\"Governo argentino lan\u00e7a pacote de medidas para combater infla\u00e7\u00e3o\" \/>\n<meta property=\"og:description\" content=\"Por Marieta Cazarr\u00e9\u00a0 O governo da Argentina lan\u00e7ou hoje (17) um documento com uma s\u00e9rie de medidas econ\u00f4micas e sociais para combater a infla\u00e7\u00e3o e\" \/>\n<meta property=\"og:url\" content=\"https:\/\/www.pressenza.com\/pt-pt\/2019\/04\/governo-argentino-lanca-pacote-de-medidas-para-combater-inflacao\/\" \/>\n<meta property=\"og:site_name\" content=\"Pressenza\" \/>\n<meta property=\"article:publisher\" content=\"https:\/\/www.facebook.com\/PressenzaItalia\" \/>\n<meta property=\"article:published_time\" content=\"2019-04-19T01:21:31+00:00\" \/>\n<meta property=\"og:image\" content=\"https:\/\/www.pressenza.com\/wp-content\/uploads\/2019\/04\/Macri.jpg\" \/>\n\t<meta property=\"og:image:width\" content=\"1024\" \/>\n\t<meta property=\"og:image:height\" content=\"576\" \/>\n\t<meta property=\"og:image:type\" content=\"image\/jpeg\" \/>\n<meta name=\"author\" content=\"Agencia Brasil\" \/>\n<meta name=\"twitter:card\" content=\"summary_large_image\" \/>\n<meta name=\"twitter:creator\" content=\"@PressenzaIPA\" \/>\n<meta name=\"twitter:site\" content=\"@PressenzaIPA\" \/>\n<meta name=\"twitter:label1\" content=\"Escrito por\" \/>\n\t<meta name=\"twitter:data1\" content=\"Agencia Brasil\" \/>\n\t<meta name=\"twitter:label2\" content=\"Tempo estimado de leitura\" \/>\n\t<meta name=\"twitter:data2\" content=\"3 minutos\" \/>\n<script type=\"application\/ld+json\" class=\"yoast-schema-graph\">{\"@context\":\"https:\/\/schema.org\",\"@graph\":[{\"@type\":\"Article\",\"@id\":\"https:\/\/www.pressenza.com\/pt-pt\/2019\/04\/governo-argentino-lanca-pacote-de-medidas-para-combater-inflacao\/#article\",\"isPartOf\":{\"@id\":\"https:\/\/www.pressenza.com\/pt-pt\/2019\/04\/governo-argentino-lanca-pacote-de-medidas-para-combater-inflacao\/\"},\"author\":{\"name\":\"Agencia Brasil\",\"@id\":\"https:\/\/www.pressenza.com\/pt-pt\/#\/schema\/person\/e2e4e9b5b3a7554516d809f2394b3dd4\"},\"headline\":\"Governo argentino lan\u00e7a pacote de medidas para combater infla\u00e7\u00e3o\",\"datePublished\":\"2019-04-19T01:21:31+00:00\",\"mainEntityOfPage\":{\"@id\":\"https:\/\/www.pressenza.com\/pt-pt\/2019\/04\/governo-argentino-lanca-pacote-de-medidas-para-combater-inflacao\/\"},\"wordCount\":631,\"publisher\":{\"@id\":\"https:\/\/www.pressenza.com\/pt-pt\/#organization\"},\"image\":{\"@id\":\"https:\/\/www.pressenza.com\/pt-pt\/2019\/04\/governo-argentino-lanca-pacote-de-medidas-para-combater-inflacao\/#primaryimage\"},\"thumbnailUrl\":\"https:\/\/www.pressenza.com\/wp-content\/uploads\/2019\/04\/Macri.jpg\",\"keywords\":[\"ajust\",\"Argentina\",\"economia\",\"infla\u00e7\u00e3o\",\"Macri\",\"medidas\"],\"articleSection\":[\"\u00c1m\u00e9rica do Sul\",\"Pol\u00edtica\"],\"inLanguage\":\"pt-PT\"},{\"@type\":\"WebPage\",\"@id\":\"https:\/\/www.pressenza.com\/pt-pt\/2019\/04\/governo-argentino-lanca-pacote-de-medidas-para-combater-inflacao\/\",\"url\":\"https:\/\/www.pressenza.com\/pt-pt\/2019\/04\/governo-argentino-lanca-pacote-de-medidas-para-combater-inflacao\/\",\"name\":\"Governo argentino lan\u00e7a pacote de medidas para combater infla\u00e7\u00e3o\",\"isPartOf\":{\"@id\":\"https:\/\/www.pressenza.com\/pt-pt\/#website\"},\"primaryImageOfPage\":{\"@id\":\"https:\/\/www.pressenza.com\/pt-pt\/2019\/04\/governo-argentino-lanca-pacote-de-medidas-para-combater-inflacao\/#primaryimage\"},\"image\":{\"@id\":\"https:\/\/www.pressenza.com\/pt-pt\/2019\/04\/governo-argentino-lanca-pacote-de-medidas-para-combater-inflacao\/#primaryimage\"},\"thumbnailUrl\":\"https:\/\/www.pressenza.com\/wp-content\/uploads\/2019\/04\/Macri.jpg\",\"datePublished\":\"2019-04-19T01:21:31+00:00\",\"description\":\"Por Marieta Cazarr\u00e9\u00a0 O governo da Argentina lan\u00e7ou hoje (17) um documento com uma s\u00e9rie de medidas econ\u00f4micas e sociais para combater a infla\u00e7\u00e3o e\",\"breadcrumb\":{\"@id\":\"https:\/\/www.pressenza.com\/pt-pt\/2019\/04\/governo-argentino-lanca-pacote-de-medidas-para-combater-inflacao\/#breadcrumb\"},\"inLanguage\":\"pt-PT\",\"potentialAction\":[{\"@type\":\"ReadAction\",\"target\":[\"https:\/\/www.pressenza.com\/pt-pt\/2019\/04\/governo-argentino-lanca-pacote-de-medidas-para-combater-inflacao\/\"]}]},{\"@type\":\"ImageObject\",\"inLanguage\":\"pt-PT\",\"@id\":\"https:\/\/www.pressenza.com\/pt-pt\/2019\/04\/governo-argentino-lanca-pacote-de-medidas-para-combater-inflacao\/#primaryimage\",\"url\":\"https:\/\/www.pressenza.com\/wp-content\/uploads\/2019\/04\/Macri.jpg\",\"contentUrl\":\"https:\/\/www.pressenza.com\/wp-content\/uploads\/2019\/04\/Macri.jpg\",\"width\":1024,\"height\":576},{\"@type\":\"BreadcrumbList\",\"@id\":\"https:\/\/www.pressenza.com\/pt-pt\/2019\/04\/governo-argentino-lanca-pacote-de-medidas-para-combater-inflacao\/#breadcrumb\",\"itemListElement\":[{\"@type\":\"ListItem\",\"position\":1,\"name\":\"Accueil\",\"item\":\"https:\/\/www.pressenza.com\/pt-pt\/\"},{\"@type\":\"ListItem\",\"position\":2,\"name\":\"Governo argentino lan\u00e7a pacote de medidas para combater infla\u00e7\u00e3o\"}]},{\"@type\":\"WebSite\",\"@id\":\"https:\/\/www.pressenza.com\/pt-pt\/#website\",\"url\":\"https:\/\/www.pressenza.com\/pt-pt\/\",\"name\":\"Pressenza\",\"description\":\"International Press Agency\",\"publisher\":{\"@id\":\"https:\/\/www.pressenza.com\/pt-pt\/#organization\"},\"potentialAction\":[{\"@type\":\"SearchAction\",\"target\":{\"@type\":\"EntryPoint\",\"urlTemplate\":\"https:\/\/www.pressenza.com\/pt-pt\/?s={search_term_string}\"},\"query-input\":{\"@type\":\"PropertyValueSpecification\",\"valueRequired\":true,\"valueName\":\"search_term_string\"}}],\"inLanguage\":\"pt-PT\"},{\"@type\":\"Organization\",\"@id\":\"https:\/\/www.pressenza.com\/pt-pt\/#organization\",\"name\":\"Pressenza\",\"url\":\"https:\/\/www.pressenza.com\/pt-pt\/\",\"logo\":{\"@type\":\"ImageObject\",\"inLanguage\":\"pt-PT\",\"@id\":\"https:\/\/www.pressenza.com\/pt-pt\/#\/schema\/logo\/image\/\",\"url\":\"https:\/\/www.pressenza.com\/wp-content\/uploads\/2022\/10\/pressenza_logo_200x200.jpg\",\"contentUrl\":\"https:\/\/www.pressenza.com\/wp-content\/uploads\/2022\/10\/pressenza_logo_200x200.jpg\",\"width\":200,\"height\":200,\"caption\":\"Pressenza\"},\"image\":{\"@id\":\"https:\/\/www.pressenza.com\/pt-pt\/#\/schema\/logo\/image\/\"},\"sameAs\":[\"https:\/\/www.facebook.com\/PressenzaItalia\",\"https:\/\/x.com\/PressenzaIPA\"]},{\"@type\":\"Person\",\"@id\":\"https:\/\/www.pressenza.com\/pt-pt\/#\/schema\/person\/e2e4e9b5b3a7554516d809f2394b3dd4\",\"name\":\"Agencia Brasil\",\"url\":\"https:\/\/www.pressenza.com\/pt-pt\/author\/agencia-brasil\/\"}]}<\/script>\n<!-- \/ Yoast SEO plugin. -->","yoast_head_json":{"title":"Governo argentino lan\u00e7a pacote de medidas para combater infla\u00e7\u00e3o","description":"Por Marieta Cazarr\u00e9\u00a0 O governo da Argentina lan\u00e7ou hoje (17) um documento com uma s\u00e9rie de medidas econ\u00f4micas e sociais para combater a infla\u00e7\u00e3o e","robots":{"index":"index","follow":"follow","max-snippet":"max-snippet:-1","max-image-preview":"max-image-preview:large","max-video-preview":"max-video-preview:-1"},"canonical":"https:\/\/www.pressenza.com\/pt-pt\/2019\/04\/governo-argentino-lanca-pacote-de-medidas-para-combater-inflacao\/","og_locale":"pt_PT","og_type":"article","og_title":"Governo argentino lan\u00e7a pacote de medidas para combater infla\u00e7\u00e3o","og_description":"Por Marieta Cazarr\u00e9\u00a0 O governo da Argentina lan\u00e7ou hoje (17) um documento com uma s\u00e9rie de medidas econ\u00f4micas e sociais para combater a infla\u00e7\u00e3o e","og_url":"https:\/\/www.pressenza.com\/pt-pt\/2019\/04\/governo-argentino-lanca-pacote-de-medidas-para-combater-inflacao\/","og_site_name":"Pressenza","article_publisher":"https:\/\/www.facebook.com\/PressenzaItalia","article_published_time":"2019-04-19T01:21:31+00:00","og_image":[{"width":1024,"height":576,"url":"https:\/\/www.pressenza.com\/wp-content\/uploads\/2019\/04\/Macri.jpg","type":"image\/jpeg"}],"author":"Agencia Brasil","twitter_card":"summary_large_image","twitter_creator":"@PressenzaIPA","twitter_site":"@PressenzaIPA","twitter_misc":{"Escrito por":"Agencia Brasil","Tempo estimado de leitura":"3 minutos"},"schema":{"@context":"https:\/\/schema.org","@graph":[{"@type":"Article","@id":"https:\/\/www.pressenza.com\/pt-pt\/2019\/04\/governo-argentino-lanca-pacote-de-medidas-para-combater-inflacao\/#article","isPartOf":{"@id":"https:\/\/www.pressenza.com\/pt-pt\/2019\/04\/governo-argentino-lanca-pacote-de-medidas-para-combater-inflacao\/"},"author":{"name":"Agencia Brasil","@id":"https:\/\/www.pressenza.com\/pt-pt\/#\/schema\/person\/e2e4e9b5b3a7554516d809f2394b3dd4"},"headline":"Governo argentino lan\u00e7a pacote de medidas para combater infla\u00e7\u00e3o","datePublished":"2019-04-19T01:21:31+00:00","mainEntityOfPage":{"@id":"https:\/\/www.pressenza.com\/pt-pt\/2019\/04\/governo-argentino-lanca-pacote-de-medidas-para-combater-inflacao\/"},"wordCount":631,"publisher":{"@id":"https:\/\/www.pressenza.com\/pt-pt\/#organization"},"image":{"@id":"https:\/\/www.pressenza.com\/pt-pt\/2019\/04\/governo-argentino-lanca-pacote-de-medidas-para-combater-inflacao\/#primaryimage"},"thumbnailUrl":"https:\/\/www.pressenza.com\/wp-content\/uploads\/2019\/04\/Macri.jpg","keywords":["ajust","Argentina","economia","infla\u00e7\u00e3o","Macri","medidas"],"articleSection":["\u00c1m\u00e9rica do Sul","Pol\u00edtica"],"inLanguage":"pt-PT"},{"@type":"WebPage","@id":"https:\/\/www.pressenza.com\/pt-pt\/2019\/04\/governo-argentino-lanca-pacote-de-medidas-para-combater-inflacao\/","url":"https:\/\/www.pressenza.com\/pt-pt\/2019\/04\/governo-argentino-lanca-pacote-de-medidas-para-combater-inflacao\/","name":"Governo argentino lan\u00e7a pacote de medidas para combater infla\u00e7\u00e3o","isPartOf":{"@id":"https:\/\/www.pressenza.com\/pt-pt\/#website"},"primaryImageOfPage":{"@id":"https:\/\/www.pressenza.com\/pt-pt\/2019\/04\/governo-argentino-lanca-pacote-de-medidas-para-combater-inflacao\/#primaryimage"},"image":{"@id":"https:\/\/www.pressenza.com\/pt-pt\/2019\/04\/governo-argentino-lanca-pacote-de-medidas-para-combater-inflacao\/#primaryimage"},"thumbnailUrl":"https:\/\/www.pressenza.com\/wp-content\/uploads\/2019\/04\/Macri.jpg","datePublished":"2019-04-19T01:21:31+00:00","description":"Por Marieta Cazarr\u00e9\u00a0 O governo da Argentina lan\u00e7ou hoje (17) um documento com uma s\u00e9rie de medidas econ\u00f4micas e sociais para combater a infla\u00e7\u00e3o e","breadcrumb":{"@id":"https:\/\/www.pressenza.com\/pt-pt\/2019\/04\/governo-argentino-lanca-pacote-de-medidas-para-combater-inflacao\/#breadcrumb"},"inLanguage":"pt-PT","potentialAction":[{"@type":"ReadAction","target":["https:\/\/www.pressenza.com\/pt-pt\/2019\/04\/governo-argentino-lanca-pacote-de-medidas-para-combater-inflacao\/"]}]},{"@type":"ImageObject","inLanguage":"pt-PT","@id":"https:\/\/www.pressenza.com\/pt-pt\/2019\/04\/governo-argentino-lanca-pacote-de-medidas-para-combater-inflacao\/#primaryimage","url":"https:\/\/www.pressenza.com\/wp-content\/uploads\/2019\/04\/Macri.jpg","contentUrl":"https:\/\/www.pressenza.com\/wp-content\/uploads\/2019\/04\/Macri.jpg","width":1024,"height":576},{"@type":"BreadcrumbList","@id":"https:\/\/www.pressenza.com\/pt-pt\/2019\/04\/governo-argentino-lanca-pacote-de-medidas-para-combater-inflacao\/#breadcrumb","itemListElement":[{"@type":"ListItem","position":1,"name":"Accueil","item":"https:\/\/www.pressenza.com\/pt-pt\/"},{"@type":"ListItem","position":2,"name":"Governo argentino lan\u00e7a pacote de medidas para combater infla\u00e7\u00e3o"}]},{"@type":"WebSite","@id":"https:\/\/www.pressenza.com\/pt-pt\/#website","url":"https:\/\/www.pressenza.com\/pt-pt\/","name":"Pressenza","description":"International Press Agency","publisher":{"@id":"https:\/\/www.pressenza.com\/pt-pt\/#organization"},"potentialAction":[{"@type":"SearchAction","target":{"@type":"EntryPoint","urlTemplate":"https:\/\/www.pressenza.com\/pt-pt\/?s={search_term_string}"},"query-input":{"@type":"PropertyValueSpecification","valueRequired":true,"valueName":"search_term_string"}}],"inLanguage":"pt-PT"},{"@type":"Organization","@id":"https:\/\/www.pressenza.com\/pt-pt\/#organization","name":"Pressenza","url":"https:\/\/www.pressenza.com\/pt-pt\/","logo":{"@type":"ImageObject","inLanguage":"pt-PT","@id":"https:\/\/www.pressenza.com\/pt-pt\/#\/schema\/logo\/image\/","url":"https:\/\/www.pressenza.com\/wp-content\/uploads\/2022\/10\/pressenza_logo_200x200.jpg","contentUrl":"https:\/\/www.pressenza.com\/wp-content\/uploads\/2022\/10\/pressenza_logo_200x200.jpg","width":200,"height":200,"caption":"Pressenza"},"image":{"@id":"https:\/\/www.pressenza.com\/pt-pt\/#\/schema\/logo\/image\/"},"sameAs":["https:\/\/www.facebook.com\/PressenzaItalia","https:\/\/x.com\/PressenzaIPA"]},{"@type":"Person","@id":"https:\/\/www.pressenza.com\/pt-pt\/#\/schema\/person\/e2e4e9b5b3a7554516d809f2394b3dd4","name":"Agencia Brasil","url":"https:\/\/www.pressenza.com\/pt-pt\/author\/agencia-brasil\/"}]}},"place":"Montevid\u00e9u, Uruguai","original_article_url":"http:\/\/agenciabrasil.ebc.com.br\/internacional\/noticia\/2019-04\/governo-argentino-lanca-pacote-de-medidas-para-combater-inflacao","_links":{"self":[{"href":"https:\/\/www.pressenza.com\/pt-pt\/wp-json\/wp\/v2\/posts\/843379","targetHints":{"allow":["GET"]}}],"collection":[{"href":"https:\/\/www.pressenza.com\/pt-pt\/wp-json\/wp\/v2\/posts"}],"about":[{"href":"https:\/\/www.pressenza.com\/pt-pt\/wp-json\/wp\/v2\/types\/post"}],"author":[{"embeddable":true,"href":"https:\/\/www.pressenza.com\/pt-pt\/wp-json\/wp\/v2\/users\/860"}],"replies":[{"embeddable":true,"href":"https:\/\/www.pressenza.com\/pt-pt\/wp-json\/wp\/v2\/comments?post=843379"}],"version-history":[{"count":0,"href":"https:\/\/www.pressenza.com\/pt-pt\/wp-json\/wp\/v2\/posts\/843379\/revisions"}],"wp:featuredmedia":[{"embeddable":true,"href":"https:\/\/www.pressenza.com\/pt-pt\/wp-json\/wp\/v2\/media\/843380"}],"wp:attachment":[{"href":"https:\/\/www.pressenza.com\/pt-pt\/wp-json\/wp\/v2\/media?parent=843379"}],"wp:term":[{"taxonomy":"category","embeddable":true,"href":"https:\/\/www.pressenza.com\/pt-pt\/wp-json\/wp\/v2\/categories?post=843379"},{"taxonomy":"post_tag","embeddable":true,"href":"https:\/\/www.pressenza.com\/pt-pt\/wp-json\/wp\/v2\/tags?post=843379"}],"curies":[{"name":"wp","href":"https:\/\/api.w.org\/{rel}","templated":true}]}}