{"id":83576,"date":"2014-01-04T23:54:14","date_gmt":"2014-01-04T23:54:14","guid":{"rendered":"http:\/\/www.pressenza.com\/?p=83576"},"modified":"2014-01-04T23:54:14","modified_gmt":"2014-01-04T23:54:14","slug":"os-direitos-dos-trabalhadores-sao-atacados-mundo","status":"publish","type":"post","link":"https:\/\/www.pressenza.com\/pt-pt\/2014\/01\/os-direitos-dos-trabalhadores-sao-atacados-mundo\/","title":{"rendered":"Os direitos dos trabalhadores s\u00e3o atacados no mundo"},"content":{"rendered":"<p>[divide]<\/p>\n<p>O capitalismo globalizado e suas grandes corpora\u00e7\u00f5es est\u00e3o pondo em risco a pr\u00f3pria democracia, em nome da tal \u201ccompetitividade\u201d. Ao atacar direitos dos trabalhadores em v\u00e1rios pa\u00edses do mundo, est\u00e3o alimentando a fome, a mis\u00e9ria, a desigualdade e os conflitos sociais<\/p>\n<p>Por Artur Henrique da Silva Santos<\/p>\n<p>A luta de classes est\u00e1 cada vez mais presente no dia a dia dos trabalhadores e trabalhadoras ao redor do mundo, apesar de alguns se esquecerem dessa realidade.<\/p>\n<p>O capitalismo globalizado e suas grandes corpora\u00e7\u00f5es est\u00e3o pondo em risco a pr\u00f3pria democracia, em nome da tal \u201ccompetitividade\u201d. Ao atacar direitos dos trabalhadores em v\u00e1rios pa\u00edses do mundo, est\u00e3o alimentando a fome, a mis\u00e9ria, a desigualdade e os conflitos sociais. N\u00e3o \u00e9 por menos que temos assistido ao aumento da viol\u00eancia, da criminaliza\u00e7\u00e3o dos movimentos sociais e dos protestos.<\/p>\n<p>Exemplos desses ataques n\u00e3o faltam. Come\u00e7o pela press\u00e3o que empres\u00e1rios e alguns governos v\u00eam fazendo na Organiza\u00e7\u00e3o Internacional do Trabalho (OIT) no sentido de flexibilizar o direito de greve e aprovar novas \u201crecomenda\u00e7\u00f5es\u201d de que em situa\u00e7\u00f5es de crise (capitalista, financeira, de modelo, neoliberais etc.) as empresas e governos possam fazer ajustes, leia-se cortes de sal\u00e1rios e benef\u00edcios sem a necessidade de negocia\u00e7\u00e3o com os sindicatos.<\/p>\n<p>O caso mais gritante, fruto da crise financeira de 2008, se d\u00e1 na Europa. Desemprego de 25%, entre a juventude quase 50%, eliminando a perspectiva de futuro para milhares de jovens.<\/p>\n<p>Em Portugal, por exemplo, o secret\u00e1rio de Administra\u00e7\u00e3o P\u00fablica, respons\u00e1vel pelo Or\u00e7amento do Estado (OE), abriu a possibilidade de renegociar o famoso artigo 33 da Lei do Or\u00e7amento: \u201cCorte de 2,5% a 12% nos sal\u00e1rios de servidores p\u00fablicos que ganham mais que \u0454 600 por m\u00eas\u201d. Nas diretrizes do OE pode-se ler claramente: \u201c(&#8230;) o objetivo da revis\u00e3o da tabela remunerat\u00f3ria n\u00e3o \u00e9 tornar os cortes definitivos, mas torn\u00e1-la mais &#8216;competitiva&#8217;\u201d.<\/p>\n<p>O Estado de Bem-Estar Social est\u00e1 sendo desmontado, junto com as bases que criaram a OIT: no p\u00f3s-guerra, como instrumento de fortalecimento do di\u00e1logo social entre trabalhadores, empres\u00e1rios e governos, num esfor\u00e7o de reconstru\u00e7\u00e3o das rela\u00e7\u00f5es entre Estado e sociedade.<\/p>\n<p>As teses, conven\u00e7\u00f5es e resolu\u00e7\u00f5es da OIT apontavam para a necessidade de que os direitos dos trabalhadores deveriam ser considerados como direitos humanos.<\/p>\n<p>Entre as conven\u00e7\u00f5es fundamentais est\u00e3o a 87, que trata da liberdade sindical, e a 98, que garante a negocia\u00e7\u00e3o coletiva. A primeira deixa claro que s\u00e3o os pr\u00f3prios trabalhadores que devem decidir como querem se organizar e se financiar, sem interfer\u00eancia do Estado, de governos ou de partidos pol\u00edticos; a segunda trata do direito a negocia\u00e7\u00e3o e a contrata\u00e7\u00e3o coletiva, como forma de regular as rela\u00e7\u00f5es de trabalho.<\/p>\n<p>Contra essas conven\u00e7\u00f5es internacionais insurgem-se empresas como a Nissan, que se op\u00f5e \u00e0 sindicaliza\u00e7\u00e3o de trabalhadores, ou mesmo governos estaduais nos EUA e Canad\u00e1 que lan\u00e7am a \u201ccampanha\u201d: voc\u00ea tem o direito de trabalhar nas f\u00e9rias, gr\u00e1vida, quantas horas por dia voc\u00ea quiser sem um sindicato para \u201cimpedir\u201d.<\/p>\n<p>Inclusive naqueles pa\u00edses que ratificaram essas conven\u00e7\u00f5es presenciamos pr\u00e1ticas em que a regulamenta\u00e7\u00e3o dessas leis impede sua implementa\u00e7\u00e3o, como na maioria dos pa\u00edses da Am\u00e9rica Central e Am\u00e9rica do Sul.<\/p>\n<p>Isso tudo sem falar dos crimes, assassinatos e a\u00e7\u00f5es antissindicais que aumentam cada dia mais em pa\u00edses como Col\u00f4mbia, Guatemala e Paraguai, s\u00f3 para ficar nos exemplos mais recentes.<\/p>\n<p>Mesmo no Brasil, basta uma r\u00e1pida passagem pelos corredores do Congresso Nacional para assistir ao verdadeiro ataque aos direitos dos trabalhadores, patrocinado por empres\u00e1rios e sua \u201cpauta legislativa\u201d: aumento da terceiriza\u00e7\u00e3o, lei de greve para servidores p\u00fablicos \u2013 em vez de regulamenta\u00e7\u00e3o da Conven\u00e7\u00e3o 151 da OIT \u2013, Simples Trabalhista e tantas outras.<\/p>\n<p>Apesar de muitos avan\u00e7os conquistados pela classe trabalhadora nos \u00faltimos anos em v\u00e1rios pa\u00edses do mundo, em especial na Am\u00e9rica Latina, est\u00e1 mais do que na hora de impedir essa irresponsabilidade social da gan\u00e2ncia, da usura, do lucro a qualquer pre\u00e7o, da retirada de direitos, da flexibiliza\u00e7\u00e3o em nome da \u201ccompetitividade\u201d, antes que seja tarde demais e a barb\u00e1rie se instale de vez.<\/p>\n<p>Artur Henrique da Silva Santos \u00e9 diretor da Funda\u00e7\u00e3o Perseu Abramo e presidente do IC-CUT<\/p>\n","protected":false},"excerpt":{"rendered":"<p>[divide] O capitalismo globalizado e suas grandes corpora\u00e7\u00f5es est\u00e3o pondo em risco a pr\u00f3pria democracia, em nome da tal \u201ccompetitividade\u201d. Ao atacar direitos dos trabalhadores em v\u00e1rios pa\u00edses do mundo, est\u00e3o alimentando a fome, a mis\u00e9ria, a desigualdade e os&hellip;<\/p>\n","protected":false},"author":44,"featured_media":83580,"comment_status":"closed","ping_status":"open","sticky":false,"template":"","format":"standard","meta":{"footnotes":""},"categories":[104,116,42],"tags":[8456,8458,5325,8457],"class_list":["post-83576","post","type-post","status-publish","format-standard","has-post-thumbnail","hentry","category-america-do-sul","category-direitos-humanos","category-internacional-2","tag-capital-pt-pt","tag-direitos-trabalhadores","tag-oit","tag-trabalho"],"yoast_head":"<!-- This site is optimized with the Yoast SEO plugin v27.1.1 - https:\/\/yoast.com\/product\/yoast-seo-wordpress\/ -->\n<title>Os direitos dos trabalhadores s\u00e3o atacados no mundo<\/title>\n<meta name=\"description\" content=\"O capitalismo globalizado e suas grandes corpora\u00e7\u00f5es est\u00e3o pondo em risco a pr\u00f3pria democracia, em nome da tal \u201ccompetitividade\u201d. Ao atacar direitos dos\" \/>\n<meta name=\"robots\" content=\"index, follow, max-snippet:-1, max-image-preview:large, max-video-preview:-1\" \/>\n<link rel=\"canonical\" href=\"https:\/\/www.pressenza.com\/pt-pt\/2014\/01\/os-direitos-dos-trabalhadores-sao-atacados-mundo\/\" \/>\n<meta property=\"og:locale\" content=\"pt_PT\" \/>\n<meta property=\"og:type\" content=\"article\" \/>\n<meta property=\"og:title\" content=\"Os direitos dos trabalhadores s\u00e3o atacados no mundo\" \/>\n<meta property=\"og:description\" content=\"O capitalismo globalizado e suas grandes corpora\u00e7\u00f5es est\u00e3o pondo em risco a pr\u00f3pria democracia, em nome da tal \u201ccompetitividade\u201d. Ao atacar direitos dos\" \/>\n<meta property=\"og:url\" content=\"https:\/\/www.pressenza.com\/pt-pt\/2014\/01\/os-direitos-dos-trabalhadores-sao-atacados-mundo\/\" \/>\n<meta property=\"og:site_name\" content=\"Pressenza\" \/>\n<meta property=\"article:publisher\" content=\"https:\/\/www.facebook.com\/PressenzaItalia\" \/>\n<meta property=\"article:author\" content=\"https:\/\/www.facebook.com\/PressenzaPortugues\" \/>\n<meta property=\"article:published_time\" content=\"2014-01-04T23:54:14+00:00\" \/>\n<meta property=\"og:image\" content=\"https:\/\/www.pressenza.com\/wp-content\/uploads\/2014\/01\/prensasantiago1.jpg\" \/>\n\t<meta property=\"og:image:width\" content=\"2048\" \/>\n\t<meta property=\"og:image:height\" content=\"1365\" \/>\n\t<meta property=\"og:image:type\" content=\"image\/jpeg\" \/>\n<meta name=\"author\" content=\"Reda\u00e7\u00e3o S\u00e3o Paulo\" \/>\n<meta name=\"twitter:card\" content=\"summary_large_image\" \/>\n<meta name=\"twitter:creator\" content=\"@pressenza_pt\" \/>\n<meta name=\"twitter:site\" content=\"@PressenzaIPA\" \/>\n<meta name=\"twitter:label1\" content=\"Escrito por\" \/>\n\t<meta name=\"twitter:data1\" content=\"Reda\u00e7\u00e3o S\u00e3o Paulo\" \/>\n\t<meta name=\"twitter:label2\" content=\"Tempo estimado de leitura\" \/>\n\t<meta name=\"twitter:data2\" content=\"4 minutos\" \/>\n<script type=\"application\/ld+json\" class=\"yoast-schema-graph\">{\"@context\":\"https:\/\/schema.org\",\"@graph\":[{\"@type\":\"Article\",\"@id\":\"https:\/\/www.pressenza.com\/pt-pt\/2014\/01\/os-direitos-dos-trabalhadores-sao-atacados-mundo\/#article\",\"isPartOf\":{\"@id\":\"https:\/\/www.pressenza.com\/pt-pt\/2014\/01\/os-direitos-dos-trabalhadores-sao-atacados-mundo\/\"},\"author\":{\"name\":\"Reda\u00e7\u00e3o S\u00e3o Paulo\",\"@id\":\"https:\/\/www.pressenza.com\/pt-pt\/#\/schema\/person\/d171826afb7693cfc394da95892bfd93\"},\"headline\":\"Os direitos dos trabalhadores s\u00e3o atacados no mundo\",\"datePublished\":\"2014-01-04T23:54:14+00:00\",\"mainEntityOfPage\":{\"@id\":\"https:\/\/www.pressenza.com\/pt-pt\/2014\/01\/os-direitos-dos-trabalhadores-sao-atacados-mundo\/\"},\"wordCount\":755,\"publisher\":{\"@id\":\"https:\/\/www.pressenza.com\/pt-pt\/#organization\"},\"image\":{\"@id\":\"https:\/\/www.pressenza.com\/pt-pt\/2014\/01\/os-direitos-dos-trabalhadores-sao-atacados-mundo\/#primaryimage\"},\"thumbnailUrl\":\"https:\/\/www.pressenza.com\/wp-content\/uploads\/2014\/01\/prensasantiago1.jpg\",\"keywords\":[\"capital\",\"direitos trabalhadores\",\"oit\",\"trabalho\"],\"articleSection\":[\"\u00c1m\u00e9rica do Sul\",\"Direitos Humanos\",\"Internacional\"],\"inLanguage\":\"pt-PT\"},{\"@type\":\"WebPage\",\"@id\":\"https:\/\/www.pressenza.com\/pt-pt\/2014\/01\/os-direitos-dos-trabalhadores-sao-atacados-mundo\/\",\"url\":\"https:\/\/www.pressenza.com\/pt-pt\/2014\/01\/os-direitos-dos-trabalhadores-sao-atacados-mundo\/\",\"name\":\"Os direitos dos trabalhadores s\u00e3o atacados no mundo\",\"isPartOf\":{\"@id\":\"https:\/\/www.pressenza.com\/pt-pt\/#website\"},\"primaryImageOfPage\":{\"@id\":\"https:\/\/www.pressenza.com\/pt-pt\/2014\/01\/os-direitos-dos-trabalhadores-sao-atacados-mundo\/#primaryimage\"},\"image\":{\"@id\":\"https:\/\/www.pressenza.com\/pt-pt\/2014\/01\/os-direitos-dos-trabalhadores-sao-atacados-mundo\/#primaryimage\"},\"thumbnailUrl\":\"https:\/\/www.pressenza.com\/wp-content\/uploads\/2014\/01\/prensasantiago1.jpg\",\"datePublished\":\"2014-01-04T23:54:14+00:00\",\"description\":\"O capitalismo globalizado e suas grandes corpora\u00e7\u00f5es est\u00e3o pondo em risco a pr\u00f3pria democracia, em nome da tal \u201ccompetitividade\u201d. Ao atacar direitos dos\",\"breadcrumb\":{\"@id\":\"https:\/\/www.pressenza.com\/pt-pt\/2014\/01\/os-direitos-dos-trabalhadores-sao-atacados-mundo\/#breadcrumb\"},\"inLanguage\":\"pt-PT\",\"potentialAction\":[{\"@type\":\"ReadAction\",\"target\":[\"https:\/\/www.pressenza.com\/pt-pt\/2014\/01\/os-direitos-dos-trabalhadores-sao-atacados-mundo\/\"]}]},{\"@type\":\"ImageObject\",\"inLanguage\":\"pt-PT\",\"@id\":\"https:\/\/www.pressenza.com\/pt-pt\/2014\/01\/os-direitos-dos-trabalhadores-sao-atacados-mundo\/#primaryimage\",\"url\":\"https:\/\/www.pressenza.com\/wp-content\/uploads\/2014\/01\/prensasantiago1.jpg\",\"contentUrl\":\"https:\/\/www.pressenza.com\/wp-content\/uploads\/2014\/01\/prensasantiago1.jpg\",\"width\":2048,\"height\":1365},{\"@type\":\"BreadcrumbList\",\"@id\":\"https:\/\/www.pressenza.com\/pt-pt\/2014\/01\/os-direitos-dos-trabalhadores-sao-atacados-mundo\/#breadcrumb\",\"itemListElement\":[{\"@type\":\"ListItem\",\"position\":1,\"name\":\"Accueil\",\"item\":\"https:\/\/www.pressenza.com\/pt-pt\/\"},{\"@type\":\"ListItem\",\"position\":2,\"name\":\"Os direitos dos trabalhadores s\u00e3o atacados no mundo\"}]},{\"@type\":\"WebSite\",\"@id\":\"https:\/\/www.pressenza.com\/pt-pt\/#website\",\"url\":\"https:\/\/www.pressenza.com\/pt-pt\/\",\"name\":\"Pressenza\",\"description\":\"International Press Agency\",\"publisher\":{\"@id\":\"https:\/\/www.pressenza.com\/pt-pt\/#organization\"},\"potentialAction\":[{\"@type\":\"SearchAction\",\"target\":{\"@type\":\"EntryPoint\",\"urlTemplate\":\"https:\/\/www.pressenza.com\/pt-pt\/?s={search_term_string}\"},\"query-input\":{\"@type\":\"PropertyValueSpecification\",\"valueRequired\":true,\"valueName\":\"search_term_string\"}}],\"inLanguage\":\"pt-PT\"},{\"@type\":\"Organization\",\"@id\":\"https:\/\/www.pressenza.com\/pt-pt\/#organization\",\"name\":\"Pressenza\",\"url\":\"https:\/\/www.pressenza.com\/pt-pt\/\",\"logo\":{\"@type\":\"ImageObject\",\"inLanguage\":\"pt-PT\",\"@id\":\"https:\/\/www.pressenza.com\/pt-pt\/#\/schema\/logo\/image\/\",\"url\":\"https:\/\/www.pressenza.com\/wp-content\/uploads\/2022\/10\/pressenza_logo_200x200.jpg\",\"contentUrl\":\"https:\/\/www.pressenza.com\/wp-content\/uploads\/2022\/10\/pressenza_logo_200x200.jpg\",\"width\":200,\"height\":200,\"caption\":\"Pressenza\"},\"image\":{\"@id\":\"https:\/\/www.pressenza.com\/pt-pt\/#\/schema\/logo\/image\/\"},\"sameAs\":[\"https:\/\/www.facebook.com\/PressenzaItalia\",\"https:\/\/x.com\/PressenzaIPA\"]},{\"@type\":\"Person\",\"@id\":\"https:\/\/www.pressenza.com\/pt-pt\/#\/schema\/person\/d171826afb7693cfc394da95892bfd93\",\"name\":\"Reda\u00e7\u00e3o S\u00e3o Paulo\",\"description\":\"News from the Pressenza bureau in Sao Paulo, Brazil\",\"sameAs\":[\"https:\/\/www.facebook.com\/PressenzaPortugues\",\"https:\/\/x.com\/pressenza_pt\"],\"url\":\"https:\/\/www.pressenza.com\/pt-pt\/author\/redaccao-sao-paulo\/\"}]}<\/script>\n<!-- \/ Yoast SEO plugin. -->","yoast_head_json":{"title":"Os direitos dos trabalhadores s\u00e3o atacados no mundo","description":"O capitalismo globalizado e suas grandes corpora\u00e7\u00f5es est\u00e3o pondo em risco a pr\u00f3pria democracia, em nome da tal \u201ccompetitividade\u201d. Ao atacar direitos dos","robots":{"index":"index","follow":"follow","max-snippet":"max-snippet:-1","max-image-preview":"max-image-preview:large","max-video-preview":"max-video-preview:-1"},"canonical":"https:\/\/www.pressenza.com\/pt-pt\/2014\/01\/os-direitos-dos-trabalhadores-sao-atacados-mundo\/","og_locale":"pt_PT","og_type":"article","og_title":"Os direitos dos trabalhadores s\u00e3o atacados no mundo","og_description":"O capitalismo globalizado e suas grandes corpora\u00e7\u00f5es est\u00e3o pondo em risco a pr\u00f3pria democracia, em nome da tal \u201ccompetitividade\u201d. Ao atacar direitos dos","og_url":"https:\/\/www.pressenza.com\/pt-pt\/2014\/01\/os-direitos-dos-trabalhadores-sao-atacados-mundo\/","og_site_name":"Pressenza","article_publisher":"https:\/\/www.facebook.com\/PressenzaItalia","article_author":"https:\/\/www.facebook.com\/PressenzaPortugues","article_published_time":"2014-01-04T23:54:14+00:00","og_image":[{"width":2048,"height":1365,"url":"https:\/\/www.pressenza.com\/wp-content\/uploads\/2014\/01\/prensasantiago1.jpg","type":"image\/jpeg"}],"author":"Reda\u00e7\u00e3o S\u00e3o Paulo","twitter_card":"summary_large_image","twitter_creator":"@pressenza_pt","twitter_site":"@PressenzaIPA","twitter_misc":{"Escrito por":"Reda\u00e7\u00e3o S\u00e3o Paulo","Tempo estimado de leitura":"4 minutos"},"schema":{"@context":"https:\/\/schema.org","@graph":[{"@type":"Article","@id":"https:\/\/www.pressenza.com\/pt-pt\/2014\/01\/os-direitos-dos-trabalhadores-sao-atacados-mundo\/#article","isPartOf":{"@id":"https:\/\/www.pressenza.com\/pt-pt\/2014\/01\/os-direitos-dos-trabalhadores-sao-atacados-mundo\/"},"author":{"name":"Reda\u00e7\u00e3o S\u00e3o Paulo","@id":"https:\/\/www.pressenza.com\/pt-pt\/#\/schema\/person\/d171826afb7693cfc394da95892bfd93"},"headline":"Os direitos dos trabalhadores s\u00e3o atacados no mundo","datePublished":"2014-01-04T23:54:14+00:00","mainEntityOfPage":{"@id":"https:\/\/www.pressenza.com\/pt-pt\/2014\/01\/os-direitos-dos-trabalhadores-sao-atacados-mundo\/"},"wordCount":755,"publisher":{"@id":"https:\/\/www.pressenza.com\/pt-pt\/#organization"},"image":{"@id":"https:\/\/www.pressenza.com\/pt-pt\/2014\/01\/os-direitos-dos-trabalhadores-sao-atacados-mundo\/#primaryimage"},"thumbnailUrl":"https:\/\/www.pressenza.com\/wp-content\/uploads\/2014\/01\/prensasantiago1.jpg","keywords":["capital","direitos trabalhadores","oit","trabalho"],"articleSection":["\u00c1m\u00e9rica do Sul","Direitos Humanos","Internacional"],"inLanguage":"pt-PT"},{"@type":"WebPage","@id":"https:\/\/www.pressenza.com\/pt-pt\/2014\/01\/os-direitos-dos-trabalhadores-sao-atacados-mundo\/","url":"https:\/\/www.pressenza.com\/pt-pt\/2014\/01\/os-direitos-dos-trabalhadores-sao-atacados-mundo\/","name":"Os direitos dos trabalhadores s\u00e3o atacados no mundo","isPartOf":{"@id":"https:\/\/www.pressenza.com\/pt-pt\/#website"},"primaryImageOfPage":{"@id":"https:\/\/www.pressenza.com\/pt-pt\/2014\/01\/os-direitos-dos-trabalhadores-sao-atacados-mundo\/#primaryimage"},"image":{"@id":"https:\/\/www.pressenza.com\/pt-pt\/2014\/01\/os-direitos-dos-trabalhadores-sao-atacados-mundo\/#primaryimage"},"thumbnailUrl":"https:\/\/www.pressenza.com\/wp-content\/uploads\/2014\/01\/prensasantiago1.jpg","datePublished":"2014-01-04T23:54:14+00:00","description":"O capitalismo globalizado e suas grandes corpora\u00e7\u00f5es est\u00e3o pondo em risco a pr\u00f3pria democracia, em nome da tal \u201ccompetitividade\u201d. Ao atacar direitos dos","breadcrumb":{"@id":"https:\/\/www.pressenza.com\/pt-pt\/2014\/01\/os-direitos-dos-trabalhadores-sao-atacados-mundo\/#breadcrumb"},"inLanguage":"pt-PT","potentialAction":[{"@type":"ReadAction","target":["https:\/\/www.pressenza.com\/pt-pt\/2014\/01\/os-direitos-dos-trabalhadores-sao-atacados-mundo\/"]}]},{"@type":"ImageObject","inLanguage":"pt-PT","@id":"https:\/\/www.pressenza.com\/pt-pt\/2014\/01\/os-direitos-dos-trabalhadores-sao-atacados-mundo\/#primaryimage","url":"https:\/\/www.pressenza.com\/wp-content\/uploads\/2014\/01\/prensasantiago1.jpg","contentUrl":"https:\/\/www.pressenza.com\/wp-content\/uploads\/2014\/01\/prensasantiago1.jpg","width":2048,"height":1365},{"@type":"BreadcrumbList","@id":"https:\/\/www.pressenza.com\/pt-pt\/2014\/01\/os-direitos-dos-trabalhadores-sao-atacados-mundo\/#breadcrumb","itemListElement":[{"@type":"ListItem","position":1,"name":"Accueil","item":"https:\/\/www.pressenza.com\/pt-pt\/"},{"@type":"ListItem","position":2,"name":"Os direitos dos trabalhadores s\u00e3o atacados no mundo"}]},{"@type":"WebSite","@id":"https:\/\/www.pressenza.com\/pt-pt\/#website","url":"https:\/\/www.pressenza.com\/pt-pt\/","name":"Pressenza","description":"International Press Agency","publisher":{"@id":"https:\/\/www.pressenza.com\/pt-pt\/#organization"},"potentialAction":[{"@type":"SearchAction","target":{"@type":"EntryPoint","urlTemplate":"https:\/\/www.pressenza.com\/pt-pt\/?s={search_term_string}"},"query-input":{"@type":"PropertyValueSpecification","valueRequired":true,"valueName":"search_term_string"}}],"inLanguage":"pt-PT"},{"@type":"Organization","@id":"https:\/\/www.pressenza.com\/pt-pt\/#organization","name":"Pressenza","url":"https:\/\/www.pressenza.com\/pt-pt\/","logo":{"@type":"ImageObject","inLanguage":"pt-PT","@id":"https:\/\/www.pressenza.com\/pt-pt\/#\/schema\/logo\/image\/","url":"https:\/\/www.pressenza.com\/wp-content\/uploads\/2022\/10\/pressenza_logo_200x200.jpg","contentUrl":"https:\/\/www.pressenza.com\/wp-content\/uploads\/2022\/10\/pressenza_logo_200x200.jpg","width":200,"height":200,"caption":"Pressenza"},"image":{"@id":"https:\/\/www.pressenza.com\/pt-pt\/#\/schema\/logo\/image\/"},"sameAs":["https:\/\/www.facebook.com\/PressenzaItalia","https:\/\/x.com\/PressenzaIPA"]},{"@type":"Person","@id":"https:\/\/www.pressenza.com\/pt-pt\/#\/schema\/person\/d171826afb7693cfc394da95892bfd93","name":"Reda\u00e7\u00e3o S\u00e3o Paulo","description":"News from the Pressenza bureau in Sao Paulo, Brazil","sameAs":["https:\/\/www.facebook.com\/PressenzaPortugues","https:\/\/x.com\/pressenza_pt"],"url":"https:\/\/www.pressenza.com\/pt-pt\/author\/redaccao-sao-paulo\/"}]}},"place":"","original_article_url":"","_links":{"self":[{"href":"https:\/\/www.pressenza.com\/pt-pt\/wp-json\/wp\/v2\/posts\/83576","targetHints":{"allow":["GET"]}}],"collection":[{"href":"https:\/\/www.pressenza.com\/pt-pt\/wp-json\/wp\/v2\/posts"}],"about":[{"href":"https:\/\/www.pressenza.com\/pt-pt\/wp-json\/wp\/v2\/types\/post"}],"author":[{"embeddable":true,"href":"https:\/\/www.pressenza.com\/pt-pt\/wp-json\/wp\/v2\/users\/44"}],"replies":[{"embeddable":true,"href":"https:\/\/www.pressenza.com\/pt-pt\/wp-json\/wp\/v2\/comments?post=83576"}],"version-history":[{"count":0,"href":"https:\/\/www.pressenza.com\/pt-pt\/wp-json\/wp\/v2\/posts\/83576\/revisions"}],"wp:featuredmedia":[{"embeddable":true,"href":"https:\/\/www.pressenza.com\/pt-pt\/wp-json\/wp\/v2\/media\/83580"}],"wp:attachment":[{"href":"https:\/\/www.pressenza.com\/pt-pt\/wp-json\/wp\/v2\/media?parent=83576"}],"wp:term":[{"taxonomy":"category","embeddable":true,"href":"https:\/\/www.pressenza.com\/pt-pt\/wp-json\/wp\/v2\/categories?post=83576"},{"taxonomy":"post_tag","embeddable":true,"href":"https:\/\/www.pressenza.com\/pt-pt\/wp-json\/wp\/v2\/tags?post=83576"}],"curies":[{"name":"wp","href":"https:\/\/api.w.org\/{rel}","templated":true}]}}