{"id":826611,"date":"2019-03-20T00:56:56","date_gmt":"2019-03-20T00:56:56","guid":{"rendered":"https:\/\/www.pressenza.com\/?p=826611"},"modified":"2019-03-20T00:56:56","modified_gmt":"2019-03-20T00:56:56","slug":"neozelandeses-comecam-a-entregar-armas","status":"publish","type":"post","link":"https:\/\/www.pressenza.com\/pt-pt\/2019\/03\/neozelandeses-comecam-a-entregar-armas\/","title":{"rendered":"Neozelandeses come\u00e7am a entregar armas"},"content":{"rendered":"<p>Cidad\u00e3os respondem positivamente a pedido do governo depois de atentado que deixou 50 mortos em Christchurch. Primeira-ministra prepara mudan\u00e7a para endurecer leis sobre posse de armamentos.<\/p>\n<p>Um dia ap\u00f3s a primeira-ministra da Nova Zel\u00e2ndia, Jacinda Ardern, anunciar o <a href=\"https:\/\/www.dw.com\/pt-br\/nova-zel%C3%A2ndia-vai-endurecer-legisla%C3%A7%C3%A3o-de-armas\/a-47960073\" target=\"_blank\" rel=\"noopener\">endurecimento da legisla\u00e7\u00e3o de armas<\/a> e pedir aos cidad\u00e3os que se desfa\u00e7am de armamentos desnecess\u00e1rios, os neozelandeses come\u00e7aram a entregar nesta ter\u00e7a-feira (19\/03) suas armas.<\/p>\n<p>Um dos primeiros a se desfazer de sua arma foi o fazendeiro John Hart do distrito de Masterton. Ele afirmou que decidiu entregar seu fuzil semiautom\u00e1tico \u00e0 pol\u00edcia depois do apelo de Ardern. No Twitter, ele disse que o armamento \u00e9 uma ferramenta \u00fatil em sua fazenda, por\u00e9m, a conveni\u00eancia n\u00e3o superaria o risco do uso indevido.<\/p>\n<p>&#8220;N\u00f3s n\u00e3o precisamos delas no nosso pa\u00eds\u201d, afirmou.<\/p>\n<p>Leia <a href=\"https:\/\/www.dw.com\/pt-br\/neozelandeses-come%C3%A7am-a-entregar-armas\/a-47981556\" target=\"_blank\" rel=\"noopener\">artigo completo<\/a> na DW<\/p>\n","protected":false},"excerpt":{"rendered":"<p>Cidad\u00e3os respondem positivamente a pedido do governo depois de atentado que deixou 50 mortos em Christchurch. Primeira-ministra prepara mudan\u00e7a para endurecer leis sobre posse de armamentos. Um dia ap\u00f3s a primeira-ministra da Nova Zel\u00e2ndia, Jacinda Ardern, anunciar o endurecimento da&hellip;<\/p>\n","protected":false},"author":993,"featured_media":826612,"comment_status":"closed","ping_status":"closed","sticky":false,"template":"","format":"standard","meta":{"footnotes":""},"categories":[107,1257],"tags":[56294,56570,56476],"class_list":["post-826611","post","type-post","status-publish","format-standard","has-post-thumbnail","hentry","category-oceania-pt-pt","category-paz-desarmamento","tag-armas-pt-pt","tag-christchurch","tag-nova-zelanda"],"yoast_head":"<!-- This site is optimized with the Yoast SEO plugin v27.1.1 - https:\/\/yoast.com\/product\/yoast-seo-wordpress\/ -->\n<title>Neozelandeses come\u00e7am a entregar armas<\/title>\n<meta name=\"description\" content=\"Cidad\u00e3os respondem positivamente a pedido do governo depois de atentado que deixou 50 mortos em Christchurch. Primeira-ministra prepara mudan\u00e7a para\" \/>\n<meta name=\"robots\" content=\"index, follow, max-snippet:-1, max-image-preview:large, max-video-preview:-1\" \/>\n<link rel=\"canonical\" href=\"https:\/\/www.pressenza.com\/pt-pt\/2019\/03\/neozelandeses-comecam-a-entregar-armas\/\" \/>\n<meta property=\"og:locale\" content=\"pt_PT\" \/>\n<meta property=\"og:type\" content=\"article\" \/>\n<meta property=\"og:title\" content=\"Neozelandeses come\u00e7am a entregar armas\" \/>\n<meta property=\"og:description\" content=\"Cidad\u00e3os respondem positivamente a pedido do governo depois de atentado que deixou 50 mortos em Christchurch. Primeira-ministra prepara mudan\u00e7a para\" \/>\n<meta property=\"og:url\" content=\"https:\/\/www.pressenza.com\/pt-pt\/2019\/03\/neozelandeses-comecam-a-entregar-armas\/\" \/>\n<meta property=\"og:site_name\" content=\"Pressenza\" \/>\n<meta property=\"article:publisher\" content=\"https:\/\/www.facebook.com\/PressenzaItalia\" \/>\n<meta property=\"article:published_time\" content=\"2019-03-20T00:56:56+00:00\" \/>\n<meta property=\"og:image\" content=\"https:\/\/www.pressenza.com\/wp-content\/uploads\/2019\/03\/Nueva-Zelanda.jpg\" \/>\n\t<meta property=\"og:image:width\" content=\"850\" \/>\n\t<meta property=\"og:image:height\" content=\"478\" \/>\n\t<meta property=\"og:image:type\" content=\"image\/jpeg\" \/>\n<meta name=\"author\" content=\"Deutsche Welle\" \/>\n<meta name=\"twitter:card\" content=\"summary_large_image\" \/>\n<meta name=\"twitter:creator\" content=\"@PressenzaIPA\" \/>\n<meta name=\"twitter:site\" content=\"@PressenzaIPA\" \/>\n<meta name=\"twitter:label1\" content=\"Escrito por\" \/>\n\t<meta name=\"twitter:data1\" content=\"Deutsche Welle\" \/>\n\t<meta name=\"twitter:label2\" content=\"Tempo estimado de leitura\" \/>\n\t<meta name=\"twitter:data2\" content=\"1 minuto\" \/>\n<script type=\"application\/ld+json\" class=\"yoast-schema-graph\">{\"@context\":\"https:\/\/schema.org\",\"@graph\":[{\"@type\":\"Article\",\"@id\":\"https:\/\/www.pressenza.com\/pt-pt\/2019\/03\/neozelandeses-comecam-a-entregar-armas\/#article\",\"isPartOf\":{\"@id\":\"https:\/\/www.pressenza.com\/pt-pt\/2019\/03\/neozelandeses-comecam-a-entregar-armas\/\"},\"author\":{\"name\":\"Deutsche Welle\",\"@id\":\"https:\/\/www.pressenza.com\/pt-pt\/#\/schema\/person\/b7c775911f2c9a1b8c7225b94e2e9f37\"},\"headline\":\"Neozelandeses come\u00e7am a entregar armas\",\"datePublished\":\"2019-03-20T00:56:56+00:00\",\"mainEntityOfPage\":{\"@id\":\"https:\/\/www.pressenza.com\/pt-pt\/2019\/03\/neozelandeses-comecam-a-entregar-armas\/\"},\"wordCount\":153,\"publisher\":{\"@id\":\"https:\/\/www.pressenza.com\/pt-pt\/#organization\"},\"image\":{\"@id\":\"https:\/\/www.pressenza.com\/pt-pt\/2019\/03\/neozelandeses-comecam-a-entregar-armas\/#primaryimage\"},\"thumbnailUrl\":\"https:\/\/www.pressenza.com\/wp-content\/uploads\/2019\/03\/Nueva-Zelanda.jpg\",\"keywords\":[\"armas\",\"Christchurch\",\"Nova Zelanda\"],\"articleSection\":[\"Oce\u00e2nia\",\"Paz e Desarmamento\"],\"inLanguage\":\"pt-PT\"},{\"@type\":\"WebPage\",\"@id\":\"https:\/\/www.pressenza.com\/pt-pt\/2019\/03\/neozelandeses-comecam-a-entregar-armas\/\",\"url\":\"https:\/\/www.pressenza.com\/pt-pt\/2019\/03\/neozelandeses-comecam-a-entregar-armas\/\",\"name\":\"Neozelandeses come\u00e7am a entregar armas\",\"isPartOf\":{\"@id\":\"https:\/\/www.pressenza.com\/pt-pt\/#website\"},\"primaryImageOfPage\":{\"@id\":\"https:\/\/www.pressenza.com\/pt-pt\/2019\/03\/neozelandeses-comecam-a-entregar-armas\/#primaryimage\"},\"image\":{\"@id\":\"https:\/\/www.pressenza.com\/pt-pt\/2019\/03\/neozelandeses-comecam-a-entregar-armas\/#primaryimage\"},\"thumbnailUrl\":\"https:\/\/www.pressenza.com\/wp-content\/uploads\/2019\/03\/Nueva-Zelanda.jpg\",\"datePublished\":\"2019-03-20T00:56:56+00:00\",\"description\":\"Cidad\u00e3os respondem positivamente a pedido do governo depois de atentado que deixou 50 mortos em Christchurch. Primeira-ministra prepara mudan\u00e7a para\",\"breadcrumb\":{\"@id\":\"https:\/\/www.pressenza.com\/pt-pt\/2019\/03\/neozelandeses-comecam-a-entregar-armas\/#breadcrumb\"},\"inLanguage\":\"pt-PT\",\"potentialAction\":[{\"@type\":\"ReadAction\",\"target\":[\"https:\/\/www.pressenza.com\/pt-pt\/2019\/03\/neozelandeses-comecam-a-entregar-armas\/\"]}]},{\"@type\":\"ImageObject\",\"inLanguage\":\"pt-PT\",\"@id\":\"https:\/\/www.pressenza.com\/pt-pt\/2019\/03\/neozelandeses-comecam-a-entregar-armas\/#primaryimage\",\"url\":\"https:\/\/www.pressenza.com\/wp-content\/uploads\/2019\/03\/Nueva-Zelanda.jpg\",\"contentUrl\":\"https:\/\/www.pressenza.com\/wp-content\/uploads\/2019\/03\/Nueva-Zelanda.jpg\",\"width\":850,\"height\":478},{\"@type\":\"BreadcrumbList\",\"@id\":\"https:\/\/www.pressenza.com\/pt-pt\/2019\/03\/neozelandeses-comecam-a-entregar-armas\/#breadcrumb\",\"itemListElement\":[{\"@type\":\"ListItem\",\"position\":1,\"name\":\"Accueil\",\"item\":\"https:\/\/www.pressenza.com\/pt-pt\/\"},{\"@type\":\"ListItem\",\"position\":2,\"name\":\"Neozelandeses come\u00e7am a entregar armas\"}]},{\"@type\":\"WebSite\",\"@id\":\"https:\/\/www.pressenza.com\/pt-pt\/#website\",\"url\":\"https:\/\/www.pressenza.com\/pt-pt\/\",\"name\":\"Pressenza\",\"description\":\"International Press Agency\",\"publisher\":{\"@id\":\"https:\/\/www.pressenza.com\/pt-pt\/#organization\"},\"potentialAction\":[{\"@type\":\"SearchAction\",\"target\":{\"@type\":\"EntryPoint\",\"urlTemplate\":\"https:\/\/www.pressenza.com\/pt-pt\/?s={search_term_string}\"},\"query-input\":{\"@type\":\"PropertyValueSpecification\",\"valueRequired\":true,\"valueName\":\"search_term_string\"}}],\"inLanguage\":\"pt-PT\"},{\"@type\":\"Organization\",\"@id\":\"https:\/\/www.pressenza.com\/pt-pt\/#organization\",\"name\":\"Pressenza\",\"url\":\"https:\/\/www.pressenza.com\/pt-pt\/\",\"logo\":{\"@type\":\"ImageObject\",\"inLanguage\":\"pt-PT\",\"@id\":\"https:\/\/www.pressenza.com\/pt-pt\/#\/schema\/logo\/image\/\",\"url\":\"https:\/\/www.pressenza.com\/wp-content\/uploads\/2022\/10\/pressenza_logo_200x200.jpg\",\"contentUrl\":\"https:\/\/www.pressenza.com\/wp-content\/uploads\/2022\/10\/pressenza_logo_200x200.jpg\",\"width\":200,\"height\":200,\"caption\":\"Pressenza\"},\"image\":{\"@id\":\"https:\/\/www.pressenza.com\/pt-pt\/#\/schema\/logo\/image\/\"},\"sameAs\":[\"https:\/\/www.facebook.com\/PressenzaItalia\",\"https:\/\/x.com\/PressenzaIPA\"]},{\"@type\":\"Person\",\"@id\":\"https:\/\/www.pressenza.com\/pt-pt\/#\/schema\/person\/b7c775911f2c9a1b8c7225b94e2e9f37\",\"name\":\"Deutsche Welle\",\"description\":\"Articles and photographs by Deutsche Welle on Pressenza do not fall under the Creative Commons licence and are not reproducible in any way. www.dw.com\",\"sameAs\":[\"http:\/\/www.dw.com\"],\"url\":\"https:\/\/www.pressenza.com\/pt-pt\/author\/deutsche-welle\/\"}]}<\/script>\n<!-- \/ Yoast SEO plugin. -->","yoast_head_json":{"title":"Neozelandeses come\u00e7am a entregar armas","description":"Cidad\u00e3os respondem positivamente a pedido do governo depois de atentado que deixou 50 mortos em Christchurch. Primeira-ministra prepara mudan\u00e7a para","robots":{"index":"index","follow":"follow","max-snippet":"max-snippet:-1","max-image-preview":"max-image-preview:large","max-video-preview":"max-video-preview:-1"},"canonical":"https:\/\/www.pressenza.com\/pt-pt\/2019\/03\/neozelandeses-comecam-a-entregar-armas\/","og_locale":"pt_PT","og_type":"article","og_title":"Neozelandeses come\u00e7am a entregar armas","og_description":"Cidad\u00e3os respondem positivamente a pedido do governo depois de atentado que deixou 50 mortos em Christchurch. Primeira-ministra prepara mudan\u00e7a para","og_url":"https:\/\/www.pressenza.com\/pt-pt\/2019\/03\/neozelandeses-comecam-a-entregar-armas\/","og_site_name":"Pressenza","article_publisher":"https:\/\/www.facebook.com\/PressenzaItalia","article_published_time":"2019-03-20T00:56:56+00:00","og_image":[{"width":850,"height":478,"url":"https:\/\/www.pressenza.com\/wp-content\/uploads\/2019\/03\/Nueva-Zelanda.jpg","type":"image\/jpeg"}],"author":"Deutsche Welle","twitter_card":"summary_large_image","twitter_creator":"@PressenzaIPA","twitter_site":"@PressenzaIPA","twitter_misc":{"Escrito por":"Deutsche Welle","Tempo estimado de leitura":"1 minuto"},"schema":{"@context":"https:\/\/schema.org","@graph":[{"@type":"Article","@id":"https:\/\/www.pressenza.com\/pt-pt\/2019\/03\/neozelandeses-comecam-a-entregar-armas\/#article","isPartOf":{"@id":"https:\/\/www.pressenza.com\/pt-pt\/2019\/03\/neozelandeses-comecam-a-entregar-armas\/"},"author":{"name":"Deutsche Welle","@id":"https:\/\/www.pressenza.com\/pt-pt\/#\/schema\/person\/b7c775911f2c9a1b8c7225b94e2e9f37"},"headline":"Neozelandeses come\u00e7am a entregar armas","datePublished":"2019-03-20T00:56:56+00:00","mainEntityOfPage":{"@id":"https:\/\/www.pressenza.com\/pt-pt\/2019\/03\/neozelandeses-comecam-a-entregar-armas\/"},"wordCount":153,"publisher":{"@id":"https:\/\/www.pressenza.com\/pt-pt\/#organization"},"image":{"@id":"https:\/\/www.pressenza.com\/pt-pt\/2019\/03\/neozelandeses-comecam-a-entregar-armas\/#primaryimage"},"thumbnailUrl":"https:\/\/www.pressenza.com\/wp-content\/uploads\/2019\/03\/Nueva-Zelanda.jpg","keywords":["armas","Christchurch","Nova Zelanda"],"articleSection":["Oce\u00e2nia","Paz e Desarmamento"],"inLanguage":"pt-PT"},{"@type":"WebPage","@id":"https:\/\/www.pressenza.com\/pt-pt\/2019\/03\/neozelandeses-comecam-a-entregar-armas\/","url":"https:\/\/www.pressenza.com\/pt-pt\/2019\/03\/neozelandeses-comecam-a-entregar-armas\/","name":"Neozelandeses come\u00e7am a entregar armas","isPartOf":{"@id":"https:\/\/www.pressenza.com\/pt-pt\/#website"},"primaryImageOfPage":{"@id":"https:\/\/www.pressenza.com\/pt-pt\/2019\/03\/neozelandeses-comecam-a-entregar-armas\/#primaryimage"},"image":{"@id":"https:\/\/www.pressenza.com\/pt-pt\/2019\/03\/neozelandeses-comecam-a-entregar-armas\/#primaryimage"},"thumbnailUrl":"https:\/\/www.pressenza.com\/wp-content\/uploads\/2019\/03\/Nueva-Zelanda.jpg","datePublished":"2019-03-20T00:56:56+00:00","description":"Cidad\u00e3os respondem positivamente a pedido do governo depois de atentado que deixou 50 mortos em Christchurch. Primeira-ministra prepara mudan\u00e7a para","breadcrumb":{"@id":"https:\/\/www.pressenza.com\/pt-pt\/2019\/03\/neozelandeses-comecam-a-entregar-armas\/#breadcrumb"},"inLanguage":"pt-PT","potentialAction":[{"@type":"ReadAction","target":["https:\/\/www.pressenza.com\/pt-pt\/2019\/03\/neozelandeses-comecam-a-entregar-armas\/"]}]},{"@type":"ImageObject","inLanguage":"pt-PT","@id":"https:\/\/www.pressenza.com\/pt-pt\/2019\/03\/neozelandeses-comecam-a-entregar-armas\/#primaryimage","url":"https:\/\/www.pressenza.com\/wp-content\/uploads\/2019\/03\/Nueva-Zelanda.jpg","contentUrl":"https:\/\/www.pressenza.com\/wp-content\/uploads\/2019\/03\/Nueva-Zelanda.jpg","width":850,"height":478},{"@type":"BreadcrumbList","@id":"https:\/\/www.pressenza.com\/pt-pt\/2019\/03\/neozelandeses-comecam-a-entregar-armas\/#breadcrumb","itemListElement":[{"@type":"ListItem","position":1,"name":"Accueil","item":"https:\/\/www.pressenza.com\/pt-pt\/"},{"@type":"ListItem","position":2,"name":"Neozelandeses come\u00e7am a entregar armas"}]},{"@type":"WebSite","@id":"https:\/\/www.pressenza.com\/pt-pt\/#website","url":"https:\/\/www.pressenza.com\/pt-pt\/","name":"Pressenza","description":"International Press Agency","publisher":{"@id":"https:\/\/www.pressenza.com\/pt-pt\/#organization"},"potentialAction":[{"@type":"SearchAction","target":{"@type":"EntryPoint","urlTemplate":"https:\/\/www.pressenza.com\/pt-pt\/?s={search_term_string}"},"query-input":{"@type":"PropertyValueSpecification","valueRequired":true,"valueName":"search_term_string"}}],"inLanguage":"pt-PT"},{"@type":"Organization","@id":"https:\/\/www.pressenza.com\/pt-pt\/#organization","name":"Pressenza","url":"https:\/\/www.pressenza.com\/pt-pt\/","logo":{"@type":"ImageObject","inLanguage":"pt-PT","@id":"https:\/\/www.pressenza.com\/pt-pt\/#\/schema\/logo\/image\/","url":"https:\/\/www.pressenza.com\/wp-content\/uploads\/2022\/10\/pressenza_logo_200x200.jpg","contentUrl":"https:\/\/www.pressenza.com\/wp-content\/uploads\/2022\/10\/pressenza_logo_200x200.jpg","width":200,"height":200,"caption":"Pressenza"},"image":{"@id":"https:\/\/www.pressenza.com\/pt-pt\/#\/schema\/logo\/image\/"},"sameAs":["https:\/\/www.facebook.com\/PressenzaItalia","https:\/\/x.com\/PressenzaIPA"]},{"@type":"Person","@id":"https:\/\/www.pressenza.com\/pt-pt\/#\/schema\/person\/b7c775911f2c9a1b8c7225b94e2e9f37","name":"Deutsche Welle","description":"Articles and photographs by Deutsche Welle on Pressenza do not fall under the Creative Commons licence and are not reproducible in any way. www.dw.com","sameAs":["http:\/\/www.dw.com"],"url":"https:\/\/www.pressenza.com\/pt-pt\/author\/deutsche-welle\/"}]}},"place":"Alemanha","original_article_url":"https:\/\/www.dw.com\/pt-br\/neozelandeses-come%C3%A7am-a-entregar-armas\/a-47981556","_links":{"self":[{"href":"https:\/\/www.pressenza.com\/pt-pt\/wp-json\/wp\/v2\/posts\/826611","targetHints":{"allow":["GET"]}}],"collection":[{"href":"https:\/\/www.pressenza.com\/pt-pt\/wp-json\/wp\/v2\/posts"}],"about":[{"href":"https:\/\/www.pressenza.com\/pt-pt\/wp-json\/wp\/v2\/types\/post"}],"author":[{"embeddable":true,"href":"https:\/\/www.pressenza.com\/pt-pt\/wp-json\/wp\/v2\/users\/993"}],"replies":[{"embeddable":true,"href":"https:\/\/www.pressenza.com\/pt-pt\/wp-json\/wp\/v2\/comments?post=826611"}],"version-history":[{"count":0,"href":"https:\/\/www.pressenza.com\/pt-pt\/wp-json\/wp\/v2\/posts\/826611\/revisions"}],"wp:featuredmedia":[{"embeddable":true,"href":"https:\/\/www.pressenza.com\/pt-pt\/wp-json\/wp\/v2\/media\/826612"}],"wp:attachment":[{"href":"https:\/\/www.pressenza.com\/pt-pt\/wp-json\/wp\/v2\/media?parent=826611"}],"wp:term":[{"taxonomy":"category","embeddable":true,"href":"https:\/\/www.pressenza.com\/pt-pt\/wp-json\/wp\/v2\/categories?post=826611"},{"taxonomy":"post_tag","embeddable":true,"href":"https:\/\/www.pressenza.com\/pt-pt\/wp-json\/wp\/v2\/tags?post=826611"}],"curies":[{"name":"wp","href":"https:\/\/api.w.org\/{rel}","templated":true}]}}