{"id":806400,"date":"2019-02-12T17:31:20","date_gmt":"2019-02-12T17:31:20","guid":{"rendered":"https:\/\/www.pressenza.com\/?p=806400"},"modified":"2019-02-14T13:15:51","modified_gmt":"2019-02-14T13:15:51","slug":"o-beaba-do-sinodo-pan-amazonico","status":"publish","type":"post","link":"https:\/\/www.pressenza.com\/pt-pt\/2019\/02\/o-beaba-do-sinodo-pan-amazonico\/","title":{"rendered":"O Beab\u00e1 do S\u00ednodo Pan-Amaz\u00f4nico"},"content":{"rendered":"<p>\u201cAmaz\u00f4nia: novos caminhos para a Igreja e para uma ecologia integral\u201d. Esse \u00e9 o lema do S\u00ednodo Pan-Amaz\u00f4nico que acontecer\u00e1 em outubro de 2019, em Roma. S\u00ednodo vem do grego e quer dizer \u201ccaminhar juntos\u201d.<\/p>\n<p>Ent\u00e3o, fa\u00e7o alguns esclarecimentos sobre o S\u00ednodo, j\u00e1 que fa\u00e7o parte como \u201colho de fora\u201d do n\u00facleo de assessoria da REPAM-Brasil (Rede Eclesial Pan-Amaz\u00f4nica), que colabora de forma decisiva na prepara\u00e7\u00e3o do S\u00ednodo.<\/p>\n<p>Primeiro, em 2014 foi criada a Rede Eclesial Pan-Amaz\u00f4nica. Os fundadores s\u00e3o o Conselho Episcopal Latino Americano (CELAM), Confer\u00eancia dos Religiosos da Am\u00e9rica Latina e Caribe (CLAR), a Confer\u00eancia Nacional dos Bispos do Brasil (CNBB) e a C\u00e1ritas. J\u00e1 havia iniciativas anteriores nessa linha, por\u00e9m, mais na dimens\u00e3o episcopal. A REPAM abrange as bases da igreja e outros setores da sociedade interessados numa Ecologia Integral.<\/p>\n<p>Essa cria\u00e7\u00e3o deriva da posi\u00e7\u00e3o do episcopado Latino-americano, definida no documento de Aparecida, que entende que \u201cJesus nos fala a partir da Amaz\u00f4nia\u201d, isto \u00e9, seus povos e toda a exuber\u00e2ncia da cria\u00e7\u00e3o. \u00c9 o princ\u00edpio evang\u00e9lico dos \u201csinais do tempo\u201d.<\/p>\n<p>A REPAM abrange o Brasil e os demais oito pa\u00edses nos quais h\u00e1 o bioma Amaz\u00f4nia: Bol\u00edvia, Equador, Col\u00f4mbia, Peru, Venezuela, Rep\u00fablica da Guiana, Suriname e Guiana Francesa. Essa \u00faltima n\u00e3o \u00e9 um pa\u00eds, mas um territ\u00f3rio franc\u00eas no continente da Am\u00e9rica do Sul. O prop\u00f3sito \u00e9 criar uma Igreja em Rede, de povos, institui\u00e7\u00f5es, igrejas, que defendam os povos e a natureza amaz\u00f4nica.<\/p>\n<p>O Papa Francisco, que foi um dos redatores do documento de Aparecida, decidiu convocar um S\u00ednodo para toda Igreja da Amaz\u00f4nia, mas que \u00e9 um S\u00ednodo da Igreja Universal. Por isso, al\u00e9m de aproximadamente 140 bispos da Amaz\u00f4nia, haver\u00e1 mais pessoas de outros lugares do mundo.<\/p>\n<p>A REPAM n\u00e3o \u00e9 o \u00fanico grupo a preparar o S\u00ednodo, mas cumpre um papel destacado por decis\u00e3o de Roma. O pr\u00f3prio Francisco esteve em Puerto Maldonado, Peru, exclusivamente para ouvir os povos origin\u00e1rios. Ele disse que ali come\u00e7ava o S\u00ednodo. Ouvir quem nunca foi ouvido, talvez seja esse o elemento mais incomodante para muitos setores da sociedade.<\/p>\n<p>Como prepara\u00e7\u00e3o para o S\u00ednodo, sobretudo a REPAM-Brasil, realizou uma s\u00e9rie de semin\u00e1rios pelos mais diversos pontos da Amaz\u00f4nia, dialogando a realidade local com a enc\u00edclica Laudato S\u00ed, do Papa Francisco. S\u00f3 no Brasil foram feitos 16 semin\u00e1rios regionais e um 17\u00ba nacional. Por\u00e9m, outros pa\u00edses tamb\u00e9m realizaram intensamente esses debates, reunindo povos ind\u00edgenas, ribeirinhos, universidades, comunidades eclesiais, pessoas de outras religi\u00f5es, enfim, todos que se preocupam com uma ecologia integral.<\/p>\n<p>Posteriormente chegou de Roma um question\u00e1rio para colher as mais diversas opini\u00f5es dos povos sobre a Igreja que queremos e o que fazer para uma Ecologia Integral. A s\u00edntese desse question\u00e1rio est\u00e1 em andamento e ser\u00e1 enviado a Roma. Foi formada uma equipe de prepara\u00e7\u00e3o do S\u00ednodo com 20 pessoas do Am\u00e9rica do Sul e mais um grupo de Roma. Com esse material nas m\u00e3os \u2013 as dioceses tamb\u00e9m tiveram que fazer suas consultas -, ser\u00e1 elaborado o texto base do S\u00ednodo em Roma.<\/p>\n<p>No fundo, Francisco quer fazer da Amaz\u00f4nia uma refer\u00eancia para a Igreja Universal e tamb\u00e9m para a defesa da Casa Comum, a Terra. A impress\u00e3o que ele passa \u00e9 essa: o que acontecer com a Amaz\u00f4nia, acontecer\u00e1 com o planeta Terra; o que acontecer com a Igreja da Amaz\u00f4nia, acontecer\u00e1 com a Igreja Universal.<\/p>\n<p>Vivemos num Brasil delirante, onde as insanidades recriam at\u00e9 manic\u00f4mios. Por\u00e9m, n\u00e3o h\u00e1 qualquer mist\u00e9rio a respeito desse S\u00ednodo.<\/p>\n","protected":false},"excerpt":{"rendered":"<p>\u201cAmaz\u00f4nia: novos caminhos para a Igreja e para uma ecologia integral\u201d. Esse \u00e9 o lema do S\u00ednodo Pan-Amaz\u00f4nico que acontecer\u00e1 em outubro de 2019, em Roma. S\u00ednodo vem do grego e quer dizer \u201ccaminhar juntos\u201d. Ent\u00e3o, fa\u00e7o alguns esclarecimentos sobre&hellip;<\/p>\n","protected":false},"author":1603,"featured_media":807494,"comment_status":"closed","ping_status":"closed","sticky":false,"template":"","format":"standard","meta":{"footnotes":""},"categories":[104,11390,115,1254,165],"tags":[5243,2744,32977,55050,15165],"class_list":["post-806400","post","type-post","status-publish","format-standard","has-post-thumbnail","hentry","category-america-do-sul","category-conteudo-original","category-ecologia-e-meio-ambiente","category-humanismo-espiritualidade","category-opiniao","tag-amazonia","tag-brasil","tag-igreja","tag-repam","tag-roma-pt-pt"],"yoast_head":"<!-- This site is optimized with the Yoast SEO plugin v27.1.1 - https:\/\/yoast.com\/product\/yoast-seo-wordpress\/ -->\n<title>O Beab\u00e1 do S\u00ednodo Pan-Amaz\u00f4nico<\/title>\n<meta name=\"description\" content=\"\u201cAmaz\u00f4nia: novos caminhos para a Igreja e para uma ecologia integral\u201d. Esse \u00e9 o lema do S\u00ednodo Pan-Amaz\u00f4nico que acontecer\u00e1 em outubro de 2019, em Roma.\" \/>\n<meta name=\"robots\" content=\"index, follow, max-snippet:-1, max-image-preview:large, max-video-preview:-1\" \/>\n<link rel=\"canonical\" href=\"https:\/\/www.pressenza.com\/pt-pt\/2019\/02\/o-beaba-do-sinodo-pan-amazonico\/\" \/>\n<meta property=\"og:locale\" content=\"pt_PT\" \/>\n<meta property=\"og:type\" content=\"article\" \/>\n<meta property=\"og:title\" content=\"O Beab\u00e1 do S\u00ednodo Pan-Amaz\u00f4nico\" \/>\n<meta property=\"og:description\" content=\"\u201cAmaz\u00f4nia: novos caminhos para a Igreja e para uma ecologia integral\u201d. Esse \u00e9 o lema do S\u00ednodo Pan-Amaz\u00f4nico que acontecer\u00e1 em outubro de 2019, em Roma.\" \/>\n<meta property=\"og:url\" content=\"https:\/\/www.pressenza.com\/pt-pt\/2019\/02\/o-beaba-do-sinodo-pan-amazonico\/\" \/>\n<meta property=\"og:site_name\" content=\"Pressenza\" \/>\n<meta property=\"article:publisher\" content=\"https:\/\/www.facebook.com\/PressenzaItalia\" \/>\n<meta property=\"article:published_time\" content=\"2019-02-12T17:31:20+00:00\" \/>\n<meta property=\"article:modified_time\" content=\"2019-02-14T13:15:51+00:00\" \/>\n<meta property=\"og:image\" content=\"https:\/\/www.pressenza.com\/wp-content\/uploads\/2019\/02\/Amazon-CIAT.jpg\" \/>\n\t<meta property=\"og:image:width\" content=\"1024\" \/>\n\t<meta property=\"og:image:height\" content=\"680\" \/>\n\t<meta property=\"og:image:type\" content=\"image\/jpeg\" \/>\n<meta name=\"author\" content=\"Roberto Malvezzi (Gog\u00f3)\" \/>\n<meta name=\"twitter:card\" content=\"summary_large_image\" \/>\n<meta name=\"twitter:creator\" content=\"@PressenzaIPA\" \/>\n<meta name=\"twitter:site\" content=\"@PressenzaIPA\" \/>\n<meta name=\"twitter:label1\" content=\"Escrito por\" \/>\n\t<meta name=\"twitter:data1\" content=\"Roberto Malvezzi (Gog\u00f3)\" \/>\n\t<meta name=\"twitter:label2\" content=\"Tempo estimado de leitura\" \/>\n\t<meta name=\"twitter:data2\" content=\"3 minutos\" \/>\n<script type=\"application\/ld+json\" class=\"yoast-schema-graph\">{\"@context\":\"https:\/\/schema.org\",\"@graph\":[{\"@type\":\"Article\",\"@id\":\"https:\/\/www.pressenza.com\/pt-pt\/2019\/02\/o-beaba-do-sinodo-pan-amazonico\/#article\",\"isPartOf\":{\"@id\":\"https:\/\/www.pressenza.com\/pt-pt\/2019\/02\/o-beaba-do-sinodo-pan-amazonico\/\"},\"author\":{\"name\":\"Roberto Malvezzi (Gog\u00f3)\",\"@id\":\"https:\/\/www.pressenza.com\/pt-pt\/#\/schema\/person\/d50a694fc06c129dcd41cbf30f8a100a\"},\"headline\":\"O Beab\u00e1 do S\u00ednodo Pan-Amaz\u00f4nico\",\"datePublished\":\"2019-02-12T17:31:20+00:00\",\"dateModified\":\"2019-02-14T13:15:51+00:00\",\"mainEntityOfPage\":{\"@id\":\"https:\/\/www.pressenza.com\/pt-pt\/2019\/02\/o-beaba-do-sinodo-pan-amazonico\/\"},\"wordCount\":647,\"publisher\":{\"@id\":\"https:\/\/www.pressenza.com\/pt-pt\/#organization\"},\"image\":{\"@id\":\"https:\/\/www.pressenza.com\/pt-pt\/2019\/02\/o-beaba-do-sinodo-pan-amazonico\/#primaryimage\"},\"thumbnailUrl\":\"https:\/\/www.pressenza.com\/wp-content\/uploads\/2019\/02\/Amazon-CIAT.jpg\",\"keywords\":[\"amazonia\",\"Brasil\",\"Igreja\",\"REPAM\",\"Roma\"],\"articleSection\":[\"\u00c1m\u00e9rica do Sul\",\"Conte\u00fado Original\",\"Ecologia e Meio Ambiente\",\"Humanismo e Espiritualidade\",\"Opini\u00e3o\"],\"inLanguage\":\"pt-PT\"},{\"@type\":\"WebPage\",\"@id\":\"https:\/\/www.pressenza.com\/pt-pt\/2019\/02\/o-beaba-do-sinodo-pan-amazonico\/\",\"url\":\"https:\/\/www.pressenza.com\/pt-pt\/2019\/02\/o-beaba-do-sinodo-pan-amazonico\/\",\"name\":\"O Beab\u00e1 do S\u00ednodo Pan-Amaz\u00f4nico\",\"isPartOf\":{\"@id\":\"https:\/\/www.pressenza.com\/pt-pt\/#website\"},\"primaryImageOfPage\":{\"@id\":\"https:\/\/www.pressenza.com\/pt-pt\/2019\/02\/o-beaba-do-sinodo-pan-amazonico\/#primaryimage\"},\"image\":{\"@id\":\"https:\/\/www.pressenza.com\/pt-pt\/2019\/02\/o-beaba-do-sinodo-pan-amazonico\/#primaryimage\"},\"thumbnailUrl\":\"https:\/\/www.pressenza.com\/wp-content\/uploads\/2019\/02\/Amazon-CIAT.jpg\",\"datePublished\":\"2019-02-12T17:31:20+00:00\",\"dateModified\":\"2019-02-14T13:15:51+00:00\",\"description\":\"\u201cAmaz\u00f4nia: novos caminhos para a Igreja e para uma ecologia integral\u201d. Esse \u00e9 o lema do S\u00ednodo Pan-Amaz\u00f4nico que acontecer\u00e1 em outubro de 2019, em Roma.\",\"breadcrumb\":{\"@id\":\"https:\/\/www.pressenza.com\/pt-pt\/2019\/02\/o-beaba-do-sinodo-pan-amazonico\/#breadcrumb\"},\"inLanguage\":\"pt-PT\",\"potentialAction\":[{\"@type\":\"ReadAction\",\"target\":[\"https:\/\/www.pressenza.com\/pt-pt\/2019\/02\/o-beaba-do-sinodo-pan-amazonico\/\"]}]},{\"@type\":\"ImageObject\",\"inLanguage\":\"pt-PT\",\"@id\":\"https:\/\/www.pressenza.com\/pt-pt\/2019\/02\/o-beaba-do-sinodo-pan-amazonico\/#primaryimage\",\"url\":\"https:\/\/www.pressenza.com\/wp-content\/uploads\/2019\/02\/Amazon-CIAT.jpg\",\"contentUrl\":\"https:\/\/www.pressenza.com\/wp-content\/uploads\/2019\/02\/Amazon-CIAT.jpg\",\"width\":1024,\"height\":680},{\"@type\":\"BreadcrumbList\",\"@id\":\"https:\/\/www.pressenza.com\/pt-pt\/2019\/02\/o-beaba-do-sinodo-pan-amazonico\/#breadcrumb\",\"itemListElement\":[{\"@type\":\"ListItem\",\"position\":1,\"name\":\"Accueil\",\"item\":\"https:\/\/www.pressenza.com\/pt-pt\/\"},{\"@type\":\"ListItem\",\"position\":2,\"name\":\"O Beab\u00e1 do S\u00ednodo Pan-Amaz\u00f4nico\"}]},{\"@type\":\"WebSite\",\"@id\":\"https:\/\/www.pressenza.com\/pt-pt\/#website\",\"url\":\"https:\/\/www.pressenza.com\/pt-pt\/\",\"name\":\"Pressenza\",\"description\":\"International Press Agency\",\"publisher\":{\"@id\":\"https:\/\/www.pressenza.com\/pt-pt\/#organization\"},\"potentialAction\":[{\"@type\":\"SearchAction\",\"target\":{\"@type\":\"EntryPoint\",\"urlTemplate\":\"https:\/\/www.pressenza.com\/pt-pt\/?s={search_term_string}\"},\"query-input\":{\"@type\":\"PropertyValueSpecification\",\"valueRequired\":true,\"valueName\":\"search_term_string\"}}],\"inLanguage\":\"pt-PT\"},{\"@type\":\"Organization\",\"@id\":\"https:\/\/www.pressenza.com\/pt-pt\/#organization\",\"name\":\"Pressenza\",\"url\":\"https:\/\/www.pressenza.com\/pt-pt\/\",\"logo\":{\"@type\":\"ImageObject\",\"inLanguage\":\"pt-PT\",\"@id\":\"https:\/\/www.pressenza.com\/pt-pt\/#\/schema\/logo\/image\/\",\"url\":\"https:\/\/www.pressenza.com\/wp-content\/uploads\/2022\/10\/pressenza_logo_200x200.jpg\",\"contentUrl\":\"https:\/\/www.pressenza.com\/wp-content\/uploads\/2022\/10\/pressenza_logo_200x200.jpg\",\"width\":200,\"height\":200,\"caption\":\"Pressenza\"},\"image\":{\"@id\":\"https:\/\/www.pressenza.com\/pt-pt\/#\/schema\/logo\/image\/\"},\"sameAs\":[\"https:\/\/www.facebook.com\/PressenzaItalia\",\"https:\/\/x.com\/PressenzaIPA\"]},{\"@type\":\"Person\",\"@id\":\"https:\/\/www.pressenza.com\/pt-pt\/#\/schema\/person\/d50a694fc06c129dcd41cbf30f8a100a\",\"name\":\"Roberto Malvezzi (Gog\u00f3)\",\"description\":\"Roberto Malvezzi (\u201cGog\u00f3\u201d), nasceu em 1953, no munic\u00edpio de Potirendaba, S\u00e3o Paulo. \u00c9 graduado em Estudos Sociais e em Filosofia pela Faculdade Salesiana de Filosofia, Ci\u00eancias e Letras de Lorena, em S\u00e3o Paulo. Tamb\u00e9m \u00e9 graduado em Teologia pelo Instituto Teol\u00f3gico de S\u00e3o Paulo. Atualmente, reside em Juazeiro (Bahia) e atua na Equipe CPP\/CPT do S\u00e3o Francisco.\",\"url\":\"https:\/\/www.pressenza.com\/pt-pt\/author\/roberto-malvezzi\/\"}]}<\/script>\n<!-- \/ Yoast SEO plugin. -->","yoast_head_json":{"title":"O Beab\u00e1 do S\u00ednodo Pan-Amaz\u00f4nico","description":"\u201cAmaz\u00f4nia: novos caminhos para a Igreja e para uma ecologia integral\u201d. Esse \u00e9 o lema do S\u00ednodo Pan-Amaz\u00f4nico que acontecer\u00e1 em outubro de 2019, em Roma.","robots":{"index":"index","follow":"follow","max-snippet":"max-snippet:-1","max-image-preview":"max-image-preview:large","max-video-preview":"max-video-preview:-1"},"canonical":"https:\/\/www.pressenza.com\/pt-pt\/2019\/02\/o-beaba-do-sinodo-pan-amazonico\/","og_locale":"pt_PT","og_type":"article","og_title":"O Beab\u00e1 do S\u00ednodo Pan-Amaz\u00f4nico","og_description":"\u201cAmaz\u00f4nia: novos caminhos para a Igreja e para uma ecologia integral\u201d. Esse \u00e9 o lema do S\u00ednodo Pan-Amaz\u00f4nico que acontecer\u00e1 em outubro de 2019, em Roma.","og_url":"https:\/\/www.pressenza.com\/pt-pt\/2019\/02\/o-beaba-do-sinodo-pan-amazonico\/","og_site_name":"Pressenza","article_publisher":"https:\/\/www.facebook.com\/PressenzaItalia","article_published_time":"2019-02-12T17:31:20+00:00","article_modified_time":"2019-02-14T13:15:51+00:00","og_image":[{"width":1024,"height":680,"url":"https:\/\/www.pressenza.com\/wp-content\/uploads\/2019\/02\/Amazon-CIAT.jpg","type":"image\/jpeg"}],"author":"Roberto Malvezzi (Gog\u00f3)","twitter_card":"summary_large_image","twitter_creator":"@PressenzaIPA","twitter_site":"@PressenzaIPA","twitter_misc":{"Escrito por":"Roberto Malvezzi (Gog\u00f3)","Tempo estimado de leitura":"3 minutos"},"schema":{"@context":"https:\/\/schema.org","@graph":[{"@type":"Article","@id":"https:\/\/www.pressenza.com\/pt-pt\/2019\/02\/o-beaba-do-sinodo-pan-amazonico\/#article","isPartOf":{"@id":"https:\/\/www.pressenza.com\/pt-pt\/2019\/02\/o-beaba-do-sinodo-pan-amazonico\/"},"author":{"name":"Roberto Malvezzi (Gog\u00f3)","@id":"https:\/\/www.pressenza.com\/pt-pt\/#\/schema\/person\/d50a694fc06c129dcd41cbf30f8a100a"},"headline":"O Beab\u00e1 do S\u00ednodo Pan-Amaz\u00f4nico","datePublished":"2019-02-12T17:31:20+00:00","dateModified":"2019-02-14T13:15:51+00:00","mainEntityOfPage":{"@id":"https:\/\/www.pressenza.com\/pt-pt\/2019\/02\/o-beaba-do-sinodo-pan-amazonico\/"},"wordCount":647,"publisher":{"@id":"https:\/\/www.pressenza.com\/pt-pt\/#organization"},"image":{"@id":"https:\/\/www.pressenza.com\/pt-pt\/2019\/02\/o-beaba-do-sinodo-pan-amazonico\/#primaryimage"},"thumbnailUrl":"https:\/\/www.pressenza.com\/wp-content\/uploads\/2019\/02\/Amazon-CIAT.jpg","keywords":["amazonia","Brasil","Igreja","REPAM","Roma"],"articleSection":["\u00c1m\u00e9rica do Sul","Conte\u00fado Original","Ecologia e Meio Ambiente","Humanismo e Espiritualidade","Opini\u00e3o"],"inLanguage":"pt-PT"},{"@type":"WebPage","@id":"https:\/\/www.pressenza.com\/pt-pt\/2019\/02\/o-beaba-do-sinodo-pan-amazonico\/","url":"https:\/\/www.pressenza.com\/pt-pt\/2019\/02\/o-beaba-do-sinodo-pan-amazonico\/","name":"O Beab\u00e1 do S\u00ednodo Pan-Amaz\u00f4nico","isPartOf":{"@id":"https:\/\/www.pressenza.com\/pt-pt\/#website"},"primaryImageOfPage":{"@id":"https:\/\/www.pressenza.com\/pt-pt\/2019\/02\/o-beaba-do-sinodo-pan-amazonico\/#primaryimage"},"image":{"@id":"https:\/\/www.pressenza.com\/pt-pt\/2019\/02\/o-beaba-do-sinodo-pan-amazonico\/#primaryimage"},"thumbnailUrl":"https:\/\/www.pressenza.com\/wp-content\/uploads\/2019\/02\/Amazon-CIAT.jpg","datePublished":"2019-02-12T17:31:20+00:00","dateModified":"2019-02-14T13:15:51+00:00","description":"\u201cAmaz\u00f4nia: novos caminhos para a Igreja e para uma ecologia integral\u201d. Esse \u00e9 o lema do S\u00ednodo Pan-Amaz\u00f4nico que acontecer\u00e1 em outubro de 2019, em Roma.","breadcrumb":{"@id":"https:\/\/www.pressenza.com\/pt-pt\/2019\/02\/o-beaba-do-sinodo-pan-amazonico\/#breadcrumb"},"inLanguage":"pt-PT","potentialAction":[{"@type":"ReadAction","target":["https:\/\/www.pressenza.com\/pt-pt\/2019\/02\/o-beaba-do-sinodo-pan-amazonico\/"]}]},{"@type":"ImageObject","inLanguage":"pt-PT","@id":"https:\/\/www.pressenza.com\/pt-pt\/2019\/02\/o-beaba-do-sinodo-pan-amazonico\/#primaryimage","url":"https:\/\/www.pressenza.com\/wp-content\/uploads\/2019\/02\/Amazon-CIAT.jpg","contentUrl":"https:\/\/www.pressenza.com\/wp-content\/uploads\/2019\/02\/Amazon-CIAT.jpg","width":1024,"height":680},{"@type":"BreadcrumbList","@id":"https:\/\/www.pressenza.com\/pt-pt\/2019\/02\/o-beaba-do-sinodo-pan-amazonico\/#breadcrumb","itemListElement":[{"@type":"ListItem","position":1,"name":"Accueil","item":"https:\/\/www.pressenza.com\/pt-pt\/"},{"@type":"ListItem","position":2,"name":"O Beab\u00e1 do S\u00ednodo Pan-Amaz\u00f4nico"}]},{"@type":"WebSite","@id":"https:\/\/www.pressenza.com\/pt-pt\/#website","url":"https:\/\/www.pressenza.com\/pt-pt\/","name":"Pressenza","description":"International Press Agency","publisher":{"@id":"https:\/\/www.pressenza.com\/pt-pt\/#organization"},"potentialAction":[{"@type":"SearchAction","target":{"@type":"EntryPoint","urlTemplate":"https:\/\/www.pressenza.com\/pt-pt\/?s={search_term_string}"},"query-input":{"@type":"PropertyValueSpecification","valueRequired":true,"valueName":"search_term_string"}}],"inLanguage":"pt-PT"},{"@type":"Organization","@id":"https:\/\/www.pressenza.com\/pt-pt\/#organization","name":"Pressenza","url":"https:\/\/www.pressenza.com\/pt-pt\/","logo":{"@type":"ImageObject","inLanguage":"pt-PT","@id":"https:\/\/www.pressenza.com\/pt-pt\/#\/schema\/logo\/image\/","url":"https:\/\/www.pressenza.com\/wp-content\/uploads\/2022\/10\/pressenza_logo_200x200.jpg","contentUrl":"https:\/\/www.pressenza.com\/wp-content\/uploads\/2022\/10\/pressenza_logo_200x200.jpg","width":200,"height":200,"caption":"Pressenza"},"image":{"@id":"https:\/\/www.pressenza.com\/pt-pt\/#\/schema\/logo\/image\/"},"sameAs":["https:\/\/www.facebook.com\/PressenzaItalia","https:\/\/x.com\/PressenzaIPA"]},{"@type":"Person","@id":"https:\/\/www.pressenza.com\/pt-pt\/#\/schema\/person\/d50a694fc06c129dcd41cbf30f8a100a","name":"Roberto Malvezzi (Gog\u00f3)","description":"Roberto Malvezzi (\u201cGog\u00f3\u201d), nasceu em 1953, no munic\u00edpio de Potirendaba, S\u00e3o Paulo. \u00c9 graduado em Estudos Sociais e em Filosofia pela Faculdade Salesiana de Filosofia, Ci\u00eancias e Letras de Lorena, em S\u00e3o Paulo. Tamb\u00e9m \u00e9 graduado em Teologia pelo Instituto Teol\u00f3gico de S\u00e3o Paulo. Atualmente, reside em Juazeiro (Bahia) e atua na Equipe CPP\/CPT do S\u00e3o Francisco.","url":"https:\/\/www.pressenza.com\/pt-pt\/author\/roberto-malvezzi\/"}]}},"place":"Bahia, Brasil","original_article_url":"","_links":{"self":[{"href":"https:\/\/www.pressenza.com\/pt-pt\/wp-json\/wp\/v2\/posts\/806400","targetHints":{"allow":["GET"]}}],"collection":[{"href":"https:\/\/www.pressenza.com\/pt-pt\/wp-json\/wp\/v2\/posts"}],"about":[{"href":"https:\/\/www.pressenza.com\/pt-pt\/wp-json\/wp\/v2\/types\/post"}],"author":[{"embeddable":true,"href":"https:\/\/www.pressenza.com\/pt-pt\/wp-json\/wp\/v2\/users\/1603"}],"replies":[{"embeddable":true,"href":"https:\/\/www.pressenza.com\/pt-pt\/wp-json\/wp\/v2\/comments?post=806400"}],"version-history":[{"count":0,"href":"https:\/\/www.pressenza.com\/pt-pt\/wp-json\/wp\/v2\/posts\/806400\/revisions"}],"wp:featuredmedia":[{"embeddable":true,"href":"https:\/\/www.pressenza.com\/pt-pt\/wp-json\/wp\/v2\/media\/807494"}],"wp:attachment":[{"href":"https:\/\/www.pressenza.com\/pt-pt\/wp-json\/wp\/v2\/media?parent=806400"}],"wp:term":[{"taxonomy":"category","embeddable":true,"href":"https:\/\/www.pressenza.com\/pt-pt\/wp-json\/wp\/v2\/categories?post=806400"},{"taxonomy":"post_tag","embeddable":true,"href":"https:\/\/www.pressenza.com\/pt-pt\/wp-json\/wp\/v2\/tags?post=806400"}],"curies":[{"name":"wp","href":"https:\/\/api.w.org\/{rel}","templated":true}]}}