{"id":805786,"date":"2019-02-11T19:28:47","date_gmt":"2019-02-11T19:28:47","guid":{"rendered":"https:\/\/www.pressenza.com\/?p=805786"},"modified":"2019-02-18T19:01:45","modified_gmt":"2019-02-18T19:01:45","slug":"rumo-a-caracas-um-panama-paper","status":"publish","type":"post","link":"https:\/\/www.pressenza.com\/pt-pt\/2019\/02\/rumo-a-caracas-um-panama-paper\/","title":{"rendered":"Rumo a Caracas, um Panam\u00e1 Paper"},"content":{"rendered":"<p dir=\"ltr\">por Javier Tolcachier<\/p>\n<p dir=\"ltr\">Estou no aeroporto da Cidade do Panam\u00e1. Em breve irei entrar no avi\u00e3o que me levar\u00e1 para Caracas, na Venezuela. Vou com excesso de bagagem, carregando centenas de abra\u00e7os latino americanos, bons desejos para o povo venezuelano e mensagens de for\u00e7a para o governo constitucional do presidente Nicol\u00e1s Maduro. Por\u00e9m, a empresa a\u00e9rea n\u00e3o ir\u00e1 me cobrar este sobrepeso, a solidariedade n\u00e3o cabe em uma mala.<\/p>\n<p dir=\"ltr\">A passos largos, destes que conectam as distintas alas de um aeroporto, vejo em uma parede vidrada uma iniciativa interessante. Escrit\u00f3rio local das Na\u00e7\u00f5es Unidas colocou em letras adesivas o lema \u201cDefende os Direitos Humanos\u201d. Entre belos rostos que refletem a diversidade humana, pode-se ler em ingl\u00eas \u201cTodos somos iguais em dignidade e direitos humanos\u201d. Rapidamente olho e me descubro frente a um amplo sal\u00e3o, confort\u00e1vel para viajantes. Cansado por conta da minha viagem desde minha cidade natal, me disponho a desfrutar do espa\u00e7o. Por\u00e9m uma am\u00e1vel senhorinha e uma tela me interrompem. \u201c\u00c9 apenas para viajantes das classes mais alta, exclama\u201d. Viajantes VIP, pessoas muito importantes, penso em voltar a olhar mais uma vez a parede de frente, para ver se existia algu\u00e9m ali.<\/p>\n<p dir=\"ltr\"><img loading=\"lazy\" decoding=\"async\" class=\"alignright wp-image-805806 size-full\" src=\"https:\/\/www.pressenza.com\/wp-content\/uploads\/2019\/02\/ddhh-1-1.jpg\" alt=\"\" width=\"2048\" height=\"1536\" srcset=\"https:\/\/www.pressenza.com\/wp-content\/uploads\/2019\/02\/ddhh-1-1.jpg 2048w, https:\/\/www.pressenza.com\/wp-content\/uploads\/2019\/02\/ddhh-1-1-300x225.jpg 300w, https:\/\/www.pressenza.com\/wp-content\/uploads\/2019\/02\/ddhh-1-1-768x576.jpg 768w, https:\/\/www.pressenza.com\/wp-content\/uploads\/2019\/02\/ddhh-1-1-720x540.jpg 720w\" sizes=\"auto, (max-width: 2048px) 100vw, 2048px\" \/><\/p>\n<p><img loading=\"lazy\" decoding=\"async\" class=\"alignright wp-image-805815 size-full\" src=\"https:\/\/www.pressenza.com\/wp-content\/uploads\/2019\/02\/lounge-1.jpg\" alt=\"\" width=\"2048\" height=\"1536\" srcset=\"https:\/\/www.pressenza.com\/wp-content\/uploads\/2019\/02\/lounge-1.jpg 2048w, https:\/\/www.pressenza.com\/wp-content\/uploads\/2019\/02\/lounge-1-300x225.jpg 300w, https:\/\/www.pressenza.com\/wp-content\/uploads\/2019\/02\/lounge-1-768x576.jpg 768w, https:\/\/www.pressenza.com\/wp-content\/uploads\/2019\/02\/lounge-1-720x540.jpg 720w\" sizes=\"auto, (max-width: 2048px) 100vw, 2048px\" \/><\/p>\n<p dir=\"ltr\">Caminho um pouco mais e a poucos metros, novamente surge o mural com as inscri\u00e7\u00f5es desta vez em espanhol. Para que ningu\u00e9m o esque\u00e7a, melhor repetir. Olha para a parede de frente e a triste realidade se revela uma vez mais perante os meus olhos. Sobre um sereno fundo azul est\u00e1 a enfermagem privada do l\u00edder dos EUA, o \u201cnumber one\u201d da sa\u00fade. Desconhe\u00e7o se ali se atende apenas a pessoas \u201cmuito importantes\u201d, por\u00e9m estou seguro que a igualdade de dignidade e direitos seguramente fica na porta, n\u00e3o se pode pagar por ela.<\/p>\n<p dir=\"ltr\"><img loading=\"lazy\" decoding=\"async\" class=\"alignright wp-image-805833 size-full\" src=\"https:\/\/www.pressenza.com\/wp-content\/uploads\/2019\/02\/hospital-1.jpg\" alt=\"\" width=\"2048\" height=\"1536\" srcset=\"https:\/\/www.pressenza.com\/wp-content\/uploads\/2019\/02\/hospital-1.jpg 2048w, https:\/\/www.pressenza.com\/wp-content\/uploads\/2019\/02\/hospital-1-300x225.jpg 300w, https:\/\/www.pressenza.com\/wp-content\/uploads\/2019\/02\/hospital-1-768x576.jpg 768w, https:\/\/www.pressenza.com\/wp-content\/uploads\/2019\/02\/hospital-1-720x540.jpg 720w\" sizes=\"auto, (max-width: 2048px) 100vw, 2048px\" \/><\/p>\n<p dir=\"ltr\">\u00a0O Estado panamenho colocou aqui tamb\u00e9m um bonito escrit\u00f3rio com espl\u00eandidas imagens de suas belezas naturais. Em frente a um painel digital, escrito em espanhol, ingl\u00eas \u00a0e chin\u00eas, convida os investidores a colaborarem com sua destrui\u00e7\u00e3o. Existe ainda substantivos emblem\u00e1ticos da vis\u00e3o governamental. Busco palavras de \u201cliberdade\u201d, \u201cigualdade\u201d, \u201cfraternidade\u201d, por\u00e9m eu n\u00e3o encontro.<\/p>\n<p dir=\"ltr\"><img loading=\"lazy\" decoding=\"async\" class=\"alignright wp-image-805842 size-full\" src=\"https:\/\/www.pressenza.com\/wp-content\/uploads\/2019\/02\/panama2-1.jpg\" alt=\"\" width=\"1536\" height=\"2048\" srcset=\"https:\/\/www.pressenza.com\/wp-content\/uploads\/2019\/02\/panama2-1.jpg 1536w, https:\/\/www.pressenza.com\/wp-content\/uploads\/2019\/02\/panama2-1-225x300.jpg 225w, https:\/\/www.pressenza.com\/wp-content\/uploads\/2019\/02\/panama2-1-768x1024.jpg 768w, https:\/\/www.pressenza.com\/wp-content\/uploads\/2019\/02\/panama2-1-720x960.jpg 720w\" sizes=\"auto, (max-width: 1536px) 100vw, 1536px\" \/><\/p>\n<p dir=\"ltr\">Olho para as pessoas que trabalham neste lugar. Aos que t\u00eam suas lojas, assim se diz por aqui &#8211; aos empregados do aeroporto, aos policiais, as garotas que limpas, aos senhores que cuidam do lixo. S\u00e3o quase todos negros ou descendentes de ind\u00edgenas, todos eles apenas mesti\u00e7os, inconfund\u00edvel parte deste povo, t\u00e3o colonizado como os demais da Am\u00e9rica Latina e do Caribe. Por\u00e9m no Panam\u00e1 com muita coloniza\u00e7\u00e3o. Os \u201cgringos\u201d foram durante quase cem anos donos de um dos seus recursos mais importantes, um canal de navega\u00e7\u00e3o entre o pac\u00edfico e o Caribe. Canal que deu origem ao pa\u00eds, com sua separa\u00e7\u00e3o da Col\u00f4mbia.<\/p>\n<p dir=\"ltr\"><img loading=\"lazy\" decoding=\"async\" class=\"alignright wp-image-805851 size-full\" src=\"https:\/\/www.pressenza.com\/wp-content\/uploads\/2019\/02\/hombres-de-blanco-1.jpg\" alt=\"\" width=\"2048\" height=\"1536\" srcset=\"https:\/\/www.pressenza.com\/wp-content\/uploads\/2019\/02\/hombres-de-blanco-1.jpg 2048w, https:\/\/www.pressenza.com\/wp-content\/uploads\/2019\/02\/hombres-de-blanco-1-300x225.jpg 300w, https:\/\/www.pressenza.com\/wp-content\/uploads\/2019\/02\/hombres-de-blanco-1-768x576.jpg 768w, https:\/\/www.pressenza.com\/wp-content\/uploads\/2019\/02\/hombres-de-blanco-1-720x540.jpg 720w\" sizes=\"auto, (max-width: 2048px) 100vw, 2048px\" \/><\/p>\n<p dir=\"ltr\">S\u00e9culos de escravid\u00e3o e vergonha, legalmente libertos a apenas poucas gera\u00e7\u00f5es, as sequelas n\u00e3o desaparecem com facilidade. T\u00e3o pouco a atmosfera racista. Como esc\u00e1rnio macabro, a empresas contratada para fazer desaparecer o lixo, cujos trabalhadores s\u00e3o em sua totalidade pardos, negros e ind\u00edgenas, se chama \u201cHomens de Branco\u201d.<\/p>\n<p dir=\"ltr\">Mais para frente, uma jovem atra\u00ed poss\u00edveis clientes com um enorme cora\u00e7\u00e3o, lembrando-os do Dia dos Namorados. Uma celebra\u00e7\u00e3o que tamb\u00e9m foi importada do Norte, onde o amor &#8211; pelo menos segundo este neg\u00f3cio, deveria estar acompanhado de uma joia. Para que exista alguma luz entre a rela\u00e7\u00e3o. Demonstre que ama, e que pode demonstrar, parece ser a mensagem.<\/p>\n<p dir=\"ltr\"><img loading=\"lazy\" decoding=\"async\" class=\"alignright wp-image-805860 size-full\" src=\"https:\/\/www.pressenza.com\/wp-content\/uploads\/2019\/02\/corazon-1.jpg\" alt=\"\" width=\"2048\" height=\"1536\" srcset=\"https:\/\/www.pressenza.com\/wp-content\/uploads\/2019\/02\/corazon-1.jpg 2048w, https:\/\/www.pressenza.com\/wp-content\/uploads\/2019\/02\/corazon-1-300x225.jpg 300w, https:\/\/www.pressenza.com\/wp-content\/uploads\/2019\/02\/corazon-1-768x576.jpg 768w, https:\/\/www.pressenza.com\/wp-content\/uploads\/2019\/02\/corazon-1-720x540.jpg 720w\" sizes=\"auto, (max-width: 2048px) 100vw, 2048px\" \/><\/p>\n<p dir=\"ltr\">Lembro-me mais uma vez da mensagem das Na\u00e7\u00f5es Unidas e penso &#8211; at\u00e9 quando conviveremos com a hipocrisia capitalista? Infelizmente n\u00e3o vou ter tempo para continuar a reflex\u00e3o. A internet do aeroporto s\u00f3 \u00e9 gr\u00e1tis por 30 minutos.<\/p>\n<p><iframe loading=\"lazy\" src=\"https:\/\/www.youtube.com\/embed\/oaWjArqsaBw\" width=\"560\" height=\"315\" frameborder=\"0\" allowfullscreen=\"allowfullscreen\"><\/iframe><\/p>\n","protected":false},"excerpt":{"rendered":"<p>por Javier Tolcachier Estou no aeroporto da Cidade do Panam\u00e1. Em breve irei entrar no avi\u00e3o que me levar\u00e1 para Caracas, na Venezuela. Vou com excesso de bagagem, carregando centenas de abra\u00e7os latino americanos, bons desejos para o povo venezuelano&hellip;<\/p>\n","protected":false},"author":44,"featured_media":805788,"comment_status":"closed","ping_status":"closed","sticky":false,"template":"","format":"standard","meta":{"footnotes":""},"categories":[104,11390],"tags":[6386],"class_list":["post-805786","post","type-post","status-publish","format-standard","has-post-thumbnail","hentry","category-america-do-sul","category-conteudo-original","tag-capitalismo-pt-pt"],"yoast_head":"<!-- This site is optimized with the Yoast SEO plugin v27.1.1 - https:\/\/yoast.com\/product\/yoast-seo-wordpress\/ -->\n<title>Rumo a Caracas, um Panam\u00e1 Paper<\/title>\n<meta name=\"description\" content=\"por Javier Tolcachier Estou no aeroporto da Cidade do Panam\u00e1. Em breve irei entrar no avi\u00e3o que me levar\u00e1 para Caracas, na Venezuela. Vou com excesso de\" \/>\n<meta name=\"robots\" content=\"index, follow, max-snippet:-1, max-image-preview:large, max-video-preview:-1\" \/>\n<link rel=\"canonical\" href=\"https:\/\/www.pressenza.com\/pt-pt\/2019\/02\/rumo-a-caracas-um-panama-paper\/\" \/>\n<meta property=\"og:locale\" content=\"pt_PT\" \/>\n<meta property=\"og:type\" content=\"article\" \/>\n<meta property=\"og:title\" content=\"Rumo a Caracas, um Panam\u00e1 Paper\" \/>\n<meta property=\"og:description\" content=\"por Javier Tolcachier Estou no aeroporto da Cidade do Panam\u00e1. Em breve irei entrar no avi\u00e3o que me levar\u00e1 para Caracas, na Venezuela. Vou com excesso de\" \/>\n<meta property=\"og:url\" content=\"https:\/\/www.pressenza.com\/pt-pt\/2019\/02\/rumo-a-caracas-um-panama-paper\/\" \/>\n<meta property=\"og:site_name\" content=\"Pressenza\" \/>\n<meta property=\"article:publisher\" content=\"https:\/\/www.facebook.com\/PressenzaItalia\" \/>\n<meta property=\"article:author\" content=\"https:\/\/www.facebook.com\/PressenzaPortugues\" \/>\n<meta property=\"article:published_time\" content=\"2019-02-11T19:28:47+00:00\" \/>\n<meta property=\"article:modified_time\" content=\"2019-02-18T19:01:45+00:00\" \/>\n<meta property=\"og:image\" content=\"https:\/\/www.pressenza.com\/wp-content\/uploads\/2019\/02\/panama1-720x540-1.jpg\" \/>\n\t<meta property=\"og:image:width\" content=\"720\" \/>\n\t<meta property=\"og:image:height\" content=\"540\" \/>\n\t<meta property=\"og:image:type\" content=\"image\/jpeg\" \/>\n<meta name=\"author\" content=\"Reda\u00e7\u00e3o S\u00e3o Paulo\" \/>\n<meta name=\"twitter:card\" content=\"summary_large_image\" \/>\n<meta name=\"twitter:creator\" content=\"@pressenza_pt\" \/>\n<meta name=\"twitter:site\" content=\"@PressenzaIPA\" \/>\n<meta name=\"twitter:label1\" content=\"Escrito por\" \/>\n\t<meta name=\"twitter:data1\" content=\"Reda\u00e7\u00e3o S\u00e3o Paulo\" \/>\n\t<meta name=\"twitter:label2\" content=\"Tempo estimado de leitura\" \/>\n\t<meta name=\"twitter:data2\" content=\"3 minutos\" \/>\n<script type=\"application\/ld+json\" class=\"yoast-schema-graph\">{\"@context\":\"https:\/\/schema.org\",\"@graph\":[{\"@type\":\"Article\",\"@id\":\"https:\/\/www.pressenza.com\/pt-pt\/2019\/02\/rumo-a-caracas-um-panama-paper\/#article\",\"isPartOf\":{\"@id\":\"https:\/\/www.pressenza.com\/pt-pt\/2019\/02\/rumo-a-caracas-um-panama-paper\/\"},\"author\":{\"name\":\"Reda\u00e7\u00e3o S\u00e3o Paulo\",\"@id\":\"https:\/\/www.pressenza.com\/pt-pt\/#\/schema\/person\/d171826afb7693cfc394da95892bfd93\"},\"headline\":\"Rumo a Caracas, um Panam\u00e1 Paper\",\"datePublished\":\"2019-02-11T19:28:47+00:00\",\"dateModified\":\"2019-02-18T19:01:45+00:00\",\"mainEntityOfPage\":{\"@id\":\"https:\/\/www.pressenza.com\/pt-pt\/2019\/02\/rumo-a-caracas-um-panama-paper\/\"},\"wordCount\":659,\"publisher\":{\"@id\":\"https:\/\/www.pressenza.com\/pt-pt\/#organization\"},\"image\":{\"@id\":\"https:\/\/www.pressenza.com\/pt-pt\/2019\/02\/rumo-a-caracas-um-panama-paper\/#primaryimage\"},\"thumbnailUrl\":\"https:\/\/www.pressenza.com\/wp-content\/uploads\/2019\/02\/panama1-720x540-1.jpg\",\"keywords\":[\"capitalismo\"],\"articleSection\":[\"\u00c1m\u00e9rica do Sul\",\"Conte\u00fado Original\"],\"inLanguage\":\"pt-PT\"},{\"@type\":\"WebPage\",\"@id\":\"https:\/\/www.pressenza.com\/pt-pt\/2019\/02\/rumo-a-caracas-um-panama-paper\/\",\"url\":\"https:\/\/www.pressenza.com\/pt-pt\/2019\/02\/rumo-a-caracas-um-panama-paper\/\",\"name\":\"Rumo a Caracas, um Panam\u00e1 Paper\",\"isPartOf\":{\"@id\":\"https:\/\/www.pressenza.com\/pt-pt\/#website\"},\"primaryImageOfPage\":{\"@id\":\"https:\/\/www.pressenza.com\/pt-pt\/2019\/02\/rumo-a-caracas-um-panama-paper\/#primaryimage\"},\"image\":{\"@id\":\"https:\/\/www.pressenza.com\/pt-pt\/2019\/02\/rumo-a-caracas-um-panama-paper\/#primaryimage\"},\"thumbnailUrl\":\"https:\/\/www.pressenza.com\/wp-content\/uploads\/2019\/02\/panama1-720x540-1.jpg\",\"datePublished\":\"2019-02-11T19:28:47+00:00\",\"dateModified\":\"2019-02-18T19:01:45+00:00\",\"description\":\"por Javier Tolcachier Estou no aeroporto da Cidade do Panam\u00e1. Em breve irei entrar no avi\u00e3o que me levar\u00e1 para Caracas, na Venezuela. Vou com excesso de\",\"breadcrumb\":{\"@id\":\"https:\/\/www.pressenza.com\/pt-pt\/2019\/02\/rumo-a-caracas-um-panama-paper\/#breadcrumb\"},\"inLanguage\":\"pt-PT\",\"potentialAction\":[{\"@type\":\"ReadAction\",\"target\":[\"https:\/\/www.pressenza.com\/pt-pt\/2019\/02\/rumo-a-caracas-um-panama-paper\/\"]}]},{\"@type\":\"ImageObject\",\"inLanguage\":\"pt-PT\",\"@id\":\"https:\/\/www.pressenza.com\/pt-pt\/2019\/02\/rumo-a-caracas-um-panama-paper\/#primaryimage\",\"url\":\"https:\/\/www.pressenza.com\/wp-content\/uploads\/2019\/02\/panama1-720x540-1.jpg\",\"contentUrl\":\"https:\/\/www.pressenza.com\/wp-content\/uploads\/2019\/02\/panama1-720x540-1.jpg\",\"width\":720,\"height\":540},{\"@type\":\"BreadcrumbList\",\"@id\":\"https:\/\/www.pressenza.com\/pt-pt\/2019\/02\/rumo-a-caracas-um-panama-paper\/#breadcrumb\",\"itemListElement\":[{\"@type\":\"ListItem\",\"position\":1,\"name\":\"Accueil\",\"item\":\"https:\/\/www.pressenza.com\/pt-pt\/\"},{\"@type\":\"ListItem\",\"position\":2,\"name\":\"Rumo a Caracas, um Panam\u00e1 Paper\"}]},{\"@type\":\"WebSite\",\"@id\":\"https:\/\/www.pressenza.com\/pt-pt\/#website\",\"url\":\"https:\/\/www.pressenza.com\/pt-pt\/\",\"name\":\"Pressenza\",\"description\":\"International Press Agency\",\"publisher\":{\"@id\":\"https:\/\/www.pressenza.com\/pt-pt\/#organization\"},\"potentialAction\":[{\"@type\":\"SearchAction\",\"target\":{\"@type\":\"EntryPoint\",\"urlTemplate\":\"https:\/\/www.pressenza.com\/pt-pt\/?s={search_term_string}\"},\"query-input\":{\"@type\":\"PropertyValueSpecification\",\"valueRequired\":true,\"valueName\":\"search_term_string\"}}],\"inLanguage\":\"pt-PT\"},{\"@type\":\"Organization\",\"@id\":\"https:\/\/www.pressenza.com\/pt-pt\/#organization\",\"name\":\"Pressenza\",\"url\":\"https:\/\/www.pressenza.com\/pt-pt\/\",\"logo\":{\"@type\":\"ImageObject\",\"inLanguage\":\"pt-PT\",\"@id\":\"https:\/\/www.pressenza.com\/pt-pt\/#\/schema\/logo\/image\/\",\"url\":\"https:\/\/www.pressenza.com\/wp-content\/uploads\/2022\/10\/pressenza_logo_200x200.jpg\",\"contentUrl\":\"https:\/\/www.pressenza.com\/wp-content\/uploads\/2022\/10\/pressenza_logo_200x200.jpg\",\"width\":200,\"height\":200,\"caption\":\"Pressenza\"},\"image\":{\"@id\":\"https:\/\/www.pressenza.com\/pt-pt\/#\/schema\/logo\/image\/\"},\"sameAs\":[\"https:\/\/www.facebook.com\/PressenzaItalia\",\"https:\/\/x.com\/PressenzaIPA\"]},{\"@type\":\"Person\",\"@id\":\"https:\/\/www.pressenza.com\/pt-pt\/#\/schema\/person\/d171826afb7693cfc394da95892bfd93\",\"name\":\"Reda\u00e7\u00e3o S\u00e3o Paulo\",\"description\":\"News from the Pressenza bureau in Sao Paulo, Brazil\",\"sameAs\":[\"https:\/\/www.facebook.com\/PressenzaPortugues\",\"https:\/\/x.com\/pressenza_pt\"],\"url\":\"https:\/\/www.pressenza.com\/pt-pt\/author\/redaccao-sao-paulo\/\"}]}<\/script>\n<!-- \/ Yoast SEO plugin. -->","yoast_head_json":{"title":"Rumo a Caracas, um Panam\u00e1 Paper","description":"por Javier Tolcachier Estou no aeroporto da Cidade do Panam\u00e1. Em breve irei entrar no avi\u00e3o que me levar\u00e1 para Caracas, na Venezuela. Vou com excesso de","robots":{"index":"index","follow":"follow","max-snippet":"max-snippet:-1","max-image-preview":"max-image-preview:large","max-video-preview":"max-video-preview:-1"},"canonical":"https:\/\/www.pressenza.com\/pt-pt\/2019\/02\/rumo-a-caracas-um-panama-paper\/","og_locale":"pt_PT","og_type":"article","og_title":"Rumo a Caracas, um Panam\u00e1 Paper","og_description":"por Javier Tolcachier Estou no aeroporto da Cidade do Panam\u00e1. Em breve irei entrar no avi\u00e3o que me levar\u00e1 para Caracas, na Venezuela. Vou com excesso de","og_url":"https:\/\/www.pressenza.com\/pt-pt\/2019\/02\/rumo-a-caracas-um-panama-paper\/","og_site_name":"Pressenza","article_publisher":"https:\/\/www.facebook.com\/PressenzaItalia","article_author":"https:\/\/www.facebook.com\/PressenzaPortugues","article_published_time":"2019-02-11T19:28:47+00:00","article_modified_time":"2019-02-18T19:01:45+00:00","og_image":[{"width":720,"height":540,"url":"https:\/\/www.pressenza.com\/wp-content\/uploads\/2019\/02\/panama1-720x540-1.jpg","type":"image\/jpeg"}],"author":"Reda\u00e7\u00e3o S\u00e3o Paulo","twitter_card":"summary_large_image","twitter_creator":"@pressenza_pt","twitter_site":"@PressenzaIPA","twitter_misc":{"Escrito por":"Reda\u00e7\u00e3o S\u00e3o Paulo","Tempo estimado de leitura":"3 minutos"},"schema":{"@context":"https:\/\/schema.org","@graph":[{"@type":"Article","@id":"https:\/\/www.pressenza.com\/pt-pt\/2019\/02\/rumo-a-caracas-um-panama-paper\/#article","isPartOf":{"@id":"https:\/\/www.pressenza.com\/pt-pt\/2019\/02\/rumo-a-caracas-um-panama-paper\/"},"author":{"name":"Reda\u00e7\u00e3o S\u00e3o Paulo","@id":"https:\/\/www.pressenza.com\/pt-pt\/#\/schema\/person\/d171826afb7693cfc394da95892bfd93"},"headline":"Rumo a Caracas, um Panam\u00e1 Paper","datePublished":"2019-02-11T19:28:47+00:00","dateModified":"2019-02-18T19:01:45+00:00","mainEntityOfPage":{"@id":"https:\/\/www.pressenza.com\/pt-pt\/2019\/02\/rumo-a-caracas-um-panama-paper\/"},"wordCount":659,"publisher":{"@id":"https:\/\/www.pressenza.com\/pt-pt\/#organization"},"image":{"@id":"https:\/\/www.pressenza.com\/pt-pt\/2019\/02\/rumo-a-caracas-um-panama-paper\/#primaryimage"},"thumbnailUrl":"https:\/\/www.pressenza.com\/wp-content\/uploads\/2019\/02\/panama1-720x540-1.jpg","keywords":["capitalismo"],"articleSection":["\u00c1m\u00e9rica do Sul","Conte\u00fado Original"],"inLanguage":"pt-PT"},{"@type":"WebPage","@id":"https:\/\/www.pressenza.com\/pt-pt\/2019\/02\/rumo-a-caracas-um-panama-paper\/","url":"https:\/\/www.pressenza.com\/pt-pt\/2019\/02\/rumo-a-caracas-um-panama-paper\/","name":"Rumo a Caracas, um Panam\u00e1 Paper","isPartOf":{"@id":"https:\/\/www.pressenza.com\/pt-pt\/#website"},"primaryImageOfPage":{"@id":"https:\/\/www.pressenza.com\/pt-pt\/2019\/02\/rumo-a-caracas-um-panama-paper\/#primaryimage"},"image":{"@id":"https:\/\/www.pressenza.com\/pt-pt\/2019\/02\/rumo-a-caracas-um-panama-paper\/#primaryimage"},"thumbnailUrl":"https:\/\/www.pressenza.com\/wp-content\/uploads\/2019\/02\/panama1-720x540-1.jpg","datePublished":"2019-02-11T19:28:47+00:00","dateModified":"2019-02-18T19:01:45+00:00","description":"por Javier Tolcachier Estou no aeroporto da Cidade do Panam\u00e1. Em breve irei entrar no avi\u00e3o que me levar\u00e1 para Caracas, na Venezuela. Vou com excesso de","breadcrumb":{"@id":"https:\/\/www.pressenza.com\/pt-pt\/2019\/02\/rumo-a-caracas-um-panama-paper\/#breadcrumb"},"inLanguage":"pt-PT","potentialAction":[{"@type":"ReadAction","target":["https:\/\/www.pressenza.com\/pt-pt\/2019\/02\/rumo-a-caracas-um-panama-paper\/"]}]},{"@type":"ImageObject","inLanguage":"pt-PT","@id":"https:\/\/www.pressenza.com\/pt-pt\/2019\/02\/rumo-a-caracas-um-panama-paper\/#primaryimage","url":"https:\/\/www.pressenza.com\/wp-content\/uploads\/2019\/02\/panama1-720x540-1.jpg","contentUrl":"https:\/\/www.pressenza.com\/wp-content\/uploads\/2019\/02\/panama1-720x540-1.jpg","width":720,"height":540},{"@type":"BreadcrumbList","@id":"https:\/\/www.pressenza.com\/pt-pt\/2019\/02\/rumo-a-caracas-um-panama-paper\/#breadcrumb","itemListElement":[{"@type":"ListItem","position":1,"name":"Accueil","item":"https:\/\/www.pressenza.com\/pt-pt\/"},{"@type":"ListItem","position":2,"name":"Rumo a Caracas, um Panam\u00e1 Paper"}]},{"@type":"WebSite","@id":"https:\/\/www.pressenza.com\/pt-pt\/#website","url":"https:\/\/www.pressenza.com\/pt-pt\/","name":"Pressenza","description":"International Press Agency","publisher":{"@id":"https:\/\/www.pressenza.com\/pt-pt\/#organization"},"potentialAction":[{"@type":"SearchAction","target":{"@type":"EntryPoint","urlTemplate":"https:\/\/www.pressenza.com\/pt-pt\/?s={search_term_string}"},"query-input":{"@type":"PropertyValueSpecification","valueRequired":true,"valueName":"search_term_string"}}],"inLanguage":"pt-PT"},{"@type":"Organization","@id":"https:\/\/www.pressenza.com\/pt-pt\/#organization","name":"Pressenza","url":"https:\/\/www.pressenza.com\/pt-pt\/","logo":{"@type":"ImageObject","inLanguage":"pt-PT","@id":"https:\/\/www.pressenza.com\/pt-pt\/#\/schema\/logo\/image\/","url":"https:\/\/www.pressenza.com\/wp-content\/uploads\/2022\/10\/pressenza_logo_200x200.jpg","contentUrl":"https:\/\/www.pressenza.com\/wp-content\/uploads\/2022\/10\/pressenza_logo_200x200.jpg","width":200,"height":200,"caption":"Pressenza"},"image":{"@id":"https:\/\/www.pressenza.com\/pt-pt\/#\/schema\/logo\/image\/"},"sameAs":["https:\/\/www.facebook.com\/PressenzaItalia","https:\/\/x.com\/PressenzaIPA"]},{"@type":"Person","@id":"https:\/\/www.pressenza.com\/pt-pt\/#\/schema\/person\/d171826afb7693cfc394da95892bfd93","name":"Reda\u00e7\u00e3o S\u00e3o Paulo","description":"News from the Pressenza bureau in Sao Paulo, Brazil","sameAs":["https:\/\/www.facebook.com\/PressenzaPortugues","https:\/\/x.com\/pressenza_pt"],"url":"https:\/\/www.pressenza.com\/pt-pt\/author\/redaccao-sao-paulo\/"}]}},"place":"","original_article_url":"","_links":{"self":[{"href":"https:\/\/www.pressenza.com\/pt-pt\/wp-json\/wp\/v2\/posts\/805786","targetHints":{"allow":["GET"]}}],"collection":[{"href":"https:\/\/www.pressenza.com\/pt-pt\/wp-json\/wp\/v2\/posts"}],"about":[{"href":"https:\/\/www.pressenza.com\/pt-pt\/wp-json\/wp\/v2\/types\/post"}],"author":[{"embeddable":true,"href":"https:\/\/www.pressenza.com\/pt-pt\/wp-json\/wp\/v2\/users\/44"}],"replies":[{"embeddable":true,"href":"https:\/\/www.pressenza.com\/pt-pt\/wp-json\/wp\/v2\/comments?post=805786"}],"version-history":[{"count":0,"href":"https:\/\/www.pressenza.com\/pt-pt\/wp-json\/wp\/v2\/posts\/805786\/revisions"}],"wp:featuredmedia":[{"embeddable":true,"href":"https:\/\/www.pressenza.com\/pt-pt\/wp-json\/wp\/v2\/media\/805788"}],"wp:attachment":[{"href":"https:\/\/www.pressenza.com\/pt-pt\/wp-json\/wp\/v2\/media?parent=805786"}],"wp:term":[{"taxonomy":"category","embeddable":true,"href":"https:\/\/www.pressenza.com\/pt-pt\/wp-json\/wp\/v2\/categories?post=805786"},{"taxonomy":"post_tag","embeddable":true,"href":"https:\/\/www.pressenza.com\/pt-pt\/wp-json\/wp\/v2\/tags?post=805786"}],"curies":[{"name":"wp","href":"https:\/\/api.w.org\/{rel}","templated":true}]}}