{"id":798120,"date":"2019-01-29T19:38:59","date_gmt":"2019-01-29T19:38:59","guid":{"rendered":"https:\/\/www.pressenza.com\/?p=798120"},"modified":"2019-01-29T19:38:59","modified_gmt":"2019-01-29T19:38:59","slug":"brumadinho-e-velho-chico","status":"publish","type":"post","link":"https:\/\/www.pressenza.com\/pt-pt\/2019\/01\/brumadinho-e-velho-chico\/","title":{"rendered":"Brumadinho \u00e9 Velho Chico"},"content":{"rendered":"<p>Brumadinho pertence \u00e0 vasta bacia hidrogr\u00e1fica do S\u00e3o Francisco (uma das 12 Regi\u00f5es Hidrogr\u00e1ficas do Brasil, segundo a ANA), desaguando no Paraopeba, que des\u00e1gua dentro da barragem de Tr\u00eas Marias, a primeira de uma cascata de barragens ao longo do Rio S\u00e3o Francisco.<\/p>\n<p>O Brasil criou uma legisla\u00e7\u00e3o da \u00e1gua com a Lei 9.433\/97, tendo como base de planejamento as bacias hidrogr\u00e1ficas. A mesma lei criou uma pol\u00edtica nacional de recursos h\u00eddricos, tendo os comit\u00eas de bacia na base e no topo o Conselho Nacional de Recursos H\u00eddricos. Depois FHC criou a Ag\u00eancia Nacional de \u00c1guas (ANA) como um corpo estranho \u00e0 lei, mas era a constru\u00e7\u00e3o das Ag\u00eancias Reguladoras no Brasil, para oferecer seguran\u00e7a jur\u00eddica ao capital.<\/p>\n<p>O Comit\u00ea da Bacia do S\u00e3o Francisco foi um dos primeiros a ser criado. Ele tem a obriga\u00e7\u00e3o legal de criar o Plano de Bacia, que tem composi\u00e7\u00e3o tripartite, isto \u00e9, poder p\u00fablico, sociedade civil e usu\u00e1rios. A\u00ed no meio dos usu\u00e1rios est\u00e3o as mineradoras, as ind\u00fastrias, o agroneg\u00f3cio e as geradoras de energia. O capital imp\u00f5e seus interesses, apesar da boa vontade de tantos que participam dos comit\u00eas de bacia ao longo do Brasil.<\/p>\n<p>Em poucos dias as \u00e1guas vermelhas de Brumadinho chegar\u00e3o \u00e0 barragem de Tr\u00eas Marias, mesmo que fiquem contidas por algum tempo nas barragens intermedi\u00e1rias. Com as chuvas, \u00e9 quest\u00e3o de tempo.<\/p>\n<p>Vir\u00e3o juntos todos os contaminantes de metais pesados &#8211; cobre, mangan\u00eas, zinco, cromo, cobalto, n\u00edquel, chumbo &#8211; que se espalhar\u00e3o pela calha do Velho Chico, por cerca de dois mil km, passando aqui entre Juazeiro e Petrolina, at\u00e9 chegar ao mar entre Sergipe e Alagoas. S\u00e3o 15 milh\u00f5es de pessoas, espalhadas por in\u00fameros munic\u00edpios, ao longo de cinco estados. Agora temos que somar os paraibanos da regi\u00e3o de Campina Grande que tamb\u00e9m bebem dessa \u00e1gua.<\/p>\n<p>Bolsonaro n\u00e3o inaugurou o menosprezo pela natureza aqui no Brasil. Apenas se prop\u00f5e a consolidar e aprofundar esse desprezo, j\u00e1 que \u00e9 assim mesmo que o capital trata o meio ambiente. H\u00e1 coer\u00eancia de sua parte. Por\u00e9m, a elimina\u00e7\u00e3o da Amaz\u00f4nia, do Cerrado vai aos poucos eliminando nossa malha hidrogr\u00e1fica antes abundante e que nos colocava no privil\u00e9gio mundial de deter 13% das \u00e1guas doces do planeta. Entretanto, as mineradoras e outras poluidoras nos oferecem a d\u00e1diva de acabar com a qualidade das nossas \u00e1guas.<\/p>\n<p>Sinceramente, grande parte das esquerdas jamais entendeu e respeitou nossa luta pelo meio ambiente, nunca entendeu que as desgra\u00e7as s\u00e3o socioambientais e tamb\u00e9m nos acham como empecilhos do progresso e do desenvolvimento. H\u00e1 conflitos entre o meio ambiente e os interesses econ\u00f4micos que s\u00e3o insuper\u00e1veis, ou seja, ou um ou outro, jamais os dois ao mesmo tempo. \u00c9 o caso da devasta\u00e7\u00e3o da Amaz\u00f4nia e do Cerrado pelo agroneg\u00f3cio, ou dos \u201cdejeitos\u201d das mineradoras.<\/p>\n<p>Termino esse texto com a frase no zap de uma pessoa da fam\u00edlia que mora perto de uma usina de cana: \u201cBom dia, hoje amanhecemos tomando um banho de veneno do avi\u00e3o pulverizador da usina\u201d.<\/p>\n<p>De Brumadinhos e banhos de veneno ser\u00e1 o governo Bolsonaro, mas n\u00e3o s\u00f3 o dele.<\/p>\n","protected":false},"excerpt":{"rendered":"<p>Brumadinho pertence \u00e0 vasta bacia hidrogr\u00e1fica do S\u00e3o Francisco (uma das 12 Regi\u00f5es Hidrogr\u00e1ficas do Brasil, segundo a ANA), desaguando no Paraopeba, que des\u00e1gua dentro da barragem de Tr\u00eas Marias, a primeira de uma cascata de barragens ao longo do&hellip;<\/p>\n","protected":false},"author":1603,"featured_media":798121,"comment_status":"closed","ping_status":"closed","sticky":false,"template":"","format":"standard","meta":{"footnotes":""},"categories":[104,11390,115,165,111,1253],"tags":[7034,52115,54211,54213,54212],"class_list":["post-798120","post","type-post","status-publish","format-standard","has-post-thumbnail","hentry","category-america-do-sul","category-conteudo-original","category-ecologia-e-meio-ambiente","category-opiniao","category-politica-pt-pt","category-saude","tag-agronegocio","tag-bolsonaro-pt-pt-2","tag-brumadinho","tag-contaminantes","tag-mineradoras"],"yoast_head":"<!-- This site is optimized with the Yoast SEO plugin v27.1.1 - https:\/\/yoast.com\/product\/yoast-seo-wordpress\/ -->\n<title>Brumadinho \u00e9 Velho Chico<\/title>\n<meta name=\"description\" content=\"Brumadinho pertence \u00e0 vasta bacia hidrogr\u00e1fica do S\u00e3o Francisco (uma das 12 Regi\u00f5es Hidrogr\u00e1ficas do Brasil, segundo a ANA), desaguando no Paraopeba, que\" \/>\n<meta name=\"robots\" content=\"index, follow, max-snippet:-1, max-image-preview:large, max-video-preview:-1\" \/>\n<link rel=\"canonical\" href=\"https:\/\/www.pressenza.com\/pt-pt\/2019\/01\/brumadinho-e-velho-chico\/\" \/>\n<meta property=\"og:locale\" content=\"pt_PT\" \/>\n<meta property=\"og:type\" content=\"article\" \/>\n<meta property=\"og:title\" content=\"Brumadinho \u00e9 Velho Chico\" \/>\n<meta property=\"og:description\" content=\"Brumadinho pertence \u00e0 vasta bacia hidrogr\u00e1fica do S\u00e3o Francisco (uma das 12 Regi\u00f5es Hidrogr\u00e1ficas do Brasil, segundo a ANA), desaguando no Paraopeba, que\" \/>\n<meta property=\"og:url\" content=\"https:\/\/www.pressenza.com\/pt-pt\/2019\/01\/brumadinho-e-velho-chico\/\" \/>\n<meta property=\"og:site_name\" content=\"Pressenza\" \/>\n<meta property=\"article:publisher\" content=\"https:\/\/www.facebook.com\/PressenzaItalia\" \/>\n<meta property=\"article:published_time\" content=\"2019-01-29T19:38:59+00:00\" \/>\n<meta property=\"og:image\" content=\"https:\/\/www.pressenza.com\/wp-content\/uploads\/2019\/01\/Brumadinho-Jeso-Carneiro.jpg\" \/>\n\t<meta property=\"og:image:width\" content=\"1024\" \/>\n\t<meta property=\"og:image:height\" content=\"576\" \/>\n\t<meta property=\"og:image:type\" content=\"image\/jpeg\" \/>\n<meta name=\"author\" content=\"Roberto Malvezzi (Gog\u00f3)\" \/>\n<meta name=\"twitter:card\" content=\"summary_large_image\" \/>\n<meta name=\"twitter:creator\" content=\"@PressenzaIPA\" \/>\n<meta name=\"twitter:site\" content=\"@PressenzaIPA\" \/>\n<meta name=\"twitter:label1\" content=\"Escrito por\" \/>\n\t<meta name=\"twitter:data1\" content=\"Roberto Malvezzi (Gog\u00f3)\" \/>\n\t<meta name=\"twitter:label2\" content=\"Tempo estimado de leitura\" \/>\n\t<meta name=\"twitter:data2\" content=\"3 minutos\" \/>\n<script type=\"application\/ld+json\" class=\"yoast-schema-graph\">{\"@context\":\"https:\/\/schema.org\",\"@graph\":[{\"@type\":\"Article\",\"@id\":\"https:\/\/www.pressenza.com\/pt-pt\/2019\/01\/brumadinho-e-velho-chico\/#article\",\"isPartOf\":{\"@id\":\"https:\/\/www.pressenza.com\/pt-pt\/2019\/01\/brumadinho-e-velho-chico\/\"},\"author\":{\"name\":\"Roberto Malvezzi (Gog\u00f3)\",\"@id\":\"https:\/\/www.pressenza.com\/pt-pt\/#\/schema\/person\/d50a694fc06c129dcd41cbf30f8a100a\"},\"headline\":\"Brumadinho \u00e9 Velho Chico\",\"datePublished\":\"2019-01-29T19:38:59+00:00\",\"mainEntityOfPage\":{\"@id\":\"https:\/\/www.pressenza.com\/pt-pt\/2019\/01\/brumadinho-e-velho-chico\/\"},\"wordCount\":564,\"publisher\":{\"@id\":\"https:\/\/www.pressenza.com\/pt-pt\/#organization\"},\"image\":{\"@id\":\"https:\/\/www.pressenza.com\/pt-pt\/2019\/01\/brumadinho-e-velho-chico\/#primaryimage\"},\"thumbnailUrl\":\"https:\/\/www.pressenza.com\/wp-content\/uploads\/2019\/01\/Brumadinho-Jeso-Carneiro.jpg\",\"keywords\":[\"agroneg\u00f3cio\",\"Bolsonaro\",\"Brumadinho\",\"contaminantes\",\"mineradoras\"],\"articleSection\":[\"\u00c1m\u00e9rica do Sul\",\"Conte\u00fado Original\",\"Ecologia e Meio Ambiente\",\"Opini\u00e3o\",\"Pol\u00edtica\",\"Sa\u00fade\"],\"inLanguage\":\"pt-PT\"},{\"@type\":\"WebPage\",\"@id\":\"https:\/\/www.pressenza.com\/pt-pt\/2019\/01\/brumadinho-e-velho-chico\/\",\"url\":\"https:\/\/www.pressenza.com\/pt-pt\/2019\/01\/brumadinho-e-velho-chico\/\",\"name\":\"Brumadinho \u00e9 Velho Chico\",\"isPartOf\":{\"@id\":\"https:\/\/www.pressenza.com\/pt-pt\/#website\"},\"primaryImageOfPage\":{\"@id\":\"https:\/\/www.pressenza.com\/pt-pt\/2019\/01\/brumadinho-e-velho-chico\/#primaryimage\"},\"image\":{\"@id\":\"https:\/\/www.pressenza.com\/pt-pt\/2019\/01\/brumadinho-e-velho-chico\/#primaryimage\"},\"thumbnailUrl\":\"https:\/\/www.pressenza.com\/wp-content\/uploads\/2019\/01\/Brumadinho-Jeso-Carneiro.jpg\",\"datePublished\":\"2019-01-29T19:38:59+00:00\",\"description\":\"Brumadinho pertence \u00e0 vasta bacia hidrogr\u00e1fica do S\u00e3o Francisco (uma das 12 Regi\u00f5es Hidrogr\u00e1ficas do Brasil, segundo a ANA), desaguando no Paraopeba, que\",\"breadcrumb\":{\"@id\":\"https:\/\/www.pressenza.com\/pt-pt\/2019\/01\/brumadinho-e-velho-chico\/#breadcrumb\"},\"inLanguage\":\"pt-PT\",\"potentialAction\":[{\"@type\":\"ReadAction\",\"target\":[\"https:\/\/www.pressenza.com\/pt-pt\/2019\/01\/brumadinho-e-velho-chico\/\"]}]},{\"@type\":\"ImageObject\",\"inLanguage\":\"pt-PT\",\"@id\":\"https:\/\/www.pressenza.com\/pt-pt\/2019\/01\/brumadinho-e-velho-chico\/#primaryimage\",\"url\":\"https:\/\/www.pressenza.com\/wp-content\/uploads\/2019\/01\/Brumadinho-Jeso-Carneiro.jpg\",\"contentUrl\":\"https:\/\/www.pressenza.com\/wp-content\/uploads\/2019\/01\/Brumadinho-Jeso-Carneiro.jpg\",\"width\":1024,\"height\":576},{\"@type\":\"BreadcrumbList\",\"@id\":\"https:\/\/www.pressenza.com\/pt-pt\/2019\/01\/brumadinho-e-velho-chico\/#breadcrumb\",\"itemListElement\":[{\"@type\":\"ListItem\",\"position\":1,\"name\":\"Accueil\",\"item\":\"https:\/\/www.pressenza.com\/pt-pt\/\"},{\"@type\":\"ListItem\",\"position\":2,\"name\":\"Brumadinho \u00e9 Velho Chico\"}]},{\"@type\":\"WebSite\",\"@id\":\"https:\/\/www.pressenza.com\/pt-pt\/#website\",\"url\":\"https:\/\/www.pressenza.com\/pt-pt\/\",\"name\":\"Pressenza\",\"description\":\"International Press Agency\",\"publisher\":{\"@id\":\"https:\/\/www.pressenza.com\/pt-pt\/#organization\"},\"potentialAction\":[{\"@type\":\"SearchAction\",\"target\":{\"@type\":\"EntryPoint\",\"urlTemplate\":\"https:\/\/www.pressenza.com\/pt-pt\/?s={search_term_string}\"},\"query-input\":{\"@type\":\"PropertyValueSpecification\",\"valueRequired\":true,\"valueName\":\"search_term_string\"}}],\"inLanguage\":\"pt-PT\"},{\"@type\":\"Organization\",\"@id\":\"https:\/\/www.pressenza.com\/pt-pt\/#organization\",\"name\":\"Pressenza\",\"url\":\"https:\/\/www.pressenza.com\/pt-pt\/\",\"logo\":{\"@type\":\"ImageObject\",\"inLanguage\":\"pt-PT\",\"@id\":\"https:\/\/www.pressenza.com\/pt-pt\/#\/schema\/logo\/image\/\",\"url\":\"https:\/\/www.pressenza.com\/wp-content\/uploads\/2022\/10\/pressenza_logo_200x200.jpg\",\"contentUrl\":\"https:\/\/www.pressenza.com\/wp-content\/uploads\/2022\/10\/pressenza_logo_200x200.jpg\",\"width\":200,\"height\":200,\"caption\":\"Pressenza\"},\"image\":{\"@id\":\"https:\/\/www.pressenza.com\/pt-pt\/#\/schema\/logo\/image\/\"},\"sameAs\":[\"https:\/\/www.facebook.com\/PressenzaItalia\",\"https:\/\/x.com\/PressenzaIPA\"]},{\"@type\":\"Person\",\"@id\":\"https:\/\/www.pressenza.com\/pt-pt\/#\/schema\/person\/d50a694fc06c129dcd41cbf30f8a100a\",\"name\":\"Roberto Malvezzi (Gog\u00f3)\",\"description\":\"Roberto Malvezzi (\u201cGog\u00f3\u201d), nasceu em 1953, no munic\u00edpio de Potirendaba, S\u00e3o Paulo. \u00c9 graduado em Estudos Sociais e em Filosofia pela Faculdade Salesiana de Filosofia, Ci\u00eancias e Letras de Lorena, em S\u00e3o Paulo. Tamb\u00e9m \u00e9 graduado em Teologia pelo Instituto Teol\u00f3gico de S\u00e3o Paulo. Atualmente, reside em Juazeiro (Bahia) e atua na Equipe CPP\/CPT do S\u00e3o Francisco.\",\"url\":\"https:\/\/www.pressenza.com\/pt-pt\/author\/roberto-malvezzi\/\"}]}<\/script>\n<!-- \/ Yoast SEO plugin. -->","yoast_head_json":{"title":"Brumadinho \u00e9 Velho Chico","description":"Brumadinho pertence \u00e0 vasta bacia hidrogr\u00e1fica do S\u00e3o Francisco (uma das 12 Regi\u00f5es Hidrogr\u00e1ficas do Brasil, segundo a ANA), desaguando no Paraopeba, que","robots":{"index":"index","follow":"follow","max-snippet":"max-snippet:-1","max-image-preview":"max-image-preview:large","max-video-preview":"max-video-preview:-1"},"canonical":"https:\/\/www.pressenza.com\/pt-pt\/2019\/01\/brumadinho-e-velho-chico\/","og_locale":"pt_PT","og_type":"article","og_title":"Brumadinho \u00e9 Velho Chico","og_description":"Brumadinho pertence \u00e0 vasta bacia hidrogr\u00e1fica do S\u00e3o Francisco (uma das 12 Regi\u00f5es Hidrogr\u00e1ficas do Brasil, segundo a ANA), desaguando no Paraopeba, que","og_url":"https:\/\/www.pressenza.com\/pt-pt\/2019\/01\/brumadinho-e-velho-chico\/","og_site_name":"Pressenza","article_publisher":"https:\/\/www.facebook.com\/PressenzaItalia","article_published_time":"2019-01-29T19:38:59+00:00","og_image":[{"width":1024,"height":576,"url":"https:\/\/www.pressenza.com\/wp-content\/uploads\/2019\/01\/Brumadinho-Jeso-Carneiro.jpg","type":"image\/jpeg"}],"author":"Roberto Malvezzi (Gog\u00f3)","twitter_card":"summary_large_image","twitter_creator":"@PressenzaIPA","twitter_site":"@PressenzaIPA","twitter_misc":{"Escrito por":"Roberto Malvezzi (Gog\u00f3)","Tempo estimado de leitura":"3 minutos"},"schema":{"@context":"https:\/\/schema.org","@graph":[{"@type":"Article","@id":"https:\/\/www.pressenza.com\/pt-pt\/2019\/01\/brumadinho-e-velho-chico\/#article","isPartOf":{"@id":"https:\/\/www.pressenza.com\/pt-pt\/2019\/01\/brumadinho-e-velho-chico\/"},"author":{"name":"Roberto Malvezzi (Gog\u00f3)","@id":"https:\/\/www.pressenza.com\/pt-pt\/#\/schema\/person\/d50a694fc06c129dcd41cbf30f8a100a"},"headline":"Brumadinho \u00e9 Velho Chico","datePublished":"2019-01-29T19:38:59+00:00","mainEntityOfPage":{"@id":"https:\/\/www.pressenza.com\/pt-pt\/2019\/01\/brumadinho-e-velho-chico\/"},"wordCount":564,"publisher":{"@id":"https:\/\/www.pressenza.com\/pt-pt\/#organization"},"image":{"@id":"https:\/\/www.pressenza.com\/pt-pt\/2019\/01\/brumadinho-e-velho-chico\/#primaryimage"},"thumbnailUrl":"https:\/\/www.pressenza.com\/wp-content\/uploads\/2019\/01\/Brumadinho-Jeso-Carneiro.jpg","keywords":["agroneg\u00f3cio","Bolsonaro","Brumadinho","contaminantes","mineradoras"],"articleSection":["\u00c1m\u00e9rica do Sul","Conte\u00fado Original","Ecologia e Meio Ambiente","Opini\u00e3o","Pol\u00edtica","Sa\u00fade"],"inLanguage":"pt-PT"},{"@type":"WebPage","@id":"https:\/\/www.pressenza.com\/pt-pt\/2019\/01\/brumadinho-e-velho-chico\/","url":"https:\/\/www.pressenza.com\/pt-pt\/2019\/01\/brumadinho-e-velho-chico\/","name":"Brumadinho \u00e9 Velho Chico","isPartOf":{"@id":"https:\/\/www.pressenza.com\/pt-pt\/#website"},"primaryImageOfPage":{"@id":"https:\/\/www.pressenza.com\/pt-pt\/2019\/01\/brumadinho-e-velho-chico\/#primaryimage"},"image":{"@id":"https:\/\/www.pressenza.com\/pt-pt\/2019\/01\/brumadinho-e-velho-chico\/#primaryimage"},"thumbnailUrl":"https:\/\/www.pressenza.com\/wp-content\/uploads\/2019\/01\/Brumadinho-Jeso-Carneiro.jpg","datePublished":"2019-01-29T19:38:59+00:00","description":"Brumadinho pertence \u00e0 vasta bacia hidrogr\u00e1fica do S\u00e3o Francisco (uma das 12 Regi\u00f5es Hidrogr\u00e1ficas do Brasil, segundo a ANA), desaguando no Paraopeba, que","breadcrumb":{"@id":"https:\/\/www.pressenza.com\/pt-pt\/2019\/01\/brumadinho-e-velho-chico\/#breadcrumb"},"inLanguage":"pt-PT","potentialAction":[{"@type":"ReadAction","target":["https:\/\/www.pressenza.com\/pt-pt\/2019\/01\/brumadinho-e-velho-chico\/"]}]},{"@type":"ImageObject","inLanguage":"pt-PT","@id":"https:\/\/www.pressenza.com\/pt-pt\/2019\/01\/brumadinho-e-velho-chico\/#primaryimage","url":"https:\/\/www.pressenza.com\/wp-content\/uploads\/2019\/01\/Brumadinho-Jeso-Carneiro.jpg","contentUrl":"https:\/\/www.pressenza.com\/wp-content\/uploads\/2019\/01\/Brumadinho-Jeso-Carneiro.jpg","width":1024,"height":576},{"@type":"BreadcrumbList","@id":"https:\/\/www.pressenza.com\/pt-pt\/2019\/01\/brumadinho-e-velho-chico\/#breadcrumb","itemListElement":[{"@type":"ListItem","position":1,"name":"Accueil","item":"https:\/\/www.pressenza.com\/pt-pt\/"},{"@type":"ListItem","position":2,"name":"Brumadinho \u00e9 Velho Chico"}]},{"@type":"WebSite","@id":"https:\/\/www.pressenza.com\/pt-pt\/#website","url":"https:\/\/www.pressenza.com\/pt-pt\/","name":"Pressenza","description":"International Press Agency","publisher":{"@id":"https:\/\/www.pressenza.com\/pt-pt\/#organization"},"potentialAction":[{"@type":"SearchAction","target":{"@type":"EntryPoint","urlTemplate":"https:\/\/www.pressenza.com\/pt-pt\/?s={search_term_string}"},"query-input":{"@type":"PropertyValueSpecification","valueRequired":true,"valueName":"search_term_string"}}],"inLanguage":"pt-PT"},{"@type":"Organization","@id":"https:\/\/www.pressenza.com\/pt-pt\/#organization","name":"Pressenza","url":"https:\/\/www.pressenza.com\/pt-pt\/","logo":{"@type":"ImageObject","inLanguage":"pt-PT","@id":"https:\/\/www.pressenza.com\/pt-pt\/#\/schema\/logo\/image\/","url":"https:\/\/www.pressenza.com\/wp-content\/uploads\/2022\/10\/pressenza_logo_200x200.jpg","contentUrl":"https:\/\/www.pressenza.com\/wp-content\/uploads\/2022\/10\/pressenza_logo_200x200.jpg","width":200,"height":200,"caption":"Pressenza"},"image":{"@id":"https:\/\/www.pressenza.com\/pt-pt\/#\/schema\/logo\/image\/"},"sameAs":["https:\/\/www.facebook.com\/PressenzaItalia","https:\/\/x.com\/PressenzaIPA"]},{"@type":"Person","@id":"https:\/\/www.pressenza.com\/pt-pt\/#\/schema\/person\/d50a694fc06c129dcd41cbf30f8a100a","name":"Roberto Malvezzi (Gog\u00f3)","description":"Roberto Malvezzi (\u201cGog\u00f3\u201d), nasceu em 1953, no munic\u00edpio de Potirendaba, S\u00e3o Paulo. \u00c9 graduado em Estudos Sociais e em Filosofia pela Faculdade Salesiana de Filosofia, Ci\u00eancias e Letras de Lorena, em S\u00e3o Paulo. Tamb\u00e9m \u00e9 graduado em Teologia pelo Instituto Teol\u00f3gico de S\u00e3o Paulo. Atualmente, reside em Juazeiro (Bahia) e atua na Equipe CPP\/CPT do S\u00e3o Francisco.","url":"https:\/\/www.pressenza.com\/pt-pt\/author\/roberto-malvezzi\/"}]}},"place":"Bahia, Brasil","original_article_url":"","_links":{"self":[{"href":"https:\/\/www.pressenza.com\/pt-pt\/wp-json\/wp\/v2\/posts\/798120","targetHints":{"allow":["GET"]}}],"collection":[{"href":"https:\/\/www.pressenza.com\/pt-pt\/wp-json\/wp\/v2\/posts"}],"about":[{"href":"https:\/\/www.pressenza.com\/pt-pt\/wp-json\/wp\/v2\/types\/post"}],"author":[{"embeddable":true,"href":"https:\/\/www.pressenza.com\/pt-pt\/wp-json\/wp\/v2\/users\/1603"}],"replies":[{"embeddable":true,"href":"https:\/\/www.pressenza.com\/pt-pt\/wp-json\/wp\/v2\/comments?post=798120"}],"version-history":[{"count":0,"href":"https:\/\/www.pressenza.com\/pt-pt\/wp-json\/wp\/v2\/posts\/798120\/revisions"}],"wp:featuredmedia":[{"embeddable":true,"href":"https:\/\/www.pressenza.com\/pt-pt\/wp-json\/wp\/v2\/media\/798121"}],"wp:attachment":[{"href":"https:\/\/www.pressenza.com\/pt-pt\/wp-json\/wp\/v2\/media?parent=798120"}],"wp:term":[{"taxonomy":"category","embeddable":true,"href":"https:\/\/www.pressenza.com\/pt-pt\/wp-json\/wp\/v2\/categories?post=798120"},{"taxonomy":"post_tag","embeddable":true,"href":"https:\/\/www.pressenza.com\/pt-pt\/wp-json\/wp\/v2\/tags?post=798120"}],"curies":[{"name":"wp","href":"https:\/\/api.w.org\/{rel}","templated":true}]}}