{"id":793270,"date":"2019-01-22T01:16:13","date_gmt":"2019-01-22T01:16:13","guid":{"rendered":"https:\/\/www.pressenza.com\/?p=793270"},"modified":"2019-01-22T01:16:13","modified_gmt":"2019-01-22T01:16:13","slug":"evangelizacao-e-ferramenta-para-dominar-territorios-indigenas-desde-1500","status":"publish","type":"post","link":"https:\/\/www.pressenza.com\/pt-pt\/2019\/01\/evangelizacao-e-ferramenta-para-dominar-territorios-indigenas-desde-1500\/","title":{"rendered":"Evangeliza\u00e7\u00e3o \u00e9 ferramenta para dominar territ\u00f3rios ind\u00edgenas desde 1500"},"content":{"rendered":"<p><em>Por<strong> Juca Guimar\u00e3es \/\u00a0Brasil de Fato<\/strong><\/em><\/p>\n<p><strong>Doutrina\u00e7\u00e3o de igrejas crist\u00e3s demoniza cultura e cren\u00e7a ancestral dos paj\u00e9s, dividindo aldeias e avan\u00e7ando sobre terras<\/strong><\/p>\n<p>Desde a coloniza\u00e7\u00e3o do Brasil, a intoler\u00e2ncia religiosa e a convers\u00e3o for\u00e7ada s\u00e3o usadas como ferramentas de segrega\u00e7\u00e3o de ind\u00edgenas e divis\u00e3o de territ\u00f3rios, com o objetivo de permitir a explora\u00e7\u00e3o indiscriminada dos recursos minerais, ambientais, das \u00e1guas e das terras. No ano passado, quinze organiza\u00e7\u00f5es e 27 lideran\u00e7as ind\u00edgenas lan\u00e7aram um manifesto contra a persegui\u00e7\u00e3o da cultura e dos conhecimentos dos povos ind\u00edgenas.<\/p>\n<p>\u201cDe modo geral, quando essas seitas e igrejas adentram o territ\u00f3rio, elas entram com uma perspectiva de que as culturas ind\u00edgenas s\u00e3o pecaminosas. Ent\u00e3o, todo o modo cultural de ser de um povo, sua religiosidade, sua organiza\u00e7\u00e3o social e pol\u00edtica \u00e9 atacada. Isso cria um desmantelamento interno. Grande parte adere ao fundamentalismo e isso causa um conflito que \u00e9 irrevers\u00edvel\u201d, explica Roberto Antonio Liebgott, da Coordena\u00e7\u00e3o Regional Sul do Conselho Indigenista Mission\u00e1rio (Cimi).<\/p>\n<p>O principal alerta \u00e9 em rela\u00e7\u00e3o ao avan\u00e7o das pentecostais, que adentram os territ\u00f3rios para evangelizar. Na avalia\u00e7\u00e3o de Liebgott, esse movimento\u00a0pode\u00a0enfraquecer a uni\u00e3o entre os ind\u00edgenas e levar \u00e0 perda do territ\u00f3rio.<\/p>\n<p>\u201cEles desprezam o paj\u00e9, eles desprezam a ritualiza\u00e7\u00e3o ind\u00edgena. Eles desprezam os casamentos, os batismos e transformam tudo isso num pecado. E isso impede que esses povos ajam e reajam diante de acontecimentos pol\u00edticos, da nega\u00e7\u00e3o \u00a0de direitos, diante da negativa de terem a possibilidade de seus territ\u00f3rios sejam demarcados\u201d, adverte.<\/p>\n<h4>Ex-paj\u00e9<\/h4>\n<p>Em 2018, o filme &#8220;Ex-paj\u00e9&#8221; ganhou repercuss\u00e3o mundial ao contar a hist\u00f3ria de Perpera Suru\u00ed, do territ\u00f3rio ind\u00edgena dos paiter suru\u00eds, que foi paj\u00e9 por d\u00e9cadas e sofreu na pele a intoler\u00e2ncia religiosa em seu territ\u00f3rio, localizado entre os estados de Rond\u00f4nia e Mato Grosso.<\/p>\n<p>O diretor e roteirista do document\u00e1rio, Luiz Bolognesi, conta que conhecer a \u201cpersegui\u00e7\u00e3o religiosa\u201d contra os ind\u00edgenas foi o que o motivou a realizar o document\u00e1rio.<\/p>\n<p>\u201cA dor absoluta do Perpera, que por quase 40 anos da vida dele foi considerado um grande paj\u00e9 e, de repente, por causa de uma persegui\u00e7\u00e3o, de uma intoler\u00e2ncia, ele \u00e9 destitu\u00eddo desse lugar de saber, desde lugar de fala, deste lugar de poder, deste lugar de conex\u00e3o com o mundo sagrado e com a ci\u00eancia ind\u00edgena para um lugar totalmente humilhante de ser o zelador da igreja evang\u00e9lica\u201d, disse o diretor \u00e0\u00a0\u00e9poca do lan\u00e7amento da obra, produzida\u00a0pela Buriti Filmes, que ganhou pr\u00eamios no Festival \u00c9 Tudo Verdade, Festival de Chicago e no Festival de Berlim.<\/p>\n<div id=\"attachment_793280\" class=\"wp-caption alignnone\"><img loading=\"lazy\" decoding=\"async\" aria-describedby=\"caption-attachment-793280\" class=\"size-large wp-image-793280\" src=\"https:\/\/www.pressenza.com\/wp-content\/uploads\/2019\/01\/Perpera-Surui---2-Captura-de-video-Ex-paje---720x300.jpg\" alt=\"\" width=\"720\" height=\"300\" srcset=\"https:\/\/www.pressenza.com\/wp-content\/uploads\/2019\/01\/Perpera-Surui---2-Captura-de-video-Ex-paje---720x300.jpg 720w, https:\/\/www.pressenza.com\/wp-content\/uploads\/2019\/01\/Perpera-Surui---2-Captura-de-video-Ex-paje---300x125.jpg 300w, https:\/\/www.pressenza.com\/wp-content\/uploads\/2019\/01\/Perpera-Surui---2-Captura-de-video-Ex-paje---768x320.jpg 768w, https:\/\/www.pressenza.com\/wp-content\/uploads\/2019\/01\/Perpera-Surui---2-Captura-de-video-Ex-paje--.jpg 1024w\" sizes=\"auto, (max-width: 720px) 100vw, 720px\" \/><p id=\"caption-attachment-793280\" class=\"wp-caption-text\">Perpera Surui\u0301. Captura de video Ex-paje\u0301<\/p><\/div>\n<p>\u201c[Vemos hoje] o avan\u00e7o, no Brasil, deste segmento fundamentalista evang\u00e9lico que entra dizendo [que] quem n\u00e3o \u00e9 evang\u00e9lico e n\u00e3o frequenta o culto, tem que ser perseguido, tem que ser destru\u00eddo, tem que ser apedrejado. E isso acontece tanto com templos de candombl\u00e9 e umbanda em S\u00e3o Paulo e no Rio, como com paj\u00e9s em v\u00e1rias aldeias\u201d, analisa.<\/p>\n<p>Na contram\u00e3o da intoler\u00e2ncia, a ialorix\u00e1 Jaciara de Ogum, do il\u00ea Abass\u00e1 de Ogum, em Itapu\u00e3, na Bahia, aponta que o caminho para combater o \u00f3dio \u00e9 o di\u00e1logo interreligioso. \u201cA gente precisa estar juntos para dar um exemplo de amor e paz\u201d. Como exemplo, ela cita o l\u00edder espiritual Dalai Lama: \u201cA melhor religi\u00e3o \u00e9 aquela que faz o ser melhor\u201d.<\/p>\n<p>&#8220;Temos que respeitar as escolhas de cada povo, de cada comunidade, no que tange a sua vida e o seu futuro, porque eles devem ser protagonistas das suas pr\u00f3prias hist\u00f3rias\u201d, conclui Liebgott.<\/p>\n","protected":false},"excerpt":{"rendered":"<p>Por Juca Guimar\u00e3es \/\u00a0Brasil de Fato Doutrina\u00e7\u00e3o de igrejas crist\u00e3s demoniza cultura e cren\u00e7a ancestral dos paj\u00e9s, dividindo aldeias e avan\u00e7ando sobre terras Desde a coloniza\u00e7\u00e3o do Brasil, a intoler\u00e2ncia religiosa e a convers\u00e3o for\u00e7ada s\u00e3o usadas como ferramentas de&hellip;<\/p>\n","protected":false},"author":44,"featured_media":793271,"comment_status":"closed","ping_status":"closed","sticky":false,"template":"","format":"standard","meta":{"footnotes":""},"categories":[104,117,165],"tags":[2744,597,53929,53930,5323,53931,33011,23750,36849],"class_list":["post-793270","post","type-post","status-publish","format-standard","has-post-thumbnail","hentry","category-america-do-sul","category-povos-originarios","category-opiniao","tag-brasil","tag-cultura-pt-pt-2","tag-evangelizacao","tag-igrejas","tag-indigenas","tag-paje","tag-povos-originarios","tag-religiosidade","tag-territorios-pt-pt"],"yoast_head":"<!-- This site is optimized with the Yoast SEO plugin v27.1.1 - https:\/\/yoast.com\/product\/yoast-seo-wordpress\/ -->\n<title>Evangeliza\u00e7\u00e3o \u00e9 ferramenta para dominar territ\u00f3rios ind\u00edgenas desde 1500<\/title>\n<meta name=\"description\" content=\"Por Juca Guimar\u00e3es \/\u00a0Brasil de Fato Doutrina\u00e7\u00e3o de igrejas crist\u00e3s demoniza cultura e cren\u00e7a ancestral dos paj\u00e9s, dividindo aldeias e avan\u00e7ando sobre\" \/>\n<meta name=\"robots\" content=\"index, follow, max-snippet:-1, max-image-preview:large, max-video-preview:-1\" \/>\n<link rel=\"canonical\" href=\"https:\/\/www.pressenza.com\/pt-pt\/2019\/01\/evangelizacao-e-ferramenta-para-dominar-territorios-indigenas-desde-1500\/\" \/>\n<meta property=\"og:locale\" content=\"pt_PT\" \/>\n<meta property=\"og:type\" content=\"article\" \/>\n<meta property=\"og:title\" content=\"Evangeliza\u00e7\u00e3o \u00e9 ferramenta para dominar territ\u00f3rios ind\u00edgenas desde 1500\" \/>\n<meta property=\"og:description\" content=\"Por Juca Guimar\u00e3es \/\u00a0Brasil de Fato Doutrina\u00e7\u00e3o de igrejas crist\u00e3s demoniza cultura e cren\u00e7a ancestral dos paj\u00e9s, dividindo aldeias e avan\u00e7ando sobre\" \/>\n<meta property=\"og:url\" content=\"https:\/\/www.pressenza.com\/pt-pt\/2019\/01\/evangelizacao-e-ferramenta-para-dominar-territorios-indigenas-desde-1500\/\" \/>\n<meta property=\"og:site_name\" content=\"Pressenza\" \/>\n<meta property=\"article:publisher\" content=\"https:\/\/www.facebook.com\/PressenzaItalia\" \/>\n<meta property=\"article:author\" content=\"https:\/\/www.facebook.com\/PressenzaPortugues\" \/>\n<meta property=\"article:published_time\" content=\"2019-01-22T01:16:13+00:00\" \/>\n<meta property=\"og:image\" content=\"https:\/\/www.pressenza.com\/wp-content\/uploads\/2019\/01\/Perpera-Surui---Captura-de-video-Ex-paje--.jpg\" \/>\n\t<meta property=\"og:image:width\" content=\"1024\" \/>\n\t<meta property=\"og:image:height\" content=\"432\" \/>\n\t<meta property=\"og:image:type\" content=\"image\/jpeg\" \/>\n<meta name=\"author\" content=\"Reda\u00e7\u00e3o S\u00e3o Paulo\" \/>\n<meta name=\"twitter:card\" content=\"summary_large_image\" \/>\n<meta name=\"twitter:creator\" content=\"@pressenza_pt\" \/>\n<meta name=\"twitter:site\" content=\"@PressenzaIPA\" \/>\n<meta name=\"twitter:label1\" content=\"Escrito por\" \/>\n\t<meta name=\"twitter:data1\" content=\"Reda\u00e7\u00e3o S\u00e3o Paulo\" \/>\n\t<meta name=\"twitter:label2\" content=\"Tempo estimado de leitura\" \/>\n\t<meta name=\"twitter:data2\" content=\"3 minutos\" \/>\n<script type=\"application\/ld+json\" class=\"yoast-schema-graph\">{\"@context\":\"https:\/\/schema.org\",\"@graph\":[{\"@type\":\"Article\",\"@id\":\"https:\/\/www.pressenza.com\/pt-pt\/2019\/01\/evangelizacao-e-ferramenta-para-dominar-territorios-indigenas-desde-1500\/#article\",\"isPartOf\":{\"@id\":\"https:\/\/www.pressenza.com\/pt-pt\/2019\/01\/evangelizacao-e-ferramenta-para-dominar-territorios-indigenas-desde-1500\/\"},\"author\":{\"name\":\"Reda\u00e7\u00e3o S\u00e3o Paulo\",\"@id\":\"https:\/\/www.pressenza.com\/pt-pt\/#\/schema\/person\/d171826afb7693cfc394da95892bfd93\"},\"headline\":\"Evangeliza\u00e7\u00e3o \u00e9 ferramenta para dominar territ\u00f3rios ind\u00edgenas desde 1500\",\"datePublished\":\"2019-01-22T01:16:13+00:00\",\"mainEntityOfPage\":{\"@id\":\"https:\/\/www.pressenza.com\/pt-pt\/2019\/01\/evangelizacao-e-ferramenta-para-dominar-territorios-indigenas-desde-1500\/\"},\"wordCount\":659,\"publisher\":{\"@id\":\"https:\/\/www.pressenza.com\/pt-pt\/#organization\"},\"image\":{\"@id\":\"https:\/\/www.pressenza.com\/pt-pt\/2019\/01\/evangelizacao-e-ferramenta-para-dominar-territorios-indigenas-desde-1500\/#primaryimage\"},\"thumbnailUrl\":\"https:\/\/www.pressenza.com\/wp-content\/uploads\/2019\/01\/Perpera-Surui---Captura-de-video-Ex-paje--.jpg\",\"keywords\":[\"Brasil\",\"cultura\",\"evangeliza\u00e7\u00e3o\",\"Igrejas\",\"indigenas\",\"paj\u00e9\",\"povos originarios\",\"religiosidade\",\"territ\u00f3rios\"],\"articleSection\":[\"\u00c1m\u00e9rica do Sul\",\"Assuntos ind\u00edgenas\",\"Opini\u00e3o\"],\"inLanguage\":\"pt-PT\"},{\"@type\":\"WebPage\",\"@id\":\"https:\/\/www.pressenza.com\/pt-pt\/2019\/01\/evangelizacao-e-ferramenta-para-dominar-territorios-indigenas-desde-1500\/\",\"url\":\"https:\/\/www.pressenza.com\/pt-pt\/2019\/01\/evangelizacao-e-ferramenta-para-dominar-territorios-indigenas-desde-1500\/\",\"name\":\"Evangeliza\u00e7\u00e3o \u00e9 ferramenta para dominar territ\u00f3rios ind\u00edgenas desde 1500\",\"isPartOf\":{\"@id\":\"https:\/\/www.pressenza.com\/pt-pt\/#website\"},\"primaryImageOfPage\":{\"@id\":\"https:\/\/www.pressenza.com\/pt-pt\/2019\/01\/evangelizacao-e-ferramenta-para-dominar-territorios-indigenas-desde-1500\/#primaryimage\"},\"image\":{\"@id\":\"https:\/\/www.pressenza.com\/pt-pt\/2019\/01\/evangelizacao-e-ferramenta-para-dominar-territorios-indigenas-desde-1500\/#primaryimage\"},\"thumbnailUrl\":\"https:\/\/www.pressenza.com\/wp-content\/uploads\/2019\/01\/Perpera-Surui---Captura-de-video-Ex-paje--.jpg\",\"datePublished\":\"2019-01-22T01:16:13+00:00\",\"description\":\"Por Juca Guimar\u00e3es \/\u00a0Brasil de Fato Doutrina\u00e7\u00e3o de igrejas crist\u00e3s demoniza cultura e cren\u00e7a ancestral dos paj\u00e9s, dividindo aldeias e avan\u00e7ando sobre\",\"breadcrumb\":{\"@id\":\"https:\/\/www.pressenza.com\/pt-pt\/2019\/01\/evangelizacao-e-ferramenta-para-dominar-territorios-indigenas-desde-1500\/#breadcrumb\"},\"inLanguage\":\"pt-PT\",\"potentialAction\":[{\"@type\":\"ReadAction\",\"target\":[\"https:\/\/www.pressenza.com\/pt-pt\/2019\/01\/evangelizacao-e-ferramenta-para-dominar-territorios-indigenas-desde-1500\/\"]}]},{\"@type\":\"ImageObject\",\"inLanguage\":\"pt-PT\",\"@id\":\"https:\/\/www.pressenza.com\/pt-pt\/2019\/01\/evangelizacao-e-ferramenta-para-dominar-territorios-indigenas-desde-1500\/#primaryimage\",\"url\":\"https:\/\/www.pressenza.com\/wp-content\/uploads\/2019\/01\/Perpera-Surui---Captura-de-video-Ex-paje--.jpg\",\"contentUrl\":\"https:\/\/www.pressenza.com\/wp-content\/uploads\/2019\/01\/Perpera-Surui---Captura-de-video-Ex-paje--.jpg\",\"width\":1024,\"height\":432},{\"@type\":\"BreadcrumbList\",\"@id\":\"https:\/\/www.pressenza.com\/pt-pt\/2019\/01\/evangelizacao-e-ferramenta-para-dominar-territorios-indigenas-desde-1500\/#breadcrumb\",\"itemListElement\":[{\"@type\":\"ListItem\",\"position\":1,\"name\":\"Accueil\",\"item\":\"https:\/\/www.pressenza.com\/pt-pt\/\"},{\"@type\":\"ListItem\",\"position\":2,\"name\":\"Evangeliza\u00e7\u00e3o \u00e9 ferramenta para dominar territ\u00f3rios ind\u00edgenas desde 1500\"}]},{\"@type\":\"WebSite\",\"@id\":\"https:\/\/www.pressenza.com\/pt-pt\/#website\",\"url\":\"https:\/\/www.pressenza.com\/pt-pt\/\",\"name\":\"Pressenza\",\"description\":\"International Press Agency\",\"publisher\":{\"@id\":\"https:\/\/www.pressenza.com\/pt-pt\/#organization\"},\"potentialAction\":[{\"@type\":\"SearchAction\",\"target\":{\"@type\":\"EntryPoint\",\"urlTemplate\":\"https:\/\/www.pressenza.com\/pt-pt\/?s={search_term_string}\"},\"query-input\":{\"@type\":\"PropertyValueSpecification\",\"valueRequired\":true,\"valueName\":\"search_term_string\"}}],\"inLanguage\":\"pt-PT\"},{\"@type\":\"Organization\",\"@id\":\"https:\/\/www.pressenza.com\/pt-pt\/#organization\",\"name\":\"Pressenza\",\"url\":\"https:\/\/www.pressenza.com\/pt-pt\/\",\"logo\":{\"@type\":\"ImageObject\",\"inLanguage\":\"pt-PT\",\"@id\":\"https:\/\/www.pressenza.com\/pt-pt\/#\/schema\/logo\/image\/\",\"url\":\"https:\/\/www.pressenza.com\/wp-content\/uploads\/2022\/10\/pressenza_logo_200x200.jpg\",\"contentUrl\":\"https:\/\/www.pressenza.com\/wp-content\/uploads\/2022\/10\/pressenza_logo_200x200.jpg\",\"width\":200,\"height\":200,\"caption\":\"Pressenza\"},\"image\":{\"@id\":\"https:\/\/www.pressenza.com\/pt-pt\/#\/schema\/logo\/image\/\"},\"sameAs\":[\"https:\/\/www.facebook.com\/PressenzaItalia\",\"https:\/\/x.com\/PressenzaIPA\"]},{\"@type\":\"Person\",\"@id\":\"https:\/\/www.pressenza.com\/pt-pt\/#\/schema\/person\/d171826afb7693cfc394da95892bfd93\",\"name\":\"Reda\u00e7\u00e3o S\u00e3o Paulo\",\"description\":\"News from the Pressenza bureau in Sao Paulo, Brazil\",\"sameAs\":[\"https:\/\/www.facebook.com\/PressenzaPortugues\",\"https:\/\/x.com\/pressenza_pt\"],\"url\":\"https:\/\/www.pressenza.com\/pt-pt\/author\/redaccao-sao-paulo\/\"}]}<\/script>\n<!-- \/ Yoast SEO plugin. -->","yoast_head_json":{"title":"Evangeliza\u00e7\u00e3o \u00e9 ferramenta para dominar territ\u00f3rios ind\u00edgenas desde 1500","description":"Por Juca Guimar\u00e3es \/\u00a0Brasil de Fato Doutrina\u00e7\u00e3o de igrejas crist\u00e3s demoniza cultura e cren\u00e7a ancestral dos paj\u00e9s, dividindo aldeias e avan\u00e7ando sobre","robots":{"index":"index","follow":"follow","max-snippet":"max-snippet:-1","max-image-preview":"max-image-preview:large","max-video-preview":"max-video-preview:-1"},"canonical":"https:\/\/www.pressenza.com\/pt-pt\/2019\/01\/evangelizacao-e-ferramenta-para-dominar-territorios-indigenas-desde-1500\/","og_locale":"pt_PT","og_type":"article","og_title":"Evangeliza\u00e7\u00e3o \u00e9 ferramenta para dominar territ\u00f3rios ind\u00edgenas desde 1500","og_description":"Por Juca Guimar\u00e3es \/\u00a0Brasil de Fato Doutrina\u00e7\u00e3o de igrejas crist\u00e3s demoniza cultura e cren\u00e7a ancestral dos paj\u00e9s, dividindo aldeias e avan\u00e7ando sobre","og_url":"https:\/\/www.pressenza.com\/pt-pt\/2019\/01\/evangelizacao-e-ferramenta-para-dominar-territorios-indigenas-desde-1500\/","og_site_name":"Pressenza","article_publisher":"https:\/\/www.facebook.com\/PressenzaItalia","article_author":"https:\/\/www.facebook.com\/PressenzaPortugues","article_published_time":"2019-01-22T01:16:13+00:00","og_image":[{"width":1024,"height":432,"url":"https:\/\/www.pressenza.com\/wp-content\/uploads\/2019\/01\/Perpera-Surui---Captura-de-video-Ex-paje--.jpg","type":"image\/jpeg"}],"author":"Reda\u00e7\u00e3o S\u00e3o Paulo","twitter_card":"summary_large_image","twitter_creator":"@pressenza_pt","twitter_site":"@PressenzaIPA","twitter_misc":{"Escrito por":"Reda\u00e7\u00e3o S\u00e3o Paulo","Tempo estimado de leitura":"3 minutos"},"schema":{"@context":"https:\/\/schema.org","@graph":[{"@type":"Article","@id":"https:\/\/www.pressenza.com\/pt-pt\/2019\/01\/evangelizacao-e-ferramenta-para-dominar-territorios-indigenas-desde-1500\/#article","isPartOf":{"@id":"https:\/\/www.pressenza.com\/pt-pt\/2019\/01\/evangelizacao-e-ferramenta-para-dominar-territorios-indigenas-desde-1500\/"},"author":{"name":"Reda\u00e7\u00e3o S\u00e3o Paulo","@id":"https:\/\/www.pressenza.com\/pt-pt\/#\/schema\/person\/d171826afb7693cfc394da95892bfd93"},"headline":"Evangeliza\u00e7\u00e3o \u00e9 ferramenta para dominar territ\u00f3rios ind\u00edgenas desde 1500","datePublished":"2019-01-22T01:16:13+00:00","mainEntityOfPage":{"@id":"https:\/\/www.pressenza.com\/pt-pt\/2019\/01\/evangelizacao-e-ferramenta-para-dominar-territorios-indigenas-desde-1500\/"},"wordCount":659,"publisher":{"@id":"https:\/\/www.pressenza.com\/pt-pt\/#organization"},"image":{"@id":"https:\/\/www.pressenza.com\/pt-pt\/2019\/01\/evangelizacao-e-ferramenta-para-dominar-territorios-indigenas-desde-1500\/#primaryimage"},"thumbnailUrl":"https:\/\/www.pressenza.com\/wp-content\/uploads\/2019\/01\/Perpera-Surui---Captura-de-video-Ex-paje--.jpg","keywords":["Brasil","cultura","evangeliza\u00e7\u00e3o","Igrejas","indigenas","paj\u00e9","povos originarios","religiosidade","territ\u00f3rios"],"articleSection":["\u00c1m\u00e9rica do Sul","Assuntos ind\u00edgenas","Opini\u00e3o"],"inLanguage":"pt-PT"},{"@type":"WebPage","@id":"https:\/\/www.pressenza.com\/pt-pt\/2019\/01\/evangelizacao-e-ferramenta-para-dominar-territorios-indigenas-desde-1500\/","url":"https:\/\/www.pressenza.com\/pt-pt\/2019\/01\/evangelizacao-e-ferramenta-para-dominar-territorios-indigenas-desde-1500\/","name":"Evangeliza\u00e7\u00e3o \u00e9 ferramenta para dominar territ\u00f3rios ind\u00edgenas desde 1500","isPartOf":{"@id":"https:\/\/www.pressenza.com\/pt-pt\/#website"},"primaryImageOfPage":{"@id":"https:\/\/www.pressenza.com\/pt-pt\/2019\/01\/evangelizacao-e-ferramenta-para-dominar-territorios-indigenas-desde-1500\/#primaryimage"},"image":{"@id":"https:\/\/www.pressenza.com\/pt-pt\/2019\/01\/evangelizacao-e-ferramenta-para-dominar-territorios-indigenas-desde-1500\/#primaryimage"},"thumbnailUrl":"https:\/\/www.pressenza.com\/wp-content\/uploads\/2019\/01\/Perpera-Surui---Captura-de-video-Ex-paje--.jpg","datePublished":"2019-01-22T01:16:13+00:00","description":"Por Juca Guimar\u00e3es \/\u00a0Brasil de Fato Doutrina\u00e7\u00e3o de igrejas crist\u00e3s demoniza cultura e cren\u00e7a ancestral dos paj\u00e9s, dividindo aldeias e avan\u00e7ando sobre","breadcrumb":{"@id":"https:\/\/www.pressenza.com\/pt-pt\/2019\/01\/evangelizacao-e-ferramenta-para-dominar-territorios-indigenas-desde-1500\/#breadcrumb"},"inLanguage":"pt-PT","potentialAction":[{"@type":"ReadAction","target":["https:\/\/www.pressenza.com\/pt-pt\/2019\/01\/evangelizacao-e-ferramenta-para-dominar-territorios-indigenas-desde-1500\/"]}]},{"@type":"ImageObject","inLanguage":"pt-PT","@id":"https:\/\/www.pressenza.com\/pt-pt\/2019\/01\/evangelizacao-e-ferramenta-para-dominar-territorios-indigenas-desde-1500\/#primaryimage","url":"https:\/\/www.pressenza.com\/wp-content\/uploads\/2019\/01\/Perpera-Surui---Captura-de-video-Ex-paje--.jpg","contentUrl":"https:\/\/www.pressenza.com\/wp-content\/uploads\/2019\/01\/Perpera-Surui---Captura-de-video-Ex-paje--.jpg","width":1024,"height":432},{"@type":"BreadcrumbList","@id":"https:\/\/www.pressenza.com\/pt-pt\/2019\/01\/evangelizacao-e-ferramenta-para-dominar-territorios-indigenas-desde-1500\/#breadcrumb","itemListElement":[{"@type":"ListItem","position":1,"name":"Accueil","item":"https:\/\/www.pressenza.com\/pt-pt\/"},{"@type":"ListItem","position":2,"name":"Evangeliza\u00e7\u00e3o \u00e9 ferramenta para dominar territ\u00f3rios ind\u00edgenas desde 1500"}]},{"@type":"WebSite","@id":"https:\/\/www.pressenza.com\/pt-pt\/#website","url":"https:\/\/www.pressenza.com\/pt-pt\/","name":"Pressenza","description":"International Press Agency","publisher":{"@id":"https:\/\/www.pressenza.com\/pt-pt\/#organization"},"potentialAction":[{"@type":"SearchAction","target":{"@type":"EntryPoint","urlTemplate":"https:\/\/www.pressenza.com\/pt-pt\/?s={search_term_string}"},"query-input":{"@type":"PropertyValueSpecification","valueRequired":true,"valueName":"search_term_string"}}],"inLanguage":"pt-PT"},{"@type":"Organization","@id":"https:\/\/www.pressenza.com\/pt-pt\/#organization","name":"Pressenza","url":"https:\/\/www.pressenza.com\/pt-pt\/","logo":{"@type":"ImageObject","inLanguage":"pt-PT","@id":"https:\/\/www.pressenza.com\/pt-pt\/#\/schema\/logo\/image\/","url":"https:\/\/www.pressenza.com\/wp-content\/uploads\/2022\/10\/pressenza_logo_200x200.jpg","contentUrl":"https:\/\/www.pressenza.com\/wp-content\/uploads\/2022\/10\/pressenza_logo_200x200.jpg","width":200,"height":200,"caption":"Pressenza"},"image":{"@id":"https:\/\/www.pressenza.com\/pt-pt\/#\/schema\/logo\/image\/"},"sameAs":["https:\/\/www.facebook.com\/PressenzaItalia","https:\/\/x.com\/PressenzaIPA"]},{"@type":"Person","@id":"https:\/\/www.pressenza.com\/pt-pt\/#\/schema\/person\/d171826afb7693cfc394da95892bfd93","name":"Reda\u00e7\u00e3o S\u00e3o Paulo","description":"News from the Pressenza bureau in Sao Paulo, Brazil","sameAs":["https:\/\/www.facebook.com\/PressenzaPortugues","https:\/\/x.com\/pressenza_pt"],"url":"https:\/\/www.pressenza.com\/pt-pt\/author\/redaccao-sao-paulo\/"}]}},"place":"S\u00e3o Paulo, Brasil","original_article_url":"https:\/\/www.brasildefato.com.br\/2019\/01\/21\/intolerancia-religiosa-e-estrategia-para-dominar-territorios-indigenas\/","_links":{"self":[{"href":"https:\/\/www.pressenza.com\/pt-pt\/wp-json\/wp\/v2\/posts\/793270","targetHints":{"allow":["GET"]}}],"collection":[{"href":"https:\/\/www.pressenza.com\/pt-pt\/wp-json\/wp\/v2\/posts"}],"about":[{"href":"https:\/\/www.pressenza.com\/pt-pt\/wp-json\/wp\/v2\/types\/post"}],"author":[{"embeddable":true,"href":"https:\/\/www.pressenza.com\/pt-pt\/wp-json\/wp\/v2\/users\/44"}],"replies":[{"embeddable":true,"href":"https:\/\/www.pressenza.com\/pt-pt\/wp-json\/wp\/v2\/comments?post=793270"}],"version-history":[{"count":0,"href":"https:\/\/www.pressenza.com\/pt-pt\/wp-json\/wp\/v2\/posts\/793270\/revisions"}],"wp:featuredmedia":[{"embeddable":true,"href":"https:\/\/www.pressenza.com\/pt-pt\/wp-json\/wp\/v2\/media\/793271"}],"wp:attachment":[{"href":"https:\/\/www.pressenza.com\/pt-pt\/wp-json\/wp\/v2\/media?parent=793270"}],"wp:term":[{"taxonomy":"category","embeddable":true,"href":"https:\/\/www.pressenza.com\/pt-pt\/wp-json\/wp\/v2\/categories?post=793270"},{"taxonomy":"post_tag","embeddable":true,"href":"https:\/\/www.pressenza.com\/pt-pt\/wp-json\/wp\/v2\/tags?post=793270"}],"curies":[{"name":"wp","href":"https:\/\/api.w.org\/{rel}","templated":true}]}}