{"id":79302,"date":"2013-12-03T00:53:38","date_gmt":"2013-12-03T00:53:38","guid":{"rendered":"http:\/\/www.pressenza.com\/?p=79302"},"modified":"2013-12-03T00:54:37","modified_gmt":"2013-12-03T00:54:37","slug":"lobby-contra-marco-civil-da-internet-brasil-continua-travando-pauta-da-camara","status":"publish","type":"post","link":"https:\/\/www.pressenza.com\/pt-pt\/2013\/12\/lobby-contra-marco-civil-da-internet-brasil-continua-travando-pauta-da-camara\/","title":{"rendered":"Lobby contra Marco Civil da Internet no Brasil continua travando pauta da C\u00e2mara"},"content":{"rendered":"<p>Ap\u00f3s tr\u00eas semanas na fila de vota\u00e7\u00e3o, projeto, priorit\u00e1rio para Dilma, est\u00e1 longe de consenso, e h\u00e1 quem fale em deixar para 2014. L\u00edder do PMDB insiste em pacotes com diferentes direitos de conex\u00e3o<\/p>\n<p>Bras\u00edlia \u2013 Ainda abalados com a morte do governador sergipano Marcelo D\u00e9da (PT), os deputados iniciam a semana legislativa com uma miss\u00e3o espinhosa pela frente: conseguir, ao menos, construir um acordo para que seja votado o Projeto de Lei (PL) 2.126, de 2011, referente \u00e0 regulamenta\u00e7\u00e3o do Marco Civil da Internet at\u00e9 o final do m\u00eas. A mat\u00e9ria est\u00e1 trancando a pauta do plen\u00e1rio da Casa, \u00e9 tida como priorit\u00e1ria pelo governo e constitui uma das mais pol\u00eamicas em discuss\u00e3o no Congresso nos \u00faltimos tempos. Mas possui mais de 250 emendas aglutinativas para alterar o teor do texto atual e, diante desse impasse, muitos parlamentares j\u00e1 acham que corre o risco de ficar para 2014.<\/p>\n<p>\u201cSem acordo, n\u00e3o teremos como votar a mat\u00e9ria este ano. A situa\u00e7\u00e3o n\u00e3o \u00e9 f\u00e1cil, mas \u00e9 a realidade\u201d, disse o l\u00edder do governo, deputado Arlindo Chinaglia (PT-SP). Chinaglia, o l\u00edder do PT na C\u00e2mara, Jos\u00e9 Guimar\u00e3es (CE), e o relator do PL, deputado Alessandro Molon (PT-RJ), passaram os \u00faltimos dias em reuni\u00f5es com l\u00edderes partid\u00e1rios para conseguir negociar alguns pontos de conflito entre as bancadas, mas contam com uma interfer\u00eancia contr\u00e1ria forte e articulada: o l\u00edder do PMDB, Eduardo Cunha (RJ), que trabalha para que o projeto n\u00e3o seja aprovado ou que tenha o seu teor modificado.<\/p>\n<p>Por conta disso, ainda n\u00e3o se falou, ao menos hoje (2), sobre qualquer acordo fechado em definitivo. Certeza, mesmo, os parlamentares s\u00f3 t\u00eam do lobby que vem sendo feito pelas empresas de telecomunica\u00e7\u00f5es para que os itens considerados prejudiciais pelo segmento sejam retirados do texto. O relator do projeto tentou negociar v\u00e1rios deles, mas considerou que a privacidade dos usu\u00e1rios, a garantia da liberdade de express\u00e3o e a neutralidade da rede n\u00e3o devem ser alterados no escopo da mat\u00e9ria \u2013 quest\u00f5es, justamente, mais discutidas entre os parlamentares.<br \/>\nSem diferencia\u00e7\u00e3o<\/p>\n<p>Em rela\u00e7\u00e3o \u00e0 neutralidade da rede, o texto impedir\u00e1 qualquer forma de tratamento diferenciado para usu\u00e1rios por provedores de conex\u00e3o e conte\u00fado. Desse modo, passar\u00e1 a ser proibido, por exemplo, que pacotes de internet possam ser vendidos com apenas um ou outro servi\u00e7o, como acesso a redes sociais ou a e-mails. E no tocante \u00e0 cria\u00e7\u00e3o de locais para fixa\u00e7\u00e3o de data centers que possam permitir o armazenamento de dados no Brasil, as operadoras alegam que isso acarretar\u00e1 em investimentos altos por parte de tais empresas.<\/p>\n<p>\u201cOs custos da internet v\u00e3o aumentar sem a possibilidade de pacotes diferenciados. Isso s\u00f3 \u00e9 ruim para o consumidor. O governo ficou de tentar um acordo, mas n\u00e3o discutiu estes pontos, que s\u00e3o os mais importantes para n\u00f3s. Agora n\u00e3o d\u00e1 para querer que votemos o texto do jeito que est\u00e1\u201d, enfatizou o l\u00edder peemedebista. O principal argumento dele \u00e9 que, da forma como se encontra o PL, os valores pagos hoje pelos cidad\u00e3os pela internet aumentar\u00e3o, o que tende a desestimular os investimentos feitos pelas empresas no setor.<\/p>\n<p>\u201cDizer que todos ter\u00e3o o mesmo direito \u00e9 um discurso falacioso, \u00e9 o mesmo que dizermos que todos v\u00e3o ter energia el\u00e9trica igual, mesmo que usem cinco aparelhos de ar condicionado ou uma l\u00e2mpada. Sabemos que n\u00e3o apenas o valor pago por quem usa uma l\u00e2mpada, neste caso, ser\u00e1 injusto, como tamb\u00e9m a pessoa se sentir\u00e1 estimulada a usar ar condicionado\u201d, frisou Cunha.<\/p>\n<p>Para deputados favor\u00e1veis \u00e0 vota\u00e7\u00e3o, a aprecia\u00e7\u00e3o da proposta garantir\u00e1 liberdade de express\u00e3o na internet, como deixou claro Ivan Valente, l\u00edder do Psol (SP). \u201cEu e meu partido vamos apoiar o PL em car\u00e1ter integral. A mat\u00e9ria propiciar\u00e1 privacidade aos usu\u00e1rios, neutralidade por parte da internet e n\u00e3o podemos esquecer que foi elaborado com a participa\u00e7\u00e3o da sociedade civil, o que \u00e9 muito importante para o pa\u00eds\u201d, destacou.<\/p>\n<p>Na \u00faltima semana, as especula\u00e7\u00f5es no Congresso davam conta de que a divis\u00e3o acontece entre dois blocos partid\u00e1rios. De um lado est\u00e3o PMDB, PTB, PP, PDT, PROS e PSC, que defendem mais conversas para altera\u00e7\u00f5es e negocia\u00e7\u00f5es que levem a um texto de consenso nas pr\u00f3ximas semanas. De outro, o que se fala \u00e9 que PT, PR, PC do B e PRB, embora seus parlamentares n\u00e3o digam oficialmente, prefeririam deixar a discuss\u00e3o para o pr\u00f3ximo ano, de modo a arrefecer os \u00e2nimos em torno do assunto.<\/p>\n<p>por Hylda Cavalcanti, da RBA <\/p>\n","protected":false},"excerpt":{"rendered":"<p>Ap\u00f3s tr\u00eas semanas na fila de vota\u00e7\u00e3o, projeto, priorit\u00e1rio para Dilma, est\u00e1 longe de consenso, e h\u00e1 quem fale em deixar para 2014. L\u00edder do PMDB insiste em pacotes com diferentes direitos de conex\u00e3o Bras\u00edlia \u2013 Ainda abalados com a&hellip;<\/p>\n","protected":false},"author":44,"featured_media":79304,"comment_status":"closed","ping_status":"open","sticky":false,"template":"","format":"standard","meta":{"footnotes":""},"categories":[104,499,111],"tags":[2744,6040],"class_list":["post-79302","post","type-post","status-publish","format-standard","has-post-thumbnail","hentry","category-america-do-sul","category-ciencia-tecnologia-pt","category-politica-pt-pt","tag-brasil","tag-marco-civil-internet"],"yoast_head":"<!-- This site is optimized with the Yoast SEO plugin v27.1.1 - https:\/\/yoast.com\/product\/yoast-seo-wordpress\/ -->\n<title>Lobby contra Marco Civil da Internet no Brasil continua travando pauta da C\u00e2mara<\/title>\n<meta name=\"description\" content=\"Ap\u00f3s tr\u00eas semanas na fila de vota\u00e7\u00e3o, projeto, priorit\u00e1rio para Dilma, est\u00e1 longe de consenso, e h\u00e1 quem fale em deixar para 2014. L\u00edder do PMDB insiste\" \/>\n<meta name=\"robots\" content=\"index, follow, max-snippet:-1, max-image-preview:large, max-video-preview:-1\" \/>\n<link rel=\"canonical\" href=\"https:\/\/www.pressenza.com\/pt-pt\/2013\/12\/lobby-contra-marco-civil-da-internet-brasil-continua-travando-pauta-da-camara\/\" \/>\n<meta property=\"og:locale\" content=\"pt_PT\" \/>\n<meta property=\"og:type\" content=\"article\" \/>\n<meta property=\"og:title\" content=\"Lobby contra Marco Civil da Internet no Brasil continua travando pauta da C\u00e2mara\" \/>\n<meta property=\"og:description\" content=\"Ap\u00f3s tr\u00eas semanas na fila de vota\u00e7\u00e3o, projeto, priorit\u00e1rio para Dilma, est\u00e1 longe de consenso, e h\u00e1 quem fale em deixar para 2014. L\u00edder do PMDB insiste\" \/>\n<meta property=\"og:url\" content=\"https:\/\/www.pressenza.com\/pt-pt\/2013\/12\/lobby-contra-marco-civil-da-internet-brasil-continua-travando-pauta-da-camara\/\" \/>\n<meta property=\"og:site_name\" content=\"Pressenza\" \/>\n<meta property=\"article:publisher\" content=\"https:\/\/www.facebook.com\/PressenzaItalia\" \/>\n<meta property=\"article:author\" content=\"https:\/\/www.facebook.com\/PressenzaPortugues\" \/>\n<meta property=\"article:published_time\" content=\"2013-12-03T00:53:38+00:00\" \/>\n<meta property=\"article:modified_time\" content=\"2013-12-03T00:54:37+00:00\" \/>\n<meta property=\"og:image\" content=\"https:\/\/www.pressenza.com\/wp-content\/uploads\/2013\/12\/votacao-marco-civil-internet-brasil.jpg\" \/>\n\t<meta property=\"og:image:width\" content=\"360\" \/>\n\t<meta property=\"og:image:height\" content=\"226\" \/>\n\t<meta property=\"og:image:type\" content=\"image\/jpeg\" \/>\n<meta name=\"author\" content=\"Reda\u00e7\u00e3o S\u00e3o Paulo\" \/>\n<meta name=\"twitter:card\" content=\"summary_large_image\" \/>\n<meta name=\"twitter:creator\" content=\"@pressenza_pt\" \/>\n<meta name=\"twitter:site\" content=\"@PressenzaIPA\" \/>\n<meta name=\"twitter:label1\" content=\"Escrito por\" \/>\n\t<meta name=\"twitter:data1\" content=\"Reda\u00e7\u00e3o S\u00e3o Paulo\" \/>\n\t<meta name=\"twitter:label2\" content=\"Tempo estimado de leitura\" \/>\n\t<meta name=\"twitter:data2\" content=\"4 minutos\" \/>\n<script type=\"application\/ld+json\" class=\"yoast-schema-graph\">{\"@context\":\"https:\/\/schema.org\",\"@graph\":[{\"@type\":\"Article\",\"@id\":\"https:\/\/www.pressenza.com\/pt-pt\/2013\/12\/lobby-contra-marco-civil-da-internet-brasil-continua-travando-pauta-da-camara\/#article\",\"isPartOf\":{\"@id\":\"https:\/\/www.pressenza.com\/pt-pt\/2013\/12\/lobby-contra-marco-civil-da-internet-brasil-continua-travando-pauta-da-camara\/\"},\"author\":{\"name\":\"Reda\u00e7\u00e3o S\u00e3o Paulo\",\"@id\":\"https:\/\/www.pressenza.com\/pt-pt\/#\/schema\/person\/d171826afb7693cfc394da95892bfd93\"},\"headline\":\"Lobby contra Marco Civil da Internet no Brasil continua travando pauta da C\u00e2mara\",\"datePublished\":\"2013-12-03T00:53:38+00:00\",\"dateModified\":\"2013-12-03T00:54:37+00:00\",\"mainEntityOfPage\":{\"@id\":\"https:\/\/www.pressenza.com\/pt-pt\/2013\/12\/lobby-contra-marco-civil-da-internet-brasil-continua-travando-pauta-da-camara\/\"},\"wordCount\":811,\"publisher\":{\"@id\":\"https:\/\/www.pressenza.com\/pt-pt\/#organization\"},\"image\":{\"@id\":\"https:\/\/www.pressenza.com\/pt-pt\/2013\/12\/lobby-contra-marco-civil-da-internet-brasil-continua-travando-pauta-da-camara\/#primaryimage\"},\"thumbnailUrl\":\"https:\/\/www.pressenza.com\/wp-content\/uploads\/2013\/12\/votacao-marco-civil-internet-brasil.jpg\",\"keywords\":[\"Brasil\",\"marco civil internet\"],\"articleSection\":[\"\u00c1m\u00e9rica do Sul\",\"Ci\u00eancia e Tecnologia\",\"Pol\u00edtica\"],\"inLanguage\":\"pt-PT\"},{\"@type\":\"WebPage\",\"@id\":\"https:\/\/www.pressenza.com\/pt-pt\/2013\/12\/lobby-contra-marco-civil-da-internet-brasil-continua-travando-pauta-da-camara\/\",\"url\":\"https:\/\/www.pressenza.com\/pt-pt\/2013\/12\/lobby-contra-marco-civil-da-internet-brasil-continua-travando-pauta-da-camara\/\",\"name\":\"Lobby contra Marco Civil da Internet no Brasil continua travando pauta da C\u00e2mara\",\"isPartOf\":{\"@id\":\"https:\/\/www.pressenza.com\/pt-pt\/#website\"},\"primaryImageOfPage\":{\"@id\":\"https:\/\/www.pressenza.com\/pt-pt\/2013\/12\/lobby-contra-marco-civil-da-internet-brasil-continua-travando-pauta-da-camara\/#primaryimage\"},\"image\":{\"@id\":\"https:\/\/www.pressenza.com\/pt-pt\/2013\/12\/lobby-contra-marco-civil-da-internet-brasil-continua-travando-pauta-da-camara\/#primaryimage\"},\"thumbnailUrl\":\"https:\/\/www.pressenza.com\/wp-content\/uploads\/2013\/12\/votacao-marco-civil-internet-brasil.jpg\",\"datePublished\":\"2013-12-03T00:53:38+00:00\",\"dateModified\":\"2013-12-03T00:54:37+00:00\",\"description\":\"Ap\u00f3s tr\u00eas semanas na fila de vota\u00e7\u00e3o, projeto, priorit\u00e1rio para Dilma, est\u00e1 longe de consenso, e h\u00e1 quem fale em deixar para 2014. L\u00edder do PMDB insiste\",\"breadcrumb\":{\"@id\":\"https:\/\/www.pressenza.com\/pt-pt\/2013\/12\/lobby-contra-marco-civil-da-internet-brasil-continua-travando-pauta-da-camara\/#breadcrumb\"},\"inLanguage\":\"pt-PT\",\"potentialAction\":[{\"@type\":\"ReadAction\",\"target\":[\"https:\/\/www.pressenza.com\/pt-pt\/2013\/12\/lobby-contra-marco-civil-da-internet-brasil-continua-travando-pauta-da-camara\/\"]}]},{\"@type\":\"ImageObject\",\"inLanguage\":\"pt-PT\",\"@id\":\"https:\/\/www.pressenza.com\/pt-pt\/2013\/12\/lobby-contra-marco-civil-da-internet-brasil-continua-travando-pauta-da-camara\/#primaryimage\",\"url\":\"https:\/\/www.pressenza.com\/wp-content\/uploads\/2013\/12\/votacao-marco-civil-internet-brasil.jpg\",\"contentUrl\":\"https:\/\/www.pressenza.com\/wp-content\/uploads\/2013\/12\/votacao-marco-civil-internet-brasil.jpg\",\"width\":360,\"height\":226},{\"@type\":\"BreadcrumbList\",\"@id\":\"https:\/\/www.pressenza.com\/pt-pt\/2013\/12\/lobby-contra-marco-civil-da-internet-brasil-continua-travando-pauta-da-camara\/#breadcrumb\",\"itemListElement\":[{\"@type\":\"ListItem\",\"position\":1,\"name\":\"Accueil\",\"item\":\"https:\/\/www.pressenza.com\/pt-pt\/\"},{\"@type\":\"ListItem\",\"position\":2,\"name\":\"Lobby contra Marco Civil da Internet no Brasil continua travando pauta da C\u00e2mara\"}]},{\"@type\":\"WebSite\",\"@id\":\"https:\/\/www.pressenza.com\/pt-pt\/#website\",\"url\":\"https:\/\/www.pressenza.com\/pt-pt\/\",\"name\":\"Pressenza\",\"description\":\"International Press Agency\",\"publisher\":{\"@id\":\"https:\/\/www.pressenza.com\/pt-pt\/#organization\"},\"potentialAction\":[{\"@type\":\"SearchAction\",\"target\":{\"@type\":\"EntryPoint\",\"urlTemplate\":\"https:\/\/www.pressenza.com\/pt-pt\/?s={search_term_string}\"},\"query-input\":{\"@type\":\"PropertyValueSpecification\",\"valueRequired\":true,\"valueName\":\"search_term_string\"}}],\"inLanguage\":\"pt-PT\"},{\"@type\":\"Organization\",\"@id\":\"https:\/\/www.pressenza.com\/pt-pt\/#organization\",\"name\":\"Pressenza\",\"url\":\"https:\/\/www.pressenza.com\/pt-pt\/\",\"logo\":{\"@type\":\"ImageObject\",\"inLanguage\":\"pt-PT\",\"@id\":\"https:\/\/www.pressenza.com\/pt-pt\/#\/schema\/logo\/image\/\",\"url\":\"https:\/\/www.pressenza.com\/wp-content\/uploads\/2022\/10\/pressenza_logo_200x200.jpg\",\"contentUrl\":\"https:\/\/www.pressenza.com\/wp-content\/uploads\/2022\/10\/pressenza_logo_200x200.jpg\",\"width\":200,\"height\":200,\"caption\":\"Pressenza\"},\"image\":{\"@id\":\"https:\/\/www.pressenza.com\/pt-pt\/#\/schema\/logo\/image\/\"},\"sameAs\":[\"https:\/\/www.facebook.com\/PressenzaItalia\",\"https:\/\/x.com\/PressenzaIPA\"]},{\"@type\":\"Person\",\"@id\":\"https:\/\/www.pressenza.com\/pt-pt\/#\/schema\/person\/d171826afb7693cfc394da95892bfd93\",\"name\":\"Reda\u00e7\u00e3o S\u00e3o Paulo\",\"description\":\"News from the Pressenza bureau in Sao Paulo, Brazil\",\"sameAs\":[\"https:\/\/www.facebook.com\/PressenzaPortugues\",\"https:\/\/x.com\/pressenza_pt\"],\"url\":\"https:\/\/www.pressenza.com\/pt-pt\/author\/redaccao-sao-paulo\/\"}]}<\/script>\n<!-- \/ Yoast SEO plugin. -->","yoast_head_json":{"title":"Lobby contra Marco Civil da Internet no Brasil continua travando pauta da C\u00e2mara","description":"Ap\u00f3s tr\u00eas semanas na fila de vota\u00e7\u00e3o, projeto, priorit\u00e1rio para Dilma, est\u00e1 longe de consenso, e h\u00e1 quem fale em deixar para 2014. L\u00edder do PMDB insiste","robots":{"index":"index","follow":"follow","max-snippet":"max-snippet:-1","max-image-preview":"max-image-preview:large","max-video-preview":"max-video-preview:-1"},"canonical":"https:\/\/www.pressenza.com\/pt-pt\/2013\/12\/lobby-contra-marco-civil-da-internet-brasil-continua-travando-pauta-da-camara\/","og_locale":"pt_PT","og_type":"article","og_title":"Lobby contra Marco Civil da Internet no Brasil continua travando pauta da C\u00e2mara","og_description":"Ap\u00f3s tr\u00eas semanas na fila de vota\u00e7\u00e3o, projeto, priorit\u00e1rio para Dilma, est\u00e1 longe de consenso, e h\u00e1 quem fale em deixar para 2014. L\u00edder do PMDB insiste","og_url":"https:\/\/www.pressenza.com\/pt-pt\/2013\/12\/lobby-contra-marco-civil-da-internet-brasil-continua-travando-pauta-da-camara\/","og_site_name":"Pressenza","article_publisher":"https:\/\/www.facebook.com\/PressenzaItalia","article_author":"https:\/\/www.facebook.com\/PressenzaPortugues","article_published_time":"2013-12-03T00:53:38+00:00","article_modified_time":"2013-12-03T00:54:37+00:00","og_image":[{"width":360,"height":226,"url":"https:\/\/www.pressenza.com\/wp-content\/uploads\/2013\/12\/votacao-marco-civil-internet-brasil.jpg","type":"image\/jpeg"}],"author":"Reda\u00e7\u00e3o S\u00e3o Paulo","twitter_card":"summary_large_image","twitter_creator":"@pressenza_pt","twitter_site":"@PressenzaIPA","twitter_misc":{"Escrito por":"Reda\u00e7\u00e3o S\u00e3o Paulo","Tempo estimado de leitura":"4 minutos"},"schema":{"@context":"https:\/\/schema.org","@graph":[{"@type":"Article","@id":"https:\/\/www.pressenza.com\/pt-pt\/2013\/12\/lobby-contra-marco-civil-da-internet-brasil-continua-travando-pauta-da-camara\/#article","isPartOf":{"@id":"https:\/\/www.pressenza.com\/pt-pt\/2013\/12\/lobby-contra-marco-civil-da-internet-brasil-continua-travando-pauta-da-camara\/"},"author":{"name":"Reda\u00e7\u00e3o S\u00e3o Paulo","@id":"https:\/\/www.pressenza.com\/pt-pt\/#\/schema\/person\/d171826afb7693cfc394da95892bfd93"},"headline":"Lobby contra Marco Civil da Internet no Brasil continua travando pauta da C\u00e2mara","datePublished":"2013-12-03T00:53:38+00:00","dateModified":"2013-12-03T00:54:37+00:00","mainEntityOfPage":{"@id":"https:\/\/www.pressenza.com\/pt-pt\/2013\/12\/lobby-contra-marco-civil-da-internet-brasil-continua-travando-pauta-da-camara\/"},"wordCount":811,"publisher":{"@id":"https:\/\/www.pressenza.com\/pt-pt\/#organization"},"image":{"@id":"https:\/\/www.pressenza.com\/pt-pt\/2013\/12\/lobby-contra-marco-civil-da-internet-brasil-continua-travando-pauta-da-camara\/#primaryimage"},"thumbnailUrl":"https:\/\/www.pressenza.com\/wp-content\/uploads\/2013\/12\/votacao-marco-civil-internet-brasil.jpg","keywords":["Brasil","marco civil internet"],"articleSection":["\u00c1m\u00e9rica do Sul","Ci\u00eancia e Tecnologia","Pol\u00edtica"],"inLanguage":"pt-PT"},{"@type":"WebPage","@id":"https:\/\/www.pressenza.com\/pt-pt\/2013\/12\/lobby-contra-marco-civil-da-internet-brasil-continua-travando-pauta-da-camara\/","url":"https:\/\/www.pressenza.com\/pt-pt\/2013\/12\/lobby-contra-marco-civil-da-internet-brasil-continua-travando-pauta-da-camara\/","name":"Lobby contra Marco Civil da Internet no Brasil continua travando pauta da C\u00e2mara","isPartOf":{"@id":"https:\/\/www.pressenza.com\/pt-pt\/#website"},"primaryImageOfPage":{"@id":"https:\/\/www.pressenza.com\/pt-pt\/2013\/12\/lobby-contra-marco-civil-da-internet-brasil-continua-travando-pauta-da-camara\/#primaryimage"},"image":{"@id":"https:\/\/www.pressenza.com\/pt-pt\/2013\/12\/lobby-contra-marco-civil-da-internet-brasil-continua-travando-pauta-da-camara\/#primaryimage"},"thumbnailUrl":"https:\/\/www.pressenza.com\/wp-content\/uploads\/2013\/12\/votacao-marco-civil-internet-brasil.jpg","datePublished":"2013-12-03T00:53:38+00:00","dateModified":"2013-12-03T00:54:37+00:00","description":"Ap\u00f3s tr\u00eas semanas na fila de vota\u00e7\u00e3o, projeto, priorit\u00e1rio para Dilma, est\u00e1 longe de consenso, e h\u00e1 quem fale em deixar para 2014. L\u00edder do PMDB insiste","breadcrumb":{"@id":"https:\/\/www.pressenza.com\/pt-pt\/2013\/12\/lobby-contra-marco-civil-da-internet-brasil-continua-travando-pauta-da-camara\/#breadcrumb"},"inLanguage":"pt-PT","potentialAction":[{"@type":"ReadAction","target":["https:\/\/www.pressenza.com\/pt-pt\/2013\/12\/lobby-contra-marco-civil-da-internet-brasil-continua-travando-pauta-da-camara\/"]}]},{"@type":"ImageObject","inLanguage":"pt-PT","@id":"https:\/\/www.pressenza.com\/pt-pt\/2013\/12\/lobby-contra-marco-civil-da-internet-brasil-continua-travando-pauta-da-camara\/#primaryimage","url":"https:\/\/www.pressenza.com\/wp-content\/uploads\/2013\/12\/votacao-marco-civil-internet-brasil.jpg","contentUrl":"https:\/\/www.pressenza.com\/wp-content\/uploads\/2013\/12\/votacao-marco-civil-internet-brasil.jpg","width":360,"height":226},{"@type":"BreadcrumbList","@id":"https:\/\/www.pressenza.com\/pt-pt\/2013\/12\/lobby-contra-marco-civil-da-internet-brasil-continua-travando-pauta-da-camara\/#breadcrumb","itemListElement":[{"@type":"ListItem","position":1,"name":"Accueil","item":"https:\/\/www.pressenza.com\/pt-pt\/"},{"@type":"ListItem","position":2,"name":"Lobby contra Marco Civil da Internet no Brasil continua travando pauta da C\u00e2mara"}]},{"@type":"WebSite","@id":"https:\/\/www.pressenza.com\/pt-pt\/#website","url":"https:\/\/www.pressenza.com\/pt-pt\/","name":"Pressenza","description":"International Press Agency","publisher":{"@id":"https:\/\/www.pressenza.com\/pt-pt\/#organization"},"potentialAction":[{"@type":"SearchAction","target":{"@type":"EntryPoint","urlTemplate":"https:\/\/www.pressenza.com\/pt-pt\/?s={search_term_string}"},"query-input":{"@type":"PropertyValueSpecification","valueRequired":true,"valueName":"search_term_string"}}],"inLanguage":"pt-PT"},{"@type":"Organization","@id":"https:\/\/www.pressenza.com\/pt-pt\/#organization","name":"Pressenza","url":"https:\/\/www.pressenza.com\/pt-pt\/","logo":{"@type":"ImageObject","inLanguage":"pt-PT","@id":"https:\/\/www.pressenza.com\/pt-pt\/#\/schema\/logo\/image\/","url":"https:\/\/www.pressenza.com\/wp-content\/uploads\/2022\/10\/pressenza_logo_200x200.jpg","contentUrl":"https:\/\/www.pressenza.com\/wp-content\/uploads\/2022\/10\/pressenza_logo_200x200.jpg","width":200,"height":200,"caption":"Pressenza"},"image":{"@id":"https:\/\/www.pressenza.com\/pt-pt\/#\/schema\/logo\/image\/"},"sameAs":["https:\/\/www.facebook.com\/PressenzaItalia","https:\/\/x.com\/PressenzaIPA"]},{"@type":"Person","@id":"https:\/\/www.pressenza.com\/pt-pt\/#\/schema\/person\/d171826afb7693cfc394da95892bfd93","name":"Reda\u00e7\u00e3o S\u00e3o Paulo","description":"News from the Pressenza bureau in Sao Paulo, Brazil","sameAs":["https:\/\/www.facebook.com\/PressenzaPortugues","https:\/\/x.com\/pressenza_pt"],"url":"https:\/\/www.pressenza.com\/pt-pt\/author\/redaccao-sao-paulo\/"}]}},"place":"","original_article_url":"","_links":{"self":[{"href":"https:\/\/www.pressenza.com\/pt-pt\/wp-json\/wp\/v2\/posts\/79302","targetHints":{"allow":["GET"]}}],"collection":[{"href":"https:\/\/www.pressenza.com\/pt-pt\/wp-json\/wp\/v2\/posts"}],"about":[{"href":"https:\/\/www.pressenza.com\/pt-pt\/wp-json\/wp\/v2\/types\/post"}],"author":[{"embeddable":true,"href":"https:\/\/www.pressenza.com\/pt-pt\/wp-json\/wp\/v2\/users\/44"}],"replies":[{"embeddable":true,"href":"https:\/\/www.pressenza.com\/pt-pt\/wp-json\/wp\/v2\/comments?post=79302"}],"version-history":[{"count":0,"href":"https:\/\/www.pressenza.com\/pt-pt\/wp-json\/wp\/v2\/posts\/79302\/revisions"}],"wp:featuredmedia":[{"embeddable":true,"href":"https:\/\/www.pressenza.com\/pt-pt\/wp-json\/wp\/v2\/media\/79304"}],"wp:attachment":[{"href":"https:\/\/www.pressenza.com\/pt-pt\/wp-json\/wp\/v2\/media?parent=79302"}],"wp:term":[{"taxonomy":"category","embeddable":true,"href":"https:\/\/www.pressenza.com\/pt-pt\/wp-json\/wp\/v2\/categories?post=79302"},{"taxonomy":"post_tag","embeddable":true,"href":"https:\/\/www.pressenza.com\/pt-pt\/wp-json\/wp\/v2\/tags?post=79302"}],"curies":[{"name":"wp","href":"https:\/\/api.w.org\/{rel}","templated":true}]}}