{"id":789249,"date":"2019-01-15T22:12:21","date_gmt":"2019-01-15T22:12:21","guid":{"rendered":"https:\/\/www.pressenza.com\/?p=789249"},"modified":"2019-01-15T22:12:21","modified_gmt":"2019-01-15T22:12:21","slug":"religiao-x-ciencia-o-falso-dilema-continua","status":"publish","type":"post","link":"https:\/\/www.pressenza.com\/pt-pt\/2019\/01\/religiao-x-ciencia-o-falso-dilema-continua\/","title":{"rendered":"Religi\u00e3o x Ci\u00eancia: o falso dilema continua"},"content":{"rendered":"<p><em>Por<strong> Roberto Malvezzi (Gog\u00f3)<\/strong><\/em><\/p>\n<p>Cop\u00e9rnico era um c\u00f4nego cat\u00f3lico polon\u00eas, mas foi quem provou cientificamente que a Terra gira ao redor do Sol e n\u00e3o o Sol ao redor da Terra. \u00c9 o heliocentrismo, tese publicada em 1543. Foi abominado por Lutero e cat\u00f3licos, mas a verdade cient\u00edfica triunfou.<\/p>\n<p>Galileu Galilei, o primeiro a fazer uso sistem\u00e1tico do telesc\u00f3pio, comprovou Cop\u00e9rnico, mas teve que abjurar de sua afirma\u00e7\u00e3o cient\u00edfica para n\u00e3o ser condenado \u00e0 fogueira, assim como tinha acontecido com Giordano Bruno. Hoje os telesc\u00f3pios giram ao redor da Terra, descobrem novas gal\u00e1xias, novos planetas onde pode existir a vida, inclusive a inteligente.<\/p>\n<p>O pai da gen\u00e9tica moderna \u00e9 Mendel, um monge cat\u00f3lico que em 1847 decifrou o c\u00f3digo gen\u00e9tico pelas sementes de ervilha e toda heran\u00e7a gen\u00e9tica que passa de um ser vivo da mesma esp\u00e9cie para o outro.<\/p>\n<p>A teoria do Big Bang, do \u00e1tomo primordial, que deu origem ao universo que conhecemos e toda sua evolu\u00e7\u00e3o, \u00e9 de um padre belga chamado George Lema\u00eetre.<\/p>\n<p>Para a Igreja Cat\u00f3lica n\u00e3o h\u00e1 contradi\u00e7\u00e3o entre o ato criador ex nihilo \u2013 tirado do nada -, a teoria do Big Bang e a evolu\u00e7\u00e3o do Universo. Hoje os cientistas procuram pela \u201cPart\u00edcula-Deus\u201d, que deu origem a todo o universo condensado no \u00e1tomo primordial. Ainda n\u00e3o acharam a tal part\u00edcula e muito menos podem explicar como ela teria surgido. Por\u00e9m, a ci\u00eancia vai continuar investigando e as religi\u00f5es inteligentes ir\u00e3o reinterpretando o ato criador pelos olhos da ci\u00eancia.<\/p>\n<p>Ci\u00eancia e religi\u00e3o n\u00e3o precisam se atacar, como tantas vezes aconteceu na hist\u00f3ria. A ci\u00eancia investiga o universo que est\u00e1 diante de seus olhos, as religi\u00f5es n\u00e3o fundamentalistas buscam entender, at\u00e9 pelos olhos da ci\u00eancia, como Deus criou sua obra.<\/p>\n<p>Enquanto a China coloca uma sonda na face oculta da Lua, enquanto a NASA coloca outra sonda nos \u00faltimos objetos do sistema solar, o Brasil coloca em d\u00favida se o Sol \u00e9 mesmo o centro do sistema solar, se a Terra \u00e9 plana e se a teoria da evolu\u00e7\u00e3o deve ser debatida nas escolas. Portanto, voltamos \u00e0 Idade M\u00e9dia, ao pensamento anterior a Cop\u00e9rnico e \u00e0 racionalidade de Descartes.<\/p>\n<p>Agora que o pensamento de um astr\u00f3logo, que n\u00e3o \u00e9 fil\u00f3sofo e nem astr\u00f4nomo, orienta o pensamento do atual governo brasileiro, \u00e9 preciso que as mentes l\u00facidas, inclusive as ateias, se manifestem contra toda forma de obscurantismo. N\u00e3o \u00e9 s\u00f3 quest\u00e3o de nos expor ao rid\u00edculo, \u00e9 quest\u00e3o de preservar o pr\u00f3prio pensamento cient\u00edfico diante do fundamentalismo religioso.<\/p>\n<p>Por\u00e9m, a vit\u00f3ria hist\u00f3rica n\u00f3s j\u00e1 sabemos de quem ser\u00e1.<\/p>\n","protected":false},"excerpt":{"rendered":"<p>Por Roberto Malvezzi (Gog\u00f3) Cop\u00e9rnico era um c\u00f4nego cat\u00f3lico polon\u00eas, mas foi quem provou cientificamente que a Terra gira ao redor do Sol e n\u00e3o o Sol ao redor da Terra. \u00c9 o heliocentrismo, tese publicada em 1543. Foi abominado&hellip;<\/p>\n","protected":false},"author":44,"featured_media":789250,"comment_status":"closed","ping_status":"closed","sticky":false,"template":"","format":"standard","meta":{"footnotes":""},"categories":[104,499,1254,165],"tags":[2744,598,15339,34300],"class_list":["post-789249","post","type-post","status-publish","format-standard","has-post-thumbnail","hentry","category-america-do-sul","category-ciencia-tecnologia-pt","category-humanismo-espiritualidade","category-opiniao","tag-brasil","tag-ciencia","tag-fundamentalismo","tag-religiao"],"yoast_head":"<!-- This site is optimized with the Yoast SEO plugin v27.1.1 - https:\/\/yoast.com\/product\/yoast-seo-wordpress\/ -->\n<title>Religi\u00e3o x Ci\u00eancia: o falso dilema continua<\/title>\n<meta name=\"description\" content=\"Por Roberto Malvezzi (Gog\u00f3) Cop\u00e9rnico era um c\u00f4nego cat\u00f3lico polon\u00eas, mas foi quem provou cientificamente que a Terra gira ao redor do Sol e n\u00e3o o Sol ao\" \/>\n<meta name=\"robots\" content=\"index, follow, max-snippet:-1, max-image-preview:large, max-video-preview:-1\" \/>\n<link rel=\"canonical\" href=\"https:\/\/www.pressenza.com\/pt-pt\/2019\/01\/religiao-x-ciencia-o-falso-dilema-continua\/\" \/>\n<meta property=\"og:locale\" content=\"pt_PT\" \/>\n<meta property=\"og:type\" content=\"article\" \/>\n<meta property=\"og:title\" content=\"Religi\u00e3o x Ci\u00eancia: o falso dilema continua\" \/>\n<meta property=\"og:description\" content=\"Por Roberto Malvezzi (Gog\u00f3) Cop\u00e9rnico era um c\u00f4nego cat\u00f3lico polon\u00eas, mas foi quem provou cientificamente que a Terra gira ao redor do Sol e n\u00e3o o Sol ao\" \/>\n<meta property=\"og:url\" content=\"https:\/\/www.pressenza.com\/pt-pt\/2019\/01\/religiao-x-ciencia-o-falso-dilema-continua\/\" \/>\n<meta property=\"og:site_name\" content=\"Pressenza\" \/>\n<meta property=\"article:publisher\" content=\"https:\/\/www.facebook.com\/PressenzaItalia\" \/>\n<meta property=\"article:author\" content=\"https:\/\/www.facebook.com\/PressenzaPortugues\" \/>\n<meta property=\"article:published_time\" content=\"2019-01-15T22:12:21+00:00\" \/>\n<meta property=\"og:image\" content=\"https:\/\/www.pressenza.com\/wp-content\/uploads\/2019\/01\/futuro-CC0.jpg\" \/>\n\t<meta property=\"og:image:width\" content=\"1024\" \/>\n\t<meta property=\"og:image:height\" content=\"599\" \/>\n\t<meta property=\"og:image:type\" content=\"image\/jpeg\" \/>\n<meta name=\"author\" content=\"Reda\u00e7\u00e3o S\u00e3o Paulo\" \/>\n<meta name=\"twitter:card\" content=\"summary_large_image\" \/>\n<meta name=\"twitter:creator\" content=\"@pressenza_pt\" \/>\n<meta name=\"twitter:site\" content=\"@PressenzaIPA\" \/>\n<meta name=\"twitter:label1\" content=\"Escrito por\" \/>\n\t<meta name=\"twitter:data1\" content=\"Reda\u00e7\u00e3o S\u00e3o Paulo\" \/>\n\t<meta name=\"twitter:label2\" content=\"Tempo estimado de leitura\" \/>\n\t<meta name=\"twitter:data2\" content=\"2 minutos\" \/>\n<script type=\"application\/ld+json\" class=\"yoast-schema-graph\">{\"@context\":\"https:\/\/schema.org\",\"@graph\":[{\"@type\":\"Article\",\"@id\":\"https:\/\/www.pressenza.com\/pt-pt\/2019\/01\/religiao-x-ciencia-o-falso-dilema-continua\/#article\",\"isPartOf\":{\"@id\":\"https:\/\/www.pressenza.com\/pt-pt\/2019\/01\/religiao-x-ciencia-o-falso-dilema-continua\/\"},\"author\":{\"name\":\"Reda\u00e7\u00e3o S\u00e3o Paulo\",\"@id\":\"https:\/\/www.pressenza.com\/pt-pt\/#\/schema\/person\/d171826afb7693cfc394da95892bfd93\"},\"headline\":\"Religi\u00e3o x Ci\u00eancia: o falso dilema continua\",\"datePublished\":\"2019-01-15T22:12:21+00:00\",\"mainEntityOfPage\":{\"@id\":\"https:\/\/www.pressenza.com\/pt-pt\/2019\/01\/religiao-x-ciencia-o-falso-dilema-continua\/\"},\"wordCount\":480,\"publisher\":{\"@id\":\"https:\/\/www.pressenza.com\/pt-pt\/#organization\"},\"image\":{\"@id\":\"https:\/\/www.pressenza.com\/pt-pt\/2019\/01\/religiao-x-ciencia-o-falso-dilema-continua\/#primaryimage\"},\"thumbnailUrl\":\"https:\/\/www.pressenza.com\/wp-content\/uploads\/2019\/01\/futuro-CC0.jpg\",\"keywords\":[\"Brasil\",\"ciencia\",\"Fundamentalismo\",\"religi\u00e3o\"],\"articleSection\":[\"\u00c1m\u00e9rica do Sul\",\"Ci\u00eancia e Tecnologia\",\"Humanismo e Espiritualidade\",\"Opini\u00e3o\"],\"inLanguage\":\"pt-PT\"},{\"@type\":\"WebPage\",\"@id\":\"https:\/\/www.pressenza.com\/pt-pt\/2019\/01\/religiao-x-ciencia-o-falso-dilema-continua\/\",\"url\":\"https:\/\/www.pressenza.com\/pt-pt\/2019\/01\/religiao-x-ciencia-o-falso-dilema-continua\/\",\"name\":\"Religi\u00e3o x Ci\u00eancia: o falso dilema continua\",\"isPartOf\":{\"@id\":\"https:\/\/www.pressenza.com\/pt-pt\/#website\"},\"primaryImageOfPage\":{\"@id\":\"https:\/\/www.pressenza.com\/pt-pt\/2019\/01\/religiao-x-ciencia-o-falso-dilema-continua\/#primaryimage\"},\"image\":{\"@id\":\"https:\/\/www.pressenza.com\/pt-pt\/2019\/01\/religiao-x-ciencia-o-falso-dilema-continua\/#primaryimage\"},\"thumbnailUrl\":\"https:\/\/www.pressenza.com\/wp-content\/uploads\/2019\/01\/futuro-CC0.jpg\",\"datePublished\":\"2019-01-15T22:12:21+00:00\",\"description\":\"Por Roberto Malvezzi (Gog\u00f3) Cop\u00e9rnico era um c\u00f4nego cat\u00f3lico polon\u00eas, mas foi quem provou cientificamente que a Terra gira ao redor do Sol e n\u00e3o o Sol ao\",\"breadcrumb\":{\"@id\":\"https:\/\/www.pressenza.com\/pt-pt\/2019\/01\/religiao-x-ciencia-o-falso-dilema-continua\/#breadcrumb\"},\"inLanguage\":\"pt-PT\",\"potentialAction\":[{\"@type\":\"ReadAction\",\"target\":[\"https:\/\/www.pressenza.com\/pt-pt\/2019\/01\/religiao-x-ciencia-o-falso-dilema-continua\/\"]}]},{\"@type\":\"ImageObject\",\"inLanguage\":\"pt-PT\",\"@id\":\"https:\/\/www.pressenza.com\/pt-pt\/2019\/01\/religiao-x-ciencia-o-falso-dilema-continua\/#primaryimage\",\"url\":\"https:\/\/www.pressenza.com\/wp-content\/uploads\/2019\/01\/futuro-CC0.jpg\",\"contentUrl\":\"https:\/\/www.pressenza.com\/wp-content\/uploads\/2019\/01\/futuro-CC0.jpg\",\"width\":1024,\"height\":599},{\"@type\":\"BreadcrumbList\",\"@id\":\"https:\/\/www.pressenza.com\/pt-pt\/2019\/01\/religiao-x-ciencia-o-falso-dilema-continua\/#breadcrumb\",\"itemListElement\":[{\"@type\":\"ListItem\",\"position\":1,\"name\":\"Accueil\",\"item\":\"https:\/\/www.pressenza.com\/pt-pt\/\"},{\"@type\":\"ListItem\",\"position\":2,\"name\":\"Religi\u00e3o x Ci\u00eancia: o falso dilema continua\"}]},{\"@type\":\"WebSite\",\"@id\":\"https:\/\/www.pressenza.com\/pt-pt\/#website\",\"url\":\"https:\/\/www.pressenza.com\/pt-pt\/\",\"name\":\"Pressenza\",\"description\":\"International Press Agency\",\"publisher\":{\"@id\":\"https:\/\/www.pressenza.com\/pt-pt\/#organization\"},\"potentialAction\":[{\"@type\":\"SearchAction\",\"target\":{\"@type\":\"EntryPoint\",\"urlTemplate\":\"https:\/\/www.pressenza.com\/pt-pt\/?s={search_term_string}\"},\"query-input\":{\"@type\":\"PropertyValueSpecification\",\"valueRequired\":true,\"valueName\":\"search_term_string\"}}],\"inLanguage\":\"pt-PT\"},{\"@type\":\"Organization\",\"@id\":\"https:\/\/www.pressenza.com\/pt-pt\/#organization\",\"name\":\"Pressenza\",\"url\":\"https:\/\/www.pressenza.com\/pt-pt\/\",\"logo\":{\"@type\":\"ImageObject\",\"inLanguage\":\"pt-PT\",\"@id\":\"https:\/\/www.pressenza.com\/pt-pt\/#\/schema\/logo\/image\/\",\"url\":\"https:\/\/www.pressenza.com\/wp-content\/uploads\/2022\/10\/pressenza_logo_200x200.jpg\",\"contentUrl\":\"https:\/\/www.pressenza.com\/wp-content\/uploads\/2022\/10\/pressenza_logo_200x200.jpg\",\"width\":200,\"height\":200,\"caption\":\"Pressenza\"},\"image\":{\"@id\":\"https:\/\/www.pressenza.com\/pt-pt\/#\/schema\/logo\/image\/\"},\"sameAs\":[\"https:\/\/www.facebook.com\/PressenzaItalia\",\"https:\/\/x.com\/PressenzaIPA\"]},{\"@type\":\"Person\",\"@id\":\"https:\/\/www.pressenza.com\/pt-pt\/#\/schema\/person\/d171826afb7693cfc394da95892bfd93\",\"name\":\"Reda\u00e7\u00e3o S\u00e3o Paulo\",\"description\":\"News from the Pressenza bureau in Sao Paulo, Brazil\",\"sameAs\":[\"https:\/\/www.facebook.com\/PressenzaPortugues\",\"https:\/\/x.com\/pressenza_pt\"],\"url\":\"https:\/\/www.pressenza.com\/pt-pt\/author\/redaccao-sao-paulo\/\"}]}<\/script>\n<!-- \/ Yoast SEO plugin. -->","yoast_head_json":{"title":"Religi\u00e3o x Ci\u00eancia: o falso dilema continua","description":"Por Roberto Malvezzi (Gog\u00f3) Cop\u00e9rnico era um c\u00f4nego cat\u00f3lico polon\u00eas, mas foi quem provou cientificamente que a Terra gira ao redor do Sol e n\u00e3o o Sol ao","robots":{"index":"index","follow":"follow","max-snippet":"max-snippet:-1","max-image-preview":"max-image-preview:large","max-video-preview":"max-video-preview:-1"},"canonical":"https:\/\/www.pressenza.com\/pt-pt\/2019\/01\/religiao-x-ciencia-o-falso-dilema-continua\/","og_locale":"pt_PT","og_type":"article","og_title":"Religi\u00e3o x Ci\u00eancia: o falso dilema continua","og_description":"Por Roberto Malvezzi (Gog\u00f3) Cop\u00e9rnico era um c\u00f4nego cat\u00f3lico polon\u00eas, mas foi quem provou cientificamente que a Terra gira ao redor do Sol e n\u00e3o o Sol ao","og_url":"https:\/\/www.pressenza.com\/pt-pt\/2019\/01\/religiao-x-ciencia-o-falso-dilema-continua\/","og_site_name":"Pressenza","article_publisher":"https:\/\/www.facebook.com\/PressenzaItalia","article_author":"https:\/\/www.facebook.com\/PressenzaPortugues","article_published_time":"2019-01-15T22:12:21+00:00","og_image":[{"width":1024,"height":599,"url":"https:\/\/www.pressenza.com\/wp-content\/uploads\/2019\/01\/futuro-CC0.jpg","type":"image\/jpeg"}],"author":"Reda\u00e7\u00e3o S\u00e3o Paulo","twitter_card":"summary_large_image","twitter_creator":"@pressenza_pt","twitter_site":"@PressenzaIPA","twitter_misc":{"Escrito por":"Reda\u00e7\u00e3o S\u00e3o Paulo","Tempo estimado de leitura":"2 minutos"},"schema":{"@context":"https:\/\/schema.org","@graph":[{"@type":"Article","@id":"https:\/\/www.pressenza.com\/pt-pt\/2019\/01\/religiao-x-ciencia-o-falso-dilema-continua\/#article","isPartOf":{"@id":"https:\/\/www.pressenza.com\/pt-pt\/2019\/01\/religiao-x-ciencia-o-falso-dilema-continua\/"},"author":{"name":"Reda\u00e7\u00e3o S\u00e3o Paulo","@id":"https:\/\/www.pressenza.com\/pt-pt\/#\/schema\/person\/d171826afb7693cfc394da95892bfd93"},"headline":"Religi\u00e3o x Ci\u00eancia: o falso dilema continua","datePublished":"2019-01-15T22:12:21+00:00","mainEntityOfPage":{"@id":"https:\/\/www.pressenza.com\/pt-pt\/2019\/01\/religiao-x-ciencia-o-falso-dilema-continua\/"},"wordCount":480,"publisher":{"@id":"https:\/\/www.pressenza.com\/pt-pt\/#organization"},"image":{"@id":"https:\/\/www.pressenza.com\/pt-pt\/2019\/01\/religiao-x-ciencia-o-falso-dilema-continua\/#primaryimage"},"thumbnailUrl":"https:\/\/www.pressenza.com\/wp-content\/uploads\/2019\/01\/futuro-CC0.jpg","keywords":["Brasil","ciencia","Fundamentalismo","religi\u00e3o"],"articleSection":["\u00c1m\u00e9rica do Sul","Ci\u00eancia e Tecnologia","Humanismo e Espiritualidade","Opini\u00e3o"],"inLanguage":"pt-PT"},{"@type":"WebPage","@id":"https:\/\/www.pressenza.com\/pt-pt\/2019\/01\/religiao-x-ciencia-o-falso-dilema-continua\/","url":"https:\/\/www.pressenza.com\/pt-pt\/2019\/01\/religiao-x-ciencia-o-falso-dilema-continua\/","name":"Religi\u00e3o x Ci\u00eancia: o falso dilema continua","isPartOf":{"@id":"https:\/\/www.pressenza.com\/pt-pt\/#website"},"primaryImageOfPage":{"@id":"https:\/\/www.pressenza.com\/pt-pt\/2019\/01\/religiao-x-ciencia-o-falso-dilema-continua\/#primaryimage"},"image":{"@id":"https:\/\/www.pressenza.com\/pt-pt\/2019\/01\/religiao-x-ciencia-o-falso-dilema-continua\/#primaryimage"},"thumbnailUrl":"https:\/\/www.pressenza.com\/wp-content\/uploads\/2019\/01\/futuro-CC0.jpg","datePublished":"2019-01-15T22:12:21+00:00","description":"Por Roberto Malvezzi (Gog\u00f3) Cop\u00e9rnico era um c\u00f4nego cat\u00f3lico polon\u00eas, mas foi quem provou cientificamente que a Terra gira ao redor do Sol e n\u00e3o o Sol ao","breadcrumb":{"@id":"https:\/\/www.pressenza.com\/pt-pt\/2019\/01\/religiao-x-ciencia-o-falso-dilema-continua\/#breadcrumb"},"inLanguage":"pt-PT","potentialAction":[{"@type":"ReadAction","target":["https:\/\/www.pressenza.com\/pt-pt\/2019\/01\/religiao-x-ciencia-o-falso-dilema-continua\/"]}]},{"@type":"ImageObject","inLanguage":"pt-PT","@id":"https:\/\/www.pressenza.com\/pt-pt\/2019\/01\/religiao-x-ciencia-o-falso-dilema-continua\/#primaryimage","url":"https:\/\/www.pressenza.com\/wp-content\/uploads\/2019\/01\/futuro-CC0.jpg","contentUrl":"https:\/\/www.pressenza.com\/wp-content\/uploads\/2019\/01\/futuro-CC0.jpg","width":1024,"height":599},{"@type":"BreadcrumbList","@id":"https:\/\/www.pressenza.com\/pt-pt\/2019\/01\/religiao-x-ciencia-o-falso-dilema-continua\/#breadcrumb","itemListElement":[{"@type":"ListItem","position":1,"name":"Accueil","item":"https:\/\/www.pressenza.com\/pt-pt\/"},{"@type":"ListItem","position":2,"name":"Religi\u00e3o x Ci\u00eancia: o falso dilema continua"}]},{"@type":"WebSite","@id":"https:\/\/www.pressenza.com\/pt-pt\/#website","url":"https:\/\/www.pressenza.com\/pt-pt\/","name":"Pressenza","description":"International Press Agency","publisher":{"@id":"https:\/\/www.pressenza.com\/pt-pt\/#organization"},"potentialAction":[{"@type":"SearchAction","target":{"@type":"EntryPoint","urlTemplate":"https:\/\/www.pressenza.com\/pt-pt\/?s={search_term_string}"},"query-input":{"@type":"PropertyValueSpecification","valueRequired":true,"valueName":"search_term_string"}}],"inLanguage":"pt-PT"},{"@type":"Organization","@id":"https:\/\/www.pressenza.com\/pt-pt\/#organization","name":"Pressenza","url":"https:\/\/www.pressenza.com\/pt-pt\/","logo":{"@type":"ImageObject","inLanguage":"pt-PT","@id":"https:\/\/www.pressenza.com\/pt-pt\/#\/schema\/logo\/image\/","url":"https:\/\/www.pressenza.com\/wp-content\/uploads\/2022\/10\/pressenza_logo_200x200.jpg","contentUrl":"https:\/\/www.pressenza.com\/wp-content\/uploads\/2022\/10\/pressenza_logo_200x200.jpg","width":200,"height":200,"caption":"Pressenza"},"image":{"@id":"https:\/\/www.pressenza.com\/pt-pt\/#\/schema\/logo\/image\/"},"sameAs":["https:\/\/www.facebook.com\/PressenzaItalia","https:\/\/x.com\/PressenzaIPA"]},{"@type":"Person","@id":"https:\/\/www.pressenza.com\/pt-pt\/#\/schema\/person\/d171826afb7693cfc394da95892bfd93","name":"Reda\u00e7\u00e3o S\u00e3o Paulo","description":"News from the Pressenza bureau in Sao Paulo, Brazil","sameAs":["https:\/\/www.facebook.com\/PressenzaPortugues","https:\/\/x.com\/pressenza_pt"],"url":"https:\/\/www.pressenza.com\/pt-pt\/author\/redaccao-sao-paulo\/"}]}},"place":"S\u00e3o Paulo, Brasil","original_article_url":"https:\/\/robertomalvezzi.com.br\/2019\/01\/14\/religiao-x-ciencia-o-falso-dilema-continua\/","_links":{"self":[{"href":"https:\/\/www.pressenza.com\/pt-pt\/wp-json\/wp\/v2\/posts\/789249","targetHints":{"allow":["GET"]}}],"collection":[{"href":"https:\/\/www.pressenza.com\/pt-pt\/wp-json\/wp\/v2\/posts"}],"about":[{"href":"https:\/\/www.pressenza.com\/pt-pt\/wp-json\/wp\/v2\/types\/post"}],"author":[{"embeddable":true,"href":"https:\/\/www.pressenza.com\/pt-pt\/wp-json\/wp\/v2\/users\/44"}],"replies":[{"embeddable":true,"href":"https:\/\/www.pressenza.com\/pt-pt\/wp-json\/wp\/v2\/comments?post=789249"}],"version-history":[{"count":0,"href":"https:\/\/www.pressenza.com\/pt-pt\/wp-json\/wp\/v2\/posts\/789249\/revisions"}],"wp:featuredmedia":[{"embeddable":true,"href":"https:\/\/www.pressenza.com\/pt-pt\/wp-json\/wp\/v2\/media\/789250"}],"wp:attachment":[{"href":"https:\/\/www.pressenza.com\/pt-pt\/wp-json\/wp\/v2\/media?parent=789249"}],"wp:term":[{"taxonomy":"category","embeddable":true,"href":"https:\/\/www.pressenza.com\/pt-pt\/wp-json\/wp\/v2\/categories?post=789249"},{"taxonomy":"post_tag","embeddable":true,"href":"https:\/\/www.pressenza.com\/pt-pt\/wp-json\/wp\/v2\/tags?post=789249"}],"curies":[{"name":"wp","href":"https:\/\/api.w.org\/{rel}","templated":true}]}}