{"id":77698,"date":"2013-11-22T20:47:39","date_gmt":"2013-11-22T20:47:39","guid":{"rendered":"http:\/\/www.pressenza.com\/?p=77698"},"modified":"2013-11-22T20:47:39","modified_gmt":"2013-11-22T20:47:39","slug":"governo-admite-observadores-dialogo-com-renamo","status":"publish","type":"post","link":"https:\/\/www.pressenza.com\/pt-pt\/2013\/11\/governo-admite-observadores-dialogo-com-renamo\/","title":{"rendered":"Mo\u00e7ambique: governo admite observadores no di\u00e1logo com a Renamo"},"content":{"rendered":"<p>O governo mo\u00e7ambicano admitiu esta segunda-feira a possibilidade de participa\u00e7\u00e3o de observadores nacionais no di\u00e1logo com a Renamo, partido militarizado com o qual tem estado em conversa\u00e7\u00f5es h\u00e1 cerca de seis meses, mas sem nenhum consenso nas mat\u00e9rias em discuss\u00e3o.<\/p>\n<p>A Renamo exige a presen\u00e7a de mediadores e observadores nacionais e internacionais para regressar \u00e0 mesa do di\u00e1logo interrompido h\u00e1 algumas semanas.<\/p>\n<p>Como que a provar a sua palavra, a delega\u00e7\u00e3o da Renamo faltou a ronda de hoje do di\u00e1logo, apesar da presen\u00e7a, no local, da delega\u00e7\u00e3o do governo.<\/p>\n<p>Falando esta segunda-feira em Maputo, a jornalistas, o Chefe da delega\u00e7\u00e3o do governo e Ministro da Agricultura, Jos\u00e9 Pacheco, manifestou a abertura do governo quanto a participa\u00e7\u00e3o de observadores nacionais no di\u00e1logo.<\/p>\n<p>\u201cComo Governo, at\u00e9 admitimos a possibilidade de podermos contar com a presen\u00e7a de observadores nacionais\u201d, disse Pacheco, falando a imprensa no Centro Internacional de Confer\u00eancias Joaquim Chissano, local onde t\u00eam acontecido os encontros com a Renamo.<\/p>\n<p>Na ocasi\u00e3o, o governo convidou a Renamo a voltar \u00e0 mesa do di\u00e1logo, por este f\u00f3rum ser a \u2018sede de tratamento das suas preocupa\u00e7\u00f5es\u2019.<\/p>\n<p>O \u201cdi\u00e1logo pol\u00edtico\u201d entre o governo e a Renamo iniciou h\u00e1 cerca de seis meses, com tr\u00eas mat\u00e9rias submetidas pela Renamo, incluindo a revis\u00e3o da legisla\u00e7\u00e3o eleitoral; defesa e seguran\u00e7a; despartidariza\u00e7\u00e3o do aparelho do estado; e quest\u00f5es econ\u00f3micas.<\/p>\n<p>Contudo, as partes ainda n\u00e3o sa\u00edram do primeiro ponto de agenda devido a falta de consenso no que toca a exig\u00eancia da Renamo de paridade na representa\u00e7\u00e3o dos partidos pol\u00edticos nos \u00f3rg\u00e3os eleitorais.<\/p>\n<p>Enquanto isso, a Renamo tem estado a intensificar os ataques armados a civis e militares na regi\u00e3o centro e norte do pa\u00eds, tendo j\u00e1 causado dezenas de mortos e feridos e destrui\u00e7\u00e3o de bens civis.<\/p>\n<p>Diversas pessoas acreditam que a actual crise ser\u00e1 ultrapassada com um \u2018frente-a-frente\u2019 entre o Chefe do Estado, Armando Guebuza, e o Presidente da Renamo, Afonso Dhlakama, ora em parte incerta.<\/p>\n<p>Na confer\u00eancia de imprensa de hoje, Jos\u00e9 Pacheco disse ainda que o governo reitera a sua disponibilidade de manter o di\u00e1logo com a Renamo para, dentre v\u00e1rias mat\u00e9rias, preparar o encontro entre o Presidente da Rep\u00fablica e o l\u00edder deste partido.<\/p>\n<p>Igualmente, Pacheco anunciou a disponibilidade da equipa t\u00e9cnica militar do governo para se encontrar com a sua contraparte da Renamo visando tratar de assuntos militares, que constituem o segundo ponto de agenda na mesa do di\u00e1logo.<\/p>\n","protected":false},"excerpt":{"rendered":"<p>O governo mo\u00e7ambicano admitiu esta segunda-feira a possibilidade de participa\u00e7\u00e3o de observadores nacionais no di\u00e1logo com a Renamo, partido militarizado com o qual tem estado em conversa\u00e7\u00f5es h\u00e1 cerca de seis meses, mas sem nenhum consenso nas mat\u00e9rias em discuss\u00e3o.&hellip;<\/p>\n","protected":false},"author":839,"featured_media":77787,"comment_status":"closed","ping_status":"open","sticky":false,"template":"","format":"standard","meta":{"footnotes":""},"categories":[37,42,111],"tags":[7873,5208,7874],"class_list":["post-77698","post","type-post","status-publish","format-standard","has-post-thumbnail","hentry","category-africa-pt","category-internacional-2","category-politica-pt-pt","tag-conflito-armado","tag-mocambique","tag-renamo-pt-pt"],"yoast_head":"<!-- This site is optimized with the Yoast SEO plugin v27.1.1 - https:\/\/yoast.com\/product\/yoast-seo-wordpress\/ -->\n<title>Mo\u00e7ambique: governo admite observadores no di\u00e1logo com a Renamo<\/title>\n<meta name=\"description\" content=\"O governo mo\u00e7ambicano admitiu esta segunda-feira a possibilidade de participa\u00e7\u00e3o de observadores nacionais no di\u00e1logo com a Renamo, partido militarizado\" \/>\n<meta name=\"robots\" content=\"index, follow, max-snippet:-1, max-image-preview:large, max-video-preview:-1\" \/>\n<link rel=\"canonical\" href=\"https:\/\/www.pressenza.com\/pt-pt\/2013\/11\/governo-admite-observadores-dialogo-com-renamo\/\" \/>\n<meta property=\"og:locale\" content=\"pt_PT\" \/>\n<meta property=\"og:type\" content=\"article\" \/>\n<meta property=\"og:title\" content=\"Mo\u00e7ambique: governo admite observadores no di\u00e1logo com a Renamo\" \/>\n<meta property=\"og:description\" content=\"O governo mo\u00e7ambicano admitiu esta segunda-feira a possibilidade de participa\u00e7\u00e3o de observadores nacionais no di\u00e1logo com a Renamo, partido militarizado\" \/>\n<meta property=\"og:url\" content=\"https:\/\/www.pressenza.com\/pt-pt\/2013\/11\/governo-admite-observadores-dialogo-com-renamo\/\" \/>\n<meta property=\"og:site_name\" content=\"Pressenza\" \/>\n<meta property=\"article:publisher\" content=\"https:\/\/www.facebook.com\/PressenzaItalia\" \/>\n<meta property=\"article:published_time\" content=\"2013-11-22T20:47:39+00:00\" \/>\n<meta property=\"og:image\" content=\"https:\/\/www.pressenza.com\/wp-content\/uploads\/2013\/11\/Jose-pacheco-ministro-agricultura.jpg\" \/>\n\t<meta property=\"og:image:width\" content=\"247\" \/>\n\t<meta property=\"og:image:height\" content=\"247\" \/>\n\t<meta property=\"og:image:type\" content=\"image\/jpeg\" \/>\n<meta name=\"author\" content=\"Radio Mo\u00e7ambique\" \/>\n<meta name=\"twitter:card\" content=\"summary_large_image\" \/>\n<meta name=\"twitter:creator\" content=\"@PressenzaIPA\" \/>\n<meta name=\"twitter:site\" content=\"@PressenzaIPA\" \/>\n<meta name=\"twitter:label1\" content=\"Escrito por\" \/>\n\t<meta name=\"twitter:data1\" content=\"Radio Mo\u00e7ambique\" \/>\n\t<meta name=\"twitter:label2\" content=\"Tempo estimado de leitura\" \/>\n\t<meta name=\"twitter:data2\" content=\"2 minutos\" \/>\n<script type=\"application\/ld+json\" class=\"yoast-schema-graph\">{\"@context\":\"https:\/\/schema.org\",\"@graph\":[{\"@type\":\"Article\",\"@id\":\"https:\/\/www.pressenza.com\/pt-pt\/2013\/11\/governo-admite-observadores-dialogo-com-renamo\/#article\",\"isPartOf\":{\"@id\":\"https:\/\/www.pressenza.com\/pt-pt\/2013\/11\/governo-admite-observadores-dialogo-com-renamo\/\"},\"author\":{\"name\":\"Radio Mo\u00e7ambique\",\"@id\":\"https:\/\/www.pressenza.com\/pt-pt\/#\/schema\/person\/621b040c6493b3c28792a340f46a3c79\"},\"headline\":\"Mo\u00e7ambique: governo admite observadores no di\u00e1logo com a Renamo\",\"datePublished\":\"2013-11-22T20:47:39+00:00\",\"mainEntityOfPage\":{\"@id\":\"https:\/\/www.pressenza.com\/pt-pt\/2013\/11\/governo-admite-observadores-dialogo-com-renamo\/\"},\"wordCount\":452,\"publisher\":{\"@id\":\"https:\/\/www.pressenza.com\/pt-pt\/#organization\"},\"image\":{\"@id\":\"https:\/\/www.pressenza.com\/pt-pt\/2013\/11\/governo-admite-observadores-dialogo-com-renamo\/#primaryimage\"},\"thumbnailUrl\":\"https:\/\/www.pressenza.com\/wp-content\/uploads\/2013\/11\/Jose-pacheco-ministro-agricultura.jpg\",\"keywords\":[\"conflito armado\",\"Mocambique\",\"renamo\"],\"articleSection\":[\"Africa\",\"Internacional\",\"Pol\u00edtica\"],\"inLanguage\":\"pt-PT\"},{\"@type\":\"WebPage\",\"@id\":\"https:\/\/www.pressenza.com\/pt-pt\/2013\/11\/governo-admite-observadores-dialogo-com-renamo\/\",\"url\":\"https:\/\/www.pressenza.com\/pt-pt\/2013\/11\/governo-admite-observadores-dialogo-com-renamo\/\",\"name\":\"Mo\u00e7ambique: governo admite observadores no di\u00e1logo com a Renamo\",\"isPartOf\":{\"@id\":\"https:\/\/www.pressenza.com\/pt-pt\/#website\"},\"primaryImageOfPage\":{\"@id\":\"https:\/\/www.pressenza.com\/pt-pt\/2013\/11\/governo-admite-observadores-dialogo-com-renamo\/#primaryimage\"},\"image\":{\"@id\":\"https:\/\/www.pressenza.com\/pt-pt\/2013\/11\/governo-admite-observadores-dialogo-com-renamo\/#primaryimage\"},\"thumbnailUrl\":\"https:\/\/www.pressenza.com\/wp-content\/uploads\/2013\/11\/Jose-pacheco-ministro-agricultura.jpg\",\"datePublished\":\"2013-11-22T20:47:39+00:00\",\"description\":\"O governo mo\u00e7ambicano admitiu esta segunda-feira a possibilidade de participa\u00e7\u00e3o de observadores nacionais no di\u00e1logo com a Renamo, partido militarizado\",\"breadcrumb\":{\"@id\":\"https:\/\/www.pressenza.com\/pt-pt\/2013\/11\/governo-admite-observadores-dialogo-com-renamo\/#breadcrumb\"},\"inLanguage\":\"pt-PT\",\"potentialAction\":[{\"@type\":\"ReadAction\",\"target\":[\"https:\/\/www.pressenza.com\/pt-pt\/2013\/11\/governo-admite-observadores-dialogo-com-renamo\/\"]}]},{\"@type\":\"ImageObject\",\"inLanguage\":\"pt-PT\",\"@id\":\"https:\/\/www.pressenza.com\/pt-pt\/2013\/11\/governo-admite-observadores-dialogo-com-renamo\/#primaryimage\",\"url\":\"https:\/\/www.pressenza.com\/wp-content\/uploads\/2013\/11\/Jose-pacheco-ministro-agricultura.jpg\",\"contentUrl\":\"https:\/\/www.pressenza.com\/wp-content\/uploads\/2013\/11\/Jose-pacheco-ministro-agricultura.jpg\",\"width\":247,\"height\":247},{\"@type\":\"BreadcrumbList\",\"@id\":\"https:\/\/www.pressenza.com\/pt-pt\/2013\/11\/governo-admite-observadores-dialogo-com-renamo\/#breadcrumb\",\"itemListElement\":[{\"@type\":\"ListItem\",\"position\":1,\"name\":\"Accueil\",\"item\":\"https:\/\/www.pressenza.com\/pt-pt\/\"},{\"@type\":\"ListItem\",\"position\":2,\"name\":\"Mo\u00e7ambique: governo admite observadores no di\u00e1logo com a Renamo\"}]},{\"@type\":\"WebSite\",\"@id\":\"https:\/\/www.pressenza.com\/pt-pt\/#website\",\"url\":\"https:\/\/www.pressenza.com\/pt-pt\/\",\"name\":\"Pressenza\",\"description\":\"International Press Agency\",\"publisher\":{\"@id\":\"https:\/\/www.pressenza.com\/pt-pt\/#organization\"},\"potentialAction\":[{\"@type\":\"SearchAction\",\"target\":{\"@type\":\"EntryPoint\",\"urlTemplate\":\"https:\/\/www.pressenza.com\/pt-pt\/?s={search_term_string}\"},\"query-input\":{\"@type\":\"PropertyValueSpecification\",\"valueRequired\":true,\"valueName\":\"search_term_string\"}}],\"inLanguage\":\"pt-PT\"},{\"@type\":\"Organization\",\"@id\":\"https:\/\/www.pressenza.com\/pt-pt\/#organization\",\"name\":\"Pressenza\",\"url\":\"https:\/\/www.pressenza.com\/pt-pt\/\",\"logo\":{\"@type\":\"ImageObject\",\"inLanguage\":\"pt-PT\",\"@id\":\"https:\/\/www.pressenza.com\/pt-pt\/#\/schema\/logo\/image\/\",\"url\":\"https:\/\/www.pressenza.com\/wp-content\/uploads\/2022\/10\/pressenza_logo_200x200.jpg\",\"contentUrl\":\"https:\/\/www.pressenza.com\/wp-content\/uploads\/2022\/10\/pressenza_logo_200x200.jpg\",\"width\":200,\"height\":200,\"caption\":\"Pressenza\"},\"image\":{\"@id\":\"https:\/\/www.pressenza.com\/pt-pt\/#\/schema\/logo\/image\/\"},\"sameAs\":[\"https:\/\/www.facebook.com\/PressenzaItalia\",\"https:\/\/x.com\/PressenzaIPA\"]},{\"@type\":\"Person\",\"@id\":\"https:\/\/www.pressenza.com\/pt-pt\/#\/schema\/person\/621b040c6493b3c28792a340f46a3c79\",\"name\":\"Radio Mo\u00e7ambique\",\"url\":\"https:\/\/www.pressenza.com\/pt-pt\/author\/radio-mocambique\/\"}]}<\/script>\n<!-- \/ Yoast SEO plugin. -->","yoast_head_json":{"title":"Mo\u00e7ambique: governo admite observadores no di\u00e1logo com a Renamo","description":"O governo mo\u00e7ambicano admitiu esta segunda-feira a possibilidade de participa\u00e7\u00e3o de observadores nacionais no di\u00e1logo com a Renamo, partido militarizado","robots":{"index":"index","follow":"follow","max-snippet":"max-snippet:-1","max-image-preview":"max-image-preview:large","max-video-preview":"max-video-preview:-1"},"canonical":"https:\/\/www.pressenza.com\/pt-pt\/2013\/11\/governo-admite-observadores-dialogo-com-renamo\/","og_locale":"pt_PT","og_type":"article","og_title":"Mo\u00e7ambique: governo admite observadores no di\u00e1logo com a Renamo","og_description":"O governo mo\u00e7ambicano admitiu esta segunda-feira a possibilidade de participa\u00e7\u00e3o de observadores nacionais no di\u00e1logo com a Renamo, partido militarizado","og_url":"https:\/\/www.pressenza.com\/pt-pt\/2013\/11\/governo-admite-observadores-dialogo-com-renamo\/","og_site_name":"Pressenza","article_publisher":"https:\/\/www.facebook.com\/PressenzaItalia","article_published_time":"2013-11-22T20:47:39+00:00","og_image":[{"width":247,"height":247,"url":"https:\/\/www.pressenza.com\/wp-content\/uploads\/2013\/11\/Jose-pacheco-ministro-agricultura.jpg","type":"image\/jpeg"}],"author":"Radio Mo\u00e7ambique","twitter_card":"summary_large_image","twitter_creator":"@PressenzaIPA","twitter_site":"@PressenzaIPA","twitter_misc":{"Escrito por":"Radio Mo\u00e7ambique","Tempo estimado de leitura":"2 minutos"},"schema":{"@context":"https:\/\/schema.org","@graph":[{"@type":"Article","@id":"https:\/\/www.pressenza.com\/pt-pt\/2013\/11\/governo-admite-observadores-dialogo-com-renamo\/#article","isPartOf":{"@id":"https:\/\/www.pressenza.com\/pt-pt\/2013\/11\/governo-admite-observadores-dialogo-com-renamo\/"},"author":{"name":"Radio Mo\u00e7ambique","@id":"https:\/\/www.pressenza.com\/pt-pt\/#\/schema\/person\/621b040c6493b3c28792a340f46a3c79"},"headline":"Mo\u00e7ambique: governo admite observadores no di\u00e1logo com a Renamo","datePublished":"2013-11-22T20:47:39+00:00","mainEntityOfPage":{"@id":"https:\/\/www.pressenza.com\/pt-pt\/2013\/11\/governo-admite-observadores-dialogo-com-renamo\/"},"wordCount":452,"publisher":{"@id":"https:\/\/www.pressenza.com\/pt-pt\/#organization"},"image":{"@id":"https:\/\/www.pressenza.com\/pt-pt\/2013\/11\/governo-admite-observadores-dialogo-com-renamo\/#primaryimage"},"thumbnailUrl":"https:\/\/www.pressenza.com\/wp-content\/uploads\/2013\/11\/Jose-pacheco-ministro-agricultura.jpg","keywords":["conflito armado","Mocambique","renamo"],"articleSection":["Africa","Internacional","Pol\u00edtica"],"inLanguage":"pt-PT"},{"@type":"WebPage","@id":"https:\/\/www.pressenza.com\/pt-pt\/2013\/11\/governo-admite-observadores-dialogo-com-renamo\/","url":"https:\/\/www.pressenza.com\/pt-pt\/2013\/11\/governo-admite-observadores-dialogo-com-renamo\/","name":"Mo\u00e7ambique: governo admite observadores no di\u00e1logo com a Renamo","isPartOf":{"@id":"https:\/\/www.pressenza.com\/pt-pt\/#website"},"primaryImageOfPage":{"@id":"https:\/\/www.pressenza.com\/pt-pt\/2013\/11\/governo-admite-observadores-dialogo-com-renamo\/#primaryimage"},"image":{"@id":"https:\/\/www.pressenza.com\/pt-pt\/2013\/11\/governo-admite-observadores-dialogo-com-renamo\/#primaryimage"},"thumbnailUrl":"https:\/\/www.pressenza.com\/wp-content\/uploads\/2013\/11\/Jose-pacheco-ministro-agricultura.jpg","datePublished":"2013-11-22T20:47:39+00:00","description":"O governo mo\u00e7ambicano admitiu esta segunda-feira a possibilidade de participa\u00e7\u00e3o de observadores nacionais no di\u00e1logo com a Renamo, partido militarizado","breadcrumb":{"@id":"https:\/\/www.pressenza.com\/pt-pt\/2013\/11\/governo-admite-observadores-dialogo-com-renamo\/#breadcrumb"},"inLanguage":"pt-PT","potentialAction":[{"@type":"ReadAction","target":["https:\/\/www.pressenza.com\/pt-pt\/2013\/11\/governo-admite-observadores-dialogo-com-renamo\/"]}]},{"@type":"ImageObject","inLanguage":"pt-PT","@id":"https:\/\/www.pressenza.com\/pt-pt\/2013\/11\/governo-admite-observadores-dialogo-com-renamo\/#primaryimage","url":"https:\/\/www.pressenza.com\/wp-content\/uploads\/2013\/11\/Jose-pacheco-ministro-agricultura.jpg","contentUrl":"https:\/\/www.pressenza.com\/wp-content\/uploads\/2013\/11\/Jose-pacheco-ministro-agricultura.jpg","width":247,"height":247},{"@type":"BreadcrumbList","@id":"https:\/\/www.pressenza.com\/pt-pt\/2013\/11\/governo-admite-observadores-dialogo-com-renamo\/#breadcrumb","itemListElement":[{"@type":"ListItem","position":1,"name":"Accueil","item":"https:\/\/www.pressenza.com\/pt-pt\/"},{"@type":"ListItem","position":2,"name":"Mo\u00e7ambique: governo admite observadores no di\u00e1logo com a Renamo"}]},{"@type":"WebSite","@id":"https:\/\/www.pressenza.com\/pt-pt\/#website","url":"https:\/\/www.pressenza.com\/pt-pt\/","name":"Pressenza","description":"International Press Agency","publisher":{"@id":"https:\/\/www.pressenza.com\/pt-pt\/#organization"},"potentialAction":[{"@type":"SearchAction","target":{"@type":"EntryPoint","urlTemplate":"https:\/\/www.pressenza.com\/pt-pt\/?s={search_term_string}"},"query-input":{"@type":"PropertyValueSpecification","valueRequired":true,"valueName":"search_term_string"}}],"inLanguage":"pt-PT"},{"@type":"Organization","@id":"https:\/\/www.pressenza.com\/pt-pt\/#organization","name":"Pressenza","url":"https:\/\/www.pressenza.com\/pt-pt\/","logo":{"@type":"ImageObject","inLanguage":"pt-PT","@id":"https:\/\/www.pressenza.com\/pt-pt\/#\/schema\/logo\/image\/","url":"https:\/\/www.pressenza.com\/wp-content\/uploads\/2022\/10\/pressenza_logo_200x200.jpg","contentUrl":"https:\/\/www.pressenza.com\/wp-content\/uploads\/2022\/10\/pressenza_logo_200x200.jpg","width":200,"height":200,"caption":"Pressenza"},"image":{"@id":"https:\/\/www.pressenza.com\/pt-pt\/#\/schema\/logo\/image\/"},"sameAs":["https:\/\/www.facebook.com\/PressenzaItalia","https:\/\/x.com\/PressenzaIPA"]},{"@type":"Person","@id":"https:\/\/www.pressenza.com\/pt-pt\/#\/schema\/person\/621b040c6493b3c28792a340f46a3c79","name":"Radio Mo\u00e7ambique","url":"https:\/\/www.pressenza.com\/pt-pt\/author\/radio-mocambique\/"}]}},"place":"","original_article_url":"","_links":{"self":[{"href":"https:\/\/www.pressenza.com\/pt-pt\/wp-json\/wp\/v2\/posts\/77698","targetHints":{"allow":["GET"]}}],"collection":[{"href":"https:\/\/www.pressenza.com\/pt-pt\/wp-json\/wp\/v2\/posts"}],"about":[{"href":"https:\/\/www.pressenza.com\/pt-pt\/wp-json\/wp\/v2\/types\/post"}],"author":[{"embeddable":true,"href":"https:\/\/www.pressenza.com\/pt-pt\/wp-json\/wp\/v2\/users\/839"}],"replies":[{"embeddable":true,"href":"https:\/\/www.pressenza.com\/pt-pt\/wp-json\/wp\/v2\/comments?post=77698"}],"version-history":[{"count":0,"href":"https:\/\/www.pressenza.com\/pt-pt\/wp-json\/wp\/v2\/posts\/77698\/revisions"}],"wp:featuredmedia":[{"embeddable":true,"href":"https:\/\/www.pressenza.com\/pt-pt\/wp-json\/wp\/v2\/media\/77787"}],"wp:attachment":[{"href":"https:\/\/www.pressenza.com\/pt-pt\/wp-json\/wp\/v2\/media?parent=77698"}],"wp:term":[{"taxonomy":"category","embeddable":true,"href":"https:\/\/www.pressenza.com\/pt-pt\/wp-json\/wp\/v2\/categories?post=77698"},{"taxonomy":"post_tag","embeddable":true,"href":"https:\/\/www.pressenza.com\/pt-pt\/wp-json\/wp\/v2\/tags?post=77698"}],"curies":[{"name":"wp","href":"https:\/\/api.w.org\/{rel}","templated":true}]}}