{"id":76733,"date":"2013-11-15T00:35:17","date_gmt":"2013-11-15T00:35:17","guid":{"rendered":"http:\/\/www.pressenza.com\/?p=76733"},"modified":"2013-11-15T00:35:17","modified_gmt":"2013-11-15T00:35:17","slug":"quase-50-anos-depois-jango-volta-brasilia-como-chefe-de-estado","status":"publish","type":"post","link":"https:\/\/www.pressenza.com\/pt-pt\/2013\/11\/quase-50-anos-depois-jango-volta-brasilia-como-chefe-de-estado\/","title":{"rendered":"Quase 50 anos depois, Jango volta a Bras\u00edlia como chefe de Estado"},"content":{"rendered":"<p>Despojos foram recebidos por Dilma Rousseff e tr\u00eas ex-presidentes da redemocratiza\u00e7\u00e3o. Familiares se emocionaram com honras militares que Jo\u00e3o Goulart nunca teve<\/p>\n<p>S\u00e3o Paulo \u2013 Os restos mortais de Jo\u00e3o Goulart foram recebidos hoje (14) em Bras\u00edlia com as honras que o ex-presidente, derrubado pelo golpe de 1964, nunca teve. Retirado ontem da sepultura em que se encontrava, em S\u00e3o Borja (RS), o caix\u00e3o foi recepcionado no final da manh\u00e3 pela presidenta Dilma Rousseff e por tr\u00eas de seus antecessores no Pal\u00e1cio do Planalto: Luiz In\u00e1cio Lula da Silva, Fernando Collor de Mello e Jos\u00e9 Sarney.<\/p>\n<p>Entre os chefes de Estado da redemocratiza\u00e7\u00e3o, apenas Fernando Henrique Cardoso, por raz\u00f5es de sa\u00fade, e Itamar Franco, j\u00e1 falecido, n\u00e3o participaram da cerim\u00f4nia. Ministros e parlamentares, al\u00e9m de familiares de Jango, engrossaram a homenagem.<\/p>\n<p>\u201cEste \u00e9 um gesto do Estado brasileiro para homenagear o ex-presidente Jo\u00e3o Goulart e sua mem\u00f3ria\u201d, afirmou a presidenta, em seu perfil no Twitter. \u201cEssa cerim\u00f4nia que o Estado brasileiro promove hoje com a mem\u00f3ria de Jo\u00e3o Goulart \u00e9 uma afirma\u00e7\u00e3o da nossa democracia. Uma democracia que se consolida com este gesto hist\u00f3rico\u201d, concluiu Dilma, ressaltando o fato de Jango ter sido o \u00fanico presidente brasileiro a morrer no ex\u00edlio, \u201cem circunst\u00e2ncias ainda a serem esclarecidas por exames periciais\u201d.<\/p>\n<p>Dilma assistiu \u00e0s honrarias ao lado da vi\u00fava de Jo\u00e3o Goulart, Maria Teresa Goulart. Ambas n\u00e3o seguraram as l\u00e1grimas quando a banda das For\u00e7as Armadas executou o Hino Nacional, enquanto canh\u00f5es deram uma salva de 21 tiros na pista da Base A\u00e9rea de Bras\u00edlia, palco da cerim\u00f4nia.<\/p>\n<p>Morto em 1976, durante seu ex\u00edlio na Argentina, Jango foi sepultado em sua cidade natal sem qualquer homenagem oficial. O pa\u00eds ainda vivia sob a mesma ditadura que, 12 anos antes, o havia derrubado. N\u00e3o havia interesse em causar como\u00e7\u00e3o nacional com a morte do l\u00edder trabalhista. Por isso, seu cad\u00e1ver foi enterrado rapidamente. \u201cN\u00e3o houve luto oficial, houve sil\u00eancio oficial\u201d, lembra Christopher Goulart, neto do ex-presidente.<\/p>\n<p>O avi\u00e3o da For\u00e7a A\u00e9rea Brasileira (FAB) que trouxe os restos mortais de Jango chegou ao hangar onde se realizaria a cerim\u00f4nia por volta das 11h40. Al\u00e9m do caix\u00e3o de Jango, a aeronave trouxe alguns familiares do ex-presidente e a equipe de 12 peritos brasileiros, argentinos, uruguaios e um cubano que conduziram a exuma\u00e7\u00e3o e realizar\u00e3o as an\u00e1lises dos despojos.<\/p>\n<p>Parte da pesquisa ser\u00e1 feita no Instituto Nacional de Criminal\u00edstica sob coordena\u00e7\u00e3o da Pol\u00edcia Federal. Contudo, a etapa mais importante, que tentar\u00e1 identificar subst\u00e2ncias t\u00f3xicas nos ossos de Jo\u00e3o Goulart, ocorrer\u00e1 em laborat\u00f3rios no exterior. O objetivo \u00e9 fornecer provas conclusivas sobre a causa mortis do ex-presidente. A vers\u00e3o oficial aponta para ataque card\u00edaco. Familiares defendem a tese do envenenamento. Jamais houve aut\u00f3psia.<\/p>\n<p>O esquife de Jango foi carregado com dificuldade pelos oito militares destacados para a tarefa. Uma vez posicionado diante da presidenta Dilma Rousseff, da vi\u00fava Maria Teresa Goulart e dos demais presentes, soldados retiraram do caix\u00e3o a bandeira que o recobria. Dobraram e entregaram \u00e0 presidenta, que a repassou a Maria Teresa. Antes disso, ambas colocaram uma coroa de flores sobre a urna de madeira.<\/p>\n<p>Al\u00e9m do Hino Nacional, tamb\u00e9m se p\u00f4de ouvir a marcha f\u00fanebre \u2013 ind\u00edcios de que Jango recebeu, hoje, cerim\u00f4nias de recep\u00e7\u00e3o e de adeus. Logo depois, o esquife foi colocado numa van da Pol\u00edcia Federal e seguiu para o Instituto Nacional de Criminal\u00edstica. N\u00e3o houve discursos. Os trabalhos cient\u00edficos devem come\u00e7ar amanh\u00e3.<\/p>\n<p>Apesar de estar ansiosa para finalmente saber se Jango morreu de causas naturais ou foi assassinado, a fam\u00edlia acredita que a maior import\u00e2ncia da exuma\u00e7\u00e3o n\u00e3o \u00e9 a per\u00edcia, mas sim o resgate hist\u00f3rico do ex-presidente.<\/p>\n<p>\u201cDepois do golpe, come\u00e7a processo de dilapida\u00e7\u00e3o de sua reputa\u00e7\u00e3o, por um lado, e de esquecimento de sua figura, por outro\u201d, acusa o historiador Jorge Ferreira, professor da Universidade Federal Fluminense (UFF) e bi\u00f3grafo de Goulart. \u201cAs direitas civil e militar, que o derrubaram, passaram a criar imagens negativas do ex-presidente: corrupto, subversivo, incompetente, alco\u00f3latra. As esquerdas tamb\u00e9m atacaram, acusando como l\u00edder burgu\u00eas de massa e manipulador dos oper\u00e1rios. Essa ideia de que Jango foi covarde e fugiu da ditadura, isso quem criou foi a esquerda.\u201d<\/p>\n<p>Ap\u00f3s as an\u00e1lises, os despojos do ex-presidente voltar\u00e3o a S\u00e3o Borja. Essa foi uma das exig\u00eancias dos s\u00e3o-borjenses para a remo\u00e7\u00e3o dos restos mortais de Jango, que consideram um patrim\u00f4nio hist\u00f3rico da cidade.<\/p>\n<p>O presidente derrubado pelo golpe de 1964 est\u00e1 enterrado no mesmo cemit\u00e9rio onde descansam os corpos de Get\u00falio Vargas e Leonel Brizola. Isso faz com que os mun\u00edcipes vejam S\u00e3o Borja como um santu\u00e1rio do trabalhismo brasileiro. Jango deve retornar ao jazigo da fam\u00edlia Goulart no dia 6 de dezembro, quando sua morte completa 37 anos. Na ocasi\u00e3o, receber\u00e1 novamente honras de chefe de Estado.<\/p>\n<p>Nada indica, por\u00e9m, que o resultado das per\u00edcias ser\u00e1 divulgado antes disso. At\u00e9 o momento, o governo federal afirma que n\u00e3o existe qualquer prazo para a revela\u00e7\u00e3o dos laudos forenses que poder\u00e3o colocar um ponto final numa das d\u00favidas hist\u00f3ricas mais importantes que a pol\u00edtica nacional j\u00e1 produziu.<\/p>\n<p>por Reda\u00e7\u00e3o RBA <\/p>\n","protected":false},"excerpt":{"rendered":"<p>Despojos foram recebidos por Dilma Rousseff e tr\u00eas ex-presidentes da redemocratiza\u00e7\u00e3o. Familiares se emocionaram com honras militares que Jo\u00e3o Goulart nunca teve S\u00e3o Paulo \u2013 Os restos mortais de Jo\u00e3o Goulart foram recebidos hoje (14) em Bras\u00edlia com as honras&hellip;<\/p>\n","protected":false},"author":44,"featured_media":76738,"comment_status":"closed","ping_status":"open","sticky":false,"template":"","format":"standard","meta":{"footnotes":""},"categories":[104,42,111],"tags":[4995,7758,7759],"class_list":["post-76733","post","type-post","status-publish","format-standard","has-post-thumbnail","hentry","category-america-do-sul","category-internacional-2","category-politica-pt-pt","tag-ditadura","tag-jango","tag-joao-goulart"],"yoast_head":"<!-- This site is optimized with the Yoast SEO plugin v27.1.1 - https:\/\/yoast.com\/product\/yoast-seo-wordpress\/ -->\n<title>Quase 50 anos depois, Jango volta a Bras\u00edlia como chefe de Estado<\/title>\n<meta name=\"description\" content=\"Despojos foram recebidos por Dilma Rousseff e tr\u00eas ex-presidentes da redemocratiza\u00e7\u00e3o. Familiares se emocionaram com honras militares que Jo\u00e3o Goulart\" \/>\n<meta name=\"robots\" content=\"index, follow, max-snippet:-1, max-image-preview:large, max-video-preview:-1\" \/>\n<link rel=\"canonical\" href=\"https:\/\/www.pressenza.com\/pt-pt\/2013\/11\/quase-50-anos-depois-jango-volta-brasilia-como-chefe-de-estado\/\" \/>\n<meta property=\"og:locale\" content=\"pt_PT\" \/>\n<meta property=\"og:type\" content=\"article\" \/>\n<meta property=\"og:title\" content=\"Quase 50 anos depois, Jango volta a Bras\u00edlia como chefe de Estado\" \/>\n<meta property=\"og:description\" content=\"Despojos foram recebidos por Dilma Rousseff e tr\u00eas ex-presidentes da redemocratiza\u00e7\u00e3o. Familiares se emocionaram com honras militares que Jo\u00e3o Goulart\" \/>\n<meta property=\"og:url\" content=\"https:\/\/www.pressenza.com\/pt-pt\/2013\/11\/quase-50-anos-depois-jango-volta-brasilia-como-chefe-de-estado\/\" \/>\n<meta property=\"og:site_name\" content=\"Pressenza\" \/>\n<meta property=\"article:publisher\" content=\"https:\/\/www.facebook.com\/PressenzaItalia\" \/>\n<meta property=\"article:author\" content=\"https:\/\/www.facebook.com\/PressenzaPortugues\" \/>\n<meta property=\"article:published_time\" content=\"2013-11-15T00:35:17+00:00\" \/>\n<meta property=\"og:image\" content=\"https:\/\/www.pressenza.com\/wp-content\/uploads\/2013\/11\/jango-brasilia.jpg\" \/>\n\t<meta property=\"og:image:width\" content=\"780\" \/>\n\t<meta property=\"og:image:height\" content=\"490\" \/>\n\t<meta property=\"og:image:type\" content=\"image\/jpeg\" \/>\n<meta name=\"author\" content=\"Reda\u00e7\u00e3o S\u00e3o Paulo\" \/>\n<meta name=\"twitter:card\" content=\"summary_large_image\" \/>\n<meta name=\"twitter:creator\" content=\"@pressenza_pt\" \/>\n<meta name=\"twitter:site\" content=\"@PressenzaIPA\" \/>\n<meta name=\"twitter:label1\" content=\"Escrito por\" \/>\n\t<meta name=\"twitter:data1\" content=\"Reda\u00e7\u00e3o S\u00e3o Paulo\" \/>\n\t<meta name=\"twitter:label2\" content=\"Tempo estimado de leitura\" \/>\n\t<meta name=\"twitter:data2\" content=\"5 minutos\" \/>\n<script type=\"application\/ld+json\" class=\"yoast-schema-graph\">{\"@context\":\"https:\/\/schema.org\",\"@graph\":[{\"@type\":\"Article\",\"@id\":\"https:\/\/www.pressenza.com\/pt-pt\/2013\/11\/quase-50-anos-depois-jango-volta-brasilia-como-chefe-de-estado\/#article\",\"isPartOf\":{\"@id\":\"https:\/\/www.pressenza.com\/pt-pt\/2013\/11\/quase-50-anos-depois-jango-volta-brasilia-como-chefe-de-estado\/\"},\"author\":{\"name\":\"Reda\u00e7\u00e3o S\u00e3o Paulo\",\"@id\":\"https:\/\/www.pressenza.com\/pt-pt\/#\/schema\/person\/d171826afb7693cfc394da95892bfd93\"},\"headline\":\"Quase 50 anos depois, Jango volta a Bras\u00edlia como chefe de Estado\",\"datePublished\":\"2013-11-15T00:35:17+00:00\",\"mainEntityOfPage\":{\"@id\":\"https:\/\/www.pressenza.com\/pt-pt\/2013\/11\/quase-50-anos-depois-jango-volta-brasilia-como-chefe-de-estado\/\"},\"wordCount\":947,\"publisher\":{\"@id\":\"https:\/\/www.pressenza.com\/pt-pt\/#organization\"},\"image\":{\"@id\":\"https:\/\/www.pressenza.com\/pt-pt\/2013\/11\/quase-50-anos-depois-jango-volta-brasilia-como-chefe-de-estado\/#primaryimage\"},\"thumbnailUrl\":\"https:\/\/www.pressenza.com\/wp-content\/uploads\/2013\/11\/jango-brasilia.jpg\",\"keywords\":[\"ditadura\",\"jango\",\"joao goulart\"],\"articleSection\":[\"\u00c1m\u00e9rica do Sul\",\"Internacional\",\"Pol\u00edtica\"],\"inLanguage\":\"pt-PT\"},{\"@type\":\"WebPage\",\"@id\":\"https:\/\/www.pressenza.com\/pt-pt\/2013\/11\/quase-50-anos-depois-jango-volta-brasilia-como-chefe-de-estado\/\",\"url\":\"https:\/\/www.pressenza.com\/pt-pt\/2013\/11\/quase-50-anos-depois-jango-volta-brasilia-como-chefe-de-estado\/\",\"name\":\"Quase 50 anos depois, Jango volta a Bras\u00edlia como chefe de Estado\",\"isPartOf\":{\"@id\":\"https:\/\/www.pressenza.com\/pt-pt\/#website\"},\"primaryImageOfPage\":{\"@id\":\"https:\/\/www.pressenza.com\/pt-pt\/2013\/11\/quase-50-anos-depois-jango-volta-brasilia-como-chefe-de-estado\/#primaryimage\"},\"image\":{\"@id\":\"https:\/\/www.pressenza.com\/pt-pt\/2013\/11\/quase-50-anos-depois-jango-volta-brasilia-como-chefe-de-estado\/#primaryimage\"},\"thumbnailUrl\":\"https:\/\/www.pressenza.com\/wp-content\/uploads\/2013\/11\/jango-brasilia.jpg\",\"datePublished\":\"2013-11-15T00:35:17+00:00\",\"description\":\"Despojos foram recebidos por Dilma Rousseff e tr\u00eas ex-presidentes da redemocratiza\u00e7\u00e3o. Familiares se emocionaram com honras militares que Jo\u00e3o Goulart\",\"breadcrumb\":{\"@id\":\"https:\/\/www.pressenza.com\/pt-pt\/2013\/11\/quase-50-anos-depois-jango-volta-brasilia-como-chefe-de-estado\/#breadcrumb\"},\"inLanguage\":\"pt-PT\",\"potentialAction\":[{\"@type\":\"ReadAction\",\"target\":[\"https:\/\/www.pressenza.com\/pt-pt\/2013\/11\/quase-50-anos-depois-jango-volta-brasilia-como-chefe-de-estado\/\"]}]},{\"@type\":\"ImageObject\",\"inLanguage\":\"pt-PT\",\"@id\":\"https:\/\/www.pressenza.com\/pt-pt\/2013\/11\/quase-50-anos-depois-jango-volta-brasilia-como-chefe-de-estado\/#primaryimage\",\"url\":\"https:\/\/www.pressenza.com\/wp-content\/uploads\/2013\/11\/jango-brasilia.jpg\",\"contentUrl\":\"https:\/\/www.pressenza.com\/wp-content\/uploads\/2013\/11\/jango-brasilia.jpg\",\"width\":780,\"height\":490},{\"@type\":\"BreadcrumbList\",\"@id\":\"https:\/\/www.pressenza.com\/pt-pt\/2013\/11\/quase-50-anos-depois-jango-volta-brasilia-como-chefe-de-estado\/#breadcrumb\",\"itemListElement\":[{\"@type\":\"ListItem\",\"position\":1,\"name\":\"Accueil\",\"item\":\"https:\/\/www.pressenza.com\/pt-pt\/\"},{\"@type\":\"ListItem\",\"position\":2,\"name\":\"Quase 50 anos depois, Jango volta a Bras\u00edlia como chefe de Estado\"}]},{\"@type\":\"WebSite\",\"@id\":\"https:\/\/www.pressenza.com\/pt-pt\/#website\",\"url\":\"https:\/\/www.pressenza.com\/pt-pt\/\",\"name\":\"Pressenza\",\"description\":\"International Press Agency\",\"publisher\":{\"@id\":\"https:\/\/www.pressenza.com\/pt-pt\/#organization\"},\"potentialAction\":[{\"@type\":\"SearchAction\",\"target\":{\"@type\":\"EntryPoint\",\"urlTemplate\":\"https:\/\/www.pressenza.com\/pt-pt\/?s={search_term_string}\"},\"query-input\":{\"@type\":\"PropertyValueSpecification\",\"valueRequired\":true,\"valueName\":\"search_term_string\"}}],\"inLanguage\":\"pt-PT\"},{\"@type\":\"Organization\",\"@id\":\"https:\/\/www.pressenza.com\/pt-pt\/#organization\",\"name\":\"Pressenza\",\"url\":\"https:\/\/www.pressenza.com\/pt-pt\/\",\"logo\":{\"@type\":\"ImageObject\",\"inLanguage\":\"pt-PT\",\"@id\":\"https:\/\/www.pressenza.com\/pt-pt\/#\/schema\/logo\/image\/\",\"url\":\"https:\/\/www.pressenza.com\/wp-content\/uploads\/2022\/10\/pressenza_logo_200x200.jpg\",\"contentUrl\":\"https:\/\/www.pressenza.com\/wp-content\/uploads\/2022\/10\/pressenza_logo_200x200.jpg\",\"width\":200,\"height\":200,\"caption\":\"Pressenza\"},\"image\":{\"@id\":\"https:\/\/www.pressenza.com\/pt-pt\/#\/schema\/logo\/image\/\"},\"sameAs\":[\"https:\/\/www.facebook.com\/PressenzaItalia\",\"https:\/\/x.com\/PressenzaIPA\"]},{\"@type\":\"Person\",\"@id\":\"https:\/\/www.pressenza.com\/pt-pt\/#\/schema\/person\/d171826afb7693cfc394da95892bfd93\",\"name\":\"Reda\u00e7\u00e3o S\u00e3o Paulo\",\"description\":\"News from the Pressenza bureau in Sao Paulo, Brazil\",\"sameAs\":[\"https:\/\/www.facebook.com\/PressenzaPortugues\",\"https:\/\/x.com\/pressenza_pt\"],\"url\":\"https:\/\/www.pressenza.com\/pt-pt\/author\/redaccao-sao-paulo\/\"}]}<\/script>\n<!-- \/ Yoast SEO plugin. -->","yoast_head_json":{"title":"Quase 50 anos depois, Jango volta a Bras\u00edlia como chefe de Estado","description":"Despojos foram recebidos por Dilma Rousseff e tr\u00eas ex-presidentes da redemocratiza\u00e7\u00e3o. Familiares se emocionaram com honras militares que Jo\u00e3o Goulart","robots":{"index":"index","follow":"follow","max-snippet":"max-snippet:-1","max-image-preview":"max-image-preview:large","max-video-preview":"max-video-preview:-1"},"canonical":"https:\/\/www.pressenza.com\/pt-pt\/2013\/11\/quase-50-anos-depois-jango-volta-brasilia-como-chefe-de-estado\/","og_locale":"pt_PT","og_type":"article","og_title":"Quase 50 anos depois, Jango volta a Bras\u00edlia como chefe de Estado","og_description":"Despojos foram recebidos por Dilma Rousseff e tr\u00eas ex-presidentes da redemocratiza\u00e7\u00e3o. Familiares se emocionaram com honras militares que Jo\u00e3o Goulart","og_url":"https:\/\/www.pressenza.com\/pt-pt\/2013\/11\/quase-50-anos-depois-jango-volta-brasilia-como-chefe-de-estado\/","og_site_name":"Pressenza","article_publisher":"https:\/\/www.facebook.com\/PressenzaItalia","article_author":"https:\/\/www.facebook.com\/PressenzaPortugues","article_published_time":"2013-11-15T00:35:17+00:00","og_image":[{"width":780,"height":490,"url":"https:\/\/www.pressenza.com\/wp-content\/uploads\/2013\/11\/jango-brasilia.jpg","type":"image\/jpeg"}],"author":"Reda\u00e7\u00e3o S\u00e3o Paulo","twitter_card":"summary_large_image","twitter_creator":"@pressenza_pt","twitter_site":"@PressenzaIPA","twitter_misc":{"Escrito por":"Reda\u00e7\u00e3o S\u00e3o Paulo","Tempo estimado de leitura":"5 minutos"},"schema":{"@context":"https:\/\/schema.org","@graph":[{"@type":"Article","@id":"https:\/\/www.pressenza.com\/pt-pt\/2013\/11\/quase-50-anos-depois-jango-volta-brasilia-como-chefe-de-estado\/#article","isPartOf":{"@id":"https:\/\/www.pressenza.com\/pt-pt\/2013\/11\/quase-50-anos-depois-jango-volta-brasilia-como-chefe-de-estado\/"},"author":{"name":"Reda\u00e7\u00e3o S\u00e3o Paulo","@id":"https:\/\/www.pressenza.com\/pt-pt\/#\/schema\/person\/d171826afb7693cfc394da95892bfd93"},"headline":"Quase 50 anos depois, Jango volta a Bras\u00edlia como chefe de Estado","datePublished":"2013-11-15T00:35:17+00:00","mainEntityOfPage":{"@id":"https:\/\/www.pressenza.com\/pt-pt\/2013\/11\/quase-50-anos-depois-jango-volta-brasilia-como-chefe-de-estado\/"},"wordCount":947,"publisher":{"@id":"https:\/\/www.pressenza.com\/pt-pt\/#organization"},"image":{"@id":"https:\/\/www.pressenza.com\/pt-pt\/2013\/11\/quase-50-anos-depois-jango-volta-brasilia-como-chefe-de-estado\/#primaryimage"},"thumbnailUrl":"https:\/\/www.pressenza.com\/wp-content\/uploads\/2013\/11\/jango-brasilia.jpg","keywords":["ditadura","jango","joao goulart"],"articleSection":["\u00c1m\u00e9rica do Sul","Internacional","Pol\u00edtica"],"inLanguage":"pt-PT"},{"@type":"WebPage","@id":"https:\/\/www.pressenza.com\/pt-pt\/2013\/11\/quase-50-anos-depois-jango-volta-brasilia-como-chefe-de-estado\/","url":"https:\/\/www.pressenza.com\/pt-pt\/2013\/11\/quase-50-anos-depois-jango-volta-brasilia-como-chefe-de-estado\/","name":"Quase 50 anos depois, Jango volta a Bras\u00edlia como chefe de Estado","isPartOf":{"@id":"https:\/\/www.pressenza.com\/pt-pt\/#website"},"primaryImageOfPage":{"@id":"https:\/\/www.pressenza.com\/pt-pt\/2013\/11\/quase-50-anos-depois-jango-volta-brasilia-como-chefe-de-estado\/#primaryimage"},"image":{"@id":"https:\/\/www.pressenza.com\/pt-pt\/2013\/11\/quase-50-anos-depois-jango-volta-brasilia-como-chefe-de-estado\/#primaryimage"},"thumbnailUrl":"https:\/\/www.pressenza.com\/wp-content\/uploads\/2013\/11\/jango-brasilia.jpg","datePublished":"2013-11-15T00:35:17+00:00","description":"Despojos foram recebidos por Dilma Rousseff e tr\u00eas ex-presidentes da redemocratiza\u00e7\u00e3o. Familiares se emocionaram com honras militares que Jo\u00e3o Goulart","breadcrumb":{"@id":"https:\/\/www.pressenza.com\/pt-pt\/2013\/11\/quase-50-anos-depois-jango-volta-brasilia-como-chefe-de-estado\/#breadcrumb"},"inLanguage":"pt-PT","potentialAction":[{"@type":"ReadAction","target":["https:\/\/www.pressenza.com\/pt-pt\/2013\/11\/quase-50-anos-depois-jango-volta-brasilia-como-chefe-de-estado\/"]}]},{"@type":"ImageObject","inLanguage":"pt-PT","@id":"https:\/\/www.pressenza.com\/pt-pt\/2013\/11\/quase-50-anos-depois-jango-volta-brasilia-como-chefe-de-estado\/#primaryimage","url":"https:\/\/www.pressenza.com\/wp-content\/uploads\/2013\/11\/jango-brasilia.jpg","contentUrl":"https:\/\/www.pressenza.com\/wp-content\/uploads\/2013\/11\/jango-brasilia.jpg","width":780,"height":490},{"@type":"BreadcrumbList","@id":"https:\/\/www.pressenza.com\/pt-pt\/2013\/11\/quase-50-anos-depois-jango-volta-brasilia-como-chefe-de-estado\/#breadcrumb","itemListElement":[{"@type":"ListItem","position":1,"name":"Accueil","item":"https:\/\/www.pressenza.com\/pt-pt\/"},{"@type":"ListItem","position":2,"name":"Quase 50 anos depois, Jango volta a Bras\u00edlia como chefe de Estado"}]},{"@type":"WebSite","@id":"https:\/\/www.pressenza.com\/pt-pt\/#website","url":"https:\/\/www.pressenza.com\/pt-pt\/","name":"Pressenza","description":"International Press Agency","publisher":{"@id":"https:\/\/www.pressenza.com\/pt-pt\/#organization"},"potentialAction":[{"@type":"SearchAction","target":{"@type":"EntryPoint","urlTemplate":"https:\/\/www.pressenza.com\/pt-pt\/?s={search_term_string}"},"query-input":{"@type":"PropertyValueSpecification","valueRequired":true,"valueName":"search_term_string"}}],"inLanguage":"pt-PT"},{"@type":"Organization","@id":"https:\/\/www.pressenza.com\/pt-pt\/#organization","name":"Pressenza","url":"https:\/\/www.pressenza.com\/pt-pt\/","logo":{"@type":"ImageObject","inLanguage":"pt-PT","@id":"https:\/\/www.pressenza.com\/pt-pt\/#\/schema\/logo\/image\/","url":"https:\/\/www.pressenza.com\/wp-content\/uploads\/2022\/10\/pressenza_logo_200x200.jpg","contentUrl":"https:\/\/www.pressenza.com\/wp-content\/uploads\/2022\/10\/pressenza_logo_200x200.jpg","width":200,"height":200,"caption":"Pressenza"},"image":{"@id":"https:\/\/www.pressenza.com\/pt-pt\/#\/schema\/logo\/image\/"},"sameAs":["https:\/\/www.facebook.com\/PressenzaItalia","https:\/\/x.com\/PressenzaIPA"]},{"@type":"Person","@id":"https:\/\/www.pressenza.com\/pt-pt\/#\/schema\/person\/d171826afb7693cfc394da95892bfd93","name":"Reda\u00e7\u00e3o S\u00e3o Paulo","description":"News from the Pressenza bureau in Sao Paulo, Brazil","sameAs":["https:\/\/www.facebook.com\/PressenzaPortugues","https:\/\/x.com\/pressenza_pt"],"url":"https:\/\/www.pressenza.com\/pt-pt\/author\/redaccao-sao-paulo\/"}]}},"place":"","original_article_url":"","_links":{"self":[{"href":"https:\/\/www.pressenza.com\/pt-pt\/wp-json\/wp\/v2\/posts\/76733","targetHints":{"allow":["GET"]}}],"collection":[{"href":"https:\/\/www.pressenza.com\/pt-pt\/wp-json\/wp\/v2\/posts"}],"about":[{"href":"https:\/\/www.pressenza.com\/pt-pt\/wp-json\/wp\/v2\/types\/post"}],"author":[{"embeddable":true,"href":"https:\/\/www.pressenza.com\/pt-pt\/wp-json\/wp\/v2\/users\/44"}],"replies":[{"embeddable":true,"href":"https:\/\/www.pressenza.com\/pt-pt\/wp-json\/wp\/v2\/comments?post=76733"}],"version-history":[{"count":0,"href":"https:\/\/www.pressenza.com\/pt-pt\/wp-json\/wp\/v2\/posts\/76733\/revisions"}],"wp:featuredmedia":[{"embeddable":true,"href":"https:\/\/www.pressenza.com\/pt-pt\/wp-json\/wp\/v2\/media\/76738"}],"wp:attachment":[{"href":"https:\/\/www.pressenza.com\/pt-pt\/wp-json\/wp\/v2\/media?parent=76733"}],"wp:term":[{"taxonomy":"category","embeddable":true,"href":"https:\/\/www.pressenza.com\/pt-pt\/wp-json\/wp\/v2\/categories?post=76733"},{"taxonomy":"post_tag","embeddable":true,"href":"https:\/\/www.pressenza.com\/pt-pt\/wp-json\/wp\/v2\/tags?post=76733"}],"curies":[{"name":"wp","href":"https:\/\/api.w.org\/{rel}","templated":true}]}}