{"id":75158,"date":"2013-11-05T02:49:17","date_gmt":"2013-11-05T02:49:17","guid":{"rendered":"http:\/\/www.pressenza.com\/?p=75158"},"modified":"2013-11-05T02:49:17","modified_gmt":"2013-11-05T02:49:17","slug":"no-brasil-marco-civil-da-internet-tem-semana-decisiva-sob-pressao-das-teles-da-globo","status":"publish","type":"post","link":"https:\/\/www.pressenza.com\/pt-pt\/2013\/11\/no-brasil-marco-civil-da-internet-tem-semana-decisiva-sob-pressao-das-teles-da-globo\/","title":{"rendered":"No Brasil, Marco Civil da Internet tem semana decisiva sob press\u00e3o das teles e da Globo"},"content":{"rendered":"<p>S\u00e3o Paulo \u2013 A vota\u00e7\u00e3o do Marco Civil da Internet entra em semana decisiva. O objetivo do projeto \u00e9 estabelecer regras que definir\u00e3o direitos dos internautas, como a liberdade de uso, de cria\u00e7\u00e3o de conte\u00fados e de meios de difundi-los, e limites a empresas de telecomunica\u00e7\u00f5es, sejam produtoras de conte\u00fado, provedoras de acesso ou operadoras de telefonia. O Marco Civil pode consolidar a liberdade j\u00e1 alcan\u00e7ada, e tornar crime pr\u00e1ticas que atentarem contra os direitos individuais, direitos civis e direitos humanos, que hoje n\u00e3o contam com regras claras para inibi-las.<\/p>\n<p>Pelo menos, foi com esse foco que o projeto foi elaborado, depois de consumir muito tempo de discuss\u00e3o com a participa\u00e7\u00e3o das empresas, de integrantes do Comit\u00ea Gestor da Internet (CGI) no Brasil, representantes da sociedade, do Executivo, do Legislativo e do Judici\u00e1rio. O resultado desse processo resultou num relat\u00f3rio, elaborado pelo deputado Alessandro Molon (PT-RJ).<\/p>\n<p>O texto final ser\u00e1 oficialmente apresentado amanh\u00e3 (5). Na quarta, ser\u00e1 assunto de uma comiss\u00e3o geral convocada pelo presidente da C\u00e2mara, Henrique Eduardo Alves (PMDB-RN). Uma comiss\u00e3o geral substitui uma sess\u00e3o plen\u00e1ria regular da Casa. Nela, al\u00e9m dos deputados, representantes da sociedade s\u00e3o chamados para contribuir com o debate de temas importantes. Se houver consenso, amanh\u00e3, de que o Marco Civil est\u00e1 ok para ir a vota\u00e7\u00e3o, Henrique Eduardo Alves pretende faz\u00ea-lo logo ap\u00f3s a reuni\u00e3o da comiss\u00e3o geral, marcada para as 9h da quarta.<\/p>\n<p>Por\u00e9m, todo esse debate democr\u00e1tico corre o risco de virar p\u00f3, caso o lobby das empresas operadoras de telefonia e de telecomunica\u00e7\u00f5es prospere. As empresas atuam pesado para mover dois de seus principais interesses. Um, das operadoras, de poder cobrar por pacotes diferentes de dados, al\u00e9m de distinguir tamb\u00e9m a velocidade ofertada.<\/p>\n<p>Hoje, as empresas (provedores) n\u00e3o podem cobrar por pacotes de conte\u00fados, como uma TV a cabo. Podem cobrar pela entrega mais lenta ou mais r\u00e1pida das informa\u00e7\u00f5es que chegam ao usu\u00e1rios. Assista aqui a um v\u00eddeo esclarecedor sobre a quest\u00e3o.<\/p>\n<p><iframe loading=\"lazy\" src=\"\/\/www.youtube.com\/embed\/8DdaC93O9Yw\" height=\"315\" width=\"560\" allowfullscreen=\"\" frameborder=\"0\"><\/iframe><\/p>\n<p><strong>Censura<\/strong><br \/>\nOutro item perigoso est\u00e1 no interesse de empresas, como a Globo, que for\u00e7am para que o Marco Civil permita a remo\u00e7\u00e3o de conte\u00fado por meio de notifica\u00e7\u00e3o extrajudicial. Sob pretexto de prote\u00e7\u00e3o de direitos autorais, as empresas querem ter o direito de mandar remover no grito um determinado conte\u00fado que, pelo que foi democraticamente debatido durante a constru\u00e7\u00e3o do Marco Civil, s\u00f3 poderia ser feito por via judicial.<\/p>\n<p>\u201cHoje, as empresas j\u00e1 usam as a\u00e7\u00f5es judiciais para promover a censura de conte\u00fado. Imagine se n\u00e3o precisarem mais disso. Se puderem ir direto ao provedor e dizer a ele para retirar tal conte\u00fado por que fere \u2018meus direitos\u2019. Quem tem de decidir isso \u00e9 a Justi\u00e7a\u201d, diz o soci\u00f3logo S\u00e9rgio Amadeu, ativista digital e integrante do CGI. \u201cSe essas pretens\u00f5es passarem, ser\u00e1 o fim da internet livre como a conhecemos hoje. Ser\u00e1 mais um ambiente em que um setor colocar\u00e1 seus interesses e seus neg\u00f3cios acima da Constitui\u00e7\u00e3o e da liberdade.\u201d<\/p>\n<p>O que preocupa os ativistas da democracia e da defesa dos interesses do consumidor \u00e9 a ofensiva das empresas sobre os parlamentares. Na semana passada, a imprensa noticiou encontro entre executivos das teles, da Globo e o l\u00edder do PMDB na C\u00e2mara, Eduardo Cunha (PMDB-RJ), na resid\u00eancia do presidente da Casa, Henrique Alves. \u201cEles, os paladinos da liberdade de express\u00e3o, est\u00e3o tramando mudan\u00e7as irrespons\u00e1veis no texto para introduzir a censura na rede\u201d, diz Amadeu.<\/p>\n<p>O jornalista Renato Rovai, editor da Revista F\u00f3rum, apontou em seu blog argumentos postados pelo deputado Eduardo Cunha no Tweeter: \u201cQuerem e comunizar a internet, obrigando a fornecerem de forma ilimitada a infra para qualquer tamanho de transito, com pre\u00e7o igual para todos. Ou seja o consumidor paga o que n\u00e3o usa para os outros usarem.Isso e neutralidade? Ningu\u00e9m esta pensando no pobre consumidor. \u00c9 como se a gente permitisse a utiliza\u00e7\u00e3o de luz \u00e0 vontade e todos pagassem a mesma conta. Quem usasse ar condicionado e chuveiro eletrico pagasse o mesmo de quem tem casa popular, escreveu o parlamentar.<\/p>\n<p>O deputado comete duas revela\u00e7\u00f5es: uma, a de que est\u00e1 disposto a \u201cideologizar\u201d o debate, como se fosse uma disputa entre \u201cesquerda e direita\u201d e n\u00e3o uma peleja entre (hoje) 100 milh\u00f5es de usu\u00e1rios e meia d\u00fazia de empresas com faturamento de R$ 280 bilh\u00f5es, e que t\u00eam no curr\u00edculo um dos servi\u00e7os de internet mais lentos e caros do mundo. Cunha revela ainda que est\u00e1 disposto a mentir, a empregar argumentos falaciosos como esses, para justificar sua \u201csensibilidade\u201d \u00e0s causas das teles.<\/p>\n<p>O l\u00edder do PMDB \u00e9 conhecido por seu poder de influ\u00eancia n\u00e3o apenas sobre a bancada do partido, como tamb\u00e9m por liderar algumas dezenas de outros parlamentares de legendas menores, especialmente os evang\u00e9licos. E est\u00e3o em jogo interesses com muito poder de fogo em rela\u00e7\u00e3o a apoios log\u00edsticos, midi\u00e1ticos e financeiros para as elei\u00e7\u00f5es do anos que vem \u2013 n\u00e3o \u00e9 \u00e0 toa que esses caciques do Congresso obstruem qualquer tentativa de acabar com o financiamento de empresas a campanhas eleitorais.<\/p>\n<p>\u201cSe a disputa ficar no corredor do Congresso, a gente perde, e eles ganham\u201d, alerta S\u00e9rgio Amadeu.<\/p>\n<p>por Paulo Donizetti de Souza, da RBA<\/p>\n","protected":false},"excerpt":{"rendered":"<p>S\u00e3o Paulo \u2013 A vota\u00e7\u00e3o do Marco Civil da Internet entra em semana decisiva. O objetivo do projeto \u00e9 estabelecer regras que definir\u00e3o direitos dos internautas, como a liberdade de uso, de cria\u00e7\u00e3o de conte\u00fados e de meios de difundi-los,&hellip;<\/p>\n","protected":false},"author":44,"featured_media":75164,"comment_status":"closed","ping_status":"open","sticky":false,"template":"","format":"standard","meta":{"footnotes":""},"categories":[499,116,42],"tags":[6040],"class_list":["post-75158","post","type-post","status-publish","format-standard","has-post-thumbnail","hentry","category-ciencia-tecnologia-pt","category-direitos-humanos","category-internacional-2","tag-marco-civil-internet"],"yoast_head":"<!-- This site is optimized with the Yoast SEO plugin v27.1.1 - https:\/\/yoast.com\/product\/yoast-seo-wordpress\/ -->\n<title>No Brasil, Marco Civil da Internet tem semana decisiva sob press\u00e3o das teles e da Globo<\/title>\n<meta name=\"description\" content=\"S\u00e3o Paulo \u2013 A vota\u00e7\u00e3o do Marco Civil da Internet entra em semana decisiva. O objetivo do projeto \u00e9 estabelecer regras que definir\u00e3o direitos dos\" \/>\n<meta name=\"robots\" content=\"index, follow, max-snippet:-1, max-image-preview:large, max-video-preview:-1\" \/>\n<link rel=\"canonical\" href=\"https:\/\/www.pressenza.com\/pt-pt\/2013\/11\/no-brasil-marco-civil-da-internet-tem-semana-decisiva-sob-pressao-das-teles-da-globo\/\" \/>\n<meta property=\"og:locale\" content=\"pt_PT\" \/>\n<meta property=\"og:type\" content=\"article\" \/>\n<meta property=\"og:title\" content=\"No Brasil, Marco Civil da Internet tem semana decisiva sob press\u00e3o das teles e da Globo\" \/>\n<meta property=\"og:description\" content=\"S\u00e3o Paulo \u2013 A vota\u00e7\u00e3o do Marco Civil da Internet entra em semana decisiva. O objetivo do projeto \u00e9 estabelecer regras que definir\u00e3o direitos dos\" \/>\n<meta property=\"og:url\" content=\"https:\/\/www.pressenza.com\/pt-pt\/2013\/11\/no-brasil-marco-civil-da-internet-tem-semana-decisiva-sob-pressao-das-teles-da-globo\/\" \/>\n<meta property=\"og:site_name\" content=\"Pressenza\" \/>\n<meta property=\"article:publisher\" content=\"https:\/\/www.facebook.com\/PressenzaItalia\" \/>\n<meta property=\"article:author\" content=\"https:\/\/www.facebook.com\/PressenzaPortugues\" \/>\n<meta property=\"article:published_time\" content=\"2013-11-05T02:49:17+00:00\" \/>\n<meta property=\"og:image\" content=\"https:\/\/www.pressenza.com\/wp-content\/uploads\/2013\/11\/marco-civil-da-internet-20100523091425.jpg\" \/>\n\t<meta property=\"og:image:width\" content=\"432\" \/>\n\t<meta property=\"og:image:height\" content=\"281\" \/>\n\t<meta property=\"og:image:type\" content=\"image\/jpeg\" \/>\n<meta name=\"author\" content=\"Reda\u00e7\u00e3o S\u00e3o Paulo\" \/>\n<meta name=\"twitter:card\" content=\"summary_large_image\" \/>\n<meta name=\"twitter:creator\" content=\"@pressenza_pt\" \/>\n<meta name=\"twitter:site\" content=\"@PressenzaIPA\" \/>\n<meta name=\"twitter:label1\" content=\"Escrito por\" \/>\n\t<meta name=\"twitter:data1\" content=\"Reda\u00e7\u00e3o S\u00e3o Paulo\" \/>\n\t<meta name=\"twitter:label2\" content=\"Tempo estimado de leitura\" \/>\n\t<meta name=\"twitter:data2\" content=\"5 minutos\" \/>\n<script type=\"application\/ld+json\" class=\"yoast-schema-graph\">{\"@context\":\"https:\/\/schema.org\",\"@graph\":[{\"@type\":\"Article\",\"@id\":\"https:\/\/www.pressenza.com\/pt-pt\/2013\/11\/no-brasil-marco-civil-da-internet-tem-semana-decisiva-sob-pressao-das-teles-da-globo\/#article\",\"isPartOf\":{\"@id\":\"https:\/\/www.pressenza.com\/pt-pt\/2013\/11\/no-brasil-marco-civil-da-internet-tem-semana-decisiva-sob-pressao-das-teles-da-globo\/\"},\"author\":{\"name\":\"Reda\u00e7\u00e3o S\u00e3o Paulo\",\"@id\":\"https:\/\/www.pressenza.com\/pt-pt\/#\/schema\/person\/d171826afb7693cfc394da95892bfd93\"},\"headline\":\"No Brasil, Marco Civil da Internet tem semana decisiva sob press\u00e3o das teles e da Globo\",\"datePublished\":\"2013-11-05T02:49:17+00:00\",\"mainEntityOfPage\":{\"@id\":\"https:\/\/www.pressenza.com\/pt-pt\/2013\/11\/no-brasil-marco-civil-da-internet-tem-semana-decisiva-sob-pressao-das-teles-da-globo\/\"},\"wordCount\":939,\"publisher\":{\"@id\":\"https:\/\/www.pressenza.com\/pt-pt\/#organization\"},\"image\":{\"@id\":\"https:\/\/www.pressenza.com\/pt-pt\/2013\/11\/no-brasil-marco-civil-da-internet-tem-semana-decisiva-sob-pressao-das-teles-da-globo\/#primaryimage\"},\"thumbnailUrl\":\"https:\/\/www.pressenza.com\/wp-content\/uploads\/2013\/11\/marco-civil-da-internet-20100523091425.jpg\",\"keywords\":[\"marco civil internet\"],\"articleSection\":[\"Ci\u00eancia e Tecnologia\",\"Direitos Humanos\",\"Internacional\"],\"inLanguage\":\"pt-PT\"},{\"@type\":\"WebPage\",\"@id\":\"https:\/\/www.pressenza.com\/pt-pt\/2013\/11\/no-brasil-marco-civil-da-internet-tem-semana-decisiva-sob-pressao-das-teles-da-globo\/\",\"url\":\"https:\/\/www.pressenza.com\/pt-pt\/2013\/11\/no-brasil-marco-civil-da-internet-tem-semana-decisiva-sob-pressao-das-teles-da-globo\/\",\"name\":\"No Brasil, Marco Civil da Internet tem semana decisiva sob press\u00e3o das teles e da Globo\",\"isPartOf\":{\"@id\":\"https:\/\/www.pressenza.com\/pt-pt\/#website\"},\"primaryImageOfPage\":{\"@id\":\"https:\/\/www.pressenza.com\/pt-pt\/2013\/11\/no-brasil-marco-civil-da-internet-tem-semana-decisiva-sob-pressao-das-teles-da-globo\/#primaryimage\"},\"image\":{\"@id\":\"https:\/\/www.pressenza.com\/pt-pt\/2013\/11\/no-brasil-marco-civil-da-internet-tem-semana-decisiva-sob-pressao-das-teles-da-globo\/#primaryimage\"},\"thumbnailUrl\":\"https:\/\/www.pressenza.com\/wp-content\/uploads\/2013\/11\/marco-civil-da-internet-20100523091425.jpg\",\"datePublished\":\"2013-11-05T02:49:17+00:00\",\"description\":\"S\u00e3o Paulo \u2013 A vota\u00e7\u00e3o do Marco Civil da Internet entra em semana decisiva. O objetivo do projeto \u00e9 estabelecer regras que definir\u00e3o direitos dos\",\"breadcrumb\":{\"@id\":\"https:\/\/www.pressenza.com\/pt-pt\/2013\/11\/no-brasil-marco-civil-da-internet-tem-semana-decisiva-sob-pressao-das-teles-da-globo\/#breadcrumb\"},\"inLanguage\":\"pt-PT\",\"potentialAction\":[{\"@type\":\"ReadAction\",\"target\":[\"https:\/\/www.pressenza.com\/pt-pt\/2013\/11\/no-brasil-marco-civil-da-internet-tem-semana-decisiva-sob-pressao-das-teles-da-globo\/\"]}]},{\"@type\":\"ImageObject\",\"inLanguage\":\"pt-PT\",\"@id\":\"https:\/\/www.pressenza.com\/pt-pt\/2013\/11\/no-brasil-marco-civil-da-internet-tem-semana-decisiva-sob-pressao-das-teles-da-globo\/#primaryimage\",\"url\":\"https:\/\/www.pressenza.com\/wp-content\/uploads\/2013\/11\/marco-civil-da-internet-20100523091425.jpg\",\"contentUrl\":\"https:\/\/www.pressenza.com\/wp-content\/uploads\/2013\/11\/marco-civil-da-internet-20100523091425.jpg\",\"width\":432,\"height\":281},{\"@type\":\"BreadcrumbList\",\"@id\":\"https:\/\/www.pressenza.com\/pt-pt\/2013\/11\/no-brasil-marco-civil-da-internet-tem-semana-decisiva-sob-pressao-das-teles-da-globo\/#breadcrumb\",\"itemListElement\":[{\"@type\":\"ListItem\",\"position\":1,\"name\":\"Accueil\",\"item\":\"https:\/\/www.pressenza.com\/pt-pt\/\"},{\"@type\":\"ListItem\",\"position\":2,\"name\":\"No Brasil, Marco Civil da Internet tem semana decisiva sob press\u00e3o das teles e da Globo\"}]},{\"@type\":\"WebSite\",\"@id\":\"https:\/\/www.pressenza.com\/pt-pt\/#website\",\"url\":\"https:\/\/www.pressenza.com\/pt-pt\/\",\"name\":\"Pressenza\",\"description\":\"International Press Agency\",\"publisher\":{\"@id\":\"https:\/\/www.pressenza.com\/pt-pt\/#organization\"},\"potentialAction\":[{\"@type\":\"SearchAction\",\"target\":{\"@type\":\"EntryPoint\",\"urlTemplate\":\"https:\/\/www.pressenza.com\/pt-pt\/?s={search_term_string}\"},\"query-input\":{\"@type\":\"PropertyValueSpecification\",\"valueRequired\":true,\"valueName\":\"search_term_string\"}}],\"inLanguage\":\"pt-PT\"},{\"@type\":\"Organization\",\"@id\":\"https:\/\/www.pressenza.com\/pt-pt\/#organization\",\"name\":\"Pressenza\",\"url\":\"https:\/\/www.pressenza.com\/pt-pt\/\",\"logo\":{\"@type\":\"ImageObject\",\"inLanguage\":\"pt-PT\",\"@id\":\"https:\/\/www.pressenza.com\/pt-pt\/#\/schema\/logo\/image\/\",\"url\":\"https:\/\/www.pressenza.com\/wp-content\/uploads\/2022\/10\/pressenza_logo_200x200.jpg\",\"contentUrl\":\"https:\/\/www.pressenza.com\/wp-content\/uploads\/2022\/10\/pressenza_logo_200x200.jpg\",\"width\":200,\"height\":200,\"caption\":\"Pressenza\"},\"image\":{\"@id\":\"https:\/\/www.pressenza.com\/pt-pt\/#\/schema\/logo\/image\/\"},\"sameAs\":[\"https:\/\/www.facebook.com\/PressenzaItalia\",\"https:\/\/x.com\/PressenzaIPA\"]},{\"@type\":\"Person\",\"@id\":\"https:\/\/www.pressenza.com\/pt-pt\/#\/schema\/person\/d171826afb7693cfc394da95892bfd93\",\"name\":\"Reda\u00e7\u00e3o S\u00e3o Paulo\",\"description\":\"News from the Pressenza bureau in Sao Paulo, Brazil\",\"sameAs\":[\"https:\/\/www.facebook.com\/PressenzaPortugues\",\"https:\/\/x.com\/pressenza_pt\"],\"url\":\"https:\/\/www.pressenza.com\/pt-pt\/author\/redaccao-sao-paulo\/\"}]}<\/script>\n<!-- \/ Yoast SEO plugin. -->","yoast_head_json":{"title":"No Brasil, Marco Civil da Internet tem semana decisiva sob press\u00e3o das teles e da Globo","description":"S\u00e3o Paulo \u2013 A vota\u00e7\u00e3o do Marco Civil da Internet entra em semana decisiva. O objetivo do projeto \u00e9 estabelecer regras que definir\u00e3o direitos dos","robots":{"index":"index","follow":"follow","max-snippet":"max-snippet:-1","max-image-preview":"max-image-preview:large","max-video-preview":"max-video-preview:-1"},"canonical":"https:\/\/www.pressenza.com\/pt-pt\/2013\/11\/no-brasil-marco-civil-da-internet-tem-semana-decisiva-sob-pressao-das-teles-da-globo\/","og_locale":"pt_PT","og_type":"article","og_title":"No Brasil, Marco Civil da Internet tem semana decisiva sob press\u00e3o das teles e da Globo","og_description":"S\u00e3o Paulo \u2013 A vota\u00e7\u00e3o do Marco Civil da Internet entra em semana decisiva. O objetivo do projeto \u00e9 estabelecer regras que definir\u00e3o direitos dos","og_url":"https:\/\/www.pressenza.com\/pt-pt\/2013\/11\/no-brasil-marco-civil-da-internet-tem-semana-decisiva-sob-pressao-das-teles-da-globo\/","og_site_name":"Pressenza","article_publisher":"https:\/\/www.facebook.com\/PressenzaItalia","article_author":"https:\/\/www.facebook.com\/PressenzaPortugues","article_published_time":"2013-11-05T02:49:17+00:00","og_image":[{"width":432,"height":281,"url":"https:\/\/www.pressenza.com\/wp-content\/uploads\/2013\/11\/marco-civil-da-internet-20100523091425.jpg","type":"image\/jpeg"}],"author":"Reda\u00e7\u00e3o S\u00e3o Paulo","twitter_card":"summary_large_image","twitter_creator":"@pressenza_pt","twitter_site":"@PressenzaIPA","twitter_misc":{"Escrito por":"Reda\u00e7\u00e3o S\u00e3o Paulo","Tempo estimado de leitura":"5 minutos"},"schema":{"@context":"https:\/\/schema.org","@graph":[{"@type":"Article","@id":"https:\/\/www.pressenza.com\/pt-pt\/2013\/11\/no-brasil-marco-civil-da-internet-tem-semana-decisiva-sob-pressao-das-teles-da-globo\/#article","isPartOf":{"@id":"https:\/\/www.pressenza.com\/pt-pt\/2013\/11\/no-brasil-marco-civil-da-internet-tem-semana-decisiva-sob-pressao-das-teles-da-globo\/"},"author":{"name":"Reda\u00e7\u00e3o S\u00e3o Paulo","@id":"https:\/\/www.pressenza.com\/pt-pt\/#\/schema\/person\/d171826afb7693cfc394da95892bfd93"},"headline":"No Brasil, Marco Civil da Internet tem semana decisiva sob press\u00e3o das teles e da Globo","datePublished":"2013-11-05T02:49:17+00:00","mainEntityOfPage":{"@id":"https:\/\/www.pressenza.com\/pt-pt\/2013\/11\/no-brasil-marco-civil-da-internet-tem-semana-decisiva-sob-pressao-das-teles-da-globo\/"},"wordCount":939,"publisher":{"@id":"https:\/\/www.pressenza.com\/pt-pt\/#organization"},"image":{"@id":"https:\/\/www.pressenza.com\/pt-pt\/2013\/11\/no-brasil-marco-civil-da-internet-tem-semana-decisiva-sob-pressao-das-teles-da-globo\/#primaryimage"},"thumbnailUrl":"https:\/\/www.pressenza.com\/wp-content\/uploads\/2013\/11\/marco-civil-da-internet-20100523091425.jpg","keywords":["marco civil internet"],"articleSection":["Ci\u00eancia e Tecnologia","Direitos Humanos","Internacional"],"inLanguage":"pt-PT"},{"@type":"WebPage","@id":"https:\/\/www.pressenza.com\/pt-pt\/2013\/11\/no-brasil-marco-civil-da-internet-tem-semana-decisiva-sob-pressao-das-teles-da-globo\/","url":"https:\/\/www.pressenza.com\/pt-pt\/2013\/11\/no-brasil-marco-civil-da-internet-tem-semana-decisiva-sob-pressao-das-teles-da-globo\/","name":"No Brasil, Marco Civil da Internet tem semana decisiva sob press\u00e3o das teles e da Globo","isPartOf":{"@id":"https:\/\/www.pressenza.com\/pt-pt\/#website"},"primaryImageOfPage":{"@id":"https:\/\/www.pressenza.com\/pt-pt\/2013\/11\/no-brasil-marco-civil-da-internet-tem-semana-decisiva-sob-pressao-das-teles-da-globo\/#primaryimage"},"image":{"@id":"https:\/\/www.pressenza.com\/pt-pt\/2013\/11\/no-brasil-marco-civil-da-internet-tem-semana-decisiva-sob-pressao-das-teles-da-globo\/#primaryimage"},"thumbnailUrl":"https:\/\/www.pressenza.com\/wp-content\/uploads\/2013\/11\/marco-civil-da-internet-20100523091425.jpg","datePublished":"2013-11-05T02:49:17+00:00","description":"S\u00e3o Paulo \u2013 A vota\u00e7\u00e3o do Marco Civil da Internet entra em semana decisiva. O objetivo do projeto \u00e9 estabelecer regras que definir\u00e3o direitos dos","breadcrumb":{"@id":"https:\/\/www.pressenza.com\/pt-pt\/2013\/11\/no-brasil-marco-civil-da-internet-tem-semana-decisiva-sob-pressao-das-teles-da-globo\/#breadcrumb"},"inLanguage":"pt-PT","potentialAction":[{"@type":"ReadAction","target":["https:\/\/www.pressenza.com\/pt-pt\/2013\/11\/no-brasil-marco-civil-da-internet-tem-semana-decisiva-sob-pressao-das-teles-da-globo\/"]}]},{"@type":"ImageObject","inLanguage":"pt-PT","@id":"https:\/\/www.pressenza.com\/pt-pt\/2013\/11\/no-brasil-marco-civil-da-internet-tem-semana-decisiva-sob-pressao-das-teles-da-globo\/#primaryimage","url":"https:\/\/www.pressenza.com\/wp-content\/uploads\/2013\/11\/marco-civil-da-internet-20100523091425.jpg","contentUrl":"https:\/\/www.pressenza.com\/wp-content\/uploads\/2013\/11\/marco-civil-da-internet-20100523091425.jpg","width":432,"height":281},{"@type":"BreadcrumbList","@id":"https:\/\/www.pressenza.com\/pt-pt\/2013\/11\/no-brasil-marco-civil-da-internet-tem-semana-decisiva-sob-pressao-das-teles-da-globo\/#breadcrumb","itemListElement":[{"@type":"ListItem","position":1,"name":"Accueil","item":"https:\/\/www.pressenza.com\/pt-pt\/"},{"@type":"ListItem","position":2,"name":"No Brasil, Marco Civil da Internet tem semana decisiva sob press\u00e3o das teles e da Globo"}]},{"@type":"WebSite","@id":"https:\/\/www.pressenza.com\/pt-pt\/#website","url":"https:\/\/www.pressenza.com\/pt-pt\/","name":"Pressenza","description":"International Press Agency","publisher":{"@id":"https:\/\/www.pressenza.com\/pt-pt\/#organization"},"potentialAction":[{"@type":"SearchAction","target":{"@type":"EntryPoint","urlTemplate":"https:\/\/www.pressenza.com\/pt-pt\/?s={search_term_string}"},"query-input":{"@type":"PropertyValueSpecification","valueRequired":true,"valueName":"search_term_string"}}],"inLanguage":"pt-PT"},{"@type":"Organization","@id":"https:\/\/www.pressenza.com\/pt-pt\/#organization","name":"Pressenza","url":"https:\/\/www.pressenza.com\/pt-pt\/","logo":{"@type":"ImageObject","inLanguage":"pt-PT","@id":"https:\/\/www.pressenza.com\/pt-pt\/#\/schema\/logo\/image\/","url":"https:\/\/www.pressenza.com\/wp-content\/uploads\/2022\/10\/pressenza_logo_200x200.jpg","contentUrl":"https:\/\/www.pressenza.com\/wp-content\/uploads\/2022\/10\/pressenza_logo_200x200.jpg","width":200,"height":200,"caption":"Pressenza"},"image":{"@id":"https:\/\/www.pressenza.com\/pt-pt\/#\/schema\/logo\/image\/"},"sameAs":["https:\/\/www.facebook.com\/PressenzaItalia","https:\/\/x.com\/PressenzaIPA"]},{"@type":"Person","@id":"https:\/\/www.pressenza.com\/pt-pt\/#\/schema\/person\/d171826afb7693cfc394da95892bfd93","name":"Reda\u00e7\u00e3o S\u00e3o Paulo","description":"News from the Pressenza bureau in Sao Paulo, Brazil","sameAs":["https:\/\/www.facebook.com\/PressenzaPortugues","https:\/\/x.com\/pressenza_pt"],"url":"https:\/\/www.pressenza.com\/pt-pt\/author\/redaccao-sao-paulo\/"}]}},"place":"","original_article_url":"","_links":{"self":[{"href":"https:\/\/www.pressenza.com\/pt-pt\/wp-json\/wp\/v2\/posts\/75158","targetHints":{"allow":["GET"]}}],"collection":[{"href":"https:\/\/www.pressenza.com\/pt-pt\/wp-json\/wp\/v2\/posts"}],"about":[{"href":"https:\/\/www.pressenza.com\/pt-pt\/wp-json\/wp\/v2\/types\/post"}],"author":[{"embeddable":true,"href":"https:\/\/www.pressenza.com\/pt-pt\/wp-json\/wp\/v2\/users\/44"}],"replies":[{"embeddable":true,"href":"https:\/\/www.pressenza.com\/pt-pt\/wp-json\/wp\/v2\/comments?post=75158"}],"version-history":[{"count":0,"href":"https:\/\/www.pressenza.com\/pt-pt\/wp-json\/wp\/v2\/posts\/75158\/revisions"}],"wp:featuredmedia":[{"embeddable":true,"href":"https:\/\/www.pressenza.com\/pt-pt\/wp-json\/wp\/v2\/media\/75164"}],"wp:attachment":[{"href":"https:\/\/www.pressenza.com\/pt-pt\/wp-json\/wp\/v2\/media?parent=75158"}],"wp:term":[{"taxonomy":"category","embeddable":true,"href":"https:\/\/www.pressenza.com\/pt-pt\/wp-json\/wp\/v2\/categories?post=75158"},{"taxonomy":"post_tag","embeddable":true,"href":"https:\/\/www.pressenza.com\/pt-pt\/wp-json\/wp\/v2\/tags?post=75158"}],"curies":[{"name":"wp","href":"https:\/\/api.w.org\/{rel}","templated":true}]}}