{"id":748904,"date":"2018-10-31T21:01:56","date_gmt":"2018-10-31T21:01:56","guid":{"rendered":"https:\/\/www.pressenza.com\/?p=748904"},"modified":"2018-11-03T02:31:51","modified_gmt":"2018-11-03T02:31:51","slug":"nacoes-unidas-votam-nesta-quinta-resolucao-que-pede-fim-de-bloqueio-a-cuba","status":"publish","type":"post","link":"https:\/\/www.pressenza.com\/pt-pt\/2018\/10\/nacoes-unidas-votam-nesta-quinta-resolucao-que-pede-fim-de-bloqueio-a-cuba\/","title":{"rendered":"Na\u00e7\u00f5es Unidas votam nesta quinta resolu\u00e7\u00e3o que pede fim de bloqueio a Cuba"},"content":{"rendered":"<p><strong>No ano passado, quando aconteceu a \u00faltima vota\u00e7\u00e3o, 191 dos 193 estados-membros da ONU votaram a favor do fim do bloqueio econ\u00f4mico, financeiro e comercial imposto por Washington \u00e0 ilha caribenha<\/strong><\/p>\n<p>As Na\u00e7\u00f5es Unidas devem votar nesta quinta-feira (01\/11) o projeto de resolu\u00e7\u00e3o que prop\u00f5e colocar um fim ao bloqueio imposto pelos Estados Unidos a Cuba em 1960.<\/p>\n<p><a href=\"https:\/\/operamundi.uol.com.br\/politica-e-economia\/53811\/bloqueio-dos-eua-e-violacao-contra-cuba-afirma-embaixador-da-venezuela-na-onu\" target=\"_blank\" rel=\"noopener\">Durante a primeira sess\u00e3o da reuni\u00e3o, que terminou no come\u00e7o da tarde desta quarta<\/a> (30\/10), foram ouvidos os discursos de 31 pa\u00edses, integrantes de organismos como o G77 e a Celac. O chanceler cubano Bruno Rodr\u00edguez deve falar nesta quinta.<\/p>\n<p>Ao contr\u00e1rio dos anos anteriores, a sess\u00e3o deste ano acontece em dois dias. Segundo Rodr\u00edguez, isso pode ser creditado aos Estados Unidos, que apresentou oito emendas \u00e0 resolu\u00e7\u00e3o para atrasar a vota\u00e7\u00e3o e segurar a discuss\u00e3o.<\/p>\n<p>No ano passado, quando aconteceu a \u00faltima vota\u00e7\u00e3o, 191 dos 193 estados-membros da ONU votaram a favor do fim do bloqueio econ\u00f4mico, financeiro e comercial imposto por Washington \u00e0 ilha caribenha. Somente Estados Unidos e Israel se puseram contra e n\u00e3o houve absten\u00e7\u00f5es.<\/p>\n<p>Em 2016, \u00faltimo ano do governo do democrata Barack Obama, os Estados Unidos, que estavam em rota de reaproxima\u00e7\u00e3o com Havana, se abstiveram e n\u00e3o houve votos contra a resolu\u00e7\u00e3o. No entanto, Washington dizia precisar, no m\u00ednimo, de aprova\u00e7\u00e3o do Congresso para derrubar o bloqueio, o mais longo j\u00e1 imposto a um pa\u00eds.<\/p>\n<p><strong>Discuss\u00e3o<\/strong><\/p>\n<p>Em nome do bloco dos Pa\u00edses N\u00e3o Alinhados, o embaixador venezuelano na ONU, Samuel Moncada, recha\u00e7ou a pol\u00edtica dos EUA com rela\u00e7\u00e3o a Cuba e destacou que, nos \u00faltimos 27 anos, a Assembleia Geral tem votado a favor do pa\u00eds caribenho.<\/p>\n<p>&#8220;O bloqueio constitui uma viola\u00e7\u00e3o do desenvolvimento de Cuba, privando o pa\u00eds de dialogar com o plano internacional. O dano indireto e direto afeta todos os setores vitais da economia&#8221;, disse o embaixador.<\/p>\n<p>Em nome do Grupo dos 77, que compreende na\u00e7\u00f5es do sul em desenvolvimento, o embaixador do Egito na ONU, Mohamed Fathi Ahmed Edrees, ressaltou a import\u00e2ncia de Cuba no cen\u00e1rio global e disse que &#8220;o fim do bloqueio contribuiria para o desenvolvimento mundial&#8221;.<\/p>\n<p>Tamb\u00e9m argumentaram a favor de Cuba o embaixador do Vietn\u00e3 nas Na\u00e7\u00f5es Unidas, Dang Dinh Quy, e o representante da Jamaica na ONU, Courtenay Rattray.<\/p>\n<p>Ambos destacaram a import\u00e2ncia do respeito \u00e0 soberania dos povos e expressaram seu descontentamento com a continuidade do bloqueio norte-americano.<\/p>\n","protected":false},"excerpt":{"rendered":"<p>No ano passado, quando aconteceu a \u00faltima vota\u00e7\u00e3o, 191 dos 193 estados-membros da ONU votaram a favor do fim do bloqueio econ\u00f4mico, financeiro e comercial imposto por Washington \u00e0 ilha caribenha As Na\u00e7\u00f5es Unidas devem votar nesta quinta-feira (01\/11) o&hellip;<\/p>\n","protected":false},"author":1358,"featured_media":748905,"comment_status":"closed","ping_status":"closed","sticky":false,"template":"","format":"standard","meta":{"footnotes":""},"categories":[42,111],"tags":[7479,6765,30885,51368],"class_list":["post-748904","post","type-post","status-publish","format-standard","has-post-thumbnail","hentry","category-internacional-2","category-politica-pt-pt","tag-bloqueio","tag-cuba-pt-pt","tag-nacoes-unidas","tag-paises-nao-alinhados"],"yoast_head":"<!-- This site is optimized with the Yoast SEO plugin v27.1.1 - https:\/\/yoast.com\/product\/yoast-seo-wordpress\/ -->\n<title>Na\u00e7\u00f5es Unidas votam nesta quinta resolu\u00e7\u00e3o que pede fim de bloqueio a Cuba<\/title>\n<meta name=\"description\" content=\"No ano passado, quando aconteceu a \u00faltima vota\u00e7\u00e3o, 191 dos 193 estados-membros da ONU votaram a favor do fim do bloqueio econ\u00f4mico, financeiro e comercial\" \/>\n<meta name=\"robots\" content=\"index, follow, max-snippet:-1, max-image-preview:large, max-video-preview:-1\" \/>\n<link rel=\"canonical\" href=\"https:\/\/www.pressenza.com\/pt-pt\/2018\/10\/nacoes-unidas-votam-nesta-quinta-resolucao-que-pede-fim-de-bloqueio-a-cuba\/\" \/>\n<meta property=\"og:locale\" content=\"pt_PT\" \/>\n<meta property=\"og:type\" content=\"article\" \/>\n<meta property=\"og:title\" content=\"Na\u00e7\u00f5es Unidas votam nesta quinta resolu\u00e7\u00e3o que pede fim de bloqueio a Cuba\" \/>\n<meta property=\"og:description\" content=\"No ano passado, quando aconteceu a \u00faltima vota\u00e7\u00e3o, 191 dos 193 estados-membros da ONU votaram a favor do fim do bloqueio econ\u00f4mico, financeiro e comercial\" \/>\n<meta property=\"og:url\" content=\"https:\/\/www.pressenza.com\/pt-pt\/2018\/10\/nacoes-unidas-votam-nesta-quinta-resolucao-que-pede-fim-de-bloqueio-a-cuba\/\" \/>\n<meta property=\"og:site_name\" content=\"Pressenza\" \/>\n<meta property=\"article:publisher\" content=\"https:\/\/www.facebook.com\/PressenzaItalia\" \/>\n<meta property=\"article:published_time\" content=\"2018-10-31T21:01:56+00:00\" \/>\n<meta property=\"article:modified_time\" content=\"2018-11-03T02:31:51+00:00\" \/>\n<meta property=\"og:image\" content=\"https:\/\/www.pressenza.com\/wp-content\/uploads\/2018\/11\/United-Nations-Photo.jpg\" \/>\n\t<meta property=\"og:image:width\" content=\"1051\" \/>\n\t<meta property=\"og:image:height\" content=\"700\" \/>\n\t<meta property=\"og:image:type\" content=\"image\/jpeg\" \/>\n<meta name=\"author\" content=\"Opera Mundi\" \/>\n<meta name=\"twitter:card\" content=\"summary_large_image\" \/>\n<meta name=\"twitter:creator\" content=\"@PressenzaIPA\" \/>\n<meta name=\"twitter:site\" content=\"@PressenzaIPA\" \/>\n<meta name=\"twitter:label1\" content=\"Escrito por\" \/>\n\t<meta name=\"twitter:data1\" content=\"Opera Mundi\" \/>\n\t<meta name=\"twitter:label2\" content=\"Tempo estimado de leitura\" \/>\n\t<meta name=\"twitter:data2\" content=\"2 minutos\" \/>\n<script type=\"application\/ld+json\" class=\"yoast-schema-graph\">{\"@context\":\"https:\/\/schema.org\",\"@graph\":[{\"@type\":\"Article\",\"@id\":\"https:\/\/www.pressenza.com\/pt-pt\/2018\/10\/nacoes-unidas-votam-nesta-quinta-resolucao-que-pede-fim-de-bloqueio-a-cuba\/#article\",\"isPartOf\":{\"@id\":\"https:\/\/www.pressenza.com\/pt-pt\/2018\/10\/nacoes-unidas-votam-nesta-quinta-resolucao-que-pede-fim-de-bloqueio-a-cuba\/\"},\"author\":{\"name\":\"Opera Mundi\",\"@id\":\"https:\/\/www.pressenza.com\/pt-pt\/#\/schema\/person\/3dfce4c6530b1c81359c3c00aec4a8fc\"},\"headline\":\"Na\u00e7\u00f5es Unidas votam nesta quinta resolu\u00e7\u00e3o que pede fim de bloqueio a Cuba\",\"datePublished\":\"2018-10-31T21:01:56+00:00\",\"dateModified\":\"2018-11-03T02:31:51+00:00\",\"mainEntityOfPage\":{\"@id\":\"https:\/\/www.pressenza.com\/pt-pt\/2018\/10\/nacoes-unidas-votam-nesta-quinta-resolucao-que-pede-fim-de-bloqueio-a-cuba\/\"},\"wordCount\":434,\"publisher\":{\"@id\":\"https:\/\/www.pressenza.com\/pt-pt\/#organization\"},\"image\":{\"@id\":\"https:\/\/www.pressenza.com\/pt-pt\/2018\/10\/nacoes-unidas-votam-nesta-quinta-resolucao-que-pede-fim-de-bloqueio-a-cuba\/#primaryimage\"},\"thumbnailUrl\":\"https:\/\/www.pressenza.com\/wp-content\/uploads\/2018\/11\/United-Nations-Photo.jpg\",\"keywords\":[\"bloqueio\",\"Cuba\",\"Na\u00e7\u00f5es Unidas\",\"paises n\u00e3o alinhados\"],\"articleSection\":[\"Internacional\",\"Pol\u00edtica\"],\"inLanguage\":\"pt-PT\"},{\"@type\":\"WebPage\",\"@id\":\"https:\/\/www.pressenza.com\/pt-pt\/2018\/10\/nacoes-unidas-votam-nesta-quinta-resolucao-que-pede-fim-de-bloqueio-a-cuba\/\",\"url\":\"https:\/\/www.pressenza.com\/pt-pt\/2018\/10\/nacoes-unidas-votam-nesta-quinta-resolucao-que-pede-fim-de-bloqueio-a-cuba\/\",\"name\":\"Na\u00e7\u00f5es Unidas votam nesta quinta resolu\u00e7\u00e3o que pede fim de bloqueio a Cuba\",\"isPartOf\":{\"@id\":\"https:\/\/www.pressenza.com\/pt-pt\/#website\"},\"primaryImageOfPage\":{\"@id\":\"https:\/\/www.pressenza.com\/pt-pt\/2018\/10\/nacoes-unidas-votam-nesta-quinta-resolucao-que-pede-fim-de-bloqueio-a-cuba\/#primaryimage\"},\"image\":{\"@id\":\"https:\/\/www.pressenza.com\/pt-pt\/2018\/10\/nacoes-unidas-votam-nesta-quinta-resolucao-que-pede-fim-de-bloqueio-a-cuba\/#primaryimage\"},\"thumbnailUrl\":\"https:\/\/www.pressenza.com\/wp-content\/uploads\/2018\/11\/United-Nations-Photo.jpg\",\"datePublished\":\"2018-10-31T21:01:56+00:00\",\"dateModified\":\"2018-11-03T02:31:51+00:00\",\"description\":\"No ano passado, quando aconteceu a \u00faltima vota\u00e7\u00e3o, 191 dos 193 estados-membros da ONU votaram a favor do fim do bloqueio econ\u00f4mico, financeiro e comercial\",\"breadcrumb\":{\"@id\":\"https:\/\/www.pressenza.com\/pt-pt\/2018\/10\/nacoes-unidas-votam-nesta-quinta-resolucao-que-pede-fim-de-bloqueio-a-cuba\/#breadcrumb\"},\"inLanguage\":\"pt-PT\",\"potentialAction\":[{\"@type\":\"ReadAction\",\"target\":[\"https:\/\/www.pressenza.com\/pt-pt\/2018\/10\/nacoes-unidas-votam-nesta-quinta-resolucao-que-pede-fim-de-bloqueio-a-cuba\/\"]}]},{\"@type\":\"ImageObject\",\"inLanguage\":\"pt-PT\",\"@id\":\"https:\/\/www.pressenza.com\/pt-pt\/2018\/10\/nacoes-unidas-votam-nesta-quinta-resolucao-que-pede-fim-de-bloqueio-a-cuba\/#primaryimage\",\"url\":\"https:\/\/www.pressenza.com\/wp-content\/uploads\/2018\/11\/United-Nations-Photo.jpg\",\"contentUrl\":\"https:\/\/www.pressenza.com\/wp-content\/uploads\/2018\/11\/United-Nations-Photo.jpg\",\"width\":1051,\"height\":700,\"caption\":\"On the day of the official nomination of the new Secretary-General to succeed Secretary-General Kofi Annan, outiside the United Nations Headquarters, flags fly in the north end of the building, on a sunny fall day. 9\/Oct\/2006. UN Photo\/Mark Garten. www.unmultimedia.org\/photo\/\"},{\"@type\":\"BreadcrumbList\",\"@id\":\"https:\/\/www.pressenza.com\/pt-pt\/2018\/10\/nacoes-unidas-votam-nesta-quinta-resolucao-que-pede-fim-de-bloqueio-a-cuba\/#breadcrumb\",\"itemListElement\":[{\"@type\":\"ListItem\",\"position\":1,\"name\":\"Accueil\",\"item\":\"https:\/\/www.pressenza.com\/pt-pt\/\"},{\"@type\":\"ListItem\",\"position\":2,\"name\":\"Na\u00e7\u00f5es Unidas votam nesta quinta resolu\u00e7\u00e3o que pede fim de bloqueio a Cuba\"}]},{\"@type\":\"WebSite\",\"@id\":\"https:\/\/www.pressenza.com\/pt-pt\/#website\",\"url\":\"https:\/\/www.pressenza.com\/pt-pt\/\",\"name\":\"Pressenza\",\"description\":\"International Press Agency\",\"publisher\":{\"@id\":\"https:\/\/www.pressenza.com\/pt-pt\/#organization\"},\"potentialAction\":[{\"@type\":\"SearchAction\",\"target\":{\"@type\":\"EntryPoint\",\"urlTemplate\":\"https:\/\/www.pressenza.com\/pt-pt\/?s={search_term_string}\"},\"query-input\":{\"@type\":\"PropertyValueSpecification\",\"valueRequired\":true,\"valueName\":\"search_term_string\"}}],\"inLanguage\":\"pt-PT\"},{\"@type\":\"Organization\",\"@id\":\"https:\/\/www.pressenza.com\/pt-pt\/#organization\",\"name\":\"Pressenza\",\"url\":\"https:\/\/www.pressenza.com\/pt-pt\/\",\"logo\":{\"@type\":\"ImageObject\",\"inLanguage\":\"pt-PT\",\"@id\":\"https:\/\/www.pressenza.com\/pt-pt\/#\/schema\/logo\/image\/\",\"url\":\"https:\/\/www.pressenza.com\/wp-content\/uploads\/2022\/10\/pressenza_logo_200x200.jpg\",\"contentUrl\":\"https:\/\/www.pressenza.com\/wp-content\/uploads\/2022\/10\/pressenza_logo_200x200.jpg\",\"width\":200,\"height\":200,\"caption\":\"Pressenza\"},\"image\":{\"@id\":\"https:\/\/www.pressenza.com\/pt-pt\/#\/schema\/logo\/image\/\"},\"sameAs\":[\"https:\/\/www.facebook.com\/PressenzaItalia\",\"https:\/\/x.com\/PressenzaIPA\"]},{\"@type\":\"Person\",\"@id\":\"https:\/\/www.pressenza.com\/pt-pt\/#\/schema\/person\/3dfce4c6530b1c81359c3c00aec4a8fc\",\"name\":\"Opera Mundi\",\"sameAs\":[\"http:\/\/operamundi.uol.com.br\"],\"url\":\"https:\/\/www.pressenza.com\/pt-pt\/author\/opera-mundi\/\"}]}<\/script>\n<!-- \/ Yoast SEO plugin. -->","yoast_head_json":{"title":"Na\u00e7\u00f5es Unidas votam nesta quinta resolu\u00e7\u00e3o que pede fim de bloqueio a Cuba","description":"No ano passado, quando aconteceu a \u00faltima vota\u00e7\u00e3o, 191 dos 193 estados-membros da ONU votaram a favor do fim do bloqueio econ\u00f4mico, financeiro e comercial","robots":{"index":"index","follow":"follow","max-snippet":"max-snippet:-1","max-image-preview":"max-image-preview:large","max-video-preview":"max-video-preview:-1"},"canonical":"https:\/\/www.pressenza.com\/pt-pt\/2018\/10\/nacoes-unidas-votam-nesta-quinta-resolucao-que-pede-fim-de-bloqueio-a-cuba\/","og_locale":"pt_PT","og_type":"article","og_title":"Na\u00e7\u00f5es Unidas votam nesta quinta resolu\u00e7\u00e3o que pede fim de bloqueio a Cuba","og_description":"No ano passado, quando aconteceu a \u00faltima vota\u00e7\u00e3o, 191 dos 193 estados-membros da ONU votaram a favor do fim do bloqueio econ\u00f4mico, financeiro e comercial","og_url":"https:\/\/www.pressenza.com\/pt-pt\/2018\/10\/nacoes-unidas-votam-nesta-quinta-resolucao-que-pede-fim-de-bloqueio-a-cuba\/","og_site_name":"Pressenza","article_publisher":"https:\/\/www.facebook.com\/PressenzaItalia","article_published_time":"2018-10-31T21:01:56+00:00","article_modified_time":"2018-11-03T02:31:51+00:00","og_image":[{"width":1051,"height":700,"url":"https:\/\/www.pressenza.com\/wp-content\/uploads\/2018\/11\/United-Nations-Photo.jpg","type":"image\/jpeg"}],"author":"Opera Mundi","twitter_card":"summary_large_image","twitter_creator":"@PressenzaIPA","twitter_site":"@PressenzaIPA","twitter_misc":{"Escrito por":"Opera Mundi","Tempo estimado de leitura":"2 minutos"},"schema":{"@context":"https:\/\/schema.org","@graph":[{"@type":"Article","@id":"https:\/\/www.pressenza.com\/pt-pt\/2018\/10\/nacoes-unidas-votam-nesta-quinta-resolucao-que-pede-fim-de-bloqueio-a-cuba\/#article","isPartOf":{"@id":"https:\/\/www.pressenza.com\/pt-pt\/2018\/10\/nacoes-unidas-votam-nesta-quinta-resolucao-que-pede-fim-de-bloqueio-a-cuba\/"},"author":{"name":"Opera Mundi","@id":"https:\/\/www.pressenza.com\/pt-pt\/#\/schema\/person\/3dfce4c6530b1c81359c3c00aec4a8fc"},"headline":"Na\u00e7\u00f5es Unidas votam nesta quinta resolu\u00e7\u00e3o que pede fim de bloqueio a Cuba","datePublished":"2018-10-31T21:01:56+00:00","dateModified":"2018-11-03T02:31:51+00:00","mainEntityOfPage":{"@id":"https:\/\/www.pressenza.com\/pt-pt\/2018\/10\/nacoes-unidas-votam-nesta-quinta-resolucao-que-pede-fim-de-bloqueio-a-cuba\/"},"wordCount":434,"publisher":{"@id":"https:\/\/www.pressenza.com\/pt-pt\/#organization"},"image":{"@id":"https:\/\/www.pressenza.com\/pt-pt\/2018\/10\/nacoes-unidas-votam-nesta-quinta-resolucao-que-pede-fim-de-bloqueio-a-cuba\/#primaryimage"},"thumbnailUrl":"https:\/\/www.pressenza.com\/wp-content\/uploads\/2018\/11\/United-Nations-Photo.jpg","keywords":["bloqueio","Cuba","Na\u00e7\u00f5es Unidas","paises n\u00e3o alinhados"],"articleSection":["Internacional","Pol\u00edtica"],"inLanguage":"pt-PT"},{"@type":"WebPage","@id":"https:\/\/www.pressenza.com\/pt-pt\/2018\/10\/nacoes-unidas-votam-nesta-quinta-resolucao-que-pede-fim-de-bloqueio-a-cuba\/","url":"https:\/\/www.pressenza.com\/pt-pt\/2018\/10\/nacoes-unidas-votam-nesta-quinta-resolucao-que-pede-fim-de-bloqueio-a-cuba\/","name":"Na\u00e7\u00f5es Unidas votam nesta quinta resolu\u00e7\u00e3o que pede fim de bloqueio a Cuba","isPartOf":{"@id":"https:\/\/www.pressenza.com\/pt-pt\/#website"},"primaryImageOfPage":{"@id":"https:\/\/www.pressenza.com\/pt-pt\/2018\/10\/nacoes-unidas-votam-nesta-quinta-resolucao-que-pede-fim-de-bloqueio-a-cuba\/#primaryimage"},"image":{"@id":"https:\/\/www.pressenza.com\/pt-pt\/2018\/10\/nacoes-unidas-votam-nesta-quinta-resolucao-que-pede-fim-de-bloqueio-a-cuba\/#primaryimage"},"thumbnailUrl":"https:\/\/www.pressenza.com\/wp-content\/uploads\/2018\/11\/United-Nations-Photo.jpg","datePublished":"2018-10-31T21:01:56+00:00","dateModified":"2018-11-03T02:31:51+00:00","description":"No ano passado, quando aconteceu a \u00faltima vota\u00e7\u00e3o, 191 dos 193 estados-membros da ONU votaram a favor do fim do bloqueio econ\u00f4mico, financeiro e comercial","breadcrumb":{"@id":"https:\/\/www.pressenza.com\/pt-pt\/2018\/10\/nacoes-unidas-votam-nesta-quinta-resolucao-que-pede-fim-de-bloqueio-a-cuba\/#breadcrumb"},"inLanguage":"pt-PT","potentialAction":[{"@type":"ReadAction","target":["https:\/\/www.pressenza.com\/pt-pt\/2018\/10\/nacoes-unidas-votam-nesta-quinta-resolucao-que-pede-fim-de-bloqueio-a-cuba\/"]}]},{"@type":"ImageObject","inLanguage":"pt-PT","@id":"https:\/\/www.pressenza.com\/pt-pt\/2018\/10\/nacoes-unidas-votam-nesta-quinta-resolucao-que-pede-fim-de-bloqueio-a-cuba\/#primaryimage","url":"https:\/\/www.pressenza.com\/wp-content\/uploads\/2018\/11\/United-Nations-Photo.jpg","contentUrl":"https:\/\/www.pressenza.com\/wp-content\/uploads\/2018\/11\/United-Nations-Photo.jpg","width":1051,"height":700,"caption":"On the day of the official nomination of the new Secretary-General to succeed Secretary-General Kofi Annan, outiside the United Nations Headquarters, flags fly in the north end of the building, on a sunny fall day. 9\/Oct\/2006. UN Photo\/Mark Garten. www.unmultimedia.org\/photo\/"},{"@type":"BreadcrumbList","@id":"https:\/\/www.pressenza.com\/pt-pt\/2018\/10\/nacoes-unidas-votam-nesta-quinta-resolucao-que-pede-fim-de-bloqueio-a-cuba\/#breadcrumb","itemListElement":[{"@type":"ListItem","position":1,"name":"Accueil","item":"https:\/\/www.pressenza.com\/pt-pt\/"},{"@type":"ListItem","position":2,"name":"Na\u00e7\u00f5es Unidas votam nesta quinta resolu\u00e7\u00e3o que pede fim de bloqueio a Cuba"}]},{"@type":"WebSite","@id":"https:\/\/www.pressenza.com\/pt-pt\/#website","url":"https:\/\/www.pressenza.com\/pt-pt\/","name":"Pressenza","description":"International Press Agency","publisher":{"@id":"https:\/\/www.pressenza.com\/pt-pt\/#organization"},"potentialAction":[{"@type":"SearchAction","target":{"@type":"EntryPoint","urlTemplate":"https:\/\/www.pressenza.com\/pt-pt\/?s={search_term_string}"},"query-input":{"@type":"PropertyValueSpecification","valueRequired":true,"valueName":"search_term_string"}}],"inLanguage":"pt-PT"},{"@type":"Organization","@id":"https:\/\/www.pressenza.com\/pt-pt\/#organization","name":"Pressenza","url":"https:\/\/www.pressenza.com\/pt-pt\/","logo":{"@type":"ImageObject","inLanguage":"pt-PT","@id":"https:\/\/www.pressenza.com\/pt-pt\/#\/schema\/logo\/image\/","url":"https:\/\/www.pressenza.com\/wp-content\/uploads\/2022\/10\/pressenza_logo_200x200.jpg","contentUrl":"https:\/\/www.pressenza.com\/wp-content\/uploads\/2022\/10\/pressenza_logo_200x200.jpg","width":200,"height":200,"caption":"Pressenza"},"image":{"@id":"https:\/\/www.pressenza.com\/pt-pt\/#\/schema\/logo\/image\/"},"sameAs":["https:\/\/www.facebook.com\/PressenzaItalia","https:\/\/x.com\/PressenzaIPA"]},{"@type":"Person","@id":"https:\/\/www.pressenza.com\/pt-pt\/#\/schema\/person\/3dfce4c6530b1c81359c3c00aec4a8fc","name":"Opera Mundi","sameAs":["http:\/\/operamundi.uol.com.br"],"url":"https:\/\/www.pressenza.com\/pt-pt\/author\/opera-mundi\/"}]}},"place":"S\u00e3o Paulo, Brasil","original_article_url":"https:\/\/operamundi.uol.com.br\/politica-e-economia\/53816\/nacoes-unidas-votam-nesta-quinta-resolucao-que-pede-fim-de-bloqueio-a-cuba","_links":{"self":[{"href":"https:\/\/www.pressenza.com\/pt-pt\/wp-json\/wp\/v2\/posts\/748904","targetHints":{"allow":["GET"]}}],"collection":[{"href":"https:\/\/www.pressenza.com\/pt-pt\/wp-json\/wp\/v2\/posts"}],"about":[{"href":"https:\/\/www.pressenza.com\/pt-pt\/wp-json\/wp\/v2\/types\/post"}],"author":[{"embeddable":true,"href":"https:\/\/www.pressenza.com\/pt-pt\/wp-json\/wp\/v2\/users\/1358"}],"replies":[{"embeddable":true,"href":"https:\/\/www.pressenza.com\/pt-pt\/wp-json\/wp\/v2\/comments?post=748904"}],"version-history":[{"count":0,"href":"https:\/\/www.pressenza.com\/pt-pt\/wp-json\/wp\/v2\/posts\/748904\/revisions"}],"wp:featuredmedia":[{"embeddable":true,"href":"https:\/\/www.pressenza.com\/pt-pt\/wp-json\/wp\/v2\/media\/748905"}],"wp:attachment":[{"href":"https:\/\/www.pressenza.com\/pt-pt\/wp-json\/wp\/v2\/media?parent=748904"}],"wp:term":[{"taxonomy":"category","embeddable":true,"href":"https:\/\/www.pressenza.com\/pt-pt\/wp-json\/wp\/v2\/categories?post=748904"},{"taxonomy":"post_tag","embeddable":true,"href":"https:\/\/www.pressenza.com\/pt-pt\/wp-json\/wp\/v2\/tags?post=748904"}],"curies":[{"name":"wp","href":"https:\/\/api.w.org\/{rel}","templated":true}]}}