{"id":74634,"date":"2013-10-29T17:53:50","date_gmt":"2013-10-29T17:53:50","guid":{"rendered":"http:\/\/www.pressenza.com\/?p=74634"},"modified":"2013-10-29T17:54:18","modified_gmt":"2013-10-29T17:54:18","slug":"cuba-denuncia-onu-agressao-estadunidense-radio-tv","status":"publish","type":"post","link":"https:\/\/www.pressenza.com\/pt-pt\/2013\/10\/cuba-denuncia-onu-agressao-estadunidense-radio-tv\/","title":{"rendered":"Cuba denuncia \u00e0 ONU agress\u00e3o estadunidense por r\u00e1dio e TV"},"content":{"rendered":"<p>Na \u00faltima sexta-feira (18), Cuba denunciou \u00e0 Assembleia Geral da ONU o uso, pelo governo dos EUA, de transmiss\u00f5es ilegais de r\u00e1dio e televis\u00e3o para desastibilizar a ordem na ilha e promover a mudan\u00e7a do sistema pol\u00edtico e socioecon\u00f4mico cubano.<\/p>\n<p>\u201cO governo dos EUA continua a aplicar uma pol\u00edtica de agress\u00e3o contra Cuba no campo radioeletr\u00f4nico, apesar de essa pol\u00edtica caracterizar viola\u00e7\u00e3o de normas do Direito Internacional e de normas e regulamentos da Uni\u00e3o Internacional de Telecomunica\u00e7\u00f5es\u201d, disse \u00e0 ONU a representante de Cuba.<\/p>\n<p>Em sua interven\u00e7\u00e3o nos debates da 4\u00aa Comiss\u00e3o da Assembleia Geral da ONU, encarregada de Pol\u00edtica Especial e Descoloniza\u00e7\u00e3o, a delegada cubana Lilianne S\u00e1nchez denunciou que as a\u00e7\u00f5es do governo dos EUA afetam o funcionamento normal dos servi\u00e7os de radiocomunica\u00e7\u00e3o e causam interfer\u00eancias danosas.<\/p>\n<p>Segundo a diplomata, ao final de 2012, eram transmitidas para a ilha uma m\u00e9dia de 2.074 horas semanais de emiss\u00f5es contra o governo cubano, com os EUA servindo-se de cerca de 34 frequ\u00eancias.<\/p>\n<p>\u201cDo mesmo modo, persistem as transmiss\u00f5es de sinais de televis\u00e3o, emitidos de avi\u00f5es estadunidenses, no canal 13 (213 megahertz (MHz)) e no canal 20 (509 MHz), como tamb\u00e9m na frequ\u00eancia 94.7 MHz do servi\u00e7o de radiodifus\u00e3o por Frequ\u00eancia Modulada (FM)\u201d, disse a embaixadora cubana.<\/p>\n<p>Para o ano de 2013, a diplomata cubana informou \u00e0 4\u00aa Comiss\u00e3o da Assembleia Geral que, at\u00e9 11 de maio, as transmiss\u00f5es feitas de avi\u00f5es dos EUA provocaram 70 dias de interfer\u00eancias nos canais cubanos de televis\u00e3o, e 64 dias no servi\u00e7o de radiodifus\u00e3o por FM.<\/p>\n<p>Al\u00e9m disso, ainda segundo a diplomata cubana, s\u00f3 no m\u00eas de junho foram usadas 26 frequ\u00eancias para transmiss\u00f5es, somando um total de 1.900 horas semanais de agress\u00f5es.<\/p>\n<p>S\u00e1nchez lembrou que Cuba j\u00e1 denunciou a hostilidade de Washington e seu impacto, a v\u00e1rios f\u00f3runs, como, dentre outros, a Uni\u00e3o Internacional de Telecomunica\u00e7\u00f5es.<\/p>\n<p>Cuba disse tamb\u00e9m \u00e0 ONU que v\u00e1rias das emissoras pertencem ou prestam servi\u00e7os a organiza\u00e7\u00f5es vinculadas ao terrorismo contra Cuba.<\/p>\n<p>\u201cCuba reitera sua condena\u00e7\u00e3o a essa agress\u00e3o e exige que o governo dos EUA suspenda imediatamente as transmiss\u00f5es por r\u00e1dio e televis\u00e3o contra nosso pa\u00eds\u201d, disse a representante cubana, que tamb\u00e9m falou sobre o direito de autodefesa de Cuba, ante mais essa agress\u00e3o.<\/p>\n<p>\u201cCuba continuar\u00e1 a exercer sua plena sobrerania e independ\u00eancia, e tomar\u00e1 todas as medidas ao seu alcance para repelir essas a\u00e7\u00f5es de agress\u00e3o\u201d \u2013 disse ela.<\/p>\n<p>Este ano, o Gabinete de Auditoria do Governo dos EUA publicou um informe sobre a aplica\u00e7\u00e3o de seus programas contra Cuba, promovidos pela Ag\u00eancia para o Desenvolvimento Internacional e o Departamento de Estado dos EUA. Segundo aquele informe, o montante alocado para promover a derrubada do governo cubano chegou a 205 milh\u00f5es de d\u00f3lares entre 1996 e 2011, sem incluir os fundos gastos para financiar as transmiss\u00f5es da Radio e TV Mart\u00ed, que somam cerca de 30 milh\u00f5es de d\u00f3lares anuais.<\/p>\n<p>Por Cuba Debate publicado pelo Brasil de Fato<\/p>\n<p>Tradu\u00e7\u00e3o: Vila Vudu<\/p>\n","protected":false},"excerpt":{"rendered":"<p>Na \u00faltima sexta-feira (18), Cuba denunciou \u00e0 Assembleia Geral da ONU o uso, pelo governo dos EUA, de transmiss\u00f5es ilegais de r\u00e1dio e televis\u00e3o para desastibilizar a ordem na ilha e promover a mudan\u00e7a do sistema pol\u00edtico e socioecon\u00f4mico cubano.&hellip;<\/p>\n","protected":false},"author":44,"featured_media":74635,"comment_status":"closed","ping_status":"open","sticky":false,"template":"","format":"standard","meta":{"footnotes":""},"categories":[106,105,112,42,111],"tags":[7479,6765,5192],"class_list":["post-74634","post","type-post","status-publish","format-standard","has-post-thumbnail","hentry","category-america-central-pt-pt","category-america-do-norte","category-cultura-pt-pt","category-internacional-2","category-politica-pt-pt","tag-bloqueio","tag-cuba-pt-pt","tag-eua-pt-pt"],"yoast_head":"<!-- This site is optimized with the Yoast SEO plugin v27.1.1 - https:\/\/yoast.com\/product\/yoast-seo-wordpress\/ -->\n<title>Cuba denuncia \u00e0 ONU agress\u00e3o estadunidense por r\u00e1dio e TV<\/title>\n<meta name=\"description\" content=\"Na \u00faltima sexta-feira (18), Cuba denunciou \u00e0 Assembleia Geral da ONU o uso, pelo governo dos EUA, de transmiss\u00f5es ilegais de r\u00e1dio e televis\u00e3o para\" \/>\n<meta name=\"robots\" content=\"index, follow, max-snippet:-1, max-image-preview:large, max-video-preview:-1\" \/>\n<link rel=\"canonical\" href=\"https:\/\/www.pressenza.com\/pt-pt\/2013\/10\/cuba-denuncia-onu-agressao-estadunidense-radio-tv\/\" \/>\n<meta property=\"og:locale\" content=\"pt_PT\" \/>\n<meta property=\"og:type\" content=\"article\" \/>\n<meta property=\"og:title\" content=\"Cuba denuncia \u00e0 ONU agress\u00e3o estadunidense por r\u00e1dio e TV\" \/>\n<meta property=\"og:description\" content=\"Na \u00faltima sexta-feira (18), Cuba denunciou \u00e0 Assembleia Geral da ONU o uso, pelo governo dos EUA, de transmiss\u00f5es ilegais de r\u00e1dio e televis\u00e3o para\" \/>\n<meta property=\"og:url\" content=\"https:\/\/www.pressenza.com\/pt-pt\/2013\/10\/cuba-denuncia-onu-agressao-estadunidense-radio-tv\/\" \/>\n<meta property=\"og:site_name\" content=\"Pressenza\" \/>\n<meta property=\"article:publisher\" content=\"https:\/\/www.facebook.com\/PressenzaItalia\" \/>\n<meta property=\"article:author\" content=\"https:\/\/www.facebook.com\/PressenzaPortugues\" \/>\n<meta property=\"article:published_time\" content=\"2013-10-29T17:53:50+00:00\" \/>\n<meta property=\"article:modified_time\" content=\"2013-10-29T17:54:18+00:00\" \/>\n<meta property=\"og:image\" content=\"https:\/\/www.pressenza.com\/wp-content\/uploads\/2013\/10\/Flag_of_Cuba.svg_.png\" \/>\n\t<meta property=\"og:image:width\" content=\"500\" \/>\n\t<meta property=\"og:image:height\" content=\"250\" \/>\n\t<meta property=\"og:image:type\" content=\"image\/png\" \/>\n<meta name=\"author\" content=\"Reda\u00e7\u00e3o S\u00e3o Paulo\" \/>\n<meta name=\"twitter:card\" content=\"summary_large_image\" \/>\n<meta name=\"twitter:creator\" content=\"@pressenza_pt\" \/>\n<meta name=\"twitter:site\" content=\"@PressenzaIPA\" \/>\n<meta name=\"twitter:label1\" content=\"Escrito por\" \/>\n\t<meta name=\"twitter:data1\" content=\"Reda\u00e7\u00e3o S\u00e3o Paulo\" \/>\n\t<meta name=\"twitter:label2\" content=\"Tempo estimado de leitura\" \/>\n\t<meta name=\"twitter:data2\" content=\"3 minutos\" \/>\n<script type=\"application\/ld+json\" class=\"yoast-schema-graph\">{\"@context\":\"https:\/\/schema.org\",\"@graph\":[{\"@type\":\"Article\",\"@id\":\"https:\/\/www.pressenza.com\/pt-pt\/2013\/10\/cuba-denuncia-onu-agressao-estadunidense-radio-tv\/#article\",\"isPartOf\":{\"@id\":\"https:\/\/www.pressenza.com\/pt-pt\/2013\/10\/cuba-denuncia-onu-agressao-estadunidense-radio-tv\/\"},\"author\":{\"name\":\"Reda\u00e7\u00e3o S\u00e3o Paulo\",\"@id\":\"https:\/\/www.pressenza.com\/pt-pt\/#\/schema\/person\/d171826afb7693cfc394da95892bfd93\"},\"headline\":\"Cuba denuncia \u00e0 ONU agress\u00e3o estadunidense por r\u00e1dio e TV\",\"datePublished\":\"2013-10-29T17:53:50+00:00\",\"dateModified\":\"2013-10-29T17:54:18+00:00\",\"mainEntityOfPage\":{\"@id\":\"https:\/\/www.pressenza.com\/pt-pt\/2013\/10\/cuba-denuncia-onu-agressao-estadunidense-radio-tv\/\"},\"wordCount\":541,\"publisher\":{\"@id\":\"https:\/\/www.pressenza.com\/pt-pt\/#organization\"},\"image\":{\"@id\":\"https:\/\/www.pressenza.com\/pt-pt\/2013\/10\/cuba-denuncia-onu-agressao-estadunidense-radio-tv\/#primaryimage\"},\"thumbnailUrl\":\"https:\/\/www.pressenza.com\/wp-content\/uploads\/2013\/10\/Flag_of_Cuba.svg_.png\",\"keywords\":[\"bloqueio\",\"Cuba\",\"eua\"],\"articleSection\":[\"Am\u00e9rica Central\",\"Am\u00e9rica do Norte\",\"Cultura e M\u00eddia\",\"Internacional\",\"Pol\u00edtica\"],\"inLanguage\":\"pt-PT\"},{\"@type\":\"WebPage\",\"@id\":\"https:\/\/www.pressenza.com\/pt-pt\/2013\/10\/cuba-denuncia-onu-agressao-estadunidense-radio-tv\/\",\"url\":\"https:\/\/www.pressenza.com\/pt-pt\/2013\/10\/cuba-denuncia-onu-agressao-estadunidense-radio-tv\/\",\"name\":\"Cuba denuncia \u00e0 ONU agress\u00e3o estadunidense por r\u00e1dio e TV\",\"isPartOf\":{\"@id\":\"https:\/\/www.pressenza.com\/pt-pt\/#website\"},\"primaryImageOfPage\":{\"@id\":\"https:\/\/www.pressenza.com\/pt-pt\/2013\/10\/cuba-denuncia-onu-agressao-estadunidense-radio-tv\/#primaryimage\"},\"image\":{\"@id\":\"https:\/\/www.pressenza.com\/pt-pt\/2013\/10\/cuba-denuncia-onu-agressao-estadunidense-radio-tv\/#primaryimage\"},\"thumbnailUrl\":\"https:\/\/www.pressenza.com\/wp-content\/uploads\/2013\/10\/Flag_of_Cuba.svg_.png\",\"datePublished\":\"2013-10-29T17:53:50+00:00\",\"dateModified\":\"2013-10-29T17:54:18+00:00\",\"description\":\"Na \u00faltima sexta-feira (18), Cuba denunciou \u00e0 Assembleia Geral da ONU o uso, pelo governo dos EUA, de transmiss\u00f5es ilegais de r\u00e1dio e televis\u00e3o para\",\"breadcrumb\":{\"@id\":\"https:\/\/www.pressenza.com\/pt-pt\/2013\/10\/cuba-denuncia-onu-agressao-estadunidense-radio-tv\/#breadcrumb\"},\"inLanguage\":\"pt-PT\",\"potentialAction\":[{\"@type\":\"ReadAction\",\"target\":[\"https:\/\/www.pressenza.com\/pt-pt\/2013\/10\/cuba-denuncia-onu-agressao-estadunidense-radio-tv\/\"]}]},{\"@type\":\"ImageObject\",\"inLanguage\":\"pt-PT\",\"@id\":\"https:\/\/www.pressenza.com\/pt-pt\/2013\/10\/cuba-denuncia-onu-agressao-estadunidense-radio-tv\/#primaryimage\",\"url\":\"https:\/\/www.pressenza.com\/wp-content\/uploads\/2013\/10\/Flag_of_Cuba.svg_.png\",\"contentUrl\":\"https:\/\/www.pressenza.com\/wp-content\/uploads\/2013\/10\/Flag_of_Cuba.svg_.png\",\"width\":500,\"height\":250},{\"@type\":\"BreadcrumbList\",\"@id\":\"https:\/\/www.pressenza.com\/pt-pt\/2013\/10\/cuba-denuncia-onu-agressao-estadunidense-radio-tv\/#breadcrumb\",\"itemListElement\":[{\"@type\":\"ListItem\",\"position\":1,\"name\":\"Accueil\",\"item\":\"https:\/\/www.pressenza.com\/pt-pt\/\"},{\"@type\":\"ListItem\",\"position\":2,\"name\":\"Cuba denuncia \u00e0 ONU agress\u00e3o estadunidense por r\u00e1dio e TV\"}]},{\"@type\":\"WebSite\",\"@id\":\"https:\/\/www.pressenza.com\/pt-pt\/#website\",\"url\":\"https:\/\/www.pressenza.com\/pt-pt\/\",\"name\":\"Pressenza\",\"description\":\"International Press Agency\",\"publisher\":{\"@id\":\"https:\/\/www.pressenza.com\/pt-pt\/#organization\"},\"potentialAction\":[{\"@type\":\"SearchAction\",\"target\":{\"@type\":\"EntryPoint\",\"urlTemplate\":\"https:\/\/www.pressenza.com\/pt-pt\/?s={search_term_string}\"},\"query-input\":{\"@type\":\"PropertyValueSpecification\",\"valueRequired\":true,\"valueName\":\"search_term_string\"}}],\"inLanguage\":\"pt-PT\"},{\"@type\":\"Organization\",\"@id\":\"https:\/\/www.pressenza.com\/pt-pt\/#organization\",\"name\":\"Pressenza\",\"url\":\"https:\/\/www.pressenza.com\/pt-pt\/\",\"logo\":{\"@type\":\"ImageObject\",\"inLanguage\":\"pt-PT\",\"@id\":\"https:\/\/www.pressenza.com\/pt-pt\/#\/schema\/logo\/image\/\",\"url\":\"https:\/\/www.pressenza.com\/wp-content\/uploads\/2022\/10\/pressenza_logo_200x200.jpg\",\"contentUrl\":\"https:\/\/www.pressenza.com\/wp-content\/uploads\/2022\/10\/pressenza_logo_200x200.jpg\",\"width\":200,\"height\":200,\"caption\":\"Pressenza\"},\"image\":{\"@id\":\"https:\/\/www.pressenza.com\/pt-pt\/#\/schema\/logo\/image\/\"},\"sameAs\":[\"https:\/\/www.facebook.com\/PressenzaItalia\",\"https:\/\/x.com\/PressenzaIPA\"]},{\"@type\":\"Person\",\"@id\":\"https:\/\/www.pressenza.com\/pt-pt\/#\/schema\/person\/d171826afb7693cfc394da95892bfd93\",\"name\":\"Reda\u00e7\u00e3o S\u00e3o Paulo\",\"description\":\"News from the Pressenza bureau in Sao Paulo, Brazil\",\"sameAs\":[\"https:\/\/www.facebook.com\/PressenzaPortugues\",\"https:\/\/x.com\/pressenza_pt\"],\"url\":\"https:\/\/www.pressenza.com\/pt-pt\/author\/redaccao-sao-paulo\/\"}]}<\/script>\n<!-- \/ Yoast SEO plugin. -->","yoast_head_json":{"title":"Cuba denuncia \u00e0 ONU agress\u00e3o estadunidense por r\u00e1dio e TV","description":"Na \u00faltima sexta-feira (18), Cuba denunciou \u00e0 Assembleia Geral da ONU o uso, pelo governo dos EUA, de transmiss\u00f5es ilegais de r\u00e1dio e televis\u00e3o para","robots":{"index":"index","follow":"follow","max-snippet":"max-snippet:-1","max-image-preview":"max-image-preview:large","max-video-preview":"max-video-preview:-1"},"canonical":"https:\/\/www.pressenza.com\/pt-pt\/2013\/10\/cuba-denuncia-onu-agressao-estadunidense-radio-tv\/","og_locale":"pt_PT","og_type":"article","og_title":"Cuba denuncia \u00e0 ONU agress\u00e3o estadunidense por r\u00e1dio e TV","og_description":"Na \u00faltima sexta-feira (18), Cuba denunciou \u00e0 Assembleia Geral da ONU o uso, pelo governo dos EUA, de transmiss\u00f5es ilegais de r\u00e1dio e televis\u00e3o para","og_url":"https:\/\/www.pressenza.com\/pt-pt\/2013\/10\/cuba-denuncia-onu-agressao-estadunidense-radio-tv\/","og_site_name":"Pressenza","article_publisher":"https:\/\/www.facebook.com\/PressenzaItalia","article_author":"https:\/\/www.facebook.com\/PressenzaPortugues","article_published_time":"2013-10-29T17:53:50+00:00","article_modified_time":"2013-10-29T17:54:18+00:00","og_image":[{"width":500,"height":250,"url":"https:\/\/www.pressenza.com\/wp-content\/uploads\/2013\/10\/Flag_of_Cuba.svg_.png","type":"image\/png"}],"author":"Reda\u00e7\u00e3o S\u00e3o Paulo","twitter_card":"summary_large_image","twitter_creator":"@pressenza_pt","twitter_site":"@PressenzaIPA","twitter_misc":{"Escrito por":"Reda\u00e7\u00e3o S\u00e3o Paulo","Tempo estimado de leitura":"3 minutos"},"schema":{"@context":"https:\/\/schema.org","@graph":[{"@type":"Article","@id":"https:\/\/www.pressenza.com\/pt-pt\/2013\/10\/cuba-denuncia-onu-agressao-estadunidense-radio-tv\/#article","isPartOf":{"@id":"https:\/\/www.pressenza.com\/pt-pt\/2013\/10\/cuba-denuncia-onu-agressao-estadunidense-radio-tv\/"},"author":{"name":"Reda\u00e7\u00e3o S\u00e3o Paulo","@id":"https:\/\/www.pressenza.com\/pt-pt\/#\/schema\/person\/d171826afb7693cfc394da95892bfd93"},"headline":"Cuba denuncia \u00e0 ONU agress\u00e3o estadunidense por r\u00e1dio e TV","datePublished":"2013-10-29T17:53:50+00:00","dateModified":"2013-10-29T17:54:18+00:00","mainEntityOfPage":{"@id":"https:\/\/www.pressenza.com\/pt-pt\/2013\/10\/cuba-denuncia-onu-agressao-estadunidense-radio-tv\/"},"wordCount":541,"publisher":{"@id":"https:\/\/www.pressenza.com\/pt-pt\/#organization"},"image":{"@id":"https:\/\/www.pressenza.com\/pt-pt\/2013\/10\/cuba-denuncia-onu-agressao-estadunidense-radio-tv\/#primaryimage"},"thumbnailUrl":"https:\/\/www.pressenza.com\/wp-content\/uploads\/2013\/10\/Flag_of_Cuba.svg_.png","keywords":["bloqueio","Cuba","eua"],"articleSection":["Am\u00e9rica Central","Am\u00e9rica do Norte","Cultura e M\u00eddia","Internacional","Pol\u00edtica"],"inLanguage":"pt-PT"},{"@type":"WebPage","@id":"https:\/\/www.pressenza.com\/pt-pt\/2013\/10\/cuba-denuncia-onu-agressao-estadunidense-radio-tv\/","url":"https:\/\/www.pressenza.com\/pt-pt\/2013\/10\/cuba-denuncia-onu-agressao-estadunidense-radio-tv\/","name":"Cuba denuncia \u00e0 ONU agress\u00e3o estadunidense por r\u00e1dio e TV","isPartOf":{"@id":"https:\/\/www.pressenza.com\/pt-pt\/#website"},"primaryImageOfPage":{"@id":"https:\/\/www.pressenza.com\/pt-pt\/2013\/10\/cuba-denuncia-onu-agressao-estadunidense-radio-tv\/#primaryimage"},"image":{"@id":"https:\/\/www.pressenza.com\/pt-pt\/2013\/10\/cuba-denuncia-onu-agressao-estadunidense-radio-tv\/#primaryimage"},"thumbnailUrl":"https:\/\/www.pressenza.com\/wp-content\/uploads\/2013\/10\/Flag_of_Cuba.svg_.png","datePublished":"2013-10-29T17:53:50+00:00","dateModified":"2013-10-29T17:54:18+00:00","description":"Na \u00faltima sexta-feira (18), Cuba denunciou \u00e0 Assembleia Geral da ONU o uso, pelo governo dos EUA, de transmiss\u00f5es ilegais de r\u00e1dio e televis\u00e3o para","breadcrumb":{"@id":"https:\/\/www.pressenza.com\/pt-pt\/2013\/10\/cuba-denuncia-onu-agressao-estadunidense-radio-tv\/#breadcrumb"},"inLanguage":"pt-PT","potentialAction":[{"@type":"ReadAction","target":["https:\/\/www.pressenza.com\/pt-pt\/2013\/10\/cuba-denuncia-onu-agressao-estadunidense-radio-tv\/"]}]},{"@type":"ImageObject","inLanguage":"pt-PT","@id":"https:\/\/www.pressenza.com\/pt-pt\/2013\/10\/cuba-denuncia-onu-agressao-estadunidense-radio-tv\/#primaryimage","url":"https:\/\/www.pressenza.com\/wp-content\/uploads\/2013\/10\/Flag_of_Cuba.svg_.png","contentUrl":"https:\/\/www.pressenza.com\/wp-content\/uploads\/2013\/10\/Flag_of_Cuba.svg_.png","width":500,"height":250},{"@type":"BreadcrumbList","@id":"https:\/\/www.pressenza.com\/pt-pt\/2013\/10\/cuba-denuncia-onu-agressao-estadunidense-radio-tv\/#breadcrumb","itemListElement":[{"@type":"ListItem","position":1,"name":"Accueil","item":"https:\/\/www.pressenza.com\/pt-pt\/"},{"@type":"ListItem","position":2,"name":"Cuba denuncia \u00e0 ONU agress\u00e3o estadunidense por r\u00e1dio e TV"}]},{"@type":"WebSite","@id":"https:\/\/www.pressenza.com\/pt-pt\/#website","url":"https:\/\/www.pressenza.com\/pt-pt\/","name":"Pressenza","description":"International Press Agency","publisher":{"@id":"https:\/\/www.pressenza.com\/pt-pt\/#organization"},"potentialAction":[{"@type":"SearchAction","target":{"@type":"EntryPoint","urlTemplate":"https:\/\/www.pressenza.com\/pt-pt\/?s={search_term_string}"},"query-input":{"@type":"PropertyValueSpecification","valueRequired":true,"valueName":"search_term_string"}}],"inLanguage":"pt-PT"},{"@type":"Organization","@id":"https:\/\/www.pressenza.com\/pt-pt\/#organization","name":"Pressenza","url":"https:\/\/www.pressenza.com\/pt-pt\/","logo":{"@type":"ImageObject","inLanguage":"pt-PT","@id":"https:\/\/www.pressenza.com\/pt-pt\/#\/schema\/logo\/image\/","url":"https:\/\/www.pressenza.com\/wp-content\/uploads\/2022\/10\/pressenza_logo_200x200.jpg","contentUrl":"https:\/\/www.pressenza.com\/wp-content\/uploads\/2022\/10\/pressenza_logo_200x200.jpg","width":200,"height":200,"caption":"Pressenza"},"image":{"@id":"https:\/\/www.pressenza.com\/pt-pt\/#\/schema\/logo\/image\/"},"sameAs":["https:\/\/www.facebook.com\/PressenzaItalia","https:\/\/x.com\/PressenzaIPA"]},{"@type":"Person","@id":"https:\/\/www.pressenza.com\/pt-pt\/#\/schema\/person\/d171826afb7693cfc394da95892bfd93","name":"Reda\u00e7\u00e3o S\u00e3o Paulo","description":"News from the Pressenza bureau in Sao Paulo, Brazil","sameAs":["https:\/\/www.facebook.com\/PressenzaPortugues","https:\/\/x.com\/pressenza_pt"],"url":"https:\/\/www.pressenza.com\/pt-pt\/author\/redaccao-sao-paulo\/"}]}},"place":"","original_article_url":"","_links":{"self":[{"href":"https:\/\/www.pressenza.com\/pt-pt\/wp-json\/wp\/v2\/posts\/74634","targetHints":{"allow":["GET"]}}],"collection":[{"href":"https:\/\/www.pressenza.com\/pt-pt\/wp-json\/wp\/v2\/posts"}],"about":[{"href":"https:\/\/www.pressenza.com\/pt-pt\/wp-json\/wp\/v2\/types\/post"}],"author":[{"embeddable":true,"href":"https:\/\/www.pressenza.com\/pt-pt\/wp-json\/wp\/v2\/users\/44"}],"replies":[{"embeddable":true,"href":"https:\/\/www.pressenza.com\/pt-pt\/wp-json\/wp\/v2\/comments?post=74634"}],"version-history":[{"count":0,"href":"https:\/\/www.pressenza.com\/pt-pt\/wp-json\/wp\/v2\/posts\/74634\/revisions"}],"wp:featuredmedia":[{"embeddable":true,"href":"https:\/\/www.pressenza.com\/pt-pt\/wp-json\/wp\/v2\/media\/74635"}],"wp:attachment":[{"href":"https:\/\/www.pressenza.com\/pt-pt\/wp-json\/wp\/v2\/media?parent=74634"}],"wp:term":[{"taxonomy":"category","embeddable":true,"href":"https:\/\/www.pressenza.com\/pt-pt\/wp-json\/wp\/v2\/categories?post=74634"},{"taxonomy":"post_tag","embeddable":true,"href":"https:\/\/www.pressenza.com\/pt-pt\/wp-json\/wp\/v2\/tags?post=74634"}],"curies":[{"name":"wp","href":"https:\/\/api.w.org\/{rel}","templated":true}]}}