{"id":74258,"date":"2013-10-26T03:28:28","date_gmt":"2013-10-26T02:28:28","guid":{"rendered":"http:\/\/www.pressenza.com\/?p=74258"},"modified":"2013-10-26T03:30:03","modified_gmt":"2013-10-26T02:30:03","slug":"eua-nao-vao-deixar-espionar-vao-tentar-evitar-snowden-diz-autor-livro-cia","status":"publish","type":"post","link":"https:\/\/www.pressenza.com\/pt-pt\/2013\/10\/eua-nao-vao-deixar-espionar-vao-tentar-evitar-snowden-diz-autor-livro-cia\/","title":{"rendered":"EUA n\u00e3o v\u00e3o deixar de espionar, v\u00e3o tentar evitar outro \u2018Snowden\u2019, diz autor de livro sobre CIA"},"content":{"rendered":"<p>Entrevista com Hernando Calvo Ospina, autor de \u201cEl equipo de choque de la CIA\u201d, realizada por Paulo Pastor Monteiro do Opera Mundi.<\/p>\n<p><em>As revela\u00e7\u00f5es de que os EUA espionaram pa\u00edses aliados e empresas estrangeiras, incluindo conversas da presidente Dilma Rousseff, geraram uma crise diplom\u00e1tica e uma s\u00e9rie de cr\u00edticas contra os estadunidenses. Por\u00e9m, para o jornalista colombiano Hernando Calvo Ospina, autor do livro &#8220;A CIA e terrorismo de Estado&#8221;, os vazamentos feitos por Edward Snowden, mostrando o volume e o alcance da espionagem norte-americana, n\u00e3o s\u00e3o nenhuma novidade.<\/em><\/p>\n<p><em>&#8220;Acho positivo que tenha se criado um recha\u00e7o p\u00fablico, mas me surpreendi com a surpresa causada pela revela\u00e7\u00e3o. Essa pr\u00e1tica n\u00e3o era secreta e nem \u00e9 algo novo&#8221;. E ele alerta que a atividade vai continuar. \u201cObama n\u00e3o disse, e nunca dir\u00e1, que a espionagem ser\u00e1 encerrada. Simplesmente, eles v\u00e3o se esfor\u00e7ar para n\u00e3o que n\u00e3o ocorram mais vazamentos e outros \u2018Snowden\u2019\u201d.<\/em><\/p>\n<p><em>Em seu livro, Ospina tra\u00e7a um hist\u00f3rico detalhado de como foi forjado o perfil de atua\u00e7\u00e3o do servi\u00e7o de intelig\u00eancia e espionagem, desde a atua\u00e7\u00e3o na Nicar\u00e1gua, passando pelas seguidas tentativas de desestabiliza\u00e7\u00e3o do regime cubano e interven\u00e7\u00f5es no Chile, Vietn\u00e3 e Angola. Ele explica que o processo de interfer\u00eancia em uma na\u00e7\u00e3o estrangeira, realizado pela CIA, funciona como uma \u201cgrande artimanha diplom\u00e1tica, econ\u00f4mica e propagandista\u201d.<\/em><\/p>\n<p><em>Atualmente vivendo na Fran\u00e7a, Ospina \u00e9 colaborador do Le Monde Diplomatique, autor de v\u00e1rias obras sobre o narcotr\u00e1fico e de grupos de resist\u00eancia na Am\u00e9rica Latina. Em 2009, foi proibido de entrar no espa\u00e7o a\u00e9reo norte-americano, porque se nome constava na \u201cno fly list\u201d, documento criado na \u00e9poca do governo Bush com os nomes de pessoas que representavam perigo para os EUA. O seu v\u00f4o, que ia para o M\u00e9xico, teve a rota desviada.<\/em><\/p>\n<p>&nbsp;<\/p>\n<p><strong>OM: Como voc\u00ea viu o caso \u201cSnowden\u201d? \u00c9 poss\u00edvel medir, hoje, o n\u00edvel de vigil\u00e2ncia da CIA?<\/strong><\/p>\n<p>Hernando Calvo Ospina: Eu fico feliz que essas revela\u00e7\u00f5es tenham criado certa recusa p\u00fablica, mas me surpreendi com a surpresa causada pela revela\u00e7\u00e3o. Isso n\u00e3o era um segredo, nem algo novo. Por exemplo, n\u00e3o faz muitos anos que Brasil e Fran\u00e7a foram espionados pelas ag\u00eancias de seguran\u00e7as estadunidenses durante a negocia\u00e7\u00e3o de um grande contrato comercial. Suas empresas procuraram saber os detalhes dos pr\u00e9-acordos, mas tamb\u00e9m reconheceram que as francesas estavam distribuindo dinheiro por de baixo da mesa para que fossem selecionadas. Alguns anos atr\u00e1s, a seguran\u00e7a francesa teve que reconhecer que o helic\u00f3ptero do presidente Chirac tenha microfones, e que suas conversas eram escutadas em uma poderosa embaixada aliada.<\/p>\n<p>No final dos anos setenta houve a den\u00fancia de que os Estados Unidos tinham uma imensa rede de espionagem mundial, denominada Echelon, para interceptar e analisar as comunica\u00e7\u00f5es eletr\u00f4nicas. De Echelon tamb\u00e9m participam a Gr\u00e3 Bretanha, Austr\u00e1lia, Canad\u00e1 e Nova Zel\u00e2ndia, ainda que os Estados Unidos decidam o que compartilhar com seus s\u00f3cios. \u00c9 uma rede de espionagem bastante aperfei\u00e7oada. Embora a Uni\u00e3o Europeia tenha investigado e protestado, nada mudou. Pelo contr\u00e1rio, as revela\u00e7\u00f5es de Snowden, que talvez tenham incomodado as na\u00e7\u00f5es aliadas de Washington, principalmente europeias, revelam que essa espionagem n\u00e3o teve limites. E que a espionagem econ\u00f4mica est\u00e1 entre o priorit\u00e1rio. Agora, essa mesma espionagem eletr\u00f4nica n\u00e3o \u00e9 t\u00e3o efetiva na chamada \u201cguerra ao terrorismo\u201d. A pr\u00f3pria CIA teve que reconhec\u00ea-lo ante ao Senado faz poucas semanas.<\/p>\n<p><strong>OM: A presidente do Brasil, Dilma Rousseff, disse em um discurso na ONU que a a\u00e7\u00e3o viola os direitos humanos e liberdades civis. Obama respondeu que vai estudar novas formas de conseguir informa\u00e7\u00f5es. Como voc\u00ea v\u00ea este evento? Considere-se que os EUA deixariam de espionar outros pa\u00edses? Existe a possibilidade de uma mudan\u00e7a?<\/strong><\/p>\n<p>Obama nunca disse, e nem dir\u00e1, que a espionagem vai parar. Ele vai cuidar para que n\u00e3o ocorram mais vazamentos de informa\u00e7\u00f5es ou outro \u2018Snowden\u2019. Mas, qualquer dia desses, v\u00e3o surgir outros para nos contar o que j\u00e1 imaginamos ou sab\u00edamos. E, por alguns dias, a m\u00eddia vai se dizer consternada, enquanto alguns governos, cumprindo um formalismo, v\u00e3o protestar novamente, come\u00e7ando pelos europeus. \u00c9 que, at\u00e9 agora, n\u00e3o h\u00e1 nada a fazer, porque Washington tem o poder de agir como quiser e quando for conveniente aos seus interesses, para eles \u00e9 tudo o que importa. O respeito \u00e0 soberania de outras na\u00e7\u00f5es s\u00f3 \u00e9 interessante quando produz lucros para eles.<\/p>\n<p><strong>OM: Como se define o t\u00e9rmino do \u201cterrorismo de estado\u201d? Qual \u00e9 a diferen\u00e7a do terrorismo praticado pela CIA do terror produzido pelos chamados \u201cpa\u00edses inimigos\u201d? <\/strong><\/p>\n<p>Quando as institui\u00e7\u00f5es de uma na\u00e7\u00e3o funcionam em conjunto, inclu\u00edda a Justi\u00e7a, para reprimir ao &#8221;inimigo interno&#8221;, ou seja, a oposi\u00e7\u00e3o pol\u00edtica, ele \u00e9 o terrorismo de Estado. Normalmente s\u00e3o as ditaduras que o praticam, mas existem estados considerados como democr\u00e1ticos que podem ser piores, como \u00e9 o caso do colombiano. Tamb\u00e9m existe o terrorismo &#8221;oficial&#8221; quando um estado se cr\u00ea com o direito de assassinar inocentes em outras na\u00e7\u00f5es, seja em opera\u00e7\u00f5es chamadas de &#8221;seletivas&#8221;, seja por meio de invas\u00f5es denominadas &#8221;humanit\u00e1rias&#8221;.<\/p>\n<p>Estados Unidos, Israel, Fran\u00e7a e Gr\u00e3 Bretanha as t\u00eam feito muito regularmente. Em um caso e outro quase sempre se faz pouco do pretexto de salvar e impor a democracia. Certamente muitas a\u00e7\u00f5es realizadas e promovidas pela CIA estadunidense, o Mossad israelense e outros servi\u00e7os de repress\u00e3o estatais t\u00eam produzido mais mortes e terror entre a popula\u00e7\u00e3o civil inocente que muitas ditaduras e organiza\u00e7\u00f5es denominadas terroristas.<\/p>\n<p><strong>OM: Foi dif\u00edcil reunir todas as provas e documentos para o seu livro? \u00c9 a informa\u00e7\u00e3o seria suficiente para condenar os ex-membros e at\u00e9 mesmo os Estados Unidos?<\/strong><\/p>\n<p>A CIA e outras 15 ag\u00eancias de seguran\u00e7a norte-americanas n\u00e3o s\u00e3o apenas uma amea\u00e7a para a soberania de outras na\u00e7\u00f5es, mas um perigo para a paz mundial e para o futuro do planeta. E eles o s\u00e3o assim porque respondem aos interesses de uma regra proposta para pegar todos os recursos estrat\u00e9gicos do mundo. Eles fazem parte de um ex\u00e9rcito de conquista que chantageia, subjuga, mata e aterroriza.<\/p>\n<p>As informa\u00e7\u00f5es sobre a CIA est\u00e3o a\u00ed, na internet, em livros, em muitos documentos preparados pelos seus pr\u00f3prios especialistas. S\u00f3 procurar, investigar um pouco. Eles sentem com tanto poder que n\u00e3o se importa de mostrar muito do que eles t\u00eam feito.<\/p>\n<p>Agora, o meu livro cont\u00e9m apenas uma gota de informa\u00e7\u00e3o. Ainda assim, h\u00e1 base para iniciar o julgamento de todos os que eu menciono, come\u00e7ando com os presidentes dos Estados Unidos. Porque, como eu disse, a partir de Eisenhower, todos os presidentes do pa\u00eds t\u00eam sido verdadeiros criminosos e terroristas, com a particularidade de ir \u00e0 missa antes de requisitar tropas matar pessoas inocentes e saques. Sob o pretexto de salvar a democracia, a sociedade ocidental e o cristianismo.<\/p>\n<p><strong>OM: Dos exemplos de interfer\u00eancias e abusos feitos pela CIA, quais mais lhe causaram surpresa ou o deixou mais chocado? Por qu\u00ea?<\/strong><\/p>\n<p>O que eu tenho conhecido da CIA e outras ag\u00eancias de seguran\u00e7a tem me irritado como um ser humano. Mas o que me surpreende \u00e9 que, quando elas iniciam suas campanhas de intoxica\u00e7\u00e3o da m\u00eddia, abrindo o caminho para derrubar o governo ou realizar outras atividades criminosas, muitos intelectuais e l\u00edderes pol\u00edticos de esquerda acabam acreditando nessas informa\u00e7\u00f5es. Ent\u00e3o, muito poucos deles percebem que, quando fazem discursos grandiloquentes sobre a manipula\u00e7\u00e3o da m\u00eddia, como quando o\u00a0<em>New York Times<\/em>,\u00a0<em>O Globo<\/em>, do Brasil, ou\u00a0<em>El Pa\u00eds<\/em>, da Espanha, come\u00e7am a reproduzir com campanhas vindas do Pent\u00e1gono ou a CIA, eles come\u00e7am repeti-los ou duvidar de suas pr\u00f3prias an\u00e1lises.<\/p>\n<p>Ent\u00e3o, para mim, os resultados mais dram\u00e1ticos da CIA e outras ag\u00eancias secretas de repress\u00e3o n\u00e3o \u00e9 espionagem ou a\u00e7\u00e3o militar: \u00e9 a capacidade de manipular a realidade. Para manipular e fazer-nos crer que estamos errados e n\u00f3s que somos os maus.<\/p>\n<p>Publicado pelo Opera Mundi<\/p>\n<p>&nbsp;<\/p>\n","protected":false},"excerpt":{"rendered":"<p>Entrevista com Hernando Calvo Ospina, autor de \u201cEl equipo de choque de la CIA\u201d, realizada por Paulo Pastor Monteiro do Opera Mundi. As revela\u00e7\u00f5es de que os EUA espionaram pa\u00edses aliados e empresas estrangeiras, incluindo conversas da presidente Dilma Rousseff,&hellip;<\/p>\n","protected":false},"author":1033,"featured_media":74260,"comment_status":"closed","ping_status":"open","sticky":false,"template":"","format":"standard","meta":{"footnotes":""},"categories":[116,159,42,111],"tags":[7403,5576,5915,7402],"class_list":["post-74258","post","type-post","status-publish","format-standard","has-post-thumbnail","hentry","category-direitos-humanos","category-entrevista-pt-pt","category-internacional-2","category-politica-pt-pt","tag-cie-e-terrorismo-de-estado","tag-edward-snowden-pt-pt","tag-espionagem-eua","tag-hernando-calvo-ospina-pt-pt"],"yoast_head":"<!-- This site is optimized with the Yoast SEO plugin v27.1.1 - https:\/\/yoast.com\/product\/yoast-seo-wordpress\/ -->\n<title>EUA n\u00e3o v\u00e3o deixar de espionar, v\u00e3o tentar evitar outro \u2018Snowden\u2019, diz autor de livro sobre CIA<\/title>\n<meta name=\"description\" content=\"Entrevista com Hernando Calvo Ospina, autor de \u201cEl equipo de choque de la CIA\u201d, realizada por Paulo Pastor Monteiro do Opera Mundi. As revela\u00e7\u00f5es de que\" \/>\n<meta name=\"robots\" content=\"index, follow, max-snippet:-1, max-image-preview:large, max-video-preview:-1\" \/>\n<link rel=\"canonical\" href=\"https:\/\/www.pressenza.com\/pt-pt\/2013\/10\/eua-nao-vao-deixar-espionar-vao-tentar-evitar-snowden-diz-autor-livro-cia\/\" \/>\n<meta property=\"og:locale\" content=\"pt_PT\" \/>\n<meta property=\"og:type\" content=\"article\" \/>\n<meta property=\"og:title\" content=\"EUA n\u00e3o v\u00e3o deixar de espionar, v\u00e3o tentar evitar outro \u2018Snowden\u2019, diz autor de livro sobre CIA\" \/>\n<meta property=\"og:description\" content=\"Entrevista com Hernando Calvo Ospina, autor de \u201cEl equipo de choque de la CIA\u201d, realizada por Paulo Pastor Monteiro do Opera Mundi. As revela\u00e7\u00f5es de que\" \/>\n<meta property=\"og:url\" content=\"https:\/\/www.pressenza.com\/pt-pt\/2013\/10\/eua-nao-vao-deixar-espionar-vao-tentar-evitar-snowden-diz-autor-livro-cia\/\" \/>\n<meta property=\"og:site_name\" content=\"Pressenza\" \/>\n<meta property=\"article:publisher\" content=\"https:\/\/www.facebook.com\/PressenzaItalia\" \/>\n<meta property=\"article:author\" content=\"https:\/\/www.facebook.com\/hernando.calvoospina\" \/>\n<meta property=\"article:published_time\" content=\"2013-10-26T02:28:28+00:00\" \/>\n<meta property=\"article:modified_time\" content=\"2013-10-26T02:30:03+00:00\" \/>\n<meta property=\"og:image\" content=\"https:\/\/www.pressenza.com\/wp-content\/uploads\/2013\/10\/hernando-calvo-ospina_400_267_s_c1.jpg\" \/>\n\t<meta property=\"og:image:width\" content=\"400\" \/>\n\t<meta property=\"og:image:height\" content=\"267\" \/>\n\t<meta property=\"og:image:type\" content=\"image\/jpeg\" \/>\n<meta name=\"author\" content=\"Hernando Calvo Ospina\" \/>\n<meta name=\"twitter:card\" content=\"summary_large_image\" \/>\n<meta name=\"twitter:creator\" content=\"@hcalvoospina\" \/>\n<meta name=\"twitter:site\" content=\"@PressenzaIPA\" \/>\n<meta name=\"twitter:label1\" content=\"Escrito por\" \/>\n\t<meta name=\"twitter:data1\" content=\"Hernando Calvo Ospina\" \/>\n\t<meta name=\"twitter:label2\" content=\"Tempo estimado de leitura\" \/>\n\t<meta name=\"twitter:data2\" content=\"7 minutos\" \/>\n<script type=\"application\/ld+json\" class=\"yoast-schema-graph\">{\"@context\":\"https:\/\/schema.org\",\"@graph\":[{\"@type\":\"Article\",\"@id\":\"https:\/\/www.pressenza.com\/pt-pt\/2013\/10\/eua-nao-vao-deixar-espionar-vao-tentar-evitar-snowden-diz-autor-livro-cia\/#article\",\"isPartOf\":{\"@id\":\"https:\/\/www.pressenza.com\/pt-pt\/2013\/10\/eua-nao-vao-deixar-espionar-vao-tentar-evitar-snowden-diz-autor-livro-cia\/\"},\"author\":{\"name\":\"Hernando Calvo Ospina\",\"@id\":\"https:\/\/www.pressenza.com\/pt-pt\/#\/schema\/person\/049f6d743e1f54ba07e52ee6c4046f75\"},\"headline\":\"EUA n\u00e3o v\u00e3o deixar de espionar, v\u00e3o tentar evitar outro \u2018Snowden\u2019, diz autor de livro sobre CIA\",\"datePublished\":\"2013-10-26T02:28:28+00:00\",\"dateModified\":\"2013-10-26T02:30:03+00:00\",\"mainEntityOfPage\":{\"@id\":\"https:\/\/www.pressenza.com\/pt-pt\/2013\/10\/eua-nao-vao-deixar-espionar-vao-tentar-evitar-snowden-diz-autor-livro-cia\/\"},\"wordCount\":1438,\"publisher\":{\"@id\":\"https:\/\/www.pressenza.com\/pt-pt\/#organization\"},\"image\":{\"@id\":\"https:\/\/www.pressenza.com\/pt-pt\/2013\/10\/eua-nao-vao-deixar-espionar-vao-tentar-evitar-snowden-diz-autor-livro-cia\/#primaryimage\"},\"thumbnailUrl\":\"https:\/\/www.pressenza.com\/wp-content\/uploads\/2013\/10\/hernando-calvo-ospina_400_267_s_c1.jpg\",\"keywords\":[\"cie e terrorismo de estado\",\"Edward Snowden\",\"espionagem eua\",\"hernando calvo ospina\"],\"articleSection\":[\"Direitos Humanos\",\"Entrevista\",\"Internacional\",\"Pol\u00edtica\"],\"inLanguage\":\"pt-PT\"},{\"@type\":\"WebPage\",\"@id\":\"https:\/\/www.pressenza.com\/pt-pt\/2013\/10\/eua-nao-vao-deixar-espionar-vao-tentar-evitar-snowden-diz-autor-livro-cia\/\",\"url\":\"https:\/\/www.pressenza.com\/pt-pt\/2013\/10\/eua-nao-vao-deixar-espionar-vao-tentar-evitar-snowden-diz-autor-livro-cia\/\",\"name\":\"EUA n\u00e3o v\u00e3o deixar de espionar, v\u00e3o tentar evitar outro \u2018Snowden\u2019, diz autor de livro sobre CIA\",\"isPartOf\":{\"@id\":\"https:\/\/www.pressenza.com\/pt-pt\/#website\"},\"primaryImageOfPage\":{\"@id\":\"https:\/\/www.pressenza.com\/pt-pt\/2013\/10\/eua-nao-vao-deixar-espionar-vao-tentar-evitar-snowden-diz-autor-livro-cia\/#primaryimage\"},\"image\":{\"@id\":\"https:\/\/www.pressenza.com\/pt-pt\/2013\/10\/eua-nao-vao-deixar-espionar-vao-tentar-evitar-snowden-diz-autor-livro-cia\/#primaryimage\"},\"thumbnailUrl\":\"https:\/\/www.pressenza.com\/wp-content\/uploads\/2013\/10\/hernando-calvo-ospina_400_267_s_c1.jpg\",\"datePublished\":\"2013-10-26T02:28:28+00:00\",\"dateModified\":\"2013-10-26T02:30:03+00:00\",\"description\":\"Entrevista com Hernando Calvo Ospina, autor de \u201cEl equipo de choque de la CIA\u201d, realizada por Paulo Pastor Monteiro do Opera Mundi. As revela\u00e7\u00f5es de que\",\"breadcrumb\":{\"@id\":\"https:\/\/www.pressenza.com\/pt-pt\/2013\/10\/eua-nao-vao-deixar-espionar-vao-tentar-evitar-snowden-diz-autor-livro-cia\/#breadcrumb\"},\"inLanguage\":\"pt-PT\",\"potentialAction\":[{\"@type\":\"ReadAction\",\"target\":[\"https:\/\/www.pressenza.com\/pt-pt\/2013\/10\/eua-nao-vao-deixar-espionar-vao-tentar-evitar-snowden-diz-autor-livro-cia\/\"]}]},{\"@type\":\"ImageObject\",\"inLanguage\":\"pt-PT\",\"@id\":\"https:\/\/www.pressenza.com\/pt-pt\/2013\/10\/eua-nao-vao-deixar-espionar-vao-tentar-evitar-snowden-diz-autor-livro-cia\/#primaryimage\",\"url\":\"https:\/\/www.pressenza.com\/wp-content\/uploads\/2013\/10\/hernando-calvo-ospina_400_267_s_c1.jpg\",\"contentUrl\":\"https:\/\/www.pressenza.com\/wp-content\/uploads\/2013\/10\/hernando-calvo-ospina_400_267_s_c1.jpg\",\"width\":400,\"height\":267},{\"@type\":\"BreadcrumbList\",\"@id\":\"https:\/\/www.pressenza.com\/pt-pt\/2013\/10\/eua-nao-vao-deixar-espionar-vao-tentar-evitar-snowden-diz-autor-livro-cia\/#breadcrumb\",\"itemListElement\":[{\"@type\":\"ListItem\",\"position\":1,\"name\":\"Accueil\",\"item\":\"https:\/\/www.pressenza.com\/pt-pt\/\"},{\"@type\":\"ListItem\",\"position\":2,\"name\":\"EUA n\u00e3o v\u00e3o deixar de espionar, v\u00e3o tentar evitar outro \u2018Snowden\u2019, diz autor de livro sobre CIA\"}]},{\"@type\":\"WebSite\",\"@id\":\"https:\/\/www.pressenza.com\/pt-pt\/#website\",\"url\":\"https:\/\/www.pressenza.com\/pt-pt\/\",\"name\":\"Pressenza\",\"description\":\"International Press Agency\",\"publisher\":{\"@id\":\"https:\/\/www.pressenza.com\/pt-pt\/#organization\"},\"potentialAction\":[{\"@type\":\"SearchAction\",\"target\":{\"@type\":\"EntryPoint\",\"urlTemplate\":\"https:\/\/www.pressenza.com\/pt-pt\/?s={search_term_string}\"},\"query-input\":{\"@type\":\"PropertyValueSpecification\",\"valueRequired\":true,\"valueName\":\"search_term_string\"}}],\"inLanguage\":\"pt-PT\"},{\"@type\":\"Organization\",\"@id\":\"https:\/\/www.pressenza.com\/pt-pt\/#organization\",\"name\":\"Pressenza\",\"url\":\"https:\/\/www.pressenza.com\/pt-pt\/\",\"logo\":{\"@type\":\"ImageObject\",\"inLanguage\":\"pt-PT\",\"@id\":\"https:\/\/www.pressenza.com\/pt-pt\/#\/schema\/logo\/image\/\",\"url\":\"https:\/\/www.pressenza.com\/wp-content\/uploads\/2022\/10\/pressenza_logo_200x200.jpg\",\"contentUrl\":\"https:\/\/www.pressenza.com\/wp-content\/uploads\/2022\/10\/pressenza_logo_200x200.jpg\",\"width\":200,\"height\":200,\"caption\":\"Pressenza\"},\"image\":{\"@id\":\"https:\/\/www.pressenza.com\/pt-pt\/#\/schema\/logo\/image\/\"},\"sameAs\":[\"https:\/\/www.facebook.com\/PressenzaItalia\",\"https:\/\/x.com\/PressenzaIPA\"]},{\"@type\":\"Person\",\"@id\":\"https:\/\/www.pressenza.com\/pt-pt\/#\/schema\/person\/049f6d743e1f54ba07e52ee6c4046f75\",\"name\":\"Hernando Calvo Ospina\",\"description\":\"Hernando Calvo Ospina est n\u00e9 \u00e0 Cali, en Colombie. Journaliste, \u00e9crivain et r\u00e9alisateur de documentaires, il r\u00e9side actuellement en France. Auteur de plusieurs livres, tous traduits dans une dizaine de langues, il est aussi collaborateur du mensuel fran\u00e7ais Le Monde diplomatique, et r\u00e9alise des documentaires, notamment pour la BBC (Grande-Bretagne), ARTE (France\/Allemagne), et ADR (Allemagne), entre autres. En 2005, il a \u00e9t\u00e9 nomm\u00e9 au Prix Lorenzo Natali pour le Journalisme de la Commission europ\u00e9enne. http:\/\/www.hcalvospina.com\",\"sameAs\":[\"https:\/\/www.facebook.com\/hernando.calvoospina\",\"https:\/\/x.com\/hcalvoospina\"],\"url\":\"https:\/\/www.pressenza.com\/pt-pt\/author\/hernando-calvo-ospina\/\"}]}<\/script>\n<!-- \/ Yoast SEO plugin. -->","yoast_head_json":{"title":"EUA n\u00e3o v\u00e3o deixar de espionar, v\u00e3o tentar evitar outro \u2018Snowden\u2019, diz autor de livro sobre CIA","description":"Entrevista com Hernando Calvo Ospina, autor de \u201cEl equipo de choque de la CIA\u201d, realizada por Paulo Pastor Monteiro do Opera Mundi. As revela\u00e7\u00f5es de que","robots":{"index":"index","follow":"follow","max-snippet":"max-snippet:-1","max-image-preview":"max-image-preview:large","max-video-preview":"max-video-preview:-1"},"canonical":"https:\/\/www.pressenza.com\/pt-pt\/2013\/10\/eua-nao-vao-deixar-espionar-vao-tentar-evitar-snowden-diz-autor-livro-cia\/","og_locale":"pt_PT","og_type":"article","og_title":"EUA n\u00e3o v\u00e3o deixar de espionar, v\u00e3o tentar evitar outro \u2018Snowden\u2019, diz autor de livro sobre CIA","og_description":"Entrevista com Hernando Calvo Ospina, autor de \u201cEl equipo de choque de la CIA\u201d, realizada por Paulo Pastor Monteiro do Opera Mundi. As revela\u00e7\u00f5es de que","og_url":"https:\/\/www.pressenza.com\/pt-pt\/2013\/10\/eua-nao-vao-deixar-espionar-vao-tentar-evitar-snowden-diz-autor-livro-cia\/","og_site_name":"Pressenza","article_publisher":"https:\/\/www.facebook.com\/PressenzaItalia","article_author":"https:\/\/www.facebook.com\/hernando.calvoospina","article_published_time":"2013-10-26T02:28:28+00:00","article_modified_time":"2013-10-26T02:30:03+00:00","og_image":[{"width":400,"height":267,"url":"https:\/\/www.pressenza.com\/wp-content\/uploads\/2013\/10\/hernando-calvo-ospina_400_267_s_c1.jpg","type":"image\/jpeg"}],"author":"Hernando Calvo Ospina","twitter_card":"summary_large_image","twitter_creator":"@hcalvoospina","twitter_site":"@PressenzaIPA","twitter_misc":{"Escrito por":"Hernando Calvo Ospina","Tempo estimado de leitura":"7 minutos"},"schema":{"@context":"https:\/\/schema.org","@graph":[{"@type":"Article","@id":"https:\/\/www.pressenza.com\/pt-pt\/2013\/10\/eua-nao-vao-deixar-espionar-vao-tentar-evitar-snowden-diz-autor-livro-cia\/#article","isPartOf":{"@id":"https:\/\/www.pressenza.com\/pt-pt\/2013\/10\/eua-nao-vao-deixar-espionar-vao-tentar-evitar-snowden-diz-autor-livro-cia\/"},"author":{"name":"Hernando Calvo Ospina","@id":"https:\/\/www.pressenza.com\/pt-pt\/#\/schema\/person\/049f6d743e1f54ba07e52ee6c4046f75"},"headline":"EUA n\u00e3o v\u00e3o deixar de espionar, v\u00e3o tentar evitar outro \u2018Snowden\u2019, diz autor de livro sobre CIA","datePublished":"2013-10-26T02:28:28+00:00","dateModified":"2013-10-26T02:30:03+00:00","mainEntityOfPage":{"@id":"https:\/\/www.pressenza.com\/pt-pt\/2013\/10\/eua-nao-vao-deixar-espionar-vao-tentar-evitar-snowden-diz-autor-livro-cia\/"},"wordCount":1438,"publisher":{"@id":"https:\/\/www.pressenza.com\/pt-pt\/#organization"},"image":{"@id":"https:\/\/www.pressenza.com\/pt-pt\/2013\/10\/eua-nao-vao-deixar-espionar-vao-tentar-evitar-snowden-diz-autor-livro-cia\/#primaryimage"},"thumbnailUrl":"https:\/\/www.pressenza.com\/wp-content\/uploads\/2013\/10\/hernando-calvo-ospina_400_267_s_c1.jpg","keywords":["cie e terrorismo de estado","Edward Snowden","espionagem eua","hernando calvo ospina"],"articleSection":["Direitos Humanos","Entrevista","Internacional","Pol\u00edtica"],"inLanguage":"pt-PT"},{"@type":"WebPage","@id":"https:\/\/www.pressenza.com\/pt-pt\/2013\/10\/eua-nao-vao-deixar-espionar-vao-tentar-evitar-snowden-diz-autor-livro-cia\/","url":"https:\/\/www.pressenza.com\/pt-pt\/2013\/10\/eua-nao-vao-deixar-espionar-vao-tentar-evitar-snowden-diz-autor-livro-cia\/","name":"EUA n\u00e3o v\u00e3o deixar de espionar, v\u00e3o tentar evitar outro \u2018Snowden\u2019, diz autor de livro sobre CIA","isPartOf":{"@id":"https:\/\/www.pressenza.com\/pt-pt\/#website"},"primaryImageOfPage":{"@id":"https:\/\/www.pressenza.com\/pt-pt\/2013\/10\/eua-nao-vao-deixar-espionar-vao-tentar-evitar-snowden-diz-autor-livro-cia\/#primaryimage"},"image":{"@id":"https:\/\/www.pressenza.com\/pt-pt\/2013\/10\/eua-nao-vao-deixar-espionar-vao-tentar-evitar-snowden-diz-autor-livro-cia\/#primaryimage"},"thumbnailUrl":"https:\/\/www.pressenza.com\/wp-content\/uploads\/2013\/10\/hernando-calvo-ospina_400_267_s_c1.jpg","datePublished":"2013-10-26T02:28:28+00:00","dateModified":"2013-10-26T02:30:03+00:00","description":"Entrevista com Hernando Calvo Ospina, autor de \u201cEl equipo de choque de la CIA\u201d, realizada por Paulo Pastor Monteiro do Opera Mundi. As revela\u00e7\u00f5es de que","breadcrumb":{"@id":"https:\/\/www.pressenza.com\/pt-pt\/2013\/10\/eua-nao-vao-deixar-espionar-vao-tentar-evitar-snowden-diz-autor-livro-cia\/#breadcrumb"},"inLanguage":"pt-PT","potentialAction":[{"@type":"ReadAction","target":["https:\/\/www.pressenza.com\/pt-pt\/2013\/10\/eua-nao-vao-deixar-espionar-vao-tentar-evitar-snowden-diz-autor-livro-cia\/"]}]},{"@type":"ImageObject","inLanguage":"pt-PT","@id":"https:\/\/www.pressenza.com\/pt-pt\/2013\/10\/eua-nao-vao-deixar-espionar-vao-tentar-evitar-snowden-diz-autor-livro-cia\/#primaryimage","url":"https:\/\/www.pressenza.com\/wp-content\/uploads\/2013\/10\/hernando-calvo-ospina_400_267_s_c1.jpg","contentUrl":"https:\/\/www.pressenza.com\/wp-content\/uploads\/2013\/10\/hernando-calvo-ospina_400_267_s_c1.jpg","width":400,"height":267},{"@type":"BreadcrumbList","@id":"https:\/\/www.pressenza.com\/pt-pt\/2013\/10\/eua-nao-vao-deixar-espionar-vao-tentar-evitar-snowden-diz-autor-livro-cia\/#breadcrumb","itemListElement":[{"@type":"ListItem","position":1,"name":"Accueil","item":"https:\/\/www.pressenza.com\/pt-pt\/"},{"@type":"ListItem","position":2,"name":"EUA n\u00e3o v\u00e3o deixar de espionar, v\u00e3o tentar evitar outro \u2018Snowden\u2019, diz autor de livro sobre CIA"}]},{"@type":"WebSite","@id":"https:\/\/www.pressenza.com\/pt-pt\/#website","url":"https:\/\/www.pressenza.com\/pt-pt\/","name":"Pressenza","description":"International Press Agency","publisher":{"@id":"https:\/\/www.pressenza.com\/pt-pt\/#organization"},"potentialAction":[{"@type":"SearchAction","target":{"@type":"EntryPoint","urlTemplate":"https:\/\/www.pressenza.com\/pt-pt\/?s={search_term_string}"},"query-input":{"@type":"PropertyValueSpecification","valueRequired":true,"valueName":"search_term_string"}}],"inLanguage":"pt-PT"},{"@type":"Organization","@id":"https:\/\/www.pressenza.com\/pt-pt\/#organization","name":"Pressenza","url":"https:\/\/www.pressenza.com\/pt-pt\/","logo":{"@type":"ImageObject","inLanguage":"pt-PT","@id":"https:\/\/www.pressenza.com\/pt-pt\/#\/schema\/logo\/image\/","url":"https:\/\/www.pressenza.com\/wp-content\/uploads\/2022\/10\/pressenza_logo_200x200.jpg","contentUrl":"https:\/\/www.pressenza.com\/wp-content\/uploads\/2022\/10\/pressenza_logo_200x200.jpg","width":200,"height":200,"caption":"Pressenza"},"image":{"@id":"https:\/\/www.pressenza.com\/pt-pt\/#\/schema\/logo\/image\/"},"sameAs":["https:\/\/www.facebook.com\/PressenzaItalia","https:\/\/x.com\/PressenzaIPA"]},{"@type":"Person","@id":"https:\/\/www.pressenza.com\/pt-pt\/#\/schema\/person\/049f6d743e1f54ba07e52ee6c4046f75","name":"Hernando Calvo Ospina","description":"Hernando Calvo Ospina est n\u00e9 \u00e0 Cali, en Colombie. Journaliste, \u00e9crivain et r\u00e9alisateur de documentaires, il r\u00e9side actuellement en France. Auteur de plusieurs livres, tous traduits dans une dizaine de langues, il est aussi collaborateur du mensuel fran\u00e7ais Le Monde diplomatique, et r\u00e9alise des documentaires, notamment pour la BBC (Grande-Bretagne), ARTE (France\/Allemagne), et ADR (Allemagne), entre autres. En 2005, il a \u00e9t\u00e9 nomm\u00e9 au Prix Lorenzo Natali pour le Journalisme de la Commission europ\u00e9enne. http:\/\/www.hcalvospina.com","sameAs":["https:\/\/www.facebook.com\/hernando.calvoospina","https:\/\/x.com\/hcalvoospina"],"url":"https:\/\/www.pressenza.com\/pt-pt\/author\/hernando-calvo-ospina\/"}]}},"place":"","original_article_url":"","_links":{"self":[{"href":"https:\/\/www.pressenza.com\/pt-pt\/wp-json\/wp\/v2\/posts\/74258","targetHints":{"allow":["GET"]}}],"collection":[{"href":"https:\/\/www.pressenza.com\/pt-pt\/wp-json\/wp\/v2\/posts"}],"about":[{"href":"https:\/\/www.pressenza.com\/pt-pt\/wp-json\/wp\/v2\/types\/post"}],"author":[{"embeddable":true,"href":"https:\/\/www.pressenza.com\/pt-pt\/wp-json\/wp\/v2\/users\/1033"}],"replies":[{"embeddable":true,"href":"https:\/\/www.pressenza.com\/pt-pt\/wp-json\/wp\/v2\/comments?post=74258"}],"version-history":[{"count":0,"href":"https:\/\/www.pressenza.com\/pt-pt\/wp-json\/wp\/v2\/posts\/74258\/revisions"}],"wp:featuredmedia":[{"embeddable":true,"href":"https:\/\/www.pressenza.com\/pt-pt\/wp-json\/wp\/v2\/media\/74260"}],"wp:attachment":[{"href":"https:\/\/www.pressenza.com\/pt-pt\/wp-json\/wp\/v2\/media?parent=74258"}],"wp:term":[{"taxonomy":"category","embeddable":true,"href":"https:\/\/www.pressenza.com\/pt-pt\/wp-json\/wp\/v2\/categories?post=74258"},{"taxonomy":"post_tag","embeddable":true,"href":"https:\/\/www.pressenza.com\/pt-pt\/wp-json\/wp\/v2\/tags?post=74258"}],"curies":[{"name":"wp","href":"https:\/\/api.w.org\/{rel}","templated":true}]}}